{"id":257,"date":"2012-08-26T00:00:00","date_gmt":"2012-08-26T00:00:00","guid":{"rendered":"http:\/\/psol50.org.br\/arquivo\/2012\/08\/26\/marcelo-freixo-apoia-ato-contra-demolicao-do-autodromo-do-rio\/"},"modified":"2012-08-26T00:00:00","modified_gmt":"2012-08-26T00:00:00","slug":"marcelo-freixo-apoia-ato-contra-demolicao-do-autodromo-do-rio","status":"publish","type":"post","link":"https:\/\/psol50.org.br\/marcelo-freixo-apoia-ato-contra-demolicao-do-autodromo-do-rio\/","title":{"rendered":"Marcelo Freixo apoia ato contra demoli\u00e7\u00e3o do Aut\u00f3dromo do Rio"},"content":{"rendered":"<p>O candidato \u00e0 Prefeitura do Rio Marcelo Freixo participou, na manh\u00e3 deste s\u00e1bado (25\/8), do Ato S.O.S. Aut\u00f3dromo, que reuniu cerca de 50 pessoas contr\u00e1rias \u00e0 demoli\u00e7\u00e3o do Aut\u00f3dromo Internacional Nelson Piquet, em Jacarepagu\u00e1 (Zona Oeste). Embora os demais candidatos a prefeito tenham sido convidados para o manifesto, Marcelo foi o \u00fanico que compareceu e dialogou com os profissionais do automobilismo, entusiastas da atividade e mec\u00e2nicos que estavam presentes. Ele considerou a demoli\u00e7\u00e3o do equipamento um s\u00edmbolo do que est\u00e1 acontecendo na cidade.<\/p>\n<p>\u201cO aut\u00f3dromo tem uma hist\u00f3ria bel\u00edssima, n\u00e3o tem necessidade de destru\u00ed-lo. Sequer houve di\u00e1logo e quem sai perdendo \u00e9 o esporte em benef\u00edcio da especula\u00e7\u00e3o imobili\u00e1ria\u201d, afirmou Marcelo.<\/p>\n<p>No local do Aut\u00f3dromo de Jacarepagu\u00e1, a Prefeitura vai erguer o Parque Ol\u00edmpico Rio 2016, principal instala\u00e7\u00e3o esportiva para os jogos. Como a maior parte das constru\u00e7\u00f5es n\u00e3o ser\u00e1 permanente, ap\u00f3s o evento a \u00e1rea servir\u00e1 \u00e0 constru\u00e7\u00e3o de condom\u00ednios de luxo.<\/p>\n<p>O candidato a prefeito ainda ressaltou que o terreno escolhido para a constru\u00e7\u00e3o do novo aut\u00f3dromo, em Deodoro, \u00e9 uma \u00e1rea que abriga esp\u00e9cies remanescentes da Mata Atl\u00e2ntica e est\u00e1 situada em uma regi\u00e3o carente de reservas verdes, conforme parecer do Conselho Municipal de Meio Ambiente, assinado, em abril deste ano, pelo pr\u00f3prio vice-prefeito e secret\u00e1rio de Meio Ambiente do munic\u00edpio, Carlos Alberto Muniz.<\/p>\n<p>De acordo com os organizadores do ato, o custo para reformar o aut\u00f3dromo seria de R$ 51 milh\u00f5es, enquanto a constru\u00e7\u00e3o de um novo equipamento custaria aos cofres p\u00fablicos R$ 300 milh\u00f5es. Eles lembraram que a \u00e1rea escolhida em Deodoro tamb\u00e9m \u00e9 inadequada devido \u00e0 falta de infraestrutura e que a Prefeitura ignorou acordo judicial que previa a desativa\u00e7\u00e3o do Aut\u00f3dromo de Jacarepagu\u00e1 somente ap\u00f3s o in\u00edcio das obras do novo aut\u00f3dromo. O acordo foi assinado pela Prefeitura antes dos Jogos Pan-americanos de 2007 e renovado durante a candidatura \u00e0s Olimp\u00edadas.<\/p>\n<p>Do site\u00a0<a href=\"http:\/\/www.marcelofreixo50.com.br\/\">www.marcelofreixo50.com.br<\/a><\/p>\n<p>&nbsp;<\/p>\n","protected":false},"excerpt":{"rendered":"<p>O candidato \u00e0 Prefeitura do Rio Marcelo Freixo participou, na manh\u00e3 deste s\u00e1bado (25\/8), do Ato S.O.S. Aut\u00f3dromo, que reuniu cerca de 50 pessoas contr\u00e1rias \u00e0 demoli\u00e7\u00e3o do Aut\u00f3dromo Internacional Nelson Piquet, em Jacarepagu\u00e1 (Zona Oeste). Embora os demais candidatos a prefeito tenham sido convidados para o manifesto, Marcelo foi o \u00fanico que compareceu e [&hellip;]<\/p>\n","protected":false},"author":2,"featured_media":0,"comment_status":"open","ping_status":"open","sticky":false,"template":"","format":"standard","meta":{"_acf_changed":false,"footnotes":""},"categories":[4766],"tags":[],"class_list":{"0":"post-257","1":"post","2":"type-post","3":"status-publish","4":"format-standard","6":"category-arquivo"},"acf":[],"yoast_head":"<!-- This site is optimized with the Yoast SEO plugin v26.5 - https:\/\/yoast.com\/wordpress\/plugins\/seo\/ -->\n<title>Marcelo Freixo apoia ato contra demoli\u00e7\u00e3o do Aut\u00f3dromo do Rio - PSOL 50<\/title>\n<meta name=\"robots\" content=\"index, follow, max-snippet:-1, max-image-preview:large, max-video-preview:-1\" \/>\n<link rel=\"canonical\" href=\"https:\/\/psol50.org.br\/marcelo-freixo-apoia-ato-contra-demolicao-do-autodromo-do-rio\/\" \/>\n<meta property=\"og:locale\" content=\"pt_BR\" \/>\n<meta property=\"og:type\" content=\"article\" \/>\n<meta property=\"og:title\" content=\"Marcelo Freixo apoia ato contra demoli\u00e7\u00e3o do Aut\u00f3dromo do Rio - PSOL 50\" \/>\n<meta property=\"og:description\" content=\"O candidato \u00e0 Prefeitura do Rio Marcelo Freixo participou, na manh\u00e3 deste s\u00e1bado (25\/8), do Ato S.O.S. Aut\u00f3dromo, que reuniu cerca de 50 pessoas contr\u00e1rias \u00e0 demoli\u00e7\u00e3o do Aut\u00f3dromo Internacional Nelson Piquet, em Jacarepagu\u00e1 (Zona Oeste). Embora os demais candidatos a prefeito tenham sido convidados para o manifesto, Marcelo foi o \u00fanico que compareceu e [&hellip;]\" \/>\n<meta property=\"og:url\" content=\"https:\/\/psol50.org.br\/marcelo-freixo-apoia-ato-contra-demolicao-do-autodromo-do-rio\/\" \/>\n<meta property=\"og:site_name\" content=\"PSOL 50\" \/>\n<meta property=\"article:publisher\" content=\"https:\/\/www.facebook.com\/psol50\" \/>\n<meta property=\"article:published_time\" content=\"2012-08-26T00:00:00+00:00\" \/>\n<meta property=\"og:image\" content=\"https:\/\/psol50.org.br\/inc\/uploads\/2018\/07\/capa.png\" \/>\n\t<meta property=\"og:image:width\" content=\"1350\" \/>\n\t<meta property=\"og:image:height\" content=\"900\" \/>\n\t<meta property=\"og:image:type\" content=\"image\/png\" \/>\n<meta name=\"author\" content=\"Comunica\u00e7\u00e3o PSOL\" \/>\n<meta name=\"twitter:card\" content=\"summary_large_image\" \/>\n<meta name=\"twitter:creator\" content=\"@psol50\" \/>\n<meta name=\"twitter:site\" content=\"@psol50\" \/>\n<meta name=\"twitter:label1\" content=\"Escrito por\" \/>\n\t<meta name=\"twitter:data1\" content=\"Comunica\u00e7\u00e3o PSOL\" \/>\n\t<meta name=\"twitter:label2\" content=\"Est. tempo de leitura\" \/>\n\t<meta name=\"twitter:data2\" content=\"2 minutos\" \/>\n<script type=\"application\/ld+json\" class=\"yoast-schema-graph\">{\"@context\":\"https:\/\/schema.org\",\"@graph\":[{\"@type\":\"Article\",\"@id\":\"https:\/\/psol50.org.br\/marcelo-freixo-apoia-ato-contra-demolicao-do-autodromo-do-rio\/#article\",\"isPartOf\":{\"@id\":\"https:\/\/psol50.org.br\/marcelo-freixo-apoia-ato-contra-demolicao-do-autodromo-do-rio\/\"},\"author\":{\"name\":\"Comunica\u00e7\u00e3o PSOL\",\"@id\":\"https:\/\/psol50.org.br\/#\/schema\/person\/475dfa57d0b815993c714c2e96491fcd\"},\"headline\":\"Marcelo Freixo apoia ato contra demoli\u00e7\u00e3o do Aut\u00f3dromo do Rio\",\"datePublished\":\"2012-08-26T00:00:00+00:00\",\"mainEntityOfPage\":{\"@id\":\"https:\/\/psol50.org.br\/marcelo-freixo-apoia-ato-contra-demolicao-do-autodromo-do-rio\/\"},\"wordCount\":361,\"commentCount\":0,\"publisher\":{\"@id\":\"https:\/\/psol50.org.br\/#organization\"},\"articleSection\":[\"Arquivo\"],\"inLanguage\":\"pt-BR\",\"potentialAction\":[{\"@type\":\"CommentAction\",\"name\":\"Comment\",\"target\":[\"https:\/\/psol50.org.br\/marcelo-freixo-apoia-ato-contra-demolicao-do-autodromo-do-rio\/#respond\"]}]},{\"@type\":\"WebPage\",\"@id\":\"https:\/\/psol50.org.br\/marcelo-freixo-apoia-ato-contra-demolicao-do-autodromo-do-rio\/\",\"url\":\"https:\/\/psol50.org.br\/marcelo-freixo-apoia-ato-contra-demolicao-do-autodromo-do-rio\/\",\"name\":\"Marcelo Freixo apoia ato contra demoli\u00e7\u00e3o do Aut\u00f3dromo do Rio - PSOL 50\",\"isPartOf\":{\"@id\":\"https:\/\/psol50.org.br\/#website\"},\"datePublished\":\"2012-08-26T00:00:00+00:00\",\"breadcrumb\":{\"@id\":\"https:\/\/psol50.org.br\/marcelo-freixo-apoia-ato-contra-demolicao-do-autodromo-do-rio\/#breadcrumb\"},\"inLanguage\":\"pt-BR\",\"potentialAction\":[{\"@type\":\"ReadAction\",\"target\":[\"https:\/\/psol50.org.br\/marcelo-freixo-apoia-ato-contra-demolicao-do-autodromo-do-rio\/\"]}]},{\"@type\":\"BreadcrumbList\",\"@id\":\"https:\/\/psol50.org.br\/marcelo-freixo-apoia-ato-contra-demolicao-do-autodromo-do-rio\/#breadcrumb\",\"itemListElement\":[{\"@type\":\"ListItem\",\"position\":1,\"name\":\"In\u00edcio\",\"item\":\"https:\/\/psol50.org.br\/\"},{\"@type\":\"ListItem\",\"position\":2,\"name\":\"Marcelo Freixo apoia ato contra demoli\u00e7\u00e3o do Aut\u00f3dromo do Rio\"}]},{\"@type\":\"WebSite\",\"@id\":\"https:\/\/psol50.org.br\/#website\",\"url\":\"https:\/\/psol50.org.br\/\",\"name\":\"PSOL 50\",\"description\":\"Site oficial do Partido Socialismo e Liberdade\",\"publisher\":{\"@id\":\"https:\/\/psol50.org.br\/#organization\"},\"alternateName\":\"PSOL50\",\"potentialAction\":[{\"@type\":\"SearchAction\",\"target\":{\"@type\":\"EntryPoint\",\"urlTemplate\":\"https:\/\/psol50.org.br\/?s={search_term_string}\"},\"query-input\":{\"@type\":\"PropertyValueSpecification\",\"valueRequired\":true,\"valueName\":\"search_term_string\"}}],\"inLanguage\":\"pt-BR\"},{\"@type\":\"Organization\",\"@id\":\"https:\/\/psol50.org.br\/#organization\",\"name\":\"PSOL 50\",\"alternateName\":\"PSOL 50\",\"url\":\"https:\/\/psol50.org.br\/\",\"logo\":{\"@type\":\"ImageObject\",\"inLanguage\":\"pt-BR\",\"@id\":\"https:\/\/psol50.org.br\/#\/schema\/logo\/image\/\",\"url\":\"https:\/\/psol50.org.br\/inc\/uploads\/2018\/07\/capa.png\",\"contentUrl\":\"https:\/\/psol50.org.br\/inc\/uploads\/2018\/07\/capa.png\",\"width\":1350,\"height\":900,\"caption\":\"PSOL 50\"},\"image\":{\"@id\":\"https:\/\/psol50.org.br\/#\/schema\/logo\/image\/\"},\"sameAs\":[\"https:\/\/www.facebook.com\/psol50\",\"https:\/\/x.com\/psol50\",\"https:\/\/www.instagram.com\/psol50\/\",\"https:\/\/www.youtube.com\/channel\/UC7SnJS5o1os7a6CaiNabzcg\"]},{\"@type\":\"Person\",\"@id\":\"https:\/\/psol50.org.br\/#\/schema\/person\/475dfa57d0b815993c714c2e96491fcd\",\"name\":\"Comunica\u00e7\u00e3o PSOL\",\"image\":{\"@type\":\"ImageObject\",\"inLanguage\":\"pt-BR\",\"@id\":\"https:\/\/psol50.org.br\/#\/schema\/person\/image\/\",\"url\":\"https:\/\/secure.gravatar.com\/avatar\/b34fc4f4e468a4e51785917065a3db57b841f5c95dba6ad8c73aaf8f66f8f9bf?s=96&d=mm&r=g\",\"contentUrl\":\"https:\/\/secure.gravatar.com\/avatar\/b34fc4f4e468a4e51785917065a3db57b841f5c95dba6ad8c73aaf8f66f8f9bf?s=96&d=mm&r=g\",\"caption\":\"Comunica\u00e7\u00e3o PSOL\"}}]}<\/script>\n<!-- \/ Yoast SEO plugin. -->","yoast_head_json":{"title":"Marcelo Freixo apoia ato contra demoli\u00e7\u00e3o do Aut\u00f3dromo do Rio - PSOL 50","robots":{"index":"index","follow":"follow","max-snippet":"max-snippet:-1","max-image-preview":"max-image-preview:large","max-video-preview":"max-video-preview:-1"},"canonical":"https:\/\/psol50.org.br\/marcelo-freixo-apoia-ato-contra-demolicao-do-autodromo-do-rio\/","og_locale":"pt_BR","og_type":"article","og_title":"Marcelo Freixo apoia ato contra demoli\u00e7\u00e3o do Aut\u00f3dromo do Rio - PSOL 50","og_description":"O candidato \u00e0 Prefeitura do Rio Marcelo Freixo participou, na manh\u00e3 deste s\u00e1bado (25\/8), do Ato S.O.S. Aut\u00f3dromo, que reuniu cerca de 50 pessoas contr\u00e1rias \u00e0 demoli\u00e7\u00e3o do Aut\u00f3dromo Internacional Nelson Piquet, em Jacarepagu\u00e1 (Zona Oeste). Embora os demais candidatos a prefeito tenham sido convidados para o manifesto, Marcelo foi o \u00fanico que compareceu e [&hellip;]","og_url":"https:\/\/psol50.org.br\/marcelo-freixo-apoia-ato-contra-demolicao-do-autodromo-do-rio\/","og_site_name":"PSOL 50","article_publisher":"https:\/\/www.facebook.com\/psol50","article_published_time":"2012-08-26T00:00:00+00:00","og_image":[{"width":1350,"height":900,"url":"https:\/\/psol50.org.br\/inc\/uploads\/2018\/07\/capa.png","type":"image\/png"}],"author":"Comunica\u00e7\u00e3o PSOL","twitter_card":"summary_large_image","twitter_creator":"@psol50","twitter_site":"@psol50","twitter_misc":{"Escrito por":"Comunica\u00e7\u00e3o PSOL","Est. tempo de leitura":"2 minutos"},"schema":{"@context":"https:\/\/schema.org","@graph":[{"@type":"Article","@id":"https:\/\/psol50.org.br\/marcelo-freixo-apoia-ato-contra-demolicao-do-autodromo-do-rio\/#article","isPartOf":{"@id":"https:\/\/psol50.org.br\/marcelo-freixo-apoia-ato-contra-demolicao-do-autodromo-do-rio\/"},"author":{"name":"Comunica\u00e7\u00e3o PSOL","@id":"https:\/\/psol50.org.br\/#\/schema\/person\/475dfa57d0b815993c714c2e96491fcd"},"headline":"Marcelo Freixo apoia ato contra demoli\u00e7\u00e3o do Aut\u00f3dromo do Rio","datePublished":"2012-08-26T00:00:00+00:00","mainEntityOfPage":{"@id":"https:\/\/psol50.org.br\/marcelo-freixo-apoia-ato-contra-demolicao-do-autodromo-do-rio\/"},"wordCount":361,"commentCount":0,"publisher":{"@id":"https:\/\/psol50.org.br\/#organization"},"articleSection":["Arquivo"],"inLanguage":"pt-BR","potentialAction":[{"@type":"CommentAction","name":"Comment","target":["https:\/\/psol50.org.br\/marcelo-freixo-apoia-ato-contra-demolicao-do-autodromo-do-rio\/#respond"]}]},{"@type":"WebPage","@id":"https:\/\/psol50.org.br\/marcelo-freixo-apoia-ato-contra-demolicao-do-autodromo-do-rio\/","url":"https:\/\/psol50.org.br\/marcelo-freixo-apoia-ato-contra-demolicao-do-autodromo-do-rio\/","name":"Marcelo Freixo apoia ato contra demoli\u00e7\u00e3o do Aut\u00f3dromo do Rio - PSOL 50","isPartOf":{"@id":"https:\/\/psol50.org.br\/#website"},"datePublished":"2012-08-26T00:00:00+00:00","breadcrumb":{"@id":"https:\/\/psol50.org.br\/marcelo-freixo-apoia-ato-contra-demolicao-do-autodromo-do-rio\/#breadcrumb"},"inLanguage":"pt-BR","potentialAction":[{"@type":"ReadAction","target":["https:\/\/psol50.org.br\/marcelo-freixo-apoia-ato-contra-demolicao-do-autodromo-do-rio\/"]}]},{"@type":"BreadcrumbList","@id":"https:\/\/psol50.org.br\/marcelo-freixo-apoia-ato-contra-demolicao-do-autodromo-do-rio\/#breadcrumb","itemListElement":[{"@type":"ListItem","position":1,"name":"In\u00edcio","item":"https:\/\/psol50.org.br\/"},{"@type":"ListItem","position":2,"name":"Marcelo Freixo apoia ato contra demoli\u00e7\u00e3o do Aut\u00f3dromo do Rio"}]},{"@type":"WebSite","@id":"https:\/\/psol50.org.br\/#website","url":"https:\/\/psol50.org.br\/","name":"PSOL 50","description":"Site oficial do Partido Socialismo e Liberdade","publisher":{"@id":"https:\/\/psol50.org.br\/#organization"},"alternateName":"PSOL50","potentialAction":[{"@type":"SearchAction","target":{"@type":"EntryPoint","urlTemplate":"https:\/\/psol50.org.br\/?s={search_term_string}"},"query-input":{"@type":"PropertyValueSpecification","valueRequired":true,"valueName":"search_term_string"}}],"inLanguage":"pt-BR"},{"@type":"Organization","@id":"https:\/\/psol50.org.br\/#organization","name":"PSOL 50","alternateName":"PSOL 50","url":"https:\/\/psol50.org.br\/","logo":{"@type":"ImageObject","inLanguage":"pt-BR","@id":"https:\/\/psol50.org.br\/#\/schema\/logo\/image\/","url":"https:\/\/psol50.org.br\/inc\/uploads\/2018\/07\/capa.png","contentUrl":"https:\/\/psol50.org.br\/inc\/uploads\/2018\/07\/capa.png","width":1350,"height":900,"caption":"PSOL 50"},"image":{"@id":"https:\/\/psol50.org.br\/#\/schema\/logo\/image\/"},"sameAs":["https:\/\/www.facebook.com\/psol50","https:\/\/x.com\/psol50","https:\/\/www.instagram.com\/psol50\/","https:\/\/www.youtube.com\/channel\/UC7SnJS5o1os7a6CaiNabzcg"]},{"@type":"Person","@id":"https:\/\/psol50.org.br\/#\/schema\/person\/475dfa57d0b815993c714c2e96491fcd","name":"Comunica\u00e7\u00e3o PSOL","image":{"@type":"ImageObject","inLanguage":"pt-BR","@id":"https:\/\/psol50.org.br\/#\/schema\/person\/image\/","url":"https:\/\/secure.gravatar.com\/avatar\/b34fc4f4e468a4e51785917065a3db57b841f5c95dba6ad8c73aaf8f66f8f9bf?s=96&d=mm&r=g","contentUrl":"https:\/\/secure.gravatar.com\/avatar\/b34fc4f4e468a4e51785917065a3db57b841f5c95dba6ad8c73aaf8f66f8f9bf?s=96&d=mm&r=g","caption":"Comunica\u00e7\u00e3o PSOL"}}]}},"_links":{"self":[{"href":"https:\/\/psol50.org.br\/rest\/wp\/v2\/posts\/257","targetHints":{"allow":["GET"]}}],"collection":[{"href":"https:\/\/psol50.org.br\/rest\/wp\/v2\/posts"}],"about":[{"href":"https:\/\/psol50.org.br\/rest\/wp\/v2\/types\/post"}],"author":[{"embeddable":true,"href":"https:\/\/psol50.org.br\/rest\/wp\/v2\/users\/2"}],"replies":[{"embeddable":true,"href":"https:\/\/psol50.org.br\/rest\/wp\/v2\/comments?post=257"}],"version-history":[{"count":0,"href":"https:\/\/psol50.org.br\/rest\/wp\/v2\/posts\/257\/revisions"}],"wp:attachment":[{"href":"https:\/\/psol50.org.br\/rest\/wp\/v2\/media?parent=257"}],"wp:term":[{"taxonomy":"category","embeddable":true,"href":"https:\/\/psol50.org.br\/rest\/wp\/v2\/categories?post=257"},{"taxonomy":"post_tag","embeddable":true,"href":"https:\/\/psol50.org.br\/rest\/wp\/v2\/tags?post=257"}],"curies":[{"name":"wp","href":"https:\/\/api.w.org\/{rel}","templated":true}]}}