{"id":25702,"date":"2019-07-02T12:33:04","date_gmt":"2019-07-02T15:33:04","guid":{"rendered":"http:\/\/psol50.org.br\/?p=25702"},"modified":"2019-07-02T12:33:04","modified_gmt":"2019-07-02T15:33:04","slug":"participe-da-campanha-em-defesa-do-fundo-amazonia","status":"publish","type":"post","link":"https:\/\/psol50.org.br\/participe-da-campanha-em-defesa-do-fundo-amazonia\/","title":{"rendered":"Participe da campanha em defesa do Fundo Amaz\u00f4nia"},"content":{"rendered":"<p>Em uma das \u00e1reas mais pol\u00eamicas do governo Bolsonaro, o ministro do Meio Ambiente Ricardo Salles tem amea\u00e7ado a continua\u00e7\u00e3o do maior projeto global de financiamento \u00e0 preserva\u00e7\u00e3o da Floresta Amaz\u00f4nica, o Fundo Amaz\u00f4nia. S\u00e3o R$ 3,4 bilh\u00f5es doados pela Noruega, principal doador, e Alemanha para financiar a\u00e7\u00f5es contra o desmatamento e a degrada\u00e7\u00e3o ambiental no Brasil.<\/p>\n<p>O governo brasileiro quer flexibilizar as regras de utiliza\u00e7\u00e3o desse dinheiro e possibilitar inclusive a regulariza\u00e7\u00e3o de terrenos privados dentro de \u00e1reas de preserva\u00e7\u00e3o ambiental. As propostas brasileiras s\u00e3o repudiadas pelos governos dos pa\u00edses financiadores do fundo. <a href=\"https:\/\/www.emdefesadofundoamazonia.com.br\/\">Uma campanha em defesa do Fundo Amaz\u00f4nia circula nas redes sociais<\/a>.<\/p>\n<blockquote class=\"twitter-tweet\" data-width=\"550\" data-dnt=\"true\">\n<p lang=\"pt\" dir=\"ltr\">\ud83c\udf33 A Amaz\u00f4nia precisa de ajuda! O governo mexeu no Fundo Amaz\u00f4nia, um dos principais projetos de preserva\u00e7\u00e3o, e pode acabar com in\u00fameras iniciativas. <a href=\"https:\/\/twitter.com\/hashtag\/SOSFundoAmaz%C3%B4nia?src=hash&amp;ref_src=twsrc%5Etfw\">#SOSFundoAmaz\u00f4nia<\/a><\/p>\n<p>Participe: <a href=\"https:\/\/t.co\/0XuWZi5Mn5\">https:\/\/t.co\/0XuWZi5Mn5<\/a> <a href=\"https:\/\/t.co\/J2ciohW7e8\">pic.twitter.com\/J2ciohW7e8<\/a><\/p>\n<p>&mdash; PSOL 50 (@psol50) <a href=\"https:\/\/twitter.com\/psol50\/status\/1146070480723595264?ref_src=twsrc%5Etfw\">July 2, 2019<\/a><\/p><\/blockquote>\n<p><script async src=\"https:\/\/platform.twitter.com\/widgets.js\" charset=\"utf-8\"><\/script><\/p>\n<p>O dinheiro \u00e9 gerido pelo Banco Nacional de Desenvolvimento Econ\u00f4mico e Social (BNDES) e auditorias n\u00e3o encontraram irregularidades. A embaixada da Noruega considera o Fundo Amaz\u00f4nia \u201cuma das melhores pr\u00e1ticas globais de financiamento com fins de conserva\u00e7\u00e3o e uso sustent\u00e1vel de florestas\u201d. O ministro bolsonarista afirma ter encontrado irregularidades em um quarto dos contratos, mas n\u00e3o comprovou suas alega\u00e7\u00f5es. Tamb\u00e9m foi desmentido pelos governos noruegu\u00eas e alem\u00e3o quando garantiu que os pa\u00edses financiadores estavam de acordo com as mudan\u00e7as propostas pelo governo brasileiro.<\/p>\n<p>Em raz\u00e3o dos pronunciamentos do ministro, o presidente do BNDES afastou a chefe do departamento de Meio Ambiente e respons\u00e1vel pelo Fundo Amaz\u00f4nia. Esta decis\u00e3o gerou muita indigna\u00e7\u00e3o entre os servidores e motivou o respons\u00e1vel pela gest\u00e3o p\u00fablica e socioambiental do BNDES, a pedir afastamento do cargo.<\/p>\n<p>O PSOL protocolou um requerimento de informa\u00e7\u00e3o ao Minist\u00e9rio do Meio Ambiente sobre as alega\u00e7\u00f5es feitas pelo ministro e suas propostas de mudan\u00e7a no Fundo Amaz\u00f4nia. Voc\u00ea pode ler os questionamentos do partido ao ministro Ricardo Salles <a href=\"http:\/\/psol50.org.br\/inc\/uploads\/2019\/07\/Req-Inf-MMA-Fundo-Amazo\u0302nia.pdf\">aqui<\/a>.<\/p>\n<p>O Fundo Amaz\u00f4nia foi criado em 2008 para receber doa\u00e7\u00f5es destinadas a a\u00e7\u00f5es de conserva\u00e7\u00e3o e combate ao desmatamento na floresta. Esta foi uma iniciativa pioneira de financiamento de a\u00e7\u00f5es de Redu\u00e7\u00e3o de Emiss\u00f5es Provenientes do Desmatamento e da Degrada\u00e7\u00e3o Florestal (REDD+) apresentado pelo Brasil na Confer\u00eancia das Partes (COP 13) em 2007. O Fundo foi oficializado por meio do Decreto n\u00ba 6.527, de 1\u00ba de agosto de 2008.<\/p>\n","protected":false},"excerpt":{"rendered":"<p>Em uma das \u00e1reas mais pol\u00eamicas do governo Bolsonaro, o ministro do Meio Ambiente Ricardo Salles tem amea\u00e7ado a continua\u00e7\u00e3o do maior projeto global de financiamento \u00e0 preserva\u00e7\u00e3o da Floresta Amaz\u00f4nica, o Fundo Amaz\u00f4nia. S\u00e3o R$ 3,4 bilh\u00f5es doados pela Noruega, principal doador, e Alemanha para financiar a\u00e7\u00f5es contra o desmatamento e a degrada\u00e7\u00e3o ambiental [&hellip;]<\/p>\n","protected":false},"author":2,"featured_media":25704,"comment_status":"closed","ping_status":"open","sticky":false,"template":"","format":"standard","meta":{"_acf_changed":false,"footnotes":""},"categories":[6],"tags":[84,96,56,813,44,1896,22,102],"class_list":{"0":"post-25702","1":"post","2":"type-post","3":"status-publish","4":"format-standard","5":"has-post-thumbnail","7":"category-noticias","8":"tag-alemanha","9":"tag-amazonia","10":"tag-bolsonaro","11":"tag-fundo-amazonia","12":"tag-meio-ambiente","13":"tag-noruega","14":"tag-psol","15":"tag-ricardo-salles"},"acf":[],"yoast_head":"<!-- This site is optimized with the Yoast SEO plugin v26.5 - https:\/\/yoast.com\/wordpress\/plugins\/seo\/ -->\n<title>Participe da campanha em defesa do Fundo Amaz\u00f4nia - PSOL 50<\/title>\n<meta name=\"description\" content=\"Governo Bolsonaro amea\u00e7a financiamento \u00e0 prote\u00e7\u00e3o da Amaz\u00f4nia\" \/>\n<meta name=\"robots\" content=\"index, follow, max-snippet:-1, max-image-preview:large, max-video-preview:-1\" \/>\n<link rel=\"canonical\" href=\"https:\/\/psol50.org.br\/participe-da-campanha-em-defesa-do-fundo-amazonia\/\" \/>\n<meta property=\"og:locale\" content=\"pt_BR\" \/>\n<meta property=\"og:type\" content=\"article\" \/>\n<meta property=\"og:title\" content=\"Participe da campanha em defesa do Fundo Amaz\u00f4nia\" \/>\n<meta property=\"og:description\" content=\"Governo Bolsonaro amea\u00e7a financiamento \u00e0 prote\u00e7\u00e3o da Amaz\u00f4nia\" \/>\n<meta property=\"og:url\" content=\"https:\/\/psol50.org.br\/participe-da-campanha-em-defesa-do-fundo-amazonia\/\" \/>\n<meta property=\"og:site_name\" content=\"PSOL 50\" \/>\n<meta property=\"article:publisher\" content=\"https:\/\/www.facebook.com\/psol50\" \/>\n<meta property=\"article:published_time\" content=\"2019-07-02T15:33:04+00:00\" \/>\n<meta property=\"og:image\" content=\"https:\/\/psol50.org.br\/inc\/uploads\/2019\/07\/FA.jpg\" \/>\n\t<meta property=\"og:image:width\" content=\"640\" \/>\n\t<meta property=\"og:image:height\" content=\"377\" \/>\n\t<meta property=\"og:image:type\" content=\"image\/jpeg\" \/>\n<meta name=\"author\" content=\"Comunica\u00e7\u00e3o PSOL\" \/>\n<meta name=\"twitter:card\" content=\"summary_large_image\" \/>\n<meta name=\"twitter:title\" content=\"Participe da campanha em defesa do Fundo Amaz\u00f4nia\" \/>\n<meta name=\"twitter:description\" content=\"Governo Bolsonaro amea\u00e7a financiamento \u00e0 prote\u00e7\u00e3o da Amaz\u00f4nia\" \/>\n<meta name=\"twitter:image\" content=\"https:\/\/psol50.org.br\/inc\/uploads\/2019\/07\/FA.jpg\" \/>\n<meta name=\"twitter:creator\" content=\"@psol50\" \/>\n<meta name=\"twitter:site\" content=\"@psol50\" \/>\n<meta name=\"twitter:label1\" content=\"Escrito por\" \/>\n\t<meta name=\"twitter:data1\" content=\"Comunica\u00e7\u00e3o PSOL\" \/>\n\t<meta name=\"twitter:label2\" content=\"Est. tempo de leitura\" \/>\n\t<meta name=\"twitter:data2\" content=\"2 minutos\" \/>\n<script type=\"application\/ld+json\" class=\"yoast-schema-graph\">{\"@context\":\"https:\/\/schema.org\",\"@graph\":[{\"@type\":\"Article\",\"@id\":\"https:\/\/psol50.org.br\/participe-da-campanha-em-defesa-do-fundo-amazonia\/#article\",\"isPartOf\":{\"@id\":\"https:\/\/psol50.org.br\/participe-da-campanha-em-defesa-do-fundo-amazonia\/\"},\"author\":{\"name\":\"Comunica\u00e7\u00e3o PSOL\",\"@id\":\"https:\/\/psol50.org.br\/#\/schema\/person\/475dfa57d0b815993c714c2e96491fcd\"},\"headline\":\"Participe da campanha em defesa do Fundo Amaz\u00f4nia\",\"datePublished\":\"2019-07-02T15:33:04+00:00\",\"mainEntityOfPage\":{\"@id\":\"https:\/\/psol50.org.br\/participe-da-campanha-em-defesa-do-fundo-amazonia\/\"},\"wordCount\":398,\"publisher\":{\"@id\":\"https:\/\/psol50.org.br\/#organization\"},\"image\":{\"@id\":\"https:\/\/psol50.org.br\/participe-da-campanha-em-defesa-do-fundo-amazonia\/#primaryimage\"},\"thumbnailUrl\":\"https:\/\/psol50.org.br\/inc\/uploads\/2019\/07\/FA.jpg\",\"keywords\":[\"Alemanha\",\"Amaz\u00f4nia\",\"Bolsonaro\",\"fundo amaz\u00f4nia\",\"meio ambiente\",\"noruega\",\"PSOL\",\"ricardo salles\"],\"articleSection\":[\"Not\u00edcias\"],\"inLanguage\":\"pt-BR\"},{\"@type\":\"WebPage\",\"@id\":\"https:\/\/psol50.org.br\/participe-da-campanha-em-defesa-do-fundo-amazonia\/\",\"url\":\"https:\/\/psol50.org.br\/participe-da-campanha-em-defesa-do-fundo-amazonia\/\",\"name\":\"Participe da campanha em defesa do Fundo Amaz\u00f4nia - PSOL 50\",\"isPartOf\":{\"@id\":\"https:\/\/psol50.org.br\/#website\"},\"primaryImageOfPage\":{\"@id\":\"https:\/\/psol50.org.br\/participe-da-campanha-em-defesa-do-fundo-amazonia\/#primaryimage\"},\"image\":{\"@id\":\"https:\/\/psol50.org.br\/participe-da-campanha-em-defesa-do-fundo-amazonia\/#primaryimage\"},\"thumbnailUrl\":\"https:\/\/psol50.org.br\/inc\/uploads\/2019\/07\/FA.jpg\",\"datePublished\":\"2019-07-02T15:33:04+00:00\",\"description\":\"Governo Bolsonaro amea\u00e7a financiamento \u00e0 prote\u00e7\u00e3o da Amaz\u00f4nia\",\"breadcrumb\":{\"@id\":\"https:\/\/psol50.org.br\/participe-da-campanha-em-defesa-do-fundo-amazonia\/#breadcrumb\"},\"inLanguage\":\"pt-BR\",\"potentialAction\":[{\"@type\":\"ReadAction\",\"target\":[\"https:\/\/psol50.org.br\/participe-da-campanha-em-defesa-do-fundo-amazonia\/\"]}]},{\"@type\":\"ImageObject\",\"inLanguage\":\"pt-BR\",\"@id\":\"https:\/\/psol50.org.br\/participe-da-campanha-em-defesa-do-fundo-amazonia\/#primaryimage\",\"url\":\"https:\/\/psol50.org.br\/inc\/uploads\/2019\/07\/FA.jpg\",\"contentUrl\":\"https:\/\/psol50.org.br\/inc\/uploads\/2019\/07\/FA.jpg\",\"width\":640,\"height\":377},{\"@type\":\"BreadcrumbList\",\"@id\":\"https:\/\/psol50.org.br\/participe-da-campanha-em-defesa-do-fundo-amazonia\/#breadcrumb\",\"itemListElement\":[{\"@type\":\"ListItem\",\"position\":1,\"name\":\"In\u00edcio\",\"item\":\"https:\/\/psol50.org.br\/\"},{\"@type\":\"ListItem\",\"position\":2,\"name\":\"Participe da campanha em defesa do Fundo Amaz\u00f4nia\"}]},{\"@type\":\"WebSite\",\"@id\":\"https:\/\/psol50.org.br\/#website\",\"url\":\"https:\/\/psol50.org.br\/\",\"name\":\"PSOL 50\",\"description\":\"Site oficial do Partido Socialismo e Liberdade\",\"publisher\":{\"@id\":\"https:\/\/psol50.org.br\/#organization\"},\"alternateName\":\"PSOL50\",\"potentialAction\":[{\"@type\":\"SearchAction\",\"target\":{\"@type\":\"EntryPoint\",\"urlTemplate\":\"https:\/\/psol50.org.br\/?s={search_term_string}\"},\"query-input\":{\"@type\":\"PropertyValueSpecification\",\"valueRequired\":true,\"valueName\":\"search_term_string\"}}],\"inLanguage\":\"pt-BR\"},{\"@type\":\"Organization\",\"@id\":\"https:\/\/psol50.org.br\/#organization\",\"name\":\"PSOL 50\",\"alternateName\":\"PSOL 50\",\"url\":\"https:\/\/psol50.org.br\/\",\"logo\":{\"@type\":\"ImageObject\",\"inLanguage\":\"pt-BR\",\"@id\":\"https:\/\/psol50.org.br\/#\/schema\/logo\/image\/\",\"url\":\"https:\/\/psol50.org.br\/inc\/uploads\/2018\/07\/capa.png\",\"contentUrl\":\"https:\/\/psol50.org.br\/inc\/uploads\/2018\/07\/capa.png\",\"width\":1350,\"height\":900,\"caption\":\"PSOL 50\"},\"image\":{\"@id\":\"https:\/\/psol50.org.br\/#\/schema\/logo\/image\/\"},\"sameAs\":[\"https:\/\/www.facebook.com\/psol50\",\"https:\/\/x.com\/psol50\",\"https:\/\/www.instagram.com\/psol50\/\",\"https:\/\/www.youtube.com\/channel\/UC7SnJS5o1os7a6CaiNabzcg\"]},{\"@type\":\"Person\",\"@id\":\"https:\/\/psol50.org.br\/#\/schema\/person\/475dfa57d0b815993c714c2e96491fcd\",\"name\":\"Comunica\u00e7\u00e3o PSOL\",\"image\":{\"@type\":\"ImageObject\",\"inLanguage\":\"pt-BR\",\"@id\":\"https:\/\/psol50.org.br\/#\/schema\/person\/image\/\",\"url\":\"https:\/\/secure.gravatar.com\/avatar\/b34fc4f4e468a4e51785917065a3db57b841f5c95dba6ad8c73aaf8f66f8f9bf?s=96&d=mm&r=g\",\"contentUrl\":\"https:\/\/secure.gravatar.com\/avatar\/b34fc4f4e468a4e51785917065a3db57b841f5c95dba6ad8c73aaf8f66f8f9bf?s=96&d=mm&r=g\",\"caption\":\"Comunica\u00e7\u00e3o PSOL\"}}]}<\/script>\n<!-- \/ Yoast SEO plugin. -->","yoast_head_json":{"title":"Participe da campanha em defesa do Fundo Amaz\u00f4nia - PSOL 50","description":"Governo Bolsonaro amea\u00e7a financiamento \u00e0 prote\u00e7\u00e3o da Amaz\u00f4nia","robots":{"index":"index","follow":"follow","max-snippet":"max-snippet:-1","max-image-preview":"max-image-preview:large","max-video-preview":"max-video-preview:-1"},"canonical":"https:\/\/psol50.org.br\/participe-da-campanha-em-defesa-do-fundo-amazonia\/","og_locale":"pt_BR","og_type":"article","og_title":"Participe da campanha em defesa do Fundo Amaz\u00f4nia","og_description":"Governo Bolsonaro amea\u00e7a financiamento \u00e0 prote\u00e7\u00e3o da Amaz\u00f4nia","og_url":"https:\/\/psol50.org.br\/participe-da-campanha-em-defesa-do-fundo-amazonia\/","og_site_name":"PSOL 50","article_publisher":"https:\/\/www.facebook.com\/psol50","article_published_time":"2019-07-02T15:33:04+00:00","og_image":[{"width":640,"height":377,"url":"https:\/\/psol50.org.br\/inc\/uploads\/2019\/07\/FA.jpg","type":"image\/jpeg"}],"author":"Comunica\u00e7\u00e3o PSOL","twitter_card":"summary_large_image","twitter_title":"Participe da campanha em defesa do Fundo Amaz\u00f4nia","twitter_description":"Governo Bolsonaro amea\u00e7a financiamento \u00e0 prote\u00e7\u00e3o da Amaz\u00f4nia","twitter_image":"https:\/\/psol50.org.br\/inc\/uploads\/2019\/07\/FA.jpg","twitter_creator":"@psol50","twitter_site":"@psol50","twitter_misc":{"Escrito por":"Comunica\u00e7\u00e3o PSOL","Est. tempo de leitura":"2 minutos"},"schema":{"@context":"https:\/\/schema.org","@graph":[{"@type":"Article","@id":"https:\/\/psol50.org.br\/participe-da-campanha-em-defesa-do-fundo-amazonia\/#article","isPartOf":{"@id":"https:\/\/psol50.org.br\/participe-da-campanha-em-defesa-do-fundo-amazonia\/"},"author":{"name":"Comunica\u00e7\u00e3o PSOL","@id":"https:\/\/psol50.org.br\/#\/schema\/person\/475dfa57d0b815993c714c2e96491fcd"},"headline":"Participe da campanha em defesa do Fundo Amaz\u00f4nia","datePublished":"2019-07-02T15:33:04+00:00","mainEntityOfPage":{"@id":"https:\/\/psol50.org.br\/participe-da-campanha-em-defesa-do-fundo-amazonia\/"},"wordCount":398,"publisher":{"@id":"https:\/\/psol50.org.br\/#organization"},"image":{"@id":"https:\/\/psol50.org.br\/participe-da-campanha-em-defesa-do-fundo-amazonia\/#primaryimage"},"thumbnailUrl":"https:\/\/psol50.org.br\/inc\/uploads\/2019\/07\/FA.jpg","keywords":["Alemanha","Amaz\u00f4nia","Bolsonaro","fundo amaz\u00f4nia","meio ambiente","noruega","PSOL","ricardo salles"],"articleSection":["Not\u00edcias"],"inLanguage":"pt-BR"},{"@type":"WebPage","@id":"https:\/\/psol50.org.br\/participe-da-campanha-em-defesa-do-fundo-amazonia\/","url":"https:\/\/psol50.org.br\/participe-da-campanha-em-defesa-do-fundo-amazonia\/","name":"Participe da campanha em defesa do Fundo Amaz\u00f4nia - PSOL 50","isPartOf":{"@id":"https:\/\/psol50.org.br\/#website"},"primaryImageOfPage":{"@id":"https:\/\/psol50.org.br\/participe-da-campanha-em-defesa-do-fundo-amazonia\/#primaryimage"},"image":{"@id":"https:\/\/psol50.org.br\/participe-da-campanha-em-defesa-do-fundo-amazonia\/#primaryimage"},"thumbnailUrl":"https:\/\/psol50.org.br\/inc\/uploads\/2019\/07\/FA.jpg","datePublished":"2019-07-02T15:33:04+00:00","description":"Governo Bolsonaro amea\u00e7a financiamento \u00e0 prote\u00e7\u00e3o da Amaz\u00f4nia","breadcrumb":{"@id":"https:\/\/psol50.org.br\/participe-da-campanha-em-defesa-do-fundo-amazonia\/#breadcrumb"},"inLanguage":"pt-BR","potentialAction":[{"@type":"ReadAction","target":["https:\/\/psol50.org.br\/participe-da-campanha-em-defesa-do-fundo-amazonia\/"]}]},{"@type":"ImageObject","inLanguage":"pt-BR","@id":"https:\/\/psol50.org.br\/participe-da-campanha-em-defesa-do-fundo-amazonia\/#primaryimage","url":"https:\/\/psol50.org.br\/inc\/uploads\/2019\/07\/FA.jpg","contentUrl":"https:\/\/psol50.org.br\/inc\/uploads\/2019\/07\/FA.jpg","width":640,"height":377},{"@type":"BreadcrumbList","@id":"https:\/\/psol50.org.br\/participe-da-campanha-em-defesa-do-fundo-amazonia\/#breadcrumb","itemListElement":[{"@type":"ListItem","position":1,"name":"In\u00edcio","item":"https:\/\/psol50.org.br\/"},{"@type":"ListItem","position":2,"name":"Participe da campanha em defesa do Fundo Amaz\u00f4nia"}]},{"@type":"WebSite","@id":"https:\/\/psol50.org.br\/#website","url":"https:\/\/psol50.org.br\/","name":"PSOL 50","description":"Site oficial do Partido Socialismo e Liberdade","publisher":{"@id":"https:\/\/psol50.org.br\/#organization"},"alternateName":"PSOL50","potentialAction":[{"@type":"SearchAction","target":{"@type":"EntryPoint","urlTemplate":"https:\/\/psol50.org.br\/?s={search_term_string}"},"query-input":{"@type":"PropertyValueSpecification","valueRequired":true,"valueName":"search_term_string"}}],"inLanguage":"pt-BR"},{"@type":"Organization","@id":"https:\/\/psol50.org.br\/#organization","name":"PSOL 50","alternateName":"PSOL 50","url":"https:\/\/psol50.org.br\/","logo":{"@type":"ImageObject","inLanguage":"pt-BR","@id":"https:\/\/psol50.org.br\/#\/schema\/logo\/image\/","url":"https:\/\/psol50.org.br\/inc\/uploads\/2018\/07\/capa.png","contentUrl":"https:\/\/psol50.org.br\/inc\/uploads\/2018\/07\/capa.png","width":1350,"height":900,"caption":"PSOL 50"},"image":{"@id":"https:\/\/psol50.org.br\/#\/schema\/logo\/image\/"},"sameAs":["https:\/\/www.facebook.com\/psol50","https:\/\/x.com\/psol50","https:\/\/www.instagram.com\/psol50\/","https:\/\/www.youtube.com\/channel\/UC7SnJS5o1os7a6CaiNabzcg"]},{"@type":"Person","@id":"https:\/\/psol50.org.br\/#\/schema\/person\/475dfa57d0b815993c714c2e96491fcd","name":"Comunica\u00e7\u00e3o PSOL","image":{"@type":"ImageObject","inLanguage":"pt-BR","@id":"https:\/\/psol50.org.br\/#\/schema\/person\/image\/","url":"https:\/\/secure.gravatar.com\/avatar\/b34fc4f4e468a4e51785917065a3db57b841f5c95dba6ad8c73aaf8f66f8f9bf?s=96&d=mm&r=g","contentUrl":"https:\/\/secure.gravatar.com\/avatar\/b34fc4f4e468a4e51785917065a3db57b841f5c95dba6ad8c73aaf8f66f8f9bf?s=96&d=mm&r=g","caption":"Comunica\u00e7\u00e3o PSOL"}}]}},"_links":{"self":[{"href":"https:\/\/psol50.org.br\/rest\/wp\/v2\/posts\/25702","targetHints":{"allow":["GET"]}}],"collection":[{"href":"https:\/\/psol50.org.br\/rest\/wp\/v2\/posts"}],"about":[{"href":"https:\/\/psol50.org.br\/rest\/wp\/v2\/types\/post"}],"author":[{"embeddable":true,"href":"https:\/\/psol50.org.br\/rest\/wp\/v2\/users\/2"}],"replies":[{"embeddable":true,"href":"https:\/\/psol50.org.br\/rest\/wp\/v2\/comments?post=25702"}],"version-history":[{"count":0,"href":"https:\/\/psol50.org.br\/rest\/wp\/v2\/posts\/25702\/revisions"}],"wp:featuredmedia":[{"embeddable":true,"href":"https:\/\/psol50.org.br\/rest\/wp\/v2\/media\/25704"}],"wp:attachment":[{"href":"https:\/\/psol50.org.br\/rest\/wp\/v2\/media?parent=25702"}],"wp:term":[{"taxonomy":"category","embeddable":true,"href":"https:\/\/psol50.org.br\/rest\/wp\/v2\/categories?post=25702"},{"taxonomy":"post_tag","embeddable":true,"href":"https:\/\/psol50.org.br\/rest\/wp\/v2\/tags?post=25702"}],"curies":[{"name":"wp","href":"https:\/\/api.w.org\/{rel}","templated":true}]}}