{"id":25727,"date":"2019-07-03T15:03:24","date_gmt":"2019-07-03T18:03:24","guid":{"rendered":"http:\/\/psol50.org.br\/?p=25727"},"modified":"2019-07-03T15:03:24","modified_gmt":"2019-07-03T18:03:24","slug":"apos-pressao-do-psol-governo-bolsonaro-recua-de-acordo-com-grupo-da-riachuelo-e-da-havan","status":"publish","type":"post","link":"https:\/\/psol50.org.br\/apos-pressao-do-psol-governo-bolsonaro-recua-de-acordo-com-grupo-da-riachuelo-e-da-havan\/","title":{"rendered":"Ap\u00f3s press\u00e3o do PSOL, governo Bolsonaro recua de acordo com grupo da Riachuelo e da Havan"},"content":{"rendered":"<p>O Minist\u00e9rio da Economia do governo Bolsonaro recuou de um acordo de coopera\u00e7\u00e3o t\u00e9cnica com um grupo de empres\u00e1rios chamado Brasil 200, que agrega nomes como Fl\u00e1vio de Rocha, dono da Riachuelo, e Luciano Hang, propriet\u00e1rio das lojas Havan. O documento seria assinado pela Secretaria de Previd\u00eancia, que \u00e9 subordinada \u00e0 pasta comandada por Paulo Guedes.<\/p>\n<p>O l\u00edder do PSOL na C\u00e2mara dos Deputados, Ivan Valente, apresentou um requerimento de informa\u00e7\u00f5es sobre o acordo feito com empres\u00e1rios ao minist\u00e9rio, que respondeu com a informa\u00e7\u00e3o de que estava desistindo do projeto. O documento definia como &#8220;obriga\u00e7\u00f5es&#8221; da Secretaria da Previd\u00eancia &#8220;franquear ao Instituto Brasil 200 o acesso a dados e informa\u00e7\u00f5es p\u00fablicas&#8221;, &#8220;analisar relat\u00f3rios mensais do instituto&#8221; e &#8220;garantir o apoio t\u00e9cnico \u00e0 execu\u00e7\u00e3o das atividades previstas no plano de trabalho&#8221;<\/p>\n<p>O recuo, segundo o Minist\u00e9rio, aconteceu ap\u00f3s um parecer negativo da Procuradoria-Geral da Fazenda Nacional sobre o projeto. A PGFN afirmou n\u00e3o haver comprova\u00e7\u00e3o de que o Brasil 200 seja regularizado ou mesmo classificado como &#8220;sociedade civil&#8221;. Apontou ainda que o acordo n\u00e3o poderia ser fechado por simples escolha do minist\u00e9rio, ou seja, sem chamada p\u00fablica.<\/p>\n","protected":false},"excerpt":{"rendered":"<p>O Minist\u00e9rio da Economia do governo Bolsonaro recuou de um acordo de coopera\u00e7\u00e3o t\u00e9cnica com um grupo de empres\u00e1rios chamado Brasil 200, que agrega nomes como Fl\u00e1vio de Rocha, dono da Riachuelo, e Luciano Hang, propriet\u00e1rio das lojas Havan. O documento seria assinado pela Secretaria de Previd\u00eancia, que \u00e9 subordinada \u00e0 pasta comandada por Paulo [&hellip;]<\/p>\n","protected":false},"author":2,"featured_media":25728,"comment_status":"closed","ping_status":"open","sticky":false,"template":"","format":"standard","meta":{"_acf_changed":false,"footnotes":""},"categories":[6],"tags":[56,1903,1904,225,22,1905],"class_list":{"0":"post-25727","1":"post","2":"type-post","3":"status-publish","4":"format-standard","5":"has-post-thumbnail","7":"category-noticias","8":"tag-bolsonaro","9":"tag-havan","10":"tag-luciano-hang","11":"tag-paulo-guedes","12":"tag-psol","13":"tag-riachuelo"},"acf":[],"yoast_head":"<!-- This site is optimized with the Yoast SEO plugin v26.5 - https:\/\/yoast.com\/wordpress\/plugins\/seo\/ -->\n<title>Ap\u00f3s press\u00e3o do PSOL, governo Bolsonaro recua de acordo com grupo da Riachuelo e da Havan<\/title>\n<meta name=\"description\" content=\"Presta\u00e7\u00e3o de servi\u00e7os para grandes empres\u00e1rios aconteceria via minist\u00e9rio de Paulo Guedes\" \/>\n<meta name=\"robots\" content=\"index, follow, max-snippet:-1, max-image-preview:large, max-video-preview:-1\" \/>\n<link rel=\"canonical\" href=\"https:\/\/psol50.org.br\/apos-pressao-do-psol-governo-bolsonaro-recua-de-acordo-com-grupo-da-riachuelo-e-da-havan\/\" \/>\n<meta property=\"og:locale\" content=\"pt_BR\" \/>\n<meta property=\"og:type\" content=\"article\" \/>\n<meta property=\"og:title\" content=\"Ap\u00f3s press\u00e3o do PSOL, governo Bolsonaro recua de acordo com grupo da Riachuelo e da Havan\" \/>\n<meta property=\"og:description\" content=\"Presta\u00e7\u00e3o de servi\u00e7os para grandes empres\u00e1rios aconteceria via minist\u00e9rio de Paulo Guedes\" \/>\n<meta property=\"og:url\" content=\"https:\/\/psol50.org.br\/apos-pressao-do-psol-governo-bolsonaro-recua-de-acordo-com-grupo-da-riachuelo-e-da-havan\/\" \/>\n<meta property=\"og:site_name\" content=\"PSOL 50\" \/>\n<meta property=\"article:publisher\" content=\"https:\/\/www.facebook.com\/psol50\" \/>\n<meta property=\"article:published_time\" content=\"2019-07-03T18:03:24+00:00\" \/>\n<meta property=\"og:image\" content=\"https:\/\/psol50.org.br\/inc\/uploads\/2019\/07\/hang_bolso-780x440-1.jpg\" \/>\n\t<meta property=\"og:image:width\" content=\"780\" \/>\n\t<meta property=\"og:image:height\" content=\"440\" \/>\n\t<meta property=\"og:image:type\" content=\"image\/jpeg\" \/>\n<meta name=\"author\" content=\"Comunica\u00e7\u00e3o PSOL\" \/>\n<meta name=\"twitter:card\" content=\"summary_large_image\" \/>\n<meta name=\"twitter:title\" content=\"Ap\u00f3s press\u00e3o do PSOL, governo Bolsonaro recua de acordo com grupo da Riachuelo e da Havan\" \/>\n<meta name=\"twitter:description\" content=\"Presta\u00e7\u00e3o de servi\u00e7os para grandes empres\u00e1rios aconteceria via minist\u00e9rio de Paulo Guedes\" \/>\n<meta name=\"twitter:image\" content=\"https:\/\/psol50.org.br\/inc\/uploads\/2019\/07\/hang_bolso-780x440-1.jpg\" \/>\n<meta name=\"twitter:creator\" content=\"@psol50\" \/>\n<meta name=\"twitter:site\" content=\"@psol50\" \/>\n<meta name=\"twitter:label1\" content=\"Escrito por\" \/>\n\t<meta name=\"twitter:data1\" content=\"Comunica\u00e7\u00e3o PSOL\" \/>\n\t<meta name=\"twitter:label2\" content=\"Est. tempo de leitura\" \/>\n\t<meta name=\"twitter:data2\" content=\"1 minuto\" \/>\n<script type=\"application\/ld+json\" class=\"yoast-schema-graph\">{\"@context\":\"https:\/\/schema.org\",\"@graph\":[{\"@type\":\"Article\",\"@id\":\"https:\/\/psol50.org.br\/apos-pressao-do-psol-governo-bolsonaro-recua-de-acordo-com-grupo-da-riachuelo-e-da-havan\/#article\",\"isPartOf\":{\"@id\":\"https:\/\/psol50.org.br\/apos-pressao-do-psol-governo-bolsonaro-recua-de-acordo-com-grupo-da-riachuelo-e-da-havan\/\"},\"author\":{\"name\":\"Comunica\u00e7\u00e3o PSOL\",\"@id\":\"https:\/\/psol50.org.br\/#\/schema\/person\/475dfa57d0b815993c714c2e96491fcd\"},\"headline\":\"Ap\u00f3s press\u00e3o do PSOL, governo Bolsonaro recua de acordo com grupo da Riachuelo e da Havan\",\"datePublished\":\"2019-07-03T18:03:24+00:00\",\"mainEntityOfPage\":{\"@id\":\"https:\/\/psol50.org.br\/apos-pressao-do-psol-governo-bolsonaro-recua-de-acordo-com-grupo-da-riachuelo-e-da-havan\/\"},\"wordCount\":225,\"publisher\":{\"@id\":\"https:\/\/psol50.org.br\/#organization\"},\"image\":{\"@id\":\"https:\/\/psol50.org.br\/apos-pressao-do-psol-governo-bolsonaro-recua-de-acordo-com-grupo-da-riachuelo-e-da-havan\/#primaryimage\"},\"thumbnailUrl\":\"https:\/\/psol50.org.br\/inc\/uploads\/2019\/07\/hang_bolso-780x440-1.jpg\",\"keywords\":[\"Bolsonaro\",\"havan\",\"luciano hang\",\"Paulo Guedes\",\"PSOL\",\"riachuelo\"],\"articleSection\":[\"Not\u00edcias\"],\"inLanguage\":\"pt-BR\"},{\"@type\":\"WebPage\",\"@id\":\"https:\/\/psol50.org.br\/apos-pressao-do-psol-governo-bolsonaro-recua-de-acordo-com-grupo-da-riachuelo-e-da-havan\/\",\"url\":\"https:\/\/psol50.org.br\/apos-pressao-do-psol-governo-bolsonaro-recua-de-acordo-com-grupo-da-riachuelo-e-da-havan\/\",\"name\":\"Ap\u00f3s press\u00e3o do PSOL, governo Bolsonaro recua de acordo com grupo da Riachuelo e da Havan\",\"isPartOf\":{\"@id\":\"https:\/\/psol50.org.br\/#website\"},\"primaryImageOfPage\":{\"@id\":\"https:\/\/psol50.org.br\/apos-pressao-do-psol-governo-bolsonaro-recua-de-acordo-com-grupo-da-riachuelo-e-da-havan\/#primaryimage\"},\"image\":{\"@id\":\"https:\/\/psol50.org.br\/apos-pressao-do-psol-governo-bolsonaro-recua-de-acordo-com-grupo-da-riachuelo-e-da-havan\/#primaryimage\"},\"thumbnailUrl\":\"https:\/\/psol50.org.br\/inc\/uploads\/2019\/07\/hang_bolso-780x440-1.jpg\",\"datePublished\":\"2019-07-03T18:03:24+00:00\",\"description\":\"Presta\u00e7\u00e3o de servi\u00e7os para grandes empres\u00e1rios aconteceria via minist\u00e9rio de Paulo Guedes\",\"breadcrumb\":{\"@id\":\"https:\/\/psol50.org.br\/apos-pressao-do-psol-governo-bolsonaro-recua-de-acordo-com-grupo-da-riachuelo-e-da-havan\/#breadcrumb\"},\"inLanguage\":\"pt-BR\",\"potentialAction\":[{\"@type\":\"ReadAction\",\"target\":[\"https:\/\/psol50.org.br\/apos-pressao-do-psol-governo-bolsonaro-recua-de-acordo-com-grupo-da-riachuelo-e-da-havan\/\"]}]},{\"@type\":\"ImageObject\",\"inLanguage\":\"pt-BR\",\"@id\":\"https:\/\/psol50.org.br\/apos-pressao-do-psol-governo-bolsonaro-recua-de-acordo-com-grupo-da-riachuelo-e-da-havan\/#primaryimage\",\"url\":\"https:\/\/psol50.org.br\/inc\/uploads\/2019\/07\/hang_bolso-780x440-1.jpg\",\"contentUrl\":\"https:\/\/psol50.org.br\/inc\/uploads\/2019\/07\/hang_bolso-780x440-1.jpg\",\"width\":780,\"height\":440},{\"@type\":\"BreadcrumbList\",\"@id\":\"https:\/\/psol50.org.br\/apos-pressao-do-psol-governo-bolsonaro-recua-de-acordo-com-grupo-da-riachuelo-e-da-havan\/#breadcrumb\",\"itemListElement\":[{\"@type\":\"ListItem\",\"position\":1,\"name\":\"In\u00edcio\",\"item\":\"https:\/\/psol50.org.br\/\"},{\"@type\":\"ListItem\",\"position\":2,\"name\":\"Ap\u00f3s press\u00e3o do PSOL, governo Bolsonaro recua de acordo com grupo da Riachuelo e da Havan\"}]},{\"@type\":\"WebSite\",\"@id\":\"https:\/\/psol50.org.br\/#website\",\"url\":\"https:\/\/psol50.org.br\/\",\"name\":\"PSOL 50\",\"description\":\"Site oficial do Partido Socialismo e Liberdade\",\"publisher\":{\"@id\":\"https:\/\/psol50.org.br\/#organization\"},\"alternateName\":\"PSOL50\",\"potentialAction\":[{\"@type\":\"SearchAction\",\"target\":{\"@type\":\"EntryPoint\",\"urlTemplate\":\"https:\/\/psol50.org.br\/?s={search_term_string}\"},\"query-input\":{\"@type\":\"PropertyValueSpecification\",\"valueRequired\":true,\"valueName\":\"search_term_string\"}}],\"inLanguage\":\"pt-BR\"},{\"@type\":\"Organization\",\"@id\":\"https:\/\/psol50.org.br\/#organization\",\"name\":\"PSOL 50\",\"alternateName\":\"PSOL 50\",\"url\":\"https:\/\/psol50.org.br\/\",\"logo\":{\"@type\":\"ImageObject\",\"inLanguage\":\"pt-BR\",\"@id\":\"https:\/\/psol50.org.br\/#\/schema\/logo\/image\/\",\"url\":\"https:\/\/psol50.org.br\/inc\/uploads\/2018\/07\/capa.png\",\"contentUrl\":\"https:\/\/psol50.org.br\/inc\/uploads\/2018\/07\/capa.png\",\"width\":1350,\"height\":900,\"caption\":\"PSOL 50\"},\"image\":{\"@id\":\"https:\/\/psol50.org.br\/#\/schema\/logo\/image\/\"},\"sameAs\":[\"https:\/\/www.facebook.com\/psol50\",\"https:\/\/x.com\/psol50\",\"https:\/\/www.instagram.com\/psol50\/\",\"https:\/\/www.youtube.com\/channel\/UC7SnJS5o1os7a6CaiNabzcg\"]},{\"@type\":\"Person\",\"@id\":\"https:\/\/psol50.org.br\/#\/schema\/person\/475dfa57d0b815993c714c2e96491fcd\",\"name\":\"Comunica\u00e7\u00e3o PSOL\",\"image\":{\"@type\":\"ImageObject\",\"inLanguage\":\"pt-BR\",\"@id\":\"https:\/\/psol50.org.br\/#\/schema\/person\/image\/\",\"url\":\"https:\/\/secure.gravatar.com\/avatar\/b34fc4f4e468a4e51785917065a3db57b841f5c95dba6ad8c73aaf8f66f8f9bf?s=96&d=mm&r=g\",\"contentUrl\":\"https:\/\/secure.gravatar.com\/avatar\/b34fc4f4e468a4e51785917065a3db57b841f5c95dba6ad8c73aaf8f66f8f9bf?s=96&d=mm&r=g\",\"caption\":\"Comunica\u00e7\u00e3o PSOL\"}}]}<\/script>\n<!-- \/ Yoast SEO plugin. -->","yoast_head_json":{"title":"Ap\u00f3s press\u00e3o do PSOL, governo Bolsonaro recua de acordo com grupo da Riachuelo e da Havan","description":"Presta\u00e7\u00e3o de servi\u00e7os para grandes empres\u00e1rios aconteceria via minist\u00e9rio de Paulo Guedes","robots":{"index":"index","follow":"follow","max-snippet":"max-snippet:-1","max-image-preview":"max-image-preview:large","max-video-preview":"max-video-preview:-1"},"canonical":"https:\/\/psol50.org.br\/apos-pressao-do-psol-governo-bolsonaro-recua-de-acordo-com-grupo-da-riachuelo-e-da-havan\/","og_locale":"pt_BR","og_type":"article","og_title":"Ap\u00f3s press\u00e3o do PSOL, governo Bolsonaro recua de acordo com grupo da Riachuelo e da Havan","og_description":"Presta\u00e7\u00e3o de servi\u00e7os para grandes empres\u00e1rios aconteceria via minist\u00e9rio de Paulo Guedes","og_url":"https:\/\/psol50.org.br\/apos-pressao-do-psol-governo-bolsonaro-recua-de-acordo-com-grupo-da-riachuelo-e-da-havan\/","og_site_name":"PSOL 50","article_publisher":"https:\/\/www.facebook.com\/psol50","article_published_time":"2019-07-03T18:03:24+00:00","og_image":[{"width":780,"height":440,"url":"https:\/\/psol50.org.br\/inc\/uploads\/2019\/07\/hang_bolso-780x440-1.jpg","type":"image\/jpeg"}],"author":"Comunica\u00e7\u00e3o PSOL","twitter_card":"summary_large_image","twitter_title":"Ap\u00f3s press\u00e3o do PSOL, governo Bolsonaro recua de acordo com grupo da Riachuelo e da Havan","twitter_description":"Presta\u00e7\u00e3o de servi\u00e7os para grandes empres\u00e1rios aconteceria via minist\u00e9rio de Paulo Guedes","twitter_image":"https:\/\/psol50.org.br\/inc\/uploads\/2019\/07\/hang_bolso-780x440-1.jpg","twitter_creator":"@psol50","twitter_site":"@psol50","twitter_misc":{"Escrito por":"Comunica\u00e7\u00e3o PSOL","Est. tempo de leitura":"1 minuto"},"schema":{"@context":"https:\/\/schema.org","@graph":[{"@type":"Article","@id":"https:\/\/psol50.org.br\/apos-pressao-do-psol-governo-bolsonaro-recua-de-acordo-com-grupo-da-riachuelo-e-da-havan\/#article","isPartOf":{"@id":"https:\/\/psol50.org.br\/apos-pressao-do-psol-governo-bolsonaro-recua-de-acordo-com-grupo-da-riachuelo-e-da-havan\/"},"author":{"name":"Comunica\u00e7\u00e3o PSOL","@id":"https:\/\/psol50.org.br\/#\/schema\/person\/475dfa57d0b815993c714c2e96491fcd"},"headline":"Ap\u00f3s press\u00e3o do PSOL, governo Bolsonaro recua de acordo com grupo da Riachuelo e da Havan","datePublished":"2019-07-03T18:03:24+00:00","mainEntityOfPage":{"@id":"https:\/\/psol50.org.br\/apos-pressao-do-psol-governo-bolsonaro-recua-de-acordo-com-grupo-da-riachuelo-e-da-havan\/"},"wordCount":225,"publisher":{"@id":"https:\/\/psol50.org.br\/#organization"},"image":{"@id":"https:\/\/psol50.org.br\/apos-pressao-do-psol-governo-bolsonaro-recua-de-acordo-com-grupo-da-riachuelo-e-da-havan\/#primaryimage"},"thumbnailUrl":"https:\/\/psol50.org.br\/inc\/uploads\/2019\/07\/hang_bolso-780x440-1.jpg","keywords":["Bolsonaro","havan","luciano hang","Paulo Guedes","PSOL","riachuelo"],"articleSection":["Not\u00edcias"],"inLanguage":"pt-BR"},{"@type":"WebPage","@id":"https:\/\/psol50.org.br\/apos-pressao-do-psol-governo-bolsonaro-recua-de-acordo-com-grupo-da-riachuelo-e-da-havan\/","url":"https:\/\/psol50.org.br\/apos-pressao-do-psol-governo-bolsonaro-recua-de-acordo-com-grupo-da-riachuelo-e-da-havan\/","name":"Ap\u00f3s press\u00e3o do PSOL, governo Bolsonaro recua de acordo com grupo da Riachuelo e da Havan","isPartOf":{"@id":"https:\/\/psol50.org.br\/#website"},"primaryImageOfPage":{"@id":"https:\/\/psol50.org.br\/apos-pressao-do-psol-governo-bolsonaro-recua-de-acordo-com-grupo-da-riachuelo-e-da-havan\/#primaryimage"},"image":{"@id":"https:\/\/psol50.org.br\/apos-pressao-do-psol-governo-bolsonaro-recua-de-acordo-com-grupo-da-riachuelo-e-da-havan\/#primaryimage"},"thumbnailUrl":"https:\/\/psol50.org.br\/inc\/uploads\/2019\/07\/hang_bolso-780x440-1.jpg","datePublished":"2019-07-03T18:03:24+00:00","description":"Presta\u00e7\u00e3o de servi\u00e7os para grandes empres\u00e1rios aconteceria via minist\u00e9rio de Paulo Guedes","breadcrumb":{"@id":"https:\/\/psol50.org.br\/apos-pressao-do-psol-governo-bolsonaro-recua-de-acordo-com-grupo-da-riachuelo-e-da-havan\/#breadcrumb"},"inLanguage":"pt-BR","potentialAction":[{"@type":"ReadAction","target":["https:\/\/psol50.org.br\/apos-pressao-do-psol-governo-bolsonaro-recua-de-acordo-com-grupo-da-riachuelo-e-da-havan\/"]}]},{"@type":"ImageObject","inLanguage":"pt-BR","@id":"https:\/\/psol50.org.br\/apos-pressao-do-psol-governo-bolsonaro-recua-de-acordo-com-grupo-da-riachuelo-e-da-havan\/#primaryimage","url":"https:\/\/psol50.org.br\/inc\/uploads\/2019\/07\/hang_bolso-780x440-1.jpg","contentUrl":"https:\/\/psol50.org.br\/inc\/uploads\/2019\/07\/hang_bolso-780x440-1.jpg","width":780,"height":440},{"@type":"BreadcrumbList","@id":"https:\/\/psol50.org.br\/apos-pressao-do-psol-governo-bolsonaro-recua-de-acordo-com-grupo-da-riachuelo-e-da-havan\/#breadcrumb","itemListElement":[{"@type":"ListItem","position":1,"name":"In\u00edcio","item":"https:\/\/psol50.org.br\/"},{"@type":"ListItem","position":2,"name":"Ap\u00f3s press\u00e3o do PSOL, governo Bolsonaro recua de acordo com grupo da Riachuelo e da Havan"}]},{"@type":"WebSite","@id":"https:\/\/psol50.org.br\/#website","url":"https:\/\/psol50.org.br\/","name":"PSOL 50","description":"Site oficial do Partido Socialismo e Liberdade","publisher":{"@id":"https:\/\/psol50.org.br\/#organization"},"alternateName":"PSOL50","potentialAction":[{"@type":"SearchAction","target":{"@type":"EntryPoint","urlTemplate":"https:\/\/psol50.org.br\/?s={search_term_string}"},"query-input":{"@type":"PropertyValueSpecification","valueRequired":true,"valueName":"search_term_string"}}],"inLanguage":"pt-BR"},{"@type":"Organization","@id":"https:\/\/psol50.org.br\/#organization","name":"PSOL 50","alternateName":"PSOL 50","url":"https:\/\/psol50.org.br\/","logo":{"@type":"ImageObject","inLanguage":"pt-BR","@id":"https:\/\/psol50.org.br\/#\/schema\/logo\/image\/","url":"https:\/\/psol50.org.br\/inc\/uploads\/2018\/07\/capa.png","contentUrl":"https:\/\/psol50.org.br\/inc\/uploads\/2018\/07\/capa.png","width":1350,"height":900,"caption":"PSOL 50"},"image":{"@id":"https:\/\/psol50.org.br\/#\/schema\/logo\/image\/"},"sameAs":["https:\/\/www.facebook.com\/psol50","https:\/\/x.com\/psol50","https:\/\/www.instagram.com\/psol50\/","https:\/\/www.youtube.com\/channel\/UC7SnJS5o1os7a6CaiNabzcg"]},{"@type":"Person","@id":"https:\/\/psol50.org.br\/#\/schema\/person\/475dfa57d0b815993c714c2e96491fcd","name":"Comunica\u00e7\u00e3o PSOL","image":{"@type":"ImageObject","inLanguage":"pt-BR","@id":"https:\/\/psol50.org.br\/#\/schema\/person\/image\/","url":"https:\/\/secure.gravatar.com\/avatar\/b34fc4f4e468a4e51785917065a3db57b841f5c95dba6ad8c73aaf8f66f8f9bf?s=96&d=mm&r=g","contentUrl":"https:\/\/secure.gravatar.com\/avatar\/b34fc4f4e468a4e51785917065a3db57b841f5c95dba6ad8c73aaf8f66f8f9bf?s=96&d=mm&r=g","caption":"Comunica\u00e7\u00e3o PSOL"}}]}},"_links":{"self":[{"href":"https:\/\/psol50.org.br\/rest\/wp\/v2\/posts\/25727","targetHints":{"allow":["GET"]}}],"collection":[{"href":"https:\/\/psol50.org.br\/rest\/wp\/v2\/posts"}],"about":[{"href":"https:\/\/psol50.org.br\/rest\/wp\/v2\/types\/post"}],"author":[{"embeddable":true,"href":"https:\/\/psol50.org.br\/rest\/wp\/v2\/users\/2"}],"replies":[{"embeddable":true,"href":"https:\/\/psol50.org.br\/rest\/wp\/v2\/comments?post=25727"}],"version-history":[{"count":0,"href":"https:\/\/psol50.org.br\/rest\/wp\/v2\/posts\/25727\/revisions"}],"wp:featuredmedia":[{"embeddable":true,"href":"https:\/\/psol50.org.br\/rest\/wp\/v2\/media\/25728"}],"wp:attachment":[{"href":"https:\/\/psol50.org.br\/rest\/wp\/v2\/media?parent=25727"}],"wp:term":[{"taxonomy":"category","embeddable":true,"href":"https:\/\/psol50.org.br\/rest\/wp\/v2\/categories?post=25727"},{"taxonomy":"post_tag","embeddable":true,"href":"https:\/\/psol50.org.br\/rest\/wp\/v2\/tags?post=25727"}],"curies":[{"name":"wp","href":"https:\/\/api.w.org\/{rel}","templated":true}]}}