{"id":25749,"date":"2019-07-03T18:52:39","date_gmt":"2019-07-03T21:52:39","guid":{"rendered":"http:\/\/psol50.org.br\/?p=25749"},"modified":"2019-07-03T18:52:39","modified_gmt":"2019-07-03T21:52:39","slug":"mocao-de-repudio-a-propaganda-racista-do-mec-e-aprovada-na-camara","status":"publish","type":"post","link":"https:\/\/psol50.org.br\/mocao-de-repudio-a-propaganda-racista-do-mec-e-aprovada-na-camara\/","title":{"rendered":"Mo\u00e7\u00e3o de rep\u00fadio a propaganda racista do MEC \u00e9 aprovada na C\u00e2mara"},"content":{"rendered":"<p>Nesta quarta-feira (3), foi aprovada na Comiss\u00e3o de Cultura da C\u00e2mara dos Deputados uma mo\u00e7\u00e3o de rep\u00fadio \u00e0 campanha do Minist\u00e9rio da Educa\u00e7\u00e3o, que promove o apagamento simb\u00f3lico de uma estudante negra em uma de suas pe\u00e7as de divulga\u00e7\u00e3o. \u201cN\u00e3o queremos o embranquecimento simb\u00f3lico de nossa popula\u00e7\u00e3o negra ou o apagamento das identidades raciais. N\u00e3o pode haver seletividade nas pol\u00edticas educacionais e qualquer comunica\u00e7\u00e3o oficial do governo deve estar alinhada a esses princ\u00edpios\u201d, declarou \u00c1urea Carolina, parlamentar do PSOL respons\u00e1vel pela apresenta\u00e7\u00e3o da mo\u00e7\u00e3o.<\/p>\n<p>Na semana passada, parlamentares da base do governo pediram o arquivamento do pedido de rep\u00fadio. \u00c1urea reapresentou a mo\u00e7\u00e3o hoje, alegando que \u00e9 grave que o MEC seja respons\u00e1vel por uma a\u00e7\u00e3o publicit\u00e1ria que \u201crefor\u00e7a imagin\u00e1rios de superioridade racial, ligados ao nosso passado colonial escravocrata\u201d, ainda que a inten\u00e7\u00e3o inicial da campanha n\u00e3o tenha sido essa. Agora que est\u00e1 aprovada, a mo\u00e7\u00e3o ser\u00e1 convertida em um rep\u00fadio oficial da Comiss\u00e3o de Cultura \u00e0 campanha racista do minist\u00e9rio.<\/p>\n","protected":false},"excerpt":{"rendered":"<p>Nesta quarta-feira (3), foi aprovada na Comiss\u00e3o de Cultura da C\u00e2mara dos Deputados uma mo\u00e7\u00e3o de rep\u00fadio \u00e0 campanha do Minist\u00e9rio da Educa\u00e7\u00e3o, que promove o apagamento simb\u00f3lico de uma estudante negra em uma de suas pe\u00e7as de divulga\u00e7\u00e3o. \u201cN\u00e3o queremos o embranquecimento simb\u00f3lico de nossa popula\u00e7\u00e3o negra ou o apagamento das identidades raciais. N\u00e3o [&hellip;]<\/p>\n","protected":false},"author":2,"featured_media":25575,"comment_status":"closed","ping_status":"open","sticky":false,"template":"","format":"standard","meta":{"_acf_changed":false,"footnotes":""},"categories":[6],"tags":[1907,163,1908,91,966,127],"class_list":{"0":"post-25749","1":"post","2":"type-post","3":"status-publish","4":"format-standard","5":"has-post-thumbnail","7":"category-noticias","8":"tag-aurea","9":"tag-camara","10":"tag-comissao-de-cultura","11":"tag-mec","12":"tag-propaganda","13":"tag-racismo"},"acf":[],"yoast_head":"<!-- This site is optimized with the Yoast SEO plugin v26.5 - https:\/\/yoast.com\/wordpress\/plugins\/seo\/ -->\n<title>Mo\u00e7\u00e3o de rep\u00fadio a propaganda racista do MEC \u00e9 aprovada na C\u00e2mara - PSOL 50<\/title>\n<meta name=\"description\" content=\"Texto foi apresentado por \u00c1urea Carolina na Comiss\u00e3o de Cultura\" \/>\n<meta name=\"robots\" content=\"index, follow, max-snippet:-1, max-image-preview:large, max-video-preview:-1\" \/>\n<link rel=\"canonical\" href=\"https:\/\/psol50.org.br\/mocao-de-repudio-a-propaganda-racista-do-mec-e-aprovada-na-camara\/\" \/>\n<meta property=\"og:locale\" content=\"pt_BR\" \/>\n<meta property=\"og:type\" content=\"article\" \/>\n<meta property=\"og:title\" content=\"Mo\u00e7\u00e3o de rep\u00fadio a propaganda racista do MEC \u00e9 aprovada na C\u00e2mara\" \/>\n<meta property=\"og:description\" content=\"Texto foi apresentado por \u00c1urea Carolina na Comiss\u00e3o de Cultura\" \/>\n<meta property=\"og:url\" content=\"https:\/\/psol50.org.br\/mocao-de-repudio-a-propaganda-racista-do-mec-e-aprovada-na-camara\/\" \/>\n<meta property=\"og:site_name\" content=\"PSOL 50\" \/>\n<meta property=\"article:publisher\" content=\"https:\/\/www.facebook.com\/psol50\" \/>\n<meta property=\"article:published_time\" content=\"2019-07-03T21:52:39+00:00\" \/>\n<meta property=\"og:image\" content=\"https:\/\/psol50.org.br\/inc\/uploads\/2019\/06\/propagandaMEC.jpg\" \/>\n\t<meta property=\"og:image:width\" content=\"1086\" \/>\n\t<meta property=\"og:image:height\" content=\"652\" \/>\n\t<meta property=\"og:image:type\" content=\"image\/jpeg\" \/>\n<meta name=\"author\" content=\"Comunica\u00e7\u00e3o PSOL\" \/>\n<meta name=\"twitter:card\" content=\"summary_large_image\" \/>\n<meta name=\"twitter:title\" content=\"Mo\u00e7\u00e3o de rep\u00fadio a propaganda racista do MEC \u00e9 aprovada na C\u00e2mara\" \/>\n<meta name=\"twitter:description\" content=\"Texto foi apresentado por \u00c1urea Carolina na Comiss\u00e3o de Cultura\" \/>\n<meta name=\"twitter:image\" content=\"https:\/\/psol50.org.br\/inc\/uploads\/2019\/06\/propagandaMEC.jpg\" \/>\n<meta name=\"twitter:creator\" content=\"@psol50\" \/>\n<meta name=\"twitter:site\" content=\"@psol50\" \/>\n<meta name=\"twitter:label1\" content=\"Escrito por\" \/>\n\t<meta name=\"twitter:data1\" content=\"Comunica\u00e7\u00e3o PSOL\" \/>\n\t<meta name=\"twitter:label2\" content=\"Est. tempo de leitura\" \/>\n\t<meta name=\"twitter:data2\" content=\"1 minuto\" \/>\n<script type=\"application\/ld+json\" class=\"yoast-schema-graph\">{\"@context\":\"https:\/\/schema.org\",\"@graph\":[{\"@type\":\"Article\",\"@id\":\"https:\/\/psol50.org.br\/mocao-de-repudio-a-propaganda-racista-do-mec-e-aprovada-na-camara\/#article\",\"isPartOf\":{\"@id\":\"https:\/\/psol50.org.br\/mocao-de-repudio-a-propaganda-racista-do-mec-e-aprovada-na-camara\/\"},\"author\":{\"name\":\"Comunica\u00e7\u00e3o PSOL\",\"@id\":\"https:\/\/psol50.org.br\/#\/schema\/person\/475dfa57d0b815993c714c2e96491fcd\"},\"headline\":\"Mo\u00e7\u00e3o de rep\u00fadio a propaganda racista do MEC \u00e9 aprovada na C\u00e2mara\",\"datePublished\":\"2019-07-03T21:52:39+00:00\",\"mainEntityOfPage\":{\"@id\":\"https:\/\/psol50.org.br\/mocao-de-repudio-a-propaganda-racista-do-mec-e-aprovada-na-camara\/\"},\"wordCount\":203,\"publisher\":{\"@id\":\"https:\/\/psol50.org.br\/#organization\"},\"image\":{\"@id\":\"https:\/\/psol50.org.br\/mocao-de-repudio-a-propaganda-racista-do-mec-e-aprovada-na-camara\/#primaryimage\"},\"thumbnailUrl\":\"https:\/\/psol50.org.br\/inc\/uploads\/2019\/06\/propagandaMEC.jpg\",\"keywords\":[\"\u00e1urea\",\"c\u00e2mara\",\"comiss\u00e3o de cultura\",\"MEC\",\"propaganda\",\"racismo\"],\"articleSection\":[\"Not\u00edcias\"],\"inLanguage\":\"pt-BR\"},{\"@type\":\"WebPage\",\"@id\":\"https:\/\/psol50.org.br\/mocao-de-repudio-a-propaganda-racista-do-mec-e-aprovada-na-camara\/\",\"url\":\"https:\/\/psol50.org.br\/mocao-de-repudio-a-propaganda-racista-do-mec-e-aprovada-na-camara\/\",\"name\":\"Mo\u00e7\u00e3o de rep\u00fadio a propaganda racista do MEC \u00e9 aprovada na C\u00e2mara - PSOL 50\",\"isPartOf\":{\"@id\":\"https:\/\/psol50.org.br\/#website\"},\"primaryImageOfPage\":{\"@id\":\"https:\/\/psol50.org.br\/mocao-de-repudio-a-propaganda-racista-do-mec-e-aprovada-na-camara\/#primaryimage\"},\"image\":{\"@id\":\"https:\/\/psol50.org.br\/mocao-de-repudio-a-propaganda-racista-do-mec-e-aprovada-na-camara\/#primaryimage\"},\"thumbnailUrl\":\"https:\/\/psol50.org.br\/inc\/uploads\/2019\/06\/propagandaMEC.jpg\",\"datePublished\":\"2019-07-03T21:52:39+00:00\",\"description\":\"Texto foi apresentado por \u00c1urea Carolina na Comiss\u00e3o de Cultura\",\"breadcrumb\":{\"@id\":\"https:\/\/psol50.org.br\/mocao-de-repudio-a-propaganda-racista-do-mec-e-aprovada-na-camara\/#breadcrumb\"},\"inLanguage\":\"pt-BR\",\"potentialAction\":[{\"@type\":\"ReadAction\",\"target\":[\"https:\/\/psol50.org.br\/mocao-de-repudio-a-propaganda-racista-do-mec-e-aprovada-na-camara\/\"]}]},{\"@type\":\"ImageObject\",\"inLanguage\":\"pt-BR\",\"@id\":\"https:\/\/psol50.org.br\/mocao-de-repudio-a-propaganda-racista-do-mec-e-aprovada-na-camara\/#primaryimage\",\"url\":\"https:\/\/psol50.org.br\/inc\/uploads\/2019\/06\/propagandaMEC.jpg\",\"contentUrl\":\"https:\/\/psol50.org.br\/inc\/uploads\/2019\/06\/propagandaMEC.jpg\",\"width\":1086,\"height\":652,\"caption\":\"Reprodu\u00e7\u00e3o: MEC\"},{\"@type\":\"BreadcrumbList\",\"@id\":\"https:\/\/psol50.org.br\/mocao-de-repudio-a-propaganda-racista-do-mec-e-aprovada-na-camara\/#breadcrumb\",\"itemListElement\":[{\"@type\":\"ListItem\",\"position\":1,\"name\":\"In\u00edcio\",\"item\":\"https:\/\/psol50.org.br\/\"},{\"@type\":\"ListItem\",\"position\":2,\"name\":\"Mo\u00e7\u00e3o de rep\u00fadio a propaganda racista do MEC \u00e9 aprovada na C\u00e2mara\"}]},{\"@type\":\"WebSite\",\"@id\":\"https:\/\/psol50.org.br\/#website\",\"url\":\"https:\/\/psol50.org.br\/\",\"name\":\"PSOL 50\",\"description\":\"Site oficial do Partido Socialismo e Liberdade\",\"publisher\":{\"@id\":\"https:\/\/psol50.org.br\/#organization\"},\"alternateName\":\"PSOL50\",\"potentialAction\":[{\"@type\":\"SearchAction\",\"target\":{\"@type\":\"EntryPoint\",\"urlTemplate\":\"https:\/\/psol50.org.br\/?s={search_term_string}\"},\"query-input\":{\"@type\":\"PropertyValueSpecification\",\"valueRequired\":true,\"valueName\":\"search_term_string\"}}],\"inLanguage\":\"pt-BR\"},{\"@type\":\"Organization\",\"@id\":\"https:\/\/psol50.org.br\/#organization\",\"name\":\"PSOL 50\",\"alternateName\":\"PSOL 50\",\"url\":\"https:\/\/psol50.org.br\/\",\"logo\":{\"@type\":\"ImageObject\",\"inLanguage\":\"pt-BR\",\"@id\":\"https:\/\/psol50.org.br\/#\/schema\/logo\/image\/\",\"url\":\"https:\/\/psol50.org.br\/inc\/uploads\/2018\/07\/capa.png\",\"contentUrl\":\"https:\/\/psol50.org.br\/inc\/uploads\/2018\/07\/capa.png\",\"width\":1350,\"height\":900,\"caption\":\"PSOL 50\"},\"image\":{\"@id\":\"https:\/\/psol50.org.br\/#\/schema\/logo\/image\/\"},\"sameAs\":[\"https:\/\/www.facebook.com\/psol50\",\"https:\/\/x.com\/psol50\",\"https:\/\/www.instagram.com\/psol50\/\",\"https:\/\/www.youtube.com\/channel\/UC7SnJS5o1os7a6CaiNabzcg\"]},{\"@type\":\"Person\",\"@id\":\"https:\/\/psol50.org.br\/#\/schema\/person\/475dfa57d0b815993c714c2e96491fcd\",\"name\":\"Comunica\u00e7\u00e3o PSOL\",\"image\":{\"@type\":\"ImageObject\",\"inLanguage\":\"pt-BR\",\"@id\":\"https:\/\/psol50.org.br\/#\/schema\/person\/image\/\",\"url\":\"https:\/\/secure.gravatar.com\/avatar\/b34fc4f4e468a4e51785917065a3db57b841f5c95dba6ad8c73aaf8f66f8f9bf?s=96&d=mm&r=g\",\"contentUrl\":\"https:\/\/secure.gravatar.com\/avatar\/b34fc4f4e468a4e51785917065a3db57b841f5c95dba6ad8c73aaf8f66f8f9bf?s=96&d=mm&r=g\",\"caption\":\"Comunica\u00e7\u00e3o PSOL\"}}]}<\/script>\n<!-- \/ Yoast SEO plugin. -->","yoast_head_json":{"title":"Mo\u00e7\u00e3o de rep\u00fadio a propaganda racista do MEC \u00e9 aprovada na C\u00e2mara - PSOL 50","description":"Texto foi apresentado por \u00c1urea Carolina na Comiss\u00e3o de Cultura","robots":{"index":"index","follow":"follow","max-snippet":"max-snippet:-1","max-image-preview":"max-image-preview:large","max-video-preview":"max-video-preview:-1"},"canonical":"https:\/\/psol50.org.br\/mocao-de-repudio-a-propaganda-racista-do-mec-e-aprovada-na-camara\/","og_locale":"pt_BR","og_type":"article","og_title":"Mo\u00e7\u00e3o de rep\u00fadio a propaganda racista do MEC \u00e9 aprovada na C\u00e2mara","og_description":"Texto foi apresentado por \u00c1urea Carolina na Comiss\u00e3o de Cultura","og_url":"https:\/\/psol50.org.br\/mocao-de-repudio-a-propaganda-racista-do-mec-e-aprovada-na-camara\/","og_site_name":"PSOL 50","article_publisher":"https:\/\/www.facebook.com\/psol50","article_published_time":"2019-07-03T21:52:39+00:00","og_image":[{"width":1086,"height":652,"url":"https:\/\/psol50.org.br\/inc\/uploads\/2019\/06\/propagandaMEC.jpg","type":"image\/jpeg"}],"author":"Comunica\u00e7\u00e3o PSOL","twitter_card":"summary_large_image","twitter_title":"Mo\u00e7\u00e3o de rep\u00fadio a propaganda racista do MEC \u00e9 aprovada na C\u00e2mara","twitter_description":"Texto foi apresentado por \u00c1urea Carolina na Comiss\u00e3o de Cultura","twitter_image":"https:\/\/psol50.org.br\/inc\/uploads\/2019\/06\/propagandaMEC.jpg","twitter_creator":"@psol50","twitter_site":"@psol50","twitter_misc":{"Escrito por":"Comunica\u00e7\u00e3o PSOL","Est. tempo de leitura":"1 minuto"},"schema":{"@context":"https:\/\/schema.org","@graph":[{"@type":"Article","@id":"https:\/\/psol50.org.br\/mocao-de-repudio-a-propaganda-racista-do-mec-e-aprovada-na-camara\/#article","isPartOf":{"@id":"https:\/\/psol50.org.br\/mocao-de-repudio-a-propaganda-racista-do-mec-e-aprovada-na-camara\/"},"author":{"name":"Comunica\u00e7\u00e3o PSOL","@id":"https:\/\/psol50.org.br\/#\/schema\/person\/475dfa57d0b815993c714c2e96491fcd"},"headline":"Mo\u00e7\u00e3o de rep\u00fadio a propaganda racista do MEC \u00e9 aprovada na C\u00e2mara","datePublished":"2019-07-03T21:52:39+00:00","mainEntityOfPage":{"@id":"https:\/\/psol50.org.br\/mocao-de-repudio-a-propaganda-racista-do-mec-e-aprovada-na-camara\/"},"wordCount":203,"publisher":{"@id":"https:\/\/psol50.org.br\/#organization"},"image":{"@id":"https:\/\/psol50.org.br\/mocao-de-repudio-a-propaganda-racista-do-mec-e-aprovada-na-camara\/#primaryimage"},"thumbnailUrl":"https:\/\/psol50.org.br\/inc\/uploads\/2019\/06\/propagandaMEC.jpg","keywords":["\u00e1urea","c\u00e2mara","comiss\u00e3o de cultura","MEC","propaganda","racismo"],"articleSection":["Not\u00edcias"],"inLanguage":"pt-BR"},{"@type":"WebPage","@id":"https:\/\/psol50.org.br\/mocao-de-repudio-a-propaganda-racista-do-mec-e-aprovada-na-camara\/","url":"https:\/\/psol50.org.br\/mocao-de-repudio-a-propaganda-racista-do-mec-e-aprovada-na-camara\/","name":"Mo\u00e7\u00e3o de rep\u00fadio a propaganda racista do MEC \u00e9 aprovada na C\u00e2mara - PSOL 50","isPartOf":{"@id":"https:\/\/psol50.org.br\/#website"},"primaryImageOfPage":{"@id":"https:\/\/psol50.org.br\/mocao-de-repudio-a-propaganda-racista-do-mec-e-aprovada-na-camara\/#primaryimage"},"image":{"@id":"https:\/\/psol50.org.br\/mocao-de-repudio-a-propaganda-racista-do-mec-e-aprovada-na-camara\/#primaryimage"},"thumbnailUrl":"https:\/\/psol50.org.br\/inc\/uploads\/2019\/06\/propagandaMEC.jpg","datePublished":"2019-07-03T21:52:39+00:00","description":"Texto foi apresentado por \u00c1urea Carolina na Comiss\u00e3o de Cultura","breadcrumb":{"@id":"https:\/\/psol50.org.br\/mocao-de-repudio-a-propaganda-racista-do-mec-e-aprovada-na-camara\/#breadcrumb"},"inLanguage":"pt-BR","potentialAction":[{"@type":"ReadAction","target":["https:\/\/psol50.org.br\/mocao-de-repudio-a-propaganda-racista-do-mec-e-aprovada-na-camara\/"]}]},{"@type":"ImageObject","inLanguage":"pt-BR","@id":"https:\/\/psol50.org.br\/mocao-de-repudio-a-propaganda-racista-do-mec-e-aprovada-na-camara\/#primaryimage","url":"https:\/\/psol50.org.br\/inc\/uploads\/2019\/06\/propagandaMEC.jpg","contentUrl":"https:\/\/psol50.org.br\/inc\/uploads\/2019\/06\/propagandaMEC.jpg","width":1086,"height":652,"caption":"Reprodu\u00e7\u00e3o: MEC"},{"@type":"BreadcrumbList","@id":"https:\/\/psol50.org.br\/mocao-de-repudio-a-propaganda-racista-do-mec-e-aprovada-na-camara\/#breadcrumb","itemListElement":[{"@type":"ListItem","position":1,"name":"In\u00edcio","item":"https:\/\/psol50.org.br\/"},{"@type":"ListItem","position":2,"name":"Mo\u00e7\u00e3o de rep\u00fadio a propaganda racista do MEC \u00e9 aprovada na C\u00e2mara"}]},{"@type":"WebSite","@id":"https:\/\/psol50.org.br\/#website","url":"https:\/\/psol50.org.br\/","name":"PSOL 50","description":"Site oficial do Partido Socialismo e Liberdade","publisher":{"@id":"https:\/\/psol50.org.br\/#organization"},"alternateName":"PSOL50","potentialAction":[{"@type":"SearchAction","target":{"@type":"EntryPoint","urlTemplate":"https:\/\/psol50.org.br\/?s={search_term_string}"},"query-input":{"@type":"PropertyValueSpecification","valueRequired":true,"valueName":"search_term_string"}}],"inLanguage":"pt-BR"},{"@type":"Organization","@id":"https:\/\/psol50.org.br\/#organization","name":"PSOL 50","alternateName":"PSOL 50","url":"https:\/\/psol50.org.br\/","logo":{"@type":"ImageObject","inLanguage":"pt-BR","@id":"https:\/\/psol50.org.br\/#\/schema\/logo\/image\/","url":"https:\/\/psol50.org.br\/inc\/uploads\/2018\/07\/capa.png","contentUrl":"https:\/\/psol50.org.br\/inc\/uploads\/2018\/07\/capa.png","width":1350,"height":900,"caption":"PSOL 50"},"image":{"@id":"https:\/\/psol50.org.br\/#\/schema\/logo\/image\/"},"sameAs":["https:\/\/www.facebook.com\/psol50","https:\/\/x.com\/psol50","https:\/\/www.instagram.com\/psol50\/","https:\/\/www.youtube.com\/channel\/UC7SnJS5o1os7a6CaiNabzcg"]},{"@type":"Person","@id":"https:\/\/psol50.org.br\/#\/schema\/person\/475dfa57d0b815993c714c2e96491fcd","name":"Comunica\u00e7\u00e3o PSOL","image":{"@type":"ImageObject","inLanguage":"pt-BR","@id":"https:\/\/psol50.org.br\/#\/schema\/person\/image\/","url":"https:\/\/secure.gravatar.com\/avatar\/b34fc4f4e468a4e51785917065a3db57b841f5c95dba6ad8c73aaf8f66f8f9bf?s=96&d=mm&r=g","contentUrl":"https:\/\/secure.gravatar.com\/avatar\/b34fc4f4e468a4e51785917065a3db57b841f5c95dba6ad8c73aaf8f66f8f9bf?s=96&d=mm&r=g","caption":"Comunica\u00e7\u00e3o PSOL"}}]}},"_links":{"self":[{"href":"https:\/\/psol50.org.br\/rest\/wp\/v2\/posts\/25749","targetHints":{"allow":["GET"]}}],"collection":[{"href":"https:\/\/psol50.org.br\/rest\/wp\/v2\/posts"}],"about":[{"href":"https:\/\/psol50.org.br\/rest\/wp\/v2\/types\/post"}],"author":[{"embeddable":true,"href":"https:\/\/psol50.org.br\/rest\/wp\/v2\/users\/2"}],"replies":[{"embeddable":true,"href":"https:\/\/psol50.org.br\/rest\/wp\/v2\/comments?post=25749"}],"version-history":[{"count":0,"href":"https:\/\/psol50.org.br\/rest\/wp\/v2\/posts\/25749\/revisions"}],"wp:featuredmedia":[{"embeddable":true,"href":"https:\/\/psol50.org.br\/rest\/wp\/v2\/media\/25575"}],"wp:attachment":[{"href":"https:\/\/psol50.org.br\/rest\/wp\/v2\/media?parent=25749"}],"wp:term":[{"taxonomy":"category","embeddable":true,"href":"https:\/\/psol50.org.br\/rest\/wp\/v2\/categories?post=25749"},{"taxonomy":"post_tag","embeddable":true,"href":"https:\/\/psol50.org.br\/rest\/wp\/v2\/tags?post=25749"}],"curies":[{"name":"wp","href":"https:\/\/api.w.org\/{rel}","templated":true}]}}