{"id":25770,"date":"2019-07-04T15:45:06","date_gmt":"2019-07-04T18:45:06","guid":{"rendered":"http:\/\/psol50.org.br\/?p=25770"},"modified":"2019-07-04T15:45:06","modified_gmt":"2019-07-04T18:45:06","slug":"nota-em-solidariedade-aos-professores-e-professoras-em-greve-e-a-sociedade-matogrossense","status":"publish","type":"post","link":"https:\/\/psol50.org.br\/nota-em-solidariedade-aos-professores-e-professoras-em-greve-e-a-sociedade-matogrossense\/","title":{"rendered":"Nota em solidariedade aos professores e professoras em greve e \u00e0 sociedade matogrossense"},"content":{"rendered":"<p>Jos\u00e9 Roberto Cavalcante:<\/p>\n<p>O Diret\u00f3rio Estadual do PSOL de Mato Grosso se solidariza com os profissionais da educa\u00e7\u00e3o desse Estado que est\u00e3o em greve desde 27 de maio de 2019, por melhorias no sistema estadual de educa\u00e7\u00e3o, n\u00e3o cumprimentos da Lei estadual 510\/2013 por parte do governo (lei editada para equiparar de forma gradual os sal\u00e1rios dos profissionais da educa\u00e7\u00e3o com outros servidores p\u00fablicos de outros poderes em mesmo grau de instru\u00e7\u00e3o no estado e outros direitos j\u00e1 garantidos em lei \u00e0 classe desses profissionais \u2013 Reestrutura\u00e7\u00e3o dos subs\u00eddios dos profissionais da educa\u00e7\u00e3o b\u00e1sica do Estado de Mato Grosso).<\/p>\n<p>Sabemos das condi\u00e7\u00f5es de trabalho que o profissional da educa\u00e7\u00e3o enfrenta nas salas de aula com uma dedica\u00e7\u00e3o para formar as pessoas no intuito da constru\u00e7\u00e3o de uma sociedade mais esclarecida, justa e humana. Infelizmente esse governo n\u00e3o reconhece o esfor\u00e7o desses profissionais que est\u00e3o a cada dia mais desvalorizado na sociedade mato-grossense e brasileira.<\/p>\n<p>Em resposta \u00e0 greve o governo de forma ilegal cortou o ponto dos trabalhadores em greve, fato in\u00e9dito na administra\u00e7\u00e3o p\u00fablica do nosso Estado, demonstrando o descaso coma educa\u00e7\u00e3o de forma geral pois n\u00e3o se preocupa com a forma\u00e7\u00e3o educacional da sociedade, pois com essa atitude descarta a possibilidade de reposi\u00e7\u00e3o futura da educa\u00e7\u00e3o pois se n\u00e3o paga n\u00e3o h\u00e1 que se falar em repor nada, mostrando seu descompromisso social com os estudantes, mesmo esses professores e professoras reivindicando direitos assegurados em Lei o que tem causado grandes transtornos a esses profissionais levando muitos a situa\u00e7\u00e3o de pen\u00faria e vexat\u00f3ria na sua vida e at\u00e9 em alguns casos a pedirem ajuda nos sem\u00e1foros para sobreviverem.<\/p>\n<p>Repudiamos a total falta de compromisso desse governo com os professores e professoras e com a sociedade de forma geral.<\/p>\n<p><em><strong>Cuiab\u00e1\/MT, 03 de julho de 2019<\/strong><\/em><br \/>\n<em><strong>Diret\u00f3rio Estadual do Partido Socialismo e Liberdade em Mato Grosso<\/strong><\/em><\/p>\n","protected":false},"excerpt":{"rendered":"<p>Jos\u00e9 Roberto Cavalcante: O Diret\u00f3rio Estadual do PSOL de Mato Grosso se solidariza com os profissionais da educa\u00e7\u00e3o desse Estado que est\u00e3o em greve desde 27 de maio de 2019, por melhorias no sistema estadual de educa\u00e7\u00e3o, n\u00e3o cumprimentos da Lei estadual 510\/2013 por parte do governo (lei editada para equiparar de forma gradual os [&hellip;]<\/p>\n","protected":false},"author":2,"featured_media":24774,"comment_status":"closed","ping_status":"open","sticky":false,"template":"","format":"standard","meta":{"_acf_changed":false,"footnotes":""},"categories":[6],"tags":[221,1912,19,272,22],"class_list":{"0":"post-25770","1":"post","2":"type-post","3":"status-publish","4":"format-standard","5":"has-post-thumbnail","7":"category-noticias","8":"tag-greve","9":"tag-mato-grosso","10":"tag-nota","11":"tag-professores","12":"tag-psol"},"acf":[],"yoast_head":"<!-- This site is optimized with the Yoast SEO plugin v26.5 - https:\/\/yoast.com\/wordpress\/plugins\/seo\/ -->\n<title>Nota em solidariedade aos professores e professoras em greve e \u00e0 sociedade matogrossense - PSOL 50<\/title>\n<meta name=\"description\" content=\"Profissionais da educa\u00e7\u00e3o do MT est\u00e3o em greve desde 27 de maio\" \/>\n<meta name=\"robots\" content=\"index, follow, max-snippet:-1, max-image-preview:large, max-video-preview:-1\" \/>\n<link rel=\"canonical\" href=\"https:\/\/psol50.org.br\/nota-em-solidariedade-aos-professores-e-professoras-em-greve-e-a-sociedade-matogrossense\/\" \/>\n<meta property=\"og:locale\" content=\"pt_BR\" \/>\n<meta property=\"og:type\" content=\"article\" \/>\n<meta property=\"og:title\" content=\"Nota em solidariedade aos professores e professoras em greve e \u00e0 sociedade matogrossense\" \/>\n<meta property=\"og:description\" content=\"Profissionais da educa\u00e7\u00e3o do MT est\u00e3o em greve desde 27 de maio\" \/>\n<meta property=\"og:url\" content=\"https:\/\/psol50.org.br\/nota-em-solidariedade-aos-professores-e-professoras-em-greve-e-a-sociedade-matogrossense\/\" \/>\n<meta property=\"og:site_name\" content=\"PSOL 50\" \/>\n<meta property=\"article:publisher\" content=\"https:\/\/www.facebook.com\/psol50\" \/>\n<meta property=\"article:published_time\" content=\"2019-07-04T18:45:06+00:00\" \/>\n<meta property=\"og:image\" content=\"https:\/\/psol50.org.br\/inc\/uploads\/2019\/04\/capa-546x365-2.png\" \/>\n\t<meta property=\"og:image:width\" content=\"546\" \/>\n\t<meta property=\"og:image:height\" content=\"365\" \/>\n\t<meta property=\"og:image:type\" content=\"image\/png\" \/>\n<meta name=\"author\" content=\"Comunica\u00e7\u00e3o PSOL\" \/>\n<meta name=\"twitter:card\" content=\"summary_large_image\" \/>\n<meta name=\"twitter:title\" content=\"Nota em solidariedade aos professores e professoras em greve e \u00e0 sociedade matogrossense\" \/>\n<meta name=\"twitter:description\" content=\"Profissionais da educa\u00e7\u00e3o do MT est\u00e3o em greve desde 27 de maio\" \/>\n<meta name=\"twitter:image\" content=\"https:\/\/psol50.org.br\/inc\/uploads\/2019\/04\/capa-546x365-2.png\" \/>\n<meta name=\"twitter:creator\" content=\"@psol50\" \/>\n<meta name=\"twitter:site\" content=\"@psol50\" \/>\n<meta name=\"twitter:label1\" content=\"Escrito por\" \/>\n\t<meta name=\"twitter:data1\" content=\"Comunica\u00e7\u00e3o PSOL\" \/>\n\t<meta name=\"twitter:label2\" content=\"Est. tempo de leitura\" \/>\n\t<meta name=\"twitter:data2\" content=\"2 minutos\" \/>\n<script type=\"application\/ld+json\" class=\"yoast-schema-graph\">{\"@context\":\"https:\/\/schema.org\",\"@graph\":[{\"@type\":\"Article\",\"@id\":\"https:\/\/psol50.org.br\/nota-em-solidariedade-aos-professores-e-professoras-em-greve-e-a-sociedade-matogrossense\/#article\",\"isPartOf\":{\"@id\":\"https:\/\/psol50.org.br\/nota-em-solidariedade-aos-professores-e-professoras-em-greve-e-a-sociedade-matogrossense\/\"},\"author\":{\"name\":\"Comunica\u00e7\u00e3o PSOL\",\"@id\":\"https:\/\/psol50.org.br\/#\/schema\/person\/475dfa57d0b815993c714c2e96491fcd\"},\"headline\":\"Nota em solidariedade aos professores e professoras em greve e \u00e0 sociedade matogrossense\",\"datePublished\":\"2019-07-04T18:45:06+00:00\",\"mainEntityOfPage\":{\"@id\":\"https:\/\/psol50.org.br\/nota-em-solidariedade-aos-professores-e-professoras-em-greve-e-a-sociedade-matogrossense\/\"},\"wordCount\":345,\"publisher\":{\"@id\":\"https:\/\/psol50.org.br\/#organization\"},\"image\":{\"@id\":\"https:\/\/psol50.org.br\/nota-em-solidariedade-aos-professores-e-professoras-em-greve-e-a-sociedade-matogrossense\/#primaryimage\"},\"thumbnailUrl\":\"https:\/\/psol50.org.br\/inc\/uploads\/2019\/04\/capa-546x365-2.png\",\"keywords\":[\"greve\",\"Mato Grosso\",\"nota\",\"professores\",\"PSOL\"],\"articleSection\":[\"Not\u00edcias\"],\"inLanguage\":\"pt-BR\"},{\"@type\":\"WebPage\",\"@id\":\"https:\/\/psol50.org.br\/nota-em-solidariedade-aos-professores-e-professoras-em-greve-e-a-sociedade-matogrossense\/\",\"url\":\"https:\/\/psol50.org.br\/nota-em-solidariedade-aos-professores-e-professoras-em-greve-e-a-sociedade-matogrossense\/\",\"name\":\"Nota em solidariedade aos professores e professoras em greve e \u00e0 sociedade matogrossense - PSOL 50\",\"isPartOf\":{\"@id\":\"https:\/\/psol50.org.br\/#website\"},\"primaryImageOfPage\":{\"@id\":\"https:\/\/psol50.org.br\/nota-em-solidariedade-aos-professores-e-professoras-em-greve-e-a-sociedade-matogrossense\/#primaryimage\"},\"image\":{\"@id\":\"https:\/\/psol50.org.br\/nota-em-solidariedade-aos-professores-e-professoras-em-greve-e-a-sociedade-matogrossense\/#primaryimage\"},\"thumbnailUrl\":\"https:\/\/psol50.org.br\/inc\/uploads\/2019\/04\/capa-546x365-2.png\",\"datePublished\":\"2019-07-04T18:45:06+00:00\",\"description\":\"Profissionais da educa\u00e7\u00e3o do MT est\u00e3o em greve desde 27 de maio\",\"breadcrumb\":{\"@id\":\"https:\/\/psol50.org.br\/nota-em-solidariedade-aos-professores-e-professoras-em-greve-e-a-sociedade-matogrossense\/#breadcrumb\"},\"inLanguage\":\"pt-BR\",\"potentialAction\":[{\"@type\":\"ReadAction\",\"target\":[\"https:\/\/psol50.org.br\/nota-em-solidariedade-aos-professores-e-professoras-em-greve-e-a-sociedade-matogrossense\/\"]}]},{\"@type\":\"ImageObject\",\"inLanguage\":\"pt-BR\",\"@id\":\"https:\/\/psol50.org.br\/nota-em-solidariedade-aos-professores-e-professoras-em-greve-e-a-sociedade-matogrossense\/#primaryimage\",\"url\":\"https:\/\/psol50.org.br\/inc\/uploads\/2019\/04\/capa-546x365-2.png\",\"contentUrl\":\"https:\/\/psol50.org.br\/inc\/uploads\/2019\/04\/capa-546x365-2.png\",\"width\":546,\"height\":365},{\"@type\":\"BreadcrumbList\",\"@id\":\"https:\/\/psol50.org.br\/nota-em-solidariedade-aos-professores-e-professoras-em-greve-e-a-sociedade-matogrossense\/#breadcrumb\",\"itemListElement\":[{\"@type\":\"ListItem\",\"position\":1,\"name\":\"In\u00edcio\",\"item\":\"https:\/\/psol50.org.br\/\"},{\"@type\":\"ListItem\",\"position\":2,\"name\":\"Nota em solidariedade aos professores e professoras em greve e \u00e0 sociedade matogrossense\"}]},{\"@type\":\"WebSite\",\"@id\":\"https:\/\/psol50.org.br\/#website\",\"url\":\"https:\/\/psol50.org.br\/\",\"name\":\"PSOL 50\",\"description\":\"Site oficial do Partido Socialismo e Liberdade\",\"publisher\":{\"@id\":\"https:\/\/psol50.org.br\/#organization\"},\"alternateName\":\"PSOL50\",\"potentialAction\":[{\"@type\":\"SearchAction\",\"target\":{\"@type\":\"EntryPoint\",\"urlTemplate\":\"https:\/\/psol50.org.br\/?s={search_term_string}\"},\"query-input\":{\"@type\":\"PropertyValueSpecification\",\"valueRequired\":true,\"valueName\":\"search_term_string\"}}],\"inLanguage\":\"pt-BR\"},{\"@type\":\"Organization\",\"@id\":\"https:\/\/psol50.org.br\/#organization\",\"name\":\"PSOL 50\",\"alternateName\":\"PSOL 50\",\"url\":\"https:\/\/psol50.org.br\/\",\"logo\":{\"@type\":\"ImageObject\",\"inLanguage\":\"pt-BR\",\"@id\":\"https:\/\/psol50.org.br\/#\/schema\/logo\/image\/\",\"url\":\"https:\/\/psol50.org.br\/inc\/uploads\/2018\/07\/capa.png\",\"contentUrl\":\"https:\/\/psol50.org.br\/inc\/uploads\/2018\/07\/capa.png\",\"width\":1350,\"height\":900,\"caption\":\"PSOL 50\"},\"image\":{\"@id\":\"https:\/\/psol50.org.br\/#\/schema\/logo\/image\/\"},\"sameAs\":[\"https:\/\/www.facebook.com\/psol50\",\"https:\/\/x.com\/psol50\",\"https:\/\/www.instagram.com\/psol50\/\",\"https:\/\/www.youtube.com\/channel\/UC7SnJS5o1os7a6CaiNabzcg\"]},{\"@type\":\"Person\",\"@id\":\"https:\/\/psol50.org.br\/#\/schema\/person\/475dfa57d0b815993c714c2e96491fcd\",\"name\":\"Comunica\u00e7\u00e3o PSOL\",\"image\":{\"@type\":\"ImageObject\",\"inLanguage\":\"pt-BR\",\"@id\":\"https:\/\/psol50.org.br\/#\/schema\/person\/image\/\",\"url\":\"https:\/\/secure.gravatar.com\/avatar\/b34fc4f4e468a4e51785917065a3db57b841f5c95dba6ad8c73aaf8f66f8f9bf?s=96&d=mm&r=g\",\"contentUrl\":\"https:\/\/secure.gravatar.com\/avatar\/b34fc4f4e468a4e51785917065a3db57b841f5c95dba6ad8c73aaf8f66f8f9bf?s=96&d=mm&r=g\",\"caption\":\"Comunica\u00e7\u00e3o PSOL\"}}]}<\/script>\n<!-- \/ Yoast SEO plugin. -->","yoast_head_json":{"title":"Nota em solidariedade aos professores e professoras em greve e \u00e0 sociedade matogrossense - PSOL 50","description":"Profissionais da educa\u00e7\u00e3o do MT est\u00e3o em greve desde 27 de maio","robots":{"index":"index","follow":"follow","max-snippet":"max-snippet:-1","max-image-preview":"max-image-preview:large","max-video-preview":"max-video-preview:-1"},"canonical":"https:\/\/psol50.org.br\/nota-em-solidariedade-aos-professores-e-professoras-em-greve-e-a-sociedade-matogrossense\/","og_locale":"pt_BR","og_type":"article","og_title":"Nota em solidariedade aos professores e professoras em greve e \u00e0 sociedade matogrossense","og_description":"Profissionais da educa\u00e7\u00e3o do MT est\u00e3o em greve desde 27 de maio","og_url":"https:\/\/psol50.org.br\/nota-em-solidariedade-aos-professores-e-professoras-em-greve-e-a-sociedade-matogrossense\/","og_site_name":"PSOL 50","article_publisher":"https:\/\/www.facebook.com\/psol50","article_published_time":"2019-07-04T18:45:06+00:00","og_image":[{"width":546,"height":365,"url":"https:\/\/psol50.org.br\/inc\/uploads\/2019\/04\/capa-546x365-2.png","type":"image\/png"}],"author":"Comunica\u00e7\u00e3o PSOL","twitter_card":"summary_large_image","twitter_title":"Nota em solidariedade aos professores e professoras em greve e \u00e0 sociedade matogrossense","twitter_description":"Profissionais da educa\u00e7\u00e3o do MT est\u00e3o em greve desde 27 de maio","twitter_image":"https:\/\/psol50.org.br\/inc\/uploads\/2019\/04\/capa-546x365-2.png","twitter_creator":"@psol50","twitter_site":"@psol50","twitter_misc":{"Escrito por":"Comunica\u00e7\u00e3o PSOL","Est. tempo de leitura":"2 minutos"},"schema":{"@context":"https:\/\/schema.org","@graph":[{"@type":"Article","@id":"https:\/\/psol50.org.br\/nota-em-solidariedade-aos-professores-e-professoras-em-greve-e-a-sociedade-matogrossense\/#article","isPartOf":{"@id":"https:\/\/psol50.org.br\/nota-em-solidariedade-aos-professores-e-professoras-em-greve-e-a-sociedade-matogrossense\/"},"author":{"name":"Comunica\u00e7\u00e3o PSOL","@id":"https:\/\/psol50.org.br\/#\/schema\/person\/475dfa57d0b815993c714c2e96491fcd"},"headline":"Nota em solidariedade aos professores e professoras em greve e \u00e0 sociedade matogrossense","datePublished":"2019-07-04T18:45:06+00:00","mainEntityOfPage":{"@id":"https:\/\/psol50.org.br\/nota-em-solidariedade-aos-professores-e-professoras-em-greve-e-a-sociedade-matogrossense\/"},"wordCount":345,"publisher":{"@id":"https:\/\/psol50.org.br\/#organization"},"image":{"@id":"https:\/\/psol50.org.br\/nota-em-solidariedade-aos-professores-e-professoras-em-greve-e-a-sociedade-matogrossense\/#primaryimage"},"thumbnailUrl":"https:\/\/psol50.org.br\/inc\/uploads\/2019\/04\/capa-546x365-2.png","keywords":["greve","Mato Grosso","nota","professores","PSOL"],"articleSection":["Not\u00edcias"],"inLanguage":"pt-BR"},{"@type":"WebPage","@id":"https:\/\/psol50.org.br\/nota-em-solidariedade-aos-professores-e-professoras-em-greve-e-a-sociedade-matogrossense\/","url":"https:\/\/psol50.org.br\/nota-em-solidariedade-aos-professores-e-professoras-em-greve-e-a-sociedade-matogrossense\/","name":"Nota em solidariedade aos professores e professoras em greve e \u00e0 sociedade matogrossense - PSOL 50","isPartOf":{"@id":"https:\/\/psol50.org.br\/#website"},"primaryImageOfPage":{"@id":"https:\/\/psol50.org.br\/nota-em-solidariedade-aos-professores-e-professoras-em-greve-e-a-sociedade-matogrossense\/#primaryimage"},"image":{"@id":"https:\/\/psol50.org.br\/nota-em-solidariedade-aos-professores-e-professoras-em-greve-e-a-sociedade-matogrossense\/#primaryimage"},"thumbnailUrl":"https:\/\/psol50.org.br\/inc\/uploads\/2019\/04\/capa-546x365-2.png","datePublished":"2019-07-04T18:45:06+00:00","description":"Profissionais da educa\u00e7\u00e3o do MT est\u00e3o em greve desde 27 de maio","breadcrumb":{"@id":"https:\/\/psol50.org.br\/nota-em-solidariedade-aos-professores-e-professoras-em-greve-e-a-sociedade-matogrossense\/#breadcrumb"},"inLanguage":"pt-BR","potentialAction":[{"@type":"ReadAction","target":["https:\/\/psol50.org.br\/nota-em-solidariedade-aos-professores-e-professoras-em-greve-e-a-sociedade-matogrossense\/"]}]},{"@type":"ImageObject","inLanguage":"pt-BR","@id":"https:\/\/psol50.org.br\/nota-em-solidariedade-aos-professores-e-professoras-em-greve-e-a-sociedade-matogrossense\/#primaryimage","url":"https:\/\/psol50.org.br\/inc\/uploads\/2019\/04\/capa-546x365-2.png","contentUrl":"https:\/\/psol50.org.br\/inc\/uploads\/2019\/04\/capa-546x365-2.png","width":546,"height":365},{"@type":"BreadcrumbList","@id":"https:\/\/psol50.org.br\/nota-em-solidariedade-aos-professores-e-professoras-em-greve-e-a-sociedade-matogrossense\/#breadcrumb","itemListElement":[{"@type":"ListItem","position":1,"name":"In\u00edcio","item":"https:\/\/psol50.org.br\/"},{"@type":"ListItem","position":2,"name":"Nota em solidariedade aos professores e professoras em greve e \u00e0 sociedade matogrossense"}]},{"@type":"WebSite","@id":"https:\/\/psol50.org.br\/#website","url":"https:\/\/psol50.org.br\/","name":"PSOL 50","description":"Site oficial do Partido Socialismo e Liberdade","publisher":{"@id":"https:\/\/psol50.org.br\/#organization"},"alternateName":"PSOL50","potentialAction":[{"@type":"SearchAction","target":{"@type":"EntryPoint","urlTemplate":"https:\/\/psol50.org.br\/?s={search_term_string}"},"query-input":{"@type":"PropertyValueSpecification","valueRequired":true,"valueName":"search_term_string"}}],"inLanguage":"pt-BR"},{"@type":"Organization","@id":"https:\/\/psol50.org.br\/#organization","name":"PSOL 50","alternateName":"PSOL 50","url":"https:\/\/psol50.org.br\/","logo":{"@type":"ImageObject","inLanguage":"pt-BR","@id":"https:\/\/psol50.org.br\/#\/schema\/logo\/image\/","url":"https:\/\/psol50.org.br\/inc\/uploads\/2018\/07\/capa.png","contentUrl":"https:\/\/psol50.org.br\/inc\/uploads\/2018\/07\/capa.png","width":1350,"height":900,"caption":"PSOL 50"},"image":{"@id":"https:\/\/psol50.org.br\/#\/schema\/logo\/image\/"},"sameAs":["https:\/\/www.facebook.com\/psol50","https:\/\/x.com\/psol50","https:\/\/www.instagram.com\/psol50\/","https:\/\/www.youtube.com\/channel\/UC7SnJS5o1os7a6CaiNabzcg"]},{"@type":"Person","@id":"https:\/\/psol50.org.br\/#\/schema\/person\/475dfa57d0b815993c714c2e96491fcd","name":"Comunica\u00e7\u00e3o PSOL","image":{"@type":"ImageObject","inLanguage":"pt-BR","@id":"https:\/\/psol50.org.br\/#\/schema\/person\/image\/","url":"https:\/\/secure.gravatar.com\/avatar\/b34fc4f4e468a4e51785917065a3db57b841f5c95dba6ad8c73aaf8f66f8f9bf?s=96&d=mm&r=g","contentUrl":"https:\/\/secure.gravatar.com\/avatar\/b34fc4f4e468a4e51785917065a3db57b841f5c95dba6ad8c73aaf8f66f8f9bf?s=96&d=mm&r=g","caption":"Comunica\u00e7\u00e3o PSOL"}}]}},"_links":{"self":[{"href":"https:\/\/psol50.org.br\/rest\/wp\/v2\/posts\/25770","targetHints":{"allow":["GET"]}}],"collection":[{"href":"https:\/\/psol50.org.br\/rest\/wp\/v2\/posts"}],"about":[{"href":"https:\/\/psol50.org.br\/rest\/wp\/v2\/types\/post"}],"author":[{"embeddable":true,"href":"https:\/\/psol50.org.br\/rest\/wp\/v2\/users\/2"}],"replies":[{"embeddable":true,"href":"https:\/\/psol50.org.br\/rest\/wp\/v2\/comments?post=25770"}],"version-history":[{"count":0,"href":"https:\/\/psol50.org.br\/rest\/wp\/v2\/posts\/25770\/revisions"}],"wp:featuredmedia":[{"embeddable":true,"href":"https:\/\/psol50.org.br\/rest\/wp\/v2\/media\/24774"}],"wp:attachment":[{"href":"https:\/\/psol50.org.br\/rest\/wp\/v2\/media?parent=25770"}],"wp:term":[{"taxonomy":"category","embeddable":true,"href":"https:\/\/psol50.org.br\/rest\/wp\/v2\/categories?post=25770"},{"taxonomy":"post_tag","embeddable":true,"href":"https:\/\/psol50.org.br\/rest\/wp\/v2\/tags?post=25770"}],"curies":[{"name":"wp","href":"https:\/\/api.w.org\/{rel}","templated":true}]}}