{"id":2578,"date":"2014-02-13T00:00:00","date_gmt":"2014-02-13T14:50:30","guid":{"rendered":"http:\/\/psol50.org.br\/arquivo\/2014\/02\/13\/em-entrevista-a-carta-maior-presidente-do-psol-disse-que-partido-nao-controla-manifestacoes\/"},"modified":"2014-02-13T00:00:00","modified_gmt":"2014-02-13T14:50:30","slug":"em-entrevista-a-carta-maior-presidente-do-psol-disse-que-partido-nao-controla-manifestacoes","status":"publish","type":"post","link":"https:\/\/psol50.org.br\/em-entrevista-a-carta-maior-presidente-do-psol-disse-que-partido-nao-controla-manifestacoes\/","title":{"rendered":"Em entrevista \u00e0 Carta Maior, presidente do PSOL disse que partido n\u00e3o controla manifesta\u00e7\u00f5es"},"content":{"rendered":"<p style=\"text-align: justify;\">\n\tO presidente nacional do PSOL, Luiz Ara\u00fajo, concedeu ontem (12) entrevista \u00e0 jornalista Najla Passos, do site Carta Maior. Na oportunidade, Ara\u00fajo foi taxativo ao dizer que o PSOL n\u00e3o controla manifesta\u00e7\u00f5es e considerou que h\u00e1, em curso, uma a\u00e7\u00e3o orquestrada contra o deputado Marcelo Freixo, no Rio de Janeiro.<br \/>\n\t&nbsp;<br \/>\n\tO presidente do PSOL tamb\u00e9m criticou tanto a viol\u00eancia policial&nbsp;quanto a dos mascarados black blocs. \u201cA a\u00e7\u00e3o da Pol\u00edcia n\u00e3o \u00e9 s\u00f3 defensiva. \u00c9 uma Pol\u00edcia despreparada para lidar com manifesta\u00e7\u00f5es no Brasil. Ela encara a manifesta\u00e7\u00e3o como ato criminoso. Os problemas com os black blocs s\u00f3 criaram uma desculpa para uma viol\u00eancia policial que j\u00e1 ocorria antes\u201d, disse ele, numa parte da entrevista.<br \/>\n\t&nbsp;<br \/>\n\tLeia abaixo a \u00edntegra da entrevista, concedida \u00e0 jornalista Najla Passos da Carta Maior.<br \/>\n\t&nbsp;<br \/>\n\t<strong>Carta Maior \u2013 Quais as rela\u00e7\u00f5es do PSOL com os black blocs?<\/strong><\/p>\n<p>\t<strong>Luiz Ara\u00fajo<\/strong>&nbsp;&#8211; Nenhuma. Se voc\u00ea me perguntasse quais s\u00e3o as rela\u00e7\u00f5es do PSOL com as manifesta\u00e7\u00f5es que, desde junho, vem acontecendo, eu diria: todas. O PSOL apoia as manifesta\u00e7\u00f5es, n\u00f3s estimulamos que nossos militantes participem, em especial daquelas que t\u00eam como pauta reivindicar direitos sociais. Quanto aos black blocs, n\u00f3s n\u00e3o temos nenhuma rela\u00e7\u00e3o com eles. Quem for verificar a hist\u00f3ria da rela\u00e7\u00e3o dos socialistas com os anarquistas ver\u00e1 que n\u00e3o existe rela\u00e7\u00e3o mais tumultuada e distante do que essa. N\u00f3s nunca concordamos com os m\u00e9todos de luta deles. N\u00f3s n\u00e3o temos rela\u00e7\u00f5es org\u00e2nicas e nem de parceria com esses grupos.<\/p>\n<p>\t<strong>CM \u2013 Mas at\u00e9 ontem estava publicado no site do PSOL um artigo do Edilson Silva, membro da Executiva do partido, escrito em outubro do ano passado, defendendo a atua\u00e7\u00e3o dos Black Blocs. Agora, este artigo saiu do ar&#8230;<\/strong><\/p>\n<p>\t<strong>LA<\/strong>&nbsp;\u2013 Existem v\u00e1rios dirigentes e militantes do PSOL que expressaram uma posi\u00e7\u00e3o, digamos assim, pela n\u00e3o criminaliza\u00e7\u00e3o deles. Mas n\u00e3o s\u00e3o artigos de concord\u00e2ncia com os m\u00e9todos. S\u00e3o coisas diferentes. N\u00f3s n\u00e3o acreditamos que eles sejam v\u00e2ndalos, como a imprensa falou. Eles acreditam que, se detonarem os s\u00edmbolos do capitalismo, do McDonalds at\u00e9 uma ag\u00eancia banc\u00e1ria, isso vai despertar as pessoas para a necessidade de se acabar com o capitalismo. Eles quebram as coisas achando que, com isso, v\u00e3o despertar algu\u00e9m. N\u00f3s somos socialistas, n\u00e3o defendemos o capitalismo, mas achamos que uma transforma\u00e7\u00e3o depende de grandes mobiliza\u00e7\u00f5es e de vontade da popula\u00e7\u00e3o de querer mudar. E trabalhamos para que nossas ideias conquistem a maioria da popula\u00e7\u00e3o.<\/p>\n<p>\t<strong>CM \u2013 Mas voc\u00eas n\u00e3o est\u00e3o juntos em v\u00e1rias manifesta\u00e7\u00f5es?<\/strong><\/p>\n<p>\t<strong>LA<\/strong>&nbsp;&#8211; O PSOL n\u00e3o controla as manifesta\u00e7\u00f5es, que s\u00e3o autoconvocadas pelos motivos diversos e por movimentos espec\u00edficos. Ou contra o aumento da tarifa, ou porque morreu algu\u00e9m na periferia. A gente fala genericamente manifesta\u00e7\u00f5es, mas elas t\u00eam diversos tipos de pauta. E a a\u00e7\u00e3o dos black blocs acaba ocorrendo em parte das manifesta\u00e7\u00f5es. E a t\u00e1tica da Pol\u00edcia de achar que todo manifestante \u00e9 violento, essa vis\u00e3o criminalizadora dos movimentos sociais que tem o aparato policial, acaba provocando conflitos de dispers\u00e3o e confus\u00f5es que estimulam bastante isso. Vamos pegar o caso das manifesta\u00e7\u00f5es dos professores no Rio, por exemplo. Voc\u00ea tinha a manifesta\u00e7\u00e3o, tinha a passeata e quando isso acabava, come\u00e7avam os problemas com os black blocs. Mas n\u00f3s n\u00e3o temos como impedi-los de estarem presentes e nem temos controle sobre o que eles fazem. Como eu disse, n\u00e3o temos nenhuma rela\u00e7\u00e3o de parceria com eles. Mas tamb\u00e9m n\u00e3o somos favor\u00e1veis a criminaliz\u00e1-los, porque isso levaria a se justificar posturas autorit\u00e1rias da Pol\u00edcia contra todos. Ent\u00e3o, nem tanto ao c\u00e9u, nem tanto ao mar, neste caso.<\/p>\n<p>\t<strong>CM \u2013 Mas esta postura de n\u00e3o criminalizar as a\u00e7\u00f5es dos black blocs n\u00e3o encobre a viol\u00eancia que de fato \u00e9 praticada por eles?<\/strong><\/p>\n<p>\t<strong>LA<\/strong>&nbsp;\u2013 N\u00e3o d\u00e1 para trata-los como terroristas, como querem algumas pessoas. Agora mesmo, aqui no Congresso, n\u00f3s estamos debatendo um projeto, chamado de Lei Antiterrorismo, que reedita o AI-5, na medida que criminaliza qualquer manifesta\u00e7\u00e3o. Hoje, ocorreu uma manifesta\u00e7\u00e3o dos sem-terrinha, que ocuparam o MEC [Minist\u00e9rio da Educa\u00e7\u00e3o] para denunciar o fechamento de 37 mil escolas do campo. Pelo teor do projeto discutido aqui, eles constrangeram os funcion\u00e1rios e, por isso, poderiam ser enquadrados como terroristas. Ent\u00e3o, o que ocorre \u00e9 que se aproveita essa postura dos black blocs para colocar todo mundo no mesmo balaio e se livrar das manifesta\u00e7\u00f5es. E quem est\u00e1 interessado nisso s\u00e3o os governos que temem as manifesta\u00e7\u00f5es.<\/p>\n<p>\t<strong>CM \u2013 Ent\u00e3o, qual seria, na concep\u00e7\u00e3o do PSOL, a estrat\u00e9gia correta para os governos lidarem com a viol\u00eancia nas manifesta\u00e7\u00f5es?<\/strong><\/p>\n<p>\t<strong>LA<\/strong>&nbsp;\u2013 A a\u00e7\u00e3o da Pol\u00edcia n\u00e3o \u00e9 s\u00f3 defensiva. \u00c9 uma Pol\u00edcia despreparada para lidar com manifesta\u00e7\u00f5es no Brasil. Ela encara a manifesta\u00e7\u00e3o como ato criminoso. Os problemas com os black blocs s\u00f3 criaram uma desculpa para uma viol\u00eancia policial que j\u00e1 ocorria antes. Nos primeiros conflitos entre Pol\u00edcia e manifestantes pelo Passe Livre, em S\u00e3o Paulo, os black blocs nem estavam. Ent\u00e3o, digamos assim, come\u00e7aram a usar os black blocs como s\u00edmbolo de todas as manifesta\u00e7\u00f5es que t\u00eam conflito com a Pol\u00edcia. E isso n\u00e3o \u00e9 verdade. A Pol\u00edcia age com viol\u00eancia como regra. E, ao agir com viol\u00eancia, angariou a simpatia de muitas pessoas que v\u00e3o \u00e0s manifesta\u00e7\u00f5es para os black blocs, porque eles enfrentam a Pol\u00edcia. A Pol\u00edcia transformou os black blocs em \u00eddolos de muitos outros jovem por conta da sua postura tamb\u00e9m. A Pol\u00edcia n\u00e3o tem um Setor de Intelig\u00eancia? Se ela afirma que havia v\u00e1rias pessoas com roj\u00f5es, por exemplo, na manifesta\u00e7\u00e3o em que ocorreu essa trag\u00e9dia com o cinegrafista da Band, por que n\u00e3o visualizou isso e n\u00e3o desarmou as pessoas? A gente fica com a impress\u00e3o que a Pol\u00edcia, \u00e0s vezes, propositalmente n\u00e3o age preventivamente porque ter a confus\u00e3o \u00e9 uma forma de afastar outras pessoas das manifesta\u00e7\u00f5es.<\/p>\n<p>\t<strong>CM \u2013 Esta rela\u00e7\u00e3o estabelecida entre os respons\u00e1veis pela morte do cinegrafista da Band e o deputado Marcelo Freixo, que \u00e9 do PSOL, foi uma a\u00e7\u00e3o orquestrada pela m\u00eddia?&nbsp;<\/strong><\/p>\n<p>\t<strong>LA<\/strong>&nbsp;\u2013 Eu acho que foi uma tentativa de se aproveitar indevidamente de uma trag\u00e9dia para atacar um advers\u00e1rio potencial no Rio de Janeiro, que \u00e9 o PSOL e o Marcelo Freixo. H\u00e1 alguma coisa mal contada em rela\u00e7\u00e3o a esse advogado dos suspeitos de dispararem o roj\u00e3o. Um advogado que j\u00e1 defendeu um desafeto do Marcelo Freixo, um banido que est\u00e1 na cadeia, colocado pela CPI das Mil\u00edcias, e agora surge do nada para defender esses manifestantes, mas parece estar muito pouco preocupados em defender seus clientes. Os nossos advogados, como regra, atendem as pessoas presas em manifesta\u00e7\u00f5es. Ent\u00e3o, \u00e9 natural que um advogado que assessore o Marcelo Freixo, exercendo sua carteira da OAB, defenda pessoas presas nas manifesta\u00e7\u00f5es. O que \u00e9 estranho \u00e9 que um advogado que defendeu milicianos gaste seu pr\u00f3prio dinheiro para defender as duas pessoas que cometeram este crime. E, primeiro plantando uma not\u00edcia, que ele mesmo desmentiu, de que h\u00e1 v\u00ednculos de seus clientes com o PSOL. Depois, insistindo que tem gente financiando esses black blocs e que essas rela\u00e7\u00f5es precisam ser investigadas.<\/p>\n<p>\t<strong>CM \u2013 Mas, na avalia\u00e7\u00e3o do PSOL, quem estaria por tr\u00e1s desse advogado? Quem estaria orquestrando isso?<\/strong><\/p>\n<p>\t<strong>LA<\/strong>&nbsp;\u2013 Eu acho que tem v\u00e1rios suspeitos. O governador S\u00e9rgio Cabral, o prefeito Eduardo Paes&#8230; as pessoas que se sentem amea\u00e7adas pelo crescimento do PSOL no Rio s\u00e3o os primeiros suspeitos de patrocinar esse tipo de coisas. Eu acho que o governo [federal], que n\u00e3o quer que tenham manifesta\u00e7\u00f5es durante a Copa, tamb\u00e9m quer intimidar as pessoas para n\u00e3o fazerem manifesta\u00e7\u00f5es. Porque quanto mais se associar as manifesta\u00e7\u00f5es aos black blocs e \u00e0 viol\u00eancia, mais ele poder\u00e1 reprimir essas manifesta\u00e7\u00f5es. De forma generalizada, o recado \u00e9: \u201cN\u00e3o saiam \u00e0s ruas porque vai ter morte\u201d, \u201c Os Black Blocs v\u00e3o matar e voc\u00eas estar\u00e3o envolvidos\u201d, \u201cGuardem seus filhos em casa\u201d. \u00c9 uma reedi\u00e7\u00e3o do medo que justificar\u00e1, por exemplo, uma legisla\u00e7\u00e3o ainda mais severa do que o assassinato, a partir da Lei Antiterrorismo. Se o cara mata algu\u00e9m, pega 12 anos. Se fez manifesta\u00e7\u00e3o, pega 40 anos.<\/p>\n<p>\tEnt\u00e3o, h\u00e1 uma orquestra\u00e7\u00e3o para criminalizar os movimentos sociais e para culpabilizar o PSOL por atos com os quais n\u00e3o concordamos e n\u00e3o somos respons\u00e1veis, mas principalmente para enfraquecer as manifesta\u00e7\u00f5es e o crescimento do partido, especialmente no Rio de Janeiro. O ataque ao Marcelo Freixo \u00e9 uma tend\u00eancia daqueles que mais perderam desde as manifesta\u00e7\u00f5es de junho: o Cabral e o Eduardo Paes. O Cabral estava muito bem antes das manifesta\u00e7\u00f5es, esperava eleger seu sucessor e agora nem sabe se sa\u00edra mais candidato. E quem capitaliza isso? Quem, aos olhos das pessoas insatisfeitas, n\u00e3o est\u00e1 misturado com a corrup\u00e7\u00e3o, com a bandidagem, com as mil\u00edcias. E o Freixo representa essa esperan\u00e7a no Rio de Janeiro. Ent\u00e3o, atac\u00e1-lo \u00e9 o mesmo que dizer que todo mundo \u00e9 igual, que todo mundo \u00e9 violento, que todo mundo \u00e9 terrorista.<\/p>\n<p>\t<strong>CM \u2013 O PSOL n\u00e3o errou ao n\u00e3o deixar essa posi\u00e7\u00e3o em rela\u00e7\u00e3o aos black blocs bem clara desde o in\u00edcio? A primeira nota do partido que trata do assunto foi publicada ontem&#8230;&nbsp;<\/strong><\/p>\n<p>\t<strong>LA<\/strong>&nbsp;\u2013 N\u00e3o houve demora. Todas as nossas lideran\u00e7as do Rio de Janeiro j\u00e1 vem dizendo que a gente se solidarizava e n\u00e3o concordava com esta viol\u00eancia. A nota que saiu foi para responder os ataques contra o Freixo. E, na verdade, ela n\u00e3o poderia sair antes dos ataques. A nota \u00e9 sobre as mentiras colocadas na imprensa em rela\u00e7\u00e3o ao Freixo. Ela \u00e9 para responder aos ataques que n\u00f3s sofremos.<\/p>\n<p>\t<strong>CM \u2013 Ent\u00e3o, j\u00e1 existia um posicionamento p\u00fablico anterior em rela\u00e7\u00e3o aos black blocs?&nbsp;<\/strong><\/p>\n<p>\t<strong>LA<\/strong>&nbsp;\u2013 N\u00e3o um espec\u00edfico, porque n\u00f3s j\u00e1 hav\u00edamos nos manifestado, atrav\u00e9s das nossas lideran\u00e7as, em rela\u00e7\u00e3o ao nosso posicionamento sobre as manifesta\u00e7\u00f5es. V\u00e1rias vezes o pr\u00f3prio Freixo falou, outros parlamentares tamb\u00e9m falaram que n\u00f3s apoiamos as manifesta\u00e7\u00f5es, mas n\u00e3o apoiamos atos t\u00edpicos dos black blocs. Isso desde o in\u00edcio, no ano passado. Agora, respeitamos que outras pessoas pensem diferente, que critiquem a criminaliza\u00e7\u00e3o, porque h\u00e1 essa confus\u00e3o de se colocar todo mundo no mesmo saco, com afirma\u00e7\u00f5es do tipo \u201cas manifesta\u00e7\u00f5es s\u00e3o feitas por v\u00e2ndalos\u201d. E isso n\u00e3o \u00e9 verdade. Nem todas as pessoas que participam querem quebrar.<\/p>\n<p>\tDesta vez, foi um artefato lan\u00e7ado por manifestantes que atingiu o jornalista. Mas l\u00e1 no in\u00edcio, em S\u00e3o Paulo, um artefato disparado pela Pol\u00edcia tamb\u00e9m atingiu um jornalista e o deixou cego. Portanto, a probabilidade de ocorrer uma morte ou de uma pessoa ficar com sequelas graves devido a sua participa\u00e7\u00e3o em manifesta\u00e7\u00f5es \u00e9 a mesma seja devido ao despreparo da Pol\u00edcia ou seja em fun\u00e7\u00e3o do despreparo de alguns manifestantes.<\/p>\n<p>\tE por que o PSOL teria que lan\u00e7ar uma nota sobre os black blocs? Qual a nossa responsabilidade de fazer um ju\u00edzo sobre eles se nem temos rela\u00e7\u00f5es com eles? A nossa principal preocupa\u00e7\u00e3o, hoje, como partido pol\u00edtico, \u00e9 discutir porque as manifesta\u00e7\u00f5es retornaram, ou seja, porque as pautas ainda n\u00e3o foram atendidas.<br \/>\n\t&nbsp;<br \/>\n\tA presen\u00e7a dos black blocs \u00e9 um aspecto do problema. Tem que se tomar provid\u00eancias, claro, prender as pessoas dentro dos limites da lei. Mas tem que considera-las terroristas? N\u00e3o. Eles devem ser julgados de acordo com o crime que cometeram. Por que mesmo que se colocasse os black clocs na clandestinidade, n\u00e3o iam acabar as manifesta\u00e7\u00f5es e nem os conflitos com a Pol\u00edcia. O comportamento da Pol\u00edcia n\u00e3o come\u00e7ou com os black blocs. Essa \u00e9 uma vis\u00e3o equivocada do que aconteceu. Temos uma pol\u00edcia despreparada, que trata manifestante como se fosse bandido. E quem mais deve comemorar a exist\u00eancia dos black blocs \u00e9 o governo, porque est\u00e1 doido para que n\u00e3o tenham manifesta\u00e7\u00f5es na Copa.<\/p>\n<p>\t<strong>CM \u2013 E qual ser\u00e1 o papel do PSOL na Copa? O partido vai participar, vai convocar manifesta\u00e7\u00f5es?<\/strong><\/p>\n<p>\t<strong>LA<\/strong>: N\u00f3s vamos apoiar todas as manifesta\u00e7\u00f5es que questionem os gastos excessivos da Copa. N\u00e3o podemos nos esquecer que a Lei Geral da copa flexibilizou as licita\u00e7\u00f5es, favorecendo as maracutaias que tanto indignam o povo brasileiro. Governo e oposi\u00e7\u00e3o votaram favor\u00e1veis, mas n\u00f3s n\u00e3o. Tamb\u00e9m vamos apoiar manifesta\u00e7\u00f5es de demandas de questionamentos, sobre porque se gastou tanto dinheiro na copa, mas n\u00e3o se garantiu demandas de sa\u00fade, educa\u00e7\u00e3o e transporte de qualidade. O partido vai apoiar, obviamente. Agora, isso n\u00e3o tem nada a ver com concordar ou apoiar atos t\u00edpicos de black blocs.<\/p>\n<p>\t<strong>CM \u2013 O partido vai apoiar essas manifesta\u00e7\u00f5es mesmo com o perigo de que sejam apropriadas pelos Black Blocs e resultem em viol\u00eancia?&nbsp;<\/strong><\/p>\n<p>\t<strong>LA:<\/strong>&nbsp;A sa\u00edda, digamos assim, seria proibir manifesta\u00e7\u00f5es durante a Copa para que a Fifa n\u00e3o tenha nenhum problema? N\u00e3o concordamos com isso. O povo tem o direito de ir \u00e0 rua, tem direito a se manifestar. E o Estado deve garantir a seguran\u00e7a dentro do estado democr\u00e1tico de direito, sem criminalizar os movimentos. N\u00f3s n\u00e3o apoiaremos esses atos t\u00edpicos dos black blocs, essa gente n\u00e3o contribui com quem t\u00e1 lutando por direitos, mas tamb\u00e9m n\u00e3o vamos deixar de nos manifestar. Uma parte de n\u00f3s \u2013 porque no PSOL tamb\u00e9m tem muita gente jovem \u2013 faz parte de uma gera\u00e7\u00e3o que foi \u00e0s ruas lutar para que n\u00f3s tiv\u00e9ssemos direito \u00e0 manifesta\u00e7\u00e3o. Assim como a pr\u00f3pria presidenta da rep\u00fablica e outros companheiros de outros partidos, n\u00f3s lutamos contra a Lei de Seguran\u00e7a Nacional.<br \/>\n\t&nbsp;<br \/>\n\tPessoas foram presas, foram torturadas e n\u00f3s n\u00e3o nos intimidamos. Agora, n\u00f3s vamos comemorar, vamos torcer pela sele\u00e7\u00e3o brasileira como fizemos at\u00e9 mesmo na ditadura, quando companheiros estavam presos. O que n\u00e3o podemos permitir \u00e9 que este governo aja como o M\u00e9dice, ao estilo \u201cBrasil: ame-o ou deixe-o\u201d. Parece que o governo quer reeditar aquela m\u00e1xima: ou se ama o Brasil, fica quieto em casa e aceita comemorar a Copa sem direitos, ou ent\u00e3o vai embora para n\u00e3o se misturar! N\u00f3s n\u00e3o vamos nos misturar com os black blocs, mas vamos apoiar todas as manifesta\u00e7\u00f5es com pautas justas, contra os gastos abusivos e favor\u00e1veis aos direitos que a popula\u00e7\u00e3o expressou. E vamos trabalhar para que as manifesta\u00e7\u00f5es sejam pac\u00edficas, dentro da ordem, sem viol\u00eancia policial e sem atos extremistas de black blocs.<\/p>\n","protected":false},"excerpt":{"rendered":"<p>O presidente nacional do PSOL, Luiz Ara\u00fajo, concedeu ontem (12) entrevista \u00e0 jornalista Najla Passos, do site Carta Maior. Na oportunidade, Ara\u00fajo foi taxativo ao dizer que o PSOL n\u00e3o controla manifesta\u00e7\u00f5es e considerou que h\u00e1, em curso, uma a\u00e7\u00e3o orquestrada contra o deputado Marcelo Freixo, no Rio de Janeiro. &nbsp; O presidente do PSOL [&hellip;]<\/p>\n","protected":false},"author":2,"featured_media":0,"comment_status":"open","ping_status":"open","sticky":false,"template":"","format":"standard","meta":{"_acf_changed":false,"footnotes":""},"categories":[4766,6],"tags":[22],"class_list":{"0":"post-2578","1":"post","2":"type-post","3":"status-publish","4":"format-standard","6":"category-arquivo","7":"category-noticias","8":"tag-psol"},"acf":[],"yoast_head":"<!-- This site is optimized with the Yoast SEO plugin v26.5 - https:\/\/yoast.com\/wordpress\/plugins\/seo\/ -->\n<title>Em entrevista \u00e0 Carta Maior, presidente do PSOL disse que partido n\u00e3o controla manifesta\u00e7\u00f5es - PSOL 50<\/title>\n<meta name=\"robots\" content=\"index, follow, max-snippet:-1, max-image-preview:large, max-video-preview:-1\" \/>\n<link rel=\"canonical\" href=\"https:\/\/psol50.org.br\/em-entrevista-a-carta-maior-presidente-do-psol-disse-que-partido-nao-controla-manifestacoes\/\" \/>\n<meta property=\"og:locale\" content=\"pt_BR\" \/>\n<meta property=\"og:type\" content=\"article\" \/>\n<meta property=\"og:title\" content=\"Em entrevista \u00e0 Carta Maior, presidente do PSOL disse que partido n\u00e3o controla manifesta\u00e7\u00f5es - PSOL 50\" \/>\n<meta property=\"og:description\" content=\"O presidente nacional do PSOL, Luiz Ara\u00fajo, concedeu ontem (12) entrevista \u00e0 jornalista Najla Passos, do site Carta Maior. Na oportunidade, Ara\u00fajo foi taxativo ao dizer que o PSOL n\u00e3o controla manifesta\u00e7\u00f5es e considerou que h\u00e1, em curso, uma a\u00e7\u00e3o orquestrada contra o deputado Marcelo Freixo, no Rio de Janeiro. &nbsp; O presidente do PSOL [&hellip;]\" \/>\n<meta property=\"og:url\" content=\"https:\/\/psol50.org.br\/em-entrevista-a-carta-maior-presidente-do-psol-disse-que-partido-nao-controla-manifestacoes\/\" \/>\n<meta property=\"og:site_name\" content=\"PSOL 50\" \/>\n<meta property=\"article:publisher\" content=\"https:\/\/www.facebook.com\/psol50\" \/>\n<meta property=\"article:published_time\" content=\"2014-02-13T14:50:30+00:00\" \/>\n<meta property=\"og:image\" content=\"https:\/\/psol50.org.br\/inc\/uploads\/2018\/07\/capa.png\" \/>\n\t<meta property=\"og:image:width\" content=\"1350\" \/>\n\t<meta property=\"og:image:height\" content=\"900\" \/>\n\t<meta property=\"og:image:type\" content=\"image\/png\" \/>\n<meta name=\"author\" content=\"Comunica\u00e7\u00e3o PSOL\" \/>\n<meta name=\"twitter:card\" content=\"summary_large_image\" \/>\n<meta name=\"twitter:creator\" content=\"@psol50\" \/>\n<meta name=\"twitter:site\" content=\"@psol50\" \/>\n<meta name=\"twitter:label1\" content=\"Escrito por\" \/>\n\t<meta name=\"twitter:data1\" content=\"Comunica\u00e7\u00e3o PSOL\" \/>\n\t<meta name=\"twitter:label2\" content=\"Est. tempo de leitura\" \/>\n\t<meta name=\"twitter:data2\" content=\"13 minutos\" \/>\n<script type=\"application\/ld+json\" class=\"yoast-schema-graph\">{\"@context\":\"https:\/\/schema.org\",\"@graph\":[{\"@type\":\"Article\",\"@id\":\"https:\/\/psol50.org.br\/em-entrevista-a-carta-maior-presidente-do-psol-disse-que-partido-nao-controla-manifestacoes\/#article\",\"isPartOf\":{\"@id\":\"https:\/\/psol50.org.br\/em-entrevista-a-carta-maior-presidente-do-psol-disse-que-partido-nao-controla-manifestacoes\/\"},\"author\":{\"name\":\"Comunica\u00e7\u00e3o PSOL\",\"@id\":\"https:\/\/psol50.org.br\/#\/schema\/person\/475dfa57d0b815993c714c2e96491fcd\"},\"headline\":\"Em entrevista \u00e0 Carta Maior, presidente do PSOL disse que partido n\u00e3o controla manifesta\u00e7\u00f5es\",\"datePublished\":\"2014-02-13T14:50:30+00:00\",\"mainEntityOfPage\":{\"@id\":\"https:\/\/psol50.org.br\/em-entrevista-a-carta-maior-presidente-do-psol-disse-que-partido-nao-controla-manifestacoes\/\"},\"wordCount\":2623,\"commentCount\":0,\"publisher\":{\"@id\":\"https:\/\/psol50.org.br\/#organization\"},\"keywords\":[\"PSOL\"],\"articleSection\":[\"Arquivo\",\"Not\u00edcias\"],\"inLanguage\":\"pt-BR\",\"potentialAction\":[{\"@type\":\"CommentAction\",\"name\":\"Comment\",\"target\":[\"https:\/\/psol50.org.br\/em-entrevista-a-carta-maior-presidente-do-psol-disse-que-partido-nao-controla-manifestacoes\/#respond\"]}]},{\"@type\":\"WebPage\",\"@id\":\"https:\/\/psol50.org.br\/em-entrevista-a-carta-maior-presidente-do-psol-disse-que-partido-nao-controla-manifestacoes\/\",\"url\":\"https:\/\/psol50.org.br\/em-entrevista-a-carta-maior-presidente-do-psol-disse-que-partido-nao-controla-manifestacoes\/\",\"name\":\"Em entrevista \u00e0 Carta Maior, presidente do PSOL disse que partido n\u00e3o controla manifesta\u00e7\u00f5es - PSOL 50\",\"isPartOf\":{\"@id\":\"https:\/\/psol50.org.br\/#website\"},\"datePublished\":\"2014-02-13T14:50:30+00:00\",\"breadcrumb\":{\"@id\":\"https:\/\/psol50.org.br\/em-entrevista-a-carta-maior-presidente-do-psol-disse-que-partido-nao-controla-manifestacoes\/#breadcrumb\"},\"inLanguage\":\"pt-BR\",\"potentialAction\":[{\"@type\":\"ReadAction\",\"target\":[\"https:\/\/psol50.org.br\/em-entrevista-a-carta-maior-presidente-do-psol-disse-que-partido-nao-controla-manifestacoes\/\"]}]},{\"@type\":\"BreadcrumbList\",\"@id\":\"https:\/\/psol50.org.br\/em-entrevista-a-carta-maior-presidente-do-psol-disse-que-partido-nao-controla-manifestacoes\/#breadcrumb\",\"itemListElement\":[{\"@type\":\"ListItem\",\"position\":1,\"name\":\"In\u00edcio\",\"item\":\"https:\/\/psol50.org.br\/\"},{\"@type\":\"ListItem\",\"position\":2,\"name\":\"Em entrevista \u00e0 Carta Maior, presidente do PSOL disse que partido n\u00e3o controla manifesta\u00e7\u00f5es\"}]},{\"@type\":\"WebSite\",\"@id\":\"https:\/\/psol50.org.br\/#website\",\"url\":\"https:\/\/psol50.org.br\/\",\"name\":\"PSOL 50\",\"description\":\"Site oficial do Partido Socialismo e Liberdade\",\"publisher\":{\"@id\":\"https:\/\/psol50.org.br\/#organization\"},\"alternateName\":\"PSOL50\",\"potentialAction\":[{\"@type\":\"SearchAction\",\"target\":{\"@type\":\"EntryPoint\",\"urlTemplate\":\"https:\/\/psol50.org.br\/?s={search_term_string}\"},\"query-input\":{\"@type\":\"PropertyValueSpecification\",\"valueRequired\":true,\"valueName\":\"search_term_string\"}}],\"inLanguage\":\"pt-BR\"},{\"@type\":\"Organization\",\"@id\":\"https:\/\/psol50.org.br\/#organization\",\"name\":\"PSOL 50\",\"alternateName\":\"PSOL 50\",\"url\":\"https:\/\/psol50.org.br\/\",\"logo\":{\"@type\":\"ImageObject\",\"inLanguage\":\"pt-BR\",\"@id\":\"https:\/\/psol50.org.br\/#\/schema\/logo\/image\/\",\"url\":\"https:\/\/psol50.org.br\/inc\/uploads\/2018\/07\/capa.png\",\"contentUrl\":\"https:\/\/psol50.org.br\/inc\/uploads\/2018\/07\/capa.png\",\"width\":1350,\"height\":900,\"caption\":\"PSOL 50\"},\"image\":{\"@id\":\"https:\/\/psol50.org.br\/#\/schema\/logo\/image\/\"},\"sameAs\":[\"https:\/\/www.facebook.com\/psol50\",\"https:\/\/x.com\/psol50\",\"https:\/\/www.instagram.com\/psol50\/\",\"https:\/\/www.youtube.com\/channel\/UC7SnJS5o1os7a6CaiNabzcg\"]},{\"@type\":\"Person\",\"@id\":\"https:\/\/psol50.org.br\/#\/schema\/person\/475dfa57d0b815993c714c2e96491fcd\",\"name\":\"Comunica\u00e7\u00e3o PSOL\",\"image\":{\"@type\":\"ImageObject\",\"inLanguage\":\"pt-BR\",\"@id\":\"https:\/\/psol50.org.br\/#\/schema\/person\/image\/\",\"url\":\"https:\/\/secure.gravatar.com\/avatar\/b34fc4f4e468a4e51785917065a3db57b841f5c95dba6ad8c73aaf8f66f8f9bf?s=96&d=mm&r=g\",\"contentUrl\":\"https:\/\/secure.gravatar.com\/avatar\/b34fc4f4e468a4e51785917065a3db57b841f5c95dba6ad8c73aaf8f66f8f9bf?s=96&d=mm&r=g\",\"caption\":\"Comunica\u00e7\u00e3o PSOL\"}}]}<\/script>\n<!-- \/ Yoast SEO plugin. -->","yoast_head_json":{"title":"Em entrevista \u00e0 Carta Maior, presidente do PSOL disse que partido n\u00e3o controla manifesta\u00e7\u00f5es - PSOL 50","robots":{"index":"index","follow":"follow","max-snippet":"max-snippet:-1","max-image-preview":"max-image-preview:large","max-video-preview":"max-video-preview:-1"},"canonical":"https:\/\/psol50.org.br\/em-entrevista-a-carta-maior-presidente-do-psol-disse-que-partido-nao-controla-manifestacoes\/","og_locale":"pt_BR","og_type":"article","og_title":"Em entrevista \u00e0 Carta Maior, presidente do PSOL disse que partido n\u00e3o controla manifesta\u00e7\u00f5es - PSOL 50","og_description":"O presidente nacional do PSOL, Luiz Ara\u00fajo, concedeu ontem (12) entrevista \u00e0 jornalista Najla Passos, do site Carta Maior. Na oportunidade, Ara\u00fajo foi taxativo ao dizer que o PSOL n\u00e3o controla manifesta\u00e7\u00f5es e considerou que h\u00e1, em curso, uma a\u00e7\u00e3o orquestrada contra o deputado Marcelo Freixo, no Rio de Janeiro. &nbsp; O presidente do PSOL [&hellip;]","og_url":"https:\/\/psol50.org.br\/em-entrevista-a-carta-maior-presidente-do-psol-disse-que-partido-nao-controla-manifestacoes\/","og_site_name":"PSOL 50","article_publisher":"https:\/\/www.facebook.com\/psol50","article_published_time":"2014-02-13T14:50:30+00:00","og_image":[{"width":1350,"height":900,"url":"https:\/\/psol50.org.br\/inc\/uploads\/2018\/07\/capa.png","type":"image\/png"}],"author":"Comunica\u00e7\u00e3o PSOL","twitter_card":"summary_large_image","twitter_creator":"@psol50","twitter_site":"@psol50","twitter_misc":{"Escrito por":"Comunica\u00e7\u00e3o PSOL","Est. tempo de leitura":"13 minutos"},"schema":{"@context":"https:\/\/schema.org","@graph":[{"@type":"Article","@id":"https:\/\/psol50.org.br\/em-entrevista-a-carta-maior-presidente-do-psol-disse-que-partido-nao-controla-manifestacoes\/#article","isPartOf":{"@id":"https:\/\/psol50.org.br\/em-entrevista-a-carta-maior-presidente-do-psol-disse-que-partido-nao-controla-manifestacoes\/"},"author":{"name":"Comunica\u00e7\u00e3o PSOL","@id":"https:\/\/psol50.org.br\/#\/schema\/person\/475dfa57d0b815993c714c2e96491fcd"},"headline":"Em entrevista \u00e0 Carta Maior, presidente do PSOL disse que partido n\u00e3o controla manifesta\u00e7\u00f5es","datePublished":"2014-02-13T14:50:30+00:00","mainEntityOfPage":{"@id":"https:\/\/psol50.org.br\/em-entrevista-a-carta-maior-presidente-do-psol-disse-que-partido-nao-controla-manifestacoes\/"},"wordCount":2623,"commentCount":0,"publisher":{"@id":"https:\/\/psol50.org.br\/#organization"},"keywords":["PSOL"],"articleSection":["Arquivo","Not\u00edcias"],"inLanguage":"pt-BR","potentialAction":[{"@type":"CommentAction","name":"Comment","target":["https:\/\/psol50.org.br\/em-entrevista-a-carta-maior-presidente-do-psol-disse-que-partido-nao-controla-manifestacoes\/#respond"]}]},{"@type":"WebPage","@id":"https:\/\/psol50.org.br\/em-entrevista-a-carta-maior-presidente-do-psol-disse-que-partido-nao-controla-manifestacoes\/","url":"https:\/\/psol50.org.br\/em-entrevista-a-carta-maior-presidente-do-psol-disse-que-partido-nao-controla-manifestacoes\/","name":"Em entrevista \u00e0 Carta Maior, presidente do PSOL disse que partido n\u00e3o controla manifesta\u00e7\u00f5es - PSOL 50","isPartOf":{"@id":"https:\/\/psol50.org.br\/#website"},"datePublished":"2014-02-13T14:50:30+00:00","breadcrumb":{"@id":"https:\/\/psol50.org.br\/em-entrevista-a-carta-maior-presidente-do-psol-disse-que-partido-nao-controla-manifestacoes\/#breadcrumb"},"inLanguage":"pt-BR","potentialAction":[{"@type":"ReadAction","target":["https:\/\/psol50.org.br\/em-entrevista-a-carta-maior-presidente-do-psol-disse-que-partido-nao-controla-manifestacoes\/"]}]},{"@type":"BreadcrumbList","@id":"https:\/\/psol50.org.br\/em-entrevista-a-carta-maior-presidente-do-psol-disse-que-partido-nao-controla-manifestacoes\/#breadcrumb","itemListElement":[{"@type":"ListItem","position":1,"name":"In\u00edcio","item":"https:\/\/psol50.org.br\/"},{"@type":"ListItem","position":2,"name":"Em entrevista \u00e0 Carta Maior, presidente do PSOL disse que partido n\u00e3o controla manifesta\u00e7\u00f5es"}]},{"@type":"WebSite","@id":"https:\/\/psol50.org.br\/#website","url":"https:\/\/psol50.org.br\/","name":"PSOL 50","description":"Site oficial do Partido Socialismo e Liberdade","publisher":{"@id":"https:\/\/psol50.org.br\/#organization"},"alternateName":"PSOL50","potentialAction":[{"@type":"SearchAction","target":{"@type":"EntryPoint","urlTemplate":"https:\/\/psol50.org.br\/?s={search_term_string}"},"query-input":{"@type":"PropertyValueSpecification","valueRequired":true,"valueName":"search_term_string"}}],"inLanguage":"pt-BR"},{"@type":"Organization","@id":"https:\/\/psol50.org.br\/#organization","name":"PSOL 50","alternateName":"PSOL 50","url":"https:\/\/psol50.org.br\/","logo":{"@type":"ImageObject","inLanguage":"pt-BR","@id":"https:\/\/psol50.org.br\/#\/schema\/logo\/image\/","url":"https:\/\/psol50.org.br\/inc\/uploads\/2018\/07\/capa.png","contentUrl":"https:\/\/psol50.org.br\/inc\/uploads\/2018\/07\/capa.png","width":1350,"height":900,"caption":"PSOL 50"},"image":{"@id":"https:\/\/psol50.org.br\/#\/schema\/logo\/image\/"},"sameAs":["https:\/\/www.facebook.com\/psol50","https:\/\/x.com\/psol50","https:\/\/www.instagram.com\/psol50\/","https:\/\/www.youtube.com\/channel\/UC7SnJS5o1os7a6CaiNabzcg"]},{"@type":"Person","@id":"https:\/\/psol50.org.br\/#\/schema\/person\/475dfa57d0b815993c714c2e96491fcd","name":"Comunica\u00e7\u00e3o PSOL","image":{"@type":"ImageObject","inLanguage":"pt-BR","@id":"https:\/\/psol50.org.br\/#\/schema\/person\/image\/","url":"https:\/\/secure.gravatar.com\/avatar\/b34fc4f4e468a4e51785917065a3db57b841f5c95dba6ad8c73aaf8f66f8f9bf?s=96&d=mm&r=g","contentUrl":"https:\/\/secure.gravatar.com\/avatar\/b34fc4f4e468a4e51785917065a3db57b841f5c95dba6ad8c73aaf8f66f8f9bf?s=96&d=mm&r=g","caption":"Comunica\u00e7\u00e3o PSOL"}}]}},"_links":{"self":[{"href":"https:\/\/psol50.org.br\/rest\/wp\/v2\/posts\/2578","targetHints":{"allow":["GET"]}}],"collection":[{"href":"https:\/\/psol50.org.br\/rest\/wp\/v2\/posts"}],"about":[{"href":"https:\/\/psol50.org.br\/rest\/wp\/v2\/types\/post"}],"author":[{"embeddable":true,"href":"https:\/\/psol50.org.br\/rest\/wp\/v2\/users\/2"}],"replies":[{"embeddable":true,"href":"https:\/\/psol50.org.br\/rest\/wp\/v2\/comments?post=2578"}],"version-history":[{"count":0,"href":"https:\/\/psol50.org.br\/rest\/wp\/v2\/posts\/2578\/revisions"}],"wp:attachment":[{"href":"https:\/\/psol50.org.br\/rest\/wp\/v2\/media?parent=2578"}],"wp:term":[{"taxonomy":"category","embeddable":true,"href":"https:\/\/psol50.org.br\/rest\/wp\/v2\/categories?post=2578"},{"taxonomy":"post_tag","embeddable":true,"href":"https:\/\/psol50.org.br\/rest\/wp\/v2\/tags?post=2578"}],"curies":[{"name":"wp","href":"https:\/\/api.w.org\/{rel}","templated":true}]}}