{"id":2579,"date":"2014-02-13T00:00:00","date_gmt":"2014-02-13T16:56:50","guid":{"rendered":"http:\/\/psol50.org.br\/arquivo\/2014\/02\/13\/pela-primeira-vez-com-voto-aberto-camara-cassa-mandato-de-natan-donadon\/"},"modified":"2014-02-13T00:00:00","modified_gmt":"2014-02-13T16:56:50","slug":"pela-primeira-vez-com-voto-aberto-camara-cassa-mandato-de-natan-donadon","status":"publish","type":"post","link":"https:\/\/psol50.org.br\/pela-primeira-vez-com-voto-aberto-camara-cassa-mandato-de-natan-donadon\/","title":{"rendered":"Pela primeira vez com voto aberto, C\u00e2mara cassa mandato de Natan Donadon"},"content":{"rendered":"<p style=\"text-align: justify;\">\n\t<em>Mariane Andrade, da Lideran\u00e7a do PSOL na C\u00e2mara<\/em><\/p>\n<p>\tA C\u00e2mara dos Deputados foi cen\u00e1rio de ato hist\u00f3rico na noite desta quarta-feira, 12 de fevereiro. Foi a primeira vota\u00e7\u00e3o de um processo de cassa\u00e7\u00e3o de mandato por voto aberto. Os deputados, por 467 votos favor\u00e1veis e 1 absten\u00e7\u00e3o, cassaram o mandato de Natan Donadon, que cumpre pena na Penitenci\u00e1ria da Papuda, em Bras\u00edlia, por forma\u00e7\u00e3o de quadrilha e desvio de recursos p\u00fablicos.<br \/>\n\t&nbsp;<br \/>\n\t\u201cFoi uma vit\u00f3ria da democracia brasileira, n\u00e3o falo da cassa\u00e7\u00e3o em si, mas da vota\u00e7\u00e3o por voto aberto\u201d, destacou o l\u00edder do PSOL, deputado Ivan Valente (SP). Coordenador da Frente Parlamentar em Defesa do Voto Aberto por 8 anos, Ivan Valente disse que v\u00e1rias resist\u00eancias foram vencidas nesse per\u00edodo para que o voto aberto se concretizasse.<br \/>\n\t&nbsp;<br \/>\n\tPara o deputado, a institui\u00e7\u00e3o do voto aberto para os casos de cassa\u00e7\u00e3o de mandato, no ano passado, foi resultado da exig\u00eancia da popula\u00e7\u00e3o pela transpar\u00eancia nas atitudes parlamentares. Segundo ele, tamb\u00e9m foi uma repara\u00e7\u00e3o do erro grav\u00edssimo de n\u00e3o ter cassado Donadon, em agosto de 2013, quando foi mantido o mandato, mesmo com o parlamentar j\u00e1 estando preso.<br \/>\n\t&nbsp;<br \/>\n\t\u201cA transpar\u00eancia e a visibilidade operam milagres. Acabou o conluio\u201d, comemorou Ivan Valente. \u201cMe orgulho de ter presidido a Frente Parlamentar, superando todas as resist\u00eancias. Vit\u00f3ria da exig\u00eancia popular\u201d.<br \/>\n\t&nbsp;<br \/>\n\tA luta pelo voto aberto no Congresso Nacional n\u00e3o se encerrou. O PSOL defende o voto aberto para todas as vota\u00e7\u00f5es \u2013 o voto ainda \u00e9 secreto para elei\u00e7\u00e3o da mesa diretora do Senado e da C\u00e2mara, para a escolha de autoridades (fun\u00e7\u00e3o exclusiva do Senado) e em delibera\u00e7\u00f5es das assembleias legislativas, da C\u00e2mara Legislativa do Distrito Federal e das c\u00e2maras de vereadores.<\/p>\n<p>&nbsp;<\/p>\n","protected":false},"excerpt":{"rendered":"<p>\u201cFoi uma vit\u00f3ria da democracia brasileira e da exig\u00eancia popular\u201d, avaliou Ivan Valente, que coordenou a Frente Parlamentar em Defesa do Voto Aberto<\/p>\n","protected":false},"author":2,"featured_media":0,"comment_status":"open","ping_status":"open","sticky":false,"template":"","format":"standard","meta":{"_acf_changed":false,"footnotes":""},"categories":[10,4766,6],"tags":[2734],"class_list":{"0":"post-2579","1":"post","2":"type-post","3":"status-publish","4":"format-standard","6":"category-acao-parlamentares","7":"category-arquivo","8":"category-noticias","9":"tag-bancada-do-psol"},"acf":[],"yoast_head":"<!-- This site is optimized with the Yoast SEO plugin v26.5 - https:\/\/yoast.com\/wordpress\/plugins\/seo\/ -->\n<title>Pela primeira vez com voto aberto, C\u00e2mara cassa mandato de Natan Donadon - PSOL 50<\/title>\n<meta name=\"robots\" content=\"index, follow, max-snippet:-1, max-image-preview:large, max-video-preview:-1\" \/>\n<link rel=\"canonical\" href=\"https:\/\/psol50.org.br\/pela-primeira-vez-com-voto-aberto-camara-cassa-mandato-de-natan-donadon\/\" \/>\n<meta property=\"og:locale\" content=\"pt_BR\" \/>\n<meta property=\"og:type\" content=\"article\" \/>\n<meta property=\"og:title\" content=\"Pela primeira vez com voto aberto, C\u00e2mara cassa mandato de Natan Donadon - PSOL 50\" \/>\n<meta property=\"og:description\" content=\"\u201cFoi uma vit\u00f3ria da democracia brasileira e da exig\u00eancia popular\u201d, avaliou Ivan Valente, que coordenou a Frente Parlamentar em Defesa do Voto Aberto\" \/>\n<meta property=\"og:url\" content=\"https:\/\/psol50.org.br\/pela-primeira-vez-com-voto-aberto-camara-cassa-mandato-de-natan-donadon\/\" \/>\n<meta property=\"og:site_name\" content=\"PSOL 50\" \/>\n<meta property=\"article:publisher\" content=\"https:\/\/www.facebook.com\/psol50\" \/>\n<meta property=\"article:published_time\" content=\"2014-02-13T16:56:50+00:00\" \/>\n<meta property=\"og:image\" content=\"https:\/\/psol50.org.br\/inc\/uploads\/2018\/07\/capa.png\" \/>\n\t<meta property=\"og:image:width\" content=\"1350\" \/>\n\t<meta property=\"og:image:height\" content=\"900\" \/>\n\t<meta property=\"og:image:type\" content=\"image\/png\" \/>\n<meta name=\"author\" content=\"Comunica\u00e7\u00e3o PSOL\" \/>\n<meta name=\"twitter:card\" content=\"summary_large_image\" \/>\n<meta name=\"twitter:creator\" content=\"@psol50\" \/>\n<meta name=\"twitter:site\" content=\"@psol50\" \/>\n<meta name=\"twitter:label1\" content=\"Escrito por\" \/>\n\t<meta name=\"twitter:data1\" content=\"Comunica\u00e7\u00e3o PSOL\" \/>\n\t<meta name=\"twitter:label2\" content=\"Est. tempo de leitura\" \/>\n\t<meta name=\"twitter:data2\" content=\"2 minutos\" \/>\n<script type=\"application\/ld+json\" class=\"yoast-schema-graph\">{\"@context\":\"https:\/\/schema.org\",\"@graph\":[{\"@type\":\"Article\",\"@id\":\"https:\/\/psol50.org.br\/pela-primeira-vez-com-voto-aberto-camara-cassa-mandato-de-natan-donadon\/#article\",\"isPartOf\":{\"@id\":\"https:\/\/psol50.org.br\/pela-primeira-vez-com-voto-aberto-camara-cassa-mandato-de-natan-donadon\/\"},\"author\":{\"name\":\"Comunica\u00e7\u00e3o PSOL\",\"@id\":\"https:\/\/psol50.org.br\/#\/schema\/person\/475dfa57d0b815993c714c2e96491fcd\"},\"headline\":\"Pela primeira vez com voto aberto, C\u00e2mara cassa mandato de Natan Donadon\",\"datePublished\":\"2014-02-13T16:56:50+00:00\",\"mainEntityOfPage\":{\"@id\":\"https:\/\/psol50.org.br\/pela-primeira-vez-com-voto-aberto-camara-cassa-mandato-de-natan-donadon\/\"},\"wordCount\":331,\"commentCount\":0,\"publisher\":{\"@id\":\"https:\/\/psol50.org.br\/#organization\"},\"keywords\":[\"Bancada do PSOL\"],\"articleSection\":[\"A\u00e7\u00e3o Parlamentar\",\"Arquivo\",\"Not\u00edcias\"],\"inLanguage\":\"pt-BR\",\"potentialAction\":[{\"@type\":\"CommentAction\",\"name\":\"Comment\",\"target\":[\"https:\/\/psol50.org.br\/pela-primeira-vez-com-voto-aberto-camara-cassa-mandato-de-natan-donadon\/#respond\"]}]},{\"@type\":\"WebPage\",\"@id\":\"https:\/\/psol50.org.br\/pela-primeira-vez-com-voto-aberto-camara-cassa-mandato-de-natan-donadon\/\",\"url\":\"https:\/\/psol50.org.br\/pela-primeira-vez-com-voto-aberto-camara-cassa-mandato-de-natan-donadon\/\",\"name\":\"Pela primeira vez com voto aberto, C\u00e2mara cassa mandato de Natan Donadon - PSOL 50\",\"isPartOf\":{\"@id\":\"https:\/\/psol50.org.br\/#website\"},\"datePublished\":\"2014-02-13T16:56:50+00:00\",\"breadcrumb\":{\"@id\":\"https:\/\/psol50.org.br\/pela-primeira-vez-com-voto-aberto-camara-cassa-mandato-de-natan-donadon\/#breadcrumb\"},\"inLanguage\":\"pt-BR\",\"potentialAction\":[{\"@type\":\"ReadAction\",\"target\":[\"https:\/\/psol50.org.br\/pela-primeira-vez-com-voto-aberto-camara-cassa-mandato-de-natan-donadon\/\"]}]},{\"@type\":\"BreadcrumbList\",\"@id\":\"https:\/\/psol50.org.br\/pela-primeira-vez-com-voto-aberto-camara-cassa-mandato-de-natan-donadon\/#breadcrumb\",\"itemListElement\":[{\"@type\":\"ListItem\",\"position\":1,\"name\":\"In\u00edcio\",\"item\":\"https:\/\/psol50.org.br\/\"},{\"@type\":\"ListItem\",\"position\":2,\"name\":\"Pela primeira vez com voto aberto, C\u00e2mara cassa mandato de Natan Donadon\"}]},{\"@type\":\"WebSite\",\"@id\":\"https:\/\/psol50.org.br\/#website\",\"url\":\"https:\/\/psol50.org.br\/\",\"name\":\"PSOL 50\",\"description\":\"Site oficial do Partido Socialismo e Liberdade\",\"publisher\":{\"@id\":\"https:\/\/psol50.org.br\/#organization\"},\"alternateName\":\"PSOL50\",\"potentialAction\":[{\"@type\":\"SearchAction\",\"target\":{\"@type\":\"EntryPoint\",\"urlTemplate\":\"https:\/\/psol50.org.br\/?s={search_term_string}\"},\"query-input\":{\"@type\":\"PropertyValueSpecification\",\"valueRequired\":true,\"valueName\":\"search_term_string\"}}],\"inLanguage\":\"pt-BR\"},{\"@type\":\"Organization\",\"@id\":\"https:\/\/psol50.org.br\/#organization\",\"name\":\"PSOL 50\",\"alternateName\":\"PSOL 50\",\"url\":\"https:\/\/psol50.org.br\/\",\"logo\":{\"@type\":\"ImageObject\",\"inLanguage\":\"pt-BR\",\"@id\":\"https:\/\/psol50.org.br\/#\/schema\/logo\/image\/\",\"url\":\"https:\/\/psol50.org.br\/inc\/uploads\/2018\/07\/capa.png\",\"contentUrl\":\"https:\/\/psol50.org.br\/inc\/uploads\/2018\/07\/capa.png\",\"width\":1350,\"height\":900,\"caption\":\"PSOL 50\"},\"image\":{\"@id\":\"https:\/\/psol50.org.br\/#\/schema\/logo\/image\/\"},\"sameAs\":[\"https:\/\/www.facebook.com\/psol50\",\"https:\/\/x.com\/psol50\",\"https:\/\/www.instagram.com\/psol50\/\",\"https:\/\/www.youtube.com\/channel\/UC7SnJS5o1os7a6CaiNabzcg\"]},{\"@type\":\"Person\",\"@id\":\"https:\/\/psol50.org.br\/#\/schema\/person\/475dfa57d0b815993c714c2e96491fcd\",\"name\":\"Comunica\u00e7\u00e3o PSOL\",\"image\":{\"@type\":\"ImageObject\",\"inLanguage\":\"pt-BR\",\"@id\":\"https:\/\/psol50.org.br\/#\/schema\/person\/image\/\",\"url\":\"https:\/\/secure.gravatar.com\/avatar\/b34fc4f4e468a4e51785917065a3db57b841f5c95dba6ad8c73aaf8f66f8f9bf?s=96&d=mm&r=g\",\"contentUrl\":\"https:\/\/secure.gravatar.com\/avatar\/b34fc4f4e468a4e51785917065a3db57b841f5c95dba6ad8c73aaf8f66f8f9bf?s=96&d=mm&r=g\",\"caption\":\"Comunica\u00e7\u00e3o PSOL\"}}]}<\/script>\n<!-- \/ Yoast SEO plugin. -->","yoast_head_json":{"title":"Pela primeira vez com voto aberto, C\u00e2mara cassa mandato de Natan Donadon - PSOL 50","robots":{"index":"index","follow":"follow","max-snippet":"max-snippet:-1","max-image-preview":"max-image-preview:large","max-video-preview":"max-video-preview:-1"},"canonical":"https:\/\/psol50.org.br\/pela-primeira-vez-com-voto-aberto-camara-cassa-mandato-de-natan-donadon\/","og_locale":"pt_BR","og_type":"article","og_title":"Pela primeira vez com voto aberto, C\u00e2mara cassa mandato de Natan Donadon - PSOL 50","og_description":"\u201cFoi uma vit\u00f3ria da democracia brasileira e da exig\u00eancia popular\u201d, avaliou Ivan Valente, que coordenou a Frente Parlamentar em Defesa do Voto Aberto","og_url":"https:\/\/psol50.org.br\/pela-primeira-vez-com-voto-aberto-camara-cassa-mandato-de-natan-donadon\/","og_site_name":"PSOL 50","article_publisher":"https:\/\/www.facebook.com\/psol50","article_published_time":"2014-02-13T16:56:50+00:00","og_image":[{"width":1350,"height":900,"url":"https:\/\/psol50.org.br\/inc\/uploads\/2018\/07\/capa.png","type":"image\/png"}],"author":"Comunica\u00e7\u00e3o PSOL","twitter_card":"summary_large_image","twitter_creator":"@psol50","twitter_site":"@psol50","twitter_misc":{"Escrito por":"Comunica\u00e7\u00e3o PSOL","Est. tempo de leitura":"2 minutos"},"schema":{"@context":"https:\/\/schema.org","@graph":[{"@type":"Article","@id":"https:\/\/psol50.org.br\/pela-primeira-vez-com-voto-aberto-camara-cassa-mandato-de-natan-donadon\/#article","isPartOf":{"@id":"https:\/\/psol50.org.br\/pela-primeira-vez-com-voto-aberto-camara-cassa-mandato-de-natan-donadon\/"},"author":{"name":"Comunica\u00e7\u00e3o PSOL","@id":"https:\/\/psol50.org.br\/#\/schema\/person\/475dfa57d0b815993c714c2e96491fcd"},"headline":"Pela primeira vez com voto aberto, C\u00e2mara cassa mandato de Natan Donadon","datePublished":"2014-02-13T16:56:50+00:00","mainEntityOfPage":{"@id":"https:\/\/psol50.org.br\/pela-primeira-vez-com-voto-aberto-camara-cassa-mandato-de-natan-donadon\/"},"wordCount":331,"commentCount":0,"publisher":{"@id":"https:\/\/psol50.org.br\/#organization"},"keywords":["Bancada do PSOL"],"articleSection":["A\u00e7\u00e3o Parlamentar","Arquivo","Not\u00edcias"],"inLanguage":"pt-BR","potentialAction":[{"@type":"CommentAction","name":"Comment","target":["https:\/\/psol50.org.br\/pela-primeira-vez-com-voto-aberto-camara-cassa-mandato-de-natan-donadon\/#respond"]}]},{"@type":"WebPage","@id":"https:\/\/psol50.org.br\/pela-primeira-vez-com-voto-aberto-camara-cassa-mandato-de-natan-donadon\/","url":"https:\/\/psol50.org.br\/pela-primeira-vez-com-voto-aberto-camara-cassa-mandato-de-natan-donadon\/","name":"Pela primeira vez com voto aberto, C\u00e2mara cassa mandato de Natan Donadon - PSOL 50","isPartOf":{"@id":"https:\/\/psol50.org.br\/#website"},"datePublished":"2014-02-13T16:56:50+00:00","breadcrumb":{"@id":"https:\/\/psol50.org.br\/pela-primeira-vez-com-voto-aberto-camara-cassa-mandato-de-natan-donadon\/#breadcrumb"},"inLanguage":"pt-BR","potentialAction":[{"@type":"ReadAction","target":["https:\/\/psol50.org.br\/pela-primeira-vez-com-voto-aberto-camara-cassa-mandato-de-natan-donadon\/"]}]},{"@type":"BreadcrumbList","@id":"https:\/\/psol50.org.br\/pela-primeira-vez-com-voto-aberto-camara-cassa-mandato-de-natan-donadon\/#breadcrumb","itemListElement":[{"@type":"ListItem","position":1,"name":"In\u00edcio","item":"https:\/\/psol50.org.br\/"},{"@type":"ListItem","position":2,"name":"Pela primeira vez com voto aberto, C\u00e2mara cassa mandato de Natan Donadon"}]},{"@type":"WebSite","@id":"https:\/\/psol50.org.br\/#website","url":"https:\/\/psol50.org.br\/","name":"PSOL 50","description":"Site oficial do Partido Socialismo e Liberdade","publisher":{"@id":"https:\/\/psol50.org.br\/#organization"},"alternateName":"PSOL50","potentialAction":[{"@type":"SearchAction","target":{"@type":"EntryPoint","urlTemplate":"https:\/\/psol50.org.br\/?s={search_term_string}"},"query-input":{"@type":"PropertyValueSpecification","valueRequired":true,"valueName":"search_term_string"}}],"inLanguage":"pt-BR"},{"@type":"Organization","@id":"https:\/\/psol50.org.br\/#organization","name":"PSOL 50","alternateName":"PSOL 50","url":"https:\/\/psol50.org.br\/","logo":{"@type":"ImageObject","inLanguage":"pt-BR","@id":"https:\/\/psol50.org.br\/#\/schema\/logo\/image\/","url":"https:\/\/psol50.org.br\/inc\/uploads\/2018\/07\/capa.png","contentUrl":"https:\/\/psol50.org.br\/inc\/uploads\/2018\/07\/capa.png","width":1350,"height":900,"caption":"PSOL 50"},"image":{"@id":"https:\/\/psol50.org.br\/#\/schema\/logo\/image\/"},"sameAs":["https:\/\/www.facebook.com\/psol50","https:\/\/x.com\/psol50","https:\/\/www.instagram.com\/psol50\/","https:\/\/www.youtube.com\/channel\/UC7SnJS5o1os7a6CaiNabzcg"]},{"@type":"Person","@id":"https:\/\/psol50.org.br\/#\/schema\/person\/475dfa57d0b815993c714c2e96491fcd","name":"Comunica\u00e7\u00e3o PSOL","image":{"@type":"ImageObject","inLanguage":"pt-BR","@id":"https:\/\/psol50.org.br\/#\/schema\/person\/image\/","url":"https:\/\/secure.gravatar.com\/avatar\/b34fc4f4e468a4e51785917065a3db57b841f5c95dba6ad8c73aaf8f66f8f9bf?s=96&d=mm&r=g","contentUrl":"https:\/\/secure.gravatar.com\/avatar\/b34fc4f4e468a4e51785917065a3db57b841f5c95dba6ad8c73aaf8f66f8f9bf?s=96&d=mm&r=g","caption":"Comunica\u00e7\u00e3o PSOL"}}]}},"_links":{"self":[{"href":"https:\/\/psol50.org.br\/rest\/wp\/v2\/posts\/2579","targetHints":{"allow":["GET"]}}],"collection":[{"href":"https:\/\/psol50.org.br\/rest\/wp\/v2\/posts"}],"about":[{"href":"https:\/\/psol50.org.br\/rest\/wp\/v2\/types\/post"}],"author":[{"embeddable":true,"href":"https:\/\/psol50.org.br\/rest\/wp\/v2\/users\/2"}],"replies":[{"embeddable":true,"href":"https:\/\/psol50.org.br\/rest\/wp\/v2\/comments?post=2579"}],"version-history":[{"count":0,"href":"https:\/\/psol50.org.br\/rest\/wp\/v2\/posts\/2579\/revisions"}],"wp:attachment":[{"href":"https:\/\/psol50.org.br\/rest\/wp\/v2\/media?parent=2579"}],"wp:term":[{"taxonomy":"category","embeddable":true,"href":"https:\/\/psol50.org.br\/rest\/wp\/v2\/categories?post=2579"},{"taxonomy":"post_tag","embeddable":true,"href":"https:\/\/psol50.org.br\/rest\/wp\/v2\/tags?post=2579"}],"curies":[{"name":"wp","href":"https:\/\/api.w.org\/{rel}","templated":true}]}}