{"id":25807,"date":"2019-07-05T17:14:03","date_gmt":"2019-07-05T20:14:03","guid":{"rendered":"http:\/\/psol50.org.br\/?p=25807"},"modified":"2019-07-05T17:14:03","modified_gmt":"2019-07-05T20:14:03","slug":"84-anos-e-virando-a-noite-para-defender-os-direitos-lute-como-luiza-erundina","status":"publish","type":"post","link":"https:\/\/psol50.org.br\/84-anos-e-virando-a-noite-para-defender-os-direitos-lute-como-luiza-erundina\/","title":{"rendered":"84 anos e virando a noite para defender os direitos: lute como Luiza Erundina"},"content":{"rendered":"<p>Luiza Erundina com 84 anos \u00e9 a deputada mais velha da C\u00e2mara Federal, mas a idade n\u00e3o impede sua atua\u00e7\u00e3o combativa na C\u00e2mara.<\/p>\n<p>Nesta quinta-feira (4), a deputada n\u00e3o se rendeu e manteve presen\u00e7a por longas horas na comiss\u00e3o especial que votava os destaques da reforma da previd\u00eancia. A sess\u00e3o atravessou a madrugada e Erundina seguiu firme. Em uma fala no meio da madrugada, foi desrespeitada por v\u00e1rios dos traidores do povo, mas mesmo assim mandou seu recado e foi aplaudida por v\u00e1rios dos presentes.<\/p>\n<blockquote class=\"twitter-tweet\" data-width=\"550\" data-dnt=\"true\">\n<p lang=\"pt\" dir=\"ltr\">84 anos. Virando a madrugada na C\u00e2mara para defender os direitos do povo. Arrancando aplausos de todos com sua garra.<\/p>\n<p>Lute como <a href=\"https:\/\/twitter.com\/luizaerundina?ref_src=twsrc%5Etfw\">@luizaerundina<\/a> \u2764\ufe0f <a href=\"https:\/\/t.co\/kIGlgdSjJ6\">pic.twitter.com\/kIGlgdSjJ6<\/a><\/p>\n<p>&mdash; PSOL 50 (@psol50) <a href=\"https:\/\/twitter.com\/psol50\/status\/1147173294904205312?ref_src=twsrc%5Etfw\">July 5, 2019<\/a><\/p><\/blockquote>\n<p><script async src=\"https:\/\/platform.twitter.com\/widgets.js\" charset=\"utf-8\"><\/script><\/p>\n<p>A jovem deputada S\u00e2mia Bomfim estava presente na sess\u00e3o junto com Luiza Erundina e se emocionou com a garra da ex-prefeita de S\u00e3o Paulo.<\/p>\n<blockquote class=\"twitter-tweet\" data-width=\"550\" data-dnt=\"true\">\n<p lang=\"pt\" dir=\"ltr\">Deputada Luiza Erundina, 84 anos, \u00e0 1h da manh\u00e3 dando exemplo de garra, for\u00e7a e coer\u00eancia aqui na comiss\u00e3o da reforma da previd\u00eancia. Orgulho da nossa bancada. Emocionou muita gente durona por aqui.<\/p>\n<p>&mdash; S\u00e2mia Bomfim (@samiabomfim) <a href=\"https:\/\/twitter.com\/samiabomfim\/status\/1146995968489009152?ref_src=twsrc%5Etfw\">July 5, 2019<\/a><\/p><\/blockquote>\n<p><script async src=\"https:\/\/platform.twitter.com\/widgets.js\" charset=\"utf-8\"><\/script><\/p>\n<blockquote class=\"twitter-tweet\" data-width=\"550\" data-dnt=\"true\">\n<p lang=\"pt\" dir=\"ltr\">Eu me emociono muito, gente. \ud83d\ude2d<a href=\"https:\/\/twitter.com\/luizaerundina?ref_src=twsrc%5Etfw\">@luizaerundina<\/a>, amada, meu respeito e admira\u00e7\u00e3o infinitos! Voc\u00ea \u00e9 gigante! <a href=\"https:\/\/t.co\/DmqMXjOjB4\">https:\/\/t.co\/DmqMXjOjB4<\/a><\/p>\n<p>&mdash; \u00c1urea Carolina (@aureacarolinax) <a href=\"https:\/\/twitter.com\/aureacarolinax\/status\/1147233546693689345?ref_src=twsrc%5Etfw\">July 5, 2019<\/a><\/p><\/blockquote>\n<p><script async src=\"https:\/\/platform.twitter.com\/widgets.js\" charset=\"utf-8\"><\/script><\/p>\n<blockquote class=\"twitter-tweet\" data-width=\"550\" data-dnt=\"true\">\n<p lang=\"en\" dir=\"ltr\">Grande <a href=\"https:\/\/twitter.com\/luizaerundina?ref_src=twsrc%5Etfw\">@luizaerundina<\/a> \ud83d\udc9c <a href=\"https:\/\/t.co\/LZUfAswhmy\">https:\/\/t.co\/LZUfAswhmy<\/a><\/p>\n<p>&mdash; Edmilson Rodrigues (@EdmilsonPSOL) <a href=\"https:\/\/twitter.com\/EdmilsonPSOL\/status\/1147214227276533760?ref_src=twsrc%5Etfw\">July 5, 2019<\/a><\/p><\/blockquote>\n<p><script async src=\"https:\/\/platform.twitter.com\/widgets.js\" charset=\"utf-8\"><\/script><\/p>\n<blockquote class=\"twitter-tweet\" data-width=\"550\" data-dnt=\"true\">\n<p lang=\"pt\" dir=\"ltr\">Vamos continuar com nossa posi\u00e7\u00e3o de resist\u00eancia contra as maldades dessa reforma da Previd\u00eancia. O povo ainda n\u00e3o percebeu totalmente, mas vai sentir essas perversidades. Estamos cansadas, mas n\u00e3o desanimadas. A luta est\u00e1 s\u00f3 come\u00e7ando! <a href=\"https:\/\/twitter.com\/luizaerundina?ref_src=twsrc%5Etfw\">@luizaerundina<\/a>, ao final da sess\u00e3o.<\/p>\n<p>&mdash; PSOL na C\u00e2mara (@psolnacamara) <a href=\"https:\/\/twitter.com\/psolnacamara\/status\/1147012904228655104?ref_src=twsrc%5Etfw\">July 5, 2019<\/a><\/p><\/blockquote>\n<p><script async src=\"https:\/\/platform.twitter.com\/widgets.js\" charset=\"utf-8\"><\/script><\/p>\n","protected":false},"excerpt":{"rendered":"<p>Luiza Erundina com 84 anos \u00e9 a deputada mais velha da C\u00e2mara Federal, mas a idade n\u00e3o impede sua atua\u00e7\u00e3o combativa na C\u00e2mara. Nesta quinta-feira (4), a deputada n\u00e3o se rendeu e manteve presen\u00e7a por longas horas na comiss\u00e3o especial que votava os destaques da reforma da previd\u00eancia. A sess\u00e3o atravessou a madrugada e Erundina [&hellip;]<\/p>\n","protected":false},"author":2,"featured_media":25843,"comment_status":"closed","ping_status":"open","sticky":false,"template":"","format":"standard","meta":{"_acf_changed":false,"footnotes":""},"categories":[6],"tags":[553,39,1077],"class_list":{"0":"post-25807","1":"post","2":"type-post","3":"status-publish","4":"format-standard","5":"has-post-thumbnail","7":"category-noticias","8":"tag-luiza-erundina","9":"tag-reforma-da-previdencia","10":"tag-samia-bomfim"},"acf":[],"yoast_head":"<!-- This site is optimized with the Yoast SEO plugin v26.5 - https:\/\/yoast.com\/wordpress\/plugins\/seo\/ -->\n<title>84 anos e virando a noite para defender os direitos: lute como Luiza Erundina<\/title>\n<meta name=\"robots\" content=\"index, follow, max-snippet:-1, max-image-preview:large, max-video-preview:-1\" \/>\n<link rel=\"canonical\" href=\"https:\/\/psol50.org.br\/84-anos-e-virando-a-noite-para-defender-os-direitos-lute-como-luiza-erundina\/\" \/>\n<meta property=\"og:locale\" content=\"pt_BR\" \/>\n<meta property=\"og:type\" content=\"article\" \/>\n<meta property=\"og:title\" content=\"Com 84 anos, virando a noite em defesa das aposentadorias. Lute como Luiza Erundina!\" \/>\n<meta property=\"og:description\" content=\"&quot;Lutamos como nunca e perdemos, mas a luta continua!&quot;\" \/>\n<meta property=\"og:url\" content=\"https:\/\/psol50.org.br\/84-anos-e-virando-a-noite-para-defender-os-direitos-lute-como-luiza-erundina\/\" \/>\n<meta property=\"og:site_name\" content=\"PSOL 50\" \/>\n<meta property=\"article:publisher\" content=\"https:\/\/www.facebook.com\/psol50\" \/>\n<meta property=\"article:published_time\" content=\"2019-07-05T20:14:03+00:00\" \/>\n<meta property=\"og:image\" content=\"https:\/\/psol50.org.br\/inc\/uploads\/2019\/07\/photo5064413127076063356.jpg\" \/>\n\t<meta property=\"og:image:width\" content=\"1280\" \/>\n\t<meta property=\"og:image:height\" content=\"852\" \/>\n\t<meta property=\"og:image:type\" content=\"image\/jpeg\" \/>\n<meta name=\"author\" content=\"Comunica\u00e7\u00e3o PSOL\" \/>\n<meta name=\"twitter:card\" content=\"summary_large_image\" \/>\n<meta name=\"twitter:title\" content=\"84 anos e virando a noite para defender os direitos: lute como Luiza Erundina\" \/>\n<meta name=\"twitter:description\" content=\"&quot;Lutamos como nunca e perdemos, mas a luta continua!&quot;\" \/>\n<meta name=\"twitter:image\" content=\"https:\/\/psol50.org.br\/inc\/uploads\/2019\/07\/photo5064413127076063356.jpg\" \/>\n<meta name=\"twitter:creator\" content=\"@psol50\" \/>\n<meta name=\"twitter:site\" content=\"@psol50\" \/>\n<meta name=\"twitter:label1\" content=\"Escrito por\" \/>\n\t<meta name=\"twitter:data1\" content=\"Comunica\u00e7\u00e3o PSOL\" \/>\n\t<meta name=\"twitter:label2\" content=\"Est. tempo de leitura\" \/>\n\t<meta name=\"twitter:data2\" content=\"1 minuto\" \/>\n<script type=\"application\/ld+json\" class=\"yoast-schema-graph\">{\"@context\":\"https:\/\/schema.org\",\"@graph\":[{\"@type\":\"Article\",\"@id\":\"https:\/\/psol50.org.br\/84-anos-e-virando-a-noite-para-defender-os-direitos-lute-como-luiza-erundina\/#article\",\"isPartOf\":{\"@id\":\"https:\/\/psol50.org.br\/84-anos-e-virando-a-noite-para-defender-os-direitos-lute-como-luiza-erundina\/\"},\"author\":{\"name\":\"Comunica\u00e7\u00e3o PSOL\",\"@id\":\"https:\/\/psol50.org.br\/#\/schema\/person\/475dfa57d0b815993c714c2e96491fcd\"},\"headline\":\"84 anos e virando a noite para defender os direitos: lute como Luiza Erundina\",\"datePublished\":\"2019-07-05T20:14:03+00:00\",\"mainEntityOfPage\":{\"@id\":\"https:\/\/psol50.org.br\/84-anos-e-virando-a-noite-para-defender-os-direitos-lute-como-luiza-erundina\/\"},\"wordCount\":158,\"publisher\":{\"@id\":\"https:\/\/psol50.org.br\/#organization\"},\"image\":{\"@id\":\"https:\/\/psol50.org.br\/84-anos-e-virando-a-noite-para-defender-os-direitos-lute-como-luiza-erundina\/#primaryimage\"},\"thumbnailUrl\":\"https:\/\/psol50.org.br\/inc\/uploads\/2019\/07\/photo5064413127076063356.jpg\",\"keywords\":[\"Luiza Erundina\",\"reforma da previd\u00eancia\",\"S\u00e2mia Bomfim\"],\"articleSection\":[\"Not\u00edcias\"],\"inLanguage\":\"pt-BR\"},{\"@type\":\"WebPage\",\"@id\":\"https:\/\/psol50.org.br\/84-anos-e-virando-a-noite-para-defender-os-direitos-lute-como-luiza-erundina\/\",\"url\":\"https:\/\/psol50.org.br\/84-anos-e-virando-a-noite-para-defender-os-direitos-lute-como-luiza-erundina\/\",\"name\":\"84 anos e virando a noite para defender os direitos: lute como Luiza Erundina\",\"isPartOf\":{\"@id\":\"https:\/\/psol50.org.br\/#website\"},\"primaryImageOfPage\":{\"@id\":\"https:\/\/psol50.org.br\/84-anos-e-virando-a-noite-para-defender-os-direitos-lute-como-luiza-erundina\/#primaryimage\"},\"image\":{\"@id\":\"https:\/\/psol50.org.br\/84-anos-e-virando-a-noite-para-defender-os-direitos-lute-como-luiza-erundina\/#primaryimage\"},\"thumbnailUrl\":\"https:\/\/psol50.org.br\/inc\/uploads\/2019\/07\/photo5064413127076063356.jpg\",\"datePublished\":\"2019-07-05T20:14:03+00:00\",\"breadcrumb\":{\"@id\":\"https:\/\/psol50.org.br\/84-anos-e-virando-a-noite-para-defender-os-direitos-lute-como-luiza-erundina\/#breadcrumb\"},\"inLanguage\":\"pt-BR\",\"potentialAction\":[{\"@type\":\"ReadAction\",\"target\":[\"https:\/\/psol50.org.br\/84-anos-e-virando-a-noite-para-defender-os-direitos-lute-como-luiza-erundina\/\"]}]},{\"@type\":\"ImageObject\",\"inLanguage\":\"pt-BR\",\"@id\":\"https:\/\/psol50.org.br\/84-anos-e-virando-a-noite-para-defender-os-direitos-lute-como-luiza-erundina\/#primaryimage\",\"url\":\"https:\/\/psol50.org.br\/inc\/uploads\/2019\/07\/photo5064413127076063356.jpg\",\"contentUrl\":\"https:\/\/psol50.org.br\/inc\/uploads\/2019\/07\/photo5064413127076063356.jpg\",\"width\":1280,\"height\":852,\"caption\":\"M\u00eddia NINJA\"},{\"@type\":\"BreadcrumbList\",\"@id\":\"https:\/\/psol50.org.br\/84-anos-e-virando-a-noite-para-defender-os-direitos-lute-como-luiza-erundina\/#breadcrumb\",\"itemListElement\":[{\"@type\":\"ListItem\",\"position\":1,\"name\":\"In\u00edcio\",\"item\":\"https:\/\/psol50.org.br\/\"},{\"@type\":\"ListItem\",\"position\":2,\"name\":\"84 anos e virando a noite para defender os direitos: lute como Luiza Erundina\"}]},{\"@type\":\"WebSite\",\"@id\":\"https:\/\/psol50.org.br\/#website\",\"url\":\"https:\/\/psol50.org.br\/\",\"name\":\"PSOL 50\",\"description\":\"Site oficial do Partido Socialismo e Liberdade\",\"publisher\":{\"@id\":\"https:\/\/psol50.org.br\/#organization\"},\"alternateName\":\"PSOL50\",\"potentialAction\":[{\"@type\":\"SearchAction\",\"target\":{\"@type\":\"EntryPoint\",\"urlTemplate\":\"https:\/\/psol50.org.br\/?s={search_term_string}\"},\"query-input\":{\"@type\":\"PropertyValueSpecification\",\"valueRequired\":true,\"valueName\":\"search_term_string\"}}],\"inLanguage\":\"pt-BR\"},{\"@type\":\"Organization\",\"@id\":\"https:\/\/psol50.org.br\/#organization\",\"name\":\"PSOL 50\",\"alternateName\":\"PSOL 50\",\"url\":\"https:\/\/psol50.org.br\/\",\"logo\":{\"@type\":\"ImageObject\",\"inLanguage\":\"pt-BR\",\"@id\":\"https:\/\/psol50.org.br\/#\/schema\/logo\/image\/\",\"url\":\"https:\/\/psol50.org.br\/inc\/uploads\/2018\/07\/capa.png\",\"contentUrl\":\"https:\/\/psol50.org.br\/inc\/uploads\/2018\/07\/capa.png\",\"width\":1350,\"height\":900,\"caption\":\"PSOL 50\"},\"image\":{\"@id\":\"https:\/\/psol50.org.br\/#\/schema\/logo\/image\/\"},\"sameAs\":[\"https:\/\/www.facebook.com\/psol50\",\"https:\/\/x.com\/psol50\",\"https:\/\/www.instagram.com\/psol50\/\",\"https:\/\/www.youtube.com\/channel\/UC7SnJS5o1os7a6CaiNabzcg\"]},{\"@type\":\"Person\",\"@id\":\"https:\/\/psol50.org.br\/#\/schema\/person\/475dfa57d0b815993c714c2e96491fcd\",\"name\":\"Comunica\u00e7\u00e3o PSOL\",\"image\":{\"@type\":\"ImageObject\",\"inLanguage\":\"pt-BR\",\"@id\":\"https:\/\/psol50.org.br\/#\/schema\/person\/image\/\",\"url\":\"https:\/\/secure.gravatar.com\/avatar\/b34fc4f4e468a4e51785917065a3db57b841f5c95dba6ad8c73aaf8f66f8f9bf?s=96&d=mm&r=g\",\"contentUrl\":\"https:\/\/secure.gravatar.com\/avatar\/b34fc4f4e468a4e51785917065a3db57b841f5c95dba6ad8c73aaf8f66f8f9bf?s=96&d=mm&r=g\",\"caption\":\"Comunica\u00e7\u00e3o PSOL\"}}]}<\/script>\n<!-- \/ Yoast SEO plugin. -->","yoast_head_json":{"title":"84 anos e virando a noite para defender os direitos: lute como Luiza Erundina","robots":{"index":"index","follow":"follow","max-snippet":"max-snippet:-1","max-image-preview":"max-image-preview:large","max-video-preview":"max-video-preview:-1"},"canonical":"https:\/\/psol50.org.br\/84-anos-e-virando-a-noite-para-defender-os-direitos-lute-como-luiza-erundina\/","og_locale":"pt_BR","og_type":"article","og_title":"Com 84 anos, virando a noite em defesa das aposentadorias. Lute como Luiza Erundina!","og_description":"\"Lutamos como nunca e perdemos, mas a luta continua!\"","og_url":"https:\/\/psol50.org.br\/84-anos-e-virando-a-noite-para-defender-os-direitos-lute-como-luiza-erundina\/","og_site_name":"PSOL 50","article_publisher":"https:\/\/www.facebook.com\/psol50","article_published_time":"2019-07-05T20:14:03+00:00","og_image":[{"width":1280,"height":852,"url":"https:\/\/psol50.org.br\/inc\/uploads\/2019\/07\/photo5064413127076063356.jpg","type":"image\/jpeg"}],"author":"Comunica\u00e7\u00e3o PSOL","twitter_card":"summary_large_image","twitter_title":"84 anos e virando a noite para defender os direitos: lute como Luiza Erundina","twitter_description":"\"Lutamos como nunca e perdemos, mas a luta continua!\"","twitter_image":"https:\/\/psol50.org.br\/inc\/uploads\/2019\/07\/photo5064413127076063356.jpg","twitter_creator":"@psol50","twitter_site":"@psol50","twitter_misc":{"Escrito por":"Comunica\u00e7\u00e3o PSOL","Est. tempo de leitura":"1 minuto"},"schema":{"@context":"https:\/\/schema.org","@graph":[{"@type":"Article","@id":"https:\/\/psol50.org.br\/84-anos-e-virando-a-noite-para-defender-os-direitos-lute-como-luiza-erundina\/#article","isPartOf":{"@id":"https:\/\/psol50.org.br\/84-anos-e-virando-a-noite-para-defender-os-direitos-lute-como-luiza-erundina\/"},"author":{"name":"Comunica\u00e7\u00e3o PSOL","@id":"https:\/\/psol50.org.br\/#\/schema\/person\/475dfa57d0b815993c714c2e96491fcd"},"headline":"84 anos e virando a noite para defender os direitos: lute como Luiza Erundina","datePublished":"2019-07-05T20:14:03+00:00","mainEntityOfPage":{"@id":"https:\/\/psol50.org.br\/84-anos-e-virando-a-noite-para-defender-os-direitos-lute-como-luiza-erundina\/"},"wordCount":158,"publisher":{"@id":"https:\/\/psol50.org.br\/#organization"},"image":{"@id":"https:\/\/psol50.org.br\/84-anos-e-virando-a-noite-para-defender-os-direitos-lute-como-luiza-erundina\/#primaryimage"},"thumbnailUrl":"https:\/\/psol50.org.br\/inc\/uploads\/2019\/07\/photo5064413127076063356.jpg","keywords":["Luiza Erundina","reforma da previd\u00eancia","S\u00e2mia Bomfim"],"articleSection":["Not\u00edcias"],"inLanguage":"pt-BR"},{"@type":"WebPage","@id":"https:\/\/psol50.org.br\/84-anos-e-virando-a-noite-para-defender-os-direitos-lute-como-luiza-erundina\/","url":"https:\/\/psol50.org.br\/84-anos-e-virando-a-noite-para-defender-os-direitos-lute-como-luiza-erundina\/","name":"84 anos e virando a noite para defender os direitos: lute como Luiza Erundina","isPartOf":{"@id":"https:\/\/psol50.org.br\/#website"},"primaryImageOfPage":{"@id":"https:\/\/psol50.org.br\/84-anos-e-virando-a-noite-para-defender-os-direitos-lute-como-luiza-erundina\/#primaryimage"},"image":{"@id":"https:\/\/psol50.org.br\/84-anos-e-virando-a-noite-para-defender-os-direitos-lute-como-luiza-erundina\/#primaryimage"},"thumbnailUrl":"https:\/\/psol50.org.br\/inc\/uploads\/2019\/07\/photo5064413127076063356.jpg","datePublished":"2019-07-05T20:14:03+00:00","breadcrumb":{"@id":"https:\/\/psol50.org.br\/84-anos-e-virando-a-noite-para-defender-os-direitos-lute-como-luiza-erundina\/#breadcrumb"},"inLanguage":"pt-BR","potentialAction":[{"@type":"ReadAction","target":["https:\/\/psol50.org.br\/84-anos-e-virando-a-noite-para-defender-os-direitos-lute-como-luiza-erundina\/"]}]},{"@type":"ImageObject","inLanguage":"pt-BR","@id":"https:\/\/psol50.org.br\/84-anos-e-virando-a-noite-para-defender-os-direitos-lute-como-luiza-erundina\/#primaryimage","url":"https:\/\/psol50.org.br\/inc\/uploads\/2019\/07\/photo5064413127076063356.jpg","contentUrl":"https:\/\/psol50.org.br\/inc\/uploads\/2019\/07\/photo5064413127076063356.jpg","width":1280,"height":852,"caption":"M\u00eddia NINJA"},{"@type":"BreadcrumbList","@id":"https:\/\/psol50.org.br\/84-anos-e-virando-a-noite-para-defender-os-direitos-lute-como-luiza-erundina\/#breadcrumb","itemListElement":[{"@type":"ListItem","position":1,"name":"In\u00edcio","item":"https:\/\/psol50.org.br\/"},{"@type":"ListItem","position":2,"name":"84 anos e virando a noite para defender os direitos: lute como Luiza Erundina"}]},{"@type":"WebSite","@id":"https:\/\/psol50.org.br\/#website","url":"https:\/\/psol50.org.br\/","name":"PSOL 50","description":"Site oficial do Partido Socialismo e Liberdade","publisher":{"@id":"https:\/\/psol50.org.br\/#organization"},"alternateName":"PSOL50","potentialAction":[{"@type":"SearchAction","target":{"@type":"EntryPoint","urlTemplate":"https:\/\/psol50.org.br\/?s={search_term_string}"},"query-input":{"@type":"PropertyValueSpecification","valueRequired":true,"valueName":"search_term_string"}}],"inLanguage":"pt-BR"},{"@type":"Organization","@id":"https:\/\/psol50.org.br\/#organization","name":"PSOL 50","alternateName":"PSOL 50","url":"https:\/\/psol50.org.br\/","logo":{"@type":"ImageObject","inLanguage":"pt-BR","@id":"https:\/\/psol50.org.br\/#\/schema\/logo\/image\/","url":"https:\/\/psol50.org.br\/inc\/uploads\/2018\/07\/capa.png","contentUrl":"https:\/\/psol50.org.br\/inc\/uploads\/2018\/07\/capa.png","width":1350,"height":900,"caption":"PSOL 50"},"image":{"@id":"https:\/\/psol50.org.br\/#\/schema\/logo\/image\/"},"sameAs":["https:\/\/www.facebook.com\/psol50","https:\/\/x.com\/psol50","https:\/\/www.instagram.com\/psol50\/","https:\/\/www.youtube.com\/channel\/UC7SnJS5o1os7a6CaiNabzcg"]},{"@type":"Person","@id":"https:\/\/psol50.org.br\/#\/schema\/person\/475dfa57d0b815993c714c2e96491fcd","name":"Comunica\u00e7\u00e3o PSOL","image":{"@type":"ImageObject","inLanguage":"pt-BR","@id":"https:\/\/psol50.org.br\/#\/schema\/person\/image\/","url":"https:\/\/secure.gravatar.com\/avatar\/b34fc4f4e468a4e51785917065a3db57b841f5c95dba6ad8c73aaf8f66f8f9bf?s=96&d=mm&r=g","contentUrl":"https:\/\/secure.gravatar.com\/avatar\/b34fc4f4e468a4e51785917065a3db57b841f5c95dba6ad8c73aaf8f66f8f9bf?s=96&d=mm&r=g","caption":"Comunica\u00e7\u00e3o PSOL"}}]}},"_links":{"self":[{"href":"https:\/\/psol50.org.br\/rest\/wp\/v2\/posts\/25807","targetHints":{"allow":["GET"]}}],"collection":[{"href":"https:\/\/psol50.org.br\/rest\/wp\/v2\/posts"}],"about":[{"href":"https:\/\/psol50.org.br\/rest\/wp\/v2\/types\/post"}],"author":[{"embeddable":true,"href":"https:\/\/psol50.org.br\/rest\/wp\/v2\/users\/2"}],"replies":[{"embeddable":true,"href":"https:\/\/psol50.org.br\/rest\/wp\/v2\/comments?post=25807"}],"version-history":[{"count":0,"href":"https:\/\/psol50.org.br\/rest\/wp\/v2\/posts\/25807\/revisions"}],"wp:featuredmedia":[{"embeddable":true,"href":"https:\/\/psol50.org.br\/rest\/wp\/v2\/media\/25843"}],"wp:attachment":[{"href":"https:\/\/psol50.org.br\/rest\/wp\/v2\/media?parent=25807"}],"wp:term":[{"taxonomy":"category","embeddable":true,"href":"https:\/\/psol50.org.br\/rest\/wp\/v2\/categories?post=25807"},{"taxonomy":"post_tag","embeddable":true,"href":"https:\/\/psol50.org.br\/rest\/wp\/v2\/tags?post=25807"}],"curies":[{"name":"wp","href":"https:\/\/api.w.org\/{rel}","templated":true}]}}