{"id":259,"date":"2012-08-27T00:00:00","date_gmt":"2012-08-27T00:00:00","guid":{"rendered":"http:\/\/psol50.org.br\/arquivo\/2012\/08\/27\/frente-belem-nas-maos-do-povo-denuncia-manipulacao-das-pesquisas\/"},"modified":"2012-08-27T00:00:00","modified_gmt":"2012-08-27T00:00:00","slug":"frente-belem-nas-maos-do-povo-denuncia-manipulacao-das-pesquisas","status":"publish","type":"post","link":"https:\/\/psol50.org.br\/frente-belem-nas-maos-do-povo-denuncia-manipulacao-das-pesquisas\/","title":{"rendered":"Frente Bel\u00e9m nas M\u00e3os do Povo denuncia manipula\u00e7\u00e3o das pesquisas"},"content":{"rendered":"<p>Em nota divulgada ontem(26), a frente Bel\u00e9m nas M\u00e3os do Povo (PSOL-PCdoB-PSTU) condenou a postura do jornal O Liberal, que faz, na edi\u00e7\u00e3o de domingo, uma interpreta\u00e7\u00e3o equivocada e manipuladora dos resultados das \u00faltimas pesquisas de inten\u00e7\u00e3o de voto, elaboradas pelos institutos Ibope e Vox Populi, a fim de levar o leitor a erro. Leia a nota divulgada pela coliga\u00e7\u00e3o:<\/p>\n<p>DEN\u00daNCIA \u2013 A MANIPULA\u00c7\u00c3O DAS PESQUISAS J\u00c1 COME\u00c7OU<\/p>\n<p>1. Na edi\u00e7\u00e3o deste domingo (26), o jornal O Liberal publica uma pesquisa de inten\u00e7\u00e3o de voto do instituto Vox Populi para a Prefeitura de Bel\u00e9m que, mais uma vez confirma a lideran\u00e7a de Edmilson por ampla margem de vantagem em rela\u00e7\u00e3o aos outros candidatos. No entanto, o tratamento editorial que compara as pesquisas de dois institutos (Ibope e Vox Populi) diferentes, com metodologias e desenho amostral distintos fere qualquer norma de bom jornalismo. Ao utilizar esta manobra, com apoio de gr\u00e1ficos e recursos visuais o jornal pretende passar a seus leitores a falsa impress\u00e3o de que teria havido ao longo das \u00faltimas duas semanas mudan\u00e7as significativas nas inten\u00e7\u00f5es de voto, com queda ou crescimento entre os diversos concorrentes.<\/p>\n<p>2. Para ampliar o conte\u00fado manipulador, o texto de abertura da \u201cmat\u00e9ria\u201d, na mesma primeira p\u00e1gina, afirma que a pesquisa Vox Populi \u201cmostra mudan\u00e7a na inten\u00e7\u00e3o de voto ap\u00f3s in\u00edcio do hor\u00e1rio eleitoral\u201d, sem destacar que at\u00e9 a data da publica\u00e7\u00e3o da pesquisa tinham ido ao ar t\u00e3o somente dois programas eleitorais gratuitos para prefeito e um n\u00famero limitado de inser\u00e7\u00f5es o que, como \u00e9 \u00f3bvio, \u00e9 muito pouco para sustentar tal afirma\u00e7\u00e3o.<\/p>\n<p>3. Embora a pesquisa da Vox Populi confirme a lideran\u00e7a folgada de Edmilson, \u00e9 evidente que a manipula\u00e7\u00e3o das pesquisas eleitorais j\u00e1 come\u00e7ou \u2013 recurso t\u00edpico de candidatos com muito dinheiro e poucos votos- numa tentativa esp\u00faria de influenciar a defini\u00e7\u00e3o de votos do eleitorado e tentar desta forma anti-\u00e9tica, deter a mar\u00e9 crescente pr\u00f3- Edmilson, vis\u00edvel de tal forma nas ruas de Bel\u00e9m que torna fact\u00edvel, inclusive, a vit\u00f3ria no primeiro turno, como at\u00e9 mesmo a pesquisa Vox Populi confirma.<\/p>\n<p>4. A Frente Bel\u00e9m nas M\u00e3os do Povo conclama seus militantes e apoiadores a permanecerem vigilantes e mobilizados para denunciar o vale tudo eleitoral e qualquer tentativa de manipula\u00e7\u00e3o das pesquisas eleitorais. A utiliza\u00e7\u00e3o de m\u00e9todos desqualificados na disputa ainda nos primeiros dias da contenda eleitoral revela o desespero daqueles que temem a volta de Bel\u00e9m para as m\u00e3os do seu povo.<\/p>\n<p>Bel\u00e9m, 26 de agosto de 2012<\/p>\n<p><strong>Coordena\u00e7\u00e3o da Frente Bel\u00e9m nas M\u00e3os do Povo (PSOL-PCdoB-PSTU)<\/strong><\/p>\n<p><em>Fonte:\u00a0<a href=\"http:\/\/edmilson50.com.br\/?p=1533\">http:\/\/edmilson50.com.br\/?p=1533<\/a><\/em><\/p>\n<p>&nbsp;<\/p>\n","protected":false},"excerpt":{"rendered":"<p>Em nota divulgada ontem(26), a frente Bel\u00e9m nas M\u00e3os do Povo (PSOL-PCdoB-PSTU) condenou a postura do jornal O Liberal, que faz, na edi\u00e7\u00e3o de domingo, uma interpreta\u00e7\u00e3o equivocada e manipuladora dos resultados das \u00faltimas pesquisas de inten\u00e7\u00e3o de voto, elaboradas pelos institutos Ibope e Vox Populi, a fim de levar o leitor a erro. Leia [&hellip;]<\/p>\n","protected":false},"author":2,"featured_media":0,"comment_status":"open","ping_status":"open","sticky":false,"template":"","format":"standard","meta":{"_acf_changed":false,"footnotes":""},"categories":[4766],"tags":[],"class_list":{"0":"post-259","1":"post","2":"type-post","3":"status-publish","4":"format-standard","6":"category-arquivo"},"acf":[],"yoast_head":"<!-- This site is optimized with the Yoast SEO plugin v26.5 - https:\/\/yoast.com\/wordpress\/plugins\/seo\/ -->\n<title>Frente Bel\u00e9m nas M\u00e3os do Povo denuncia manipula\u00e7\u00e3o das pesquisas - PSOL 50<\/title>\n<meta name=\"robots\" content=\"index, follow, max-snippet:-1, max-image-preview:large, max-video-preview:-1\" \/>\n<link rel=\"canonical\" href=\"https:\/\/psol50.org.br\/frente-belem-nas-maos-do-povo-denuncia-manipulacao-das-pesquisas\/\" \/>\n<meta property=\"og:locale\" content=\"pt_BR\" \/>\n<meta property=\"og:type\" content=\"article\" \/>\n<meta property=\"og:title\" content=\"Frente Bel\u00e9m nas M\u00e3os do Povo denuncia manipula\u00e7\u00e3o das pesquisas - PSOL 50\" \/>\n<meta property=\"og:description\" content=\"Em nota divulgada ontem(26), a frente Bel\u00e9m nas M\u00e3os do Povo (PSOL-PCdoB-PSTU) condenou a postura do jornal O Liberal, que faz, na edi\u00e7\u00e3o de domingo, uma interpreta\u00e7\u00e3o equivocada e manipuladora dos resultados das \u00faltimas pesquisas de inten\u00e7\u00e3o de voto, elaboradas pelos institutos Ibope e Vox Populi, a fim de levar o leitor a erro. Leia [&hellip;]\" \/>\n<meta property=\"og:url\" content=\"https:\/\/psol50.org.br\/frente-belem-nas-maos-do-povo-denuncia-manipulacao-das-pesquisas\/\" \/>\n<meta property=\"og:site_name\" content=\"PSOL 50\" \/>\n<meta property=\"article:publisher\" content=\"https:\/\/www.facebook.com\/psol50\" \/>\n<meta property=\"article:published_time\" content=\"2012-08-27T00:00:00+00:00\" \/>\n<meta property=\"og:image\" content=\"https:\/\/psol50.org.br\/inc\/uploads\/2018\/07\/capa.png\" \/>\n\t<meta property=\"og:image:width\" content=\"1350\" \/>\n\t<meta property=\"og:image:height\" content=\"900\" \/>\n\t<meta property=\"og:image:type\" content=\"image\/png\" \/>\n<meta name=\"author\" content=\"Comunica\u00e7\u00e3o PSOL\" \/>\n<meta name=\"twitter:card\" content=\"summary_large_image\" \/>\n<meta name=\"twitter:creator\" content=\"@psol50\" \/>\n<meta name=\"twitter:site\" content=\"@psol50\" \/>\n<meta name=\"twitter:label1\" content=\"Escrito por\" \/>\n\t<meta name=\"twitter:data1\" content=\"Comunica\u00e7\u00e3o PSOL\" \/>\n\t<meta name=\"twitter:label2\" content=\"Est. tempo de leitura\" \/>\n\t<meta name=\"twitter:data2\" content=\"2 minutos\" \/>\n<script type=\"application\/ld+json\" class=\"yoast-schema-graph\">{\"@context\":\"https:\/\/schema.org\",\"@graph\":[{\"@type\":\"Article\",\"@id\":\"https:\/\/psol50.org.br\/frente-belem-nas-maos-do-povo-denuncia-manipulacao-das-pesquisas\/#article\",\"isPartOf\":{\"@id\":\"https:\/\/psol50.org.br\/frente-belem-nas-maos-do-povo-denuncia-manipulacao-das-pesquisas\/\"},\"author\":{\"name\":\"Comunica\u00e7\u00e3o PSOL\",\"@id\":\"https:\/\/psol50.org.br\/#\/schema\/person\/475dfa57d0b815993c714c2e96491fcd\"},\"headline\":\"Frente Bel\u00e9m nas M\u00e3os do Povo denuncia manipula\u00e7\u00e3o das pesquisas\",\"datePublished\":\"2012-08-27T00:00:00+00:00\",\"mainEntityOfPage\":{\"@id\":\"https:\/\/psol50.org.br\/frente-belem-nas-maos-do-povo-denuncia-manipulacao-das-pesquisas\/\"},\"wordCount\":480,\"commentCount\":0,\"publisher\":{\"@id\":\"https:\/\/psol50.org.br\/#organization\"},\"articleSection\":[\"Arquivo\"],\"inLanguage\":\"pt-BR\",\"potentialAction\":[{\"@type\":\"CommentAction\",\"name\":\"Comment\",\"target\":[\"https:\/\/psol50.org.br\/frente-belem-nas-maos-do-povo-denuncia-manipulacao-das-pesquisas\/#respond\"]}]},{\"@type\":\"WebPage\",\"@id\":\"https:\/\/psol50.org.br\/frente-belem-nas-maos-do-povo-denuncia-manipulacao-das-pesquisas\/\",\"url\":\"https:\/\/psol50.org.br\/frente-belem-nas-maos-do-povo-denuncia-manipulacao-das-pesquisas\/\",\"name\":\"Frente Bel\u00e9m nas M\u00e3os do Povo denuncia manipula\u00e7\u00e3o das pesquisas - PSOL 50\",\"isPartOf\":{\"@id\":\"https:\/\/psol50.org.br\/#website\"},\"datePublished\":\"2012-08-27T00:00:00+00:00\",\"breadcrumb\":{\"@id\":\"https:\/\/psol50.org.br\/frente-belem-nas-maos-do-povo-denuncia-manipulacao-das-pesquisas\/#breadcrumb\"},\"inLanguage\":\"pt-BR\",\"potentialAction\":[{\"@type\":\"ReadAction\",\"target\":[\"https:\/\/psol50.org.br\/frente-belem-nas-maos-do-povo-denuncia-manipulacao-das-pesquisas\/\"]}]},{\"@type\":\"BreadcrumbList\",\"@id\":\"https:\/\/psol50.org.br\/frente-belem-nas-maos-do-povo-denuncia-manipulacao-das-pesquisas\/#breadcrumb\",\"itemListElement\":[{\"@type\":\"ListItem\",\"position\":1,\"name\":\"In\u00edcio\",\"item\":\"https:\/\/psol50.org.br\/\"},{\"@type\":\"ListItem\",\"position\":2,\"name\":\"Frente Bel\u00e9m nas M\u00e3os do Povo denuncia manipula\u00e7\u00e3o das pesquisas\"}]},{\"@type\":\"WebSite\",\"@id\":\"https:\/\/psol50.org.br\/#website\",\"url\":\"https:\/\/psol50.org.br\/\",\"name\":\"PSOL 50\",\"description\":\"Site oficial do Partido Socialismo e Liberdade\",\"publisher\":{\"@id\":\"https:\/\/psol50.org.br\/#organization\"},\"alternateName\":\"PSOL50\",\"potentialAction\":[{\"@type\":\"SearchAction\",\"target\":{\"@type\":\"EntryPoint\",\"urlTemplate\":\"https:\/\/psol50.org.br\/?s={search_term_string}\"},\"query-input\":{\"@type\":\"PropertyValueSpecification\",\"valueRequired\":true,\"valueName\":\"search_term_string\"}}],\"inLanguage\":\"pt-BR\"},{\"@type\":\"Organization\",\"@id\":\"https:\/\/psol50.org.br\/#organization\",\"name\":\"PSOL 50\",\"alternateName\":\"PSOL 50\",\"url\":\"https:\/\/psol50.org.br\/\",\"logo\":{\"@type\":\"ImageObject\",\"inLanguage\":\"pt-BR\",\"@id\":\"https:\/\/psol50.org.br\/#\/schema\/logo\/image\/\",\"url\":\"https:\/\/psol50.org.br\/inc\/uploads\/2018\/07\/capa.png\",\"contentUrl\":\"https:\/\/psol50.org.br\/inc\/uploads\/2018\/07\/capa.png\",\"width\":1350,\"height\":900,\"caption\":\"PSOL 50\"},\"image\":{\"@id\":\"https:\/\/psol50.org.br\/#\/schema\/logo\/image\/\"},\"sameAs\":[\"https:\/\/www.facebook.com\/psol50\",\"https:\/\/x.com\/psol50\",\"https:\/\/www.instagram.com\/psol50\/\",\"https:\/\/www.youtube.com\/channel\/UC7SnJS5o1os7a6CaiNabzcg\"]},{\"@type\":\"Person\",\"@id\":\"https:\/\/psol50.org.br\/#\/schema\/person\/475dfa57d0b815993c714c2e96491fcd\",\"name\":\"Comunica\u00e7\u00e3o PSOL\",\"image\":{\"@type\":\"ImageObject\",\"inLanguage\":\"pt-BR\",\"@id\":\"https:\/\/psol50.org.br\/#\/schema\/person\/image\/\",\"url\":\"https:\/\/secure.gravatar.com\/avatar\/b34fc4f4e468a4e51785917065a3db57b841f5c95dba6ad8c73aaf8f66f8f9bf?s=96&d=mm&r=g\",\"contentUrl\":\"https:\/\/secure.gravatar.com\/avatar\/b34fc4f4e468a4e51785917065a3db57b841f5c95dba6ad8c73aaf8f66f8f9bf?s=96&d=mm&r=g\",\"caption\":\"Comunica\u00e7\u00e3o PSOL\"}}]}<\/script>\n<!-- \/ Yoast SEO plugin. -->","yoast_head_json":{"title":"Frente Bel\u00e9m nas M\u00e3os do Povo denuncia manipula\u00e7\u00e3o das pesquisas - PSOL 50","robots":{"index":"index","follow":"follow","max-snippet":"max-snippet:-1","max-image-preview":"max-image-preview:large","max-video-preview":"max-video-preview:-1"},"canonical":"https:\/\/psol50.org.br\/frente-belem-nas-maos-do-povo-denuncia-manipulacao-das-pesquisas\/","og_locale":"pt_BR","og_type":"article","og_title":"Frente Bel\u00e9m nas M\u00e3os do Povo denuncia manipula\u00e7\u00e3o das pesquisas - PSOL 50","og_description":"Em nota divulgada ontem(26), a frente Bel\u00e9m nas M\u00e3os do Povo (PSOL-PCdoB-PSTU) condenou a postura do jornal O Liberal, que faz, na edi\u00e7\u00e3o de domingo, uma interpreta\u00e7\u00e3o equivocada e manipuladora dos resultados das \u00faltimas pesquisas de inten\u00e7\u00e3o de voto, elaboradas pelos institutos Ibope e Vox Populi, a fim de levar o leitor a erro. Leia [&hellip;]","og_url":"https:\/\/psol50.org.br\/frente-belem-nas-maos-do-povo-denuncia-manipulacao-das-pesquisas\/","og_site_name":"PSOL 50","article_publisher":"https:\/\/www.facebook.com\/psol50","article_published_time":"2012-08-27T00:00:00+00:00","og_image":[{"width":1350,"height":900,"url":"https:\/\/psol50.org.br\/inc\/uploads\/2018\/07\/capa.png","type":"image\/png"}],"author":"Comunica\u00e7\u00e3o PSOL","twitter_card":"summary_large_image","twitter_creator":"@psol50","twitter_site":"@psol50","twitter_misc":{"Escrito por":"Comunica\u00e7\u00e3o PSOL","Est. tempo de leitura":"2 minutos"},"schema":{"@context":"https:\/\/schema.org","@graph":[{"@type":"Article","@id":"https:\/\/psol50.org.br\/frente-belem-nas-maos-do-povo-denuncia-manipulacao-das-pesquisas\/#article","isPartOf":{"@id":"https:\/\/psol50.org.br\/frente-belem-nas-maos-do-povo-denuncia-manipulacao-das-pesquisas\/"},"author":{"name":"Comunica\u00e7\u00e3o PSOL","@id":"https:\/\/psol50.org.br\/#\/schema\/person\/475dfa57d0b815993c714c2e96491fcd"},"headline":"Frente Bel\u00e9m nas M\u00e3os do Povo denuncia manipula\u00e7\u00e3o das pesquisas","datePublished":"2012-08-27T00:00:00+00:00","mainEntityOfPage":{"@id":"https:\/\/psol50.org.br\/frente-belem-nas-maos-do-povo-denuncia-manipulacao-das-pesquisas\/"},"wordCount":480,"commentCount":0,"publisher":{"@id":"https:\/\/psol50.org.br\/#organization"},"articleSection":["Arquivo"],"inLanguage":"pt-BR","potentialAction":[{"@type":"CommentAction","name":"Comment","target":["https:\/\/psol50.org.br\/frente-belem-nas-maos-do-povo-denuncia-manipulacao-das-pesquisas\/#respond"]}]},{"@type":"WebPage","@id":"https:\/\/psol50.org.br\/frente-belem-nas-maos-do-povo-denuncia-manipulacao-das-pesquisas\/","url":"https:\/\/psol50.org.br\/frente-belem-nas-maos-do-povo-denuncia-manipulacao-das-pesquisas\/","name":"Frente Bel\u00e9m nas M\u00e3os do Povo denuncia manipula\u00e7\u00e3o das pesquisas - PSOL 50","isPartOf":{"@id":"https:\/\/psol50.org.br\/#website"},"datePublished":"2012-08-27T00:00:00+00:00","breadcrumb":{"@id":"https:\/\/psol50.org.br\/frente-belem-nas-maos-do-povo-denuncia-manipulacao-das-pesquisas\/#breadcrumb"},"inLanguage":"pt-BR","potentialAction":[{"@type":"ReadAction","target":["https:\/\/psol50.org.br\/frente-belem-nas-maos-do-povo-denuncia-manipulacao-das-pesquisas\/"]}]},{"@type":"BreadcrumbList","@id":"https:\/\/psol50.org.br\/frente-belem-nas-maos-do-povo-denuncia-manipulacao-das-pesquisas\/#breadcrumb","itemListElement":[{"@type":"ListItem","position":1,"name":"In\u00edcio","item":"https:\/\/psol50.org.br\/"},{"@type":"ListItem","position":2,"name":"Frente Bel\u00e9m nas M\u00e3os do Povo denuncia manipula\u00e7\u00e3o das pesquisas"}]},{"@type":"WebSite","@id":"https:\/\/psol50.org.br\/#website","url":"https:\/\/psol50.org.br\/","name":"PSOL 50","description":"Site oficial do Partido Socialismo e Liberdade","publisher":{"@id":"https:\/\/psol50.org.br\/#organization"},"alternateName":"PSOL50","potentialAction":[{"@type":"SearchAction","target":{"@type":"EntryPoint","urlTemplate":"https:\/\/psol50.org.br\/?s={search_term_string}"},"query-input":{"@type":"PropertyValueSpecification","valueRequired":true,"valueName":"search_term_string"}}],"inLanguage":"pt-BR"},{"@type":"Organization","@id":"https:\/\/psol50.org.br\/#organization","name":"PSOL 50","alternateName":"PSOL 50","url":"https:\/\/psol50.org.br\/","logo":{"@type":"ImageObject","inLanguage":"pt-BR","@id":"https:\/\/psol50.org.br\/#\/schema\/logo\/image\/","url":"https:\/\/psol50.org.br\/inc\/uploads\/2018\/07\/capa.png","contentUrl":"https:\/\/psol50.org.br\/inc\/uploads\/2018\/07\/capa.png","width":1350,"height":900,"caption":"PSOL 50"},"image":{"@id":"https:\/\/psol50.org.br\/#\/schema\/logo\/image\/"},"sameAs":["https:\/\/www.facebook.com\/psol50","https:\/\/x.com\/psol50","https:\/\/www.instagram.com\/psol50\/","https:\/\/www.youtube.com\/channel\/UC7SnJS5o1os7a6CaiNabzcg"]},{"@type":"Person","@id":"https:\/\/psol50.org.br\/#\/schema\/person\/475dfa57d0b815993c714c2e96491fcd","name":"Comunica\u00e7\u00e3o PSOL","image":{"@type":"ImageObject","inLanguage":"pt-BR","@id":"https:\/\/psol50.org.br\/#\/schema\/person\/image\/","url":"https:\/\/secure.gravatar.com\/avatar\/b34fc4f4e468a4e51785917065a3db57b841f5c95dba6ad8c73aaf8f66f8f9bf?s=96&d=mm&r=g","contentUrl":"https:\/\/secure.gravatar.com\/avatar\/b34fc4f4e468a4e51785917065a3db57b841f5c95dba6ad8c73aaf8f66f8f9bf?s=96&d=mm&r=g","caption":"Comunica\u00e7\u00e3o PSOL"}}]}},"_links":{"self":[{"href":"https:\/\/psol50.org.br\/rest\/wp\/v2\/posts\/259","targetHints":{"allow":["GET"]}}],"collection":[{"href":"https:\/\/psol50.org.br\/rest\/wp\/v2\/posts"}],"about":[{"href":"https:\/\/psol50.org.br\/rest\/wp\/v2\/types\/post"}],"author":[{"embeddable":true,"href":"https:\/\/psol50.org.br\/rest\/wp\/v2\/users\/2"}],"replies":[{"embeddable":true,"href":"https:\/\/psol50.org.br\/rest\/wp\/v2\/comments?post=259"}],"version-history":[{"count":0,"href":"https:\/\/psol50.org.br\/rest\/wp\/v2\/posts\/259\/revisions"}],"wp:attachment":[{"href":"https:\/\/psol50.org.br\/rest\/wp\/v2\/media?parent=259"}],"wp:term":[{"taxonomy":"category","embeddable":true,"href":"https:\/\/psol50.org.br\/rest\/wp\/v2\/categories?post=259"},{"taxonomy":"post_tag","embeddable":true,"href":"https:\/\/psol50.org.br\/rest\/wp\/v2\/tags?post=259"}],"curies":[{"name":"wp","href":"https:\/\/api.w.org\/{rel}","templated":true}]}}