{"id":25958,"date":"2019-07-17T14:05:20","date_gmt":"2019-07-17T17:05:20","guid":{"rendered":"http:\/\/psol50.org.br\/?p=25958"},"modified":"2019-07-17T14:05:20","modified_gmt":"2019-07-17T17:05:20","slug":"fature-alguns-e-vire-se-maioria","status":"publish","type":"post","link":"https:\/\/psol50.org.br\/fature-alguns-e-vire-se-maioria\/","title":{"rendered":"Fature (alguns) e Vire-se (maioria)"},"content":{"rendered":"<p>As informa\u00e7\u00f5es sobre o programa FUTURE-SE, lan\u00e7ado hoje pelo MEC ainda s\u00e3o insuficientes para mensurar todo o seu impacto. Portanto, a presente an\u00e1lise utiliza o documento (esp\u00e9cie de roteiro) do referido programa.<\/p>\n<p><strong>Qual \u00e9 a proposta do MEC?<\/strong><\/p>\n<p>Oficialmente o Programa Institutos e Universidades Empreendedoras e Inovadoras (FUTURE-SE) \u201ctem por finalidade o fortalecimento da autonomia administrativa, financeira e de gest\u00e3o das Institui\u00e7\u00f5es Federais de Ensino Superior (IFES), por meio de parceria com organiza\u00e7\u00f5es sociais e do fomento \u00e0 capta\u00e7\u00e3o de recursos pr\u00f3prios\u201d.<\/p>\n<p>N\u00e3o est\u00e1 escrito no documento, mas o pressuposto \u00e9 de que as institui\u00e7\u00f5es s\u00e3o ineficientes, perdul\u00e1rias, n\u00e3o possuem transpar\u00eancia e resistentes a relacionamento com o setor privado.<\/p>\n<p>De forma resumida (tudo no documento est\u00e1 neste formato e o Power Point da apresenta\u00e7\u00e3o n\u00e3o foge dessa regra) a proposta \u00e9:<\/p>\n<p>1. Entregar a gest\u00e3o das institui\u00e7\u00f5es p\u00fablicas para ORGANIZA\u00c7\u00d5ES SOCIAIS existentes ou que ser\u00e3o criadas.<\/p>\n<p>2. Ser\u00e1 feito um contrato de gest\u00e3o (procedimento j\u00e1 previsto na legisla\u00e7\u00e3o) e ser\u00e3o estabelecidas metas, controles, indicadores e, inclusive, teto de gastos com pessoal.<\/p>\n<p>3. O eixo do trabalho da OS ser\u00e1 melhorar a gest\u00e3o, investir em projetos privados que tragam recursos para a IFES e incentivar o empreendedorismo, inclusive por meio de remunera\u00e7\u00e3o privada de professores participantes e premia\u00e7\u00e3o de alunos com elevado rendimento.<\/p>\n<p>4. Ser\u00e1 criado um FUNDO para financiar este tipo de a\u00e7\u00e3o, sendo que o mesmo centralizar\u00e1:<br \/>\na. Recursos oriundos de presta\u00e7\u00e3o de servi\u00e7os pelas universidades;<br \/>\nb. Comercializa\u00e7\u00e3o de bens, produtos e marcada das institui\u00e7\u00f5es com pessoas f\u00edsicas e jur\u00eddicas;<br \/>\nc. De direitos patrimoniais de terrenos, apartamentos e outros bens das IFEs;<br \/>\nd. De mensalidades na p\u00f3s-gradua\u00e7\u00e3o lato sensu;<br \/>\ne. De outras fontes.<\/p>\n<p>5. Este fundo estar\u00e1 no mercado financeiro girando esse recurso e buscando se capitalizar.<\/p>\n<p>6. Existir\u00e1 um comit\u00ea gestor (n\u00e3o diz quem far\u00e1 parte) que definir\u00e1 a utiliza\u00e7\u00e3o do dinheiro do fundo, seus investimentos e inclusive ir\u00e1 \u201cdefinir o crit\u00e9rio para aceita\u00e7\u00e3o das certifica\u00e7\u00f5es, para fins de participa\u00e7\u00e3o no processo eleitoral dos reitores\u201d;<\/p>\n<p>7. Professores poder\u00e1 \u201cficar ricos\u201d, via remunera\u00e7\u00e3o e patentes desenvolvidas nas empresas e projetos desenvolvidos via OS. Poder\u00e3o tamb\u00e9m ser cedidos e receber sal\u00e1rios das OS.<\/p>\n<p>8. Os departamentos poder\u00e3o criar Sociedades de Prop\u00f3sito Espec\u00edfico (SPE) e captar recursos, sendo uma pequena parte revertida para o departamento e IFESs e podendo parte ser apropriada pelos autores do projeto.<\/p>\n<p><strong>Traduzindo:<\/strong><\/p>\n<p>O atual ministro e sua equipe de economistas, muitos com origem no mercado financeiro, enxergaram na crise das universidades (induzida pelo corte de recursos pelo governo que representam) uma oportunidade de neg\u00f3cios, para eles, para parceiros selecionados e para alguns docentes.<\/p>\n<p>Ao inv\u00e9s de chamar o programa de \u201cFuture-se\u201d, o programa bem que poderia ser \u201cFature-se\u201d.<br \/>\nE, como todo empreendimento capitalista, muitos ficar\u00e3o pelo caminho. Na pr\u00f3pria exposi\u00e7\u00e3o feita pelo encarregado do programa isso ficou dito. O importante \u00e9 que alguns, os mais aptos e dedicados, conseguir\u00e3o enriquecer, por suas virtudes e se tornar\u00e3o exemplo para nossos jovens.<\/p>\n<p>E as Organiza\u00e7\u00f5es Sociais, criadas de encomenda pelos que est\u00e3o no poder ou por n\u00facleos de poder de dentro das pr\u00f3prias universidades (os conhecemos e convivemos com pequenas privatiza\u00e7\u00f5es de espa\u00e7os p\u00fablicos todos os dias e em v\u00e1rios formatos) substituir\u00e3o a \u201cantiquada\u201d forma de gest\u00e3o colegiada e democr\u00e1tica existente. Nada de decis\u00f5es colegiadas e matrizes que garantam funcionamento de cursos n\u00e3o lucrativos, resistentes ou que pesquisam coisas que n\u00e3o interessam ao mercado.<\/p>\n<p>Ali\u00e1s, para apaziguar essa cr\u00edtica o Comit\u00ea gestor desenvolver\u00e1 programas supletivos, para cursos carentes de recursos.<\/p>\n<p>\u00c9 um programa de quebra da autonomia das universidades, de substitui\u00e7\u00e3o de recursos or\u00e7ament\u00e1rios para custeio e investimentos como patamar m\u00ednimo por um contrato de risco de capta\u00e7\u00e3o de recursos no mercado. Se der errado, na maioria das institui\u00e7\u00f5es, a culpa ser\u00e1 da falta de empenho.<\/p>\n<p>Ser\u00e3o estimulados e legalizados n\u00facleos potenciais de \u201cexcel\u00eancia\u201d que se relacionam diretamente com o mercado. Ser\u00e3o tachados de \u201cincompat\u00edveis\u201d todos os n\u00facleos que contrariam as diretrizes do mercado. Ser\u00e3o tachados de \u201cineficientes\u201d os que n\u00e3o possuem perfil empreendedor e que estar\u00e3o sujeitos a caridade p\u00fablica supletiva para n\u00e3o fechar.<\/p>\n<p>E os docentes ser\u00e3o estimulados a uma corrida para quem consegue captar recursos, ficaremos brigando nos departamentos pela autoria de projetos que captem recursos. Pesquisas que n\u00e3o possuam essa finalidade, tipo monitorar as pol\u00edticas p\u00fablicas em cada \u00e1rea n\u00e3o ter\u00e1 recursos. Alguns, com bons contatos e com pouca \u00e9tica, ter\u00e3o boas complementa\u00e7\u00f5es salariais.<\/p>\n<p>E mais, j\u00e1 vimos o filme de cria\u00e7\u00e3o de OS por encomenda, basta ver os processos movidos pelo Minist\u00e9rio P\u00fablico de Goi\u00e1s, para dar apenas um exemplo.<\/p>\n<p>A gest\u00e3o Weintraub no MEC n\u00e3o veio para fazer a guerra ideol\u00f3gica contra a esquerda, isso \u00e9 apenas uma cortina de fuma\u00e7a para o verdadeiro interesse do grupo: enriquecer.<\/p>\n<p><em>Luiz Ara\u00fajo<\/em><br \/>\n<em>Professor da Faculdade de Educa\u00e7\u00e3o da UnB<\/em><\/p>\n","protected":false},"excerpt":{"rendered":"<p>As informa\u00e7\u00f5es sobre o programa FUTURE-SE, lan\u00e7ado hoje pelo MEC ainda s\u00e3o insuficientes para mensurar todo o seu impacto. Portanto, a presente an\u00e1lise utiliza o documento (esp\u00e9cie de roteiro) do referido programa. Qual \u00e9 a proposta do MEC? Oficialmente o Programa Institutos e Universidades Empreendedoras e Inovadoras (FUTURE-SE) \u201ctem por finalidade o fortalecimento da autonomia [&hellip;]<\/p>\n","protected":false},"author":2,"featured_media":25959,"comment_status":"closed","ping_status":"open","sticky":false,"template":"","format":"standard","meta":{"_acf_changed":false,"footnotes":""},"categories":[6],"tags":[1924,164,796,1801,91,22,1803,93],"class_list":{"0":"post-25958","1":"post","2":"type-post","3":"status-publish","4":"format-standard","5":"has-post-thumbnail","7":"category-noticias","8":"tag-balburdia","9":"tag-educacao","10":"tag-future-se","11":"tag-luiz-araujo","12":"tag-mec","13":"tag-psol","14":"tag-universidade","15":"tag-weintraub"},"acf":[],"yoast_head":"<!-- This site is optimized with the Yoast SEO plugin v26.5 - https:\/\/yoast.com\/wordpress\/plugins\/seo\/ -->\n<title>Fature (alguns) e Vire-se (maioria) - PSOL 50<\/title>\n<meta name=\"description\" content=\"Texto de Luiz Ara\u00fajo, professor da UnB e ex-presidente do PSOL, sobre o Future-se do governo Bolsonaro.\" \/>\n<meta name=\"robots\" content=\"index, follow, max-snippet:-1, max-image-preview:large, max-video-preview:-1\" \/>\n<link rel=\"canonical\" href=\"https:\/\/psol50.org.br\/fature-alguns-e-vire-se-maioria\/\" \/>\n<meta property=\"og:locale\" content=\"pt_BR\" \/>\n<meta property=\"og:type\" content=\"article\" \/>\n<meta property=\"og:title\" content=\"Fature (alguns) e Vire-se (maioria)\" \/>\n<meta property=\"og:description\" content=\"Texto de Luiz Ara\u00fajo, professor da UnB e ex-presidente do PSOL, sobre o Future-se do governo Bolsonaro.\" \/>\n<meta property=\"og:url\" content=\"https:\/\/psol50.org.br\/fature-alguns-e-vire-se-maioria\/\" \/>\n<meta property=\"og:site_name\" content=\"PSOL 50\" \/>\n<meta property=\"article:publisher\" content=\"https:\/\/www.facebook.com\/psol50\" \/>\n<meta property=\"article:published_time\" content=\"2019-07-17T17:05:20+00:00\" \/>\n<meta property=\"og:image\" content=\"https:\/\/psol50.org.br\/inc\/uploads\/2019\/07\/futurese-marcelo-camargo-abr.jpg\" \/>\n\t<meta property=\"og:image:width\" content=\"750\" \/>\n\t<meta property=\"og:image:height\" content=\"500\" \/>\n\t<meta property=\"og:image:type\" content=\"image\/jpeg\" \/>\n<meta name=\"author\" content=\"Comunica\u00e7\u00e3o PSOL\" \/>\n<meta name=\"twitter:card\" content=\"summary_large_image\" \/>\n<meta name=\"twitter:title\" content=\"Fature (alguns) e Vire-se (maioria)\" \/>\n<meta name=\"twitter:description\" content=\"Texto de Luiz Ara\u00fajo, professor da UnB e ex-presidente do PSOL, sobre o Future-se do governo Bolsonaro.\" \/>\n<meta name=\"twitter:image\" content=\"https:\/\/psol50.org.br\/inc\/uploads\/2019\/07\/futurese-marcelo-camargo-abr.jpg\" \/>\n<meta name=\"twitter:creator\" content=\"@psol50\" \/>\n<meta name=\"twitter:site\" content=\"@psol50\" \/>\n<meta name=\"twitter:label1\" content=\"Escrito por\" \/>\n\t<meta name=\"twitter:data1\" content=\"Comunica\u00e7\u00e3o PSOL\" \/>\n\t<meta name=\"twitter:label2\" content=\"Est. tempo de leitura\" \/>\n\t<meta name=\"twitter:data2\" content=\"4 minutos\" \/>\n<script type=\"application\/ld+json\" class=\"yoast-schema-graph\">{\"@context\":\"https:\/\/schema.org\",\"@graph\":[{\"@type\":\"Article\",\"@id\":\"https:\/\/psol50.org.br\/fature-alguns-e-vire-se-maioria\/#article\",\"isPartOf\":{\"@id\":\"https:\/\/psol50.org.br\/fature-alguns-e-vire-se-maioria\/\"},\"author\":{\"name\":\"Comunica\u00e7\u00e3o PSOL\",\"@id\":\"https:\/\/psol50.org.br\/#\/schema\/person\/475dfa57d0b815993c714c2e96491fcd\"},\"headline\":\"Fature (alguns) e Vire-se (maioria)\",\"datePublished\":\"2019-07-17T17:05:20+00:00\",\"mainEntityOfPage\":{\"@id\":\"https:\/\/psol50.org.br\/fature-alguns-e-vire-se-maioria\/\"},\"wordCount\":883,\"publisher\":{\"@id\":\"https:\/\/psol50.org.br\/#organization\"},\"image\":{\"@id\":\"https:\/\/psol50.org.br\/fature-alguns-e-vire-se-maioria\/#primaryimage\"},\"thumbnailUrl\":\"https:\/\/psol50.org.br\/inc\/uploads\/2019\/07\/futurese-marcelo-camargo-abr.jpg\",\"keywords\":[\"balb\u00fardia\",\"Educa\u00e7\u00e3o\",\"future-se\",\"Luiz Ara\u00fajo\",\"MEC\",\"PSOL\",\"universidade\",\"weintraub\"],\"articleSection\":[\"Not\u00edcias\"],\"inLanguage\":\"pt-BR\"},{\"@type\":\"WebPage\",\"@id\":\"https:\/\/psol50.org.br\/fature-alguns-e-vire-se-maioria\/\",\"url\":\"https:\/\/psol50.org.br\/fature-alguns-e-vire-se-maioria\/\",\"name\":\"Fature (alguns) e Vire-se (maioria) - PSOL 50\",\"isPartOf\":{\"@id\":\"https:\/\/psol50.org.br\/#website\"},\"primaryImageOfPage\":{\"@id\":\"https:\/\/psol50.org.br\/fature-alguns-e-vire-se-maioria\/#primaryimage\"},\"image\":{\"@id\":\"https:\/\/psol50.org.br\/fature-alguns-e-vire-se-maioria\/#primaryimage\"},\"thumbnailUrl\":\"https:\/\/psol50.org.br\/inc\/uploads\/2019\/07\/futurese-marcelo-camargo-abr.jpg\",\"datePublished\":\"2019-07-17T17:05:20+00:00\",\"description\":\"Texto de Luiz Ara\u00fajo, professor da UnB e ex-presidente do PSOL, sobre o Future-se do governo Bolsonaro.\",\"breadcrumb\":{\"@id\":\"https:\/\/psol50.org.br\/fature-alguns-e-vire-se-maioria\/#breadcrumb\"},\"inLanguage\":\"pt-BR\",\"potentialAction\":[{\"@type\":\"ReadAction\",\"target\":[\"https:\/\/psol50.org.br\/fature-alguns-e-vire-se-maioria\/\"]}]},{\"@type\":\"ImageObject\",\"inLanguage\":\"pt-BR\",\"@id\":\"https:\/\/psol50.org.br\/fature-alguns-e-vire-se-maioria\/#primaryimage\",\"url\":\"https:\/\/psol50.org.br\/inc\/uploads\/2019\/07\/futurese-marcelo-camargo-abr.jpg\",\"contentUrl\":\"https:\/\/psol50.org.br\/inc\/uploads\/2019\/07\/futurese-marcelo-camargo-abr.jpg\",\"width\":750,\"height\":500,\"caption\":\"Foto: Marcelo Camargo\/Ag\u00eancia Brasil\"},{\"@type\":\"BreadcrumbList\",\"@id\":\"https:\/\/psol50.org.br\/fature-alguns-e-vire-se-maioria\/#breadcrumb\",\"itemListElement\":[{\"@type\":\"ListItem\",\"position\":1,\"name\":\"In\u00edcio\",\"item\":\"https:\/\/psol50.org.br\/\"},{\"@type\":\"ListItem\",\"position\":2,\"name\":\"Fature (alguns) e Vire-se (maioria)\"}]},{\"@type\":\"WebSite\",\"@id\":\"https:\/\/psol50.org.br\/#website\",\"url\":\"https:\/\/psol50.org.br\/\",\"name\":\"PSOL 50\",\"description\":\"Site oficial do Partido Socialismo e Liberdade\",\"publisher\":{\"@id\":\"https:\/\/psol50.org.br\/#organization\"},\"alternateName\":\"PSOL50\",\"potentialAction\":[{\"@type\":\"SearchAction\",\"target\":{\"@type\":\"EntryPoint\",\"urlTemplate\":\"https:\/\/psol50.org.br\/?s={search_term_string}\"},\"query-input\":{\"@type\":\"PropertyValueSpecification\",\"valueRequired\":true,\"valueName\":\"search_term_string\"}}],\"inLanguage\":\"pt-BR\"},{\"@type\":\"Organization\",\"@id\":\"https:\/\/psol50.org.br\/#organization\",\"name\":\"PSOL 50\",\"alternateName\":\"PSOL 50\",\"url\":\"https:\/\/psol50.org.br\/\",\"logo\":{\"@type\":\"ImageObject\",\"inLanguage\":\"pt-BR\",\"@id\":\"https:\/\/psol50.org.br\/#\/schema\/logo\/image\/\",\"url\":\"https:\/\/psol50.org.br\/inc\/uploads\/2018\/07\/capa.png\",\"contentUrl\":\"https:\/\/psol50.org.br\/inc\/uploads\/2018\/07\/capa.png\",\"width\":1350,\"height\":900,\"caption\":\"PSOL 50\"},\"image\":{\"@id\":\"https:\/\/psol50.org.br\/#\/schema\/logo\/image\/\"},\"sameAs\":[\"https:\/\/www.facebook.com\/psol50\",\"https:\/\/x.com\/psol50\",\"https:\/\/www.instagram.com\/psol50\/\",\"https:\/\/www.youtube.com\/channel\/UC7SnJS5o1os7a6CaiNabzcg\"]},{\"@type\":\"Person\",\"@id\":\"https:\/\/psol50.org.br\/#\/schema\/person\/475dfa57d0b815993c714c2e96491fcd\",\"name\":\"Comunica\u00e7\u00e3o PSOL\",\"image\":{\"@type\":\"ImageObject\",\"inLanguage\":\"pt-BR\",\"@id\":\"https:\/\/psol50.org.br\/#\/schema\/person\/image\/\",\"url\":\"https:\/\/secure.gravatar.com\/avatar\/b34fc4f4e468a4e51785917065a3db57b841f5c95dba6ad8c73aaf8f66f8f9bf?s=96&d=mm&r=g\",\"contentUrl\":\"https:\/\/secure.gravatar.com\/avatar\/b34fc4f4e468a4e51785917065a3db57b841f5c95dba6ad8c73aaf8f66f8f9bf?s=96&d=mm&r=g\",\"caption\":\"Comunica\u00e7\u00e3o PSOL\"}}]}<\/script>\n<!-- \/ Yoast SEO plugin. -->","yoast_head_json":{"title":"Fature (alguns) e Vire-se (maioria) - PSOL 50","description":"Texto de Luiz Ara\u00fajo, professor da UnB e ex-presidente do PSOL, sobre o Future-se do governo Bolsonaro.","robots":{"index":"index","follow":"follow","max-snippet":"max-snippet:-1","max-image-preview":"max-image-preview:large","max-video-preview":"max-video-preview:-1"},"canonical":"https:\/\/psol50.org.br\/fature-alguns-e-vire-se-maioria\/","og_locale":"pt_BR","og_type":"article","og_title":"Fature (alguns) e Vire-se (maioria)","og_description":"Texto de Luiz Ara\u00fajo, professor da UnB e ex-presidente do PSOL, sobre o Future-se do governo Bolsonaro.","og_url":"https:\/\/psol50.org.br\/fature-alguns-e-vire-se-maioria\/","og_site_name":"PSOL 50","article_publisher":"https:\/\/www.facebook.com\/psol50","article_published_time":"2019-07-17T17:05:20+00:00","og_image":[{"width":750,"height":500,"url":"https:\/\/psol50.org.br\/inc\/uploads\/2019\/07\/futurese-marcelo-camargo-abr.jpg","type":"image\/jpeg"}],"author":"Comunica\u00e7\u00e3o PSOL","twitter_card":"summary_large_image","twitter_title":"Fature (alguns) e Vire-se (maioria)","twitter_description":"Texto de Luiz Ara\u00fajo, professor da UnB e ex-presidente do PSOL, sobre o Future-se do governo Bolsonaro.","twitter_image":"https:\/\/psol50.org.br\/inc\/uploads\/2019\/07\/futurese-marcelo-camargo-abr.jpg","twitter_creator":"@psol50","twitter_site":"@psol50","twitter_misc":{"Escrito por":"Comunica\u00e7\u00e3o PSOL","Est. tempo de leitura":"4 minutos"},"schema":{"@context":"https:\/\/schema.org","@graph":[{"@type":"Article","@id":"https:\/\/psol50.org.br\/fature-alguns-e-vire-se-maioria\/#article","isPartOf":{"@id":"https:\/\/psol50.org.br\/fature-alguns-e-vire-se-maioria\/"},"author":{"name":"Comunica\u00e7\u00e3o PSOL","@id":"https:\/\/psol50.org.br\/#\/schema\/person\/475dfa57d0b815993c714c2e96491fcd"},"headline":"Fature (alguns) e Vire-se (maioria)","datePublished":"2019-07-17T17:05:20+00:00","mainEntityOfPage":{"@id":"https:\/\/psol50.org.br\/fature-alguns-e-vire-se-maioria\/"},"wordCount":883,"publisher":{"@id":"https:\/\/psol50.org.br\/#organization"},"image":{"@id":"https:\/\/psol50.org.br\/fature-alguns-e-vire-se-maioria\/#primaryimage"},"thumbnailUrl":"https:\/\/psol50.org.br\/inc\/uploads\/2019\/07\/futurese-marcelo-camargo-abr.jpg","keywords":["balb\u00fardia","Educa\u00e7\u00e3o","future-se","Luiz Ara\u00fajo","MEC","PSOL","universidade","weintraub"],"articleSection":["Not\u00edcias"],"inLanguage":"pt-BR"},{"@type":"WebPage","@id":"https:\/\/psol50.org.br\/fature-alguns-e-vire-se-maioria\/","url":"https:\/\/psol50.org.br\/fature-alguns-e-vire-se-maioria\/","name":"Fature (alguns) e Vire-se (maioria) - PSOL 50","isPartOf":{"@id":"https:\/\/psol50.org.br\/#website"},"primaryImageOfPage":{"@id":"https:\/\/psol50.org.br\/fature-alguns-e-vire-se-maioria\/#primaryimage"},"image":{"@id":"https:\/\/psol50.org.br\/fature-alguns-e-vire-se-maioria\/#primaryimage"},"thumbnailUrl":"https:\/\/psol50.org.br\/inc\/uploads\/2019\/07\/futurese-marcelo-camargo-abr.jpg","datePublished":"2019-07-17T17:05:20+00:00","description":"Texto de Luiz Ara\u00fajo, professor da UnB e ex-presidente do PSOL, sobre o Future-se do governo Bolsonaro.","breadcrumb":{"@id":"https:\/\/psol50.org.br\/fature-alguns-e-vire-se-maioria\/#breadcrumb"},"inLanguage":"pt-BR","potentialAction":[{"@type":"ReadAction","target":["https:\/\/psol50.org.br\/fature-alguns-e-vire-se-maioria\/"]}]},{"@type":"ImageObject","inLanguage":"pt-BR","@id":"https:\/\/psol50.org.br\/fature-alguns-e-vire-se-maioria\/#primaryimage","url":"https:\/\/psol50.org.br\/inc\/uploads\/2019\/07\/futurese-marcelo-camargo-abr.jpg","contentUrl":"https:\/\/psol50.org.br\/inc\/uploads\/2019\/07\/futurese-marcelo-camargo-abr.jpg","width":750,"height":500,"caption":"Foto: Marcelo Camargo\/Ag\u00eancia Brasil"},{"@type":"BreadcrumbList","@id":"https:\/\/psol50.org.br\/fature-alguns-e-vire-se-maioria\/#breadcrumb","itemListElement":[{"@type":"ListItem","position":1,"name":"In\u00edcio","item":"https:\/\/psol50.org.br\/"},{"@type":"ListItem","position":2,"name":"Fature (alguns) e Vire-se (maioria)"}]},{"@type":"WebSite","@id":"https:\/\/psol50.org.br\/#website","url":"https:\/\/psol50.org.br\/","name":"PSOL 50","description":"Site oficial do Partido Socialismo e Liberdade","publisher":{"@id":"https:\/\/psol50.org.br\/#organization"},"alternateName":"PSOL50","potentialAction":[{"@type":"SearchAction","target":{"@type":"EntryPoint","urlTemplate":"https:\/\/psol50.org.br\/?s={search_term_string}"},"query-input":{"@type":"PropertyValueSpecification","valueRequired":true,"valueName":"search_term_string"}}],"inLanguage":"pt-BR"},{"@type":"Organization","@id":"https:\/\/psol50.org.br\/#organization","name":"PSOL 50","alternateName":"PSOL 50","url":"https:\/\/psol50.org.br\/","logo":{"@type":"ImageObject","inLanguage":"pt-BR","@id":"https:\/\/psol50.org.br\/#\/schema\/logo\/image\/","url":"https:\/\/psol50.org.br\/inc\/uploads\/2018\/07\/capa.png","contentUrl":"https:\/\/psol50.org.br\/inc\/uploads\/2018\/07\/capa.png","width":1350,"height":900,"caption":"PSOL 50"},"image":{"@id":"https:\/\/psol50.org.br\/#\/schema\/logo\/image\/"},"sameAs":["https:\/\/www.facebook.com\/psol50","https:\/\/x.com\/psol50","https:\/\/www.instagram.com\/psol50\/","https:\/\/www.youtube.com\/channel\/UC7SnJS5o1os7a6CaiNabzcg"]},{"@type":"Person","@id":"https:\/\/psol50.org.br\/#\/schema\/person\/475dfa57d0b815993c714c2e96491fcd","name":"Comunica\u00e7\u00e3o PSOL","image":{"@type":"ImageObject","inLanguage":"pt-BR","@id":"https:\/\/psol50.org.br\/#\/schema\/person\/image\/","url":"https:\/\/secure.gravatar.com\/avatar\/b34fc4f4e468a4e51785917065a3db57b841f5c95dba6ad8c73aaf8f66f8f9bf?s=96&d=mm&r=g","contentUrl":"https:\/\/secure.gravatar.com\/avatar\/b34fc4f4e468a4e51785917065a3db57b841f5c95dba6ad8c73aaf8f66f8f9bf?s=96&d=mm&r=g","caption":"Comunica\u00e7\u00e3o PSOL"}}]}},"_links":{"self":[{"href":"https:\/\/psol50.org.br\/rest\/wp\/v2\/posts\/25958","targetHints":{"allow":["GET"]}}],"collection":[{"href":"https:\/\/psol50.org.br\/rest\/wp\/v2\/posts"}],"about":[{"href":"https:\/\/psol50.org.br\/rest\/wp\/v2\/types\/post"}],"author":[{"embeddable":true,"href":"https:\/\/psol50.org.br\/rest\/wp\/v2\/users\/2"}],"replies":[{"embeddable":true,"href":"https:\/\/psol50.org.br\/rest\/wp\/v2\/comments?post=25958"}],"version-history":[{"count":0,"href":"https:\/\/psol50.org.br\/rest\/wp\/v2\/posts\/25958\/revisions"}],"wp:featuredmedia":[{"embeddable":true,"href":"https:\/\/psol50.org.br\/rest\/wp\/v2\/media\/25959"}],"wp:attachment":[{"href":"https:\/\/psol50.org.br\/rest\/wp\/v2\/media?parent=25958"}],"wp:term":[{"taxonomy":"category","embeddable":true,"href":"https:\/\/psol50.org.br\/rest\/wp\/v2\/categories?post=25958"},{"taxonomy":"post_tag","embeddable":true,"href":"https:\/\/psol50.org.br\/rest\/wp\/v2\/tags?post=25958"}],"curies":[{"name":"wp","href":"https:\/\/api.w.org\/{rel}","templated":true}]}}