{"id":25961,"date":"2019-07-19T13:33:02","date_gmt":"2019-07-19T16:33:02","guid":{"rendered":"http:\/\/psol50.org.br\/?p=25961"},"modified":"2019-07-19T13:33:02","modified_gmt":"2019-07-19T16:33:02","slug":"200-dias-de-bolsonaro-a-resistencia-ao-governo-em-10-momentos","status":"publish","type":"post","link":"https:\/\/psol50.org.br\/200-dias-de-bolsonaro-a-resistencia-ao-governo-em-10-momentos\/","title":{"rendered":"200 dias de Bolsonaro: A resist\u00eancia ao governo em 10 momentos"},"content":{"rendered":"<p>Nesta sexta-feira (19) o governo de Jair Bolsonaro completa 200 dias de dura\u00e7\u00e3o, com uma vasta lista de propostas, medidas e decretos que atacam diretamente os direitos do povo brasileiro. Ao mesmo tempo, a popula\u00e7\u00e3o cada vez mais percebe que n\u00e3o deve confiar nesse governo.<\/p>\n<p>Relembre 10 momentos em que Bolsonaro e seus ministros tentaram aplicar maldades e tiveram de lidar com a oposi\u00e7\u00e3o dos movimentos sociais, entidades, organiza\u00e7\u00f5es da sociedade civil e tantos outros brasileiros.<\/p>\n<p><strong>1. Derrubada do decreto que impunha sigilo a informa\u00e7\u00f5es do governo<\/strong><\/p>\n<p>Logo em janeiro, Bolsonaro apresentou um decreto que ampliava o n\u00famero de autoridades que poderiam classificar documentos como secretos (15 anos de sigilo) e ultrassecretos (25 anos de sigilo). Essa evidente afronta \u00e0 Lei de Acesso \u00e0 Informa\u00e7\u00e3o e \u00e0 transpar\u00eancia governamental foi derrubada pela C\u00e2mara logo em fevereiro, ao <a href=\"http:\/\/psol50.org.br\/camara-aprova-projeto-do-psol-e-suspende-decreto-que-limita-acesso-a-informacao\/\" target=\"_blank\" rel=\"noopener noreferrer\">aprovar um projeto apresentado pelo PSOL<\/a> e outros partidos da oposi\u00e7\u00e3o.<\/p>\n<blockquote class=\"twitter-tweet\" data-width=\"550\" data-dnt=\"true\">\n<p lang=\"pt\" dir=\"ltr\">O PSOL vai protocolar Projeto de Decreto Legislativo na C\u00e2mara p\/ sustar o Decreto presidencial que permite que servidores imponham sigilo ultrassecreto e secreto a dados p\u00fablicos. O partido tamb\u00e9m vai recorrer ao STF!<\/p>\n<p>&mdash; Fernanda Melchionna (@fernandapsol) <a href=\"https:\/\/twitter.com\/fernandapsol\/status\/1088517652518187009?ref_src=twsrc%5Etfw\">January 24, 2019<\/a><\/p><\/blockquote>\n<p><script async src=\"https:\/\/platform.twitter.com\/widgets.js\" charset=\"utf-8\"><\/script><\/p>\n<p><strong>2. Projeto anti-pobre e anti-negro apresentado por S\u00e9rgio Moro<\/strong><\/p>\n<p>O Ministro da Justi\u00e7a S\u00e9rgio Moro, meses antes de ser surpreendido com suas mensagens publicadas na #VazaJato, apresentou um projeto de lei que se pretende &#8220;anti-crime&#8221;, mas que na pr\u00e1tica aprofunda o encarceramento em massa de negros e pobres, assim como abre brechas para legitimar ainda mais a viol\u00eancia policial. O projeto perdeu for\u00e7a ap\u00f3s os esc\u00e2ndalos envolvendo o ministro, mas pode voltar a ser discutido na C\u00e2mara neste segundo semestre. <a href=\"http:\/\/psol50.org.br\/psol-lanca-campanha-contra-pacote-anti-pobre-de-sergio-moro\/\" target=\"_blank\" rel=\"noopener noreferrer\">O PSOL tem uma campanha de combate a este projeto que chamamos de anti-pobre e anti-negro.<\/a><\/p>\n<blockquote class=\"twitter-tweet\" data-width=\"550\" data-dnt=\"true\">\n<p lang=\"pt\" dir=\"ltr\">Negros e negras do PSOL e movimentos sociais de 7 estados diferentes se reuniram com a bancada do partido na C\u00e2mara para organizar o enfrentamento ao pacote anti-pobre e anti-negro de Moro. <a href=\"https:\/\/t.co\/aZ2TTbfRNl\">https:\/\/t.co\/aZ2TTbfRNl<\/a><\/p>\n<p>&mdash; PSOL 50 (@psol50) <a href=\"https:\/\/twitter.com\/psol50\/status\/1131953000828809216?ref_src=twsrc%5Etfw\">May 24, 2019<\/a><\/p><\/blockquote>\n<p><script async src=\"https:\/\/platform.twitter.com\/widgets.js\" charset=\"utf-8\"><\/script><\/p>\n<p><strong>3. Responsabiliza\u00e7\u00e3o dos culpados pelo laranjal do PSL<\/strong><\/p>\n<p>Em fevereiro veio \u00e0 tona na imprensa a den\u00fancia de que o PSL, partido do presidente Jair Bolsonaro, organizou um esquema de candidaturas laranjas pelo Brasil para embolsar dinheiro do fundo eleitoral partid\u00e1rio. O primeiro caso publicizado foi do diret\u00f3rio de Minas Gerais, em que o atual Ministro do Turismo, Marcelo \u00c1lvaro Antonio (PSL-MG), patrocinou um esquema de verbas para candidaturas femininas que s\u00f3 existiam formalmente para desviar verbas p\u00fablicas. Depois, den\u00fancias sobre isso tamb\u00e9m aconteceram em outros estados, como o Pernambuco. A legisla\u00e7\u00e3o obriga que todos os partidos utilizem ao menos 30% da verba que recebem para candidaturas femininas. <a href=\"http:\/\/psol50.org.br\/psol-protocola-convocacao-de-ministro-do-turismo-sobre-laranjal-do-psl\/\" target=\"_blank\" rel=\"noopener noreferrer\">O PSOL exigiu que o ministro de Bolsonaro fosse se explicar no parlamento.<\/a><\/p>\n<blockquote class=\"twitter-tweet\" data-width=\"550\" data-dnt=\"true\">\n<p lang=\"pt\" dir=\"ltr\">PSOL na linha de frente da luta pela investiga\u00e7\u00e3o do laranjal do PSL! Confira a fala do nosso l\u00edder <a href=\"https:\/\/twitter.com\/IvanValente?ref_src=twsrc%5Etfw\">@IvanValente<\/a>: <a href=\"https:\/\/t.co\/FI8x1piSYF\">pic.twitter.com\/FI8x1piSYF<\/a><\/p>\n<p>&mdash; PSOL 50 (@psol50) <a href=\"https:\/\/twitter.com\/psol50\/status\/1095784676965343232?ref_src=twsrc%5Etfw\">February 13, 2019<\/a><\/p><\/blockquote>\n<p><script async src=\"https:\/\/platform.twitter.com\/widgets.js\" charset=\"utf-8\"><\/script><\/p>\n<p><strong>4. #TsunamiDaEduca\u00e7\u00e3o contra os cortes do MEC nos or\u00e7amentos das universidades e institutos federais<\/strong><\/p>\n<blockquote class=\"twitter-tweet\" data-width=\"550\" data-dnt=\"true\">\n<p lang=\"pt\" dir=\"ltr\">1,5 milh\u00e3o de pessoas formaram um <a href=\"https:\/\/twitter.com\/hashtag\/TsunamiDaEduca%C3%A7%C3%A3o?src=hash&amp;ref_src=twsrc%5Etfw\">#TsunamiDaEduca\u00e7\u00e3o<\/a> nas ruas ontem.<\/p>\n<p>Dia 30 tem mais! <a href=\"https:\/\/t.co\/4Kcql0yNey\">https:\/\/t.co\/4Kcql0yNey<\/a> <a href=\"https:\/\/t.co\/dS75qXGQmc\">pic.twitter.com\/dS75qXGQmc<\/a><\/p>\n<p>&mdash; PSOL 50 (@psol50) <a href=\"https:\/\/twitter.com\/psol50\/status\/1129095419479257088?ref_src=twsrc%5Etfw\">May 16, 2019<\/a><\/p><\/blockquote>\n<p><script async src=\"https:\/\/platform.twitter.com\/widgets.js\" charset=\"utf-8\"><\/script><\/p>\n<p>O principal momento de resist\u00eancia a estes primeiros 200 dias de Bolsonaro, sem d\u00favidas, foi o #TsunamiDaEduca\u00e7\u00e3o protagonizado pelos estudantes brasileiros no m\u00eas de maio. Nos dias 15 e 30 de maio, milh\u00f5es de jovens foram \u00e0s ruas, convocados pela Uni\u00e3o Nacional dos Estudantes, para se rebelar contra os cortes or\u00e7ament\u00e1rios milion\u00e1rios na educa\u00e7\u00e3o aplicados pelo Minist\u00e9rio da Educa\u00e7\u00e3o, principalmente das universidades e institutos federais. Enquanto Bolsonaro chamava os estudantes em luta de &#8220;idiotas \u00fateis&#8221; e o ministro Abraham Weintraub protagonizava cenas pat\u00e9ticas com chocolatinhos e guarda-chuvas, a juventude mostrou que \u00e9 a principal oposi\u00e7\u00e3o a este governo. <a href=\"http:\/\/psol50.org.br\/30m-brasil-lota-as-ruas-em-defesa-da-educacao\/\" target=\"_blank\" rel=\"noopener noreferrer\">Relembre as mobiliza\u00e7\u00f5es do #15M e #30M na cobertura feita pelo PSOL.<\/a><\/p>\n<blockquote class=\"twitter-tweet\" data-width=\"550\" data-dnt=\"true\">\n<p lang=\"pt\" dir=\"ltr\">Neste hist\u00f3rico dia de <a href=\"https:\/\/twitter.com\/hashtag\/TsunamiDaEduca%C3%A7%C3%A3o?src=hash&amp;ref_src=twsrc%5Etfw\">#TsunamiDaEduca\u00e7\u00e3o<\/a>, os parlamentares do PSOL fizeram o bom combate contra o &quot;ministro dos chocolatinhos&quot; Abraham Weintraub na C\u00e2mara, mas tamb\u00e9m estiveram nas ruas, porque elas s\u00e3o o nosso lugar. <a href=\"https:\/\/twitter.com\/hashtag\/NaRuaPelaEduca%C3%A7%C3%A3o?src=hash&amp;ref_src=twsrc%5Etfw\">#NaRuaPelaEduca\u00e7\u00e3o<\/a> <a href=\"https:\/\/twitter.com\/hashtag\/TodosPelaEduca%C3%A7%C3%A3o?src=hash&amp;ref_src=twsrc%5Etfw\">#TodosPelaEduca\u00e7\u00e3o<\/a> <a href=\"https:\/\/t.co\/zpaJdM7XT6\">pic.twitter.com\/zpaJdM7XT6<\/a><\/p>\n<p>&mdash; PSOL 50 (@psol50) <a href=\"https:\/\/twitter.com\/psol50\/status\/1128807374641389569?ref_src=twsrc%5Etfw\">May 15, 2019<\/a><\/p><\/blockquote>\n<p><script async src=\"https:\/\/platform.twitter.com\/widgets.js\" charset=\"utf-8\"><\/script><\/p>\n<p><strong>5. Greve Geral de 14 de junho para combater a reforma da previd\u00eancia<\/strong><\/p>\n<p>A resist\u00eancia \u00e0 proposta de reforma da previd\u00eancia de Jair Bolsonaro tamb\u00e9m marcou estes primeiros 200 dias e mobilizou trabalhadores e trabalhadoras por todo o pa\u00eds em defesa da aposentadoria e combatendo uma reforma que penaliza prioritariamente os mais pobres. No dia 14 de junho, as centrais sindicais de todo o Brasil se uniram para convocar mobiliza\u00e7\u00f5es por todo o pa\u00eds em uma importante Greve Geral e que paralisou as atividades nos principais centros urbanos do pa\u00eds. <a href=\"http:\/\/psol50.org.br\/milhoes-de-trabalhadores-cruzam-os-bracos-e-tomam-as-ruas-neste-14j\/\" target=\"_blank\" rel=\"noopener noreferrer\">Relembre como foi na nossa cobertura.<\/a><\/p>\n<blockquote class=\"twitter-tweet\" data-width=\"550\" data-dnt=\"true\">\n<p lang=\"pt\" dir=\"ltr\">D\u00e1 uma olhada como t\u00e1 o ato da <a href=\"https:\/\/twitter.com\/hashtag\/GreveGeral?src=hash&amp;ref_src=twsrc%5Etfw\">#GreveGeral<\/a> no Rio de Janeiro. N\u00e3o para de crescer! <a href=\"https:\/\/twitter.com\/hashtag\/BrasilBarraReforma?src=hash&amp;ref_src=twsrc%5Etfw\">#BrasilBarraReforma<\/a> <\/p>\n<p>\ud83d\udcf8 Guilherme Silva <a href=\"https:\/\/t.co\/WgyRwX8bCy\">pic.twitter.com\/WgyRwX8bCy<\/a><\/p>\n<p>&mdash; PSOL 50 (@psol50) <a href=\"https:\/\/twitter.com\/psol50\/status\/1139655556606681089?ref_src=twsrc%5Etfw\">June 14, 2019<\/a><\/p><\/blockquote>\n<p><script async src=\"https:\/\/platform.twitter.com\/widgets.js\" charset=\"utf-8\"><\/script><\/p>\n<p><strong>6. Revoga\u00e7\u00e3o do decreto das armas<\/strong><\/p>\n<p>Uma das principais bandeiras de campanha de Jair Bolsonaro em 2018 foi o armamento da popula\u00e7\u00e3o, mesmo que isso contrarie a vontade da maioria da popula\u00e7\u00e3o e todas as pesquisas da \u00e1rea de seguran\u00e7a p\u00fablica que indicam o \u00f3bvio: quanto mais armas, mais mortes e menos seguran\u00e7a. A rea\u00e7\u00e3o ao Decreto 9.785, que ampliava o porte de armas e permitia at\u00e9 o porte de alguns fuzis pela popula\u00e7\u00e3o civil, foi t\u00e3o grande, que o <a href=\"http:\/\/psol50.org.br\/vitoria-senado-vota-pela-derrubada-de-decreto-das-armas-de-bolsonaro\/\" target=\"_blank\" rel=\"noopener noreferrer\">Senado votou pela derrubada do decreto no m\u00eas de junho<\/a>. Antes de sofrer nova derrota na C\u00e2mara, Bolsonaro retirou os decretos e busca acordos para aprovar projetos de lei de perfil semelhante. <a href=\"http:\/\/psol50.org.br\/menosarmas\/\" target=\"_blank\" rel=\"noopener noreferrer\">O PSOL tem uma campanha permanente de combate ao armamento da popula\u00e7\u00e3o que voc\u00ea pode participar<\/a>.<\/p>\n<blockquote class=\"twitter-tweet\" data-width=\"550\" data-dnt=\"true\">\n<p lang=\"pt\" dir=\"ltr\">O decreto das armas de Bolsonaro vai aumentar &#8211; e muito! &#8211; o n\u00famero de feminic\u00eddios no pa\u00eds.  Com a medida, as mulheres estar\u00e3o muito mais vulner\u00e1veis. <\/p>\n<p>\u00c9 o que falou <a href=\"https:\/\/twitter.com\/taliriapetrone?ref_src=twsrc%5Etfw\">@taliriapetrone<\/a> na CCJ da C\u00e2mara hoje \u00e0 tarde. <a href=\"https:\/\/t.co\/bNLgixWwFY\">pic.twitter.com\/bNLgixWwFY<\/a><\/p>\n<p>&mdash; PSOL 50 (@psol50) <a href=\"https:\/\/twitter.com\/psol50\/status\/1133471499967451137?ref_src=twsrc%5Etfw\">May 28, 2019<\/a><\/p><\/blockquote>\n<p><script async src=\"https:\/\/platform.twitter.com\/widgets.js\" charset=\"utf-8\"><\/script><\/p>\n<p><strong>7. Tentativa frustrada de levar a FUNAI para o controle dos ruralistas no Minist\u00e9rio da Agricultura<\/strong><\/p>\n<p>Outro momento de forte tens\u00e3o que culminou em uma derrota do governo Bolsonaro foi a tentativa de transferir a FUNAI (Funda\u00e7\u00e3o Nacional do \u00cdndio) do Minist\u00e9rio da Justi\u00e7a para o Minist\u00e9rio da Agricultura, controlado pelos ruralistas. Na pr\u00e1tica, o governo pretendia inviabilizar pol\u00edticas e demarca\u00e7\u00e3o de terras ind\u00edgenas ao colocar essas tarefas em uma pasta dominada pelo agroneg\u00f3cio. Mas na tramita\u00e7\u00e3o da <a href=\"http:\/\/psol50.org.br\/projeto-de-aurea-carolina-quer-revogar-retrocessos-de-bolsonaro-nos-direitos-indigenas\/\" target=\"_blank\" rel=\"noopener noreferrer\">Medida Provis\u00f3ria 870\/2019<\/a>, que aplicava essa reorganiza\u00e7\u00e3o, a C\u00e2mara dos Deputados devolveu a FUNAI para as compet\u00eancias do Minist\u00e9rio da Justi\u00e7a, em uma das principais derrotas do governo. De forma inconstitucional, Bolsonaro tentou editar nova MP sobre o tema, mas foi desautorizado pelo STF, j\u00e1 que n\u00e3o se pode editar duas Medidas Provis\u00f3rias sobre o tema no mesmo ano.<\/p>\n<blockquote class=\"twitter-tweet\" data-width=\"550\" data-dnt=\"true\">\n<p lang=\"pt\" dir=\"ltr\">Ontem tivemos uma importante vit\u00f3ria na C\u00e2mara dos Deputados: a Funai vai permanecer no Minist\u00e9rio da Justi\u00e7a!<\/p>\n<p>Os ruralistas queriam que as demarca\u00e7\u00f5es de terras ind\u00edgenas fossem transferidas para o Minist\u00e9rio da Agricultura, controlado por eles. Barramos esse absurdo.<\/p>\n<p>&mdash; PSOL 50 (@psol50) <a href=\"https:\/\/twitter.com\/psol50\/status\/1131549024010551302?ref_src=twsrc%5Etfw\">May 23, 2019<\/a><\/p><\/blockquote>\n<p><script async src=\"https:\/\/platform.twitter.com\/widgets.js\" charset=\"utf-8\"><\/script><\/p>\n<p><strong>8. #VazaJato desnudando a parcialidade do ex-juiz S\u00e9rgio Moro e impondo a maior crise do governo Bolsonaro<\/strong><\/p>\n<blockquote class=\"twitter-tweet\" data-width=\"550\" data-dnt=\"true\">\n<p lang=\"pt\" dir=\"ltr\">Moro, voc\u00ea \u00e9 juiz ladr\u00e3o! <a href=\"https:\/\/twitter.com\/Glauber_Braga?ref_src=twsrc%5Etfw\">@Glauber_Braga<\/a> lavou a alma dos brasileiros.<a href=\"https:\/\/twitter.com\/hashtag\/VazaJato?src=hash&amp;ref_src=twsrc%5Etfw\">#VazaJato<\/a> <a href=\"https:\/\/t.co\/Vr6PuI9ZZZ\">pic.twitter.com\/Vr6PuI9ZZZ<\/a><\/p>\n<p>&mdash; PSOL 50 (@psol50) <a href=\"https:\/\/twitter.com\/psol50\/status\/1146398825818611712?ref_src=twsrc%5Etfw\">July 3, 2019<\/a><\/p><\/blockquote>\n<p><script async src=\"https:\/\/platform.twitter.com\/widgets.js\" charset=\"utf-8\"><\/script><\/p>\n<p>A principal crise do governo at\u00e9 agora foi protagonizada pelo Ministro da Justi\u00e7a e ex-juiz de casos da Lava Jato, S\u00e9rgio Moro. O site The Intercept Brasil teve acesso a in\u00fameras mensagens trocadas entre o ent\u00e3o juiz e os procuradores da Opera\u00e7\u00e3o Lava Jato. Ao lado de v\u00e1rios outros ve\u00edculos de m\u00eddia, os jornalistas est\u00e3o apurando e divulgando mat\u00e9rias de interesse p\u00fablico que mostram a rela\u00e7\u00e3o prom\u00edscua entre S\u00e9rgio Moro, Deltan Dallagnol e outros procurados da Lava Jato. A imparcialidade dos julgamentos de Moro est\u00e3o sendo duramente questionadas, principalmente por ele ter sido agraciado com um cargo pol\u00edtico de alto escal\u00e3o ap\u00f3s suas decis\u00f5es.<\/p>\n<blockquote class=\"twitter-tweet\" data-width=\"550\" data-dnt=\"true\">\n<p lang=\"pt\" dir=\"ltr\">A verdade vencer\u00e1 a m\u00e1quina de not\u00edcias falsas e difama\u00e7\u00e3o do bolsonarismo! O jornalista <a href=\"https:\/\/twitter.com\/ggreenwald?ref_src=twsrc%5Etfw\">@ggreenwald<\/a> explica a <a href=\"https:\/\/twitter.com\/hashtag\/VazaJato?src=hash&amp;ref_src=twsrc%5Etfw\">#VazaJato<\/a> na C\u00e2mara e desmoraliza o ministro e ex-juiz da Lava Jato, S\u00e9rgio Moro. <a href=\"https:\/\/t.co\/eYGSXAI2l9\">pic.twitter.com\/eYGSXAI2l9<\/a><\/p>\n<p>&mdash; PSOL 50 (@psol50) <a href=\"https:\/\/twitter.com\/psol50\/status\/1143626835261054976?ref_src=twsrc%5Etfw\">June 25, 2019<\/a><\/p><\/blockquote>\n<p><script async src=\"https:\/\/platform.twitter.com\/widgets.js\" charset=\"utf-8\"><\/script><\/p>\n<p><strong>9. O embate no plen\u00e1rio da C\u00e2mara sobre a reforma da previd\u00eancia<\/strong><\/p>\n<blockquote class=\"twitter-tweet\" data-width=\"550\" data-dnt=\"true\">\n<p lang=\"pt\" dir=\"ltr\">Bancada de luta do <a href=\"https:\/\/twitter.com\/psolnacamara?ref_src=twsrc%5Etfw\">@psolnacamara<\/a> contra a Reforma da Previd\u00eancia e a compra de votos! \u270a <a href=\"https:\/\/twitter.com\/hashtag\/ReformaN%C3%A3o?src=hash&amp;ref_src=twsrc%5Etfw\">#ReformaN\u00e3o<\/a> <a href=\"https:\/\/t.co\/9niDeDlmwr\">pic.twitter.com\/9niDeDlmwr<\/a><\/p>\n<p>&mdash; PSOL 50 (@psol50) <a href=\"https:\/\/twitter.com\/psol50\/status\/1148755466647953409?ref_src=twsrc%5Etfw\">July 10, 2019<\/a><\/p><\/blockquote>\n<p><script async src=\"https:\/\/platform.twitter.com\/widgets.js\" charset=\"utf-8\"><\/script><\/p>\n<p>O embate mais duradouro deste primeiro semestre de governo foi a tentativa de aprova\u00e7\u00e3o de uma reforma da previd\u00eancia. Al\u00e9m da resist\u00eancia nas ruas \u00e0 proposta, o PSOL protagonizou os principais embates com os governistas e defensores do combate \u00e0 aposentadoria e benef\u00edcios dos mais pobres. Em julho o texto da reforma foi aprovado na C\u00e2mara, mas a sua aprecia\u00e7\u00e3o em segundo turno foi adiada para a volta do recesso parlamentar, em agosto. Nossa luta contra os que atacam os direitos do povo vai continuar.<\/p>\n<blockquote class=\"twitter-tweet\" data-width=\"550\" data-dnt=\"true\">\n<p lang=\"pt\" dir=\"ltr\">A bancada do PSOL n\u00e3o se vende e vota contra a reforma da previd\u00eancia. Para os que votaram favoravelmente: aquilo que se faz contra o povo n\u00e3o fica impune, a hist\u00f3ria mostra o lugar dos traidores do povo.<\/p>\n<p>Com a palavra o l\u00edder da bancada, <a href=\"https:\/\/twitter.com\/IvanValente?ref_src=twsrc%5Etfw\">@IvanValente<\/a>, e <a href=\"https:\/\/twitter.com\/luizaerundina?ref_src=twsrc%5Etfw\">@luizaerundina<\/a>: <a href=\"https:\/\/t.co\/O8I7GzrL2U\">pic.twitter.com\/O8I7GzrL2U<\/a><\/p>\n<p>&mdash; PSOL 50 (@psol50) <a href=\"https:\/\/twitter.com\/psol50\/status\/1149088374180986881?ref_src=twsrc%5Etfw\">July 10, 2019<\/a><\/p><\/blockquote>\n<p><script async src=\"https:\/\/platform.twitter.com\/widgets.js\" charset=\"utf-8\"><\/script><\/p>\n<p><strong>10. Bolsonaro liberou mais agrot\u00f3xicos em 200 dias do que toda Uni\u00e3o Europeia em 8 anos<\/strong><\/p>\n<p>O governo de Bolsonaro autorizou o com\u00e9rcio de 239 novos agrot\u00f3xicos no Brasil. O ritmo tem sido t\u00e3o acelerado, que os pr\u00f3prios ruralistas da C\u00e2mara dos Deputados at\u00e9 desistiram de levar adiante o PL do Veneno, que buscava flexibilizar a legisla\u00e7\u00e3o para estas subst\u00e2ncias venenosas. Toda a Uni\u00e3o Europeia liberou ao todo 229 subst\u00e2ncias de 2011 at\u00e9 hoje. O envenenamento que a UE demorou 8 anos para produzir, Bolsonaro levou apenas 200 dias para consolidar.<\/p>\n<blockquote class=\"twitter-tweet\" data-width=\"550\" data-dnt=\"true\">\n<p lang=\"pt\" dir=\"ltr\">\u2620\ufe0f Atualizando a cat\u00e1strofe de veneno que \u00e9 o governo Bolsonaro: <a href=\"https:\/\/t.co\/6R1C2a85uL\">pic.twitter.com\/6R1C2a85uL<\/a><\/p>\n<p>&mdash; PSOL 50 (@psol50) <a href=\"https:\/\/twitter.com\/psol50\/status\/1143263038906273792?ref_src=twsrc%5Etfw\">June 24, 2019<\/a><\/p><\/blockquote>\n<p><script async src=\"https:\/\/platform.twitter.com\/widgets.js\" charset=\"utf-8\"><\/script><\/p>\n<p><strong>11. E pra n\u00e3o perder o costume, cad\u00ea o Queiroz?<\/strong><\/p>\n<blockquote class=\"twitter-tweet\" data-width=\"550\" data-dnt=\"true\">\n<p lang=\"pt\" dir=\"ltr\">Quantos esquemas dava pra organizar em um churrasco de domingo com a fam\u00edlia Bolsonaro e o Queiroz?<a href=\"https:\/\/twitter.com\/hashtag\/Cad%C3%AAOQueiroz?src=hash&amp;ref_src=twsrc%5Etfw\">#Cad\u00eaOQueiroz<\/a> <a href=\"https:\/\/t.co\/OIZTkGcAll\">pic.twitter.com\/OIZTkGcAll<\/a><\/p>\n<p>&mdash; PSOL 50 (@psol50) <a href=\"https:\/\/twitter.com\/psol50\/status\/1124324494028546049?ref_src=twsrc%5Etfw\">May 3, 2019<\/a><\/p><\/blockquote>\n<p><script async src=\"https:\/\/platform.twitter.com\/widgets.js\" charset=\"utf-8\"><\/script><\/p>\n<p>\u00c9 tanto esc\u00e2ndalo envolvendo personagens do governo Bolsonaro, que tem gente por a\u00ed esquecendo do Queiroz, ex-assessor de Fl\u00e1vio Bolsonaro (PSL) na \u00e9poca que ele atuava na Assembleia Legislativa do Rio de Janeiro (Alerj). O COAF apontou movimenta\u00e7\u00f5es financeiras muito suspeitas do assessor, incompat\u00edveis com sua renda declarada, incluindo 48 cheques de R$ 2 mil depositados em sequ\u00eancia por Bolsonaro na conta de Queiroz. A nossa pergunta continua: cad\u00ea o Queiroz?<\/p>\n","protected":false},"excerpt":{"rendered":"<p>Nesta sexta-feira (19) o governo de Jair Bolsonaro completa 200 dias de dura\u00e7\u00e3o, com uma vasta lista de propostas, medidas e decretos que atacam diretamente os direitos do povo brasileiro. Ao mesmo tempo, a popula\u00e7\u00e3o cada vez mais percebe que n\u00e3o deve confiar nesse governo. Relembre 10 momentos em que Bolsonaro e seus ministros tentaram [&hellip;]<\/p>\n","protected":false},"author":2,"featured_media":25981,"comment_status":"closed","ping_status":"open","sticky":false,"template":"","format":"standard","meta":{"_acf_changed":false,"footnotes":""},"categories":[6],"tags":[1925,182,56,164,533,1793,1257,177,63,756,22,1563,1926,1870],"class_list":{"0":"post-25961","1":"post","2":"type-post","3":"status-publish","4":"format-standard","5":"has-post-thumbnail","7":"category-noticias","8":"tag-200-dias","9":"tag-armas","10":"tag-bolsonaro","11":"tag-educacao","12":"tag-funai","13":"tag-greve-geral","14":"tag-laranjal","15":"tag-moro","16":"tag-previdencia","17":"tag-psl","18":"tag-psol","19":"tag-resistencia","20":"tag-tsunami","21":"tag-vaza-jato"},"acf":[],"yoast_head":"<!-- This site is optimized with the Yoast SEO plugin v26.5 - https:\/\/yoast.com\/wordpress\/plugins\/seo\/ -->\n<title>200 dias de Bolsonaro: A resist\u00eancia ao governo em 10 momentos - PSOL 50<\/title>\n<meta name=\"description\" content=\"Seguiremos na linha de frente do combate \u00e0s desgra\u00e7as\" \/>\n<meta name=\"robots\" content=\"index, follow, max-snippet:-1, max-image-preview:large, max-video-preview:-1\" \/>\n<link rel=\"canonical\" href=\"https:\/\/psol50.org.br\/200-dias-de-bolsonaro-a-resistencia-ao-governo-em-10-momentos\/\" \/>\n<meta property=\"og:locale\" content=\"pt_BR\" \/>\n<meta property=\"og:type\" content=\"article\" \/>\n<meta property=\"og:title\" content=\"200 dias de Bolsonaro: A resist\u00eancia ao governo em 10 momentos\" \/>\n<meta property=\"og:description\" content=\"Seguiremos na linha de frente do combate \u00e0s desgra\u00e7as\" \/>\n<meta property=\"og:url\" content=\"https:\/\/psol50.org.br\/200-dias-de-bolsonaro-a-resistencia-ao-governo-em-10-momentos\/\" \/>\n<meta property=\"og:site_name\" content=\"PSOL 50\" \/>\n<meta property=\"article:publisher\" content=\"https:\/\/www.facebook.com\/psol50\" \/>\n<meta property=\"article:published_time\" content=\"2019-07-19T16:33:02+00:00\" \/>\n<meta property=\"og:image\" content=\"https:\/\/psol50.org.br\/inc\/uploads\/2018\/07\/capa.png\" \/>\n\t<meta property=\"og:image:width\" content=\"1350\" \/>\n\t<meta property=\"og:image:height\" content=\"900\" \/>\n\t<meta property=\"og:image:type\" content=\"image\/png\" \/>\n<meta name=\"author\" content=\"Comunica\u00e7\u00e3o PSOL\" \/>\n<meta name=\"twitter:card\" content=\"summary_large_image\" \/>\n<meta name=\"twitter:title\" content=\"200 dias de Bolsonaro: A resist\u00eancia ao governo em 10 momentos\" \/>\n<meta name=\"twitter:description\" content=\"Seguiremos na linha de frente do combate \u00e0s desgra\u00e7as\" \/>\n<meta name=\"twitter:creator\" content=\"@psol50\" \/>\n<meta name=\"twitter:site\" content=\"@psol50\" \/>\n<meta name=\"twitter:label1\" content=\"Escrito por\" \/>\n\t<meta name=\"twitter:data1\" content=\"Comunica\u00e7\u00e3o PSOL\" \/>\n\t<meta name=\"twitter:label2\" content=\"Est. tempo de leitura\" \/>\n\t<meta name=\"twitter:data2\" content=\"7 minutos\" \/>\n<script type=\"application\/ld+json\" class=\"yoast-schema-graph\">{\"@context\":\"https:\/\/schema.org\",\"@graph\":[{\"@type\":\"Article\",\"@id\":\"https:\/\/psol50.org.br\/200-dias-de-bolsonaro-a-resistencia-ao-governo-em-10-momentos\/#article\",\"isPartOf\":{\"@id\":\"https:\/\/psol50.org.br\/200-dias-de-bolsonaro-a-resistencia-ao-governo-em-10-momentos\/\"},\"author\":{\"name\":\"Comunica\u00e7\u00e3o PSOL\",\"@id\":\"https:\/\/psol50.org.br\/#\/schema\/person\/475dfa57d0b815993c714c2e96491fcd\"},\"headline\":\"200 dias de Bolsonaro: A resist\u00eancia ao governo em 10 momentos\",\"datePublished\":\"2019-07-19T16:33:02+00:00\",\"mainEntityOfPage\":{\"@id\":\"https:\/\/psol50.org.br\/200-dias-de-bolsonaro-a-resistencia-ao-governo-em-10-momentos\/\"},\"wordCount\":1408,\"publisher\":{\"@id\":\"https:\/\/psol50.org.br\/#organization\"},\"image\":{\"@id\":\"https:\/\/psol50.org.br\/200-dias-de-bolsonaro-a-resistencia-ao-governo-em-10-momentos\/#primaryimage\"},\"thumbnailUrl\":\"\",\"keywords\":[\"200 dias\",\"armas\",\"Bolsonaro\",\"Educa\u00e7\u00e3o\",\"Funai\",\"greve geral\",\"laranjal\",\"Moro\",\"previd\u00eancia\",\"PSL\",\"PSOL\",\"resist\u00eancia\",\"tsunami\",\"vaza jato\"],\"articleSection\":[\"Not\u00edcias\"],\"inLanguage\":\"pt-BR\"},{\"@type\":\"WebPage\",\"@id\":\"https:\/\/psol50.org.br\/200-dias-de-bolsonaro-a-resistencia-ao-governo-em-10-momentos\/\",\"url\":\"https:\/\/psol50.org.br\/200-dias-de-bolsonaro-a-resistencia-ao-governo-em-10-momentos\/\",\"name\":\"200 dias de Bolsonaro: A resist\u00eancia ao governo em 10 momentos - PSOL 50\",\"isPartOf\":{\"@id\":\"https:\/\/psol50.org.br\/#website\"},\"primaryImageOfPage\":{\"@id\":\"https:\/\/psol50.org.br\/200-dias-de-bolsonaro-a-resistencia-ao-governo-em-10-momentos\/#primaryimage\"},\"image\":{\"@id\":\"https:\/\/psol50.org.br\/200-dias-de-bolsonaro-a-resistencia-ao-governo-em-10-momentos\/#primaryimage\"},\"thumbnailUrl\":\"\",\"datePublished\":\"2019-07-19T16:33:02+00:00\",\"description\":\"Seguiremos na linha de frente do combate \u00e0s desgra\u00e7as\",\"breadcrumb\":{\"@id\":\"https:\/\/psol50.org.br\/200-dias-de-bolsonaro-a-resistencia-ao-governo-em-10-momentos\/#breadcrumb\"},\"inLanguage\":\"pt-BR\",\"potentialAction\":[{\"@type\":\"ReadAction\",\"target\":[\"https:\/\/psol50.org.br\/200-dias-de-bolsonaro-a-resistencia-ao-governo-em-10-momentos\/\"]}]},{\"@type\":\"ImageObject\",\"inLanguage\":\"pt-BR\",\"@id\":\"https:\/\/psol50.org.br\/200-dias-de-bolsonaro-a-resistencia-ao-governo-em-10-momentos\/#primaryimage\",\"url\":\"\",\"contentUrl\":\"\"},{\"@type\":\"BreadcrumbList\",\"@id\":\"https:\/\/psol50.org.br\/200-dias-de-bolsonaro-a-resistencia-ao-governo-em-10-momentos\/#breadcrumb\",\"itemListElement\":[{\"@type\":\"ListItem\",\"position\":1,\"name\":\"In\u00edcio\",\"item\":\"https:\/\/psol50.org.br\/\"},{\"@type\":\"ListItem\",\"position\":2,\"name\":\"200 dias de Bolsonaro: A resist\u00eancia ao governo em 10 momentos\"}]},{\"@type\":\"WebSite\",\"@id\":\"https:\/\/psol50.org.br\/#website\",\"url\":\"https:\/\/psol50.org.br\/\",\"name\":\"PSOL 50\",\"description\":\"Site oficial do Partido Socialismo e Liberdade\",\"publisher\":{\"@id\":\"https:\/\/psol50.org.br\/#organization\"},\"alternateName\":\"PSOL50\",\"potentialAction\":[{\"@type\":\"SearchAction\",\"target\":{\"@type\":\"EntryPoint\",\"urlTemplate\":\"https:\/\/psol50.org.br\/?s={search_term_string}\"},\"query-input\":{\"@type\":\"PropertyValueSpecification\",\"valueRequired\":true,\"valueName\":\"search_term_string\"}}],\"inLanguage\":\"pt-BR\"},{\"@type\":\"Organization\",\"@id\":\"https:\/\/psol50.org.br\/#organization\",\"name\":\"PSOL 50\",\"alternateName\":\"PSOL 50\",\"url\":\"https:\/\/psol50.org.br\/\",\"logo\":{\"@type\":\"ImageObject\",\"inLanguage\":\"pt-BR\",\"@id\":\"https:\/\/psol50.org.br\/#\/schema\/logo\/image\/\",\"url\":\"https:\/\/psol50.org.br\/inc\/uploads\/2018\/07\/capa.png\",\"contentUrl\":\"https:\/\/psol50.org.br\/inc\/uploads\/2018\/07\/capa.png\",\"width\":1350,\"height\":900,\"caption\":\"PSOL 50\"},\"image\":{\"@id\":\"https:\/\/psol50.org.br\/#\/schema\/logo\/image\/\"},\"sameAs\":[\"https:\/\/www.facebook.com\/psol50\",\"https:\/\/x.com\/psol50\",\"https:\/\/www.instagram.com\/psol50\/\",\"https:\/\/www.youtube.com\/channel\/UC7SnJS5o1os7a6CaiNabzcg\"]},{\"@type\":\"Person\",\"@id\":\"https:\/\/psol50.org.br\/#\/schema\/person\/475dfa57d0b815993c714c2e96491fcd\",\"name\":\"Comunica\u00e7\u00e3o PSOL\",\"image\":{\"@type\":\"ImageObject\",\"inLanguage\":\"pt-BR\",\"@id\":\"https:\/\/psol50.org.br\/#\/schema\/person\/image\/\",\"url\":\"https:\/\/secure.gravatar.com\/avatar\/b34fc4f4e468a4e51785917065a3db57b841f5c95dba6ad8c73aaf8f66f8f9bf?s=96&d=mm&r=g\",\"contentUrl\":\"https:\/\/secure.gravatar.com\/avatar\/b34fc4f4e468a4e51785917065a3db57b841f5c95dba6ad8c73aaf8f66f8f9bf?s=96&d=mm&r=g\",\"caption\":\"Comunica\u00e7\u00e3o PSOL\"}}]}<\/script>\n<!-- \/ Yoast SEO plugin. -->","yoast_head_json":{"title":"200 dias de Bolsonaro: A resist\u00eancia ao governo em 10 momentos - PSOL 50","description":"Seguiremos na linha de frente do combate \u00e0s desgra\u00e7as","robots":{"index":"index","follow":"follow","max-snippet":"max-snippet:-1","max-image-preview":"max-image-preview:large","max-video-preview":"max-video-preview:-1"},"canonical":"https:\/\/psol50.org.br\/200-dias-de-bolsonaro-a-resistencia-ao-governo-em-10-momentos\/","og_locale":"pt_BR","og_type":"article","og_title":"200 dias de Bolsonaro: A resist\u00eancia ao governo em 10 momentos","og_description":"Seguiremos na linha de frente do combate \u00e0s desgra\u00e7as","og_url":"https:\/\/psol50.org.br\/200-dias-de-bolsonaro-a-resistencia-ao-governo-em-10-momentos\/","og_site_name":"PSOL 50","article_publisher":"https:\/\/www.facebook.com\/psol50","article_published_time":"2019-07-19T16:33:02+00:00","og_image":[{"width":1350,"height":900,"url":"https:\/\/psol50.org.br\/inc\/uploads\/2018\/07\/capa.png","type":"image\/png"}],"author":"Comunica\u00e7\u00e3o PSOL","twitter_card":"summary_large_image","twitter_title":"200 dias de Bolsonaro: A resist\u00eancia ao governo em 10 momentos","twitter_description":"Seguiremos na linha de frente do combate \u00e0s desgra\u00e7as","twitter_creator":"@psol50","twitter_site":"@psol50","twitter_misc":{"Escrito por":"Comunica\u00e7\u00e3o PSOL","Est. tempo de leitura":"7 minutos"},"schema":{"@context":"https:\/\/schema.org","@graph":[{"@type":"Article","@id":"https:\/\/psol50.org.br\/200-dias-de-bolsonaro-a-resistencia-ao-governo-em-10-momentos\/#article","isPartOf":{"@id":"https:\/\/psol50.org.br\/200-dias-de-bolsonaro-a-resistencia-ao-governo-em-10-momentos\/"},"author":{"name":"Comunica\u00e7\u00e3o PSOL","@id":"https:\/\/psol50.org.br\/#\/schema\/person\/475dfa57d0b815993c714c2e96491fcd"},"headline":"200 dias de Bolsonaro: A resist\u00eancia ao governo em 10 momentos","datePublished":"2019-07-19T16:33:02+00:00","mainEntityOfPage":{"@id":"https:\/\/psol50.org.br\/200-dias-de-bolsonaro-a-resistencia-ao-governo-em-10-momentos\/"},"wordCount":1408,"publisher":{"@id":"https:\/\/psol50.org.br\/#organization"},"image":{"@id":"https:\/\/psol50.org.br\/200-dias-de-bolsonaro-a-resistencia-ao-governo-em-10-momentos\/#primaryimage"},"thumbnailUrl":"","keywords":["200 dias","armas","Bolsonaro","Educa\u00e7\u00e3o","Funai","greve geral","laranjal","Moro","previd\u00eancia","PSL","PSOL","resist\u00eancia","tsunami","vaza jato"],"articleSection":["Not\u00edcias"],"inLanguage":"pt-BR"},{"@type":"WebPage","@id":"https:\/\/psol50.org.br\/200-dias-de-bolsonaro-a-resistencia-ao-governo-em-10-momentos\/","url":"https:\/\/psol50.org.br\/200-dias-de-bolsonaro-a-resistencia-ao-governo-em-10-momentos\/","name":"200 dias de Bolsonaro: A resist\u00eancia ao governo em 10 momentos - PSOL 50","isPartOf":{"@id":"https:\/\/psol50.org.br\/#website"},"primaryImageOfPage":{"@id":"https:\/\/psol50.org.br\/200-dias-de-bolsonaro-a-resistencia-ao-governo-em-10-momentos\/#primaryimage"},"image":{"@id":"https:\/\/psol50.org.br\/200-dias-de-bolsonaro-a-resistencia-ao-governo-em-10-momentos\/#primaryimage"},"thumbnailUrl":"","datePublished":"2019-07-19T16:33:02+00:00","description":"Seguiremos na linha de frente do combate \u00e0s desgra\u00e7as","breadcrumb":{"@id":"https:\/\/psol50.org.br\/200-dias-de-bolsonaro-a-resistencia-ao-governo-em-10-momentos\/#breadcrumb"},"inLanguage":"pt-BR","potentialAction":[{"@type":"ReadAction","target":["https:\/\/psol50.org.br\/200-dias-de-bolsonaro-a-resistencia-ao-governo-em-10-momentos\/"]}]},{"@type":"ImageObject","inLanguage":"pt-BR","@id":"https:\/\/psol50.org.br\/200-dias-de-bolsonaro-a-resistencia-ao-governo-em-10-momentos\/#primaryimage","url":"","contentUrl":""},{"@type":"BreadcrumbList","@id":"https:\/\/psol50.org.br\/200-dias-de-bolsonaro-a-resistencia-ao-governo-em-10-momentos\/#breadcrumb","itemListElement":[{"@type":"ListItem","position":1,"name":"In\u00edcio","item":"https:\/\/psol50.org.br\/"},{"@type":"ListItem","position":2,"name":"200 dias de Bolsonaro: A resist\u00eancia ao governo em 10 momentos"}]},{"@type":"WebSite","@id":"https:\/\/psol50.org.br\/#website","url":"https:\/\/psol50.org.br\/","name":"PSOL 50","description":"Site oficial do Partido Socialismo e Liberdade","publisher":{"@id":"https:\/\/psol50.org.br\/#organization"},"alternateName":"PSOL50","potentialAction":[{"@type":"SearchAction","target":{"@type":"EntryPoint","urlTemplate":"https:\/\/psol50.org.br\/?s={search_term_string}"},"query-input":{"@type":"PropertyValueSpecification","valueRequired":true,"valueName":"search_term_string"}}],"inLanguage":"pt-BR"},{"@type":"Organization","@id":"https:\/\/psol50.org.br\/#organization","name":"PSOL 50","alternateName":"PSOL 50","url":"https:\/\/psol50.org.br\/","logo":{"@type":"ImageObject","inLanguage":"pt-BR","@id":"https:\/\/psol50.org.br\/#\/schema\/logo\/image\/","url":"https:\/\/psol50.org.br\/inc\/uploads\/2018\/07\/capa.png","contentUrl":"https:\/\/psol50.org.br\/inc\/uploads\/2018\/07\/capa.png","width":1350,"height":900,"caption":"PSOL 50"},"image":{"@id":"https:\/\/psol50.org.br\/#\/schema\/logo\/image\/"},"sameAs":["https:\/\/www.facebook.com\/psol50","https:\/\/x.com\/psol50","https:\/\/www.instagram.com\/psol50\/","https:\/\/www.youtube.com\/channel\/UC7SnJS5o1os7a6CaiNabzcg"]},{"@type":"Person","@id":"https:\/\/psol50.org.br\/#\/schema\/person\/475dfa57d0b815993c714c2e96491fcd","name":"Comunica\u00e7\u00e3o PSOL","image":{"@type":"ImageObject","inLanguage":"pt-BR","@id":"https:\/\/psol50.org.br\/#\/schema\/person\/image\/","url":"https:\/\/secure.gravatar.com\/avatar\/b34fc4f4e468a4e51785917065a3db57b841f5c95dba6ad8c73aaf8f66f8f9bf?s=96&d=mm&r=g","contentUrl":"https:\/\/secure.gravatar.com\/avatar\/b34fc4f4e468a4e51785917065a3db57b841f5c95dba6ad8c73aaf8f66f8f9bf?s=96&d=mm&r=g","caption":"Comunica\u00e7\u00e3o PSOL"}}]}},"_links":{"self":[{"href":"https:\/\/psol50.org.br\/rest\/wp\/v2\/posts\/25961","targetHints":{"allow":["GET"]}}],"collection":[{"href":"https:\/\/psol50.org.br\/rest\/wp\/v2\/posts"}],"about":[{"href":"https:\/\/psol50.org.br\/rest\/wp\/v2\/types\/post"}],"author":[{"embeddable":true,"href":"https:\/\/psol50.org.br\/rest\/wp\/v2\/users\/2"}],"replies":[{"embeddable":true,"href":"https:\/\/psol50.org.br\/rest\/wp\/v2\/comments?post=25961"}],"version-history":[{"count":0,"href":"https:\/\/psol50.org.br\/rest\/wp\/v2\/posts\/25961\/revisions"}],"wp:featuredmedia":[{"embeddable":true,"href":"https:\/\/psol50.org.br\/rest\/"}],"wp:attachment":[{"href":"https:\/\/psol50.org.br\/rest\/wp\/v2\/media?parent=25961"}],"wp:term":[{"taxonomy":"category","embeddable":true,"href":"https:\/\/psol50.org.br\/rest\/wp\/v2\/categories?post=25961"},{"taxonomy":"post_tag","embeddable":true,"href":"https:\/\/psol50.org.br\/rest\/wp\/v2\/tags?post=25961"}],"curies":[{"name":"wp","href":"https:\/\/api.w.org\/{rel}","templated":true}]}}