{"id":25972,"date":"2019-07-19T16:03:07","date_gmt":"2019-07-19T19:03:07","guid":{"rendered":"http:\/\/psol50.org.br\/?p=25972"},"modified":"2019-07-19T16:03:07","modified_gmt":"2019-07-19T19:03:07","slug":"juliano-medeiros-algo-esta-acontecendo-na-juventude","status":"publish","type":"post","link":"https:\/\/psol50.org.br\/juliano-medeiros-algo-esta-acontecendo-na-juventude\/","title":{"rendered":"Juliano Medeiros | Algo est\u00e1 acontecendo na juventude"},"content":{"rendered":"<p><em>Originalmente publicado em <a href=\"https:\/\/revistaforum.com.br\/algo-esta-acontecendo-na-juventude\/\" target=\"_blank\" rel=\"noopener noreferrer\">Revista F\u00f3rum.<\/a><\/em><\/p>\n<p>Alguns dos mais importantes eventos pol\u00edticos deste breve s\u00e9culo XXI tiveram a juventude entre seus protagonistas. O levante de massas que levou \u00e0 derrocada das ditaduras no Egito e Tun\u00edsia, que depois se transformaria em \u201cPrimavera \u00c1rabe\u201d, contou com a participa\u00e7\u00e3o decisiva dos jovens. O mesmo ocorreu em movimentos de contesta\u00e7\u00e3o como o Ocuppy Wall Street, em Nova York, os \u201cindignados\u201d da Porta do Sol, em Madrid, ou a rebeli\u00e3o dos pinguins, no Chile.<\/p>\n<p>Quando a crise econ\u00f4mica de 2008 trouxe de volta o desemprego e a viol\u00eancia, os jovens foram as primeiras v\u00edtimas. Mas tamb\u00e9m souberam questionar as sa\u00eddas impostas pelos donos do poder, que preferiram salvar os bancos \u00e0s pessoas. Nesse processo, novos movimentos surgiram, ganhando protagonismo e ocupando espa\u00e7o na arena pol\u00edtica em muitos pa\u00edses. Boa parte deles foi liderada por jovens.<\/p>\n<p>Mas tratar a juventude como \u201cnaturalmente\u201d rebelde ou questionadora \u00e9 um erro. Se h\u00e1 algo que aprendi sobre a juventude quando comecei minha milit\u00e2ncia pol\u00edtica, \u00e9 que h\u00e1 muitas \u201cjuventudes\u201d diferentes. \u00c9 verdade que no contexto brasileiro atual, uma parte importante dos jovens tem manifestado seu rep\u00fadio ao projeto de extrema direita representado por Bolsonaro.<\/p>\n<p>Mas tamb\u00e9m h\u00e1 muitos jovens que n\u00e3o se interessam por pol\u00edtica, que est\u00e3o dedicando seu tempo livre ao culto religioso nos finais de semana, que se interessam mais por esporte ou m\u00fasica do que pela reforma da Previd\u00eancia ou, ainda, que acreditam que o grande problema do pa\u00eds \u00e9 o tamanho do Estado. As m\u00faltiplas juventudes expressam a diversidade da pr\u00f3pria sociedade e isso \u00e9 normal.<\/p>\n<p>Mas essas \u201cjuventudes\u201d t\u00eam algo em comum. Elas se caracterizam como um momento de confirma\u00e7\u00e3o de valores apreendidos na fam\u00edlia e na escola, de amplia\u00e7\u00e3o dos c\u00edrculos sociais e de um progressivo processo de assimila\u00e7\u00e3o de tarefas e responsabilidades pr\u00f3prias da vida adulta. \u00c9 um processo fundamental na forma\u00e7\u00e3o do indiv\u00edduo e de sua integra\u00e7\u00e3o \u00e0 sociedade. A escolha da profiss\u00e3o, a entrada no mercado de trabalho, as primeiras experi\u00eancias sexuais, a luta por aceita\u00e7\u00e3o social, s\u00e3o express\u00f5es dessa condi\u00e7\u00e3o.<\/p>\n<div class=\"code-block code-block-2\">\n<div id=\"rf_horizontal_3\"><\/div>\n<\/div>\n<p>O que devemos perceber, portanto, \u00e9 que pela pr\u00f3pria natureza transit\u00f3ria da juventude \u2013 da adolesc\u00eancia aos desafios da vida adulta \u2013 \u00e9 nela que a esquerda tem encontrado mais espa\u00e7o para suas ideias. \u00c9 natural que os jovens expressem mais fortemente valores que correspondem \u00e0s mudan\u00e7as que a pr\u00f3pria sociedade vive, com maior toler\u00e2ncia \u00e0 diferen\u00e7a e abertura a novas vis\u00f5es de mundo. Por isso, h\u00e1 raz\u00f5es para acreditar que a juventude est\u00e1 mais aberta a questionar as mudan\u00e7as em curso do que outros setores da sociedade.<\/p>\n<p>Uma pesquisa realizada pelo Instituto Datafolha e publicada na \u00faltima edi\u00e7\u00e3o da revista Carta Capital confirma essa hip\u00f3tese em n\u00fameros. Em compara\u00e7\u00e3o com o conjunto da sociedade, a maioria da juventude tem se mostrado mais pr\u00f3xima das posi\u00e7\u00f5es de esquerda. Quando questionados se a pris\u00e3o de Lula \u00e9 injusta, 42% das pessoas em geral afirma que sim. Entre os jovens esse n\u00famero chega a 50%.<\/p>\n<p>Questionados se o S\u00e9rgio Moro deveria se afastar do cargo de ministro da Justi\u00e7a, 38% afirmam que sim. Na juventude esse n\u00famero \u00e9 muito maior: 59%. Diante da pergunta \u201cMoro teve uma conduta inadequada ao manter conversas secretas com os acusadores de Lula?\u201d 58% das pessoas em geral afirmam que sim. Entre os jovens esse n\u00famero sobe para impressionantes 77%. Para a maioria da sociedade (55%) a Opera\u00e7\u00e3o Lava Jato \u00e9 boa. Entre os jovens, apenas 42% t\u00eam essa percep\u00e7\u00e3o.<\/p>\n<p>Como se nota, a juventude tem sido o setor da sociedade mais cr\u00edtico aos rumos do pa\u00eds. Pude atestar isso na \u00faltima semana, quando participei de um debate a convite da Uni\u00e3o Nacional dos Estudantes (UNE) durante seu 57\u00ba Congresso. Em Bras\u00edlia se reuniram mais de 10 mil jovens de todo o Brasil. Na UnB, onde transcorreu a maioria dos debates do Congresso, dezenas de grupos e movimentos de juventude entoavam palavras de ordem, realizavam interven\u00e7\u00f5es art\u00edsticas, promoviam rodas de conversa sobre os mais diversos temas. Havia disputa, mas o clima era de unidade contra o inimigo comum. Muito diferente do que se conhece dos espa\u00e7os da nova direita jovem, em especial o MBL e seus congressos bem-comportados.<\/p>\n<div class=\"code-block code-block-3\">\n<div id=\"rf_horizontal_4\"><\/div>\n<\/div>\n<p>Na sexta-feira, os jovens mostraram na pr\u00e1tica o sentido da palavra \u201cvanguarda\u201d. Enquanto a C\u00e2mara dos Deputados votava a reforma da Previd\u00eancia com praticamente nenhuma resist\u00eancia do movimento dos trabalhadores e trabalhadoras, milhares de estudantes, com o apoio de algumas centenas de professores, tomavam a Esplanada dos Minist\u00e9rios contra o governo Bolsonaro. O contraste entre o movimento estudantil e sindical era gritante.<\/p>\n<p>Por isso, no segundo semestre \u00e9 muito importante que a esquerda esteja ao lado das lutas dos estudantes e da juventude progressista. A maior manifesta\u00e7\u00e3o de massas contra o governo Bolsonaro este ano foi protagonizada por estudantes e professores no dia 15 de maio. \u00c9 verdade que o ministro da Educa\u00e7\u00e3o ajudou bastante, ao anunciar na semana das manifesta\u00e7\u00f5es cortes de at\u00e9 30% no or\u00e7amento das universidades e institutos federais, o que jogou mais gasolina na fogueira. Mas \u00e9 ineg\u00e1vel que os ataques \u00e0 educa\u00e7\u00e3o mostraram enorme potencial de mobiliza\u00e7\u00e3o. Isso porque mesmo uma parte consider\u00e1vel do eleitorado de Bolsonaro \u2013 que num tempo n\u00e3o muito distante votava no PT como reconhecimento pela melhoria das condi\u00e7\u00f5es de vida \u2013 espera que o Estado garanta a educa\u00e7\u00e3o de seus filhos. Por isso, essa \u00e9 uma causa que pode ter amplo amparo na sociedade, diferente do que aconteceu recentemente com a reforma da Previd\u00eancia, quando o debate p\u00fablico sobre o tema foi monopolizado por posi\u00e7\u00f5es liberais.<\/p>\n<p>Os sinais s\u00e3o de que os ataques de Bolsonaro \u00e0 educa\u00e7\u00e3o tendem a continuar, como atesta o novo programa do governo anunciado esta semana e que prev\u00ea o in\u00edcio do processo de privatiza\u00e7\u00e3o das universidades p\u00fablicas.<\/p>\n<p>Como a destrui\u00e7\u00e3o dos direitos e a persegui\u00e7\u00e3o a estudantes e professores \u00e9 parte constitutiva do programa bolsonarista, a tend\u00eancia \u00e9 que a resist\u00eancia estudantil e da juventude em geral, cumpra um papel fundamental no segundo semestre. Cabe \u00e0 oposi\u00e7\u00e3o partid\u00e1ria apoiar de forma intransigente essas lutas, arrastando outros setores da sociedade para uma ampla frente em defesa dos direitos e ampliando o desgaste do governo Bolsonaro.<\/p>\n","protected":false},"excerpt":{"rendered":"<p>Originalmente publicado em Revista F\u00f3rum. Alguns dos mais importantes eventos pol\u00edticos deste breve s\u00e9culo XXI tiveram a juventude entre seus protagonistas. O levante de massas que levou \u00e0 derrocada das ditaduras no Egito e Tun\u00edsia, que depois se transformaria em \u201cPrimavera \u00c1rabe\u201d, contou com a participa\u00e7\u00e3o decisiva dos jovens. O mesmo ocorreu em movimentos de [&hellip;]<\/p>\n","protected":false},"author":2,"featured_media":25183,"comment_status":"closed","ping_status":"open","sticky":false,"template":"","format":"standard","meta":{"_acf_changed":false,"footnotes":""},"categories":[6],"tags":[259,1927,99],"class_list":{"0":"post-25972","1":"post","2":"type-post","3":"status-publish","4":"format-standard","5":"has-post-thumbnail","7":"category-noticias","8":"tag-juliano-medeiros","9":"tag-juventude","10":"tag-movimentos-sociais"},"acf":[],"yoast_head":"<!-- This site is optimized with the Yoast SEO plugin v26.5 - https:\/\/yoast.com\/wordpress\/plugins\/seo\/ -->\n<title>Juliano Medeiros | Algo est\u00e1 acontecendo na juventude<\/title>\n<meta name=\"description\" content=\"Leia o artigo do presidente nacional do PSOL, Juliano Medeiros.\" \/>\n<meta name=\"robots\" content=\"index, follow, max-snippet:-1, max-image-preview:large, max-video-preview:-1\" \/>\n<link rel=\"canonical\" href=\"https:\/\/psol50.org.br\/juliano-medeiros-algo-esta-acontecendo-na-juventude\/\" \/>\n<meta property=\"og:locale\" content=\"pt_BR\" \/>\n<meta property=\"og:type\" content=\"article\" \/>\n<meta property=\"og:title\" content=\"Algo est\u00e1 acontecendo na juventude\" \/>\n<meta property=\"og:description\" content=\"Leia o artigo do presidente nacional do PSOL, Juliano Medeiros.\" \/>\n<meta property=\"og:url\" content=\"https:\/\/psol50.org.br\/juliano-medeiros-algo-esta-acontecendo-na-juventude\/\" \/>\n<meta property=\"og:site_name\" content=\"PSOL 50\" \/>\n<meta property=\"article:publisher\" content=\"https:\/\/www.facebook.com\/psol50\" \/>\n<meta property=\"article:published_time\" content=\"2019-07-19T19:03:07+00:00\" \/>\n<meta property=\"og:image\" content=\"https:\/\/psol50.org.br\/inc\/uploads\/2019\/05\/photo5972902468000000434.jpg\" \/>\n\t<meta property=\"og:image:width\" content=\"750\" \/>\n\t<meta property=\"og:image:height\" content=\"500\" \/>\n\t<meta property=\"og:image:type\" content=\"image\/jpeg\" \/>\n<meta name=\"author\" content=\"Comunica\u00e7\u00e3o PSOL\" \/>\n<meta name=\"twitter:card\" content=\"summary_large_image\" \/>\n<meta name=\"twitter:title\" content=\"Algo est\u00e1 acontecendo na juventude\" \/>\n<meta name=\"twitter:description\" content=\"Leia o artigo do presidente nacional do PSOL, Juliano Medeiros.\" \/>\n<meta name=\"twitter:image\" content=\"https:\/\/psol50.org.br\/inc\/uploads\/2019\/05\/photo5972902468000000434.jpg\" \/>\n<meta name=\"twitter:creator\" content=\"@psol50\" \/>\n<meta name=\"twitter:site\" content=\"@psol50\" \/>\n<meta name=\"twitter:label1\" content=\"Escrito por\" \/>\n\t<meta name=\"twitter:data1\" content=\"Comunica\u00e7\u00e3o PSOL\" \/>\n\t<meta name=\"twitter:label2\" content=\"Est. tempo de leitura\" \/>\n\t<meta name=\"twitter:data2\" content=\"5 minutos\" \/>\n<script type=\"application\/ld+json\" class=\"yoast-schema-graph\">{\"@context\":\"https:\/\/schema.org\",\"@graph\":[{\"@type\":\"Article\",\"@id\":\"https:\/\/psol50.org.br\/juliano-medeiros-algo-esta-acontecendo-na-juventude\/#article\",\"isPartOf\":{\"@id\":\"https:\/\/psol50.org.br\/juliano-medeiros-algo-esta-acontecendo-na-juventude\/\"},\"author\":{\"name\":\"Comunica\u00e7\u00e3o PSOL\",\"@id\":\"https:\/\/psol50.org.br\/#\/schema\/person\/475dfa57d0b815993c714c2e96491fcd\"},\"headline\":\"Juliano Medeiros | Algo est\u00e1 acontecendo na juventude\",\"datePublished\":\"2019-07-19T19:03:07+00:00\",\"mainEntityOfPage\":{\"@id\":\"https:\/\/psol50.org.br\/juliano-medeiros-algo-esta-acontecendo-na-juventude\/\"},\"wordCount\":1093,\"publisher\":{\"@id\":\"https:\/\/psol50.org.br\/#organization\"},\"image\":{\"@id\":\"https:\/\/psol50.org.br\/juliano-medeiros-algo-esta-acontecendo-na-juventude\/#primaryimage\"},\"thumbnailUrl\":\"https:\/\/psol50.org.br\/inc\/uploads\/2019\/05\/photo5972902468000000434.jpg\",\"keywords\":[\"Juliano Medeiros\",\"juventude\",\"movimentos sociais\"],\"articleSection\":[\"Not\u00edcias\"],\"inLanguage\":\"pt-BR\"},{\"@type\":\"WebPage\",\"@id\":\"https:\/\/psol50.org.br\/juliano-medeiros-algo-esta-acontecendo-na-juventude\/\",\"url\":\"https:\/\/psol50.org.br\/juliano-medeiros-algo-esta-acontecendo-na-juventude\/\",\"name\":\"Juliano Medeiros | Algo est\u00e1 acontecendo na juventude\",\"isPartOf\":{\"@id\":\"https:\/\/psol50.org.br\/#website\"},\"primaryImageOfPage\":{\"@id\":\"https:\/\/psol50.org.br\/juliano-medeiros-algo-esta-acontecendo-na-juventude\/#primaryimage\"},\"image\":{\"@id\":\"https:\/\/psol50.org.br\/juliano-medeiros-algo-esta-acontecendo-na-juventude\/#primaryimage\"},\"thumbnailUrl\":\"https:\/\/psol50.org.br\/inc\/uploads\/2019\/05\/photo5972902468000000434.jpg\",\"datePublished\":\"2019-07-19T19:03:07+00:00\",\"description\":\"Leia o artigo do presidente nacional do PSOL, Juliano Medeiros.\",\"breadcrumb\":{\"@id\":\"https:\/\/psol50.org.br\/juliano-medeiros-algo-esta-acontecendo-na-juventude\/#breadcrumb\"},\"inLanguage\":\"pt-BR\",\"potentialAction\":[{\"@type\":\"ReadAction\",\"target\":[\"https:\/\/psol50.org.br\/juliano-medeiros-algo-esta-acontecendo-na-juventude\/\"]}]},{\"@type\":\"ImageObject\",\"inLanguage\":\"pt-BR\",\"@id\":\"https:\/\/psol50.org.br\/juliano-medeiros-algo-esta-acontecendo-na-juventude\/#primaryimage\",\"url\":\"https:\/\/psol50.org.br\/inc\/uploads\/2019\/05\/photo5972902468000000434.jpg\",\"contentUrl\":\"https:\/\/psol50.org.br\/inc\/uploads\/2019\/05\/photo5972902468000000434.jpg\",\"width\":750,\"height\":500},{\"@type\":\"BreadcrumbList\",\"@id\":\"https:\/\/psol50.org.br\/juliano-medeiros-algo-esta-acontecendo-na-juventude\/#breadcrumb\",\"itemListElement\":[{\"@type\":\"ListItem\",\"position\":1,\"name\":\"In\u00edcio\",\"item\":\"https:\/\/psol50.org.br\/\"},{\"@type\":\"ListItem\",\"position\":2,\"name\":\"Juliano Medeiros | Algo est\u00e1 acontecendo na juventude\"}]},{\"@type\":\"WebSite\",\"@id\":\"https:\/\/psol50.org.br\/#website\",\"url\":\"https:\/\/psol50.org.br\/\",\"name\":\"PSOL 50\",\"description\":\"Site oficial do Partido Socialismo e Liberdade\",\"publisher\":{\"@id\":\"https:\/\/psol50.org.br\/#organization\"},\"alternateName\":\"PSOL50\",\"potentialAction\":[{\"@type\":\"SearchAction\",\"target\":{\"@type\":\"EntryPoint\",\"urlTemplate\":\"https:\/\/psol50.org.br\/?s={search_term_string}\"},\"query-input\":{\"@type\":\"PropertyValueSpecification\",\"valueRequired\":true,\"valueName\":\"search_term_string\"}}],\"inLanguage\":\"pt-BR\"},{\"@type\":\"Organization\",\"@id\":\"https:\/\/psol50.org.br\/#organization\",\"name\":\"PSOL 50\",\"alternateName\":\"PSOL 50\",\"url\":\"https:\/\/psol50.org.br\/\",\"logo\":{\"@type\":\"ImageObject\",\"inLanguage\":\"pt-BR\",\"@id\":\"https:\/\/psol50.org.br\/#\/schema\/logo\/image\/\",\"url\":\"https:\/\/psol50.org.br\/inc\/uploads\/2018\/07\/capa.png\",\"contentUrl\":\"https:\/\/psol50.org.br\/inc\/uploads\/2018\/07\/capa.png\",\"width\":1350,\"height\":900,\"caption\":\"PSOL 50\"},\"image\":{\"@id\":\"https:\/\/psol50.org.br\/#\/schema\/logo\/image\/\"},\"sameAs\":[\"https:\/\/www.facebook.com\/psol50\",\"https:\/\/x.com\/psol50\",\"https:\/\/www.instagram.com\/psol50\/\",\"https:\/\/www.youtube.com\/channel\/UC7SnJS5o1os7a6CaiNabzcg\"]},{\"@type\":\"Person\",\"@id\":\"https:\/\/psol50.org.br\/#\/schema\/person\/475dfa57d0b815993c714c2e96491fcd\",\"name\":\"Comunica\u00e7\u00e3o PSOL\",\"image\":{\"@type\":\"ImageObject\",\"inLanguage\":\"pt-BR\",\"@id\":\"https:\/\/psol50.org.br\/#\/schema\/person\/image\/\",\"url\":\"https:\/\/secure.gravatar.com\/avatar\/b34fc4f4e468a4e51785917065a3db57b841f5c95dba6ad8c73aaf8f66f8f9bf?s=96&d=mm&r=g\",\"contentUrl\":\"https:\/\/secure.gravatar.com\/avatar\/b34fc4f4e468a4e51785917065a3db57b841f5c95dba6ad8c73aaf8f66f8f9bf?s=96&d=mm&r=g\",\"caption\":\"Comunica\u00e7\u00e3o PSOL\"}}]}<\/script>\n<!-- \/ Yoast SEO plugin. -->","yoast_head_json":{"title":"Juliano Medeiros | Algo est\u00e1 acontecendo na juventude","description":"Leia o artigo do presidente nacional do PSOL, Juliano Medeiros.","robots":{"index":"index","follow":"follow","max-snippet":"max-snippet:-1","max-image-preview":"max-image-preview:large","max-video-preview":"max-video-preview:-1"},"canonical":"https:\/\/psol50.org.br\/juliano-medeiros-algo-esta-acontecendo-na-juventude\/","og_locale":"pt_BR","og_type":"article","og_title":"Algo est\u00e1 acontecendo na juventude","og_description":"Leia o artigo do presidente nacional do PSOL, Juliano Medeiros.","og_url":"https:\/\/psol50.org.br\/juliano-medeiros-algo-esta-acontecendo-na-juventude\/","og_site_name":"PSOL 50","article_publisher":"https:\/\/www.facebook.com\/psol50","article_published_time":"2019-07-19T19:03:07+00:00","og_image":[{"width":750,"height":500,"url":"https:\/\/psol50.org.br\/inc\/uploads\/2019\/05\/photo5972902468000000434.jpg","type":"image\/jpeg"}],"author":"Comunica\u00e7\u00e3o PSOL","twitter_card":"summary_large_image","twitter_title":"Algo est\u00e1 acontecendo na juventude","twitter_description":"Leia o artigo do presidente nacional do PSOL, Juliano Medeiros.","twitter_image":"https:\/\/psol50.org.br\/inc\/uploads\/2019\/05\/photo5972902468000000434.jpg","twitter_creator":"@psol50","twitter_site":"@psol50","twitter_misc":{"Escrito por":"Comunica\u00e7\u00e3o PSOL","Est. tempo de leitura":"5 minutos"},"schema":{"@context":"https:\/\/schema.org","@graph":[{"@type":"Article","@id":"https:\/\/psol50.org.br\/juliano-medeiros-algo-esta-acontecendo-na-juventude\/#article","isPartOf":{"@id":"https:\/\/psol50.org.br\/juliano-medeiros-algo-esta-acontecendo-na-juventude\/"},"author":{"name":"Comunica\u00e7\u00e3o PSOL","@id":"https:\/\/psol50.org.br\/#\/schema\/person\/475dfa57d0b815993c714c2e96491fcd"},"headline":"Juliano Medeiros | Algo est\u00e1 acontecendo na juventude","datePublished":"2019-07-19T19:03:07+00:00","mainEntityOfPage":{"@id":"https:\/\/psol50.org.br\/juliano-medeiros-algo-esta-acontecendo-na-juventude\/"},"wordCount":1093,"publisher":{"@id":"https:\/\/psol50.org.br\/#organization"},"image":{"@id":"https:\/\/psol50.org.br\/juliano-medeiros-algo-esta-acontecendo-na-juventude\/#primaryimage"},"thumbnailUrl":"https:\/\/psol50.org.br\/inc\/uploads\/2019\/05\/photo5972902468000000434.jpg","keywords":["Juliano Medeiros","juventude","movimentos sociais"],"articleSection":["Not\u00edcias"],"inLanguage":"pt-BR"},{"@type":"WebPage","@id":"https:\/\/psol50.org.br\/juliano-medeiros-algo-esta-acontecendo-na-juventude\/","url":"https:\/\/psol50.org.br\/juliano-medeiros-algo-esta-acontecendo-na-juventude\/","name":"Juliano Medeiros | Algo est\u00e1 acontecendo na juventude","isPartOf":{"@id":"https:\/\/psol50.org.br\/#website"},"primaryImageOfPage":{"@id":"https:\/\/psol50.org.br\/juliano-medeiros-algo-esta-acontecendo-na-juventude\/#primaryimage"},"image":{"@id":"https:\/\/psol50.org.br\/juliano-medeiros-algo-esta-acontecendo-na-juventude\/#primaryimage"},"thumbnailUrl":"https:\/\/psol50.org.br\/inc\/uploads\/2019\/05\/photo5972902468000000434.jpg","datePublished":"2019-07-19T19:03:07+00:00","description":"Leia o artigo do presidente nacional do PSOL, Juliano Medeiros.","breadcrumb":{"@id":"https:\/\/psol50.org.br\/juliano-medeiros-algo-esta-acontecendo-na-juventude\/#breadcrumb"},"inLanguage":"pt-BR","potentialAction":[{"@type":"ReadAction","target":["https:\/\/psol50.org.br\/juliano-medeiros-algo-esta-acontecendo-na-juventude\/"]}]},{"@type":"ImageObject","inLanguage":"pt-BR","@id":"https:\/\/psol50.org.br\/juliano-medeiros-algo-esta-acontecendo-na-juventude\/#primaryimage","url":"https:\/\/psol50.org.br\/inc\/uploads\/2019\/05\/photo5972902468000000434.jpg","contentUrl":"https:\/\/psol50.org.br\/inc\/uploads\/2019\/05\/photo5972902468000000434.jpg","width":750,"height":500},{"@type":"BreadcrumbList","@id":"https:\/\/psol50.org.br\/juliano-medeiros-algo-esta-acontecendo-na-juventude\/#breadcrumb","itemListElement":[{"@type":"ListItem","position":1,"name":"In\u00edcio","item":"https:\/\/psol50.org.br\/"},{"@type":"ListItem","position":2,"name":"Juliano Medeiros | Algo est\u00e1 acontecendo na juventude"}]},{"@type":"WebSite","@id":"https:\/\/psol50.org.br\/#website","url":"https:\/\/psol50.org.br\/","name":"PSOL 50","description":"Site oficial do Partido Socialismo e Liberdade","publisher":{"@id":"https:\/\/psol50.org.br\/#organization"},"alternateName":"PSOL50","potentialAction":[{"@type":"SearchAction","target":{"@type":"EntryPoint","urlTemplate":"https:\/\/psol50.org.br\/?s={search_term_string}"},"query-input":{"@type":"PropertyValueSpecification","valueRequired":true,"valueName":"search_term_string"}}],"inLanguage":"pt-BR"},{"@type":"Organization","@id":"https:\/\/psol50.org.br\/#organization","name":"PSOL 50","alternateName":"PSOL 50","url":"https:\/\/psol50.org.br\/","logo":{"@type":"ImageObject","inLanguage":"pt-BR","@id":"https:\/\/psol50.org.br\/#\/schema\/logo\/image\/","url":"https:\/\/psol50.org.br\/inc\/uploads\/2018\/07\/capa.png","contentUrl":"https:\/\/psol50.org.br\/inc\/uploads\/2018\/07\/capa.png","width":1350,"height":900,"caption":"PSOL 50"},"image":{"@id":"https:\/\/psol50.org.br\/#\/schema\/logo\/image\/"},"sameAs":["https:\/\/www.facebook.com\/psol50","https:\/\/x.com\/psol50","https:\/\/www.instagram.com\/psol50\/","https:\/\/www.youtube.com\/channel\/UC7SnJS5o1os7a6CaiNabzcg"]},{"@type":"Person","@id":"https:\/\/psol50.org.br\/#\/schema\/person\/475dfa57d0b815993c714c2e96491fcd","name":"Comunica\u00e7\u00e3o PSOL","image":{"@type":"ImageObject","inLanguage":"pt-BR","@id":"https:\/\/psol50.org.br\/#\/schema\/person\/image\/","url":"https:\/\/secure.gravatar.com\/avatar\/b34fc4f4e468a4e51785917065a3db57b841f5c95dba6ad8c73aaf8f66f8f9bf?s=96&d=mm&r=g","contentUrl":"https:\/\/secure.gravatar.com\/avatar\/b34fc4f4e468a4e51785917065a3db57b841f5c95dba6ad8c73aaf8f66f8f9bf?s=96&d=mm&r=g","caption":"Comunica\u00e7\u00e3o PSOL"}}]}},"_links":{"self":[{"href":"https:\/\/psol50.org.br\/rest\/wp\/v2\/posts\/25972","targetHints":{"allow":["GET"]}}],"collection":[{"href":"https:\/\/psol50.org.br\/rest\/wp\/v2\/posts"}],"about":[{"href":"https:\/\/psol50.org.br\/rest\/wp\/v2\/types\/post"}],"author":[{"embeddable":true,"href":"https:\/\/psol50.org.br\/rest\/wp\/v2\/users\/2"}],"replies":[{"embeddable":true,"href":"https:\/\/psol50.org.br\/rest\/wp\/v2\/comments?post=25972"}],"version-history":[{"count":0,"href":"https:\/\/psol50.org.br\/rest\/wp\/v2\/posts\/25972\/revisions"}],"wp:featuredmedia":[{"embeddable":true,"href":"https:\/\/psol50.org.br\/rest\/wp\/v2\/media\/25183"}],"wp:attachment":[{"href":"https:\/\/psol50.org.br\/rest\/wp\/v2\/media?parent=25972"}],"wp:term":[{"taxonomy":"category","embeddable":true,"href":"https:\/\/psol50.org.br\/rest\/wp\/v2\/categories?post=25972"},{"taxonomy":"post_tag","embeddable":true,"href":"https:\/\/psol50.org.br\/rest\/wp\/v2\/tags?post=25972"}],"curies":[{"name":"wp","href":"https:\/\/api.w.org\/{rel}","templated":true}]}}