{"id":25997,"date":"2019-07-22T19:33:35","date_gmt":"2019-07-22T22:33:35","guid":{"rendered":"http:\/\/psol50.org.br\/?p=25997"},"modified":"2019-07-22T19:33:35","modified_gmt":"2019-07-22T22:33:35","slug":"autoridades-de-ocupacao-marroquina-matam-uma-jovem-e-ferem-dezenas","status":"publish","type":"post","link":"https:\/\/psol50.org.br\/autoridades-de-ocupacao-marroquina-matam-uma-jovem-e-ferem-dezenas\/","title":{"rendered":"Autoridades de ocupa\u00e7\u00e3o marroquina matam uma jovem e ferem dezenas"},"content":{"rendered":"<p><a href=\"https:\/\/porunsaharalibre.org\/pt\/2019\/07\/20\/las-fuerzas-de-ocupacion-marroquies-matan-a-una-joven-saharaui-y-dejan-decenas-de-heridos\/\" target=\"_blank\" rel=\"noopener noreferrer\"><strong>Originalmente publicado no site <em>Por un Sahara libre<\/em><\/strong><\/a><\/p>\n<p>Durante a noite e madrugada de 19\/20 Julho as autoridades de ocupa\u00e7\u00e3o marroquinas investiram brutalmente contra a popula\u00e7\u00e3o saharaui que saiu \u00e0s ruas ap\u00f3s a vit\u00f3ria da equipa da Arg\u00e9lia na CAN (Copa Africana de Na\u00e7\u00f5es).<\/p>\n<p>A jovem Sabah ment Ozman de 23 anos foi atropelada por um ve\u00edculo das for\u00e7as de ocupa\u00e7\u00e3o na Avenida Smara em El Aaiun, tendo tido morte imediata. Passava pouco da uma da manh\u00e3 quando a noticia da morte da jovem foi divulgada nas redes sociais e confirmada pouco tempo depois ao PUSL por fontes no terreno membros da Nushatta Foundation e Codapso.<\/p>\n<p>Os relatos de ataques da policia continuaram durante toda a noite. O n\u00famero de feridos n\u00e3o est\u00e1 contabilizado. Crian\u00e7as e jovens que enchiam as ruas para celebrar a vit\u00f3ria Argelina e exigir tamb\u00e9m a independ\u00eancia do Sahara n\u00e3o foram poupadas.<\/p>\n<p>\u201cEst\u00e3o a usar balas, estou a ouvir os tiros!\u2026 v\u00ea o que acontece ? Assim que estamos um momento felizes os Marroquinos destruem tudo! Mataram uma rapariga e partiram os nossos cora\u00e7\u00f5es! Diz M., aluno do ensino secund\u00e1rio.<\/p>\n<p>\u201cMilhares nas ruas, toda a gente est\u00e1 nas ruas, estamos a celebrar a vit\u00f3ria dos nossos irm\u00e3os e a exigir a nossa independ\u00eancia! Aqui n\u00e3o h\u00e1 direitos humanos, aqui o que h\u00e1 \u00e9 ocupa\u00e7\u00e3o! Mataram esta rapariga, mais uma na longa lista de assassinatos, acha que algu\u00e9m vai fazer alguma coisa? Ningu\u00e9m nos v\u00ea ningu\u00e9m nos ajuda! V\u00e3o matar-nos a todos de uma forma ou outra, isto n\u00e3o pode continuar\u201d diz S, uma jovem estudante de El Aaiun.<\/p>\n<p>Videos de Dakhla, outra cidade dos territ\u00f3rios ocupados do Sahara Ocidental, mostram que houve manifesta\u00e7\u00f5es e celebra\u00e7\u00f5es da vit\u00f3ria Argelina em todo o lado.<\/p>\n<p>Durante toda a noite n\u00e3o foi visto um carro da MINURSO, miss\u00e3o das Na\u00e7\u00f5es Unidas para o Sahara Ocidental, que n\u00e3o tem no seu mandato a protec\u00e7\u00e3o da popula\u00e7\u00e3o saharaui. A MINURSO deve assegurar e monitorizar o respeito do acordo de cessar fogo acordado entre as partes. Apesar da utiliza\u00e7\u00e3o de armas contra a popula\u00e7\u00e3o ser uma viola\u00e7\u00e3o do cessar fogo Marrocos n\u00e3o sofre qualquer san\u00e7\u00e3o. A MINURSO curiosamente nunca interv\u00e9m quando se trata de ataques \u00e0 popula\u00e7\u00e3o civil saharaui no quadro da viola\u00e7\u00e3o do cessar fogo, como foi o caso do brutal desmantelamento do acampamento de protesto pacifico, Gdeim Izik em 2010.<\/p>\n<p>Por cada saharaui estima-se que existam entre 10 a 15 membros das v\u00e1rias for\u00e7as de ocupa\u00e7\u00e3o marroquinas no territ\u00f3rio, n\u00e3o contando com os colonos marroquinos. A popula\u00e7\u00e3o n\u00e3o disp\u00f5e de qualquer meio de defesa contra a brutal repress\u00e3o di\u00e1ria a que est\u00e1 submetida e tem resistido de forma n\u00e3o violenta desde o cessar-fogo em 1991, aguardando o referendo prometido, mas boicotado por Marrocos.<\/p>\n<p>A paci\u00eancia dos saharauis est\u00e1 no limite e as sucessivas manobras das Na\u00e7\u00f5es Unidas e sil\u00eancio da comunidade internacional s\u00e3o lenha para uma revolta enorme numa regi\u00e3o j\u00e1 de si conturbada.<\/p>\n<p>O PSOL manifestou sua solidariedade \u00e0 luta pela liberdade do povo sahauri. &#8220;A repress\u00e3o do Reino do Marrocos contra o povo saharaui em territ\u00f3rio ocupado ilegalmente \u00e9 um ato covarde&#8221;, afirmou o presidente do PSOL, Juliano Medeiros. &#8220;O PSOL se solidariza com todos os lutadores e lutadoras do Saara Ocidental&#8221;.<\/p>\n","protected":false},"excerpt":{"rendered":"<p>Originalmente publicado no site Por un Sahara libre Durante a noite e madrugada de 19\/20 Julho as autoridades de ocupa\u00e7\u00e3o marroquinas investiram brutalmente contra a popula\u00e7\u00e3o saharaui que saiu \u00e0s ruas ap\u00f3s a vit\u00f3ria da equipa da Arg\u00e9lia na CAN (Copa Africana de Na\u00e7\u00f5es). A jovem Sabah ment Ozman de 23 anos foi atropelada por [&hellip;]<\/p>\n","protected":false},"author":2,"featured_media":25999,"comment_status":"closed","ping_status":"open","sticky":false,"template":"","format":"standard","meta":{"_acf_changed":false,"footnotes":""},"categories":[836,6],"tags":[],"class_list":{"0":"post-25997","1":"post","2":"type-post","3":"status-publish","4":"format-standard","5":"has-post-thumbnail","7":"category-internacional","8":"category-noticias"},"acf":[],"yoast_head":"<!-- This site is optimized with the Yoast SEO plugin v26.5 - https:\/\/yoast.com\/wordpress\/plugins\/seo\/ -->\n<title>Autoridades de ocupa\u00e7\u00e3o marroquina matam uma jovem e ferem dezenas<\/title>\n<meta name=\"robots\" content=\"index, follow, max-snippet:-1, max-image-preview:large, max-video-preview:-1\" \/>\n<link rel=\"canonical\" href=\"https:\/\/psol50.org.br\/autoridades-de-ocupacao-marroquina-matam-uma-jovem-e-ferem-dezenas\/\" \/>\n<meta property=\"og:locale\" content=\"pt_BR\" \/>\n<meta property=\"og:type\" content=\"article\" \/>\n<meta property=\"og:title\" content=\"Autoridades de ocupa\u00e7\u00e3o marroquina matam uma jovem e ferem dezenas\" \/>\n<meta property=\"og:description\" content=\"O PSOL se solidariza com a luta pela liberdade do povo sahauri.\" \/>\n<meta property=\"og:url\" content=\"https:\/\/psol50.org.br\/autoridades-de-ocupacao-marroquina-matam-uma-jovem-e-ferem-dezenas\/\" \/>\n<meta property=\"og:site_name\" content=\"PSOL 50\" \/>\n<meta property=\"article:publisher\" content=\"https:\/\/www.facebook.com\/psol50\" \/>\n<meta property=\"article:published_time\" content=\"2019-07-22T22:33:35+00:00\" \/>\n<meta property=\"og:image\" content=\"https:\/\/psol50.org.br\/inc\/uploads\/2019\/07\/celebracion-aaiun-victoria-argelia.png\" \/>\n\t<meta property=\"og:image:width\" content=\"719\" \/>\n\t<meta property=\"og:image:height\" content=\"368\" \/>\n\t<meta property=\"og:image:type\" content=\"image\/png\" \/>\n<meta name=\"author\" content=\"Comunica\u00e7\u00e3o PSOL\" \/>\n<meta name=\"twitter:card\" content=\"summary_large_image\" \/>\n<meta name=\"twitter:title\" content=\"Autoridades de ocupa\u00e7\u00e3o marroquina matam uma jovem e ferem dezenas\" \/>\n<meta name=\"twitter:description\" content=\"O PSOL se solidariza com a luta pela liberdade do povo sahauri.\" \/>\n<meta name=\"twitter:image\" content=\"https:\/\/psol50.org.br\/inc\/uploads\/2019\/07\/celebracion-aaiun-victoria-argelia.png\" \/>\n<meta name=\"twitter:creator\" content=\"@psol50\" \/>\n<meta name=\"twitter:site\" content=\"@psol50\" \/>\n<meta name=\"twitter:label1\" content=\"Escrito por\" \/>\n\t<meta name=\"twitter:data1\" content=\"Comunica\u00e7\u00e3o PSOL\" \/>\n\t<meta name=\"twitter:label2\" content=\"Est. tempo de leitura\" \/>\n\t<meta name=\"twitter:data2\" content=\"3 minutos\" \/>\n<script type=\"application\/ld+json\" class=\"yoast-schema-graph\">{\"@context\":\"https:\/\/schema.org\",\"@graph\":[{\"@type\":\"Article\",\"@id\":\"https:\/\/psol50.org.br\/autoridades-de-ocupacao-marroquina-matam-uma-jovem-e-ferem-dezenas\/#article\",\"isPartOf\":{\"@id\":\"https:\/\/psol50.org.br\/autoridades-de-ocupacao-marroquina-matam-uma-jovem-e-ferem-dezenas\/\"},\"author\":{\"name\":\"Comunica\u00e7\u00e3o PSOL\",\"@id\":\"https:\/\/psol50.org.br\/#\/schema\/person\/475dfa57d0b815993c714c2e96491fcd\"},\"headline\":\"Autoridades de ocupa\u00e7\u00e3o marroquina matam uma jovem e ferem dezenas\",\"datePublished\":\"2019-07-22T22:33:35+00:00\",\"mainEntityOfPage\":{\"@id\":\"https:\/\/psol50.org.br\/autoridades-de-ocupacao-marroquina-matam-uma-jovem-e-ferem-dezenas\/\"},\"wordCount\":598,\"publisher\":{\"@id\":\"https:\/\/psol50.org.br\/#organization\"},\"image\":{\"@id\":\"https:\/\/psol50.org.br\/autoridades-de-ocupacao-marroquina-matam-uma-jovem-e-ferem-dezenas\/#primaryimage\"},\"thumbnailUrl\":\"https:\/\/psol50.org.br\/inc\/uploads\/2019\/07\/celebracion-aaiun-victoria-argelia.png\",\"articleSection\":[\"Internacional\",\"Not\u00edcias\"],\"inLanguage\":\"pt-BR\"},{\"@type\":\"WebPage\",\"@id\":\"https:\/\/psol50.org.br\/autoridades-de-ocupacao-marroquina-matam-uma-jovem-e-ferem-dezenas\/\",\"url\":\"https:\/\/psol50.org.br\/autoridades-de-ocupacao-marroquina-matam-uma-jovem-e-ferem-dezenas\/\",\"name\":\"Autoridades de ocupa\u00e7\u00e3o marroquina matam uma jovem e ferem dezenas\",\"isPartOf\":{\"@id\":\"https:\/\/psol50.org.br\/#website\"},\"primaryImageOfPage\":{\"@id\":\"https:\/\/psol50.org.br\/autoridades-de-ocupacao-marroquina-matam-uma-jovem-e-ferem-dezenas\/#primaryimage\"},\"image\":{\"@id\":\"https:\/\/psol50.org.br\/autoridades-de-ocupacao-marroquina-matam-uma-jovem-e-ferem-dezenas\/#primaryimage\"},\"thumbnailUrl\":\"https:\/\/psol50.org.br\/inc\/uploads\/2019\/07\/celebracion-aaiun-victoria-argelia.png\",\"datePublished\":\"2019-07-22T22:33:35+00:00\",\"breadcrumb\":{\"@id\":\"https:\/\/psol50.org.br\/autoridades-de-ocupacao-marroquina-matam-uma-jovem-e-ferem-dezenas\/#breadcrumb\"},\"inLanguage\":\"pt-BR\",\"potentialAction\":[{\"@type\":\"ReadAction\",\"target\":[\"https:\/\/psol50.org.br\/autoridades-de-ocupacao-marroquina-matam-uma-jovem-e-ferem-dezenas\/\"]}]},{\"@type\":\"ImageObject\",\"inLanguage\":\"pt-BR\",\"@id\":\"https:\/\/psol50.org.br\/autoridades-de-ocupacao-marroquina-matam-uma-jovem-e-ferem-dezenas\/#primaryimage\",\"url\":\"https:\/\/psol50.org.br\/inc\/uploads\/2019\/07\/celebracion-aaiun-victoria-argelia.png\",\"contentUrl\":\"https:\/\/psol50.org.br\/inc\/uploads\/2019\/07\/celebracion-aaiun-victoria-argelia.png\",\"width\":719,\"height\":368},{\"@type\":\"BreadcrumbList\",\"@id\":\"https:\/\/psol50.org.br\/autoridades-de-ocupacao-marroquina-matam-uma-jovem-e-ferem-dezenas\/#breadcrumb\",\"itemListElement\":[{\"@type\":\"ListItem\",\"position\":1,\"name\":\"In\u00edcio\",\"item\":\"https:\/\/psol50.org.br\/\"},{\"@type\":\"ListItem\",\"position\":2,\"name\":\"Autoridades de ocupa\u00e7\u00e3o marroquina matam uma jovem e ferem dezenas\"}]},{\"@type\":\"WebSite\",\"@id\":\"https:\/\/psol50.org.br\/#website\",\"url\":\"https:\/\/psol50.org.br\/\",\"name\":\"PSOL 50\",\"description\":\"Site oficial do Partido Socialismo e Liberdade\",\"publisher\":{\"@id\":\"https:\/\/psol50.org.br\/#organization\"},\"alternateName\":\"PSOL50\",\"potentialAction\":[{\"@type\":\"SearchAction\",\"target\":{\"@type\":\"EntryPoint\",\"urlTemplate\":\"https:\/\/psol50.org.br\/?s={search_term_string}\"},\"query-input\":{\"@type\":\"PropertyValueSpecification\",\"valueRequired\":true,\"valueName\":\"search_term_string\"}}],\"inLanguage\":\"pt-BR\"},{\"@type\":\"Organization\",\"@id\":\"https:\/\/psol50.org.br\/#organization\",\"name\":\"PSOL 50\",\"alternateName\":\"PSOL 50\",\"url\":\"https:\/\/psol50.org.br\/\",\"logo\":{\"@type\":\"ImageObject\",\"inLanguage\":\"pt-BR\",\"@id\":\"https:\/\/psol50.org.br\/#\/schema\/logo\/image\/\",\"url\":\"https:\/\/psol50.org.br\/inc\/uploads\/2018\/07\/capa.png\",\"contentUrl\":\"https:\/\/psol50.org.br\/inc\/uploads\/2018\/07\/capa.png\",\"width\":1350,\"height\":900,\"caption\":\"PSOL 50\"},\"image\":{\"@id\":\"https:\/\/psol50.org.br\/#\/schema\/logo\/image\/\"},\"sameAs\":[\"https:\/\/www.facebook.com\/psol50\",\"https:\/\/x.com\/psol50\",\"https:\/\/www.instagram.com\/psol50\/\",\"https:\/\/www.youtube.com\/channel\/UC7SnJS5o1os7a6CaiNabzcg\"]},{\"@type\":\"Person\",\"@id\":\"https:\/\/psol50.org.br\/#\/schema\/person\/475dfa57d0b815993c714c2e96491fcd\",\"name\":\"Comunica\u00e7\u00e3o PSOL\",\"image\":{\"@type\":\"ImageObject\",\"inLanguage\":\"pt-BR\",\"@id\":\"https:\/\/psol50.org.br\/#\/schema\/person\/image\/\",\"url\":\"https:\/\/secure.gravatar.com\/avatar\/b34fc4f4e468a4e51785917065a3db57b841f5c95dba6ad8c73aaf8f66f8f9bf?s=96&d=mm&r=g\",\"contentUrl\":\"https:\/\/secure.gravatar.com\/avatar\/b34fc4f4e468a4e51785917065a3db57b841f5c95dba6ad8c73aaf8f66f8f9bf?s=96&d=mm&r=g\",\"caption\":\"Comunica\u00e7\u00e3o PSOL\"}}]}<\/script>\n<!-- \/ Yoast SEO plugin. -->","yoast_head_json":{"title":"Autoridades de ocupa\u00e7\u00e3o marroquina matam uma jovem e ferem dezenas","robots":{"index":"index","follow":"follow","max-snippet":"max-snippet:-1","max-image-preview":"max-image-preview:large","max-video-preview":"max-video-preview:-1"},"canonical":"https:\/\/psol50.org.br\/autoridades-de-ocupacao-marroquina-matam-uma-jovem-e-ferem-dezenas\/","og_locale":"pt_BR","og_type":"article","og_title":"Autoridades de ocupa\u00e7\u00e3o marroquina matam uma jovem e ferem dezenas","og_description":"O PSOL se solidariza com a luta pela liberdade do povo sahauri.","og_url":"https:\/\/psol50.org.br\/autoridades-de-ocupacao-marroquina-matam-uma-jovem-e-ferem-dezenas\/","og_site_name":"PSOL 50","article_publisher":"https:\/\/www.facebook.com\/psol50","article_published_time":"2019-07-22T22:33:35+00:00","og_image":[{"width":719,"height":368,"url":"https:\/\/psol50.org.br\/inc\/uploads\/2019\/07\/celebracion-aaiun-victoria-argelia.png","type":"image\/png"}],"author":"Comunica\u00e7\u00e3o PSOL","twitter_card":"summary_large_image","twitter_title":"Autoridades de ocupa\u00e7\u00e3o marroquina matam uma jovem e ferem dezenas","twitter_description":"O PSOL se solidariza com a luta pela liberdade do povo sahauri.","twitter_image":"https:\/\/psol50.org.br\/inc\/uploads\/2019\/07\/celebracion-aaiun-victoria-argelia.png","twitter_creator":"@psol50","twitter_site":"@psol50","twitter_misc":{"Escrito por":"Comunica\u00e7\u00e3o PSOL","Est. tempo de leitura":"3 minutos"},"schema":{"@context":"https:\/\/schema.org","@graph":[{"@type":"Article","@id":"https:\/\/psol50.org.br\/autoridades-de-ocupacao-marroquina-matam-uma-jovem-e-ferem-dezenas\/#article","isPartOf":{"@id":"https:\/\/psol50.org.br\/autoridades-de-ocupacao-marroquina-matam-uma-jovem-e-ferem-dezenas\/"},"author":{"name":"Comunica\u00e7\u00e3o PSOL","@id":"https:\/\/psol50.org.br\/#\/schema\/person\/475dfa57d0b815993c714c2e96491fcd"},"headline":"Autoridades de ocupa\u00e7\u00e3o marroquina matam uma jovem e ferem dezenas","datePublished":"2019-07-22T22:33:35+00:00","mainEntityOfPage":{"@id":"https:\/\/psol50.org.br\/autoridades-de-ocupacao-marroquina-matam-uma-jovem-e-ferem-dezenas\/"},"wordCount":598,"publisher":{"@id":"https:\/\/psol50.org.br\/#organization"},"image":{"@id":"https:\/\/psol50.org.br\/autoridades-de-ocupacao-marroquina-matam-uma-jovem-e-ferem-dezenas\/#primaryimage"},"thumbnailUrl":"https:\/\/psol50.org.br\/inc\/uploads\/2019\/07\/celebracion-aaiun-victoria-argelia.png","articleSection":["Internacional","Not\u00edcias"],"inLanguage":"pt-BR"},{"@type":"WebPage","@id":"https:\/\/psol50.org.br\/autoridades-de-ocupacao-marroquina-matam-uma-jovem-e-ferem-dezenas\/","url":"https:\/\/psol50.org.br\/autoridades-de-ocupacao-marroquina-matam-uma-jovem-e-ferem-dezenas\/","name":"Autoridades de ocupa\u00e7\u00e3o marroquina matam uma jovem e ferem dezenas","isPartOf":{"@id":"https:\/\/psol50.org.br\/#website"},"primaryImageOfPage":{"@id":"https:\/\/psol50.org.br\/autoridades-de-ocupacao-marroquina-matam-uma-jovem-e-ferem-dezenas\/#primaryimage"},"image":{"@id":"https:\/\/psol50.org.br\/autoridades-de-ocupacao-marroquina-matam-uma-jovem-e-ferem-dezenas\/#primaryimage"},"thumbnailUrl":"https:\/\/psol50.org.br\/inc\/uploads\/2019\/07\/celebracion-aaiun-victoria-argelia.png","datePublished":"2019-07-22T22:33:35+00:00","breadcrumb":{"@id":"https:\/\/psol50.org.br\/autoridades-de-ocupacao-marroquina-matam-uma-jovem-e-ferem-dezenas\/#breadcrumb"},"inLanguage":"pt-BR","potentialAction":[{"@type":"ReadAction","target":["https:\/\/psol50.org.br\/autoridades-de-ocupacao-marroquina-matam-uma-jovem-e-ferem-dezenas\/"]}]},{"@type":"ImageObject","inLanguage":"pt-BR","@id":"https:\/\/psol50.org.br\/autoridades-de-ocupacao-marroquina-matam-uma-jovem-e-ferem-dezenas\/#primaryimage","url":"https:\/\/psol50.org.br\/inc\/uploads\/2019\/07\/celebracion-aaiun-victoria-argelia.png","contentUrl":"https:\/\/psol50.org.br\/inc\/uploads\/2019\/07\/celebracion-aaiun-victoria-argelia.png","width":719,"height":368},{"@type":"BreadcrumbList","@id":"https:\/\/psol50.org.br\/autoridades-de-ocupacao-marroquina-matam-uma-jovem-e-ferem-dezenas\/#breadcrumb","itemListElement":[{"@type":"ListItem","position":1,"name":"In\u00edcio","item":"https:\/\/psol50.org.br\/"},{"@type":"ListItem","position":2,"name":"Autoridades de ocupa\u00e7\u00e3o marroquina matam uma jovem e ferem dezenas"}]},{"@type":"WebSite","@id":"https:\/\/psol50.org.br\/#website","url":"https:\/\/psol50.org.br\/","name":"PSOL 50","description":"Site oficial do Partido Socialismo e Liberdade","publisher":{"@id":"https:\/\/psol50.org.br\/#organization"},"alternateName":"PSOL50","potentialAction":[{"@type":"SearchAction","target":{"@type":"EntryPoint","urlTemplate":"https:\/\/psol50.org.br\/?s={search_term_string}"},"query-input":{"@type":"PropertyValueSpecification","valueRequired":true,"valueName":"search_term_string"}}],"inLanguage":"pt-BR"},{"@type":"Organization","@id":"https:\/\/psol50.org.br\/#organization","name":"PSOL 50","alternateName":"PSOL 50","url":"https:\/\/psol50.org.br\/","logo":{"@type":"ImageObject","inLanguage":"pt-BR","@id":"https:\/\/psol50.org.br\/#\/schema\/logo\/image\/","url":"https:\/\/psol50.org.br\/inc\/uploads\/2018\/07\/capa.png","contentUrl":"https:\/\/psol50.org.br\/inc\/uploads\/2018\/07\/capa.png","width":1350,"height":900,"caption":"PSOL 50"},"image":{"@id":"https:\/\/psol50.org.br\/#\/schema\/logo\/image\/"},"sameAs":["https:\/\/www.facebook.com\/psol50","https:\/\/x.com\/psol50","https:\/\/www.instagram.com\/psol50\/","https:\/\/www.youtube.com\/channel\/UC7SnJS5o1os7a6CaiNabzcg"]},{"@type":"Person","@id":"https:\/\/psol50.org.br\/#\/schema\/person\/475dfa57d0b815993c714c2e96491fcd","name":"Comunica\u00e7\u00e3o PSOL","image":{"@type":"ImageObject","inLanguage":"pt-BR","@id":"https:\/\/psol50.org.br\/#\/schema\/person\/image\/","url":"https:\/\/secure.gravatar.com\/avatar\/b34fc4f4e468a4e51785917065a3db57b841f5c95dba6ad8c73aaf8f66f8f9bf?s=96&d=mm&r=g","contentUrl":"https:\/\/secure.gravatar.com\/avatar\/b34fc4f4e468a4e51785917065a3db57b841f5c95dba6ad8c73aaf8f66f8f9bf?s=96&d=mm&r=g","caption":"Comunica\u00e7\u00e3o PSOL"}}]}},"_links":{"self":[{"href":"https:\/\/psol50.org.br\/rest\/wp\/v2\/posts\/25997","targetHints":{"allow":["GET"]}}],"collection":[{"href":"https:\/\/psol50.org.br\/rest\/wp\/v2\/posts"}],"about":[{"href":"https:\/\/psol50.org.br\/rest\/wp\/v2\/types\/post"}],"author":[{"embeddable":true,"href":"https:\/\/psol50.org.br\/rest\/wp\/v2\/users\/2"}],"replies":[{"embeddable":true,"href":"https:\/\/psol50.org.br\/rest\/wp\/v2\/comments?post=25997"}],"version-history":[{"count":0,"href":"https:\/\/psol50.org.br\/rest\/wp\/v2\/posts\/25997\/revisions"}],"wp:featuredmedia":[{"embeddable":true,"href":"https:\/\/psol50.org.br\/rest\/wp\/v2\/media\/25999"}],"wp:attachment":[{"href":"https:\/\/psol50.org.br\/rest\/wp\/v2\/media?parent=25997"}],"wp:term":[{"taxonomy":"category","embeddable":true,"href":"https:\/\/psol50.org.br\/rest\/wp\/v2\/categories?post=25997"},{"taxonomy":"post_tag","embeddable":true,"href":"https:\/\/psol50.org.br\/rest\/wp\/v2\/tags?post=25997"}],"curies":[{"name":"wp","href":"https:\/\/api.w.org\/{rel}","templated":true}]}}