{"id":26001,"date":"2019-07-23T10:08:02","date_gmt":"2019-07-23T13:08:02","guid":{"rendered":"http:\/\/psol50.org.br\/?p=26001"},"modified":"2019-07-23T10:08:02","modified_gmt":"2019-07-23T13:08:02","slug":"solidariedade-ao-povo-de-porto-rico","status":"publish","type":"post","link":"https:\/\/psol50.org.br\/solidariedade-ao-povo-de-porto-rico\/","title":{"rendered":"Solidariedade ao povo de Porto Rico!"},"content":{"rendered":"<p class=\"p1\">O PSOL expressa sua solidariedade com o levante do povo de Porto Rico em sua luta contra o corrupto Governador Ricardo Rossell\u00f3. Ap\u00f3s uma semana de protestos massivos exigindo a ren\u00fancia do governador e seus assessores, a repress\u00e3o policial continua, mas os protestos crescem na capital San Juan e se estendem na ilha. Em 17 de julho, mais de 350 mil pessoas marcharam pelas ruas da capital, uma concentra\u00e7\u00e3o sem precedentes.<\/p>\n<p class=\"p1\">O levante se iniciou ap\u00f3s as pris\u00f5es de v\u00e1rias lideran\u00e7as governamentais como a ex-secret\u00e1ria<span class=\"Apple-converted-space\">\u00a0 <\/span>de Educa\u00e7\u00e3o, Julia Keleher. Keleher utilizou contratos p\u00fablicos para favorecer pessoas pr\u00f3ximas e implementou uma pol\u00edtica de privatiza\u00e7\u00e3o do sistema de educa\u00e7\u00e3o p\u00fablica, al\u00e9m de promover o fechamento de mais de 400 escolas.<\/p>\n<p class=\"p1\">Neste cen\u00e1rio, o estopim da revolta foi o vazamento de mensagens nas quais o Governador Rossell\u00f3 e funcion\u00e1rios de sua administra\u00e7\u00e3o e alguns assessores revelam uma grande quantidade de delitos como obstru\u00e7\u00e3o da justi\u00e7a, despedir pessoas por raz\u00f5es pol\u00edticas, retaliar l\u00edderes de oposi\u00e7\u00e3o, usar fundos p\u00fablicos para fins privados, entre outros. Tudo isso permeados por mensagens machistas, homof\u00f3bicas e racistas dos participantes, exemplificando a mentalidade daqueles que governam o pa\u00eds como se fosse sua propriedade privada, com desprezo total pela popula\u00e7\u00e3o, ainda que publicamente se apresentem como o contr\u00e1rio.<\/p>\n<p class=\"p1\">O PSOL declara todo apoio ao povo porto-riquenho que se levanta, e se re\u00fane na solidariedade internacional em defesa das manifesta\u00e7\u00f5es democr\u00e1ticas, contra a repress\u00e3o realizada pelo governo Rossell\u00f3 e exigindo sua sa\u00edda do cargo.<\/p>\n<p class=\"p1\">Expressamos nossa admira\u00e7\u00e3o pela luta persistente do povo de Porto Rico, exemplo para as lutas do mundo. Exigimos a liberta\u00e7\u00e3o das pessoas detidas ou acusadas como resultado de participa\u00e7\u00e3o nesta resist\u00eancia. Nos unimos ao chamado \u00e0 ren\u00fancia imediata do Governador Ricardo Rossell\u00f3.<\/p>\n<p class=\"p1\">Porto Rico se levanta!<br \/>\nTodo apoio desde o Brasil!<\/p>\n<p><em><strong>Executiva Nacional do PSOL<br \/>\n23 de julho de 2019<\/strong><\/em><\/p>\n","protected":false},"excerpt":{"rendered":"<p>O PSOL expressa sua solidariedade com o levante do povo de Porto Rico em sua luta contra o corrupto Governador Ricardo Rossell\u00f3. Ap\u00f3s uma semana de protestos massivos exigindo a ren\u00fancia do governador e seus assessores, a repress\u00e3o policial continua, mas os protestos crescem na capital San Juan e se estendem na ilha. Em 17 [&hellip;]<\/p>\n","protected":false},"author":2,"featured_media":26004,"comment_status":"closed","ping_status":"open","sticky":false,"template":"","format":"standard","meta":{"_acf_changed":false,"footnotes":""},"categories":[20,6],"tags":[1216,1930,19,1931,22,1932],"class_list":{"0":"post-26001","1":"post","2":"type-post","3":"status-publish","4":"format-standard","5":"has-post-thumbnail","7":"category-notas","8":"category-noticias","9":"tag-internacional","10":"tag-levante","11":"tag-nota","12":"tag-porto-rico","13":"tag-psol","14":"tag-ricardo-rossello"},"acf":[],"yoast_head":"<!-- This site is optimized with the Yoast SEO plugin v26.5 - https:\/\/yoast.com\/wordpress\/plugins\/seo\/ -->\n<title>Solidariedade ao povo de Porto Rico! - PSOL 50<\/title>\n<meta name=\"description\" content=\"Nos unimos ao chamado \u00e0 ren\u00fancia imediata do Governador Ricardo Rossell\u00f3.\" \/>\n<meta name=\"robots\" content=\"index, follow, max-snippet:-1, max-image-preview:large, max-video-preview:-1\" \/>\n<link rel=\"canonical\" href=\"https:\/\/psol50.org.br\/solidariedade-ao-povo-de-porto-rico\/\" \/>\n<meta property=\"og:locale\" content=\"pt_BR\" \/>\n<meta property=\"og:type\" content=\"article\" \/>\n<meta property=\"og:title\" content=\"Solidariedade ao povo de Porto Rico!\" \/>\n<meta property=\"og:description\" content=\"Nos unimos ao chamado \u00e0 ren\u00fancia imediata do Governador Ricardo Rossell\u00f3\" \/>\n<meta property=\"og:url\" content=\"https:\/\/psol50.org.br\/solidariedade-ao-povo-de-porto-rico\/\" \/>\n<meta property=\"og:site_name\" content=\"PSOL 50\" \/>\n<meta property=\"article:publisher\" content=\"https:\/\/www.facebook.com\/psol50\" \/>\n<meta property=\"article:published_time\" content=\"2019-07-23T13:08:02+00:00\" \/>\n<meta property=\"og:image\" content=\"https:\/\/psol50.org.br\/inc\/uploads\/2019\/07\/photo_2019-07-23-10.42.47.jpeg\" \/>\n\t<meta property=\"og:image:width\" content=\"1080\" \/>\n\t<meta property=\"og:image:height\" content=\"721\" \/>\n\t<meta property=\"og:image:type\" content=\"image\/jpeg\" \/>\n<meta name=\"author\" content=\"Comunica\u00e7\u00e3o PSOL\" \/>\n<meta name=\"twitter:card\" content=\"summary_large_image\" \/>\n<meta name=\"twitter:title\" content=\"Solidariedade ao povo de Porto Rico!\" \/>\n<meta name=\"twitter:description\" content=\"Nos unimos ao chamado \u00e0 ren\u00fancia imediata do Governador Ricardo Rossell\u00f3\" \/>\n<meta name=\"twitter:image\" content=\"https:\/\/psol50.org.br\/inc\/uploads\/2019\/07\/photo_2019-07-23-10.42.47.jpeg\" \/>\n<meta name=\"twitter:creator\" content=\"@psol50\" \/>\n<meta name=\"twitter:site\" content=\"@psol50\" \/>\n<meta name=\"twitter:label1\" content=\"Escrito por\" \/>\n\t<meta name=\"twitter:data1\" content=\"Comunica\u00e7\u00e3o PSOL\" \/>\n\t<meta name=\"twitter:label2\" content=\"Est. tempo de leitura\" \/>\n\t<meta name=\"twitter:data2\" content=\"2 minutos\" \/>\n<script type=\"application\/ld+json\" class=\"yoast-schema-graph\">{\"@context\":\"https:\/\/schema.org\",\"@graph\":[{\"@type\":\"Article\",\"@id\":\"https:\/\/psol50.org.br\/solidariedade-ao-povo-de-porto-rico\/#article\",\"isPartOf\":{\"@id\":\"https:\/\/psol50.org.br\/solidariedade-ao-povo-de-porto-rico\/\"},\"author\":{\"name\":\"Comunica\u00e7\u00e3o PSOL\",\"@id\":\"https:\/\/psol50.org.br\/#\/schema\/person\/475dfa57d0b815993c714c2e96491fcd\"},\"headline\":\"Solidariedade ao povo de Porto Rico!\",\"datePublished\":\"2019-07-23T13:08:02+00:00\",\"mainEntityOfPage\":{\"@id\":\"https:\/\/psol50.org.br\/solidariedade-ao-povo-de-porto-rico\/\"},\"wordCount\":343,\"publisher\":{\"@id\":\"https:\/\/psol50.org.br\/#organization\"},\"image\":{\"@id\":\"https:\/\/psol50.org.br\/solidariedade-ao-povo-de-porto-rico\/#primaryimage\"},\"thumbnailUrl\":\"https:\/\/psol50.org.br\/inc\/uploads\/2019\/07\/photo_2019-07-23-10.42.47.jpeg\",\"keywords\":[\"Internacional\",\"levante\",\"nota\",\"porto rico\",\"PSOL\",\"ricardo rossello\"],\"articleSection\":[\"Notas\",\"Not\u00edcias\"],\"inLanguage\":\"pt-BR\"},{\"@type\":\"WebPage\",\"@id\":\"https:\/\/psol50.org.br\/solidariedade-ao-povo-de-porto-rico\/\",\"url\":\"https:\/\/psol50.org.br\/solidariedade-ao-povo-de-porto-rico\/\",\"name\":\"Solidariedade ao povo de Porto Rico! - PSOL 50\",\"isPartOf\":{\"@id\":\"https:\/\/psol50.org.br\/#website\"},\"primaryImageOfPage\":{\"@id\":\"https:\/\/psol50.org.br\/solidariedade-ao-povo-de-porto-rico\/#primaryimage\"},\"image\":{\"@id\":\"https:\/\/psol50.org.br\/solidariedade-ao-povo-de-porto-rico\/#primaryimage\"},\"thumbnailUrl\":\"https:\/\/psol50.org.br\/inc\/uploads\/2019\/07\/photo_2019-07-23-10.42.47.jpeg\",\"datePublished\":\"2019-07-23T13:08:02+00:00\",\"description\":\"Nos unimos ao chamado \u00e0 ren\u00fancia imediata do Governador Ricardo Rossell\u00f3.\",\"breadcrumb\":{\"@id\":\"https:\/\/psol50.org.br\/solidariedade-ao-povo-de-porto-rico\/#breadcrumb\"},\"inLanguage\":\"pt-BR\",\"potentialAction\":[{\"@type\":\"ReadAction\",\"target\":[\"https:\/\/psol50.org.br\/solidariedade-ao-povo-de-porto-rico\/\"]}]},{\"@type\":\"ImageObject\",\"inLanguage\":\"pt-BR\",\"@id\":\"https:\/\/psol50.org.br\/solidariedade-ao-povo-de-porto-rico\/#primaryimage\",\"url\":\"https:\/\/psol50.org.br\/inc\/uploads\/2019\/07\/photo_2019-07-23-10.42.47.jpeg\",\"contentUrl\":\"https:\/\/psol50.org.br\/inc\/uploads\/2019\/07\/photo_2019-07-23-10.42.47.jpeg\",\"width\":1080,\"height\":721,\"caption\":\"Foto: Victor Herege\"},{\"@type\":\"BreadcrumbList\",\"@id\":\"https:\/\/psol50.org.br\/solidariedade-ao-povo-de-porto-rico\/#breadcrumb\",\"itemListElement\":[{\"@type\":\"ListItem\",\"position\":1,\"name\":\"In\u00edcio\",\"item\":\"https:\/\/psol50.org.br\/\"},{\"@type\":\"ListItem\",\"position\":2,\"name\":\"Solidariedade ao povo de Porto Rico!\"}]},{\"@type\":\"WebSite\",\"@id\":\"https:\/\/psol50.org.br\/#website\",\"url\":\"https:\/\/psol50.org.br\/\",\"name\":\"PSOL 50\",\"description\":\"Site oficial do Partido Socialismo e Liberdade\",\"publisher\":{\"@id\":\"https:\/\/psol50.org.br\/#organization\"},\"alternateName\":\"PSOL50\",\"potentialAction\":[{\"@type\":\"SearchAction\",\"target\":{\"@type\":\"EntryPoint\",\"urlTemplate\":\"https:\/\/psol50.org.br\/?s={search_term_string}\"},\"query-input\":{\"@type\":\"PropertyValueSpecification\",\"valueRequired\":true,\"valueName\":\"search_term_string\"}}],\"inLanguage\":\"pt-BR\"},{\"@type\":\"Organization\",\"@id\":\"https:\/\/psol50.org.br\/#organization\",\"name\":\"PSOL 50\",\"alternateName\":\"PSOL 50\",\"url\":\"https:\/\/psol50.org.br\/\",\"logo\":{\"@type\":\"ImageObject\",\"inLanguage\":\"pt-BR\",\"@id\":\"https:\/\/psol50.org.br\/#\/schema\/logo\/image\/\",\"url\":\"https:\/\/psol50.org.br\/inc\/uploads\/2018\/07\/capa.png\",\"contentUrl\":\"https:\/\/psol50.org.br\/inc\/uploads\/2018\/07\/capa.png\",\"width\":1350,\"height\":900,\"caption\":\"PSOL 50\"},\"image\":{\"@id\":\"https:\/\/psol50.org.br\/#\/schema\/logo\/image\/\"},\"sameAs\":[\"https:\/\/www.facebook.com\/psol50\",\"https:\/\/x.com\/psol50\",\"https:\/\/www.instagram.com\/psol50\/\",\"https:\/\/www.youtube.com\/channel\/UC7SnJS5o1os7a6CaiNabzcg\"]},{\"@type\":\"Person\",\"@id\":\"https:\/\/psol50.org.br\/#\/schema\/person\/475dfa57d0b815993c714c2e96491fcd\",\"name\":\"Comunica\u00e7\u00e3o PSOL\",\"image\":{\"@type\":\"ImageObject\",\"inLanguage\":\"pt-BR\",\"@id\":\"https:\/\/psol50.org.br\/#\/schema\/person\/image\/\",\"url\":\"https:\/\/secure.gravatar.com\/avatar\/b34fc4f4e468a4e51785917065a3db57b841f5c95dba6ad8c73aaf8f66f8f9bf?s=96&d=mm&r=g\",\"contentUrl\":\"https:\/\/secure.gravatar.com\/avatar\/b34fc4f4e468a4e51785917065a3db57b841f5c95dba6ad8c73aaf8f66f8f9bf?s=96&d=mm&r=g\",\"caption\":\"Comunica\u00e7\u00e3o PSOL\"}}]}<\/script>\n<!-- \/ Yoast SEO plugin. -->","yoast_head_json":{"title":"Solidariedade ao povo de Porto Rico! - PSOL 50","description":"Nos unimos ao chamado \u00e0 ren\u00fancia imediata do Governador Ricardo Rossell\u00f3.","robots":{"index":"index","follow":"follow","max-snippet":"max-snippet:-1","max-image-preview":"max-image-preview:large","max-video-preview":"max-video-preview:-1"},"canonical":"https:\/\/psol50.org.br\/solidariedade-ao-povo-de-porto-rico\/","og_locale":"pt_BR","og_type":"article","og_title":"Solidariedade ao povo de Porto Rico!","og_description":"Nos unimos ao chamado \u00e0 ren\u00fancia imediata do Governador Ricardo Rossell\u00f3","og_url":"https:\/\/psol50.org.br\/solidariedade-ao-povo-de-porto-rico\/","og_site_name":"PSOL 50","article_publisher":"https:\/\/www.facebook.com\/psol50","article_published_time":"2019-07-23T13:08:02+00:00","og_image":[{"width":1080,"height":721,"url":"https:\/\/psol50.org.br\/inc\/uploads\/2019\/07\/photo_2019-07-23-10.42.47.jpeg","type":"image\/jpeg"}],"author":"Comunica\u00e7\u00e3o PSOL","twitter_card":"summary_large_image","twitter_title":"Solidariedade ao povo de Porto Rico!","twitter_description":"Nos unimos ao chamado \u00e0 ren\u00fancia imediata do Governador Ricardo Rossell\u00f3","twitter_image":"https:\/\/psol50.org.br\/inc\/uploads\/2019\/07\/photo_2019-07-23-10.42.47.jpeg","twitter_creator":"@psol50","twitter_site":"@psol50","twitter_misc":{"Escrito por":"Comunica\u00e7\u00e3o PSOL","Est. tempo de leitura":"2 minutos"},"schema":{"@context":"https:\/\/schema.org","@graph":[{"@type":"Article","@id":"https:\/\/psol50.org.br\/solidariedade-ao-povo-de-porto-rico\/#article","isPartOf":{"@id":"https:\/\/psol50.org.br\/solidariedade-ao-povo-de-porto-rico\/"},"author":{"name":"Comunica\u00e7\u00e3o PSOL","@id":"https:\/\/psol50.org.br\/#\/schema\/person\/475dfa57d0b815993c714c2e96491fcd"},"headline":"Solidariedade ao povo de Porto Rico!","datePublished":"2019-07-23T13:08:02+00:00","mainEntityOfPage":{"@id":"https:\/\/psol50.org.br\/solidariedade-ao-povo-de-porto-rico\/"},"wordCount":343,"publisher":{"@id":"https:\/\/psol50.org.br\/#organization"},"image":{"@id":"https:\/\/psol50.org.br\/solidariedade-ao-povo-de-porto-rico\/#primaryimage"},"thumbnailUrl":"https:\/\/psol50.org.br\/inc\/uploads\/2019\/07\/photo_2019-07-23-10.42.47.jpeg","keywords":["Internacional","levante","nota","porto rico","PSOL","ricardo rossello"],"articleSection":["Notas","Not\u00edcias"],"inLanguage":"pt-BR"},{"@type":"WebPage","@id":"https:\/\/psol50.org.br\/solidariedade-ao-povo-de-porto-rico\/","url":"https:\/\/psol50.org.br\/solidariedade-ao-povo-de-porto-rico\/","name":"Solidariedade ao povo de Porto Rico! - PSOL 50","isPartOf":{"@id":"https:\/\/psol50.org.br\/#website"},"primaryImageOfPage":{"@id":"https:\/\/psol50.org.br\/solidariedade-ao-povo-de-porto-rico\/#primaryimage"},"image":{"@id":"https:\/\/psol50.org.br\/solidariedade-ao-povo-de-porto-rico\/#primaryimage"},"thumbnailUrl":"https:\/\/psol50.org.br\/inc\/uploads\/2019\/07\/photo_2019-07-23-10.42.47.jpeg","datePublished":"2019-07-23T13:08:02+00:00","description":"Nos unimos ao chamado \u00e0 ren\u00fancia imediata do Governador Ricardo Rossell\u00f3.","breadcrumb":{"@id":"https:\/\/psol50.org.br\/solidariedade-ao-povo-de-porto-rico\/#breadcrumb"},"inLanguage":"pt-BR","potentialAction":[{"@type":"ReadAction","target":["https:\/\/psol50.org.br\/solidariedade-ao-povo-de-porto-rico\/"]}]},{"@type":"ImageObject","inLanguage":"pt-BR","@id":"https:\/\/psol50.org.br\/solidariedade-ao-povo-de-porto-rico\/#primaryimage","url":"https:\/\/psol50.org.br\/inc\/uploads\/2019\/07\/photo_2019-07-23-10.42.47.jpeg","contentUrl":"https:\/\/psol50.org.br\/inc\/uploads\/2019\/07\/photo_2019-07-23-10.42.47.jpeg","width":1080,"height":721,"caption":"Foto: Victor Herege"},{"@type":"BreadcrumbList","@id":"https:\/\/psol50.org.br\/solidariedade-ao-povo-de-porto-rico\/#breadcrumb","itemListElement":[{"@type":"ListItem","position":1,"name":"In\u00edcio","item":"https:\/\/psol50.org.br\/"},{"@type":"ListItem","position":2,"name":"Solidariedade ao povo de Porto Rico!"}]},{"@type":"WebSite","@id":"https:\/\/psol50.org.br\/#website","url":"https:\/\/psol50.org.br\/","name":"PSOL 50","description":"Site oficial do Partido Socialismo e Liberdade","publisher":{"@id":"https:\/\/psol50.org.br\/#organization"},"alternateName":"PSOL50","potentialAction":[{"@type":"SearchAction","target":{"@type":"EntryPoint","urlTemplate":"https:\/\/psol50.org.br\/?s={search_term_string}"},"query-input":{"@type":"PropertyValueSpecification","valueRequired":true,"valueName":"search_term_string"}}],"inLanguage":"pt-BR"},{"@type":"Organization","@id":"https:\/\/psol50.org.br\/#organization","name":"PSOL 50","alternateName":"PSOL 50","url":"https:\/\/psol50.org.br\/","logo":{"@type":"ImageObject","inLanguage":"pt-BR","@id":"https:\/\/psol50.org.br\/#\/schema\/logo\/image\/","url":"https:\/\/psol50.org.br\/inc\/uploads\/2018\/07\/capa.png","contentUrl":"https:\/\/psol50.org.br\/inc\/uploads\/2018\/07\/capa.png","width":1350,"height":900,"caption":"PSOL 50"},"image":{"@id":"https:\/\/psol50.org.br\/#\/schema\/logo\/image\/"},"sameAs":["https:\/\/www.facebook.com\/psol50","https:\/\/x.com\/psol50","https:\/\/www.instagram.com\/psol50\/","https:\/\/www.youtube.com\/channel\/UC7SnJS5o1os7a6CaiNabzcg"]},{"@type":"Person","@id":"https:\/\/psol50.org.br\/#\/schema\/person\/475dfa57d0b815993c714c2e96491fcd","name":"Comunica\u00e7\u00e3o PSOL","image":{"@type":"ImageObject","inLanguage":"pt-BR","@id":"https:\/\/psol50.org.br\/#\/schema\/person\/image\/","url":"https:\/\/secure.gravatar.com\/avatar\/b34fc4f4e468a4e51785917065a3db57b841f5c95dba6ad8c73aaf8f66f8f9bf?s=96&d=mm&r=g","contentUrl":"https:\/\/secure.gravatar.com\/avatar\/b34fc4f4e468a4e51785917065a3db57b841f5c95dba6ad8c73aaf8f66f8f9bf?s=96&d=mm&r=g","caption":"Comunica\u00e7\u00e3o PSOL"}}]}},"_links":{"self":[{"href":"https:\/\/psol50.org.br\/rest\/wp\/v2\/posts\/26001","targetHints":{"allow":["GET"]}}],"collection":[{"href":"https:\/\/psol50.org.br\/rest\/wp\/v2\/posts"}],"about":[{"href":"https:\/\/psol50.org.br\/rest\/wp\/v2\/types\/post"}],"author":[{"embeddable":true,"href":"https:\/\/psol50.org.br\/rest\/wp\/v2\/users\/2"}],"replies":[{"embeddable":true,"href":"https:\/\/psol50.org.br\/rest\/wp\/v2\/comments?post=26001"}],"version-history":[{"count":0,"href":"https:\/\/psol50.org.br\/rest\/wp\/v2\/posts\/26001\/revisions"}],"wp:featuredmedia":[{"embeddable":true,"href":"https:\/\/psol50.org.br\/rest\/wp\/v2\/media\/26004"}],"wp:attachment":[{"href":"https:\/\/psol50.org.br\/rest\/wp\/v2\/media?parent=26001"}],"wp:term":[{"taxonomy":"category","embeddable":true,"href":"https:\/\/psol50.org.br\/rest\/wp\/v2\/categories?post=26001"},{"taxonomy":"post_tag","embeddable":true,"href":"https:\/\/psol50.org.br\/rest\/wp\/v2\/tags?post=26001"}],"curies":[{"name":"wp","href":"https:\/\/api.w.org\/{rel}","templated":true}]}}