{"id":26018,"date":"2019-07-29T11:01:27","date_gmt":"2019-07-29T14:01:27","guid":{"rendered":"http:\/\/psol50.org.br\/?p=26018"},"modified":"2019-07-29T11:01:27","modified_gmt":"2019-07-29T14:01:27","slug":"guilherme-boulos-bolsonaro-consegue-ofender-de-uma-vez-56-milhoes-de-brasileiros","status":"publish","type":"post","link":"https:\/\/psol50.org.br\/guilherme-boulos-bolsonaro-consegue-ofender-de-uma-vez-56-milhoes-de-brasileiros\/","title":{"rendered":"Guilherme Boulos | Bolsonaro consegue ofender, de uma vez, 56 milh\u00f5es de brasileiros"},"content":{"rendered":"<p><em>Originalmente publicado na <a href=\"https:\/\/www.cartacapital.com.br\/opiniao\/bolsonaro-consegue-ofender-de-uma-vez-56-milhoes-de-brasileiros\/\" target=\"_blank\" rel=\"noopener noreferrer\"><strong>CartaCapital<\/strong><\/a><\/em><\/p>\n<p>Uma semana ap\u00f3s outra, Bolsonaro segue empenhado em bater o pr\u00f3prio recorde de disparates. Num \u00fanico dia, conseguiu defender abertamente o nepotismo, a censura e a inexist\u00eancia da fome no Brasil. Num intervalo entre as declara\u00e7\u00f5es, foi flagrado chamando o Nordeste de \u201cPara\u00edba\u201d e atacando diretamente o governador do Maranh\u00e3o, Fl\u00e1vio Dino.<\/p>\n<p>Ao referir-se pejorativamente a uma regi\u00e3o, Bolsonaro ofendeu os mais de 56 milh\u00f5es de brasileiros que vivem no Nordeste. Para se justificar, chamou nordestinos de \u201cpaus de arara\u201d e um de seus ministros de \u201ccabe\u00e7a chata\u201d. A cada tentativa de remendo, o preconceito revela-se ainda mais aut\u00eantico. E chocante. Poderia ser mero diversionismo para afastar as aten\u00e7\u00f5es da na\u00e7\u00e3o de suas medidas antipopulares ou da prote\u00e7\u00e3o escandalosa das investiga\u00e7\u00f5es contra seu filho Fl\u00e1vio.<\/p>\n<p>Mas neste caso n\u00e3o \u00e9. Seu conflito com o Nordeste vai al\u00e9m da fraseologia. Bolsonaro \u00e9 o primeiro presidente da hist\u00f3ria do Pa\u00eds a adotar pol\u00edticas contra a popula\u00e7\u00e3o de uma regi\u00e3o inteira.<\/p>\n<p>Antes mesmo do epis\u00f3dio, qualquer um que circulasse pelas cidades nordestinas podia sentir a desconfian\u00e7a e at\u00e9 raiva de grande parte de seu povo contra o atual presidente. As elei\u00e7\u00f5es haviam mostrado o sentimento majorit\u00e1rio, que fez Bolsonaro perder naquelas bandas de 70% a 30% no segundo turno. Com seis meses de governo, sua desaprova\u00e7\u00e3o s\u00f3 tem crescido. Quando perguntados sobre o que o presidente havia feito de melhor, 47% dos nordestinos responderam \u201cnada\u201d.<\/p>\n<p>N\u00e3o por acaso, o medo de ser vaiado e hostilizado fez com que o governo transformasse a inaugura\u00e7\u00e3o de um aeroporto em Vit\u00f3ria da Conquista numa cerim\u00f4nia hermeticamente fechada para apoiadores escolhidos a dedo. O mesmo personagem metido a valent\u00e3o nas redes sociais est\u00e1 cada vez mais acovardado, quando tem de encarar o povo do pa\u00eds que governa. Ou melhor, que deveria governar.<\/p>\n<p>Com o tipo de pol\u00edtica que tem implementado \u00e9 de se esperar que n\u00e3o seja mesmo bem recebido em suas incurs\u00f5es pela regi\u00e3o mais pobre do Brasil. O Nordeste possui a maior taxa de desemprego e concentra 60% dos quase 5 milh\u00f5es de trabalhadores em situa\u00e7\u00e3o de desalento, isto \u00e9, que desistiram de procurar emprego. Al\u00e9m disso, foi a regi\u00e3o que mais perdeu profissionais com a sa\u00edda dos cubanos do Programa Mais M\u00e9dicos \u2013 40% das cidades nordestinas perderam profissionais \u2013 e que sofre na pele a falta de assist\u00eancia na Sa\u00fade da Fam\u00edlia. S\u00f3 em Pernambuco, 1,4 milh\u00e3o de moradores ficaram sem atendimento.<\/p>\n<p>Com a queda brutal de investimento p\u00fablico nos \u00faltimos anos, obras de infraestrutura e de habita\u00e7\u00e3o popular foram paralisadas. S\u00f3 na capital paraibana, Jo\u00e3o Pessoa, s\u00e3o 1,5 mil unidades habitacionais com obras paradas desde janeiro, por falta de repasse. Isso sem falar na quest\u00e3o da Previd\u00eancia e da Seguridade social. Os munic\u00edpios menores e mais pobres \u2013 a maioria no interior nordestino \u2013 s\u00e3o os que mais dependem do pagamento de benef\u00edcios como aposentadorias e pens\u00f5es para a movimenta\u00e7\u00e3o da economia. Ser\u00e3o duramente atingidos, caso a Reforma da Previd\u00eancia seja mesmo aprovada ap\u00f3s o recesso parlamentar.<\/p>\n<p>Ou seja, n\u00e3o s\u00e3o apenas frases infelizes e de nada adianta usar o chap\u00e9u de vaqueiro ou citar o sogro. O conflito de Bolsonaro contra o Nordeste est\u00e1 marcado na linha de seu governo. Ao sufocar o investimento p\u00fablico, particularmente em pol\u00edticas sociais, prejudica os mais pobres e, por consequ\u00eancia, a regi\u00e3o mais pobre do Pa\u00eds. Ao retroceder no enfrentamento \u00e0 desigualdade social, traz novamente \u00e0 tona o aprofundamento das desigualdades regionais.<\/p>\n<p>Mas o povo nordestino \u00e9 valente. \u00c9 o povo de Canudos e do Quilombo dos Palmares. O povo da Sabinada, da Balaiada e da Revolta dos Mal\u00eas. De Maria Bonita, Paulo Freire e Jo\u00e3o Cabral de Melo Neto. O povo que, calejado pela vida severina, n\u00e3o aceita mais morrer \u201cde velhice antes dos 30, de emboscada antes dos 20 e de fome um pouco por dia\u201d. O Nordeste, seu povo e sua hist\u00f3ria s\u00e3o muito maiores do que o preconceito de gente med\u00edocre como Bolsonaro.<\/p>\n","protected":false},"excerpt":{"rendered":"<p>Originalmente publicado na CartaCapital Uma semana ap\u00f3s outra, Bolsonaro segue empenhado em bater o pr\u00f3prio recorde de disparates. Num \u00fanico dia, conseguiu defender abertamente o nepotismo, a censura e a inexist\u00eancia da fome no Brasil. Num intervalo entre as declara\u00e7\u00f5es, foi flagrado chamando o Nordeste de \u201cPara\u00edba\u201d e atacando diretamente o governador do Maranh\u00e3o, Fl\u00e1vio [&hellip;]<\/p>\n","protected":false},"author":2,"featured_media":24815,"comment_status":"closed","ping_status":"open","sticky":false,"template":"","format":"standard","meta":{"_acf_changed":false,"footnotes":""},"categories":[3,6],"tags":[977,244,331],"class_list":{"0":"post-26018","1":"post","2":"type-post","3":"status-publish","4":"format-standard","5":"has-post-thumbnail","7":"category-artigos-e-entrevistas","8":"category-noticias","9":"tag-guilherme-boulos","10":"tag-jair-bolsonaro","11":"tag-nordeste"},"acf":[],"yoast_head":"<!-- This site is optimized with the Yoast SEO plugin v26.5 - https:\/\/yoast.com\/wordpress\/plugins\/seo\/ -->\n<title>Guilherme Boulos | Bolsonaro consegue ofender, de uma vez, 56 milh\u00f5es de brasileiros<\/title>\n<meta name=\"robots\" content=\"index, follow, max-snippet:-1, max-image-preview:large, max-video-preview:-1\" \/>\n<link rel=\"canonical\" href=\"https:\/\/psol50.org.br\/guilherme-boulos-bolsonaro-consegue-ofender-de-uma-vez-56-milhoes-de-brasileiros\/\" \/>\n<meta property=\"og:locale\" content=\"pt_BR\" \/>\n<meta property=\"og:type\" content=\"article\" \/>\n<meta property=\"og:title\" content=\"Bolsonaro consegue ofender, de uma vez, 56 milh\u00f5es de brasileiros\" \/>\n<meta property=\"og:description\" content=\"Artigo de Guilherme Boulos para a CartaCapital.\" \/>\n<meta property=\"og:url\" content=\"https:\/\/psol50.org.br\/guilherme-boulos-bolsonaro-consegue-ofender-de-uma-vez-56-milhoes-de-brasileiros\/\" \/>\n<meta property=\"og:site_name\" content=\"PSOL 50\" \/>\n<meta property=\"article:publisher\" content=\"https:\/\/www.facebook.com\/psol50\" \/>\n<meta property=\"article:published_time\" content=\"2019-07-29T14:01:27+00:00\" \/>\n<meta property=\"og:image\" content=\"https:\/\/psol50.org.br\/inc\/uploads\/2019\/04\/JairBolsonaro.ValterCampanato.Abr_.PB_.jpg\" \/>\n\t<meta property=\"og:image:width\" content=\"1140\" \/>\n\t<meta property=\"og:image:height\" content=\"760\" \/>\n\t<meta property=\"og:image:type\" content=\"image\/jpeg\" \/>\n<meta name=\"author\" content=\"Comunica\u00e7\u00e3o PSOL\" \/>\n<meta name=\"twitter:card\" content=\"summary_large_image\" \/>\n<meta name=\"twitter:title\" content=\"Bolsonaro consegue ofender, de uma vez, 56 milh\u00f5es de brasileiros\" \/>\n<meta name=\"twitter:description\" content=\"Artigo de Guilherme Boulos para a CartaCapital.\" \/>\n<meta name=\"twitter:image\" content=\"https:\/\/psol50.org.br\/inc\/uploads\/2019\/04\/JairBolsonaro.ValterCampanato.Abr_.PB_.jpg\" \/>\n<meta name=\"twitter:creator\" content=\"@psol50\" \/>\n<meta name=\"twitter:site\" content=\"@psol50\" \/>\n<meta name=\"twitter:label1\" content=\"Escrito por\" \/>\n\t<meta name=\"twitter:data1\" content=\"Comunica\u00e7\u00e3o PSOL\" \/>\n\t<meta name=\"twitter:label2\" content=\"Est. tempo de leitura\" \/>\n\t<meta name=\"twitter:data2\" content=\"4 minutos\" \/>\n<script type=\"application\/ld+json\" class=\"yoast-schema-graph\">{\"@context\":\"https:\/\/schema.org\",\"@graph\":[{\"@type\":\"Article\",\"@id\":\"https:\/\/psol50.org.br\/guilherme-boulos-bolsonaro-consegue-ofender-de-uma-vez-56-milhoes-de-brasileiros\/#article\",\"isPartOf\":{\"@id\":\"https:\/\/psol50.org.br\/guilherme-boulos-bolsonaro-consegue-ofender-de-uma-vez-56-milhoes-de-brasileiros\/\"},\"author\":{\"name\":\"Comunica\u00e7\u00e3o PSOL\",\"@id\":\"https:\/\/psol50.org.br\/#\/schema\/person\/475dfa57d0b815993c714c2e96491fcd\"},\"headline\":\"Guilherme Boulos | Bolsonaro consegue ofender, de uma vez, 56 milh\u00f5es de brasileiros\",\"datePublished\":\"2019-07-29T14:01:27+00:00\",\"mainEntityOfPage\":{\"@id\":\"https:\/\/psol50.org.br\/guilherme-boulos-bolsonaro-consegue-ofender-de-uma-vez-56-milhoes-de-brasileiros\/\"},\"wordCount\":721,\"publisher\":{\"@id\":\"https:\/\/psol50.org.br\/#organization\"},\"image\":{\"@id\":\"https:\/\/psol50.org.br\/guilherme-boulos-bolsonaro-consegue-ofender-de-uma-vez-56-milhoes-de-brasileiros\/#primaryimage\"},\"thumbnailUrl\":\"https:\/\/psol50.org.br\/inc\/uploads\/2019\/04\/JairBolsonaro.ValterCampanato.Abr_.PB_.jpg\",\"keywords\":[\"Guilherme Boulos\",\"Jair Bolsonaro\",\"Nordeste\"],\"articleSection\":[\"Artigos\",\"Not\u00edcias\"],\"inLanguage\":\"pt-BR\"},{\"@type\":\"WebPage\",\"@id\":\"https:\/\/psol50.org.br\/guilherme-boulos-bolsonaro-consegue-ofender-de-uma-vez-56-milhoes-de-brasileiros\/\",\"url\":\"https:\/\/psol50.org.br\/guilherme-boulos-bolsonaro-consegue-ofender-de-uma-vez-56-milhoes-de-brasileiros\/\",\"name\":\"Guilherme Boulos | Bolsonaro consegue ofender, de uma vez, 56 milh\u00f5es de brasileiros\",\"isPartOf\":{\"@id\":\"https:\/\/psol50.org.br\/#website\"},\"primaryImageOfPage\":{\"@id\":\"https:\/\/psol50.org.br\/guilherme-boulos-bolsonaro-consegue-ofender-de-uma-vez-56-milhoes-de-brasileiros\/#primaryimage\"},\"image\":{\"@id\":\"https:\/\/psol50.org.br\/guilherme-boulos-bolsonaro-consegue-ofender-de-uma-vez-56-milhoes-de-brasileiros\/#primaryimage\"},\"thumbnailUrl\":\"https:\/\/psol50.org.br\/inc\/uploads\/2019\/04\/JairBolsonaro.ValterCampanato.Abr_.PB_.jpg\",\"datePublished\":\"2019-07-29T14:01:27+00:00\",\"breadcrumb\":{\"@id\":\"https:\/\/psol50.org.br\/guilherme-boulos-bolsonaro-consegue-ofender-de-uma-vez-56-milhoes-de-brasileiros\/#breadcrumb\"},\"inLanguage\":\"pt-BR\",\"potentialAction\":[{\"@type\":\"ReadAction\",\"target\":[\"https:\/\/psol50.org.br\/guilherme-boulos-bolsonaro-consegue-ofender-de-uma-vez-56-milhoes-de-brasileiros\/\"]}]},{\"@type\":\"ImageObject\",\"inLanguage\":\"pt-BR\",\"@id\":\"https:\/\/psol50.org.br\/guilherme-boulos-bolsonaro-consegue-ofender-de-uma-vez-56-milhoes-de-brasileiros\/#primaryimage\",\"url\":\"https:\/\/psol50.org.br\/inc\/uploads\/2019\/04\/JairBolsonaro.ValterCampanato.Abr_.PB_.jpg\",\"contentUrl\":\"https:\/\/psol50.org.br\/inc\/uploads\/2019\/04\/JairBolsonaro.ValterCampanato.Abr_.PB_.jpg\",\"width\":1140,\"height\":760,\"caption\":\"Valter Campanato \/ Ag\u00eancia Brasil\"},{\"@type\":\"BreadcrumbList\",\"@id\":\"https:\/\/psol50.org.br\/guilherme-boulos-bolsonaro-consegue-ofender-de-uma-vez-56-milhoes-de-brasileiros\/#breadcrumb\",\"itemListElement\":[{\"@type\":\"ListItem\",\"position\":1,\"name\":\"In\u00edcio\",\"item\":\"https:\/\/psol50.org.br\/\"},{\"@type\":\"ListItem\",\"position\":2,\"name\":\"Guilherme Boulos | Bolsonaro consegue ofender, de uma vez, 56 milh\u00f5es de brasileiros\"}]},{\"@type\":\"WebSite\",\"@id\":\"https:\/\/psol50.org.br\/#website\",\"url\":\"https:\/\/psol50.org.br\/\",\"name\":\"PSOL 50\",\"description\":\"Site oficial do Partido Socialismo e Liberdade\",\"publisher\":{\"@id\":\"https:\/\/psol50.org.br\/#organization\"},\"alternateName\":\"PSOL50\",\"potentialAction\":[{\"@type\":\"SearchAction\",\"target\":{\"@type\":\"EntryPoint\",\"urlTemplate\":\"https:\/\/psol50.org.br\/?s={search_term_string}\"},\"query-input\":{\"@type\":\"PropertyValueSpecification\",\"valueRequired\":true,\"valueName\":\"search_term_string\"}}],\"inLanguage\":\"pt-BR\"},{\"@type\":\"Organization\",\"@id\":\"https:\/\/psol50.org.br\/#organization\",\"name\":\"PSOL 50\",\"alternateName\":\"PSOL 50\",\"url\":\"https:\/\/psol50.org.br\/\",\"logo\":{\"@type\":\"ImageObject\",\"inLanguage\":\"pt-BR\",\"@id\":\"https:\/\/psol50.org.br\/#\/schema\/logo\/image\/\",\"url\":\"https:\/\/psol50.org.br\/inc\/uploads\/2018\/07\/capa.png\",\"contentUrl\":\"https:\/\/psol50.org.br\/inc\/uploads\/2018\/07\/capa.png\",\"width\":1350,\"height\":900,\"caption\":\"PSOL 50\"},\"image\":{\"@id\":\"https:\/\/psol50.org.br\/#\/schema\/logo\/image\/\"},\"sameAs\":[\"https:\/\/www.facebook.com\/psol50\",\"https:\/\/x.com\/psol50\",\"https:\/\/www.instagram.com\/psol50\/\",\"https:\/\/www.youtube.com\/channel\/UC7SnJS5o1os7a6CaiNabzcg\"]},{\"@type\":\"Person\",\"@id\":\"https:\/\/psol50.org.br\/#\/schema\/person\/475dfa57d0b815993c714c2e96491fcd\",\"name\":\"Comunica\u00e7\u00e3o PSOL\",\"image\":{\"@type\":\"ImageObject\",\"inLanguage\":\"pt-BR\",\"@id\":\"https:\/\/psol50.org.br\/#\/schema\/person\/image\/\",\"url\":\"https:\/\/secure.gravatar.com\/avatar\/b34fc4f4e468a4e51785917065a3db57b841f5c95dba6ad8c73aaf8f66f8f9bf?s=96&d=mm&r=g\",\"contentUrl\":\"https:\/\/secure.gravatar.com\/avatar\/b34fc4f4e468a4e51785917065a3db57b841f5c95dba6ad8c73aaf8f66f8f9bf?s=96&d=mm&r=g\",\"caption\":\"Comunica\u00e7\u00e3o PSOL\"}}]}<\/script>\n<!-- \/ Yoast SEO plugin. -->","yoast_head_json":{"title":"Guilherme Boulos | Bolsonaro consegue ofender, de uma vez, 56 milh\u00f5es de brasileiros","robots":{"index":"index","follow":"follow","max-snippet":"max-snippet:-1","max-image-preview":"max-image-preview:large","max-video-preview":"max-video-preview:-1"},"canonical":"https:\/\/psol50.org.br\/guilherme-boulos-bolsonaro-consegue-ofender-de-uma-vez-56-milhoes-de-brasileiros\/","og_locale":"pt_BR","og_type":"article","og_title":"Bolsonaro consegue ofender, de uma vez, 56 milh\u00f5es de brasileiros","og_description":"Artigo de Guilherme Boulos para a CartaCapital.","og_url":"https:\/\/psol50.org.br\/guilherme-boulos-bolsonaro-consegue-ofender-de-uma-vez-56-milhoes-de-brasileiros\/","og_site_name":"PSOL 50","article_publisher":"https:\/\/www.facebook.com\/psol50","article_published_time":"2019-07-29T14:01:27+00:00","og_image":[{"width":1140,"height":760,"url":"https:\/\/psol50.org.br\/inc\/uploads\/2019\/04\/JairBolsonaro.ValterCampanato.Abr_.PB_.jpg","type":"image\/jpeg"}],"author":"Comunica\u00e7\u00e3o PSOL","twitter_card":"summary_large_image","twitter_title":"Bolsonaro consegue ofender, de uma vez, 56 milh\u00f5es de brasileiros","twitter_description":"Artigo de Guilherme Boulos para a CartaCapital.","twitter_image":"https:\/\/psol50.org.br\/inc\/uploads\/2019\/04\/JairBolsonaro.ValterCampanato.Abr_.PB_.jpg","twitter_creator":"@psol50","twitter_site":"@psol50","twitter_misc":{"Escrito por":"Comunica\u00e7\u00e3o PSOL","Est. tempo de leitura":"4 minutos"},"schema":{"@context":"https:\/\/schema.org","@graph":[{"@type":"Article","@id":"https:\/\/psol50.org.br\/guilherme-boulos-bolsonaro-consegue-ofender-de-uma-vez-56-milhoes-de-brasileiros\/#article","isPartOf":{"@id":"https:\/\/psol50.org.br\/guilherme-boulos-bolsonaro-consegue-ofender-de-uma-vez-56-milhoes-de-brasileiros\/"},"author":{"name":"Comunica\u00e7\u00e3o PSOL","@id":"https:\/\/psol50.org.br\/#\/schema\/person\/475dfa57d0b815993c714c2e96491fcd"},"headline":"Guilherme Boulos | Bolsonaro consegue ofender, de uma vez, 56 milh\u00f5es de brasileiros","datePublished":"2019-07-29T14:01:27+00:00","mainEntityOfPage":{"@id":"https:\/\/psol50.org.br\/guilherme-boulos-bolsonaro-consegue-ofender-de-uma-vez-56-milhoes-de-brasileiros\/"},"wordCount":721,"publisher":{"@id":"https:\/\/psol50.org.br\/#organization"},"image":{"@id":"https:\/\/psol50.org.br\/guilherme-boulos-bolsonaro-consegue-ofender-de-uma-vez-56-milhoes-de-brasileiros\/#primaryimage"},"thumbnailUrl":"https:\/\/psol50.org.br\/inc\/uploads\/2019\/04\/JairBolsonaro.ValterCampanato.Abr_.PB_.jpg","keywords":["Guilherme Boulos","Jair Bolsonaro","Nordeste"],"articleSection":["Artigos","Not\u00edcias"],"inLanguage":"pt-BR"},{"@type":"WebPage","@id":"https:\/\/psol50.org.br\/guilherme-boulos-bolsonaro-consegue-ofender-de-uma-vez-56-milhoes-de-brasileiros\/","url":"https:\/\/psol50.org.br\/guilherme-boulos-bolsonaro-consegue-ofender-de-uma-vez-56-milhoes-de-brasileiros\/","name":"Guilherme Boulos | Bolsonaro consegue ofender, de uma vez, 56 milh\u00f5es de brasileiros","isPartOf":{"@id":"https:\/\/psol50.org.br\/#website"},"primaryImageOfPage":{"@id":"https:\/\/psol50.org.br\/guilherme-boulos-bolsonaro-consegue-ofender-de-uma-vez-56-milhoes-de-brasileiros\/#primaryimage"},"image":{"@id":"https:\/\/psol50.org.br\/guilherme-boulos-bolsonaro-consegue-ofender-de-uma-vez-56-milhoes-de-brasileiros\/#primaryimage"},"thumbnailUrl":"https:\/\/psol50.org.br\/inc\/uploads\/2019\/04\/JairBolsonaro.ValterCampanato.Abr_.PB_.jpg","datePublished":"2019-07-29T14:01:27+00:00","breadcrumb":{"@id":"https:\/\/psol50.org.br\/guilherme-boulos-bolsonaro-consegue-ofender-de-uma-vez-56-milhoes-de-brasileiros\/#breadcrumb"},"inLanguage":"pt-BR","potentialAction":[{"@type":"ReadAction","target":["https:\/\/psol50.org.br\/guilherme-boulos-bolsonaro-consegue-ofender-de-uma-vez-56-milhoes-de-brasileiros\/"]}]},{"@type":"ImageObject","inLanguage":"pt-BR","@id":"https:\/\/psol50.org.br\/guilherme-boulos-bolsonaro-consegue-ofender-de-uma-vez-56-milhoes-de-brasileiros\/#primaryimage","url":"https:\/\/psol50.org.br\/inc\/uploads\/2019\/04\/JairBolsonaro.ValterCampanato.Abr_.PB_.jpg","contentUrl":"https:\/\/psol50.org.br\/inc\/uploads\/2019\/04\/JairBolsonaro.ValterCampanato.Abr_.PB_.jpg","width":1140,"height":760,"caption":"Valter Campanato \/ Ag\u00eancia Brasil"},{"@type":"BreadcrumbList","@id":"https:\/\/psol50.org.br\/guilherme-boulos-bolsonaro-consegue-ofender-de-uma-vez-56-milhoes-de-brasileiros\/#breadcrumb","itemListElement":[{"@type":"ListItem","position":1,"name":"In\u00edcio","item":"https:\/\/psol50.org.br\/"},{"@type":"ListItem","position":2,"name":"Guilherme Boulos | Bolsonaro consegue ofender, de uma vez, 56 milh\u00f5es de brasileiros"}]},{"@type":"WebSite","@id":"https:\/\/psol50.org.br\/#website","url":"https:\/\/psol50.org.br\/","name":"PSOL 50","description":"Site oficial do Partido Socialismo e Liberdade","publisher":{"@id":"https:\/\/psol50.org.br\/#organization"},"alternateName":"PSOL50","potentialAction":[{"@type":"SearchAction","target":{"@type":"EntryPoint","urlTemplate":"https:\/\/psol50.org.br\/?s={search_term_string}"},"query-input":{"@type":"PropertyValueSpecification","valueRequired":true,"valueName":"search_term_string"}}],"inLanguage":"pt-BR"},{"@type":"Organization","@id":"https:\/\/psol50.org.br\/#organization","name":"PSOL 50","alternateName":"PSOL 50","url":"https:\/\/psol50.org.br\/","logo":{"@type":"ImageObject","inLanguage":"pt-BR","@id":"https:\/\/psol50.org.br\/#\/schema\/logo\/image\/","url":"https:\/\/psol50.org.br\/inc\/uploads\/2018\/07\/capa.png","contentUrl":"https:\/\/psol50.org.br\/inc\/uploads\/2018\/07\/capa.png","width":1350,"height":900,"caption":"PSOL 50"},"image":{"@id":"https:\/\/psol50.org.br\/#\/schema\/logo\/image\/"},"sameAs":["https:\/\/www.facebook.com\/psol50","https:\/\/x.com\/psol50","https:\/\/www.instagram.com\/psol50\/","https:\/\/www.youtube.com\/channel\/UC7SnJS5o1os7a6CaiNabzcg"]},{"@type":"Person","@id":"https:\/\/psol50.org.br\/#\/schema\/person\/475dfa57d0b815993c714c2e96491fcd","name":"Comunica\u00e7\u00e3o PSOL","image":{"@type":"ImageObject","inLanguage":"pt-BR","@id":"https:\/\/psol50.org.br\/#\/schema\/person\/image\/","url":"https:\/\/secure.gravatar.com\/avatar\/b34fc4f4e468a4e51785917065a3db57b841f5c95dba6ad8c73aaf8f66f8f9bf?s=96&d=mm&r=g","contentUrl":"https:\/\/secure.gravatar.com\/avatar\/b34fc4f4e468a4e51785917065a3db57b841f5c95dba6ad8c73aaf8f66f8f9bf?s=96&d=mm&r=g","caption":"Comunica\u00e7\u00e3o PSOL"}}]}},"_links":{"self":[{"href":"https:\/\/psol50.org.br\/rest\/wp\/v2\/posts\/26018","targetHints":{"allow":["GET"]}}],"collection":[{"href":"https:\/\/psol50.org.br\/rest\/wp\/v2\/posts"}],"about":[{"href":"https:\/\/psol50.org.br\/rest\/wp\/v2\/types\/post"}],"author":[{"embeddable":true,"href":"https:\/\/psol50.org.br\/rest\/wp\/v2\/users\/2"}],"replies":[{"embeddable":true,"href":"https:\/\/psol50.org.br\/rest\/wp\/v2\/comments?post=26018"}],"version-history":[{"count":0,"href":"https:\/\/psol50.org.br\/rest\/wp\/v2\/posts\/26018\/revisions"}],"wp:featuredmedia":[{"embeddable":true,"href":"https:\/\/psol50.org.br\/rest\/wp\/v2\/media\/24815"}],"wp:attachment":[{"href":"https:\/\/psol50.org.br\/rest\/wp\/v2\/media?parent=26018"}],"wp:term":[{"taxonomy":"category","embeddable":true,"href":"https:\/\/psol50.org.br\/rest\/wp\/v2\/categories?post=26018"},{"taxonomy":"post_tag","embeddable":true,"href":"https:\/\/psol50.org.br\/rest\/wp\/v2\/tags?post=26018"}],"curies":[{"name":"wp","href":"https:\/\/api.w.org\/{rel}","templated":true}]}}