{"id":26038,"date":"2019-08-02T11:56:01","date_gmt":"2019-08-02T14:56:01","guid":{"rendered":"http:\/\/psol50.org.br\/?p=26038"},"modified":"2019-08-02T11:56:01","modified_gmt":"2019-08-02T14:56:01","slug":"ato-no-rio-de-janeiro-celebra-a-liberdade-de-imprensa-e-apoia-glenn-greenwald","status":"publish","type":"post","link":"https:\/\/psol50.org.br\/ato-no-rio-de-janeiro-celebra-a-liberdade-de-imprensa-e-apoia-glenn-greenwald\/","title":{"rendered":"Ato no Rio de Janeiro celebra a liberdade de imprensa e apoia Glenn Greenwald"},"content":{"rendered":"<p>Na noite da \u00faltima ter\u00e7a-feira (30), a Associa\u00e7\u00e3o Brasileira de Imprensa (ABI) promoveu no Rio de Janeiro um ato em apoio ao jornalista do The Intercept Brasil, Glenn Greenwald, que vem sofrendo ataques e amea\u00e7as, inclusive do presidente da Rep\u00fablica, desde que o site do qual \u00e9 editor come\u00e7ou a publicar uma s\u00e9rie de reportagens sobre os vazamentos de mensagens do Telegram de integrantes da Opera\u00e7\u00e3o Lava Jato e do ex-juiz e agora ministro S\u00e9rgio Moro.<\/p>\n<p>O ato contou com a presen\u00e7a de diversos artistas, jornalistas, parlamentares, ativistas, todos reunidos para celebrar a liberdade de imprensa e repudiar as amea\u00e7as de Bolsonaro, Moro e seu cl\u00e3 pol\u00edtico contra Glenn Greenwald.<\/p>\n<p>Entre os presentes estavam os cantores Chico Buarque e Teresa Cristina, os atores Wagner Moura e Camila Pitanga, al\u00e9m de parlamentares do PSOL, como Marcelo Freixo, Tal\u00edria Petrone e o tamb\u00e9m marido de Glenn, David Miranda.<\/p>\n<p>Confira os principais momentos da noite que divulgamos em nossas redes sociais:<\/p>\n<blockquote class=\"twitter-tweet\" data-width=\"550\" data-dnt=\"true\">\n<p lang=\"pt\" dir=\"ltr\">&quot;Bolsonaro, quem tem que &#39;pegar uma caninha&#39; n\u00e3o \u00e9 o Glenn, \u00e9 o Queiroz e o seu filho&quot; &#8211; <a href=\"https:\/\/twitter.com\/MarceloFreixo?ref_src=twsrc%5Etfw\">@MarceloFreixo<\/a> pela <a href=\"https:\/\/twitter.com\/hashtag\/LiberdadeDeImprensa?src=hash&amp;ref_src=twsrc%5Etfw\">#LiberdadeDeImprensa<\/a> <a href=\"https:\/\/twitter.com\/hashtag\/OPapelDaImprensa?src=hash&amp;ref_src=twsrc%5Etfw\">#OPapelDaImprensa<\/a> <a href=\"https:\/\/twitter.com\/hashtag\/VazaJato?src=hash&amp;ref_src=twsrc%5Etfw\">#VazaJato<\/a> <a href=\"https:\/\/t.co\/Vpbv1aRqaI\">pic.twitter.com\/Vpbv1aRqaI<\/a><\/p>\n<p>&mdash; PSOL 50 (@psol50) <a href=\"https:\/\/twitter.com\/psol50\/status\/1156606139821432832?ref_src=twsrc%5Etfw\">July 31, 2019<\/a><\/p><\/blockquote>\n<p><script async src=\"https:\/\/platform.twitter.com\/widgets.js\" charset=\"utf-8\"><\/script><\/p>\n<blockquote class=\"twitter-tweet\" data-width=\"550\" data-dnt=\"true\">\n<p lang=\"pt\" dir=\"ltr\">Wagner Moura no ato em apoio a <a href=\"https:\/\/twitter.com\/ggreenwald?ref_src=twsrc%5Etfw\">@ggreenwald<\/a> e <a href=\"https:\/\/twitter.com\/TheInterceptBr?ref_src=twsrc%5Etfw\">@TheInterceptBr<\/a>: &quot;o jornalismo \u00e9 um pilar fundamental da democracia!&quot; <a href=\"https:\/\/twitter.com\/hashtag\/OPapelDaImprensa?src=hash&amp;ref_src=twsrc%5Etfw\">#OPapelDaImprensa<\/a> <a href=\"https:\/\/twitter.com\/hashtag\/LiberdadeDeImprensa?src=hash&amp;ref_src=twsrc%5Etfw\">#LiberdadeDeImprensa<\/a> <a href=\"https:\/\/twitter.com\/hashtag\/VazaJato?src=hash&amp;ref_src=twsrc%5Etfw\">#VazaJato<\/a> <a href=\"https:\/\/t.co\/60wsEL2Ufo\">pic.twitter.com\/60wsEL2Ufo<\/a><\/p>\n<p>&mdash; PSOL 50 (@psol50) <a href=\"https:\/\/twitter.com\/psol50\/status\/1156597890443141120?ref_src=twsrc%5Etfw\">July 31, 2019<\/a><\/p><\/blockquote>\n<p><script async src=\"https:\/\/platform.twitter.com\/widgets.js\" charset=\"utf-8\"><\/script><\/p>\n<blockquote class=\"twitter-tweet\" data-width=\"550\" data-dnt=\"true\">\n<p lang=\"pt\" dir=\"ltr\">&quot;Eu acredito num Brasil que respeite as diferen\u00e7as e a democracia&quot; &#8211; <a href=\"https:\/\/twitter.com\/CamilaPitanga?ref_src=twsrc%5Etfw\">@CamilaPitanga<\/a> no ato em apoio no ato em apoio a <a href=\"https:\/\/twitter.com\/ggreenwald?ref_src=twsrc%5Etfw\">@ggreenwald<\/a> e <a href=\"https:\/\/twitter.com\/TheInterceptBr?ref_src=twsrc%5Etfw\">@TheInterceptBr<\/a> <a href=\"https:\/\/twitter.com\/hashtag\/VazaJato?src=hash&amp;ref_src=twsrc%5Etfw\">#VazaJato<\/a> <a href=\"https:\/\/twitter.com\/hashtag\/OPapelDaImprensa?src=hash&amp;ref_src=twsrc%5Etfw\">#OPapelDaImprensa<\/a> <a href=\"https:\/\/twitter.com\/hashtag\/LiberdadeDeImprensa?src=hash&amp;ref_src=twsrc%5Etfw\">#LiberdadeDeImprensa<\/a> <a href=\"https:\/\/t.co\/ljW0NFRQWr\">pic.twitter.com\/ljW0NFRQWr<\/a><\/p>\n<p>&mdash; PSOL 50 (@psol50) <a href=\"https:\/\/twitter.com\/psol50\/status\/1156594768396390401?ref_src=twsrc%5Etfw\">July 31, 2019<\/a><\/p><\/blockquote>\n<p><script async src=\"https:\/\/platform.twitter.com\/widgets.js\" charset=\"utf-8\"><\/script><\/p>\n<blockquote class=\"twitter-tweet\" data-width=\"550\" data-dnt=\"true\">\n<p lang=\"pt\" dir=\"ltr\">Chico Buarque no ato em apoio a <a href=\"https:\/\/twitter.com\/ggreenwald?ref_src=twsrc%5Etfw\">@ggreenwald<\/a> e <a href=\"https:\/\/twitter.com\/TheInterceptBr?ref_src=twsrc%5Etfw\">@TheInterceptBr<\/a>: &quot;agora fica expl\u00edcito o quanto se tramou para eleger esse governo&quot; <a href=\"https:\/\/twitter.com\/hashtag\/OPapeldaImprensa?src=hash&amp;ref_src=twsrc%5Etfw\">#OPapeldaImprensa<\/a> <a href=\"https:\/\/twitter.com\/hashtag\/VazaJato?src=hash&amp;ref_src=twsrc%5Etfw\">#VazaJato<\/a> <a href=\"https:\/\/twitter.com\/hashtag\/LiberdadeDeImprensa?src=hash&amp;ref_src=twsrc%5Etfw\">#LiberdadeDeImprensa<\/a> <a href=\"https:\/\/t.co\/WRByBR1HLU\">pic.twitter.com\/WRByBR1HLU<\/a><\/p>\n<p>&mdash; PSOL 50 (@psol50) <a href=\"https:\/\/twitter.com\/psol50\/status\/1156587601924694016?ref_src=twsrc%5Etfw\">July 31, 2019<\/a><\/p><\/blockquote>\n<p><script async src=\"https:\/\/platform.twitter.com\/widgets.js\" charset=\"utf-8\"><\/script><\/p>\n<blockquote class=\"twitter-tweet\" data-width=\"550\" data-dnt=\"true\">\n<p lang=\"pt\" dir=\"ltr\">Audit\u00f3rio da Associa\u00e7\u00e3o Brasileira de Imprensa lotado em defesa de <a href=\"https:\/\/twitter.com\/ggreenwald?ref_src=twsrc%5Etfw\">@ggreenwald<\/a> e do <a href=\"https:\/\/twitter.com\/TheInterceptBr?ref_src=twsrc%5Etfw\">@TheInterceptBr<\/a> e contra qualquer censura, com grande presen\u00e7a de representantes pol\u00edticos, organiza\u00e7\u00f5es sociais, artistas e figuras p\u00fablicas. Ditadura nunca mais! <a href=\"https:\/\/t.co\/wyBMxnfSMc\">pic.twitter.com\/wyBMxnfSMc<\/a><\/p>\n<p>&mdash; PSOL 50 (@psol50) <a href=\"https:\/\/twitter.com\/psol50\/status\/1156384185529118720?ref_src=twsrc%5Etfw\">July 31, 2019<\/a><\/p><\/blockquote>\n<p><script async src=\"https:\/\/platform.twitter.com\/widgets.js\" charset=\"utf-8\"><\/script><\/p>\n<p>&nbsp;<\/p>\n","protected":false},"excerpt":{"rendered":"<p>Na noite da \u00faltima ter\u00e7a-feira (30), a Associa\u00e7\u00e3o Brasileira de Imprensa (ABI) promoveu no Rio de Janeiro um ato em apoio ao jornalista do The Intercept Brasil, Glenn Greenwald, que vem sofrendo ataques e amea\u00e7as, inclusive do presidente da Rep\u00fablica, desde que o site do qual \u00e9 editor come\u00e7ou a publicar uma s\u00e9rie de reportagens [&hellip;]<\/p>\n","protected":false},"author":2,"featured_media":26044,"comment_status":"closed","ping_status":"open","sticky":false,"template":"","format":"standard","meta":{"_acf_changed":false,"footnotes":""},"categories":[6],"tags":[1948,334,81,82,22,162],"class_list":{"0":"post-26038","1":"post","2":"type-post","3":"status-publish","4":"format-standard","5":"has-post-thumbnail","7":"category-noticias","8":"tag-abi","9":"tag-ato","10":"tag-glenn-greenwald","11":"tag-jornalismo","12":"tag-psol","13":"tag-rio-de-janeiro"},"acf":[],"yoast_head":"<!-- This site is optimized with the Yoast SEO plugin v26.5 - https:\/\/yoast.com\/wordpress\/plugins\/seo\/ -->\n<title>Ato no Rio de Janeiro celebra a liberdade de imprensa e apoia Glenn Greenwald - PSOL 50<\/title>\n<meta name=\"description\" content=\"O ato contou com a presen\u00e7a de diversos artistas, jornalistas, parlamentares, ativistas\" \/>\n<meta name=\"robots\" content=\"index, follow, max-snippet:-1, max-image-preview:large, max-video-preview:-1\" \/>\n<link rel=\"canonical\" href=\"https:\/\/psol50.org.br\/ato-no-rio-de-janeiro-celebra-a-liberdade-de-imprensa-e-apoia-glenn-greenwald\/\" \/>\n<meta property=\"og:locale\" content=\"pt_BR\" \/>\n<meta property=\"og:type\" content=\"article\" \/>\n<meta property=\"og:title\" content=\"Ato no Rio de Janeiro celebra a liberdade de imprensa e apoia Glenn Greenwald\" \/>\n<meta property=\"og:description\" content=\"O ato contou com a presen\u00e7a de diversos artistas, jornalistas, parlamentares, ativistas\" \/>\n<meta property=\"og:url\" content=\"https:\/\/psol50.org.br\/ato-no-rio-de-janeiro-celebra-a-liberdade-de-imprensa-e-apoia-glenn-greenwald\/\" \/>\n<meta property=\"og:site_name\" content=\"PSOL 50\" \/>\n<meta property=\"article:publisher\" content=\"https:\/\/www.facebook.com\/psol50\" \/>\n<meta property=\"article:published_time\" content=\"2019-08-02T14:56:01+00:00\" \/>\n<meta property=\"og:image\" content=\"https:\/\/psol50.org.br\/inc\/uploads\/2019\/08\/photo_2019-08-02-11.55.07.jpeg\" \/>\n\t<meta property=\"og:image:width\" content=\"1280\" \/>\n\t<meta property=\"og:image:height\" content=\"853\" \/>\n\t<meta property=\"og:image:type\" content=\"image\/jpeg\" \/>\n<meta name=\"author\" content=\"Comunica\u00e7\u00e3o PSOL\" \/>\n<meta name=\"twitter:card\" content=\"summary_large_image\" \/>\n<meta name=\"twitter:title\" content=\"Ato no Rio de Janeiro celebra a liberdade de imprensa e apoia Glenn Greenwald\" \/>\n<meta name=\"twitter:description\" content=\"O ato contou com a presen\u00e7a de diversos artistas, jornalistas, parlamentares, ativistas\" \/>\n<meta name=\"twitter:image\" content=\"https:\/\/psol50.org.br\/inc\/uploads\/2019\/08\/photo_2019-08-02-11.55.07.jpeg\" \/>\n<meta name=\"twitter:creator\" content=\"@psol50\" \/>\n<meta name=\"twitter:site\" content=\"@psol50\" \/>\n<meta name=\"twitter:label1\" content=\"Escrito por\" \/>\n\t<meta name=\"twitter:data1\" content=\"Comunica\u00e7\u00e3o PSOL\" \/>\n\t<meta name=\"twitter:label2\" content=\"Est. tempo de leitura\" \/>\n\t<meta name=\"twitter:data2\" content=\"1 minuto\" \/>\n<script type=\"application\/ld+json\" class=\"yoast-schema-graph\">{\"@context\":\"https:\/\/schema.org\",\"@graph\":[{\"@type\":\"Article\",\"@id\":\"https:\/\/psol50.org.br\/ato-no-rio-de-janeiro-celebra-a-liberdade-de-imprensa-e-apoia-glenn-greenwald\/#article\",\"isPartOf\":{\"@id\":\"https:\/\/psol50.org.br\/ato-no-rio-de-janeiro-celebra-a-liberdade-de-imprensa-e-apoia-glenn-greenwald\/\"},\"author\":{\"name\":\"Comunica\u00e7\u00e3o PSOL\",\"@id\":\"https:\/\/psol50.org.br\/#\/schema\/person\/475dfa57d0b815993c714c2e96491fcd\"},\"headline\":\"Ato no Rio de Janeiro celebra a liberdade de imprensa e apoia Glenn Greenwald\",\"datePublished\":\"2019-08-02T14:56:01+00:00\",\"mainEntityOfPage\":{\"@id\":\"https:\/\/psol50.org.br\/ato-no-rio-de-janeiro-celebra-a-liberdade-de-imprensa-e-apoia-glenn-greenwald\/\"},\"wordCount\":210,\"publisher\":{\"@id\":\"https:\/\/psol50.org.br\/#organization\"},\"image\":{\"@id\":\"https:\/\/psol50.org.br\/ato-no-rio-de-janeiro-celebra-a-liberdade-de-imprensa-e-apoia-glenn-greenwald\/#primaryimage\"},\"thumbnailUrl\":\"https:\/\/psol50.org.br\/inc\/uploads\/2019\/08\/photo_2019-08-02-11.55.07.jpeg\",\"keywords\":[\"abi\",\"ato\",\"Glenn Greenwald\",\"jornalismo\",\"PSOL\",\"Rio de Janeiro\"],\"articleSection\":[\"Not\u00edcias\"],\"inLanguage\":\"pt-BR\"},{\"@type\":\"WebPage\",\"@id\":\"https:\/\/psol50.org.br\/ato-no-rio-de-janeiro-celebra-a-liberdade-de-imprensa-e-apoia-glenn-greenwald\/\",\"url\":\"https:\/\/psol50.org.br\/ato-no-rio-de-janeiro-celebra-a-liberdade-de-imprensa-e-apoia-glenn-greenwald\/\",\"name\":\"Ato no Rio de Janeiro celebra a liberdade de imprensa e apoia Glenn Greenwald - PSOL 50\",\"isPartOf\":{\"@id\":\"https:\/\/psol50.org.br\/#website\"},\"primaryImageOfPage\":{\"@id\":\"https:\/\/psol50.org.br\/ato-no-rio-de-janeiro-celebra-a-liberdade-de-imprensa-e-apoia-glenn-greenwald\/#primaryimage\"},\"image\":{\"@id\":\"https:\/\/psol50.org.br\/ato-no-rio-de-janeiro-celebra-a-liberdade-de-imprensa-e-apoia-glenn-greenwald\/#primaryimage\"},\"thumbnailUrl\":\"https:\/\/psol50.org.br\/inc\/uploads\/2019\/08\/photo_2019-08-02-11.55.07.jpeg\",\"datePublished\":\"2019-08-02T14:56:01+00:00\",\"description\":\"O ato contou com a presen\u00e7a de diversos artistas, jornalistas, parlamentares, ativistas\",\"breadcrumb\":{\"@id\":\"https:\/\/psol50.org.br\/ato-no-rio-de-janeiro-celebra-a-liberdade-de-imprensa-e-apoia-glenn-greenwald\/#breadcrumb\"},\"inLanguage\":\"pt-BR\",\"potentialAction\":[{\"@type\":\"ReadAction\",\"target\":[\"https:\/\/psol50.org.br\/ato-no-rio-de-janeiro-celebra-a-liberdade-de-imprensa-e-apoia-glenn-greenwald\/\"]}]},{\"@type\":\"ImageObject\",\"inLanguage\":\"pt-BR\",\"@id\":\"https:\/\/psol50.org.br\/ato-no-rio-de-janeiro-celebra-a-liberdade-de-imprensa-e-apoia-glenn-greenwald\/#primaryimage\",\"url\":\"https:\/\/psol50.org.br\/inc\/uploads\/2019\/08\/photo_2019-08-02-11.55.07.jpeg\",\"contentUrl\":\"https:\/\/psol50.org.br\/inc\/uploads\/2019\/08\/photo_2019-08-02-11.55.07.jpeg\",\"width\":1280,\"height\":853},{\"@type\":\"BreadcrumbList\",\"@id\":\"https:\/\/psol50.org.br\/ato-no-rio-de-janeiro-celebra-a-liberdade-de-imprensa-e-apoia-glenn-greenwald\/#breadcrumb\",\"itemListElement\":[{\"@type\":\"ListItem\",\"position\":1,\"name\":\"In\u00edcio\",\"item\":\"https:\/\/psol50.org.br\/\"},{\"@type\":\"ListItem\",\"position\":2,\"name\":\"Ato no Rio de Janeiro celebra a liberdade de imprensa e apoia Glenn Greenwald\"}]},{\"@type\":\"WebSite\",\"@id\":\"https:\/\/psol50.org.br\/#website\",\"url\":\"https:\/\/psol50.org.br\/\",\"name\":\"PSOL 50\",\"description\":\"Site oficial do Partido Socialismo e Liberdade\",\"publisher\":{\"@id\":\"https:\/\/psol50.org.br\/#organization\"},\"alternateName\":\"PSOL50\",\"potentialAction\":[{\"@type\":\"SearchAction\",\"target\":{\"@type\":\"EntryPoint\",\"urlTemplate\":\"https:\/\/psol50.org.br\/?s={search_term_string}\"},\"query-input\":{\"@type\":\"PropertyValueSpecification\",\"valueRequired\":true,\"valueName\":\"search_term_string\"}}],\"inLanguage\":\"pt-BR\"},{\"@type\":\"Organization\",\"@id\":\"https:\/\/psol50.org.br\/#organization\",\"name\":\"PSOL 50\",\"alternateName\":\"PSOL 50\",\"url\":\"https:\/\/psol50.org.br\/\",\"logo\":{\"@type\":\"ImageObject\",\"inLanguage\":\"pt-BR\",\"@id\":\"https:\/\/psol50.org.br\/#\/schema\/logo\/image\/\",\"url\":\"https:\/\/psol50.org.br\/inc\/uploads\/2018\/07\/capa.png\",\"contentUrl\":\"https:\/\/psol50.org.br\/inc\/uploads\/2018\/07\/capa.png\",\"width\":1350,\"height\":900,\"caption\":\"PSOL 50\"},\"image\":{\"@id\":\"https:\/\/psol50.org.br\/#\/schema\/logo\/image\/\"},\"sameAs\":[\"https:\/\/www.facebook.com\/psol50\",\"https:\/\/x.com\/psol50\",\"https:\/\/www.instagram.com\/psol50\/\",\"https:\/\/www.youtube.com\/channel\/UC7SnJS5o1os7a6CaiNabzcg\"]},{\"@type\":\"Person\",\"@id\":\"https:\/\/psol50.org.br\/#\/schema\/person\/475dfa57d0b815993c714c2e96491fcd\",\"name\":\"Comunica\u00e7\u00e3o PSOL\",\"image\":{\"@type\":\"ImageObject\",\"inLanguage\":\"pt-BR\",\"@id\":\"https:\/\/psol50.org.br\/#\/schema\/person\/image\/\",\"url\":\"https:\/\/secure.gravatar.com\/avatar\/b34fc4f4e468a4e51785917065a3db57b841f5c95dba6ad8c73aaf8f66f8f9bf?s=96&d=mm&r=g\",\"contentUrl\":\"https:\/\/secure.gravatar.com\/avatar\/b34fc4f4e468a4e51785917065a3db57b841f5c95dba6ad8c73aaf8f66f8f9bf?s=96&d=mm&r=g\",\"caption\":\"Comunica\u00e7\u00e3o PSOL\"}}]}<\/script>\n<!-- \/ Yoast SEO plugin. -->","yoast_head_json":{"title":"Ato no Rio de Janeiro celebra a liberdade de imprensa e apoia Glenn Greenwald - PSOL 50","description":"O ato contou com a presen\u00e7a de diversos artistas, jornalistas, parlamentares, ativistas","robots":{"index":"index","follow":"follow","max-snippet":"max-snippet:-1","max-image-preview":"max-image-preview:large","max-video-preview":"max-video-preview:-1"},"canonical":"https:\/\/psol50.org.br\/ato-no-rio-de-janeiro-celebra-a-liberdade-de-imprensa-e-apoia-glenn-greenwald\/","og_locale":"pt_BR","og_type":"article","og_title":"Ato no Rio de Janeiro celebra a liberdade de imprensa e apoia Glenn Greenwald","og_description":"O ato contou com a presen\u00e7a de diversos artistas, jornalistas, parlamentares, ativistas","og_url":"https:\/\/psol50.org.br\/ato-no-rio-de-janeiro-celebra-a-liberdade-de-imprensa-e-apoia-glenn-greenwald\/","og_site_name":"PSOL 50","article_publisher":"https:\/\/www.facebook.com\/psol50","article_published_time":"2019-08-02T14:56:01+00:00","og_image":[{"width":1280,"height":853,"url":"https:\/\/psol50.org.br\/inc\/uploads\/2019\/08\/photo_2019-08-02-11.55.07.jpeg","type":"image\/jpeg"}],"author":"Comunica\u00e7\u00e3o PSOL","twitter_card":"summary_large_image","twitter_title":"Ato no Rio de Janeiro celebra a liberdade de imprensa e apoia Glenn Greenwald","twitter_description":"O ato contou com a presen\u00e7a de diversos artistas, jornalistas, parlamentares, ativistas","twitter_image":"https:\/\/psol50.org.br\/inc\/uploads\/2019\/08\/photo_2019-08-02-11.55.07.jpeg","twitter_creator":"@psol50","twitter_site":"@psol50","twitter_misc":{"Escrito por":"Comunica\u00e7\u00e3o PSOL","Est. tempo de leitura":"1 minuto"},"schema":{"@context":"https:\/\/schema.org","@graph":[{"@type":"Article","@id":"https:\/\/psol50.org.br\/ato-no-rio-de-janeiro-celebra-a-liberdade-de-imprensa-e-apoia-glenn-greenwald\/#article","isPartOf":{"@id":"https:\/\/psol50.org.br\/ato-no-rio-de-janeiro-celebra-a-liberdade-de-imprensa-e-apoia-glenn-greenwald\/"},"author":{"name":"Comunica\u00e7\u00e3o PSOL","@id":"https:\/\/psol50.org.br\/#\/schema\/person\/475dfa57d0b815993c714c2e96491fcd"},"headline":"Ato no Rio de Janeiro celebra a liberdade de imprensa e apoia Glenn Greenwald","datePublished":"2019-08-02T14:56:01+00:00","mainEntityOfPage":{"@id":"https:\/\/psol50.org.br\/ato-no-rio-de-janeiro-celebra-a-liberdade-de-imprensa-e-apoia-glenn-greenwald\/"},"wordCount":210,"publisher":{"@id":"https:\/\/psol50.org.br\/#organization"},"image":{"@id":"https:\/\/psol50.org.br\/ato-no-rio-de-janeiro-celebra-a-liberdade-de-imprensa-e-apoia-glenn-greenwald\/#primaryimage"},"thumbnailUrl":"https:\/\/psol50.org.br\/inc\/uploads\/2019\/08\/photo_2019-08-02-11.55.07.jpeg","keywords":["abi","ato","Glenn Greenwald","jornalismo","PSOL","Rio de Janeiro"],"articleSection":["Not\u00edcias"],"inLanguage":"pt-BR"},{"@type":"WebPage","@id":"https:\/\/psol50.org.br\/ato-no-rio-de-janeiro-celebra-a-liberdade-de-imprensa-e-apoia-glenn-greenwald\/","url":"https:\/\/psol50.org.br\/ato-no-rio-de-janeiro-celebra-a-liberdade-de-imprensa-e-apoia-glenn-greenwald\/","name":"Ato no Rio de Janeiro celebra a liberdade de imprensa e apoia Glenn Greenwald - PSOL 50","isPartOf":{"@id":"https:\/\/psol50.org.br\/#website"},"primaryImageOfPage":{"@id":"https:\/\/psol50.org.br\/ato-no-rio-de-janeiro-celebra-a-liberdade-de-imprensa-e-apoia-glenn-greenwald\/#primaryimage"},"image":{"@id":"https:\/\/psol50.org.br\/ato-no-rio-de-janeiro-celebra-a-liberdade-de-imprensa-e-apoia-glenn-greenwald\/#primaryimage"},"thumbnailUrl":"https:\/\/psol50.org.br\/inc\/uploads\/2019\/08\/photo_2019-08-02-11.55.07.jpeg","datePublished":"2019-08-02T14:56:01+00:00","description":"O ato contou com a presen\u00e7a de diversos artistas, jornalistas, parlamentares, ativistas","breadcrumb":{"@id":"https:\/\/psol50.org.br\/ato-no-rio-de-janeiro-celebra-a-liberdade-de-imprensa-e-apoia-glenn-greenwald\/#breadcrumb"},"inLanguage":"pt-BR","potentialAction":[{"@type":"ReadAction","target":["https:\/\/psol50.org.br\/ato-no-rio-de-janeiro-celebra-a-liberdade-de-imprensa-e-apoia-glenn-greenwald\/"]}]},{"@type":"ImageObject","inLanguage":"pt-BR","@id":"https:\/\/psol50.org.br\/ato-no-rio-de-janeiro-celebra-a-liberdade-de-imprensa-e-apoia-glenn-greenwald\/#primaryimage","url":"https:\/\/psol50.org.br\/inc\/uploads\/2019\/08\/photo_2019-08-02-11.55.07.jpeg","contentUrl":"https:\/\/psol50.org.br\/inc\/uploads\/2019\/08\/photo_2019-08-02-11.55.07.jpeg","width":1280,"height":853},{"@type":"BreadcrumbList","@id":"https:\/\/psol50.org.br\/ato-no-rio-de-janeiro-celebra-a-liberdade-de-imprensa-e-apoia-glenn-greenwald\/#breadcrumb","itemListElement":[{"@type":"ListItem","position":1,"name":"In\u00edcio","item":"https:\/\/psol50.org.br\/"},{"@type":"ListItem","position":2,"name":"Ato no Rio de Janeiro celebra a liberdade de imprensa e apoia Glenn Greenwald"}]},{"@type":"WebSite","@id":"https:\/\/psol50.org.br\/#website","url":"https:\/\/psol50.org.br\/","name":"PSOL 50","description":"Site oficial do Partido Socialismo e Liberdade","publisher":{"@id":"https:\/\/psol50.org.br\/#organization"},"alternateName":"PSOL50","potentialAction":[{"@type":"SearchAction","target":{"@type":"EntryPoint","urlTemplate":"https:\/\/psol50.org.br\/?s={search_term_string}"},"query-input":{"@type":"PropertyValueSpecification","valueRequired":true,"valueName":"search_term_string"}}],"inLanguage":"pt-BR"},{"@type":"Organization","@id":"https:\/\/psol50.org.br\/#organization","name":"PSOL 50","alternateName":"PSOL 50","url":"https:\/\/psol50.org.br\/","logo":{"@type":"ImageObject","inLanguage":"pt-BR","@id":"https:\/\/psol50.org.br\/#\/schema\/logo\/image\/","url":"https:\/\/psol50.org.br\/inc\/uploads\/2018\/07\/capa.png","contentUrl":"https:\/\/psol50.org.br\/inc\/uploads\/2018\/07\/capa.png","width":1350,"height":900,"caption":"PSOL 50"},"image":{"@id":"https:\/\/psol50.org.br\/#\/schema\/logo\/image\/"},"sameAs":["https:\/\/www.facebook.com\/psol50","https:\/\/x.com\/psol50","https:\/\/www.instagram.com\/psol50\/","https:\/\/www.youtube.com\/channel\/UC7SnJS5o1os7a6CaiNabzcg"]},{"@type":"Person","@id":"https:\/\/psol50.org.br\/#\/schema\/person\/475dfa57d0b815993c714c2e96491fcd","name":"Comunica\u00e7\u00e3o PSOL","image":{"@type":"ImageObject","inLanguage":"pt-BR","@id":"https:\/\/psol50.org.br\/#\/schema\/person\/image\/","url":"https:\/\/secure.gravatar.com\/avatar\/b34fc4f4e468a4e51785917065a3db57b841f5c95dba6ad8c73aaf8f66f8f9bf?s=96&d=mm&r=g","contentUrl":"https:\/\/secure.gravatar.com\/avatar\/b34fc4f4e468a4e51785917065a3db57b841f5c95dba6ad8c73aaf8f66f8f9bf?s=96&d=mm&r=g","caption":"Comunica\u00e7\u00e3o PSOL"}}]}},"_links":{"self":[{"href":"https:\/\/psol50.org.br\/rest\/wp\/v2\/posts\/26038","targetHints":{"allow":["GET"]}}],"collection":[{"href":"https:\/\/psol50.org.br\/rest\/wp\/v2\/posts"}],"about":[{"href":"https:\/\/psol50.org.br\/rest\/wp\/v2\/types\/post"}],"author":[{"embeddable":true,"href":"https:\/\/psol50.org.br\/rest\/wp\/v2\/users\/2"}],"replies":[{"embeddable":true,"href":"https:\/\/psol50.org.br\/rest\/wp\/v2\/comments?post=26038"}],"version-history":[{"count":0,"href":"https:\/\/psol50.org.br\/rest\/wp\/v2\/posts\/26038\/revisions"}],"wp:featuredmedia":[{"embeddable":true,"href":"https:\/\/psol50.org.br\/rest\/wp\/v2\/media\/26044"}],"wp:attachment":[{"href":"https:\/\/psol50.org.br\/rest\/wp\/v2\/media?parent=26038"}],"wp:term":[{"taxonomy":"category","embeddable":true,"href":"https:\/\/psol50.org.br\/rest\/wp\/v2\/categories?post=26038"},{"taxonomy":"post_tag","embeddable":true,"href":"https:\/\/psol50.org.br\/rest\/wp\/v2\/tags?post=26038"}],"curies":[{"name":"wp","href":"https:\/\/api.w.org\/{rel}","templated":true}]}}