{"id":26046,"date":"2019-08-02T15:34:43","date_gmt":"2019-08-02T18:34:43","guid":{"rendered":"http:\/\/psol50.org.br\/?p=26046"},"modified":"2019-08-02T15:34:43","modified_gmt":"2019-08-02T18:34:43","slug":"incitatus-bolsonaro","status":"publish","type":"post","link":"https:\/\/psol50.org.br\/incitatus-bolsonaro\/","title":{"rendered":"Incitatus Bolsonaro"},"content":{"rendered":"<p><strong><a href=\"https:\/\/www1.folha.uol.com.br\/opiniao\/2019\/08\/incitatus-bolsonaro.shtml\">Originalmente publicado na Folha<\/a><\/strong><\/p>\n<p>Dentre as sandices imperiais que entraram para o anedot\u00e1rio da hist\u00f3ria romana, talvez a mais afamada seja a de Cal\u00edgula. No auge de seus conflitos com o Senado, o imperador planejou nomear\u00a0Incitatus, seu cavalo de corrida preferido, para o cobi\u00e7ado cargo de c\u00f4nsul de Roma.<\/p>\n<p>Infelizmente, os cronistas da \u00e9poca passaram despercebidos pelas virtudes de Incitatus: n\u00e3o sabemos se o cavalo dominava algum outro idioma al\u00e9m do latim, se era muito bem relacionado com animais da mesma estirpe ou se, simplesmente, tratava-se de um corredor impetuoso.<\/p>\n<p>Brincadeiras \u00e0 parte, dif\u00edcil n\u00e3o lembrar o equino imperial ante o an\u00fancio do\u00a0presidente Jair Bolsonaro (PSL)\u00a0sobre a indica\u00e7\u00e3o de um de seus filhos, o deputado federal\u00a0Eduardo Bolsonaro (PSL-SP), para o\u00a0posto de embaixador brasileiro nos Estados Unidos. Quais os predicados do \u201c03?\u201d Al\u00e9m de ser filho do presidente, falar ingl\u00eas, supostamente\u00a0fritar hamb\u00fargueres\u00a0e ser amigo dos filhos de Donald Trump, seria ele tamb\u00e9m um ex\u00edmio corredor?<\/p>\n<p>O an\u00fancio nos diz mais sobre Jair do do que sobre Eduardo. Ao indicar o seu Incitatus para o mais importante cargo da diplomacia, o presidente revela o temperamento imperial de quem se acha acima das institui\u00e7\u00f5es, das leis e confunde o p\u00fablico com o privado, na pior tradi\u00e7\u00e3o do \u201cfamilismo\u201d autorit\u00e1rio nacional.<\/p>\n<p>Em outro arroubo imperial recente, na final da Copa Am\u00e9rica, o aspirante a Cal\u00edgula esteve no coliseu do futebol para testar a popularidade de seu principal gladiador, o\u00a0ministro da Justi\u00e7a,\u00a0Sergio Moro. No Maracan\u00e3, s\u00f3 faltou o polegar e a plebe nas arquibancadas.<\/p>\n<p>Um pol\u00edtico que se comporta de tal forma n\u00e3o \u00e9 antissistema. Ele representa o pior do sistema, o que n\u00e3o \u00e9 novidade quando nos referimos a Bolsonaro. Em 28 anos de carreira, o presidente e sua fam\u00edlia mantiveram rela\u00e7\u00f5es obscuras com milicianos, desviaram dinheiro p\u00fablico atrav\u00e9s de assessores fantasmas e laranjas e elogiaram ditadores, torturadores e demais criminosos.<\/p>\n<p>Agora, na Presid\u00eancia da Rep\u00fablica, o caso mais recente \u00e9 a compra de votos atrav\u00e9s de emendas parlamentares e da negocia\u00e7\u00e3o de cargos \u00e0 granel para aprovar a\u00a0reforma da Previd\u00eancia\u00a0na C\u00e2mara dos Deputados, o que o que foi reconhecido pelo pr\u00f3prio\u00a0ministro da Sa\u00fade, Luiz Henrique\u00a0Mandetta.<\/p>\n<p>Em menos de seis meses, a ficha corrida de ataque \u00e0s institui\u00e7\u00f5es do governo \u00e9 longa, receitu\u00e1rio t\u00edpico de regimes autorit\u00e1rios: Bolsonaro atropela o Congresso Nacional ao legislar de forma autorit\u00e1ria via decretos e ao reeditar medidas provis\u00f3rias derrotadas pelo Parlamento; amea\u00e7a o Estado laico ao anunciar um ministro\u00a0\u201cterrivelmente evang\u00e9lico\u201d\u00a0para o Supremo Tribunal Federal; viola a Constitui\u00e7\u00e3o\u00a0ao defender o trabalho infantil; criminaliza opositores e movimentos sociais; desqualifica a liberdade de imprensa e tolera a viol\u00eancia praticada por seus apoiadores, como vimos na Flip (Festa Liter\u00e1ria Internacional de Paraty), durante\u00a0palestra do jornalista Glenn Greenwald.<\/p>\n<p>\u00c9 farsesco identificar essa conduta imperial como resposta \u00e0 degrada\u00e7\u00e3o do sistema pol\u00edtico brasileiro, porque o presidente apenas joga com a justa revolta da popula\u00e7\u00e3o, sem agir para enfrentar o problema de fato.<\/p>\n<p>A nova pol\u00edtica n\u00e3o pode prescindir das institui\u00e7\u00f5es, ela precisa fortalec\u00ea-las para torn\u00e1-las mais republicanas, democr\u00e1ticas. Essa \u00e9 a responsabilidade dos progressistas: dialogar com a sociedade e apresentar um projeto de pa\u00eds que una justi\u00e7a social e promo\u00e7\u00e3o da transpar\u00eancia e combate \u00e0 corrup\u00e7\u00e3o. Essa agenda n\u00e3o pode ser capturada por moralistas de ocasi\u00e3o e falsos outsiders. Somente atrav\u00e9s da boa pol\u00edtica conseguiremos resgatar a cidadania e manter a democracia a salvo dos Incitatus de agora e outrora.<\/p>\n<p><em><strong>Marcelo Freixo<\/strong><\/em><br \/>\n<em><strong>02 de agosto de 2019<\/strong><\/em><\/p>\n","protected":false},"excerpt":{"rendered":"<p>Originalmente publicado na Folha Dentre as sandices imperiais que entraram para o anedot\u00e1rio da hist\u00f3ria romana, talvez a mais afamada seja a de Cal\u00edgula. No auge de seus conflitos com o Senado, o imperador planejou nomear\u00a0Incitatus, seu cavalo de corrida preferido, para o cobi\u00e7ado cargo de c\u00f4nsul de Roma. Infelizmente, os cronistas da \u00e9poca passaram [&hellip;]<\/p>\n","protected":false},"author":2,"featured_media":26047,"comment_status":"closed","ping_status":"open","sticky":false,"template":"","format":"standard","meta":{"_acf_changed":false,"footnotes":""},"categories":[6],"tags":[266,56,380,982,16,175],"class_list":{"0":"post-26046","1":"post","2":"type-post","3":"status-publish","4":"format-standard","5":"has-post-thumbnail","7":"category-noticias","8":"tag-artigo","9":"tag-bolsonaro","10":"tag-eduardo-bolsonaro","11":"tag-embaixador","12":"tag-eua","13":"tag-freixo"},"acf":[],"yoast_head":"<!-- This site is optimized with the Yoast SEO plugin v26.5 - https:\/\/yoast.com\/wordpress\/plugins\/seo\/ -->\n<title>Incitatus Bolsonaro - PSOL 50<\/title>\n<meta name=\"description\" content=\"Artigo de Marcelo Freixo sobre indica\u00e7\u00e3o de Eduardo Bolsonaro \u00e0 embaixada dos EUA\" \/>\n<meta name=\"robots\" content=\"index, follow, max-snippet:-1, max-image-preview:large, max-video-preview:-1\" \/>\n<link rel=\"canonical\" href=\"https:\/\/psol50.org.br\/incitatus-bolsonaro\/\" \/>\n<meta property=\"og:locale\" content=\"pt_BR\" \/>\n<meta property=\"og:type\" content=\"article\" \/>\n<meta property=\"og:title\" content=\"Incitatus Bolsonaro\" \/>\n<meta property=\"og:description\" content=\"Artigo de Marcelo Freixo sobre indica\u00e7\u00e3o de Eduardo Bolsonaro \u00e0 embaixada dos EUA\" \/>\n<meta property=\"og:url\" content=\"https:\/\/psol50.org.br\/incitatus-bolsonaro\/\" \/>\n<meta property=\"og:site_name\" content=\"PSOL 50\" \/>\n<meta property=\"article:publisher\" content=\"https:\/\/www.facebook.com\/psol50\" \/>\n<meta property=\"article:published_time\" content=\"2019-08-02T18:34:43+00:00\" \/>\n<meta property=\"og:image\" content=\"https:\/\/psol50.org.br\/inc\/uploads\/2019\/08\/mundo-bolsonaros-trump.jpg\" \/>\n\t<meta property=\"og:image:width\" content=\"680\" \/>\n\t<meta property=\"og:image:height\" content=\"453\" \/>\n\t<meta property=\"og:image:type\" content=\"image\/jpeg\" \/>\n<meta name=\"author\" content=\"Comunica\u00e7\u00e3o PSOL\" \/>\n<meta name=\"twitter:card\" content=\"summary_large_image\" \/>\n<meta name=\"twitter:title\" content=\"Incitatus Bolsonaro\" \/>\n<meta name=\"twitter:description\" content=\"Artigo de Marcelo Freixo sobre indica\u00e7\u00e3o de Eduardo Bolsonaro \u00e0 embaixada dos EUA\" \/>\n<meta name=\"twitter:image\" content=\"https:\/\/psol50.org.br\/inc\/uploads\/2019\/08\/mundo-bolsonaros-trump.jpg\" \/>\n<meta name=\"twitter:creator\" content=\"@psol50\" \/>\n<meta name=\"twitter:site\" content=\"@psol50\" \/>\n<meta name=\"twitter:label1\" content=\"Escrito por\" \/>\n\t<meta name=\"twitter:data1\" content=\"Comunica\u00e7\u00e3o PSOL\" \/>\n\t<meta name=\"twitter:label2\" content=\"Est. tempo de leitura\" \/>\n\t<meta name=\"twitter:data2\" content=\"3 minutos\" \/>\n<script type=\"application\/ld+json\" class=\"yoast-schema-graph\">{\"@context\":\"https:\/\/schema.org\",\"@graph\":[{\"@type\":\"Article\",\"@id\":\"https:\/\/psol50.org.br\/incitatus-bolsonaro\/#article\",\"isPartOf\":{\"@id\":\"https:\/\/psol50.org.br\/incitatus-bolsonaro\/\"},\"author\":{\"name\":\"Comunica\u00e7\u00e3o PSOL\",\"@id\":\"https:\/\/psol50.org.br\/#\/schema\/person\/475dfa57d0b815993c714c2e96491fcd\"},\"headline\":\"Incitatus Bolsonaro\",\"datePublished\":\"2019-08-02T18:34:43+00:00\",\"mainEntityOfPage\":{\"@id\":\"https:\/\/psol50.org.br\/incitatus-bolsonaro\/\"},\"wordCount\":636,\"publisher\":{\"@id\":\"https:\/\/psol50.org.br\/#organization\"},\"image\":{\"@id\":\"https:\/\/psol50.org.br\/incitatus-bolsonaro\/#primaryimage\"},\"thumbnailUrl\":\"https:\/\/psol50.org.br\/inc\/uploads\/2019\/08\/mundo-bolsonaros-trump.jpg\",\"keywords\":[\"artigo\",\"Bolsonaro\",\"Eduardo Bolsonaro\",\"embaixador\",\"EUA\",\"freixo\"],\"articleSection\":[\"Not\u00edcias\"],\"inLanguage\":\"pt-BR\"},{\"@type\":\"WebPage\",\"@id\":\"https:\/\/psol50.org.br\/incitatus-bolsonaro\/\",\"url\":\"https:\/\/psol50.org.br\/incitatus-bolsonaro\/\",\"name\":\"Incitatus Bolsonaro - PSOL 50\",\"isPartOf\":{\"@id\":\"https:\/\/psol50.org.br\/#website\"},\"primaryImageOfPage\":{\"@id\":\"https:\/\/psol50.org.br\/incitatus-bolsonaro\/#primaryimage\"},\"image\":{\"@id\":\"https:\/\/psol50.org.br\/incitatus-bolsonaro\/#primaryimage\"},\"thumbnailUrl\":\"https:\/\/psol50.org.br\/inc\/uploads\/2019\/08\/mundo-bolsonaros-trump.jpg\",\"datePublished\":\"2019-08-02T18:34:43+00:00\",\"description\":\"Artigo de Marcelo Freixo sobre indica\u00e7\u00e3o de Eduardo Bolsonaro \u00e0 embaixada dos EUA\",\"breadcrumb\":{\"@id\":\"https:\/\/psol50.org.br\/incitatus-bolsonaro\/#breadcrumb\"},\"inLanguage\":\"pt-BR\",\"potentialAction\":[{\"@type\":\"ReadAction\",\"target\":[\"https:\/\/psol50.org.br\/incitatus-bolsonaro\/\"]}]},{\"@type\":\"ImageObject\",\"inLanguage\":\"pt-BR\",\"@id\":\"https:\/\/psol50.org.br\/incitatus-bolsonaro\/#primaryimage\",\"url\":\"https:\/\/psol50.org.br\/inc\/uploads\/2019\/08\/mundo-bolsonaros-trump.jpg\",\"contentUrl\":\"https:\/\/psol50.org.br\/inc\/uploads\/2019\/08\/mundo-bolsonaros-trump.jpg\",\"width\":680,\"height\":453,\"caption\":\"Foto: Instagram\/Reprodu\u00e7\u00e3o\"},{\"@type\":\"BreadcrumbList\",\"@id\":\"https:\/\/psol50.org.br\/incitatus-bolsonaro\/#breadcrumb\",\"itemListElement\":[{\"@type\":\"ListItem\",\"position\":1,\"name\":\"In\u00edcio\",\"item\":\"https:\/\/psol50.org.br\/\"},{\"@type\":\"ListItem\",\"position\":2,\"name\":\"Incitatus Bolsonaro\"}]},{\"@type\":\"WebSite\",\"@id\":\"https:\/\/psol50.org.br\/#website\",\"url\":\"https:\/\/psol50.org.br\/\",\"name\":\"PSOL 50\",\"description\":\"Site oficial do Partido Socialismo e Liberdade\",\"publisher\":{\"@id\":\"https:\/\/psol50.org.br\/#organization\"},\"alternateName\":\"PSOL50\",\"potentialAction\":[{\"@type\":\"SearchAction\",\"target\":{\"@type\":\"EntryPoint\",\"urlTemplate\":\"https:\/\/psol50.org.br\/?s={search_term_string}\"},\"query-input\":{\"@type\":\"PropertyValueSpecification\",\"valueRequired\":true,\"valueName\":\"search_term_string\"}}],\"inLanguage\":\"pt-BR\"},{\"@type\":\"Organization\",\"@id\":\"https:\/\/psol50.org.br\/#organization\",\"name\":\"PSOL 50\",\"alternateName\":\"PSOL 50\",\"url\":\"https:\/\/psol50.org.br\/\",\"logo\":{\"@type\":\"ImageObject\",\"inLanguage\":\"pt-BR\",\"@id\":\"https:\/\/psol50.org.br\/#\/schema\/logo\/image\/\",\"url\":\"https:\/\/psol50.org.br\/inc\/uploads\/2018\/07\/capa.png\",\"contentUrl\":\"https:\/\/psol50.org.br\/inc\/uploads\/2018\/07\/capa.png\",\"width\":1350,\"height\":900,\"caption\":\"PSOL 50\"},\"image\":{\"@id\":\"https:\/\/psol50.org.br\/#\/schema\/logo\/image\/\"},\"sameAs\":[\"https:\/\/www.facebook.com\/psol50\",\"https:\/\/x.com\/psol50\",\"https:\/\/www.instagram.com\/psol50\/\",\"https:\/\/www.youtube.com\/channel\/UC7SnJS5o1os7a6CaiNabzcg\"]},{\"@type\":\"Person\",\"@id\":\"https:\/\/psol50.org.br\/#\/schema\/person\/475dfa57d0b815993c714c2e96491fcd\",\"name\":\"Comunica\u00e7\u00e3o PSOL\",\"image\":{\"@type\":\"ImageObject\",\"inLanguage\":\"pt-BR\",\"@id\":\"https:\/\/psol50.org.br\/#\/schema\/person\/image\/\",\"url\":\"https:\/\/secure.gravatar.com\/avatar\/b34fc4f4e468a4e51785917065a3db57b841f5c95dba6ad8c73aaf8f66f8f9bf?s=96&d=mm&r=g\",\"contentUrl\":\"https:\/\/secure.gravatar.com\/avatar\/b34fc4f4e468a4e51785917065a3db57b841f5c95dba6ad8c73aaf8f66f8f9bf?s=96&d=mm&r=g\",\"caption\":\"Comunica\u00e7\u00e3o PSOL\"}}]}<\/script>\n<!-- \/ Yoast SEO plugin. -->","yoast_head_json":{"title":"Incitatus Bolsonaro - PSOL 50","description":"Artigo de Marcelo Freixo sobre indica\u00e7\u00e3o de Eduardo Bolsonaro \u00e0 embaixada dos EUA","robots":{"index":"index","follow":"follow","max-snippet":"max-snippet:-1","max-image-preview":"max-image-preview:large","max-video-preview":"max-video-preview:-1"},"canonical":"https:\/\/psol50.org.br\/incitatus-bolsonaro\/","og_locale":"pt_BR","og_type":"article","og_title":"Incitatus Bolsonaro","og_description":"Artigo de Marcelo Freixo sobre indica\u00e7\u00e3o de Eduardo Bolsonaro \u00e0 embaixada dos EUA","og_url":"https:\/\/psol50.org.br\/incitatus-bolsonaro\/","og_site_name":"PSOL 50","article_publisher":"https:\/\/www.facebook.com\/psol50","article_published_time":"2019-08-02T18:34:43+00:00","og_image":[{"width":680,"height":453,"url":"https:\/\/psol50.org.br\/inc\/uploads\/2019\/08\/mundo-bolsonaros-trump.jpg","type":"image\/jpeg"}],"author":"Comunica\u00e7\u00e3o PSOL","twitter_card":"summary_large_image","twitter_title":"Incitatus Bolsonaro","twitter_description":"Artigo de Marcelo Freixo sobre indica\u00e7\u00e3o de Eduardo Bolsonaro \u00e0 embaixada dos EUA","twitter_image":"https:\/\/psol50.org.br\/inc\/uploads\/2019\/08\/mundo-bolsonaros-trump.jpg","twitter_creator":"@psol50","twitter_site":"@psol50","twitter_misc":{"Escrito por":"Comunica\u00e7\u00e3o PSOL","Est. tempo de leitura":"3 minutos"},"schema":{"@context":"https:\/\/schema.org","@graph":[{"@type":"Article","@id":"https:\/\/psol50.org.br\/incitatus-bolsonaro\/#article","isPartOf":{"@id":"https:\/\/psol50.org.br\/incitatus-bolsonaro\/"},"author":{"name":"Comunica\u00e7\u00e3o PSOL","@id":"https:\/\/psol50.org.br\/#\/schema\/person\/475dfa57d0b815993c714c2e96491fcd"},"headline":"Incitatus Bolsonaro","datePublished":"2019-08-02T18:34:43+00:00","mainEntityOfPage":{"@id":"https:\/\/psol50.org.br\/incitatus-bolsonaro\/"},"wordCount":636,"publisher":{"@id":"https:\/\/psol50.org.br\/#organization"},"image":{"@id":"https:\/\/psol50.org.br\/incitatus-bolsonaro\/#primaryimage"},"thumbnailUrl":"https:\/\/psol50.org.br\/inc\/uploads\/2019\/08\/mundo-bolsonaros-trump.jpg","keywords":["artigo","Bolsonaro","Eduardo Bolsonaro","embaixador","EUA","freixo"],"articleSection":["Not\u00edcias"],"inLanguage":"pt-BR"},{"@type":"WebPage","@id":"https:\/\/psol50.org.br\/incitatus-bolsonaro\/","url":"https:\/\/psol50.org.br\/incitatus-bolsonaro\/","name":"Incitatus Bolsonaro - PSOL 50","isPartOf":{"@id":"https:\/\/psol50.org.br\/#website"},"primaryImageOfPage":{"@id":"https:\/\/psol50.org.br\/incitatus-bolsonaro\/#primaryimage"},"image":{"@id":"https:\/\/psol50.org.br\/incitatus-bolsonaro\/#primaryimage"},"thumbnailUrl":"https:\/\/psol50.org.br\/inc\/uploads\/2019\/08\/mundo-bolsonaros-trump.jpg","datePublished":"2019-08-02T18:34:43+00:00","description":"Artigo de Marcelo Freixo sobre indica\u00e7\u00e3o de Eduardo Bolsonaro \u00e0 embaixada dos EUA","breadcrumb":{"@id":"https:\/\/psol50.org.br\/incitatus-bolsonaro\/#breadcrumb"},"inLanguage":"pt-BR","potentialAction":[{"@type":"ReadAction","target":["https:\/\/psol50.org.br\/incitatus-bolsonaro\/"]}]},{"@type":"ImageObject","inLanguage":"pt-BR","@id":"https:\/\/psol50.org.br\/incitatus-bolsonaro\/#primaryimage","url":"https:\/\/psol50.org.br\/inc\/uploads\/2019\/08\/mundo-bolsonaros-trump.jpg","contentUrl":"https:\/\/psol50.org.br\/inc\/uploads\/2019\/08\/mundo-bolsonaros-trump.jpg","width":680,"height":453,"caption":"Foto: Instagram\/Reprodu\u00e7\u00e3o"},{"@type":"BreadcrumbList","@id":"https:\/\/psol50.org.br\/incitatus-bolsonaro\/#breadcrumb","itemListElement":[{"@type":"ListItem","position":1,"name":"In\u00edcio","item":"https:\/\/psol50.org.br\/"},{"@type":"ListItem","position":2,"name":"Incitatus Bolsonaro"}]},{"@type":"WebSite","@id":"https:\/\/psol50.org.br\/#website","url":"https:\/\/psol50.org.br\/","name":"PSOL 50","description":"Site oficial do Partido Socialismo e Liberdade","publisher":{"@id":"https:\/\/psol50.org.br\/#organization"},"alternateName":"PSOL50","potentialAction":[{"@type":"SearchAction","target":{"@type":"EntryPoint","urlTemplate":"https:\/\/psol50.org.br\/?s={search_term_string}"},"query-input":{"@type":"PropertyValueSpecification","valueRequired":true,"valueName":"search_term_string"}}],"inLanguage":"pt-BR"},{"@type":"Organization","@id":"https:\/\/psol50.org.br\/#organization","name":"PSOL 50","alternateName":"PSOL 50","url":"https:\/\/psol50.org.br\/","logo":{"@type":"ImageObject","inLanguage":"pt-BR","@id":"https:\/\/psol50.org.br\/#\/schema\/logo\/image\/","url":"https:\/\/psol50.org.br\/inc\/uploads\/2018\/07\/capa.png","contentUrl":"https:\/\/psol50.org.br\/inc\/uploads\/2018\/07\/capa.png","width":1350,"height":900,"caption":"PSOL 50"},"image":{"@id":"https:\/\/psol50.org.br\/#\/schema\/logo\/image\/"},"sameAs":["https:\/\/www.facebook.com\/psol50","https:\/\/x.com\/psol50","https:\/\/www.instagram.com\/psol50\/","https:\/\/www.youtube.com\/channel\/UC7SnJS5o1os7a6CaiNabzcg"]},{"@type":"Person","@id":"https:\/\/psol50.org.br\/#\/schema\/person\/475dfa57d0b815993c714c2e96491fcd","name":"Comunica\u00e7\u00e3o PSOL","image":{"@type":"ImageObject","inLanguage":"pt-BR","@id":"https:\/\/psol50.org.br\/#\/schema\/person\/image\/","url":"https:\/\/secure.gravatar.com\/avatar\/b34fc4f4e468a4e51785917065a3db57b841f5c95dba6ad8c73aaf8f66f8f9bf?s=96&d=mm&r=g","contentUrl":"https:\/\/secure.gravatar.com\/avatar\/b34fc4f4e468a4e51785917065a3db57b841f5c95dba6ad8c73aaf8f66f8f9bf?s=96&d=mm&r=g","caption":"Comunica\u00e7\u00e3o PSOL"}}]}},"_links":{"self":[{"href":"https:\/\/psol50.org.br\/rest\/wp\/v2\/posts\/26046","targetHints":{"allow":["GET"]}}],"collection":[{"href":"https:\/\/psol50.org.br\/rest\/wp\/v2\/posts"}],"about":[{"href":"https:\/\/psol50.org.br\/rest\/wp\/v2\/types\/post"}],"author":[{"embeddable":true,"href":"https:\/\/psol50.org.br\/rest\/wp\/v2\/users\/2"}],"replies":[{"embeddable":true,"href":"https:\/\/psol50.org.br\/rest\/wp\/v2\/comments?post=26046"}],"version-history":[{"count":0,"href":"https:\/\/psol50.org.br\/rest\/wp\/v2\/posts\/26046\/revisions"}],"wp:featuredmedia":[{"embeddable":true,"href":"https:\/\/psol50.org.br\/rest\/wp\/v2\/media\/26047"}],"wp:attachment":[{"href":"https:\/\/psol50.org.br\/rest\/wp\/v2\/media?parent=26046"}],"wp:term":[{"taxonomy":"category","embeddable":true,"href":"https:\/\/psol50.org.br\/rest\/wp\/v2\/categories?post=26046"},{"taxonomy":"post_tag","embeddable":true,"href":"https:\/\/psol50.org.br\/rest\/wp\/v2\/tags?post=26046"}],"curies":[{"name":"wp","href":"https:\/\/api.w.org\/{rel}","templated":true}]}}