{"id":26071,"date":"2019-08-05T15:51:57","date_gmt":"2019-08-05T18:51:57","guid":{"rendered":"http:\/\/psol50.org.br\/?p=26071"},"modified":"2019-08-05T15:51:57","modified_gmt":"2019-08-05T18:51:57","slug":"nota-de-repudio-contra-a-intimidacao-policial-no-encontro-de-mulheres-do-psol-sao-paulo","status":"publish","type":"post","link":"https:\/\/psol50.org.br\/nota-de-repudio-contra-a-intimidacao-policial-no-encontro-de-mulheres-do-psol-sao-paulo\/","title":{"rendered":"Nota de rep\u00fadio contra a intimida\u00e7\u00e3o policial no Encontro de Mulheres do PSOL S\u00e3o Paulo"},"content":{"rendered":"<p class=\"p1\">Hoje o estado repressor de D\u00f3ria reafirmou sua l\u00f3gica fascista.<\/p>\n<p class=\"p1\">\u00c0s 9h da manh\u00e3 desse s\u00e1bado, 3 de agosto de 2019, o 5\u00b0 Encontro Estadual de Mulheres do PSOL foi interrompido por dois policiais militares que alegavam estar monitorando nossa atividade e exigiam a identifica\u00e7\u00e3o das organizadoras do evento.<\/p>\n<p class=\"p1\">Ao serem questionados pela legalidade da abordagem e os motivos para tal, apenas afirmaram se tratar de monitoramento de rotina ordenado pelo capit\u00e3o do batalh\u00e3o.<\/p>\n<p class=\"p1\">N\u00f3s, mulheres do PSOL, repudiamos a tentativa de intimida\u00e7\u00e3o da pol\u00edcia militar do estado de S\u00e3o Paulo, repudiamos a postura repressora e intimidadora do governador D\u00f3ria e estimulada pelo discurso autorit\u00e1rio e anti democr\u00e1tico do governo Bolsonaro. E mais do que rep\u00fadio, impomos nossa resist\u00eancia e luta.<\/p>\n<p class=\"p1\">O deputado federal Ivan Valente j\u00e1 agendou uma reuni\u00e3o da bancada estadual e federal do PSOL junto ao secret\u00e1rio de seguran\u00e7a do estado de S\u00e3o Paulo, exigindo explica\u00e7\u00f5es.<\/p>\n<p class=\"p1\">A Comiss\u00e3o de Direitos Humanos da OAB S\u00e3o Paulo foi acionada para ir ao local, e entrou em contato com o Sr. Benedito Mariano,\u00a0 Ouvidor das pol\u00edcias Civil e Militar de S\u00e3o Paulo,\u00a0 informando da grave viola\u00e7\u00e3o, com a identifica\u00e7\u00e3o dos PMs e do carro.<\/p>\n<p class=\"p1\">Nem um passo atr\u00e1s! N\u00e3o aceitamos que o medo nos fa\u00e7a recuar.<\/p>\n<p class=\"p1\">Viva a luta das mulheres!<\/p>\n<p><em><strong>Setorial Nacional de Mulheres do PSOL<\/strong><\/em><br \/>\n<em><strong>S\u00e3o Paulo, 3 de agosto de 2019<\/strong><\/em><\/p>\n","protected":false},"excerpt":{"rendered":"<p>Hoje o estado repressor de D\u00f3ria reafirmou sua l\u00f3gica fascista. \u00c0s 9h da manh\u00e3 desse s\u00e1bado, 3 de agosto de 2019, o 5\u00b0 Encontro Estadual de Mulheres do PSOL foi interrompido por dois policiais militares que alegavam estar monitorando nossa atividade e exigiam a identifica\u00e7\u00e3o das organizadoras do evento. Ao serem questionados pela legalidade da [&hellip;]<\/p>\n","protected":false},"author":2,"featured_media":26072,"comment_status":"closed","ping_status":"open","sticky":false,"template":"","format":"standard","meta":{"_acf_changed":false,"footnotes":""},"categories":[6],"tags":[234,1806,1950,4,19,114,728,22],"class_list":{"0":"post-26071","1":"post","2":"type-post","3":"status-publish","4":"format-standard","5":"has-post-thumbnail","7":"category-noticias","8":"tag-censura","9":"tag-encontro","10":"tag-intimidacao","11":"tag-mulheres","12":"tag-nota","13":"tag-pm","14":"tag-policia","15":"tag-psol"},"acf":[],"yoast_head":"<!-- This site is optimized with the Yoast SEO plugin v26.5 - https:\/\/yoast.com\/wordpress\/plugins\/seo\/ -->\n<title>Nota de rep\u00fadio contra a intimida\u00e7\u00e3o policial no Encontro de Mulheres do PSOL S\u00e3o Paulo<\/title>\n<meta name=\"description\" content=\"Repudiamos a postura repressora e intimidadora do governador D\u00f3ria e estimulada pelo discurso autorit\u00e1rio de Bolsonaro.\" \/>\n<meta name=\"robots\" content=\"index, follow, max-snippet:-1, max-image-preview:large, max-video-preview:-1\" \/>\n<link rel=\"canonical\" href=\"https:\/\/psol50.org.br\/nota-de-repudio-contra-a-intimidacao-policial-no-encontro-de-mulheres-do-psol-sao-paulo\/\" \/>\n<meta property=\"og:locale\" content=\"pt_BR\" \/>\n<meta property=\"og:type\" content=\"article\" \/>\n<meta property=\"og:title\" content=\"Nota de rep\u00fadio contra a intimida\u00e7\u00e3o policial no Encontro de Mulheres do PSOL S\u00e3o Paulo\" \/>\n<meta property=\"og:description\" content=\"Repudiamos a postura repressora e intimidadora do governador D\u00f3ria e estimulada pelo discurso autorit\u00e1rio de Bolsonaro.\" \/>\n<meta property=\"og:url\" content=\"https:\/\/psol50.org.br\/nota-de-repudio-contra-a-intimidacao-policial-no-encontro-de-mulheres-do-psol-sao-paulo\/\" \/>\n<meta property=\"og:site_name\" content=\"PSOL 50\" \/>\n<meta property=\"article:publisher\" content=\"https:\/\/www.facebook.com\/psol50\" \/>\n<meta property=\"article:published_time\" content=\"2019-08-05T18:51:57+00:00\" \/>\n<meta property=\"og:image\" content=\"https:\/\/psol50.org.br\/inc\/uploads\/2019\/08\/photo_2019-08-05-15.45.26.jpeg\" \/>\n\t<meta property=\"og:image:width\" content=\"1200\" \/>\n\t<meta property=\"og:image:height\" content=\"900\" \/>\n\t<meta property=\"og:image:type\" content=\"image\/jpeg\" \/>\n<meta name=\"author\" content=\"Comunica\u00e7\u00e3o PSOL\" \/>\n<meta name=\"twitter:card\" content=\"summary_large_image\" \/>\n<meta name=\"twitter:title\" content=\"Nota de rep\u00fadio contra a intimida\u00e7\u00e3o policial no Encontro de Mulheres do PSOL S\u00e3o Paulo\" \/>\n<meta name=\"twitter:description\" content=\"Repudiamos a postura repressora e intimidadora do governador D\u00f3ria e estimulada pelo discurso autorit\u00e1rio de Bolsonaro.\" \/>\n<meta name=\"twitter:image\" content=\"https:\/\/psol50.org.br\/inc\/uploads\/2019\/08\/photo_2019-08-05-15.45.26.jpeg\" \/>\n<meta name=\"twitter:creator\" content=\"@psol50\" \/>\n<meta name=\"twitter:site\" content=\"@psol50\" \/>\n<meta name=\"twitter:label1\" content=\"Escrito por\" \/>\n\t<meta name=\"twitter:data1\" content=\"Comunica\u00e7\u00e3o PSOL\" \/>\n\t<meta name=\"twitter:label2\" content=\"Est. tempo de leitura\" \/>\n\t<meta name=\"twitter:data2\" content=\"1 minuto\" \/>\n<script type=\"application\/ld+json\" class=\"yoast-schema-graph\">{\"@context\":\"https:\/\/schema.org\",\"@graph\":[{\"@type\":\"Article\",\"@id\":\"https:\/\/psol50.org.br\/nota-de-repudio-contra-a-intimidacao-policial-no-encontro-de-mulheres-do-psol-sao-paulo\/#article\",\"isPartOf\":{\"@id\":\"https:\/\/psol50.org.br\/nota-de-repudio-contra-a-intimidacao-policial-no-encontro-de-mulheres-do-psol-sao-paulo\/\"},\"author\":{\"name\":\"Comunica\u00e7\u00e3o PSOL\",\"@id\":\"https:\/\/psol50.org.br\/#\/schema\/person\/475dfa57d0b815993c714c2e96491fcd\"},\"headline\":\"Nota de rep\u00fadio contra a intimida\u00e7\u00e3o policial no Encontro de Mulheres do PSOL S\u00e3o Paulo\",\"datePublished\":\"2019-08-05T18:51:57+00:00\",\"mainEntityOfPage\":{\"@id\":\"https:\/\/psol50.org.br\/nota-de-repudio-contra-a-intimidacao-policial-no-encontro-de-mulheres-do-psol-sao-paulo\/\"},\"wordCount\":267,\"publisher\":{\"@id\":\"https:\/\/psol50.org.br\/#organization\"},\"image\":{\"@id\":\"https:\/\/psol50.org.br\/nota-de-repudio-contra-a-intimidacao-policial-no-encontro-de-mulheres-do-psol-sao-paulo\/#primaryimage\"},\"thumbnailUrl\":\"https:\/\/psol50.org.br\/inc\/uploads\/2019\/08\/photo_2019-08-05-15.45.26.jpeg\",\"keywords\":[\"censura\",\"Encontro\",\"intimida\u00e7\u00e3o\",\"mulheres\",\"nota\",\"PM\",\"pol\u00edcia\",\"PSOL\"],\"articleSection\":[\"Not\u00edcias\"],\"inLanguage\":\"pt-BR\"},{\"@type\":\"WebPage\",\"@id\":\"https:\/\/psol50.org.br\/nota-de-repudio-contra-a-intimidacao-policial-no-encontro-de-mulheres-do-psol-sao-paulo\/\",\"url\":\"https:\/\/psol50.org.br\/nota-de-repudio-contra-a-intimidacao-policial-no-encontro-de-mulheres-do-psol-sao-paulo\/\",\"name\":\"Nota de rep\u00fadio contra a intimida\u00e7\u00e3o policial no Encontro de Mulheres do PSOL S\u00e3o Paulo\",\"isPartOf\":{\"@id\":\"https:\/\/psol50.org.br\/#website\"},\"primaryImageOfPage\":{\"@id\":\"https:\/\/psol50.org.br\/nota-de-repudio-contra-a-intimidacao-policial-no-encontro-de-mulheres-do-psol-sao-paulo\/#primaryimage\"},\"image\":{\"@id\":\"https:\/\/psol50.org.br\/nota-de-repudio-contra-a-intimidacao-policial-no-encontro-de-mulheres-do-psol-sao-paulo\/#primaryimage\"},\"thumbnailUrl\":\"https:\/\/psol50.org.br\/inc\/uploads\/2019\/08\/photo_2019-08-05-15.45.26.jpeg\",\"datePublished\":\"2019-08-05T18:51:57+00:00\",\"description\":\"Repudiamos a postura repressora e intimidadora do governador D\u00f3ria e estimulada pelo discurso autorit\u00e1rio de Bolsonaro.\",\"breadcrumb\":{\"@id\":\"https:\/\/psol50.org.br\/nota-de-repudio-contra-a-intimidacao-policial-no-encontro-de-mulheres-do-psol-sao-paulo\/#breadcrumb\"},\"inLanguage\":\"pt-BR\",\"potentialAction\":[{\"@type\":\"ReadAction\",\"target\":[\"https:\/\/psol50.org.br\/nota-de-repudio-contra-a-intimidacao-policial-no-encontro-de-mulheres-do-psol-sao-paulo\/\"]}]},{\"@type\":\"ImageObject\",\"inLanguage\":\"pt-BR\",\"@id\":\"https:\/\/psol50.org.br\/nota-de-repudio-contra-a-intimidacao-policial-no-encontro-de-mulheres-do-psol-sao-paulo\/#primaryimage\",\"url\":\"https:\/\/psol50.org.br\/inc\/uploads\/2019\/08\/photo_2019-08-05-15.45.26.jpeg\",\"contentUrl\":\"https:\/\/psol50.org.br\/inc\/uploads\/2019\/08\/photo_2019-08-05-15.45.26.jpeg\",\"width\":1200,\"height\":900},{\"@type\":\"BreadcrumbList\",\"@id\":\"https:\/\/psol50.org.br\/nota-de-repudio-contra-a-intimidacao-policial-no-encontro-de-mulheres-do-psol-sao-paulo\/#breadcrumb\",\"itemListElement\":[{\"@type\":\"ListItem\",\"position\":1,\"name\":\"In\u00edcio\",\"item\":\"https:\/\/psol50.org.br\/\"},{\"@type\":\"ListItem\",\"position\":2,\"name\":\"Nota de rep\u00fadio contra a intimida\u00e7\u00e3o policial no Encontro de Mulheres do PSOL S\u00e3o Paulo\"}]},{\"@type\":\"WebSite\",\"@id\":\"https:\/\/psol50.org.br\/#website\",\"url\":\"https:\/\/psol50.org.br\/\",\"name\":\"PSOL 50\",\"description\":\"Site oficial do Partido Socialismo e Liberdade\",\"publisher\":{\"@id\":\"https:\/\/psol50.org.br\/#organization\"},\"alternateName\":\"PSOL50\",\"potentialAction\":[{\"@type\":\"SearchAction\",\"target\":{\"@type\":\"EntryPoint\",\"urlTemplate\":\"https:\/\/psol50.org.br\/?s={search_term_string}\"},\"query-input\":{\"@type\":\"PropertyValueSpecification\",\"valueRequired\":true,\"valueName\":\"search_term_string\"}}],\"inLanguage\":\"pt-BR\"},{\"@type\":\"Organization\",\"@id\":\"https:\/\/psol50.org.br\/#organization\",\"name\":\"PSOL 50\",\"alternateName\":\"PSOL 50\",\"url\":\"https:\/\/psol50.org.br\/\",\"logo\":{\"@type\":\"ImageObject\",\"inLanguage\":\"pt-BR\",\"@id\":\"https:\/\/psol50.org.br\/#\/schema\/logo\/image\/\",\"url\":\"https:\/\/psol50.org.br\/inc\/uploads\/2018\/07\/capa.png\",\"contentUrl\":\"https:\/\/psol50.org.br\/inc\/uploads\/2018\/07\/capa.png\",\"width\":1350,\"height\":900,\"caption\":\"PSOL 50\"},\"image\":{\"@id\":\"https:\/\/psol50.org.br\/#\/schema\/logo\/image\/\"},\"sameAs\":[\"https:\/\/www.facebook.com\/psol50\",\"https:\/\/x.com\/psol50\",\"https:\/\/www.instagram.com\/psol50\/\",\"https:\/\/www.youtube.com\/channel\/UC7SnJS5o1os7a6CaiNabzcg\"]},{\"@type\":\"Person\",\"@id\":\"https:\/\/psol50.org.br\/#\/schema\/person\/475dfa57d0b815993c714c2e96491fcd\",\"name\":\"Comunica\u00e7\u00e3o PSOL\",\"image\":{\"@type\":\"ImageObject\",\"inLanguage\":\"pt-BR\",\"@id\":\"https:\/\/psol50.org.br\/#\/schema\/person\/image\/\",\"url\":\"https:\/\/secure.gravatar.com\/avatar\/b34fc4f4e468a4e51785917065a3db57b841f5c95dba6ad8c73aaf8f66f8f9bf?s=96&d=mm&r=g\",\"contentUrl\":\"https:\/\/secure.gravatar.com\/avatar\/b34fc4f4e468a4e51785917065a3db57b841f5c95dba6ad8c73aaf8f66f8f9bf?s=96&d=mm&r=g\",\"caption\":\"Comunica\u00e7\u00e3o PSOL\"}}]}<\/script>\n<!-- \/ Yoast SEO plugin. -->","yoast_head_json":{"title":"Nota de rep\u00fadio contra a intimida\u00e7\u00e3o policial no Encontro de Mulheres do PSOL S\u00e3o Paulo","description":"Repudiamos a postura repressora e intimidadora do governador D\u00f3ria e estimulada pelo discurso autorit\u00e1rio de Bolsonaro.","robots":{"index":"index","follow":"follow","max-snippet":"max-snippet:-1","max-image-preview":"max-image-preview:large","max-video-preview":"max-video-preview:-1"},"canonical":"https:\/\/psol50.org.br\/nota-de-repudio-contra-a-intimidacao-policial-no-encontro-de-mulheres-do-psol-sao-paulo\/","og_locale":"pt_BR","og_type":"article","og_title":"Nota de rep\u00fadio contra a intimida\u00e7\u00e3o policial no Encontro de Mulheres do PSOL S\u00e3o Paulo","og_description":"Repudiamos a postura repressora e intimidadora do governador D\u00f3ria e estimulada pelo discurso autorit\u00e1rio de Bolsonaro.","og_url":"https:\/\/psol50.org.br\/nota-de-repudio-contra-a-intimidacao-policial-no-encontro-de-mulheres-do-psol-sao-paulo\/","og_site_name":"PSOL 50","article_publisher":"https:\/\/www.facebook.com\/psol50","article_published_time":"2019-08-05T18:51:57+00:00","og_image":[{"width":1200,"height":900,"url":"https:\/\/psol50.org.br\/inc\/uploads\/2019\/08\/photo_2019-08-05-15.45.26.jpeg","type":"image\/jpeg"}],"author":"Comunica\u00e7\u00e3o PSOL","twitter_card":"summary_large_image","twitter_title":"Nota de rep\u00fadio contra a intimida\u00e7\u00e3o policial no Encontro de Mulheres do PSOL S\u00e3o Paulo","twitter_description":"Repudiamos a postura repressora e intimidadora do governador D\u00f3ria e estimulada pelo discurso autorit\u00e1rio de Bolsonaro.","twitter_image":"https:\/\/psol50.org.br\/inc\/uploads\/2019\/08\/photo_2019-08-05-15.45.26.jpeg","twitter_creator":"@psol50","twitter_site":"@psol50","twitter_misc":{"Escrito por":"Comunica\u00e7\u00e3o PSOL","Est. tempo de leitura":"1 minuto"},"schema":{"@context":"https:\/\/schema.org","@graph":[{"@type":"Article","@id":"https:\/\/psol50.org.br\/nota-de-repudio-contra-a-intimidacao-policial-no-encontro-de-mulheres-do-psol-sao-paulo\/#article","isPartOf":{"@id":"https:\/\/psol50.org.br\/nota-de-repudio-contra-a-intimidacao-policial-no-encontro-de-mulheres-do-psol-sao-paulo\/"},"author":{"name":"Comunica\u00e7\u00e3o PSOL","@id":"https:\/\/psol50.org.br\/#\/schema\/person\/475dfa57d0b815993c714c2e96491fcd"},"headline":"Nota de rep\u00fadio contra a intimida\u00e7\u00e3o policial no Encontro de Mulheres do PSOL S\u00e3o Paulo","datePublished":"2019-08-05T18:51:57+00:00","mainEntityOfPage":{"@id":"https:\/\/psol50.org.br\/nota-de-repudio-contra-a-intimidacao-policial-no-encontro-de-mulheres-do-psol-sao-paulo\/"},"wordCount":267,"publisher":{"@id":"https:\/\/psol50.org.br\/#organization"},"image":{"@id":"https:\/\/psol50.org.br\/nota-de-repudio-contra-a-intimidacao-policial-no-encontro-de-mulheres-do-psol-sao-paulo\/#primaryimage"},"thumbnailUrl":"https:\/\/psol50.org.br\/inc\/uploads\/2019\/08\/photo_2019-08-05-15.45.26.jpeg","keywords":["censura","Encontro","intimida\u00e7\u00e3o","mulheres","nota","PM","pol\u00edcia","PSOL"],"articleSection":["Not\u00edcias"],"inLanguage":"pt-BR"},{"@type":"WebPage","@id":"https:\/\/psol50.org.br\/nota-de-repudio-contra-a-intimidacao-policial-no-encontro-de-mulheres-do-psol-sao-paulo\/","url":"https:\/\/psol50.org.br\/nota-de-repudio-contra-a-intimidacao-policial-no-encontro-de-mulheres-do-psol-sao-paulo\/","name":"Nota de rep\u00fadio contra a intimida\u00e7\u00e3o policial no Encontro de Mulheres do PSOL S\u00e3o Paulo","isPartOf":{"@id":"https:\/\/psol50.org.br\/#website"},"primaryImageOfPage":{"@id":"https:\/\/psol50.org.br\/nota-de-repudio-contra-a-intimidacao-policial-no-encontro-de-mulheres-do-psol-sao-paulo\/#primaryimage"},"image":{"@id":"https:\/\/psol50.org.br\/nota-de-repudio-contra-a-intimidacao-policial-no-encontro-de-mulheres-do-psol-sao-paulo\/#primaryimage"},"thumbnailUrl":"https:\/\/psol50.org.br\/inc\/uploads\/2019\/08\/photo_2019-08-05-15.45.26.jpeg","datePublished":"2019-08-05T18:51:57+00:00","description":"Repudiamos a postura repressora e intimidadora do governador D\u00f3ria e estimulada pelo discurso autorit\u00e1rio de Bolsonaro.","breadcrumb":{"@id":"https:\/\/psol50.org.br\/nota-de-repudio-contra-a-intimidacao-policial-no-encontro-de-mulheres-do-psol-sao-paulo\/#breadcrumb"},"inLanguage":"pt-BR","potentialAction":[{"@type":"ReadAction","target":["https:\/\/psol50.org.br\/nota-de-repudio-contra-a-intimidacao-policial-no-encontro-de-mulheres-do-psol-sao-paulo\/"]}]},{"@type":"ImageObject","inLanguage":"pt-BR","@id":"https:\/\/psol50.org.br\/nota-de-repudio-contra-a-intimidacao-policial-no-encontro-de-mulheres-do-psol-sao-paulo\/#primaryimage","url":"https:\/\/psol50.org.br\/inc\/uploads\/2019\/08\/photo_2019-08-05-15.45.26.jpeg","contentUrl":"https:\/\/psol50.org.br\/inc\/uploads\/2019\/08\/photo_2019-08-05-15.45.26.jpeg","width":1200,"height":900},{"@type":"BreadcrumbList","@id":"https:\/\/psol50.org.br\/nota-de-repudio-contra-a-intimidacao-policial-no-encontro-de-mulheres-do-psol-sao-paulo\/#breadcrumb","itemListElement":[{"@type":"ListItem","position":1,"name":"In\u00edcio","item":"https:\/\/psol50.org.br\/"},{"@type":"ListItem","position":2,"name":"Nota de rep\u00fadio contra a intimida\u00e7\u00e3o policial no Encontro de Mulheres do PSOL S\u00e3o Paulo"}]},{"@type":"WebSite","@id":"https:\/\/psol50.org.br\/#website","url":"https:\/\/psol50.org.br\/","name":"PSOL 50","description":"Site oficial do Partido Socialismo e Liberdade","publisher":{"@id":"https:\/\/psol50.org.br\/#organization"},"alternateName":"PSOL50","potentialAction":[{"@type":"SearchAction","target":{"@type":"EntryPoint","urlTemplate":"https:\/\/psol50.org.br\/?s={search_term_string}"},"query-input":{"@type":"PropertyValueSpecification","valueRequired":true,"valueName":"search_term_string"}}],"inLanguage":"pt-BR"},{"@type":"Organization","@id":"https:\/\/psol50.org.br\/#organization","name":"PSOL 50","alternateName":"PSOL 50","url":"https:\/\/psol50.org.br\/","logo":{"@type":"ImageObject","inLanguage":"pt-BR","@id":"https:\/\/psol50.org.br\/#\/schema\/logo\/image\/","url":"https:\/\/psol50.org.br\/inc\/uploads\/2018\/07\/capa.png","contentUrl":"https:\/\/psol50.org.br\/inc\/uploads\/2018\/07\/capa.png","width":1350,"height":900,"caption":"PSOL 50"},"image":{"@id":"https:\/\/psol50.org.br\/#\/schema\/logo\/image\/"},"sameAs":["https:\/\/www.facebook.com\/psol50","https:\/\/x.com\/psol50","https:\/\/www.instagram.com\/psol50\/","https:\/\/www.youtube.com\/channel\/UC7SnJS5o1os7a6CaiNabzcg"]},{"@type":"Person","@id":"https:\/\/psol50.org.br\/#\/schema\/person\/475dfa57d0b815993c714c2e96491fcd","name":"Comunica\u00e7\u00e3o PSOL","image":{"@type":"ImageObject","inLanguage":"pt-BR","@id":"https:\/\/psol50.org.br\/#\/schema\/person\/image\/","url":"https:\/\/secure.gravatar.com\/avatar\/b34fc4f4e468a4e51785917065a3db57b841f5c95dba6ad8c73aaf8f66f8f9bf?s=96&d=mm&r=g","contentUrl":"https:\/\/secure.gravatar.com\/avatar\/b34fc4f4e468a4e51785917065a3db57b841f5c95dba6ad8c73aaf8f66f8f9bf?s=96&d=mm&r=g","caption":"Comunica\u00e7\u00e3o PSOL"}}]}},"_links":{"self":[{"href":"https:\/\/psol50.org.br\/rest\/wp\/v2\/posts\/26071","targetHints":{"allow":["GET"]}}],"collection":[{"href":"https:\/\/psol50.org.br\/rest\/wp\/v2\/posts"}],"about":[{"href":"https:\/\/psol50.org.br\/rest\/wp\/v2\/types\/post"}],"author":[{"embeddable":true,"href":"https:\/\/psol50.org.br\/rest\/wp\/v2\/users\/2"}],"replies":[{"embeddable":true,"href":"https:\/\/psol50.org.br\/rest\/wp\/v2\/comments?post=26071"}],"version-history":[{"count":0,"href":"https:\/\/psol50.org.br\/rest\/wp\/v2\/posts\/26071\/revisions"}],"wp:featuredmedia":[{"embeddable":true,"href":"https:\/\/psol50.org.br\/rest\/wp\/v2\/media\/26072"}],"wp:attachment":[{"href":"https:\/\/psol50.org.br\/rest\/wp\/v2\/media?parent=26071"}],"wp:term":[{"taxonomy":"category","embeddable":true,"href":"https:\/\/psol50.org.br\/rest\/wp\/v2\/categories?post=26071"},{"taxonomy":"post_tag","embeddable":true,"href":"https:\/\/psol50.org.br\/rest\/wp\/v2\/tags?post=26071"}],"curies":[{"name":"wp","href":"https:\/\/api.w.org\/{rel}","templated":true}]}}