{"id":26090,"date":"2019-08-06T18:12:14","date_gmt":"2019-08-06T21:12:14","guid":{"rendered":"http:\/\/psol50.org.br\/?p=26090"},"modified":"2019-08-06T18:12:14","modified_gmt":"2019-08-06T21:12:14","slug":"psol-pede-convocacao-de-marcos-pontes-para-explicar-intervencao-de-bolsonaro-no-inpe","status":"publish","type":"post","link":"https:\/\/psol50.org.br\/psol-pede-convocacao-de-marcos-pontes-para-explicar-intervencao-de-bolsonaro-no-inpe\/","title":{"rendered":"PSOL pede convoca\u00e7\u00e3o de Marcos Pontes para explicar interven\u00e7\u00e3o de Bolsonaro no INPE"},"content":{"rendered":"<p>O PSOL pediu nesta ter\u00e7a-feira (6) a convoca\u00e7\u00e3o \u00e0 C\u00e2mara dos Deputados do Ministro da Ci\u00eancia e Tecnologia, Marcos Pontes, para explicar as mudan\u00e7as no comando do INPE (Instituto Nacional de Pesquisas Espaciais), que monitora e divulga os dados sobre desmatamento no pa\u00eds.<\/p>\n<p>Os pedidos do partido foram feitos \u00e0 Comiss\u00e3o de Ci\u00eancia e Tecnologia &#8211; pelas deputadas Luiza Erundina e S\u00e2mia Bomfim -, \u00e0 Comiss\u00e3o de Meio Ambiente e Desenvolvimento Sustent\u00e1vel &#8211; pela deputada Fernanda Melchionna &#8211; e \u00e0 Comiss\u00e3o de Integra\u00e7\u00e3o Nacional, Desenvolvimento Regional e Amaz\u00f4nia, pelo deputado Edmilson Rodrigues.<\/p>\n<p>&#8220;Enquanto Ricardo Galv\u00e3o teve 217 artigos publicados em peri\u00f3dicos cient\u00edficos no Brasil e no exterior, mais 42 cap\u00edtulos de livros, Darcton Policarpo Dami\u00e3o nunca submeteu (ou nunca teve aprova\u00e7\u00e3o) seu trabalho a nenhum peri\u00f3dico cient\u00edfico. Portanto o n\u00edvel de experi\u00eancia e reconhecimento cient\u00edfico \u00e9 incompar\u00e1vel. N\u00e3o h\u00e1 explica\u00e7\u00e3o para a dispensa que n\u00e3o persegui\u00e7\u00e3o ideol\u00f3gica&#8221;, escreveram os parlamentares do PSOL nos requerimentos.<\/p>\n","protected":false},"excerpt":{"rendered":"<p>O PSOL pediu nesta ter\u00e7a-feira (6) a convoca\u00e7\u00e3o \u00e0 C\u00e2mara dos Deputados do Ministro da Ci\u00eancia e Tecnologia, Marcos Pontes, para explicar as mudan\u00e7as no comando do INPE (Instituto Nacional de Pesquisas Espaciais), que monitora e divulga os dados sobre desmatamento no pa\u00eds. Os pedidos do partido foram feitos \u00e0 Comiss\u00e3o de Ci\u00eancia e Tecnologia [&hellip;]<\/p>\n","protected":false},"author":2,"featured_media":26094,"comment_status":"closed","ping_status":"open","sticky":false,"template":"","format":"standard","meta":{"_acf_changed":false,"footnotes":""},"categories":[6],"tags":[163,516,928,1951,22,1952,1953],"class_list":{"0":"post-26090","1":"post","2":"type-post","3":"status-publish","4":"format-standard","5":"has-post-thumbnail","7":"category-noticias","8":"tag-camara","9":"tag-ciencia","10":"tag-inpe","11":"tag-marcos-pontes","12":"tag-psol","13":"tag-ricardo-galvao","14":"tag-tecnologia"},"acf":[],"yoast_head":"<!-- This site is optimized with the Yoast SEO plugin v26.5 - https:\/\/yoast.com\/wordpress\/plugins\/seo\/ -->\n<title>PSOL pede convoca\u00e7\u00e3o de Marcos Pontes para explicar interven\u00e7\u00e3o de Bolsonaro no INPE<\/title>\n<meta name=\"robots\" content=\"index, follow, max-snippet:-1, max-image-preview:large, max-video-preview:-1\" \/>\n<link rel=\"canonical\" href=\"https:\/\/psol50.org.br\/psol-pede-convocacao-de-marcos-pontes-para-explicar-intervencao-de-bolsonaro-no-inpe\/\" \/>\n<meta property=\"og:locale\" content=\"pt_BR\" \/>\n<meta property=\"og:type\" content=\"article\" \/>\n<meta property=\"og:title\" content=\"PSOL pede convoca\u00e7\u00e3o de Marcos Pontes para explicar interven\u00e7\u00e3o de Bolsonaro no INPE\" \/>\n<meta property=\"og:description\" content=\"Novo diretor do INPE n\u00e3o tem trabalhos na \u00e1rea cient\u00edfica\" \/>\n<meta property=\"og:url\" content=\"https:\/\/psol50.org.br\/psol-pede-convocacao-de-marcos-pontes-para-explicar-intervencao-de-bolsonaro-no-inpe\/\" \/>\n<meta property=\"og:site_name\" content=\"PSOL 50\" \/>\n<meta property=\"article:publisher\" content=\"https:\/\/www.facebook.com\/psol50\" \/>\n<meta property=\"article:published_time\" content=\"2019-08-06T21:12:14+00:00\" \/>\n<meta property=\"og:image\" content=\"https:\/\/psol50.org.br\/inc\/uploads\/2019\/08\/15638165465d35f26295242_1563816546_3x2_lg-1-1140x610-1.jpg\" \/>\n\t<meta property=\"og:image:width\" content=\"1140\" \/>\n\t<meta property=\"og:image:height\" content=\"610\" \/>\n\t<meta property=\"og:image:type\" content=\"image\/jpeg\" \/>\n<meta name=\"author\" content=\"Comunica\u00e7\u00e3o PSOL\" \/>\n<meta name=\"twitter:card\" content=\"summary_large_image\" \/>\n<meta name=\"twitter:title\" content=\"PSOL pede convoca\u00e7\u00e3o de Marcos Pontes para explicar interven\u00e7\u00e3o de Bolsonaro no INPE\" \/>\n<meta name=\"twitter:description\" content=\"Novo diretor do INPE n\u00e3o tem trabalhos na \u00e1rea cient\u00edfica\" \/>\n<meta name=\"twitter:image\" content=\"https:\/\/psol50.org.br\/inc\/uploads\/2019\/08\/15638165465d35f26295242_1563816546_3x2_lg-1-1140x610-1.jpg\" \/>\n<meta name=\"twitter:creator\" content=\"@psol50\" \/>\n<meta name=\"twitter:site\" content=\"@psol50\" \/>\n<meta name=\"twitter:label1\" content=\"Escrito por\" \/>\n\t<meta name=\"twitter:data1\" content=\"Comunica\u00e7\u00e3o PSOL\" \/>\n\t<meta name=\"twitter:label2\" content=\"Est. tempo de leitura\" \/>\n\t<meta name=\"twitter:data2\" content=\"1 minuto\" \/>\n<script type=\"application\/ld+json\" class=\"yoast-schema-graph\">{\"@context\":\"https:\/\/schema.org\",\"@graph\":[{\"@type\":\"Article\",\"@id\":\"https:\/\/psol50.org.br\/psol-pede-convocacao-de-marcos-pontes-para-explicar-intervencao-de-bolsonaro-no-inpe\/#article\",\"isPartOf\":{\"@id\":\"https:\/\/psol50.org.br\/psol-pede-convocacao-de-marcos-pontes-para-explicar-intervencao-de-bolsonaro-no-inpe\/\"},\"author\":{\"name\":\"Comunica\u00e7\u00e3o PSOL\",\"@id\":\"https:\/\/psol50.org.br\/#\/schema\/person\/475dfa57d0b815993c714c2e96491fcd\"},\"headline\":\"PSOL pede convoca\u00e7\u00e3o de Marcos Pontes para explicar interven\u00e7\u00e3o de Bolsonaro no INPE\",\"datePublished\":\"2019-08-06T21:12:14+00:00\",\"mainEntityOfPage\":{\"@id\":\"https:\/\/psol50.org.br\/psol-pede-convocacao-de-marcos-pontes-para-explicar-intervencao-de-bolsonaro-no-inpe\/\"},\"wordCount\":192,\"publisher\":{\"@id\":\"https:\/\/psol50.org.br\/#organization\"},\"image\":{\"@id\":\"https:\/\/psol50.org.br\/psol-pede-convocacao-de-marcos-pontes-para-explicar-intervencao-de-bolsonaro-no-inpe\/#primaryimage\"},\"thumbnailUrl\":\"https:\/\/psol50.org.br\/inc\/uploads\/2019\/08\/15638165465d35f26295242_1563816546_3x2_lg-1-1140x610-1.jpg\",\"keywords\":[\"c\u00e2mara\",\"ci\u00eancia\",\"inpe\",\"marcos pontes\",\"PSOL\",\"ricardo galv\u00e3o\",\"tecnologia\"],\"articleSection\":[\"Not\u00edcias\"],\"inLanguage\":\"pt-BR\"},{\"@type\":\"WebPage\",\"@id\":\"https:\/\/psol50.org.br\/psol-pede-convocacao-de-marcos-pontes-para-explicar-intervencao-de-bolsonaro-no-inpe\/\",\"url\":\"https:\/\/psol50.org.br\/psol-pede-convocacao-de-marcos-pontes-para-explicar-intervencao-de-bolsonaro-no-inpe\/\",\"name\":\"PSOL pede convoca\u00e7\u00e3o de Marcos Pontes para explicar interven\u00e7\u00e3o de Bolsonaro no INPE\",\"isPartOf\":{\"@id\":\"https:\/\/psol50.org.br\/#website\"},\"primaryImageOfPage\":{\"@id\":\"https:\/\/psol50.org.br\/psol-pede-convocacao-de-marcos-pontes-para-explicar-intervencao-de-bolsonaro-no-inpe\/#primaryimage\"},\"image\":{\"@id\":\"https:\/\/psol50.org.br\/psol-pede-convocacao-de-marcos-pontes-para-explicar-intervencao-de-bolsonaro-no-inpe\/#primaryimage\"},\"thumbnailUrl\":\"https:\/\/psol50.org.br\/inc\/uploads\/2019\/08\/15638165465d35f26295242_1563816546_3x2_lg-1-1140x610-1.jpg\",\"datePublished\":\"2019-08-06T21:12:14+00:00\",\"breadcrumb\":{\"@id\":\"https:\/\/psol50.org.br\/psol-pede-convocacao-de-marcos-pontes-para-explicar-intervencao-de-bolsonaro-no-inpe\/#breadcrumb\"},\"inLanguage\":\"pt-BR\",\"potentialAction\":[{\"@type\":\"ReadAction\",\"target\":[\"https:\/\/psol50.org.br\/psol-pede-convocacao-de-marcos-pontes-para-explicar-intervencao-de-bolsonaro-no-inpe\/\"]}]},{\"@type\":\"ImageObject\",\"inLanguage\":\"pt-BR\",\"@id\":\"https:\/\/psol50.org.br\/psol-pede-convocacao-de-marcos-pontes-para-explicar-intervencao-de-bolsonaro-no-inpe\/#primaryimage\",\"url\":\"https:\/\/psol50.org.br\/inc\/uploads\/2019\/08\/15638165465d35f26295242_1563816546_3x2_lg-1-1140x610-1.jpg\",\"contentUrl\":\"https:\/\/psol50.org.br\/inc\/uploads\/2019\/08\/15638165465d35f26295242_1563816546_3x2_lg-1-1140x610-1.jpg\",\"width\":1140,\"height\":610,\"caption\":\"Foto: Valter Campanato\/Ag\u00eancia Brasil\"},{\"@type\":\"BreadcrumbList\",\"@id\":\"https:\/\/psol50.org.br\/psol-pede-convocacao-de-marcos-pontes-para-explicar-intervencao-de-bolsonaro-no-inpe\/#breadcrumb\",\"itemListElement\":[{\"@type\":\"ListItem\",\"position\":1,\"name\":\"In\u00edcio\",\"item\":\"https:\/\/psol50.org.br\/\"},{\"@type\":\"ListItem\",\"position\":2,\"name\":\"PSOL pede convoca\u00e7\u00e3o de Marcos Pontes para explicar interven\u00e7\u00e3o de Bolsonaro no INPE\"}]},{\"@type\":\"WebSite\",\"@id\":\"https:\/\/psol50.org.br\/#website\",\"url\":\"https:\/\/psol50.org.br\/\",\"name\":\"PSOL 50\",\"description\":\"Site oficial do Partido Socialismo e Liberdade\",\"publisher\":{\"@id\":\"https:\/\/psol50.org.br\/#organization\"},\"alternateName\":\"PSOL50\",\"potentialAction\":[{\"@type\":\"SearchAction\",\"target\":{\"@type\":\"EntryPoint\",\"urlTemplate\":\"https:\/\/psol50.org.br\/?s={search_term_string}\"},\"query-input\":{\"@type\":\"PropertyValueSpecification\",\"valueRequired\":true,\"valueName\":\"search_term_string\"}}],\"inLanguage\":\"pt-BR\"},{\"@type\":\"Organization\",\"@id\":\"https:\/\/psol50.org.br\/#organization\",\"name\":\"PSOL 50\",\"alternateName\":\"PSOL 50\",\"url\":\"https:\/\/psol50.org.br\/\",\"logo\":{\"@type\":\"ImageObject\",\"inLanguage\":\"pt-BR\",\"@id\":\"https:\/\/psol50.org.br\/#\/schema\/logo\/image\/\",\"url\":\"https:\/\/psol50.org.br\/inc\/uploads\/2018\/07\/capa.png\",\"contentUrl\":\"https:\/\/psol50.org.br\/inc\/uploads\/2018\/07\/capa.png\",\"width\":1350,\"height\":900,\"caption\":\"PSOL 50\"},\"image\":{\"@id\":\"https:\/\/psol50.org.br\/#\/schema\/logo\/image\/\"},\"sameAs\":[\"https:\/\/www.facebook.com\/psol50\",\"https:\/\/x.com\/psol50\",\"https:\/\/www.instagram.com\/psol50\/\",\"https:\/\/www.youtube.com\/channel\/UC7SnJS5o1os7a6CaiNabzcg\"]},{\"@type\":\"Person\",\"@id\":\"https:\/\/psol50.org.br\/#\/schema\/person\/475dfa57d0b815993c714c2e96491fcd\",\"name\":\"Comunica\u00e7\u00e3o PSOL\",\"image\":{\"@type\":\"ImageObject\",\"inLanguage\":\"pt-BR\",\"@id\":\"https:\/\/psol50.org.br\/#\/schema\/person\/image\/\",\"url\":\"https:\/\/secure.gravatar.com\/avatar\/b34fc4f4e468a4e51785917065a3db57b841f5c95dba6ad8c73aaf8f66f8f9bf?s=96&d=mm&r=g\",\"contentUrl\":\"https:\/\/secure.gravatar.com\/avatar\/b34fc4f4e468a4e51785917065a3db57b841f5c95dba6ad8c73aaf8f66f8f9bf?s=96&d=mm&r=g\",\"caption\":\"Comunica\u00e7\u00e3o PSOL\"}}]}<\/script>\n<!-- \/ Yoast SEO plugin. -->","yoast_head_json":{"title":"PSOL pede convoca\u00e7\u00e3o de Marcos Pontes para explicar interven\u00e7\u00e3o de Bolsonaro no INPE","robots":{"index":"index","follow":"follow","max-snippet":"max-snippet:-1","max-image-preview":"max-image-preview:large","max-video-preview":"max-video-preview:-1"},"canonical":"https:\/\/psol50.org.br\/psol-pede-convocacao-de-marcos-pontes-para-explicar-intervencao-de-bolsonaro-no-inpe\/","og_locale":"pt_BR","og_type":"article","og_title":"PSOL pede convoca\u00e7\u00e3o de Marcos Pontes para explicar interven\u00e7\u00e3o de Bolsonaro no INPE","og_description":"Novo diretor do INPE n\u00e3o tem trabalhos na \u00e1rea cient\u00edfica","og_url":"https:\/\/psol50.org.br\/psol-pede-convocacao-de-marcos-pontes-para-explicar-intervencao-de-bolsonaro-no-inpe\/","og_site_name":"PSOL 50","article_publisher":"https:\/\/www.facebook.com\/psol50","article_published_time":"2019-08-06T21:12:14+00:00","og_image":[{"width":1140,"height":610,"url":"https:\/\/psol50.org.br\/inc\/uploads\/2019\/08\/15638165465d35f26295242_1563816546_3x2_lg-1-1140x610-1.jpg","type":"image\/jpeg"}],"author":"Comunica\u00e7\u00e3o PSOL","twitter_card":"summary_large_image","twitter_title":"PSOL pede convoca\u00e7\u00e3o de Marcos Pontes para explicar interven\u00e7\u00e3o de Bolsonaro no INPE","twitter_description":"Novo diretor do INPE n\u00e3o tem trabalhos na \u00e1rea cient\u00edfica","twitter_image":"https:\/\/psol50.org.br\/inc\/uploads\/2019\/08\/15638165465d35f26295242_1563816546_3x2_lg-1-1140x610-1.jpg","twitter_creator":"@psol50","twitter_site":"@psol50","twitter_misc":{"Escrito por":"Comunica\u00e7\u00e3o PSOL","Est. tempo de leitura":"1 minuto"},"schema":{"@context":"https:\/\/schema.org","@graph":[{"@type":"Article","@id":"https:\/\/psol50.org.br\/psol-pede-convocacao-de-marcos-pontes-para-explicar-intervencao-de-bolsonaro-no-inpe\/#article","isPartOf":{"@id":"https:\/\/psol50.org.br\/psol-pede-convocacao-de-marcos-pontes-para-explicar-intervencao-de-bolsonaro-no-inpe\/"},"author":{"name":"Comunica\u00e7\u00e3o PSOL","@id":"https:\/\/psol50.org.br\/#\/schema\/person\/475dfa57d0b815993c714c2e96491fcd"},"headline":"PSOL pede convoca\u00e7\u00e3o de Marcos Pontes para explicar interven\u00e7\u00e3o de Bolsonaro no INPE","datePublished":"2019-08-06T21:12:14+00:00","mainEntityOfPage":{"@id":"https:\/\/psol50.org.br\/psol-pede-convocacao-de-marcos-pontes-para-explicar-intervencao-de-bolsonaro-no-inpe\/"},"wordCount":192,"publisher":{"@id":"https:\/\/psol50.org.br\/#organization"},"image":{"@id":"https:\/\/psol50.org.br\/psol-pede-convocacao-de-marcos-pontes-para-explicar-intervencao-de-bolsonaro-no-inpe\/#primaryimage"},"thumbnailUrl":"https:\/\/psol50.org.br\/inc\/uploads\/2019\/08\/15638165465d35f26295242_1563816546_3x2_lg-1-1140x610-1.jpg","keywords":["c\u00e2mara","ci\u00eancia","inpe","marcos pontes","PSOL","ricardo galv\u00e3o","tecnologia"],"articleSection":["Not\u00edcias"],"inLanguage":"pt-BR"},{"@type":"WebPage","@id":"https:\/\/psol50.org.br\/psol-pede-convocacao-de-marcos-pontes-para-explicar-intervencao-de-bolsonaro-no-inpe\/","url":"https:\/\/psol50.org.br\/psol-pede-convocacao-de-marcos-pontes-para-explicar-intervencao-de-bolsonaro-no-inpe\/","name":"PSOL pede convoca\u00e7\u00e3o de Marcos Pontes para explicar interven\u00e7\u00e3o de Bolsonaro no INPE","isPartOf":{"@id":"https:\/\/psol50.org.br\/#website"},"primaryImageOfPage":{"@id":"https:\/\/psol50.org.br\/psol-pede-convocacao-de-marcos-pontes-para-explicar-intervencao-de-bolsonaro-no-inpe\/#primaryimage"},"image":{"@id":"https:\/\/psol50.org.br\/psol-pede-convocacao-de-marcos-pontes-para-explicar-intervencao-de-bolsonaro-no-inpe\/#primaryimage"},"thumbnailUrl":"https:\/\/psol50.org.br\/inc\/uploads\/2019\/08\/15638165465d35f26295242_1563816546_3x2_lg-1-1140x610-1.jpg","datePublished":"2019-08-06T21:12:14+00:00","breadcrumb":{"@id":"https:\/\/psol50.org.br\/psol-pede-convocacao-de-marcos-pontes-para-explicar-intervencao-de-bolsonaro-no-inpe\/#breadcrumb"},"inLanguage":"pt-BR","potentialAction":[{"@type":"ReadAction","target":["https:\/\/psol50.org.br\/psol-pede-convocacao-de-marcos-pontes-para-explicar-intervencao-de-bolsonaro-no-inpe\/"]}]},{"@type":"ImageObject","inLanguage":"pt-BR","@id":"https:\/\/psol50.org.br\/psol-pede-convocacao-de-marcos-pontes-para-explicar-intervencao-de-bolsonaro-no-inpe\/#primaryimage","url":"https:\/\/psol50.org.br\/inc\/uploads\/2019\/08\/15638165465d35f26295242_1563816546_3x2_lg-1-1140x610-1.jpg","contentUrl":"https:\/\/psol50.org.br\/inc\/uploads\/2019\/08\/15638165465d35f26295242_1563816546_3x2_lg-1-1140x610-1.jpg","width":1140,"height":610,"caption":"Foto: Valter Campanato\/Ag\u00eancia Brasil"},{"@type":"BreadcrumbList","@id":"https:\/\/psol50.org.br\/psol-pede-convocacao-de-marcos-pontes-para-explicar-intervencao-de-bolsonaro-no-inpe\/#breadcrumb","itemListElement":[{"@type":"ListItem","position":1,"name":"In\u00edcio","item":"https:\/\/psol50.org.br\/"},{"@type":"ListItem","position":2,"name":"PSOL pede convoca\u00e7\u00e3o de Marcos Pontes para explicar interven\u00e7\u00e3o de Bolsonaro no INPE"}]},{"@type":"WebSite","@id":"https:\/\/psol50.org.br\/#website","url":"https:\/\/psol50.org.br\/","name":"PSOL 50","description":"Site oficial do Partido Socialismo e Liberdade","publisher":{"@id":"https:\/\/psol50.org.br\/#organization"},"alternateName":"PSOL50","potentialAction":[{"@type":"SearchAction","target":{"@type":"EntryPoint","urlTemplate":"https:\/\/psol50.org.br\/?s={search_term_string}"},"query-input":{"@type":"PropertyValueSpecification","valueRequired":true,"valueName":"search_term_string"}}],"inLanguage":"pt-BR"},{"@type":"Organization","@id":"https:\/\/psol50.org.br\/#organization","name":"PSOL 50","alternateName":"PSOL 50","url":"https:\/\/psol50.org.br\/","logo":{"@type":"ImageObject","inLanguage":"pt-BR","@id":"https:\/\/psol50.org.br\/#\/schema\/logo\/image\/","url":"https:\/\/psol50.org.br\/inc\/uploads\/2018\/07\/capa.png","contentUrl":"https:\/\/psol50.org.br\/inc\/uploads\/2018\/07\/capa.png","width":1350,"height":900,"caption":"PSOL 50"},"image":{"@id":"https:\/\/psol50.org.br\/#\/schema\/logo\/image\/"},"sameAs":["https:\/\/www.facebook.com\/psol50","https:\/\/x.com\/psol50","https:\/\/www.instagram.com\/psol50\/","https:\/\/www.youtube.com\/channel\/UC7SnJS5o1os7a6CaiNabzcg"]},{"@type":"Person","@id":"https:\/\/psol50.org.br\/#\/schema\/person\/475dfa57d0b815993c714c2e96491fcd","name":"Comunica\u00e7\u00e3o PSOL","image":{"@type":"ImageObject","inLanguage":"pt-BR","@id":"https:\/\/psol50.org.br\/#\/schema\/person\/image\/","url":"https:\/\/secure.gravatar.com\/avatar\/b34fc4f4e468a4e51785917065a3db57b841f5c95dba6ad8c73aaf8f66f8f9bf?s=96&d=mm&r=g","contentUrl":"https:\/\/secure.gravatar.com\/avatar\/b34fc4f4e468a4e51785917065a3db57b841f5c95dba6ad8c73aaf8f66f8f9bf?s=96&d=mm&r=g","caption":"Comunica\u00e7\u00e3o PSOL"}}]}},"_links":{"self":[{"href":"https:\/\/psol50.org.br\/rest\/wp\/v2\/posts\/26090","targetHints":{"allow":["GET"]}}],"collection":[{"href":"https:\/\/psol50.org.br\/rest\/wp\/v2\/posts"}],"about":[{"href":"https:\/\/psol50.org.br\/rest\/wp\/v2\/types\/post"}],"author":[{"embeddable":true,"href":"https:\/\/psol50.org.br\/rest\/wp\/v2\/users\/2"}],"replies":[{"embeddable":true,"href":"https:\/\/psol50.org.br\/rest\/wp\/v2\/comments?post=26090"}],"version-history":[{"count":0,"href":"https:\/\/psol50.org.br\/rest\/wp\/v2\/posts\/26090\/revisions"}],"wp:featuredmedia":[{"embeddable":true,"href":"https:\/\/psol50.org.br\/rest\/wp\/v2\/media\/26094"}],"wp:attachment":[{"href":"https:\/\/psol50.org.br\/rest\/wp\/v2\/media?parent=26090"}],"wp:term":[{"taxonomy":"category","embeddable":true,"href":"https:\/\/psol50.org.br\/rest\/wp\/v2\/categories?post=26090"},{"taxonomy":"post_tag","embeddable":true,"href":"https:\/\/psol50.org.br\/rest\/wp\/v2\/tags?post=26090"}],"curies":[{"name":"wp","href":"https:\/\/api.w.org\/{rel}","templated":true}]}}