{"id":261,"date":"2012-08-28T00:00:00","date_gmt":"2012-08-28T00:00:00","guid":{"rendered":"http:\/\/psol50.org.br\/arquivo\/2012\/08\/28\/lancado-manifesto-de-apoio-a-giannazi-em-evento-na-usp\/"},"modified":"2012-08-28T00:00:00","modified_gmt":"2012-08-28T00:00:00","slug":"lancado-manifesto-de-apoio-a-giannazi-em-evento-na-usp","status":"publish","type":"post","link":"https:\/\/psol50.org.br\/lancado-manifesto-de-apoio-a-giannazi-em-evento-na-usp\/","title":{"rendered":"Lan\u00e7ado manifesto de apoio a Giannazi em evento na USP"},"content":{"rendered":"<p><span style=\"text-align: justify\">Na \u00faltima quarta-feira (22), o audit\u00f3rio do pr\u00e9dio de Geografia da Faculdade de Filosofia, Letras e Ci\u00eancias Humanas da USP foi lotado por estudantes, professores e trabalhadores num debate sobre a mudan\u00e7a que n\u00f3s queremos para a cidade de S\u00e3o Paulo.<\/span><\/p>\n<p>Mais de 400 pessoas participaram da atividade organizada pelo Comit\u00ea do PSOL na USP, que contou com as presen\u00e7as de Pl\u00ednio de Arruda Sampaio, Vladimir Safatle, Chico de Oliveira, Ciro Teixeira, Jo\u00e3o Zanetic, Am\u00e9rico Kerr, Francisco Miraglia, nosso candidato a vice, Edmilson Costa, entre outros debatedores.<\/p>\n<p>Os convidados discutiram as propostas de Giannazi para a cidade e falaram de sua trajet\u00f3ria coerente nas lutas pela educa\u00e7\u00e3o p\u00fablica e na dfefesa de uma sociedade mais justa. O candidato do PSOL \u00e0 Presid\u00eancia em 2010, Pl\u00ednio de Arruda Sampaio, ressaltou a import\u00e2ncia das elei\u00e7\u00f5es municipais esse ano em S\u00e3o Paulo, cidade que tem o terceiro maior or\u00e7amento do pa\u00eds. O professor de filosofia, Vladimir Safatle, destacou a import\u00e2ncia de figuras como Carlos Giannazi para o futuro da esquerda brasileira.<\/p>\n<p><img loading=\"lazy\" decoding=\"async\" src=\"http:\/\/giannazi50.com.br\/inc\/uploads\/2012\/08\/555653_338883749533294_1059732569_n-280x186.jpg\" alt=\"\" width=\"280\" height=\"186\" \/>\u00a0 \u00a0<a href=\"http:\/\/giannazi50.com.br\/inc\/uploads\/2012\/08\/419790_338883246200011_435718348_n1.jpg\"><img loading=\"lazy\" decoding=\"async\" src=\"http:\/\/giannazi50.com.br\/inc\/uploads\/2012\/08\/419790_338883246200011_435718348_n1-280x186.jpg\" alt=\"\" width=\"280\" height=\"186\" \/><\/a><\/p>\n<p>Quando Giannazi tomou o microfone, apresentou suas ideias para acabar com a crise urbana em S\u00e3o Paulo e destacou a\u00e7\u00f5es que o prefeito da cidade poderia tomar, como a garantia do cumprimento da lei org\u00e2nica do munic\u00edpio que prev\u00ea o gasto de 31% do or\u00e7amento em educa\u00e7\u00e3o e e a necessidade de um choque de democracia na cidade, aumentando a participa\u00e7\u00e3o da popula\u00e7\u00e3o nos processos decis\u00f3rios e realizando elei\u00e7\u00f5es diretas para nomear os subprefeitos.<\/p>\n<div>\n<p>Ao final do evento, foi lan\u00e7ado o manifesto\u00a0<strong>Para mudar S\u00e3o Paulo apoiamos Giannazi prefeito<\/strong>, que reproduzimos abaixo com seus primeiros signat\u00e1rios. A multid\u00e3o que tomou o audit\u00f3rio saiu ainda mais envolvida na constru\u00e7\u00e3o dessa nova alternativa para S\u00e3o Paulo!<\/p>\n<p><a href=\"http:\/\/giannazi50.com.br\/inc\/uploads\/2012\/08\/378766_338884082866594_346026772_n.jpg\" rel=\"attachment wp-att-1122\"><img loading=\"lazy\" decoding=\"async\" src=\"http:\/\/giannazi50.com.br\/inc\/uploads\/2012\/08\/378766_338884082866594_346026772_n-560x373.jpg\" alt=\"\" width=\"560\" height=\"373\" \/><\/a><br \/>\n<a href=\"https:\/\/www.facebook.com\/media\/set\/?set=a.338882606200075.81503.289516124470057&amp;type=1\" target=\"_blank\" rel=\"noopener\">Veja mais fotos no Facebook<\/a><\/p>\n<h3>Manifesto: Para mudar S\u00e3o Paulo apoiamos Giannazi prefeito<\/h3>\n<p><strong>\u00c9 poss\u00edvel enfrentar a crise urbana<\/strong><\/p>\n<p>A cidade brasileira mais rica \u00e9 tamb\u00e9m a maior em contradi\u00e7\u00f5es e contrastes, a m\u00e1xima express\u00e3o de modelo urbano baseado no lucro e na especula\u00e7\u00e3o do grande capital e n\u00e3o nas necessidades de seus habitantes. Por tr\u00e1s de um aparente caos, h\u00e1 um projeto de cidade desigual, injusta e elitista, a servi\u00e7o das grandes empresas e administrado por seus representantes na prefeitura e na C\u00e2mara de Vereadores.<\/p>\n<p>Este modelo tem conduzido S\u00e3o Paulo a uma crise urbana global envolvendo o transporte, sa\u00fade, moradia, meio-ambiente, educa\u00e7\u00e3o e seguran\u00e7a. A fal\u00eancia dos servi\u00e7os p\u00fablicos afeta duramente os setores majorit\u00e1rios da popula\u00e7\u00e3o, os trabalhadores e os moradores dos bairros pobres, enquanto os bairros nobres e as elites vivem \u00edndices de desenvolvimento extremamente altos.<\/p>\n<p>Hoje a cidade \u00e9 ref\u00e9m da sede de lucro das empreiteiras que a transformaram em selva de concreto. A circula\u00e7\u00e3o no espa\u00e7o urbano est\u00e1 \u00e0 beira do colapso com a precariedade e o alto pre\u00e7o dos transportes p\u00fablicos, al\u00e9m do aumento di\u00e1rio e irracional do n\u00famero de carros, agravado pela redu\u00e7\u00e3o do IPI para que as montadoras sigam tendo mais lucro. A escalada da viol\u00eancia, as enchentes de propor\u00e7\u00e3o cada vez maior e as intermin\u00e1veis filas nos hospitais s\u00e3o a demonstra\u00e7\u00e3o de que a metr\u00f3pole est\u00e1 tornando-se cada vez mais invi\u00e1vel \u00e0 vida.<\/p>\n<p>No entanto, \u00e9 poss\u00edvel mudar essa situa\u00e7\u00e3o atrav\u00e9s da participa\u00e7\u00e3o popular e da democratiza\u00e7\u00e3o da cidade. A busca de recursos para as mudan\u00e7as de que S\u00e3o Paulo deve ser feita enfrentando os grandes devedores dos impostos da cidade \u2013 bancos, gigantes comerciais, multinacionais -, combatendo a corrup\u00e7\u00e3o e cobrando as d\u00edvidas milion\u00e1rias com os cofres p\u00fablicos, al\u00e9m de converter a d\u00edvida do munic\u00edpio com o governo federal em investimentos sociais. Apresentando propostas concretas que enfrentem interesses estabelecidos e ousando debater o que o senso comum da pol\u00edtica tenta demonstrar inexequ\u00edvel, pode-se recuperar a dimens\u00e3o p\u00fablica da pol\u00edtica e melhorar a vida na cidade.<\/p>\n<p>Os bilh\u00f5es que S\u00e3o Paulo abre m\u00e3o de arrecadar atualmente permitiriam investimento massivo em \u00e1reas sociais. No transporte p\u00fablico: metr\u00f4, corredores de \u00f4nibus e ciclovias em um sistema integrado. E subsidiar parte importante do transporte e, desse modo, ampliar a distribui\u00e7\u00e3o de renda e o direito \u00e0 cidade. Retomar os 31% do or\u00e7amento para a educa\u00e7\u00e3o p\u00fablica, possibilitando acabar com o d\u00e9ficit de creches e crian\u00e7as fora da escola, ampliar o acesso e, ao mesmo tempo, diminuir o n\u00famero de crian\u00e7as na sala de aula na educa\u00e7\u00e3o infantil. Investir em sa\u00fade preventiva e zerar o d\u00e9ficit de UBSs na cidade. Investir em equipamentos de cultura e lazer nas periferias; e combater a viol\u00eancia na raiz, melhorando os servi\u00e7os p\u00fablicos combinados com atua\u00e7\u00e3o qualificada e inteligente da guarda civil para diminuir a repress\u00e3o.<\/p>\n<p><strong>Acreditar em uma nova pol\u00edtica<\/strong><\/p>\n<p>Est\u00e1 claro que \u00e9 imposs\u00edvel mudar reproduzindo e ampliando a submiss\u00e3o da cidade aos interesses econ\u00f4micos \u2013 a l\u00f3gica de pol\u00edtica e governo a que assistimos at\u00e9 agora. A prefeitura de S\u00e3o Paulo tem sido apenas um trampolim para disputas menores da pol\u00edtica: candidaturas a outros cargos, constru\u00e7\u00e3o de novos partidos fisiol\u00f3gicos ou objeto de cobi\u00e7a na obten\u00e7\u00e3o de hegemonias partid\u00e1rias. H\u00e1 muitos anos, n\u00e3o temos uma administra\u00e7\u00e3o de fato voltada \u00e0s necessidades mais gritantes de S\u00e3o Paulo. Muitos dos candidatos que se apresentam nesta elei\u00e7\u00e3o fundamentam suas campanhas na \u201cexperi\u00eancia\u201d. Hoje, o que a cidade necessita \u00e9 precisamente recha\u00e7ar a experi\u00eancia dos desgovernos das elites que nos levaram \u00e0 crise.<\/p>\n<p>\u00c9 o momento de acreditar em uma experi\u00eancia diferente. \u00c9 poss\u00edvel e necess\u00e1rio um choque de democracia na cidade, assegurando planejamento e or\u00e7amento efetivamente participativos, elei\u00e7\u00e3o direta de subprefeitos e conselhos populares. \u00c9 preciso que o novo governo n\u00e3o seja comprometido por alian\u00e7as esp\u00farias ou pela depend\u00eancia de monop\u00f3lios econ\u00f4micos, como as empreiteiras, que financiam campanhas eleitorais milion\u00e1rias.<\/p>\n<p>Apoiamos Carlos Giannazi porque acreditamos que esta candidatura \u00e9 a representa\u00e7\u00e3o de um projeto pol\u00edtico de esquerda capaz de mudar a cidade. Sua pr\u00e1tica de mais de 30 anos de trabalho militante e as experi\u00eancias como vereador e deputado comprometido com os movimentos sociais s\u00e3o demonstra\u00e7\u00f5es de sua capacidade de enfrentar a velha pol\u00edtica e os interesses do poder econ\u00f4mico. Por isso, Giannazi \u00e9 verdadeiramente uma alternativa de mudan\u00e7a nesta elei\u00e7\u00e3o.<\/p>\n<p>Frente \u00e0 crise global que a humanidade enfrenta \u2013 resultado de um sistema decadente e invi\u00e1vel \u2013 \u00e9 necess\u00e1rio construir alternativas concretas de supera\u00e7\u00e3o. \u00c9 preciso estar em sintonia com os processos de transforma\u00e7\u00e3o a que novas gera\u00e7\u00f5es come\u00e7am a assistir. Mais do que nunca \u00e9 necess\u00e1rio recuperar a cren\u00e7a de que nada \u00e9 imposs\u00edvel de mudar!<\/p>\n<p><strong>Primeiros signat\u00e1rios:<\/strong><\/p>\n<ul>\n<li>Pl\u00ednio de Arruda Sampaio<\/li>\n<li>Chico de Oliveira \u2013 FFLCH-USP<\/li>\n<li>Jo\u00e3o Zanetic \u2013 IF-USP<\/li>\n<li>Ciro Teixeira Correia \u2013 IGC-USP<\/li>\n<li>Chico Miraglia \u2013 IME-USP<\/li>\n<li>Am\u00e9rico Kerr \u2013 IF-USP<\/li>\n<li>Lisete Arelaro \u2013 FE-USP<\/li>\n<li>Sean Purdy \u2013FFLCH-USP<\/li>\n<li>Suzana Sal\u00e9m \u2013 IF-USP<\/li>\n<li>Lucilia Daruiz Borsari \u2013 IME-USP<\/li>\n<li>Luiz Bernardo Peric\u00e1s \u2013 Escritor e historiador<\/li>\n<li>Ernesto Pichler \u2013 IPT-USP<\/li>\n<li>Marcos Cassin \u2013 FFCLRP-USP<\/li>\n<li>\u00c1quilas Mendes \u2013 FSP-USP e Economia PUC-SP<\/li>\n<li>Rosa Maria Marques \u2013 Economia PUC-SP<\/li>\n<li>Jo\u00e3o Machado \u2013 Economia PUC-SP<\/li>\n<li>Jos\u00e9 Correa Leite \u2013 FAAP<\/li>\n<li>Gilberto Cunha \u2013 Geografia UNIFESP<\/li>\n<li>Frederico Henriques \u2013 PUC-Campinas<\/li>\n<li>Jair Pinheiro \u2013 UNESP<\/li>\n<li>Jos\u00e9 Dami\u00e3o Lima Trindade \u2013 Advogado<\/li>\n<li>Milton Pinheiro \u2013 Professor de Ci\u00eancia Pol\u00edtica da UNEB, editor da Revista NOVOS TEMAS e diretor do ANDES\/SN<\/li>\n<li>Sofia Manzano \u2013 Economista, professora USJT e diretora do ICP<\/li>\n<li>Tito Fl\u00e1vio Bellini \u2013 Historiador e professor universit\u00e1rio<\/li>\n<li>Solon Santos \u2013 Soci\u00f3logo<\/li>\n<li>Antonio C. Mazzeo \u2013 UNESP e diretor do ICP<\/li>\n<li>Cesar Mangolim \u2013 FMU<\/li>\n<li>Jos\u00e9 Valter Canoas \u2013 UNESP<\/li>\n<li>Mercedes Lima \u2013 Professora da Universidade Est\u00e1cio de S\u00e1-SP<\/li>\n<li>Antonio Carlos \u2013 UNIESP<\/li>\n<li>Anderson Deo \u2013 UNESP<\/li>\n<li>Caio Navarro de Toledo \u2013 Professor aposentado da UNICAMP<\/li>\n<li>Ivan Hermine \u2013 Professor universit\u00e1rio<\/li>\n<li>Kennedy Ferreira \u2013 Soci\u00f3logo<\/li>\n<\/ul>\n<\/div>\n<p><em>Fonte: <a href=\"http:\/\/giannazi50.com.br\">http:\/\/giannazi50.com.br\u00a0<\/a><\/em><\/p>\n","protected":false},"excerpt":{"rendered":"<p>Na \u00faltima quarta-feira (22), o audit\u00f3rio do pr\u00e9dio de Geografia da Faculdade de Filosofia, Letras e Ci\u00eancias Humanas da USP foi lotado por estudantes, professores e trabalhadores num debate sobre a mudan\u00e7a que n\u00f3s queremos para a cidade de S\u00e3o Paulo. Mais de 400 pessoas participaram da atividade organizada pelo Comit\u00ea do PSOL na USP, [&hellip;]<\/p>\n","protected":false},"author":2,"featured_media":0,"comment_status":"open","ping_status":"open","sticky":false,"template":"","format":"standard","meta":{"_acf_changed":false,"footnotes":""},"categories":[4766,4974],"tags":[4975],"class_list":{"0":"post-261","1":"post","2":"type-post","3":"status-publish","4":"format-standard","6":"category-arquivo","7":"category-eleicoes-2012","8":"tag-eleicoes-2012"},"acf":[],"yoast_head":"<!-- This site is optimized with the Yoast SEO plugin v26.5 - https:\/\/yoast.com\/wordpress\/plugins\/seo\/ -->\n<title>Lan\u00e7ado manifesto de apoio a Giannazi em evento na USP - PSOL 50<\/title>\n<meta name=\"robots\" content=\"index, follow, max-snippet:-1, max-image-preview:large, max-video-preview:-1\" \/>\n<link rel=\"canonical\" href=\"https:\/\/psol50.org.br\/lancado-manifesto-de-apoio-a-giannazi-em-evento-na-usp\/\" \/>\n<meta property=\"og:locale\" content=\"pt_BR\" \/>\n<meta property=\"og:type\" content=\"article\" \/>\n<meta property=\"og:title\" content=\"Lan\u00e7ado manifesto de apoio a Giannazi em evento na USP - PSOL 50\" \/>\n<meta property=\"og:description\" content=\"Na \u00faltima quarta-feira (22), o audit\u00f3rio do pr\u00e9dio de Geografia da Faculdade de Filosofia, Letras e Ci\u00eancias Humanas da USP foi lotado por estudantes, professores e trabalhadores num debate sobre a mudan\u00e7a que n\u00f3s queremos para a cidade de S\u00e3o Paulo. Mais de 400 pessoas participaram da atividade organizada pelo Comit\u00ea do PSOL na USP, [&hellip;]\" \/>\n<meta property=\"og:url\" content=\"https:\/\/psol50.org.br\/lancado-manifesto-de-apoio-a-giannazi-em-evento-na-usp\/\" \/>\n<meta property=\"og:site_name\" content=\"PSOL 50\" \/>\n<meta property=\"article:publisher\" content=\"https:\/\/www.facebook.com\/psol50\" \/>\n<meta property=\"article:published_time\" content=\"2012-08-28T00:00:00+00:00\" \/>\n<meta property=\"og:image\" content=\"http:\/\/giannazi50.com.br\/inc\/uploads\/2012\/08\/555653_338883749533294_1059732569_n-280x186.jpg\" \/>\n<meta name=\"author\" content=\"Comunica\u00e7\u00e3o PSOL\" \/>\n<meta name=\"twitter:card\" content=\"summary_large_image\" \/>\n<meta name=\"twitter:creator\" content=\"@psol50\" \/>\n<meta name=\"twitter:site\" content=\"@psol50\" \/>\n<meta name=\"twitter:label1\" content=\"Escrito por\" \/>\n\t<meta name=\"twitter:data1\" content=\"Comunica\u00e7\u00e3o PSOL\" \/>\n\t<meta name=\"twitter:label2\" content=\"Est. tempo de leitura\" \/>\n\t<meta name=\"twitter:data2\" content=\"7 minutos\" \/>\n<script type=\"application\/ld+json\" class=\"yoast-schema-graph\">{\"@context\":\"https:\/\/schema.org\",\"@graph\":[{\"@type\":\"Article\",\"@id\":\"https:\/\/psol50.org.br\/lancado-manifesto-de-apoio-a-giannazi-em-evento-na-usp\/#article\",\"isPartOf\":{\"@id\":\"https:\/\/psol50.org.br\/lancado-manifesto-de-apoio-a-giannazi-em-evento-na-usp\/\"},\"author\":{\"name\":\"Comunica\u00e7\u00e3o PSOL\",\"@id\":\"https:\/\/psol50.org.br\/#\/schema\/person\/475dfa57d0b815993c714c2e96491fcd\"},\"headline\":\"Lan\u00e7ado manifesto de apoio a Giannazi em evento na USP\",\"datePublished\":\"2012-08-28T00:00:00+00:00\",\"mainEntityOfPage\":{\"@id\":\"https:\/\/psol50.org.br\/lancado-manifesto-de-apoio-a-giannazi-em-evento-na-usp\/\"},\"wordCount\":1380,\"commentCount\":0,\"publisher\":{\"@id\":\"https:\/\/psol50.org.br\/#organization\"},\"image\":{\"@id\":\"https:\/\/psol50.org.br\/lancado-manifesto-de-apoio-a-giannazi-em-evento-na-usp\/#primaryimage\"},\"thumbnailUrl\":\"http:\/\/giannazi50.com.br\/inc\/uploads\/2012\/08\/555653_338883749533294_1059732569_n-280x186.jpg\",\"keywords\":[\"Elei\u00e7\u00f5es 2012\"],\"articleSection\":[\"Arquivo\",\"ELEI\u00c7\u00d5ES 2012\"],\"inLanguage\":\"pt-BR\",\"potentialAction\":[{\"@type\":\"CommentAction\",\"name\":\"Comment\",\"target\":[\"https:\/\/psol50.org.br\/lancado-manifesto-de-apoio-a-giannazi-em-evento-na-usp\/#respond\"]}]},{\"@type\":\"WebPage\",\"@id\":\"https:\/\/psol50.org.br\/lancado-manifesto-de-apoio-a-giannazi-em-evento-na-usp\/\",\"url\":\"https:\/\/psol50.org.br\/lancado-manifesto-de-apoio-a-giannazi-em-evento-na-usp\/\",\"name\":\"Lan\u00e7ado manifesto de apoio a Giannazi em evento na USP - PSOL 50\",\"isPartOf\":{\"@id\":\"https:\/\/psol50.org.br\/#website\"},\"primaryImageOfPage\":{\"@id\":\"https:\/\/psol50.org.br\/lancado-manifesto-de-apoio-a-giannazi-em-evento-na-usp\/#primaryimage\"},\"image\":{\"@id\":\"https:\/\/psol50.org.br\/lancado-manifesto-de-apoio-a-giannazi-em-evento-na-usp\/#primaryimage\"},\"thumbnailUrl\":\"http:\/\/giannazi50.com.br\/inc\/uploads\/2012\/08\/555653_338883749533294_1059732569_n-280x186.jpg\",\"datePublished\":\"2012-08-28T00:00:00+00:00\",\"breadcrumb\":{\"@id\":\"https:\/\/psol50.org.br\/lancado-manifesto-de-apoio-a-giannazi-em-evento-na-usp\/#breadcrumb\"},\"inLanguage\":\"pt-BR\",\"potentialAction\":[{\"@type\":\"ReadAction\",\"target\":[\"https:\/\/psol50.org.br\/lancado-manifesto-de-apoio-a-giannazi-em-evento-na-usp\/\"]}]},{\"@type\":\"ImageObject\",\"inLanguage\":\"pt-BR\",\"@id\":\"https:\/\/psol50.org.br\/lancado-manifesto-de-apoio-a-giannazi-em-evento-na-usp\/#primaryimage\",\"url\":\"http:\/\/giannazi50.com.br\/inc\/uploads\/2012\/08\/555653_338883749533294_1059732569_n-280x186.jpg\",\"contentUrl\":\"http:\/\/giannazi50.com.br\/inc\/uploads\/2012\/08\/555653_338883749533294_1059732569_n-280x186.jpg\"},{\"@type\":\"BreadcrumbList\",\"@id\":\"https:\/\/psol50.org.br\/lancado-manifesto-de-apoio-a-giannazi-em-evento-na-usp\/#breadcrumb\",\"itemListElement\":[{\"@type\":\"ListItem\",\"position\":1,\"name\":\"In\u00edcio\",\"item\":\"https:\/\/psol50.org.br\/\"},{\"@type\":\"ListItem\",\"position\":2,\"name\":\"Lan\u00e7ado manifesto de apoio a Giannazi em evento na USP\"}]},{\"@type\":\"WebSite\",\"@id\":\"https:\/\/psol50.org.br\/#website\",\"url\":\"https:\/\/psol50.org.br\/\",\"name\":\"PSOL 50\",\"description\":\"Site oficial do Partido Socialismo e Liberdade\",\"publisher\":{\"@id\":\"https:\/\/psol50.org.br\/#organization\"},\"alternateName\":\"PSOL50\",\"potentialAction\":[{\"@type\":\"SearchAction\",\"target\":{\"@type\":\"EntryPoint\",\"urlTemplate\":\"https:\/\/psol50.org.br\/?s={search_term_string}\"},\"query-input\":{\"@type\":\"PropertyValueSpecification\",\"valueRequired\":true,\"valueName\":\"search_term_string\"}}],\"inLanguage\":\"pt-BR\"},{\"@type\":\"Organization\",\"@id\":\"https:\/\/psol50.org.br\/#organization\",\"name\":\"PSOL 50\",\"alternateName\":\"PSOL 50\",\"url\":\"https:\/\/psol50.org.br\/\",\"logo\":{\"@type\":\"ImageObject\",\"inLanguage\":\"pt-BR\",\"@id\":\"https:\/\/psol50.org.br\/#\/schema\/logo\/image\/\",\"url\":\"https:\/\/psol50.org.br\/inc\/uploads\/2018\/07\/capa.png\",\"contentUrl\":\"https:\/\/psol50.org.br\/inc\/uploads\/2018\/07\/capa.png\",\"width\":1350,\"height\":900,\"caption\":\"PSOL 50\"},\"image\":{\"@id\":\"https:\/\/psol50.org.br\/#\/schema\/logo\/image\/\"},\"sameAs\":[\"https:\/\/www.facebook.com\/psol50\",\"https:\/\/x.com\/psol50\",\"https:\/\/www.instagram.com\/psol50\/\",\"https:\/\/www.youtube.com\/channel\/UC7SnJS5o1os7a6CaiNabzcg\"]},{\"@type\":\"Person\",\"@id\":\"https:\/\/psol50.org.br\/#\/schema\/person\/475dfa57d0b815993c714c2e96491fcd\",\"name\":\"Comunica\u00e7\u00e3o PSOL\",\"image\":{\"@type\":\"ImageObject\",\"inLanguage\":\"pt-BR\",\"@id\":\"https:\/\/psol50.org.br\/#\/schema\/person\/image\/\",\"url\":\"https:\/\/secure.gravatar.com\/avatar\/b34fc4f4e468a4e51785917065a3db57b841f5c95dba6ad8c73aaf8f66f8f9bf?s=96&d=mm&r=g\",\"contentUrl\":\"https:\/\/secure.gravatar.com\/avatar\/b34fc4f4e468a4e51785917065a3db57b841f5c95dba6ad8c73aaf8f66f8f9bf?s=96&d=mm&r=g\",\"caption\":\"Comunica\u00e7\u00e3o PSOL\"}}]}<\/script>\n<!-- \/ Yoast SEO plugin. -->","yoast_head_json":{"title":"Lan\u00e7ado manifesto de apoio a Giannazi em evento na USP - PSOL 50","robots":{"index":"index","follow":"follow","max-snippet":"max-snippet:-1","max-image-preview":"max-image-preview:large","max-video-preview":"max-video-preview:-1"},"canonical":"https:\/\/psol50.org.br\/lancado-manifesto-de-apoio-a-giannazi-em-evento-na-usp\/","og_locale":"pt_BR","og_type":"article","og_title":"Lan\u00e7ado manifesto de apoio a Giannazi em evento na USP - PSOL 50","og_description":"Na \u00faltima quarta-feira (22), o audit\u00f3rio do pr\u00e9dio de Geografia da Faculdade de Filosofia, Letras e Ci\u00eancias Humanas da USP foi lotado por estudantes, professores e trabalhadores num debate sobre a mudan\u00e7a que n\u00f3s queremos para a cidade de S\u00e3o Paulo. Mais de 400 pessoas participaram da atividade organizada pelo Comit\u00ea do PSOL na USP, [&hellip;]","og_url":"https:\/\/psol50.org.br\/lancado-manifesto-de-apoio-a-giannazi-em-evento-na-usp\/","og_site_name":"PSOL 50","article_publisher":"https:\/\/www.facebook.com\/psol50","article_published_time":"2012-08-28T00:00:00+00:00","og_image":[{"url":"http:\/\/giannazi50.com.br\/inc\/uploads\/2012\/08\/555653_338883749533294_1059732569_n-280x186.jpg","type":"","width":"","height":""}],"author":"Comunica\u00e7\u00e3o PSOL","twitter_card":"summary_large_image","twitter_creator":"@psol50","twitter_site":"@psol50","twitter_misc":{"Escrito por":"Comunica\u00e7\u00e3o PSOL","Est. tempo de leitura":"7 minutos"},"schema":{"@context":"https:\/\/schema.org","@graph":[{"@type":"Article","@id":"https:\/\/psol50.org.br\/lancado-manifesto-de-apoio-a-giannazi-em-evento-na-usp\/#article","isPartOf":{"@id":"https:\/\/psol50.org.br\/lancado-manifesto-de-apoio-a-giannazi-em-evento-na-usp\/"},"author":{"name":"Comunica\u00e7\u00e3o PSOL","@id":"https:\/\/psol50.org.br\/#\/schema\/person\/475dfa57d0b815993c714c2e96491fcd"},"headline":"Lan\u00e7ado manifesto de apoio a Giannazi em evento na USP","datePublished":"2012-08-28T00:00:00+00:00","mainEntityOfPage":{"@id":"https:\/\/psol50.org.br\/lancado-manifesto-de-apoio-a-giannazi-em-evento-na-usp\/"},"wordCount":1380,"commentCount":0,"publisher":{"@id":"https:\/\/psol50.org.br\/#organization"},"image":{"@id":"https:\/\/psol50.org.br\/lancado-manifesto-de-apoio-a-giannazi-em-evento-na-usp\/#primaryimage"},"thumbnailUrl":"http:\/\/giannazi50.com.br\/inc\/uploads\/2012\/08\/555653_338883749533294_1059732569_n-280x186.jpg","keywords":["Elei\u00e7\u00f5es 2012"],"articleSection":["Arquivo","ELEI\u00c7\u00d5ES 2012"],"inLanguage":"pt-BR","potentialAction":[{"@type":"CommentAction","name":"Comment","target":["https:\/\/psol50.org.br\/lancado-manifesto-de-apoio-a-giannazi-em-evento-na-usp\/#respond"]}]},{"@type":"WebPage","@id":"https:\/\/psol50.org.br\/lancado-manifesto-de-apoio-a-giannazi-em-evento-na-usp\/","url":"https:\/\/psol50.org.br\/lancado-manifesto-de-apoio-a-giannazi-em-evento-na-usp\/","name":"Lan\u00e7ado manifesto de apoio a Giannazi em evento na USP - PSOL 50","isPartOf":{"@id":"https:\/\/psol50.org.br\/#website"},"primaryImageOfPage":{"@id":"https:\/\/psol50.org.br\/lancado-manifesto-de-apoio-a-giannazi-em-evento-na-usp\/#primaryimage"},"image":{"@id":"https:\/\/psol50.org.br\/lancado-manifesto-de-apoio-a-giannazi-em-evento-na-usp\/#primaryimage"},"thumbnailUrl":"http:\/\/giannazi50.com.br\/inc\/uploads\/2012\/08\/555653_338883749533294_1059732569_n-280x186.jpg","datePublished":"2012-08-28T00:00:00+00:00","breadcrumb":{"@id":"https:\/\/psol50.org.br\/lancado-manifesto-de-apoio-a-giannazi-em-evento-na-usp\/#breadcrumb"},"inLanguage":"pt-BR","potentialAction":[{"@type":"ReadAction","target":["https:\/\/psol50.org.br\/lancado-manifesto-de-apoio-a-giannazi-em-evento-na-usp\/"]}]},{"@type":"ImageObject","inLanguage":"pt-BR","@id":"https:\/\/psol50.org.br\/lancado-manifesto-de-apoio-a-giannazi-em-evento-na-usp\/#primaryimage","url":"http:\/\/giannazi50.com.br\/inc\/uploads\/2012\/08\/555653_338883749533294_1059732569_n-280x186.jpg","contentUrl":"http:\/\/giannazi50.com.br\/inc\/uploads\/2012\/08\/555653_338883749533294_1059732569_n-280x186.jpg"},{"@type":"BreadcrumbList","@id":"https:\/\/psol50.org.br\/lancado-manifesto-de-apoio-a-giannazi-em-evento-na-usp\/#breadcrumb","itemListElement":[{"@type":"ListItem","position":1,"name":"In\u00edcio","item":"https:\/\/psol50.org.br\/"},{"@type":"ListItem","position":2,"name":"Lan\u00e7ado manifesto de apoio a Giannazi em evento na USP"}]},{"@type":"WebSite","@id":"https:\/\/psol50.org.br\/#website","url":"https:\/\/psol50.org.br\/","name":"PSOL 50","description":"Site oficial do Partido Socialismo e Liberdade","publisher":{"@id":"https:\/\/psol50.org.br\/#organization"},"alternateName":"PSOL50","potentialAction":[{"@type":"SearchAction","target":{"@type":"EntryPoint","urlTemplate":"https:\/\/psol50.org.br\/?s={search_term_string}"},"query-input":{"@type":"PropertyValueSpecification","valueRequired":true,"valueName":"search_term_string"}}],"inLanguage":"pt-BR"},{"@type":"Organization","@id":"https:\/\/psol50.org.br\/#organization","name":"PSOL 50","alternateName":"PSOL 50","url":"https:\/\/psol50.org.br\/","logo":{"@type":"ImageObject","inLanguage":"pt-BR","@id":"https:\/\/psol50.org.br\/#\/schema\/logo\/image\/","url":"https:\/\/psol50.org.br\/inc\/uploads\/2018\/07\/capa.png","contentUrl":"https:\/\/psol50.org.br\/inc\/uploads\/2018\/07\/capa.png","width":1350,"height":900,"caption":"PSOL 50"},"image":{"@id":"https:\/\/psol50.org.br\/#\/schema\/logo\/image\/"},"sameAs":["https:\/\/www.facebook.com\/psol50","https:\/\/x.com\/psol50","https:\/\/www.instagram.com\/psol50\/","https:\/\/www.youtube.com\/channel\/UC7SnJS5o1os7a6CaiNabzcg"]},{"@type":"Person","@id":"https:\/\/psol50.org.br\/#\/schema\/person\/475dfa57d0b815993c714c2e96491fcd","name":"Comunica\u00e7\u00e3o PSOL","image":{"@type":"ImageObject","inLanguage":"pt-BR","@id":"https:\/\/psol50.org.br\/#\/schema\/person\/image\/","url":"https:\/\/secure.gravatar.com\/avatar\/b34fc4f4e468a4e51785917065a3db57b841f5c95dba6ad8c73aaf8f66f8f9bf?s=96&d=mm&r=g","contentUrl":"https:\/\/secure.gravatar.com\/avatar\/b34fc4f4e468a4e51785917065a3db57b841f5c95dba6ad8c73aaf8f66f8f9bf?s=96&d=mm&r=g","caption":"Comunica\u00e7\u00e3o PSOL"}}]}},"_links":{"self":[{"href":"https:\/\/psol50.org.br\/rest\/wp\/v2\/posts\/261","targetHints":{"allow":["GET"]}}],"collection":[{"href":"https:\/\/psol50.org.br\/rest\/wp\/v2\/posts"}],"about":[{"href":"https:\/\/psol50.org.br\/rest\/wp\/v2\/types\/post"}],"author":[{"embeddable":true,"href":"https:\/\/psol50.org.br\/rest\/wp\/v2\/users\/2"}],"replies":[{"embeddable":true,"href":"https:\/\/psol50.org.br\/rest\/wp\/v2\/comments?post=261"}],"version-history":[{"count":0,"href":"https:\/\/psol50.org.br\/rest\/wp\/v2\/posts\/261\/revisions"}],"wp:attachment":[{"href":"https:\/\/psol50.org.br\/rest\/wp\/v2\/media?parent=261"}],"wp:term":[{"taxonomy":"category","embeddable":true,"href":"https:\/\/psol50.org.br\/rest\/wp\/v2\/categories?post=261"},{"taxonomy":"post_tag","embeddable":true,"href":"https:\/\/psol50.org.br\/rest\/wp\/v2\/tags?post=261"}],"curies":[{"name":"wp","href":"https:\/\/api.w.org\/{rel}","templated":true}]}}