{"id":26102,"date":"2019-08-08T16:42:05","date_gmt":"2019-08-08T19:42:05","guid":{"rendered":"http:\/\/psol50.org.br\/?p=26102"},"modified":"2019-08-08T16:42:05","modified_gmt":"2019-08-08T19:42:05","slug":"um-novo-tsunami-esta-chegando-dia-13-os-estudantes-vao-as-ruas-pela-educacao","status":"publish","type":"post","link":"https:\/\/psol50.org.br\/um-novo-tsunami-esta-chegando-dia-13-os-estudantes-vao-as-ruas-pela-educacao\/","title":{"rendered":"Um novo tsunami est\u00e1 chegando! Dia 13 os estudantes v\u00e3o \u00e0s ruas pela educa\u00e7\u00e3o"},"content":{"rendered":"<p>Na pr\u00f3xima ter\u00e7a-feira (13), um <strong>#TsunamiDaEduca\u00e7\u00e3o vai tomar as ruas de todo o Brasil<\/strong> para protestar contra os cortes na educa\u00e7\u00e3o do governo Bolsonaro e seu ministro Abraham Weintraub e o projeto de privatiza\u00e7\u00e3o das universidades p\u00fablicas brasileiras. Manifesta\u00e7\u00f5es convocadas pela Uni\u00e3o Nacional dos Estudantes (UNE) j\u00e1 est\u00e3o marcadas na maioria das capitais.<\/p>\n<p><strong>FUTURE-SE<\/strong><\/p>\n<p>O Future-se, apresentado no m\u00eas passado pelo governo federal, \u00e9 uma tentativa de privatizar o ensino superior brasileiro. &#8220;O atual ministro e sua equipe de economistas, muitos com origem no mercado financeiro, enxergaram na crise das universidades (induzida pelo corte de recursos pelo governo que representam) uma oportunidade de neg\u00f3cios, para eles, para parceiros selecionados e para alguns docentes&#8221;, avalia Luiz Ara\u00fajo, professor da UnB e ex-presidente do PSOL entre 2013 e 2017. <a href=\"http:\/\/psol50.org.br\/fature-alguns-e-vire-se-maioria\/\">Leia uma avalia\u00e7\u00e3o mais completa no texto do docente.<\/a><\/p>\n<p><strong>CORTES NO OR\u00c7AMENTO DA EDUCA\u00c7\u00c3O<\/strong><\/p>\n<p>Os primeiros grandes levantes da juventude de 2019 aconteceram logo ap\u00f3s o an\u00fancio dos cortes or\u00e7ament\u00e1rios na educa\u00e7\u00e3o brasileira. O total congelado pelo MEC chega a R$ 5,8 bilh\u00f5es e inviabiliza o funcionamento tanto de universidades federais, como de programas da educa\u00e7\u00e3o b\u00e1sica. Deste valor, R$ 926 milh\u00f5es ser\u00e3o destinados a emendas parlamentares que foram usadas para comprar deputados federais no processo de aprova\u00e7\u00e3o da reforma da previd\u00eancia. <strong>Tiraram dinheiro da educa\u00e7\u00e3o para ajudar a cortar da aposentadoria.<\/strong><\/p>\n<h5><strong>Veja a lista completa de atos divulgados pelo Brasil at\u00e9 agora:<\/strong><\/h5>\n<h6><strong>SUL<\/strong><\/h6>\n<p><a href=\"https:\/\/www.facebook.com\/events\/2368051060147295\/\">PORTO ALEGRE (RS) &#8211; Esquina Democr\u00e1tica \u00e0s 18h<\/a><\/p>\n<p>ALVORADA (RS) &#8211; Gin\u00e1sio Municipal \u00e0s 9h<\/p>\n<p>CAP\u00c3O (RS) &#8211; Ato nas escolas \u00e0s 10h<\/p>\n<p><a href=\"https:\/\/www.facebook.com\/events\/637020660115694\/\">CAXIAS DO SUL (RS) &#8211; Pra\u00e7a Dante Alighieri \u00e0s 10h<\/a><\/p>\n<p>CHARQUEADAS (RS) &#8211; Clube Tiradentes \u00e0s 13h<\/p>\n<p>FARROUPILHA (RS) &#8211; IF \u00e0s 9h30<\/p>\n<p>GRAVATA\u00cd (RS) &#8211; Pra\u00e7a do Quiosque \u00e0s 9h<\/p>\n<p>PANAMBI (RS) &#8211; Pra\u00e7a Engenheiro Walter Faulhaber \u00e0s 9h30<\/p>\n<p>PASSO FUNDO (RS) &#8211; Pra\u00e7a Teixeirinha \u00e0s 10h e \u00e0s 19h<\/p>\n<p><a href=\"https:\/\/www.facebook.com\/events\/3315190431872707\/\">PELOTAS (RS) &#8211; Mercado P\u00fablico \u00e0s 14h<\/a><\/p>\n<p>RIO GRANDE (RS) &#8211; Largo Dr. Pio \u00e0s 16h<\/p>\n<p>SANTA MARIA (RS) &#8211; Saldanha Marinho \u00e0s 17h<\/p>\n<p>SAPUCAIA DO SUL (RS) &#8211; Cal\u00e7ad\u00e3o \u00e0s 9h<\/p>\n<p>TR\u00caS COROAS (RS) &#8211; Col\u00e9gio Doze de Maio \u00e0s 10h<\/p>\n<p><a href=\"https:\/\/www.facebook.com\/events\/685963618541948\/\">VIAM\u00c3O (RS) &#8211; Instituto Estadual \u00e0s 9h<\/a><\/p>\n<p><a href=\"https:\/\/www.facebook.com\/events\/514607392609726\/?ti=wa\">FLORIAN\u00d3POLIS (SC) &#8211; Largo da Catedral \u00e0s 16h<\/a><\/p>\n<p><a href=\"https:\/\/www.facebook.com\/events\/624084021335596\/?ti=icl\">CHAPEC\u00d3 (SC) &#8211; Pra\u00e7a Coronel Bertaso \u00e0s 17h30<\/a><\/p>\n<p>CONC\u00d3RDIA (SC) &#8211; Pra\u00e7a Dogello Goss \u00e0s 10h<\/p>\n<p>JOINVILLE (SC) &#8211; Em frente \u00e0 Univille Bom Retiro \u00e0s 18h<\/p>\n<p><a href=\"https:\/\/www.facebook.com\/events\/446031349575407\/?ti=icl\">CURITIBA (PR) &#8211; Pra\u00e7a Santos Andrade \u00e0s 18h<\/a><\/p>\n<p>CAMPO LARGO (PR) &#8211; Pra\u00e7a do Museu \u00e0s 14h30<\/p>\n<p><a href=\"https:\/\/www.facebook.com\/events\/2369951143277581\/?ti=icl\">CORN\u00c9LIO PROC\u00d3PIO (PR) &#8211; Coreto do Cal\u00e7ad\u00e3o \u00e0s 13h<\/a><\/p>\n<p><a href=\"https:\/\/www.facebook.com\/events\/484681665679110\/\">CASCAVEL (PR) &#8211; Catedral \u00e0s 9h<\/a><\/p>\n<p>LONDRINA (PR) &#8211; Cal\u00e7ad\u00e3o \u00e0s 15h<\/p>\n<p>MARING\u00c1 (PR) &#8211; Pra\u00e7a Raposo Tavares \u00e0s 17h<\/p>\n<p>PATO BRANCO (PR) &#8211; Pra\u00e7a Presidente Vargas \u00e0s 18h<\/p>\n<p>TEL\u00caMECO BORBA (PR) &#8211; Pra\u00e7a da Fam\u00edlia \u00e0s 14h<\/p>\n<p>UNI\u00c3O DA VIT\u00d3RIA (PR) &#8211; Pra\u00e7a Alvir Riesemberg \u00e0s 18h30<\/p>\n<h6><strong>SUDESTE<\/strong><\/h6>\n<p><a href=\"https:\/\/www.facebook.com\/events\/907625749610288\/\">BELO HORIZONTE (MG) &#8211; Pra\u00e7a da Assembleia Legislativa \u00e0s 16h<\/a><\/p>\n<p>JUIZ DE FORA (MG) &#8211; Parque Haifeld \u00e0s 17h<\/p>\n<p>UBERL\u00c2NDIA (MG) &#8211; Pra\u00e7a Ismene Mendes \u00e0s 15h<\/p>\n<p><a href=\"https:\/\/www.facebook.com\/events\/419749611966582\/\">S\u00c3O PAULO (SP) &#8211; MASP \u00e0s 15h<\/a><\/p>\n<p>AMERICANA (SP) &#8211; Comendador Muller \u00e0s 9h<\/p>\n<p><a href=\"https:\/\/www.facebook.com\/events\/728180580945073\/\">BOTUCATU (SP) &#8211; Pra\u00e7a do Bosque \u00e0s 17h<\/a><\/p>\n<p>OSASCO (SP) &#8211; Esta\u00e7\u00e3o de Osasco da CPTM \u00e0s 9h<\/p>\n<p><a href=\"https:\/\/www.facebook.com\/events\/709529892828598\/\">PINDAMONHANGABA (SP) &#8211; Pra\u00e7a Monsenhor Fernandes \u00e0s 15h<\/a><\/p>\n<p>PIRACICABA (SP) &#8211; Terminal Central \u00e0s 10h<\/p>\n<p>SANTO ANDR\u00c9 (SP) &#8211; Esta\u00e7\u00e3o da CPTM Pref. Celso Daniel \u00e0s 15h<\/p>\n<p>SANTOS (SP) &#8211; Esta\u00e7\u00e3o Cidadania \u00e0s 18h<\/p>\n<p><a href=\"https:\/\/www.facebook.com\/events\/582767702253892\/\">S\u00c3O CARLOS (SP) &#8211; Pra\u00e7a dos Pombos \u00e0s 9h<\/a><\/p>\n<p><a href=\"https:\/\/www.facebook.com\/events\/2342956632478397\/?ti=icl\">S\u00c3O JOS\u00c9 DO RIO PRETO (SP) &#8211; C\u00e2mara Municipal \u00e0s 18h30<\/a><\/p>\n<p>SOROCABA (SP) &#8211; Pra\u00e7a Coronel Fernando Prestes \u00e0s 9h<\/p>\n<p>TAUBAT\u00c9 (SP) &#8211; Pra\u00e7a Santa Terezinha \u00e0s 17h<\/p>\n<p><a href=\"https:\/\/www.facebook.com\/events\/354842028740112\/?ti=as\">RIO DE JANEIRO (RJ) &#8211; Candel\u00e1ria \u00e0s 15h<\/a><\/p>\n<p><a href=\"https:\/\/www.facebook.com\/events\/2331562707058987\/?ti=icl\">CAMPOS DOS GOYTACAZES (RJ) &#8211; Centro \u00e0s 15h<\/a><\/p>\n<p>MACA\u00c9 (RJ) &#8211; Pra\u00e7a Ver\u00edssimo de Melo \u00e0s 11h<\/p>\n<p><a href=\"https:\/\/www.facebook.com\/events\/336264867310388\/\">NITER\u00d3I (RJ) &#8211; Barcas \u00e0s 14h<\/a><\/p>\n<p>NOVA FRIBURGO (RJ) &#8211; Obelisco da Cidade \u00e0s 17h<\/p>\n<p>PETR\u00d3POLIS (RJ) &#8211; Pra\u00e7a da Inconfid\u00eancia \u00e0s 17h<\/p>\n<p><a href=\"https:\/\/www.facebook.com\/events\/1093630120847160\/?ti=wa\">VOLTA REDONDA (RJ) &#8211; Biblioteca Municipal Raul de Leoni \u00e0s 15h30<\/a><\/p>\n<p><a href=\"https:\/\/www.facebook.com\/events\/2833268863354346\/\">VIT\u00d3RIA (ES) &#8211; Teatro Universit\u00e1rio da UFES \u00e0s 16h<\/a><\/p>\n<h6><strong>CENTRO-OESTE<\/strong><\/h6>\n<p>BRAS\u00cdLIA (DF) &#8211; Museu da Rep\u00fablica \u00e0s 9h<\/p>\n<p><a href=\"https:\/\/www.facebook.com\/events\/434041940524130\/\">GOI\u00c2NIA (GO) &#8211; Pra\u00e7a Universit\u00e1ria \u00e0s 15h<\/a><\/p>\n<p><a href=\"https:\/\/www.facebook.com\/events\/2441169656170078\/?ti=cl\">CUIAB\u00c1 (MT) &#8211; Pra\u00e7a Alencastro \u00e0s 14h<\/a><\/p>\n<p><a href=\"https:\/\/www.facebook.com\/events\/909274729420490\/\">CAMPO GRANDE (MS) &#8211; Rua 7 de Setembro em frente \u00e0 ACP \u00e0s 7h<\/a><\/p>\n<p>DOURADOS (MS) &#8211; Pra\u00e7a Ant\u00f4nio Jo\u00e3o \u00e0s 8h<\/p>\n<h6><strong>NORDESTE<\/strong><\/h6>\n<p><a href=\"https:\/\/www.facebook.com\/events\/722534568208591\/\">FORTALEZA (CE) &#8211; Pra\u00e7a da Gentil\u00e2ndia \u00e0s 8h<\/a><\/p>\n<p>CASCAVEL (CE) &#8211; Em frente \u00e0 Catedral \u00e0s 9h<\/p>\n<p>IGUATU (CE) &#8211; Pra\u00e7a da Caixa Econ\u00f4mica \u00e0s 8h<\/p>\n<p>JUAZEIRO DO NORTE (CE) &#8211; Crede 19 \u00e0s 8h<\/p>\n<p>SOBRAL (CE) &#8211; IFCE \u00e0s 18h<\/p>\n<p><a href=\"https:\/\/facebook.com\/events\/394990827800657?_rdr\">SALVADOR (BA) &#8211; Pra\u00e7a do Campo Grande \u00e0s 9h<\/a><\/p>\n<p>CAMA\u00c7ARI (BA) &#8211; Pra\u00e7a Montenegro \u00e0s 9h<\/p>\n<p>FEIRA DE SANTANA (BA) &#8211; Pista de Skate na Av. Get\u00falio Vargas \u00e0s 8h<\/p>\n<p>ITABUNA (BA) &#8211; Jardim do \u00d3 \u00e0s 15h<\/p>\n<p><a href=\"https:\/\/www.facebook.com\/events\/414690075816675\/\">SERRINHA (BA) &#8211; C\u00e2mara dos Vereadores \u00e0s 8h<\/a><\/p>\n<p><a href=\"https:\/\/www.facebook.com\/events\/704252366687925\/?ti=icl\">RECIFE (PE) &#8211; Rua Aurora \u00e0s 14h<\/a><\/p>\n<p>CARUARU (PE) &#8211; Em frente ao Grande Hotel \u00e0s 8h<\/p>\n<p>GARANHUNS (PE) &#8211; Enfrente \u00e0 Pra\u00e7a da Fonte \u00e0s 8h<\/p>\n<p>PETROLINA (PE) &#8211; Pra\u00e7a do Bambuzinho \u00e0s 8h30<\/p>\n<p>IMPERATRIZ (MA) &#8211; Pra\u00e7a de F\u00e1tima \u00e0s 16h<\/p>\n<p><a href=\"https:\/\/www.facebook.com\/events\/459640154618872\/\">NATAL (RN) &#8211; IFRN Central \u00e0s 14h30<\/a><\/p>\n<p>MOSSOR\u00d3 (RN) &#8211; UFERSA \u00e0s 8h<\/p>\n<p><a href=\"https:\/\/www.facebook.com\/events\/924449384554506\/\">JO\u00c3O PESSOA (PB) &#8211; Lyceu Paraibano \u00e0s 14h<\/a><\/p>\n<p><a href=\"https:\/\/www.facebook.com\/events\/2330160953866461\/\">MACEI\u00d3 (AL) &#8211; CEPA \u00e0s 8h<\/a><\/p>\n<p><a href=\"https:\/\/www.facebook.com\/events\/2466482420075385\/\">ARACAJU (SE) &#8211; Pra\u00e7a General Valad\u00e3o \u00e0s 15h<\/a><\/p>\n<p><a href=\"https:\/\/www.facebook.com\/events\/2373238396297980\/\">TERESINA (PI) &#8211; Em frente ao INSS \u00e0s 8h<\/a><\/p>\n<p>S\u00c3O RAIMUNDO NONATO (PI) &#8211; Pra\u00e7a do Rel\u00f3gio \u00e0s 18h<\/p>\n<h6><strong>NORTE<\/strong><\/h6>\n<p><a href=\"https:\/\/www.facebook.com\/events\/876972672669880\/?ti=cl\">MANAUS (AM) &#8211; Pra\u00e7a da Saudade \u00e0s 15h<\/a><\/p>\n<p><a href=\"https:\/\/www.facebook.com\/events\/348611616052513\/?ti=cl\">BEL\u00c9M (PA) &#8211; Pra\u00e7a da Rep\u00fablica \u00e0s 8h<\/a><\/p>\n<p><a href=\"https:\/\/www.facebook.com\/events\/359603761398907\/\">BREVES\/MARAJ\u00d3 (PA) &#8211; Em frente \u00e0 Prefeitura \u00e0s 18h<\/a><\/p>\n<p>CASTANHAL (PA) &#8211; Pra\u00e7a Matriz \u00e0s 8h<\/p>\n<p>MARAB\u00c1 (PA) &#8211; UNIFESSPA \u00e0s 7h30<\/p>\n<p>ORIXIMIN\u00c1 (PA) &#8211; Pra\u00e7a Santo Ant\u00f4nio \u00e0s 18h<\/p>\n<p><a href=\"https:\/\/www.facebook.com\/events\/497375354346969\/?app=fbl\">SANTAR\u00c9M (PA) &#8211; Pra\u00e7a S\u00e3o Sebasti\u00e3o \u00e0s 16h30<\/a><\/p>\n<p><a href=\"https:\/\/www.facebook.com\/events\/2122465901393276\/\">RIO BRANCO (AC) &#8211; Pra\u00e7a da Revolu\u00e7\u00e3o \u00e0s 16h<\/a><\/p>\n<p><a href=\"https:\/\/www.facebook.com\/events\/370453533643102\/\">MACAP\u00c1 (AP) &#8211; Pra\u00e7a da Bandeira \u00e0s 16h<\/a><\/p>\n<p><a href=\"https:\/\/www.facebook.com\/events\/2435881676669293\/\">PORTO VELHO (RO) &#8211; Pra\u00e7a das Tr\u00eas Caixas D&#8217;\u00c1gua \u00e0s 16h<\/a><\/p>\n<p><a href=\"https:\/\/www.facebook.com\/events\/867974933586519\/\">BOA VISTA (RR) &#8211; Pra\u00e7a do Centro C\u00edvico \u00e0s 16h<\/a><\/p>\n<p><a href=\"https:\/\/www.facebook.com\/events\/915993535410623\/\">PALMAS (TO) &#8211; Pra\u00e7a dos Girass\u00f3is \u00e0s 9h<\/a><\/p>\n","protected":false},"excerpt":{"rendered":"<p>Na pr\u00f3xima ter\u00e7a-feira (13), um #TsunamiDaEduca\u00e7\u00e3o vai tomar as ruas de todo o Brasil para protestar contra os cortes na educa\u00e7\u00e3o do governo Bolsonaro e seu ministro Abraham Weintraub e o projeto de privatiza\u00e7\u00e3o das universidades p\u00fablicas brasileiras. Manifesta\u00e7\u00f5es convocadas pela Uni\u00e3o Nacional dos Estudantes (UNE) j\u00e1 est\u00e3o marcadas na maioria das capitais. FUTURE-SE O [&hellip;]<\/p>\n","protected":false},"author":2,"featured_media":25412,"comment_status":"closed","ping_status":"open","sticky":false,"template":"","format":"standard","meta":{"_acf_changed":false,"footnotes":""},"categories":[6],"tags":[313,1955,164,314,22,1926,92],"class_list":{"0":"post-26102","1":"post","2":"type-post","3":"status-publish","4":"format-standard","5":"has-post-thumbnail","7":"category-noticias","8":"tag-atos","9":"tag-dia-13","10":"tag-educacao","11":"tag-manifestacoes","12":"tag-psol","13":"tag-tsunami","14":"tag-une"},"acf":[],"yoast_head":"<!-- This site is optimized with the Yoast SEO plugin v26.5 - https:\/\/yoast.com\/wordpress\/plugins\/seo\/ -->\n<title>Um novo tsunami est\u00e1 chegando! Dia 13 os estudantes v\u00e3o \u00e0s ruas pela educa\u00e7\u00e3o - PSOL 50<\/title>\n<meta name=\"robots\" content=\"index, follow, max-snippet:-1, max-image-preview:large, max-video-preview:-1\" \/>\n<link rel=\"canonical\" href=\"https:\/\/psol50.org.br\/um-novo-tsunami-esta-chegando-dia-13-os-estudantes-vao-as-ruas-pela-educacao\/\" \/>\n<meta property=\"og:locale\" content=\"pt_BR\" \/>\n<meta property=\"og:type\" content=\"article\" \/>\n<meta property=\"og:title\" content=\"Um novo tsunami est\u00e1 chegando! Dia 13 os estudantes v\u00e3o \u00e0s ruas pela educa\u00e7\u00e3o\" \/>\n<meta property=\"og:description\" content=\"Confira a lista de atos confirmados por todo o Brasil\" \/>\n<meta property=\"og:url\" content=\"https:\/\/psol50.org.br\/um-novo-tsunami-esta-chegando-dia-13-os-estudantes-vao-as-ruas-pela-educacao\/\" \/>\n<meta property=\"og:site_name\" content=\"PSOL 50\" \/>\n<meta property=\"article:publisher\" content=\"https:\/\/www.facebook.com\/psol50\" \/>\n<meta property=\"article:published_time\" content=\"2019-08-08T19:42:05+00:00\" \/>\n<meta property=\"og:image\" content=\"https:\/\/psol50.org.br\/inc\/uploads\/2019\/06\/Cartaz-Educacao.Lia-Castanho.jpg\" \/>\n\t<meta property=\"og:image:width\" content=\"1084\" \/>\n\t<meta property=\"og:image:height\" content=\"750\" \/>\n\t<meta property=\"og:image:type\" content=\"image\/jpeg\" \/>\n<meta name=\"author\" content=\"Comunica\u00e7\u00e3o PSOL\" \/>\n<meta name=\"twitter:card\" content=\"summary_large_image\" \/>\n<meta name=\"twitter:title\" content=\"Um novo tsunami est\u00e1 chegando! Dia 13 os estudantes v\u00e3o \u00e0s ruas pela educa\u00e7\u00e3o\" \/>\n<meta name=\"twitter:description\" content=\"Confira a lista de atos confirmados por todo o Brasil\" \/>\n<meta name=\"twitter:image\" content=\"https:\/\/psol50.org.br\/inc\/uploads\/2019\/06\/Cartaz-Educacao.Lia-Castanho.jpg\" \/>\n<meta name=\"twitter:creator\" content=\"@psol50\" \/>\n<meta name=\"twitter:site\" content=\"@psol50\" \/>\n<meta name=\"twitter:label1\" content=\"Escrito por\" \/>\n\t<meta name=\"twitter:data1\" content=\"Comunica\u00e7\u00e3o PSOL\" \/>\n\t<meta name=\"twitter:label2\" content=\"Est. tempo de leitura\" \/>\n\t<meta name=\"twitter:data2\" content=\"6 minutos\" \/>\n<script type=\"application\/ld+json\" class=\"yoast-schema-graph\">{\"@context\":\"https:\/\/schema.org\",\"@graph\":[{\"@type\":\"Article\",\"@id\":\"https:\/\/psol50.org.br\/um-novo-tsunami-esta-chegando-dia-13-os-estudantes-vao-as-ruas-pela-educacao\/#article\",\"isPartOf\":{\"@id\":\"https:\/\/psol50.org.br\/um-novo-tsunami-esta-chegando-dia-13-os-estudantes-vao-as-ruas-pela-educacao\/\"},\"author\":{\"name\":\"Comunica\u00e7\u00e3o PSOL\",\"@id\":\"https:\/\/psol50.org.br\/#\/schema\/person\/475dfa57d0b815993c714c2e96491fcd\"},\"headline\":\"Um novo tsunami est\u00e1 chegando! Dia 13 os estudantes v\u00e3o \u00e0s ruas pela educa\u00e7\u00e3o\",\"datePublished\":\"2019-08-08T19:42:05+00:00\",\"mainEntityOfPage\":{\"@id\":\"https:\/\/psol50.org.br\/um-novo-tsunami-esta-chegando-dia-13-os-estudantes-vao-as-ruas-pela-educacao\/\"},\"wordCount\":1128,\"publisher\":{\"@id\":\"https:\/\/psol50.org.br\/#organization\"},\"image\":{\"@id\":\"https:\/\/psol50.org.br\/um-novo-tsunami-esta-chegando-dia-13-os-estudantes-vao-as-ruas-pela-educacao\/#primaryimage\"},\"thumbnailUrl\":\"https:\/\/psol50.org.br\/inc\/uploads\/2019\/06\/Cartaz-Educacao.Lia-Castanho.jpg\",\"keywords\":[\"atos\",\"dia 13\",\"Educa\u00e7\u00e3o\",\"manifesta\u00e7\u00f5es\",\"PSOL\",\"tsunami\",\"UNE\"],\"articleSection\":[\"Not\u00edcias\"],\"inLanguage\":\"pt-BR\"},{\"@type\":\"WebPage\",\"@id\":\"https:\/\/psol50.org.br\/um-novo-tsunami-esta-chegando-dia-13-os-estudantes-vao-as-ruas-pela-educacao\/\",\"url\":\"https:\/\/psol50.org.br\/um-novo-tsunami-esta-chegando-dia-13-os-estudantes-vao-as-ruas-pela-educacao\/\",\"name\":\"Um novo tsunami est\u00e1 chegando! Dia 13 os estudantes v\u00e3o \u00e0s ruas pela educa\u00e7\u00e3o - PSOL 50\",\"isPartOf\":{\"@id\":\"https:\/\/psol50.org.br\/#website\"},\"primaryImageOfPage\":{\"@id\":\"https:\/\/psol50.org.br\/um-novo-tsunami-esta-chegando-dia-13-os-estudantes-vao-as-ruas-pela-educacao\/#primaryimage\"},\"image\":{\"@id\":\"https:\/\/psol50.org.br\/um-novo-tsunami-esta-chegando-dia-13-os-estudantes-vao-as-ruas-pela-educacao\/#primaryimage\"},\"thumbnailUrl\":\"https:\/\/psol50.org.br\/inc\/uploads\/2019\/06\/Cartaz-Educacao.Lia-Castanho.jpg\",\"datePublished\":\"2019-08-08T19:42:05+00:00\",\"breadcrumb\":{\"@id\":\"https:\/\/psol50.org.br\/um-novo-tsunami-esta-chegando-dia-13-os-estudantes-vao-as-ruas-pela-educacao\/#breadcrumb\"},\"inLanguage\":\"pt-BR\",\"potentialAction\":[{\"@type\":\"ReadAction\",\"target\":[\"https:\/\/psol50.org.br\/um-novo-tsunami-esta-chegando-dia-13-os-estudantes-vao-as-ruas-pela-educacao\/\"]}]},{\"@type\":\"ImageObject\",\"inLanguage\":\"pt-BR\",\"@id\":\"https:\/\/psol50.org.br\/um-novo-tsunami-esta-chegando-dia-13-os-estudantes-vao-as-ruas-pela-educacao\/#primaryimage\",\"url\":\"https:\/\/psol50.org.br\/inc\/uploads\/2019\/06\/Cartaz-Educacao.Lia-Castanho.jpg\",\"contentUrl\":\"https:\/\/psol50.org.br\/inc\/uploads\/2019\/06\/Cartaz-Educacao.Lia-Castanho.jpg\",\"width\":1084,\"height\":750,\"caption\":\"Lia Castanho\"},{\"@type\":\"BreadcrumbList\",\"@id\":\"https:\/\/psol50.org.br\/um-novo-tsunami-esta-chegando-dia-13-os-estudantes-vao-as-ruas-pela-educacao\/#breadcrumb\",\"itemListElement\":[{\"@type\":\"ListItem\",\"position\":1,\"name\":\"In\u00edcio\",\"item\":\"https:\/\/psol50.org.br\/\"},{\"@type\":\"ListItem\",\"position\":2,\"name\":\"Um novo tsunami est\u00e1 chegando! Dia 13 os estudantes v\u00e3o \u00e0s ruas pela educa\u00e7\u00e3o\"}]},{\"@type\":\"WebSite\",\"@id\":\"https:\/\/psol50.org.br\/#website\",\"url\":\"https:\/\/psol50.org.br\/\",\"name\":\"PSOL 50\",\"description\":\"Site oficial do Partido Socialismo e Liberdade\",\"publisher\":{\"@id\":\"https:\/\/psol50.org.br\/#organization\"},\"alternateName\":\"PSOL50\",\"potentialAction\":[{\"@type\":\"SearchAction\",\"target\":{\"@type\":\"EntryPoint\",\"urlTemplate\":\"https:\/\/psol50.org.br\/?s={search_term_string}\"},\"query-input\":{\"@type\":\"PropertyValueSpecification\",\"valueRequired\":true,\"valueName\":\"search_term_string\"}}],\"inLanguage\":\"pt-BR\"},{\"@type\":\"Organization\",\"@id\":\"https:\/\/psol50.org.br\/#organization\",\"name\":\"PSOL 50\",\"alternateName\":\"PSOL 50\",\"url\":\"https:\/\/psol50.org.br\/\",\"logo\":{\"@type\":\"ImageObject\",\"inLanguage\":\"pt-BR\",\"@id\":\"https:\/\/psol50.org.br\/#\/schema\/logo\/image\/\",\"url\":\"https:\/\/psol50.org.br\/inc\/uploads\/2018\/07\/capa.png\",\"contentUrl\":\"https:\/\/psol50.org.br\/inc\/uploads\/2018\/07\/capa.png\",\"width\":1350,\"height\":900,\"caption\":\"PSOL 50\"},\"image\":{\"@id\":\"https:\/\/psol50.org.br\/#\/schema\/logo\/image\/\"},\"sameAs\":[\"https:\/\/www.facebook.com\/psol50\",\"https:\/\/x.com\/psol50\",\"https:\/\/www.instagram.com\/psol50\/\",\"https:\/\/www.youtube.com\/channel\/UC7SnJS5o1os7a6CaiNabzcg\"]},{\"@type\":\"Person\",\"@id\":\"https:\/\/psol50.org.br\/#\/schema\/person\/475dfa57d0b815993c714c2e96491fcd\",\"name\":\"Comunica\u00e7\u00e3o PSOL\",\"image\":{\"@type\":\"ImageObject\",\"inLanguage\":\"pt-BR\",\"@id\":\"https:\/\/psol50.org.br\/#\/schema\/person\/image\/\",\"url\":\"https:\/\/secure.gravatar.com\/avatar\/b34fc4f4e468a4e51785917065a3db57b841f5c95dba6ad8c73aaf8f66f8f9bf?s=96&d=mm&r=g\",\"contentUrl\":\"https:\/\/secure.gravatar.com\/avatar\/b34fc4f4e468a4e51785917065a3db57b841f5c95dba6ad8c73aaf8f66f8f9bf?s=96&d=mm&r=g\",\"caption\":\"Comunica\u00e7\u00e3o PSOL\"}}]}<\/script>\n<!-- \/ Yoast SEO plugin. -->","yoast_head_json":{"title":"Um novo tsunami est\u00e1 chegando! Dia 13 os estudantes v\u00e3o \u00e0s ruas pela educa\u00e7\u00e3o - PSOL 50","robots":{"index":"index","follow":"follow","max-snippet":"max-snippet:-1","max-image-preview":"max-image-preview:large","max-video-preview":"max-video-preview:-1"},"canonical":"https:\/\/psol50.org.br\/um-novo-tsunami-esta-chegando-dia-13-os-estudantes-vao-as-ruas-pela-educacao\/","og_locale":"pt_BR","og_type":"article","og_title":"Um novo tsunami est\u00e1 chegando! Dia 13 os estudantes v\u00e3o \u00e0s ruas pela educa\u00e7\u00e3o","og_description":"Confira a lista de atos confirmados por todo o Brasil","og_url":"https:\/\/psol50.org.br\/um-novo-tsunami-esta-chegando-dia-13-os-estudantes-vao-as-ruas-pela-educacao\/","og_site_name":"PSOL 50","article_publisher":"https:\/\/www.facebook.com\/psol50","article_published_time":"2019-08-08T19:42:05+00:00","og_image":[{"width":1084,"height":750,"url":"https:\/\/psol50.org.br\/inc\/uploads\/2019\/06\/Cartaz-Educacao.Lia-Castanho.jpg","type":"image\/jpeg"}],"author":"Comunica\u00e7\u00e3o PSOL","twitter_card":"summary_large_image","twitter_title":"Um novo tsunami est\u00e1 chegando! Dia 13 os estudantes v\u00e3o \u00e0s ruas pela educa\u00e7\u00e3o","twitter_description":"Confira a lista de atos confirmados por todo o Brasil","twitter_image":"https:\/\/psol50.org.br\/inc\/uploads\/2019\/06\/Cartaz-Educacao.Lia-Castanho.jpg","twitter_creator":"@psol50","twitter_site":"@psol50","twitter_misc":{"Escrito por":"Comunica\u00e7\u00e3o PSOL","Est. tempo de leitura":"6 minutos"},"schema":{"@context":"https:\/\/schema.org","@graph":[{"@type":"Article","@id":"https:\/\/psol50.org.br\/um-novo-tsunami-esta-chegando-dia-13-os-estudantes-vao-as-ruas-pela-educacao\/#article","isPartOf":{"@id":"https:\/\/psol50.org.br\/um-novo-tsunami-esta-chegando-dia-13-os-estudantes-vao-as-ruas-pela-educacao\/"},"author":{"name":"Comunica\u00e7\u00e3o PSOL","@id":"https:\/\/psol50.org.br\/#\/schema\/person\/475dfa57d0b815993c714c2e96491fcd"},"headline":"Um novo tsunami est\u00e1 chegando! Dia 13 os estudantes v\u00e3o \u00e0s ruas pela educa\u00e7\u00e3o","datePublished":"2019-08-08T19:42:05+00:00","mainEntityOfPage":{"@id":"https:\/\/psol50.org.br\/um-novo-tsunami-esta-chegando-dia-13-os-estudantes-vao-as-ruas-pela-educacao\/"},"wordCount":1128,"publisher":{"@id":"https:\/\/psol50.org.br\/#organization"},"image":{"@id":"https:\/\/psol50.org.br\/um-novo-tsunami-esta-chegando-dia-13-os-estudantes-vao-as-ruas-pela-educacao\/#primaryimage"},"thumbnailUrl":"https:\/\/psol50.org.br\/inc\/uploads\/2019\/06\/Cartaz-Educacao.Lia-Castanho.jpg","keywords":["atos","dia 13","Educa\u00e7\u00e3o","manifesta\u00e7\u00f5es","PSOL","tsunami","UNE"],"articleSection":["Not\u00edcias"],"inLanguage":"pt-BR"},{"@type":"WebPage","@id":"https:\/\/psol50.org.br\/um-novo-tsunami-esta-chegando-dia-13-os-estudantes-vao-as-ruas-pela-educacao\/","url":"https:\/\/psol50.org.br\/um-novo-tsunami-esta-chegando-dia-13-os-estudantes-vao-as-ruas-pela-educacao\/","name":"Um novo tsunami est\u00e1 chegando! Dia 13 os estudantes v\u00e3o \u00e0s ruas pela educa\u00e7\u00e3o - PSOL 50","isPartOf":{"@id":"https:\/\/psol50.org.br\/#website"},"primaryImageOfPage":{"@id":"https:\/\/psol50.org.br\/um-novo-tsunami-esta-chegando-dia-13-os-estudantes-vao-as-ruas-pela-educacao\/#primaryimage"},"image":{"@id":"https:\/\/psol50.org.br\/um-novo-tsunami-esta-chegando-dia-13-os-estudantes-vao-as-ruas-pela-educacao\/#primaryimage"},"thumbnailUrl":"https:\/\/psol50.org.br\/inc\/uploads\/2019\/06\/Cartaz-Educacao.Lia-Castanho.jpg","datePublished":"2019-08-08T19:42:05+00:00","breadcrumb":{"@id":"https:\/\/psol50.org.br\/um-novo-tsunami-esta-chegando-dia-13-os-estudantes-vao-as-ruas-pela-educacao\/#breadcrumb"},"inLanguage":"pt-BR","potentialAction":[{"@type":"ReadAction","target":["https:\/\/psol50.org.br\/um-novo-tsunami-esta-chegando-dia-13-os-estudantes-vao-as-ruas-pela-educacao\/"]}]},{"@type":"ImageObject","inLanguage":"pt-BR","@id":"https:\/\/psol50.org.br\/um-novo-tsunami-esta-chegando-dia-13-os-estudantes-vao-as-ruas-pela-educacao\/#primaryimage","url":"https:\/\/psol50.org.br\/inc\/uploads\/2019\/06\/Cartaz-Educacao.Lia-Castanho.jpg","contentUrl":"https:\/\/psol50.org.br\/inc\/uploads\/2019\/06\/Cartaz-Educacao.Lia-Castanho.jpg","width":1084,"height":750,"caption":"Lia Castanho"},{"@type":"BreadcrumbList","@id":"https:\/\/psol50.org.br\/um-novo-tsunami-esta-chegando-dia-13-os-estudantes-vao-as-ruas-pela-educacao\/#breadcrumb","itemListElement":[{"@type":"ListItem","position":1,"name":"In\u00edcio","item":"https:\/\/psol50.org.br\/"},{"@type":"ListItem","position":2,"name":"Um novo tsunami est\u00e1 chegando! Dia 13 os estudantes v\u00e3o \u00e0s ruas pela educa\u00e7\u00e3o"}]},{"@type":"WebSite","@id":"https:\/\/psol50.org.br\/#website","url":"https:\/\/psol50.org.br\/","name":"PSOL 50","description":"Site oficial do Partido Socialismo e Liberdade","publisher":{"@id":"https:\/\/psol50.org.br\/#organization"},"alternateName":"PSOL50","potentialAction":[{"@type":"SearchAction","target":{"@type":"EntryPoint","urlTemplate":"https:\/\/psol50.org.br\/?s={search_term_string}"},"query-input":{"@type":"PropertyValueSpecification","valueRequired":true,"valueName":"search_term_string"}}],"inLanguage":"pt-BR"},{"@type":"Organization","@id":"https:\/\/psol50.org.br\/#organization","name":"PSOL 50","alternateName":"PSOL 50","url":"https:\/\/psol50.org.br\/","logo":{"@type":"ImageObject","inLanguage":"pt-BR","@id":"https:\/\/psol50.org.br\/#\/schema\/logo\/image\/","url":"https:\/\/psol50.org.br\/inc\/uploads\/2018\/07\/capa.png","contentUrl":"https:\/\/psol50.org.br\/inc\/uploads\/2018\/07\/capa.png","width":1350,"height":900,"caption":"PSOL 50"},"image":{"@id":"https:\/\/psol50.org.br\/#\/schema\/logo\/image\/"},"sameAs":["https:\/\/www.facebook.com\/psol50","https:\/\/x.com\/psol50","https:\/\/www.instagram.com\/psol50\/","https:\/\/www.youtube.com\/channel\/UC7SnJS5o1os7a6CaiNabzcg"]},{"@type":"Person","@id":"https:\/\/psol50.org.br\/#\/schema\/person\/475dfa57d0b815993c714c2e96491fcd","name":"Comunica\u00e7\u00e3o PSOL","image":{"@type":"ImageObject","inLanguage":"pt-BR","@id":"https:\/\/psol50.org.br\/#\/schema\/person\/image\/","url":"https:\/\/secure.gravatar.com\/avatar\/b34fc4f4e468a4e51785917065a3db57b841f5c95dba6ad8c73aaf8f66f8f9bf?s=96&d=mm&r=g","contentUrl":"https:\/\/secure.gravatar.com\/avatar\/b34fc4f4e468a4e51785917065a3db57b841f5c95dba6ad8c73aaf8f66f8f9bf?s=96&d=mm&r=g","caption":"Comunica\u00e7\u00e3o PSOL"}}]}},"_links":{"self":[{"href":"https:\/\/psol50.org.br\/rest\/wp\/v2\/posts\/26102","targetHints":{"allow":["GET"]}}],"collection":[{"href":"https:\/\/psol50.org.br\/rest\/wp\/v2\/posts"}],"about":[{"href":"https:\/\/psol50.org.br\/rest\/wp\/v2\/types\/post"}],"author":[{"embeddable":true,"href":"https:\/\/psol50.org.br\/rest\/wp\/v2\/users\/2"}],"replies":[{"embeddable":true,"href":"https:\/\/psol50.org.br\/rest\/wp\/v2\/comments?post=26102"}],"version-history":[{"count":0,"href":"https:\/\/psol50.org.br\/rest\/wp\/v2\/posts\/26102\/revisions"}],"wp:featuredmedia":[{"embeddable":true,"href":"https:\/\/psol50.org.br\/rest\/wp\/v2\/media\/25412"}],"wp:attachment":[{"href":"https:\/\/psol50.org.br\/rest\/wp\/v2\/media?parent=26102"}],"wp:term":[{"taxonomy":"category","embeddable":true,"href":"https:\/\/psol50.org.br\/rest\/wp\/v2\/categories?post=26102"},{"taxonomy":"post_tag","embeddable":true,"href":"https:\/\/psol50.org.br\/rest\/wp\/v2\/tags?post=26102"}],"curies":[{"name":"wp","href":"https:\/\/api.w.org\/{rel}","templated":true}]}}