{"id":26104,"date":"2019-08-08T11:38:05","date_gmt":"2019-08-08T14:38:05","guid":{"rendered":"http:\/\/psol50.org.br\/?p=26104"},"modified":"2019-08-08T11:38:05","modified_gmt":"2019-08-08T14:38:05","slug":"guilherme-boulos-a-renovacao-da-esquerda","status":"publish","type":"post","link":"https:\/\/psol50.org.br\/guilherme-boulos-a-renovacao-da-esquerda\/","title":{"rendered":"Guilherme Boulos: A renova\u00e7\u00e3o da esquerda"},"content":{"rendered":"<p><em><a href=\"https:\/\/www1.folha.uol.com.br\/opiniao\/2019\/08\/a-renovacao-da-esquerda.shtml\">Originalmente publicado na Folha de S.Paulo<\/a><\/em><\/p>\n<p>O\u00a0caso dos deputados do PDT e do PSB\u00a0que votaram pela\u00a0reforma da Previd\u00eancia\u00a0abriu debate p\u00fablico, ainda que enviesado, sobre renova\u00e7\u00e3o da esquerda. Parte da imprensa apressou-se em anunciar o conflito entre uma esquerda \u201cvelha e ran\u00e7osa\u201d e um sopro de novidade, representado por\u00a0Tabata Amaral (PDT-SP)\u00a0e grupos como Acredito e RenovaBR. Ver novas gera\u00e7\u00f5es entrando na pol\u00edtica \u00e9 muito bom e tem potencial de oxigenar o debate. Mas nem tudo que \u00e9 novo \u00e9 uma renova\u00e7\u00e3o.<\/p>\n<p>A reforma da Previd\u00eancia \u00e9 emblem\u00e1tica para entender onde as \u00e1guas se dividem. Ainda que o\u00a0texto final\u00a0tenha sido mais civilizado que o de Paulo Guedes, manteve duras perdas aos trabalhadores: 40 anos de contribui\u00e7\u00e3o para aposentadoria integral, redu\u00e7\u00e3o da pens\u00e3o por morte e da aposentadoria por invalidez e regra mais dura para o c\u00e1lculo dos benef\u00edcios e o abono salarial.<\/p>\n<p>N\u00e3o por acaso, 82% da economia prevista est\u00e1 justamente no abono e no regime geral, que tem a m\u00e9dia dos benef\u00edcios pouco maior que R$ 1.400. Enquanto isso, o regime das For\u00e7as Armadas, com benef\u00edcios m\u00e9dios de R$ 13.700, permaneceu intacto.<\/p>\n<p>Defender essa reforma em nome da austeridade fiscal, embora cruel, \u00e9 compreens\u00edvel na l\u00f3gica dos liberais. Agora defend\u00ea-la em nome do combate \u00e0s desigualdades e ainda associar isso a uma \u201cesquerda renovada\u201d beira o esc\u00e1rnio. Embora \u00e9 fato que o papel de noivo tra\u00eddo assumido por dirigentes partid\u00e1rios n\u00e3o convence, j\u00e1 que as posi\u00e7\u00f5es do Acredito e de seus financiadores sempre foram claras.<\/p>\n<p>Quem quer uma esquerda que aceite retirada de direitos em nome de \u201cajuste fiscal\u201d, privatiza\u00e7\u00e3o de empresas p\u00fablicas em nome da \u201cefici\u00eancia do mercado\u201d e que abra m\u00e3o de defender a regula\u00e7\u00e3o do sistema financeiro em nome do \u201cambiente de neg\u00f3cios\u201d; quem quer uma esquerda que n\u00e3o defenda a liberdade de Lula, mesmo ap\u00f3s desmascarada a fraude, em nome do \u201crespeito \u00e0s institui\u00e7\u00f5es\u201d, quer uma esquerda inofensiva e n\u00e3o renovada. Uma esquerda sem dentes.<\/p>\n<p>Na conjuntura mundial de avan\u00e7o da extrema-direita, \u00e9 justamente onde afirma seus princ\u00edpios, em vez de dilui-los no liberalismo, que a esquerda tem sido capaz de inspirar a juventude e construir alternativas: do enfrentamento a\u00a0Wall Street de Sanders\u00a0e AOC ao plano de renacionaliza\u00e7\u00e3o de Jeremy Corbin, passando pelo\u00a0Bloco de Esquerda portugu\u00eas, que criou as condi\u00e7\u00f5es para uma coaliz\u00e3o antiausteridade.<\/p>\n<p>N\u00e3o h\u00e1 d\u00favida de que a esquerda brasileira precisa de renova\u00e7\u00e3o. Sofremos uma dura derrota e \u00e9 preciso aprender com ela. Os erros foram muitos, a come\u00e7ar pelo v\u00edcio da adapta\u00e7\u00e3o: a esquerda acomodou-se nas institui\u00e7\u00f5es e perdeu as periferias, deixando espa\u00e7o aberto para o avan\u00e7o neopentecostal, hoje hegemonizado pelo bolsonarismo. Temos o desafio de trazer para o centro da agenda reformas estruturais n\u00e3o realizadas, como a pol\u00edtica \u2014que pode quebrar o \u201cmodus operandi\u201d da corrup\u00e7\u00e3o no Estado brasileiro\u2014, a\u00a0tribut\u00e1ria\u00a0e a banc\u00e1ria.<\/p>\n<p>Al\u00e9m disso, um projeto de futuro passa por buscar respostas \u00e0s grandes quest\u00f5es que a sociedade nos coloca hoje. Como pensar as rela\u00e7\u00f5es de trabalho num mundo com intelig\u00eancia artificial e com o advento da\u00a0ind\u00fastria 4.0? Como pensar um novo modelo de desenvolvimento, que n\u00e3o nos limite \u00e0 condi\u00e7\u00e3o prim\u00e1rio-extrativista e em que a economia esteja a servi\u00e7o da sociedade e do meio ambiente? Como pensar uma esquerda que, no governo, promova valores humanos e solid\u00e1rios al\u00e9m do acesso a bens de consumo?<\/p>\n<p>Para voltar a ser alternativa, a esquerda n\u00e3o pode guiar-se por um ufanismo acr\u00edtico, mas tampouco por aqueles que a querem domesticada. Ainda mais diante de um governo selvagem e devastador.<\/p>\n<p>A realidade pede uma esquerda capaz de fazer oposi\u00e7\u00e3o dura a\u00a0Jair\u00a0Bolsonaro, que volte a pisar no barro e que seja inspira\u00e7\u00e3o para aqueles que acreditam num outro modelo de sociedade. Para isso \u00e9 preciso, nos tempos dif\u00edceis, ter a coragem de nadar contra a corrente. Atalhos podem parecer promissores, mas n\u00e3o nos levam longe.<\/p>\n<p><em><strong>Guilherme Boulos<\/strong><\/em><br \/>\n<em><strong>Coordenador do Movimento dos Trabalhadores Sem-Teto (MTST), militante da Frente Povo Sem Medo e ex-candidato \u00e0 Presid\u00eancia pelo PSOL<\/strong><\/em><\/p>\n","protected":false},"excerpt":{"rendered":"<p>Originalmente publicado na Folha de S.Paulo O\u00a0caso dos deputados do PDT e do PSB\u00a0que votaram pela\u00a0reforma da Previd\u00eancia\u00a0abriu debate p\u00fablico, ainda que enviesado, sobre renova\u00e7\u00e3o da esquerda. Parte da imprensa apressou-se em anunciar o conflito entre uma esquerda \u201cvelha e ran\u00e7osa\u201d e um sopro de novidade, representado por\u00a0Tabata Amaral (PDT-SP)\u00a0e grupos como Acredito e RenovaBR. [&hellip;]<\/p>\n","protected":false},"author":2,"featured_media":26105,"comment_status":"closed","ping_status":"open","sticky":false,"template":"","format":"standard","meta":{"_acf_changed":false,"footnotes":""},"categories":[6],"tags":[1956,342,790,317,63,22,78,1957,1958],"class_list":{"0":"post-26104","1":"post","2":"type-post","3":"status-publish","4":"format-standard","5":"has-post-thumbnail","7":"category-noticias","8":"tag-acredito","9":"tag-boulos","10":"tag-esquerda","11":"tag-pdt","12":"tag-previdencia","13":"tag-psol","14":"tag-reforma","15":"tag-renovabr","16":"tag-tabata-amaral"},"acf":[],"yoast_head":"<!-- This site is optimized with the Yoast SEO plugin v26.5 - https:\/\/yoast.com\/wordpress\/plugins\/seo\/ -->\n<title>Guilherme Boulos: A renova\u00e7\u00e3o da esquerda - PSOL 50<\/title>\n<meta name=\"robots\" content=\"index, follow, max-snippet:-1, max-image-preview:large, max-video-preview:-1\" \/>\n<link rel=\"canonical\" href=\"https:\/\/psol50.org.br\/guilherme-boulos-a-renovacao-da-esquerda\/\" \/>\n<meta property=\"og:locale\" content=\"pt_BR\" \/>\n<meta property=\"og:type\" content=\"article\" \/>\n<meta property=\"og:title\" content=\"Guilherme Boulos: A renova\u00e7\u00e3o da esquerda\" \/>\n<meta property=\"og:description\" content=\"Defender a reforma da previd\u00eancia em nome do combate \u00e0s desigualdades e associar isso a uma \u201cesquerda renovada\u201d beira o esc\u00e1rnio\" \/>\n<meta property=\"og:url\" content=\"https:\/\/psol50.org.br\/guilherme-boulos-a-renovacao-da-esquerda\/\" \/>\n<meta property=\"og:site_name\" content=\"PSOL 50\" \/>\n<meta property=\"article:publisher\" content=\"https:\/\/www.facebook.com\/psol50\" \/>\n<meta property=\"article:published_time\" content=\"2019-08-08T14:38:05+00:00\" \/>\n<meta property=\"og:image\" content=\"https:\/\/psol50.org.br\/inc\/uploads\/2019\/08\/photo_2019-08-08-11.37.08.jpeg\" \/>\n\t<meta property=\"og:image:width\" content=\"1280\" \/>\n\t<meta property=\"og:image:height\" content=\"853\" \/>\n\t<meta property=\"og:image:type\" content=\"image\/jpeg\" \/>\n<meta name=\"author\" content=\"Comunica\u00e7\u00e3o PSOL\" \/>\n<meta name=\"twitter:card\" content=\"summary_large_image\" \/>\n<meta name=\"twitter:title\" content=\"Guilherme Boulos: A renova\u00e7\u00e3o da esquerda\" \/>\n<meta name=\"twitter:description\" content=\"Defender a reforma da previd\u00eancia em nome do combate \u00e0s desigualdades e associar isso a uma \u201cesquerda renovada\u201d beira o esc\u00e1rnio\" \/>\n<meta name=\"twitter:image\" content=\"https:\/\/psol50.org.br\/inc\/uploads\/2019\/08\/photo_2019-08-08-11.37.08.jpeg\" \/>\n<meta name=\"twitter:creator\" content=\"@psol50\" \/>\n<meta name=\"twitter:site\" content=\"@psol50\" \/>\n<meta name=\"twitter:label1\" content=\"Escrito por\" \/>\n\t<meta name=\"twitter:data1\" content=\"Comunica\u00e7\u00e3o PSOL\" \/>\n\t<meta name=\"twitter:label2\" content=\"Est. tempo de leitura\" \/>\n\t<meta name=\"twitter:data2\" content=\"4 minutos\" \/>\n<script type=\"application\/ld+json\" class=\"yoast-schema-graph\">{\"@context\":\"https:\/\/schema.org\",\"@graph\":[{\"@type\":\"Article\",\"@id\":\"https:\/\/psol50.org.br\/guilherme-boulos-a-renovacao-da-esquerda\/#article\",\"isPartOf\":{\"@id\":\"https:\/\/psol50.org.br\/guilherme-boulos-a-renovacao-da-esquerda\/\"},\"author\":{\"name\":\"Comunica\u00e7\u00e3o PSOL\",\"@id\":\"https:\/\/psol50.org.br\/#\/schema\/person\/475dfa57d0b815993c714c2e96491fcd\"},\"headline\":\"Guilherme Boulos: A renova\u00e7\u00e3o da esquerda\",\"datePublished\":\"2019-08-08T14:38:05+00:00\",\"mainEntityOfPage\":{\"@id\":\"https:\/\/psol50.org.br\/guilherme-boulos-a-renovacao-da-esquerda\/\"},\"wordCount\":732,\"publisher\":{\"@id\":\"https:\/\/psol50.org.br\/#organization\"},\"image\":{\"@id\":\"https:\/\/psol50.org.br\/guilherme-boulos-a-renovacao-da-esquerda\/#primaryimage\"},\"thumbnailUrl\":\"https:\/\/psol50.org.br\/inc\/uploads\/2019\/08\/photo_2019-08-08-11.37.08.jpeg\",\"keywords\":[\"acredito\",\"Boulos\",\"esquerda\",\"PDT\",\"previd\u00eancia\",\"PSOL\",\"Reforma\",\"RenovaBR\",\"tabata amaral\"],\"articleSection\":[\"Not\u00edcias\"],\"inLanguage\":\"pt-BR\"},{\"@type\":\"WebPage\",\"@id\":\"https:\/\/psol50.org.br\/guilherme-boulos-a-renovacao-da-esquerda\/\",\"url\":\"https:\/\/psol50.org.br\/guilherme-boulos-a-renovacao-da-esquerda\/\",\"name\":\"Guilherme Boulos: A renova\u00e7\u00e3o da esquerda - PSOL 50\",\"isPartOf\":{\"@id\":\"https:\/\/psol50.org.br\/#website\"},\"primaryImageOfPage\":{\"@id\":\"https:\/\/psol50.org.br\/guilherme-boulos-a-renovacao-da-esquerda\/#primaryimage\"},\"image\":{\"@id\":\"https:\/\/psol50.org.br\/guilherme-boulos-a-renovacao-da-esquerda\/#primaryimage\"},\"thumbnailUrl\":\"https:\/\/psol50.org.br\/inc\/uploads\/2019\/08\/photo_2019-08-08-11.37.08.jpeg\",\"datePublished\":\"2019-08-08T14:38:05+00:00\",\"breadcrumb\":{\"@id\":\"https:\/\/psol50.org.br\/guilherme-boulos-a-renovacao-da-esquerda\/#breadcrumb\"},\"inLanguage\":\"pt-BR\",\"potentialAction\":[{\"@type\":\"ReadAction\",\"target\":[\"https:\/\/psol50.org.br\/guilherme-boulos-a-renovacao-da-esquerda\/\"]}]},{\"@type\":\"ImageObject\",\"inLanguage\":\"pt-BR\",\"@id\":\"https:\/\/psol50.org.br\/guilherme-boulos-a-renovacao-da-esquerda\/#primaryimage\",\"url\":\"https:\/\/psol50.org.br\/inc\/uploads\/2019\/08\/photo_2019-08-08-11.37.08.jpeg\",\"contentUrl\":\"https:\/\/psol50.org.br\/inc\/uploads\/2019\/08\/photo_2019-08-08-11.37.08.jpeg\",\"width\":1280,\"height\":853},{\"@type\":\"BreadcrumbList\",\"@id\":\"https:\/\/psol50.org.br\/guilherme-boulos-a-renovacao-da-esquerda\/#breadcrumb\",\"itemListElement\":[{\"@type\":\"ListItem\",\"position\":1,\"name\":\"In\u00edcio\",\"item\":\"https:\/\/psol50.org.br\/\"},{\"@type\":\"ListItem\",\"position\":2,\"name\":\"Guilherme Boulos: A renova\u00e7\u00e3o da esquerda\"}]},{\"@type\":\"WebSite\",\"@id\":\"https:\/\/psol50.org.br\/#website\",\"url\":\"https:\/\/psol50.org.br\/\",\"name\":\"PSOL 50\",\"description\":\"Site oficial do Partido Socialismo e Liberdade\",\"publisher\":{\"@id\":\"https:\/\/psol50.org.br\/#organization\"},\"alternateName\":\"PSOL50\",\"potentialAction\":[{\"@type\":\"SearchAction\",\"target\":{\"@type\":\"EntryPoint\",\"urlTemplate\":\"https:\/\/psol50.org.br\/?s={search_term_string}\"},\"query-input\":{\"@type\":\"PropertyValueSpecification\",\"valueRequired\":true,\"valueName\":\"search_term_string\"}}],\"inLanguage\":\"pt-BR\"},{\"@type\":\"Organization\",\"@id\":\"https:\/\/psol50.org.br\/#organization\",\"name\":\"PSOL 50\",\"alternateName\":\"PSOL 50\",\"url\":\"https:\/\/psol50.org.br\/\",\"logo\":{\"@type\":\"ImageObject\",\"inLanguage\":\"pt-BR\",\"@id\":\"https:\/\/psol50.org.br\/#\/schema\/logo\/image\/\",\"url\":\"https:\/\/psol50.org.br\/inc\/uploads\/2018\/07\/capa.png\",\"contentUrl\":\"https:\/\/psol50.org.br\/inc\/uploads\/2018\/07\/capa.png\",\"width\":1350,\"height\":900,\"caption\":\"PSOL 50\"},\"image\":{\"@id\":\"https:\/\/psol50.org.br\/#\/schema\/logo\/image\/\"},\"sameAs\":[\"https:\/\/www.facebook.com\/psol50\",\"https:\/\/x.com\/psol50\",\"https:\/\/www.instagram.com\/psol50\/\",\"https:\/\/www.youtube.com\/channel\/UC7SnJS5o1os7a6CaiNabzcg\"]},{\"@type\":\"Person\",\"@id\":\"https:\/\/psol50.org.br\/#\/schema\/person\/475dfa57d0b815993c714c2e96491fcd\",\"name\":\"Comunica\u00e7\u00e3o PSOL\",\"image\":{\"@type\":\"ImageObject\",\"inLanguage\":\"pt-BR\",\"@id\":\"https:\/\/psol50.org.br\/#\/schema\/person\/image\/\",\"url\":\"https:\/\/secure.gravatar.com\/avatar\/b34fc4f4e468a4e51785917065a3db57b841f5c95dba6ad8c73aaf8f66f8f9bf?s=96&d=mm&r=g\",\"contentUrl\":\"https:\/\/secure.gravatar.com\/avatar\/b34fc4f4e468a4e51785917065a3db57b841f5c95dba6ad8c73aaf8f66f8f9bf?s=96&d=mm&r=g\",\"caption\":\"Comunica\u00e7\u00e3o PSOL\"}}]}<\/script>\n<!-- \/ Yoast SEO plugin. -->","yoast_head_json":{"title":"Guilherme Boulos: A renova\u00e7\u00e3o da esquerda - PSOL 50","robots":{"index":"index","follow":"follow","max-snippet":"max-snippet:-1","max-image-preview":"max-image-preview:large","max-video-preview":"max-video-preview:-1"},"canonical":"https:\/\/psol50.org.br\/guilherme-boulos-a-renovacao-da-esquerda\/","og_locale":"pt_BR","og_type":"article","og_title":"Guilherme Boulos: A renova\u00e7\u00e3o da esquerda","og_description":"Defender a reforma da previd\u00eancia em nome do combate \u00e0s desigualdades e associar isso a uma \u201cesquerda renovada\u201d beira o esc\u00e1rnio","og_url":"https:\/\/psol50.org.br\/guilherme-boulos-a-renovacao-da-esquerda\/","og_site_name":"PSOL 50","article_publisher":"https:\/\/www.facebook.com\/psol50","article_published_time":"2019-08-08T14:38:05+00:00","og_image":[{"width":1280,"height":853,"url":"https:\/\/psol50.org.br\/inc\/uploads\/2019\/08\/photo_2019-08-08-11.37.08.jpeg","type":"image\/jpeg"}],"author":"Comunica\u00e7\u00e3o PSOL","twitter_card":"summary_large_image","twitter_title":"Guilherme Boulos: A renova\u00e7\u00e3o da esquerda","twitter_description":"Defender a reforma da previd\u00eancia em nome do combate \u00e0s desigualdades e associar isso a uma \u201cesquerda renovada\u201d beira o esc\u00e1rnio","twitter_image":"https:\/\/psol50.org.br\/inc\/uploads\/2019\/08\/photo_2019-08-08-11.37.08.jpeg","twitter_creator":"@psol50","twitter_site":"@psol50","twitter_misc":{"Escrito por":"Comunica\u00e7\u00e3o PSOL","Est. tempo de leitura":"4 minutos"},"schema":{"@context":"https:\/\/schema.org","@graph":[{"@type":"Article","@id":"https:\/\/psol50.org.br\/guilherme-boulos-a-renovacao-da-esquerda\/#article","isPartOf":{"@id":"https:\/\/psol50.org.br\/guilherme-boulos-a-renovacao-da-esquerda\/"},"author":{"name":"Comunica\u00e7\u00e3o PSOL","@id":"https:\/\/psol50.org.br\/#\/schema\/person\/475dfa57d0b815993c714c2e96491fcd"},"headline":"Guilherme Boulos: A renova\u00e7\u00e3o da esquerda","datePublished":"2019-08-08T14:38:05+00:00","mainEntityOfPage":{"@id":"https:\/\/psol50.org.br\/guilherme-boulos-a-renovacao-da-esquerda\/"},"wordCount":732,"publisher":{"@id":"https:\/\/psol50.org.br\/#organization"},"image":{"@id":"https:\/\/psol50.org.br\/guilherme-boulos-a-renovacao-da-esquerda\/#primaryimage"},"thumbnailUrl":"https:\/\/psol50.org.br\/inc\/uploads\/2019\/08\/photo_2019-08-08-11.37.08.jpeg","keywords":["acredito","Boulos","esquerda","PDT","previd\u00eancia","PSOL","Reforma","RenovaBR","tabata amaral"],"articleSection":["Not\u00edcias"],"inLanguage":"pt-BR"},{"@type":"WebPage","@id":"https:\/\/psol50.org.br\/guilherme-boulos-a-renovacao-da-esquerda\/","url":"https:\/\/psol50.org.br\/guilherme-boulos-a-renovacao-da-esquerda\/","name":"Guilherme Boulos: A renova\u00e7\u00e3o da esquerda - PSOL 50","isPartOf":{"@id":"https:\/\/psol50.org.br\/#website"},"primaryImageOfPage":{"@id":"https:\/\/psol50.org.br\/guilherme-boulos-a-renovacao-da-esquerda\/#primaryimage"},"image":{"@id":"https:\/\/psol50.org.br\/guilherme-boulos-a-renovacao-da-esquerda\/#primaryimage"},"thumbnailUrl":"https:\/\/psol50.org.br\/inc\/uploads\/2019\/08\/photo_2019-08-08-11.37.08.jpeg","datePublished":"2019-08-08T14:38:05+00:00","breadcrumb":{"@id":"https:\/\/psol50.org.br\/guilherme-boulos-a-renovacao-da-esquerda\/#breadcrumb"},"inLanguage":"pt-BR","potentialAction":[{"@type":"ReadAction","target":["https:\/\/psol50.org.br\/guilherme-boulos-a-renovacao-da-esquerda\/"]}]},{"@type":"ImageObject","inLanguage":"pt-BR","@id":"https:\/\/psol50.org.br\/guilherme-boulos-a-renovacao-da-esquerda\/#primaryimage","url":"https:\/\/psol50.org.br\/inc\/uploads\/2019\/08\/photo_2019-08-08-11.37.08.jpeg","contentUrl":"https:\/\/psol50.org.br\/inc\/uploads\/2019\/08\/photo_2019-08-08-11.37.08.jpeg","width":1280,"height":853},{"@type":"BreadcrumbList","@id":"https:\/\/psol50.org.br\/guilherme-boulos-a-renovacao-da-esquerda\/#breadcrumb","itemListElement":[{"@type":"ListItem","position":1,"name":"In\u00edcio","item":"https:\/\/psol50.org.br\/"},{"@type":"ListItem","position":2,"name":"Guilherme Boulos: A renova\u00e7\u00e3o da esquerda"}]},{"@type":"WebSite","@id":"https:\/\/psol50.org.br\/#website","url":"https:\/\/psol50.org.br\/","name":"PSOL 50","description":"Site oficial do Partido Socialismo e Liberdade","publisher":{"@id":"https:\/\/psol50.org.br\/#organization"},"alternateName":"PSOL50","potentialAction":[{"@type":"SearchAction","target":{"@type":"EntryPoint","urlTemplate":"https:\/\/psol50.org.br\/?s={search_term_string}"},"query-input":{"@type":"PropertyValueSpecification","valueRequired":true,"valueName":"search_term_string"}}],"inLanguage":"pt-BR"},{"@type":"Organization","@id":"https:\/\/psol50.org.br\/#organization","name":"PSOL 50","alternateName":"PSOL 50","url":"https:\/\/psol50.org.br\/","logo":{"@type":"ImageObject","inLanguage":"pt-BR","@id":"https:\/\/psol50.org.br\/#\/schema\/logo\/image\/","url":"https:\/\/psol50.org.br\/inc\/uploads\/2018\/07\/capa.png","contentUrl":"https:\/\/psol50.org.br\/inc\/uploads\/2018\/07\/capa.png","width":1350,"height":900,"caption":"PSOL 50"},"image":{"@id":"https:\/\/psol50.org.br\/#\/schema\/logo\/image\/"},"sameAs":["https:\/\/www.facebook.com\/psol50","https:\/\/x.com\/psol50","https:\/\/www.instagram.com\/psol50\/","https:\/\/www.youtube.com\/channel\/UC7SnJS5o1os7a6CaiNabzcg"]},{"@type":"Person","@id":"https:\/\/psol50.org.br\/#\/schema\/person\/475dfa57d0b815993c714c2e96491fcd","name":"Comunica\u00e7\u00e3o PSOL","image":{"@type":"ImageObject","inLanguage":"pt-BR","@id":"https:\/\/psol50.org.br\/#\/schema\/person\/image\/","url":"https:\/\/secure.gravatar.com\/avatar\/b34fc4f4e468a4e51785917065a3db57b841f5c95dba6ad8c73aaf8f66f8f9bf?s=96&d=mm&r=g","contentUrl":"https:\/\/secure.gravatar.com\/avatar\/b34fc4f4e468a4e51785917065a3db57b841f5c95dba6ad8c73aaf8f66f8f9bf?s=96&d=mm&r=g","caption":"Comunica\u00e7\u00e3o PSOL"}}]}},"_links":{"self":[{"href":"https:\/\/psol50.org.br\/rest\/wp\/v2\/posts\/26104","targetHints":{"allow":["GET"]}}],"collection":[{"href":"https:\/\/psol50.org.br\/rest\/wp\/v2\/posts"}],"about":[{"href":"https:\/\/psol50.org.br\/rest\/wp\/v2\/types\/post"}],"author":[{"embeddable":true,"href":"https:\/\/psol50.org.br\/rest\/wp\/v2\/users\/2"}],"replies":[{"embeddable":true,"href":"https:\/\/psol50.org.br\/rest\/wp\/v2\/comments?post=26104"}],"version-history":[{"count":0,"href":"https:\/\/psol50.org.br\/rest\/wp\/v2\/posts\/26104\/revisions"}],"wp:featuredmedia":[{"embeddable":true,"href":"https:\/\/psol50.org.br\/rest\/wp\/v2\/media\/26105"}],"wp:attachment":[{"href":"https:\/\/psol50.org.br\/rest\/wp\/v2\/media?parent=26104"}],"wp:term":[{"taxonomy":"category","embeddable":true,"href":"https:\/\/psol50.org.br\/rest\/wp\/v2\/categories?post=26104"},{"taxonomy":"post_tag","embeddable":true,"href":"https:\/\/psol50.org.br\/rest\/wp\/v2\/tags?post=26104"}],"curies":[{"name":"wp","href":"https:\/\/api.w.org\/{rel}","templated":true}]}}