{"id":26122,"date":"2019-08-12T13:25:02","date_gmt":"2019-08-12T16:25:02","guid":{"rendered":"http:\/\/psol50.org.br\/?p=26122"},"modified":"2019-08-12T13:25:02","modified_gmt":"2019-08-12T16:25:02","slug":"guilherme-boulos-jair-bolsonaro-e-os-herdeiros-do-general-linha-dura-sylvio-frota","status":"publish","type":"post","link":"https:\/\/psol50.org.br\/guilherme-boulos-jair-bolsonaro-e-os-herdeiros-do-general-linha-dura-sylvio-frota\/","title":{"rendered":"Guilherme Boulos | Jair Bolsonaro e os herdeiros do general linha-dura Sylvio Frota"},"content":{"rendered":"<p><em>Originalmente publicado em <a href=\"https:\/\/www.cartacapital.com.br\/opiniao\/jair-bolsonaro-e-os-herdeiros-do-general-linha-dura-sylvio-frota\/\" target=\"_blank\" rel=\"noopener noreferrer\">Carta Capital.<\/a><\/em><\/p>\n<p>No 18 Brum\u00e1rio de Lu\u00eds Bonaparte, Karl Marx citou a famosa frase de Hegel de que a hist\u00f3ria se repete e acrescentou: \u201cA primeira vez como trag\u00e9dia, a segunda como farsa\u201d. E eis que o governo Bolsonaro, com seus arroubos e personagens grotescos, nos faz lembrar de um tr\u00e1gico per\u00edodo, nem t\u00e3o distante, que parece ser a mat\u00e9ria-prima do enredo farsesco imposto ao Brasil de 2019.<\/p>\n<p>Falemos do general Sylvio Frota, morto em 1996. Oficial graduado, foi ministro do Ex\u00e9rcito do ditador Ernesto Geisel, entre 1974 e 1977, quando o regime anunciava a transi\u00e7\u00e3o \u201clenta, gradual e segura\u201d. Frota talvez tenha sido o maior opositor da abertura democr\u00e1tica, que considerava uma trai\u00e7\u00e3o ao \u201cprocesso revolucion\u00e1rio\u201d. Anticomunista, elaborou a famosa lista dos 97 \u201csubversivos infiltrados no Estado\u201d e passou a minar Geisel, a quem pretendia suceder e que considerava ideologicamente de esquerda.<\/p>\n<p>Sim, para Frota, Geisel era quase um comunista. Foi exonerado pelo presidente em 12 de outubro de 1977, n\u00e3o sem tentar uma conspira\u00e7\u00e3o golpista \u2013 um golpe dentro do golpe \u2013 no mesmo dia. Fracassou. Os generais que tentou convocar para o levante haviam sido chamados por Geisel ao Pal\u00e1cio do Planalto. Escreveu ent\u00e3o um manifesto p\u00fablico, no qual resume suas cren\u00e7as sobre o Brasil. Possivelmente passou despercebido que um dos exonerados daquele dia tenha sido um certo capit\u00e3o Augusto Heleno, nada menos que ajudante de ordens do ministro.<\/p>\n<p>Ao reler o manifesto do general, parece que estou diante do programa do atual governo brasileiro. O texto faz uma defesa do um alinhamento servil com os Estados Unidos e ataca Geisel pela aproxima\u00e7\u00e3o com a China e por cr\u00edticas a Israel. Seria, no entender de Frota, provas de uma \u201cescalada socialista\u201d. Ultraliberal na economia, ele ataca o papel desenvolvimentista do Estado naquele momento e sua presen\u00e7a reguladora. Profundamente autorit\u00e1rio na pol\u00edtica, reclama da permissividade com as cr\u00edticas da m\u00eddia \u00e0s For\u00e7as Armadas, (\u201cpropaganda subversiva\u201d, define).<\/p>\n<p>Ap\u00f3s o fim do \u201cmilagre econ\u00f4mico\u201d e a derrota nas elei\u00e7\u00f5es parlamentares de 1974, a ditadura estava em crise. A posi\u00e7\u00e3o de Frota e sua turma era dobrar a aposta, reagindo aos questionamentos sociais com ainda mais repress\u00e3o. Essa linha de pensamento produziu o atentado do Riocentro, uma tentativa de criar um falso pretexto para justificar o endurecimento, t\u00e1tica bem comum entre certos setores militares. Frota op\u00f4s-se \u00e0 Lei da Anistia e seu grupo nunca aceitou a transi\u00e7\u00e3o democr\u00e1tica e a Constitui\u00e7\u00e3o de 1988.<\/p>\n<p>Augusto Heleno, atual ministro do GSI, fazia parte da patota. Bolsonaro, embora arraia-mi\u00fada, expressou justamente esse pensamento durante toda a sua med\u00edocre carreira pol\u00edtica. De algum modo, mesmo que por vias tortuosas, os herdeiros de Frota chegaram ao Planalto 40 anos depois. \u00c9 fato que n\u00e3o representam as For\u00e7as Armadas brasileiras como um todo, mas sua pior tradi\u00e7\u00e3o, autorit\u00e1ria e entreguista: aqueles que falam grosso com o povo brasileiro e fino com as autoridades americanas.<\/p>\n<p>Se Bolsonaro tem alguma linhagem pol\u00edtica \u00e9 a de Sylvio Frota. E entender isso pode lan\u00e7ar luzes sobre sua estrat\u00e9gia em meio ao caos aparente de seu desgoverno. Quando ele ataca a m\u00eddia e amea\u00e7a jornalistas, n\u00e3o \u00e9 apenas um excesso. Quando estoura a corda com o Congresso e o Judici\u00e1rio, n\u00e3o \u00e9 um sinal de despreparo. Quando persegue opositores, minimiza o assassinato de ind\u00edgenas ou exalta a tortura, n\u00e3o joga somente para a plateia. Esse \u00e9 o n\u00facleo central da sua pol\u00edtica. A mesma receita que Frota propunha para a crise da ditadura \u2013 sa\u00edda autorit\u00e1ria, com maior fechamento do regime \u2013 \u00e9 a que Bolsonaro, num outro contexto, prop\u00f5e para a crise da Nova Rep\u00fablica.<\/p>\n<p>Depois de sete meses n\u00e3o restam d\u00favidas de que, se tiver oportunidade, Bolsonaro n\u00e3o hesitar\u00e1 em destruir o que restou da combalida democracia brasileira. Hoje n\u00e3o tem for\u00e7a nem apoio suficiente para tanto. Mas tem testado progressivamente a rea\u00e7\u00e3o da sociedade e das institui\u00e7\u00f5es. Faz o que a linguagem militar chama de \u201caproxima\u00e7\u00f5es sucessivas\u201d. Se a sua estrat\u00e9gia entrar\u00e1 para a hist\u00f3ria como farsa ou uma nova trag\u00e9dia, depender\u00e1 da capacidade de resist\u00eancia da sociedade.<\/p>\n","protected":false},"excerpt":{"rendered":"<p>Originalmente publicado em Carta Capital. No 18 Brum\u00e1rio de Lu\u00eds Bonaparte, Karl Marx citou a famosa frase de Hegel de que a hist\u00f3ria se repete e acrescentou: \u201cA primeira vez como trag\u00e9dia, a segunda como farsa\u201d. E eis que o governo Bolsonaro, com seus arroubos e personagens grotescos, nos faz lembrar de um tr\u00e1gico per\u00edodo, [&hellip;]<\/p>\n","protected":false},"author":2,"featured_media":26124,"comment_status":"closed","ping_status":"open","sticky":false,"template":"","format":"standard","meta":{"_acf_changed":false,"footnotes":""},"categories":[6],"tags":[638,1963,1964,977,244,1965],"class_list":{"0":"post-26122","1":"post","2":"type-post","3":"status-publish","4":"format-standard","5":"has-post-thumbnail","7":"category-noticias","8":"tag-ditadura-militar","9":"tag-geisel","10":"tag-generais","11":"tag-guilherme-boulos","12":"tag-jair-bolsonaro","13":"tag-sylvio-frota"},"acf":[],"yoast_head":"<!-- This site is optimized with the Yoast SEO plugin v26.5 - https:\/\/yoast.com\/wordpress\/plugins\/seo\/ -->\n<title>Guilherme Boulos | Jair Bolsonaro e os herdeiros do general linha-dura Sylvio Frota<\/title>\n<meta name=\"robots\" content=\"index, follow, max-snippet:-1, max-image-preview:large, max-video-preview:-1\" \/>\n<link rel=\"canonical\" href=\"https:\/\/psol50.org.br\/guilherme-boulos-jair-bolsonaro-e-os-herdeiros-do-general-linha-dura-sylvio-frota\/\" \/>\n<meta property=\"og:locale\" content=\"pt_BR\" \/>\n<meta property=\"og:type\" content=\"article\" \/>\n<meta property=\"og:title\" content=\"Jair Bolsonaro e os herdeiros do general linha-dura Sylvio Frota\" \/>\n<meta property=\"og:description\" content=\"Para Frota, Geisel era quase um comunista. Acabou exonerado pelo presidente militar em 1977. Leia o artigo de Guilherme Boulos.\" \/>\n<meta property=\"og:url\" content=\"https:\/\/psol50.org.br\/guilherme-boulos-jair-bolsonaro-e-os-herdeiros-do-general-linha-dura-sylvio-frota\/\" \/>\n<meta property=\"og:site_name\" content=\"PSOL 50\" \/>\n<meta property=\"article:publisher\" content=\"https:\/\/www.facebook.com\/psol50\" \/>\n<meta property=\"article:published_time\" content=\"2019-08-12T16:25:02+00:00\" \/>\n<meta property=\"og:image\" content=\"https:\/\/psol50.org.br\/inc\/uploads\/2019\/08\/Bolsonaro_GERALDO-MAGELA-AGENCIA-SENADO.jpg\" \/>\n\t<meta property=\"og:image:width\" content=\"1200\" \/>\n\t<meta property=\"og:image:height\" content=\"720\" \/>\n\t<meta property=\"og:image:type\" content=\"image\/jpeg\" \/>\n<meta name=\"author\" content=\"Comunica\u00e7\u00e3o PSOL\" \/>\n<meta name=\"twitter:card\" content=\"summary_large_image\" \/>\n<meta name=\"twitter:title\" content=\"Jair Bolsonaro e os herdeiros do general linha-dura Sylvio Frota\" \/>\n<meta name=\"twitter:description\" content=\"Para Frota, Geisel era quase um comunista. Acabou exonerado pelo presidente militar em 1977. Leia o artigo de Guilherme Boulos.\" \/>\n<meta name=\"twitter:image\" content=\"https:\/\/psol50.org.br\/inc\/uploads\/2019\/08\/Bolsonaro_GERALDO-MAGELA-AGENCIA-SENADO.jpg\" \/>\n<meta name=\"twitter:creator\" content=\"@psol50\" \/>\n<meta name=\"twitter:site\" content=\"@psol50\" \/>\n<meta name=\"twitter:label1\" content=\"Escrito por\" \/>\n\t<meta name=\"twitter:data1\" content=\"Comunica\u00e7\u00e3o PSOL\" \/>\n\t<meta name=\"twitter:label2\" content=\"Est. tempo de leitura\" \/>\n\t<meta name=\"twitter:data2\" content=\"4 minutos\" \/>\n<script type=\"application\/ld+json\" class=\"yoast-schema-graph\">{\"@context\":\"https:\/\/schema.org\",\"@graph\":[{\"@type\":\"Article\",\"@id\":\"https:\/\/psol50.org.br\/guilherme-boulos-jair-bolsonaro-e-os-herdeiros-do-general-linha-dura-sylvio-frota\/#article\",\"isPartOf\":{\"@id\":\"https:\/\/psol50.org.br\/guilherme-boulos-jair-bolsonaro-e-os-herdeiros-do-general-linha-dura-sylvio-frota\/\"},\"author\":{\"name\":\"Comunica\u00e7\u00e3o PSOL\",\"@id\":\"https:\/\/psol50.org.br\/#\/schema\/person\/475dfa57d0b815993c714c2e96491fcd\"},\"headline\":\"Guilherme Boulos | Jair Bolsonaro e os herdeiros do general linha-dura Sylvio Frota\",\"datePublished\":\"2019-08-12T16:25:02+00:00\",\"mainEntityOfPage\":{\"@id\":\"https:\/\/psol50.org.br\/guilherme-boulos-jair-bolsonaro-e-os-herdeiros-do-general-linha-dura-sylvio-frota\/\"},\"wordCount\":735,\"publisher\":{\"@id\":\"https:\/\/psol50.org.br\/#organization\"},\"image\":{\"@id\":\"https:\/\/psol50.org.br\/guilherme-boulos-jair-bolsonaro-e-os-herdeiros-do-general-linha-dura-sylvio-frota\/#primaryimage\"},\"thumbnailUrl\":\"https:\/\/psol50.org.br\/inc\/uploads\/2019\/08\/Bolsonaro_GERALDO-MAGELA-AGENCIA-SENADO.jpg\",\"keywords\":[\"ditadura militar\",\"Geisel\",\"generais\",\"Guilherme Boulos\",\"Jair Bolsonaro\",\"Sylvio Frota\"],\"articleSection\":[\"Not\u00edcias\"],\"inLanguage\":\"pt-BR\"},{\"@type\":\"WebPage\",\"@id\":\"https:\/\/psol50.org.br\/guilherme-boulos-jair-bolsonaro-e-os-herdeiros-do-general-linha-dura-sylvio-frota\/\",\"url\":\"https:\/\/psol50.org.br\/guilherme-boulos-jair-bolsonaro-e-os-herdeiros-do-general-linha-dura-sylvio-frota\/\",\"name\":\"Guilherme Boulos | Jair Bolsonaro e os herdeiros do general linha-dura Sylvio Frota\",\"isPartOf\":{\"@id\":\"https:\/\/psol50.org.br\/#website\"},\"primaryImageOfPage\":{\"@id\":\"https:\/\/psol50.org.br\/guilherme-boulos-jair-bolsonaro-e-os-herdeiros-do-general-linha-dura-sylvio-frota\/#primaryimage\"},\"image\":{\"@id\":\"https:\/\/psol50.org.br\/guilherme-boulos-jair-bolsonaro-e-os-herdeiros-do-general-linha-dura-sylvio-frota\/#primaryimage\"},\"thumbnailUrl\":\"https:\/\/psol50.org.br\/inc\/uploads\/2019\/08\/Bolsonaro_GERALDO-MAGELA-AGENCIA-SENADO.jpg\",\"datePublished\":\"2019-08-12T16:25:02+00:00\",\"breadcrumb\":{\"@id\":\"https:\/\/psol50.org.br\/guilherme-boulos-jair-bolsonaro-e-os-herdeiros-do-general-linha-dura-sylvio-frota\/#breadcrumb\"},\"inLanguage\":\"pt-BR\",\"potentialAction\":[{\"@type\":\"ReadAction\",\"target\":[\"https:\/\/psol50.org.br\/guilherme-boulos-jair-bolsonaro-e-os-herdeiros-do-general-linha-dura-sylvio-frota\/\"]}]},{\"@type\":\"ImageObject\",\"inLanguage\":\"pt-BR\",\"@id\":\"https:\/\/psol50.org.br\/guilherme-boulos-jair-bolsonaro-e-os-herdeiros-do-general-linha-dura-sylvio-frota\/#primaryimage\",\"url\":\"https:\/\/psol50.org.br\/inc\/uploads\/2019\/08\/Bolsonaro_GERALDO-MAGELA-AGENCIA-SENADO.jpg\",\"contentUrl\":\"https:\/\/psol50.org.br\/inc\/uploads\/2019\/08\/Bolsonaro_GERALDO-MAGELA-AGENCIA-SENADO.jpg\",\"width\":1200,\"height\":720,\"caption\":\"Geraldo Magela\/Ag\u00eancia Senado\"},{\"@type\":\"BreadcrumbList\",\"@id\":\"https:\/\/psol50.org.br\/guilherme-boulos-jair-bolsonaro-e-os-herdeiros-do-general-linha-dura-sylvio-frota\/#breadcrumb\",\"itemListElement\":[{\"@type\":\"ListItem\",\"position\":1,\"name\":\"In\u00edcio\",\"item\":\"https:\/\/psol50.org.br\/\"},{\"@type\":\"ListItem\",\"position\":2,\"name\":\"Guilherme Boulos | Jair Bolsonaro e os herdeiros do general linha-dura Sylvio Frota\"}]},{\"@type\":\"WebSite\",\"@id\":\"https:\/\/psol50.org.br\/#website\",\"url\":\"https:\/\/psol50.org.br\/\",\"name\":\"PSOL 50\",\"description\":\"Site oficial do Partido Socialismo e Liberdade\",\"publisher\":{\"@id\":\"https:\/\/psol50.org.br\/#organization\"},\"alternateName\":\"PSOL50\",\"potentialAction\":[{\"@type\":\"SearchAction\",\"target\":{\"@type\":\"EntryPoint\",\"urlTemplate\":\"https:\/\/psol50.org.br\/?s={search_term_string}\"},\"query-input\":{\"@type\":\"PropertyValueSpecification\",\"valueRequired\":true,\"valueName\":\"search_term_string\"}}],\"inLanguage\":\"pt-BR\"},{\"@type\":\"Organization\",\"@id\":\"https:\/\/psol50.org.br\/#organization\",\"name\":\"PSOL 50\",\"alternateName\":\"PSOL 50\",\"url\":\"https:\/\/psol50.org.br\/\",\"logo\":{\"@type\":\"ImageObject\",\"inLanguage\":\"pt-BR\",\"@id\":\"https:\/\/psol50.org.br\/#\/schema\/logo\/image\/\",\"url\":\"https:\/\/psol50.org.br\/inc\/uploads\/2018\/07\/capa.png\",\"contentUrl\":\"https:\/\/psol50.org.br\/inc\/uploads\/2018\/07\/capa.png\",\"width\":1350,\"height\":900,\"caption\":\"PSOL 50\"},\"image\":{\"@id\":\"https:\/\/psol50.org.br\/#\/schema\/logo\/image\/\"},\"sameAs\":[\"https:\/\/www.facebook.com\/psol50\",\"https:\/\/x.com\/psol50\",\"https:\/\/www.instagram.com\/psol50\/\",\"https:\/\/www.youtube.com\/channel\/UC7SnJS5o1os7a6CaiNabzcg\"]},{\"@type\":\"Person\",\"@id\":\"https:\/\/psol50.org.br\/#\/schema\/person\/475dfa57d0b815993c714c2e96491fcd\",\"name\":\"Comunica\u00e7\u00e3o PSOL\",\"image\":{\"@type\":\"ImageObject\",\"inLanguage\":\"pt-BR\",\"@id\":\"https:\/\/psol50.org.br\/#\/schema\/person\/image\/\",\"url\":\"https:\/\/secure.gravatar.com\/avatar\/b34fc4f4e468a4e51785917065a3db57b841f5c95dba6ad8c73aaf8f66f8f9bf?s=96&d=mm&r=g\",\"contentUrl\":\"https:\/\/secure.gravatar.com\/avatar\/b34fc4f4e468a4e51785917065a3db57b841f5c95dba6ad8c73aaf8f66f8f9bf?s=96&d=mm&r=g\",\"caption\":\"Comunica\u00e7\u00e3o PSOL\"}}]}<\/script>\n<!-- \/ Yoast SEO plugin. -->","yoast_head_json":{"title":"Guilherme Boulos | Jair Bolsonaro e os herdeiros do general linha-dura Sylvio Frota","robots":{"index":"index","follow":"follow","max-snippet":"max-snippet:-1","max-image-preview":"max-image-preview:large","max-video-preview":"max-video-preview:-1"},"canonical":"https:\/\/psol50.org.br\/guilherme-boulos-jair-bolsonaro-e-os-herdeiros-do-general-linha-dura-sylvio-frota\/","og_locale":"pt_BR","og_type":"article","og_title":"Jair Bolsonaro e os herdeiros do general linha-dura Sylvio Frota","og_description":"Para Frota, Geisel era quase um comunista. Acabou exonerado pelo presidente militar em 1977. Leia o artigo de Guilherme Boulos.","og_url":"https:\/\/psol50.org.br\/guilherme-boulos-jair-bolsonaro-e-os-herdeiros-do-general-linha-dura-sylvio-frota\/","og_site_name":"PSOL 50","article_publisher":"https:\/\/www.facebook.com\/psol50","article_published_time":"2019-08-12T16:25:02+00:00","og_image":[{"width":1200,"height":720,"url":"https:\/\/psol50.org.br\/inc\/uploads\/2019\/08\/Bolsonaro_GERALDO-MAGELA-AGENCIA-SENADO.jpg","type":"image\/jpeg"}],"author":"Comunica\u00e7\u00e3o PSOL","twitter_card":"summary_large_image","twitter_title":"Jair Bolsonaro e os herdeiros do general linha-dura Sylvio Frota","twitter_description":"Para Frota, Geisel era quase um comunista. Acabou exonerado pelo presidente militar em 1977. Leia o artigo de Guilherme Boulos.","twitter_image":"https:\/\/psol50.org.br\/inc\/uploads\/2019\/08\/Bolsonaro_GERALDO-MAGELA-AGENCIA-SENADO.jpg","twitter_creator":"@psol50","twitter_site":"@psol50","twitter_misc":{"Escrito por":"Comunica\u00e7\u00e3o PSOL","Est. tempo de leitura":"4 minutos"},"schema":{"@context":"https:\/\/schema.org","@graph":[{"@type":"Article","@id":"https:\/\/psol50.org.br\/guilherme-boulos-jair-bolsonaro-e-os-herdeiros-do-general-linha-dura-sylvio-frota\/#article","isPartOf":{"@id":"https:\/\/psol50.org.br\/guilherme-boulos-jair-bolsonaro-e-os-herdeiros-do-general-linha-dura-sylvio-frota\/"},"author":{"name":"Comunica\u00e7\u00e3o PSOL","@id":"https:\/\/psol50.org.br\/#\/schema\/person\/475dfa57d0b815993c714c2e96491fcd"},"headline":"Guilherme Boulos | Jair Bolsonaro e os herdeiros do general linha-dura Sylvio Frota","datePublished":"2019-08-12T16:25:02+00:00","mainEntityOfPage":{"@id":"https:\/\/psol50.org.br\/guilherme-boulos-jair-bolsonaro-e-os-herdeiros-do-general-linha-dura-sylvio-frota\/"},"wordCount":735,"publisher":{"@id":"https:\/\/psol50.org.br\/#organization"},"image":{"@id":"https:\/\/psol50.org.br\/guilherme-boulos-jair-bolsonaro-e-os-herdeiros-do-general-linha-dura-sylvio-frota\/#primaryimage"},"thumbnailUrl":"https:\/\/psol50.org.br\/inc\/uploads\/2019\/08\/Bolsonaro_GERALDO-MAGELA-AGENCIA-SENADO.jpg","keywords":["ditadura militar","Geisel","generais","Guilherme Boulos","Jair Bolsonaro","Sylvio Frota"],"articleSection":["Not\u00edcias"],"inLanguage":"pt-BR"},{"@type":"WebPage","@id":"https:\/\/psol50.org.br\/guilherme-boulos-jair-bolsonaro-e-os-herdeiros-do-general-linha-dura-sylvio-frota\/","url":"https:\/\/psol50.org.br\/guilherme-boulos-jair-bolsonaro-e-os-herdeiros-do-general-linha-dura-sylvio-frota\/","name":"Guilherme Boulos | Jair Bolsonaro e os herdeiros do general linha-dura Sylvio Frota","isPartOf":{"@id":"https:\/\/psol50.org.br\/#website"},"primaryImageOfPage":{"@id":"https:\/\/psol50.org.br\/guilherme-boulos-jair-bolsonaro-e-os-herdeiros-do-general-linha-dura-sylvio-frota\/#primaryimage"},"image":{"@id":"https:\/\/psol50.org.br\/guilherme-boulos-jair-bolsonaro-e-os-herdeiros-do-general-linha-dura-sylvio-frota\/#primaryimage"},"thumbnailUrl":"https:\/\/psol50.org.br\/inc\/uploads\/2019\/08\/Bolsonaro_GERALDO-MAGELA-AGENCIA-SENADO.jpg","datePublished":"2019-08-12T16:25:02+00:00","breadcrumb":{"@id":"https:\/\/psol50.org.br\/guilherme-boulos-jair-bolsonaro-e-os-herdeiros-do-general-linha-dura-sylvio-frota\/#breadcrumb"},"inLanguage":"pt-BR","potentialAction":[{"@type":"ReadAction","target":["https:\/\/psol50.org.br\/guilherme-boulos-jair-bolsonaro-e-os-herdeiros-do-general-linha-dura-sylvio-frota\/"]}]},{"@type":"ImageObject","inLanguage":"pt-BR","@id":"https:\/\/psol50.org.br\/guilherme-boulos-jair-bolsonaro-e-os-herdeiros-do-general-linha-dura-sylvio-frota\/#primaryimage","url":"https:\/\/psol50.org.br\/inc\/uploads\/2019\/08\/Bolsonaro_GERALDO-MAGELA-AGENCIA-SENADO.jpg","contentUrl":"https:\/\/psol50.org.br\/inc\/uploads\/2019\/08\/Bolsonaro_GERALDO-MAGELA-AGENCIA-SENADO.jpg","width":1200,"height":720,"caption":"Geraldo Magela\/Ag\u00eancia Senado"},{"@type":"BreadcrumbList","@id":"https:\/\/psol50.org.br\/guilherme-boulos-jair-bolsonaro-e-os-herdeiros-do-general-linha-dura-sylvio-frota\/#breadcrumb","itemListElement":[{"@type":"ListItem","position":1,"name":"In\u00edcio","item":"https:\/\/psol50.org.br\/"},{"@type":"ListItem","position":2,"name":"Guilherme Boulos | Jair Bolsonaro e os herdeiros do general linha-dura Sylvio Frota"}]},{"@type":"WebSite","@id":"https:\/\/psol50.org.br\/#website","url":"https:\/\/psol50.org.br\/","name":"PSOL 50","description":"Site oficial do Partido Socialismo e Liberdade","publisher":{"@id":"https:\/\/psol50.org.br\/#organization"},"alternateName":"PSOL50","potentialAction":[{"@type":"SearchAction","target":{"@type":"EntryPoint","urlTemplate":"https:\/\/psol50.org.br\/?s={search_term_string}"},"query-input":{"@type":"PropertyValueSpecification","valueRequired":true,"valueName":"search_term_string"}}],"inLanguage":"pt-BR"},{"@type":"Organization","@id":"https:\/\/psol50.org.br\/#organization","name":"PSOL 50","alternateName":"PSOL 50","url":"https:\/\/psol50.org.br\/","logo":{"@type":"ImageObject","inLanguage":"pt-BR","@id":"https:\/\/psol50.org.br\/#\/schema\/logo\/image\/","url":"https:\/\/psol50.org.br\/inc\/uploads\/2018\/07\/capa.png","contentUrl":"https:\/\/psol50.org.br\/inc\/uploads\/2018\/07\/capa.png","width":1350,"height":900,"caption":"PSOL 50"},"image":{"@id":"https:\/\/psol50.org.br\/#\/schema\/logo\/image\/"},"sameAs":["https:\/\/www.facebook.com\/psol50","https:\/\/x.com\/psol50","https:\/\/www.instagram.com\/psol50\/","https:\/\/www.youtube.com\/channel\/UC7SnJS5o1os7a6CaiNabzcg"]},{"@type":"Person","@id":"https:\/\/psol50.org.br\/#\/schema\/person\/475dfa57d0b815993c714c2e96491fcd","name":"Comunica\u00e7\u00e3o PSOL","image":{"@type":"ImageObject","inLanguage":"pt-BR","@id":"https:\/\/psol50.org.br\/#\/schema\/person\/image\/","url":"https:\/\/secure.gravatar.com\/avatar\/b34fc4f4e468a4e51785917065a3db57b841f5c95dba6ad8c73aaf8f66f8f9bf?s=96&d=mm&r=g","contentUrl":"https:\/\/secure.gravatar.com\/avatar\/b34fc4f4e468a4e51785917065a3db57b841f5c95dba6ad8c73aaf8f66f8f9bf?s=96&d=mm&r=g","caption":"Comunica\u00e7\u00e3o PSOL"}}]}},"_links":{"self":[{"href":"https:\/\/psol50.org.br\/rest\/wp\/v2\/posts\/26122","targetHints":{"allow":["GET"]}}],"collection":[{"href":"https:\/\/psol50.org.br\/rest\/wp\/v2\/posts"}],"about":[{"href":"https:\/\/psol50.org.br\/rest\/wp\/v2\/types\/post"}],"author":[{"embeddable":true,"href":"https:\/\/psol50.org.br\/rest\/wp\/v2\/users\/2"}],"replies":[{"embeddable":true,"href":"https:\/\/psol50.org.br\/rest\/wp\/v2\/comments?post=26122"}],"version-history":[{"count":0,"href":"https:\/\/psol50.org.br\/rest\/wp\/v2\/posts\/26122\/revisions"}],"wp:featuredmedia":[{"embeddable":true,"href":"https:\/\/psol50.org.br\/rest\/wp\/v2\/media\/26124"}],"wp:attachment":[{"href":"https:\/\/psol50.org.br\/rest\/wp\/v2\/media?parent=26122"}],"wp:term":[{"taxonomy":"category","embeddable":true,"href":"https:\/\/psol50.org.br\/rest\/wp\/v2\/categories?post=26122"},{"taxonomy":"post_tag","embeddable":true,"href":"https:\/\/psol50.org.br\/rest\/wp\/v2\/tags?post=26122"}],"curies":[{"name":"wp","href":"https:\/\/api.w.org\/{rel}","templated":true}]}}