{"id":26190,"date":"2019-08-15T12:00:26","date_gmt":"2019-08-15T15:00:26","guid":{"rendered":"http:\/\/psol50.org.br\/?p=26190"},"modified":"2019-08-15T12:00:26","modified_gmt":"2019-08-15T15:00:26","slug":"psol-vai-a-pgr-contra-moro-por-espionar-mulheres-indigenas","status":"publish","type":"post","link":"https:\/\/psol50.org.br\/psol-vai-a-pgr-contra-moro-por-espionar-mulheres-indigenas\/","title":{"rendered":"PSOL vai \u00e0 PGR contra Moro por espionar mulheres ind\u00edgenas"},"content":{"rendered":"<p class=\"p1\">A Marcha das Mulheres Ind\u00edgenas reuniu, na \u00faltima ter\u00e7a-feira (13), milhares de manifestantes de todo pa\u00eds. Mulheres do campo, da floresta, das \u00e1guas e das cidades, em uma bela manifesta\u00e7\u00e3o democr\u00e1tica por soberania popular, democracia e justi\u00e7a. Mesmo sem nenhum ind\u00edcio de ilegalidade ou a\u00e7\u00e3o reprov\u00e1vel, <strong>a marcha foi objeto de uma suspeit\u00edssima espionagem por parte da For\u00e7a Nacional,<\/strong> de acordo com reportagem publicada na Folha de S. Paulo.<\/p>\n<p class=\"p1\">Na semana passada, a bancada do PSOL j\u00e1 havia protocolado um Projeto de Decreto Legislativo para sustar o decreto que autorizava que a For\u00e7a Nacional fosse usada como \u00f3rg\u00e3o de repress\u00e3o os atos dos dias 13 e 14 de agosto (que inclu\u00edram tamb\u00e9m os atos pela educa\u00e7\u00e3o e a Marcha das Margaridas). Agora a bancada do PSOL quer que o ministro S\u00e9rgio Moro explique por que autorizou essa espionagem, numa a\u00e7\u00e3o que inclusive contou com os respons\u00e1veis usando roupas civis, sem identifica\u00e7\u00e3o.<\/p>\n<p class=\"p1\"><strong>O ex-juiz ser\u00e1 convocado para ir \u00e0 Comiss\u00e3o de Direitos Humanos e Minoria da C\u00e2mara dos Deputados<\/strong> para falar sobre esses temas. O documento solicitando sua convoca\u00e7\u00e3o foi assinado tamb\u00e9m pelo deputado Helder Salom\u00e3o, que preside a comiss\u00e3o. Al\u00e9m disso, <strong>Moro tamb\u00e9m ser\u00e1 alvo de mais uma representa\u00e7\u00e3o do PSOL na C\u00e2mara na Procuradoria Geral da Rep\u00fablica (PGR)<\/strong>.<\/p>\n<h6 class=\"p1\">Espionagem<\/h6>\n<p class=\"p1\">Subordinada ao Ministro da Justi\u00e7a e Seguran\u00e7a P\u00fablica, S\u00e9rgio Moro, a For\u00e7a Nacional espionou as organizadoras da Marcha das Mulheres Ind\u00edgenas. O respons\u00e1vel pela a\u00e7\u00e3o foi um subtenente da Pol\u00edcia Militar do Cear\u00e1, que atuou \u00e0 paisana. Segundo a Folha, l\u00edderes ind\u00edgenas foram fotografadas pelo policial, entre elas C\u00e9lia Xakriab\u00e1 e S\u00f4nia Guajajara, da APIB (Articula\u00e7\u00e3o dos Povos Ind\u00edgenas do Brasil), Chirley Pankar\u00e1 (PSOL\/SP), Kerexu Yxapyry, de Santa Catarina, e Telma Taurepang, de Roraima.<\/p>\n<p class=\"p1\">O policial chegou a fotografar e filmar as mulheres ind\u00edgenas at\u00e9 na portaria de entrada do Supremo Tribunal Federal. Em nota, o Minist\u00e9rio da Justi\u00e7a e da Seguran\u00e7a P\u00fablica confirmou que foi autorizada pelo \u00f3rg\u00e3o uma atividade de intelig\u00eancia sobre o movimento das ind\u00edgenas.<\/p>\n<p class=\"p1\">Em um contexto pol\u00edtico em que o poder Executivo tem se mostrado cada vez mais autorit\u00e1rio, e diante de amea\u00e7as \u00e0 liberdade de imprensa e de express\u00e3o em nosso pa\u00eds, o caso \u00e9 mais uma a\u00e7\u00e3o antidemocr\u00e1tica patrocinado pelo ministro S\u00e9rgio Moro. <strong>N\u00e3o cabe \u00e0 For\u00e7a Nacional, no Estado Democr\u00e1tico de Direito, a fun\u00e7\u00e3o de espionar manifesta\u00e7\u00f5es populares.<\/strong><\/p>\n","protected":false},"excerpt":{"rendered":"<p>A Marcha das Mulheres Ind\u00edgenas reuniu, na \u00faltima ter\u00e7a-feira (13), milhares de manifestantes de todo pa\u00eds. Mulheres do campo, da floresta, das \u00e1guas e das cidades, em uma bela manifesta\u00e7\u00e3o democr\u00e1tica por soberania popular, democracia e justi\u00e7a. Mesmo sem nenhum ind\u00edcio de ilegalidade ou a\u00e7\u00e3o reprov\u00e1vel, a marcha foi objeto de uma suspeit\u00edssima espionagem por [&hellip;]<\/p>\n","protected":false},"author":2,"featured_media":26191,"comment_status":"closed","ping_status":"open","sticky":false,"template":"","format":"standard","meta":{"_acf_changed":false,"footnotes":""},"categories":[10,6],"tags":[163,1213,12,177,4,77,22],"class_list":{"0":"post-26190","1":"post","2":"type-post","3":"status-publish","4":"format-standard","5":"has-post-thumbnail","7":"category-acao-parlamentares","8":"category-noticias","9":"tag-camara","10":"tag-espionagem","11":"tag-indigenas","12":"tag-moro","13":"tag-mulheres","14":"tag-pgr","15":"tag-psol"},"acf":[],"yoast_head":"<!-- This site is optimized with the Yoast SEO plugin v26.5 - https:\/\/yoast.com\/wordpress\/plugins\/seo\/ -->\n<title>PSOL vai \u00e0 PGR contra Moro por espionar mulheres ind\u00edgenas<\/title>\n<meta name=\"description\" content=\"A bancada tamb\u00e9m quer que o ministro responda sobre o caso na C\u00e2mara.\" \/>\n<meta name=\"robots\" content=\"index, follow, max-snippet:-1, max-image-preview:large, max-video-preview:-1\" \/>\n<link rel=\"canonical\" href=\"https:\/\/psol50.org.br\/psol-vai-a-pgr-contra-moro-por-espionar-mulheres-indigenas\/\" \/>\n<meta property=\"og:locale\" content=\"pt_BR\" \/>\n<meta property=\"og:type\" content=\"article\" \/>\n<meta property=\"og:title\" content=\"PSOL vai \u00e0 PGR contra Moro por espionar mulheres ind\u00edgenas\" \/>\n<meta property=\"og:description\" content=\"A bancada tamb\u00e9m quer que o ministro responda sobre o caso na C\u00e2mara.\" \/>\n<meta property=\"og:url\" content=\"https:\/\/psol50.org.br\/psol-vai-a-pgr-contra-moro-por-espionar-mulheres-indigenas\/\" \/>\n<meta property=\"og:site_name\" content=\"PSOL 50\" \/>\n<meta property=\"article:publisher\" content=\"https:\/\/www.facebook.com\/psol50\" \/>\n<meta property=\"article:published_time\" content=\"2019-08-15T15:00:26+00:00\" \/>\n<meta property=\"og:image\" content=\"https:\/\/psol50.org.br\/inc\/uploads\/2019\/08\/Foto-Kamikia-Kisedje-Cobertura-Colaborativa.jpg\" \/>\n\t<meta property=\"og:image:width\" content=\"1280\" \/>\n\t<meta property=\"og:image:height\" content=\"720\" \/>\n\t<meta property=\"og:image:type\" content=\"image\/jpeg\" \/>\n<meta name=\"author\" content=\"Comunica\u00e7\u00e3o PSOL\" \/>\n<meta name=\"twitter:card\" content=\"summary_large_image\" \/>\n<meta name=\"twitter:title\" content=\"PSOL vai \u00e0 PGR contra Moro por espionar mulheres ind\u00edgenas\" \/>\n<meta name=\"twitter:description\" content=\"A bancada tamb\u00e9m quer que o ministro responda sobre o caso na C\u00e2mara.\" \/>\n<meta name=\"twitter:image\" content=\"https:\/\/psol50.org.br\/inc\/uploads\/2019\/08\/Foto-Kamikia-Kisedje-Cobertura-Colaborativa.jpg\" \/>\n<meta name=\"twitter:creator\" content=\"@psol50\" \/>\n<meta name=\"twitter:site\" content=\"@psol50\" \/>\n<meta name=\"twitter:label1\" content=\"Escrito por\" \/>\n\t<meta name=\"twitter:data1\" content=\"Comunica\u00e7\u00e3o PSOL\" \/>\n\t<meta name=\"twitter:label2\" content=\"Est. tempo de leitura\" \/>\n\t<meta name=\"twitter:data2\" content=\"2 minutos\" \/>\n<script type=\"application\/ld+json\" class=\"yoast-schema-graph\">{\"@context\":\"https:\/\/schema.org\",\"@graph\":[{\"@type\":\"Article\",\"@id\":\"https:\/\/psol50.org.br\/psol-vai-a-pgr-contra-moro-por-espionar-mulheres-indigenas\/#article\",\"isPartOf\":{\"@id\":\"https:\/\/psol50.org.br\/psol-vai-a-pgr-contra-moro-por-espionar-mulheres-indigenas\/\"},\"author\":{\"name\":\"Comunica\u00e7\u00e3o PSOL\",\"@id\":\"https:\/\/psol50.org.br\/#\/schema\/person\/475dfa57d0b815993c714c2e96491fcd\"},\"headline\":\"PSOL vai \u00e0 PGR contra Moro por espionar mulheres ind\u00edgenas\",\"datePublished\":\"2019-08-15T15:00:26+00:00\",\"mainEntityOfPage\":{\"@id\":\"https:\/\/psol50.org.br\/psol-vai-a-pgr-contra-moro-por-espionar-mulheres-indigenas\/\"},\"wordCount\":457,\"publisher\":{\"@id\":\"https:\/\/psol50.org.br\/#organization\"},\"image\":{\"@id\":\"https:\/\/psol50.org.br\/psol-vai-a-pgr-contra-moro-por-espionar-mulheres-indigenas\/#primaryimage\"},\"thumbnailUrl\":\"https:\/\/psol50.org.br\/inc\/uploads\/2019\/08\/Foto-Kamikia-Kisedje-Cobertura-Colaborativa.jpg\",\"keywords\":[\"c\u00e2mara\",\"espionagem\",\"Ind\u00edgenas\",\"Moro\",\"mulheres\",\"PGR\",\"PSOL\"],\"articleSection\":[\"A\u00e7\u00e3o Parlamentar\",\"Not\u00edcias\"],\"inLanguage\":\"pt-BR\"},{\"@type\":\"WebPage\",\"@id\":\"https:\/\/psol50.org.br\/psol-vai-a-pgr-contra-moro-por-espionar-mulheres-indigenas\/\",\"url\":\"https:\/\/psol50.org.br\/psol-vai-a-pgr-contra-moro-por-espionar-mulheres-indigenas\/\",\"name\":\"PSOL vai \u00e0 PGR contra Moro por espionar mulheres ind\u00edgenas\",\"isPartOf\":{\"@id\":\"https:\/\/psol50.org.br\/#website\"},\"primaryImageOfPage\":{\"@id\":\"https:\/\/psol50.org.br\/psol-vai-a-pgr-contra-moro-por-espionar-mulheres-indigenas\/#primaryimage\"},\"image\":{\"@id\":\"https:\/\/psol50.org.br\/psol-vai-a-pgr-contra-moro-por-espionar-mulheres-indigenas\/#primaryimage\"},\"thumbnailUrl\":\"https:\/\/psol50.org.br\/inc\/uploads\/2019\/08\/Foto-Kamikia-Kisedje-Cobertura-Colaborativa.jpg\",\"datePublished\":\"2019-08-15T15:00:26+00:00\",\"description\":\"A bancada tamb\u00e9m quer que o ministro responda sobre o caso na C\u00e2mara.\",\"breadcrumb\":{\"@id\":\"https:\/\/psol50.org.br\/psol-vai-a-pgr-contra-moro-por-espionar-mulheres-indigenas\/#breadcrumb\"},\"inLanguage\":\"pt-BR\",\"potentialAction\":[{\"@type\":\"ReadAction\",\"target\":[\"https:\/\/psol50.org.br\/psol-vai-a-pgr-contra-moro-por-espionar-mulheres-indigenas\/\"]}]},{\"@type\":\"ImageObject\",\"inLanguage\":\"pt-BR\",\"@id\":\"https:\/\/psol50.org.br\/psol-vai-a-pgr-contra-moro-por-espionar-mulheres-indigenas\/#primaryimage\",\"url\":\"https:\/\/psol50.org.br\/inc\/uploads\/2019\/08\/Foto-Kamikia-Kisedje-Cobertura-Colaborativa.jpg\",\"contentUrl\":\"https:\/\/psol50.org.br\/inc\/uploads\/2019\/08\/Foto-Kamikia-Kisedje-Cobertura-Colaborativa.jpg\",\"width\":1280,\"height\":720,\"caption\":\"Foto: Kamikia Kisedje \/ Cobertura Colaborativa\"},{\"@type\":\"BreadcrumbList\",\"@id\":\"https:\/\/psol50.org.br\/psol-vai-a-pgr-contra-moro-por-espionar-mulheres-indigenas\/#breadcrumb\",\"itemListElement\":[{\"@type\":\"ListItem\",\"position\":1,\"name\":\"In\u00edcio\",\"item\":\"https:\/\/psol50.org.br\/\"},{\"@type\":\"ListItem\",\"position\":2,\"name\":\"PSOL vai \u00e0 PGR contra Moro por espionar mulheres ind\u00edgenas\"}]},{\"@type\":\"WebSite\",\"@id\":\"https:\/\/psol50.org.br\/#website\",\"url\":\"https:\/\/psol50.org.br\/\",\"name\":\"PSOL 50\",\"description\":\"Site oficial do Partido Socialismo e Liberdade\",\"publisher\":{\"@id\":\"https:\/\/psol50.org.br\/#organization\"},\"alternateName\":\"PSOL50\",\"potentialAction\":[{\"@type\":\"SearchAction\",\"target\":{\"@type\":\"EntryPoint\",\"urlTemplate\":\"https:\/\/psol50.org.br\/?s={search_term_string}\"},\"query-input\":{\"@type\":\"PropertyValueSpecification\",\"valueRequired\":true,\"valueName\":\"search_term_string\"}}],\"inLanguage\":\"pt-BR\"},{\"@type\":\"Organization\",\"@id\":\"https:\/\/psol50.org.br\/#organization\",\"name\":\"PSOL 50\",\"alternateName\":\"PSOL 50\",\"url\":\"https:\/\/psol50.org.br\/\",\"logo\":{\"@type\":\"ImageObject\",\"inLanguage\":\"pt-BR\",\"@id\":\"https:\/\/psol50.org.br\/#\/schema\/logo\/image\/\",\"url\":\"https:\/\/psol50.org.br\/inc\/uploads\/2018\/07\/capa.png\",\"contentUrl\":\"https:\/\/psol50.org.br\/inc\/uploads\/2018\/07\/capa.png\",\"width\":1350,\"height\":900,\"caption\":\"PSOL 50\"},\"image\":{\"@id\":\"https:\/\/psol50.org.br\/#\/schema\/logo\/image\/\"},\"sameAs\":[\"https:\/\/www.facebook.com\/psol50\",\"https:\/\/x.com\/psol50\",\"https:\/\/www.instagram.com\/psol50\/\",\"https:\/\/www.youtube.com\/channel\/UC7SnJS5o1os7a6CaiNabzcg\"]},{\"@type\":\"Person\",\"@id\":\"https:\/\/psol50.org.br\/#\/schema\/person\/475dfa57d0b815993c714c2e96491fcd\",\"name\":\"Comunica\u00e7\u00e3o PSOL\",\"image\":{\"@type\":\"ImageObject\",\"inLanguage\":\"pt-BR\",\"@id\":\"https:\/\/psol50.org.br\/#\/schema\/person\/image\/\",\"url\":\"https:\/\/secure.gravatar.com\/avatar\/b34fc4f4e468a4e51785917065a3db57b841f5c95dba6ad8c73aaf8f66f8f9bf?s=96&d=mm&r=g\",\"contentUrl\":\"https:\/\/secure.gravatar.com\/avatar\/b34fc4f4e468a4e51785917065a3db57b841f5c95dba6ad8c73aaf8f66f8f9bf?s=96&d=mm&r=g\",\"caption\":\"Comunica\u00e7\u00e3o PSOL\"}}]}<\/script>\n<!-- \/ Yoast SEO plugin. -->","yoast_head_json":{"title":"PSOL vai \u00e0 PGR contra Moro por espionar mulheres ind\u00edgenas","description":"A bancada tamb\u00e9m quer que o ministro responda sobre o caso na C\u00e2mara.","robots":{"index":"index","follow":"follow","max-snippet":"max-snippet:-1","max-image-preview":"max-image-preview:large","max-video-preview":"max-video-preview:-1"},"canonical":"https:\/\/psol50.org.br\/psol-vai-a-pgr-contra-moro-por-espionar-mulheres-indigenas\/","og_locale":"pt_BR","og_type":"article","og_title":"PSOL vai \u00e0 PGR contra Moro por espionar mulheres ind\u00edgenas","og_description":"A bancada tamb\u00e9m quer que o ministro responda sobre o caso na C\u00e2mara.","og_url":"https:\/\/psol50.org.br\/psol-vai-a-pgr-contra-moro-por-espionar-mulheres-indigenas\/","og_site_name":"PSOL 50","article_publisher":"https:\/\/www.facebook.com\/psol50","article_published_time":"2019-08-15T15:00:26+00:00","og_image":[{"width":1280,"height":720,"url":"https:\/\/psol50.org.br\/inc\/uploads\/2019\/08\/Foto-Kamikia-Kisedje-Cobertura-Colaborativa.jpg","type":"image\/jpeg"}],"author":"Comunica\u00e7\u00e3o PSOL","twitter_card":"summary_large_image","twitter_title":"PSOL vai \u00e0 PGR contra Moro por espionar mulheres ind\u00edgenas","twitter_description":"A bancada tamb\u00e9m quer que o ministro responda sobre o caso na C\u00e2mara.","twitter_image":"https:\/\/psol50.org.br\/inc\/uploads\/2019\/08\/Foto-Kamikia-Kisedje-Cobertura-Colaborativa.jpg","twitter_creator":"@psol50","twitter_site":"@psol50","twitter_misc":{"Escrito por":"Comunica\u00e7\u00e3o PSOL","Est. tempo de leitura":"2 minutos"},"schema":{"@context":"https:\/\/schema.org","@graph":[{"@type":"Article","@id":"https:\/\/psol50.org.br\/psol-vai-a-pgr-contra-moro-por-espionar-mulheres-indigenas\/#article","isPartOf":{"@id":"https:\/\/psol50.org.br\/psol-vai-a-pgr-contra-moro-por-espionar-mulheres-indigenas\/"},"author":{"name":"Comunica\u00e7\u00e3o PSOL","@id":"https:\/\/psol50.org.br\/#\/schema\/person\/475dfa57d0b815993c714c2e96491fcd"},"headline":"PSOL vai \u00e0 PGR contra Moro por espionar mulheres ind\u00edgenas","datePublished":"2019-08-15T15:00:26+00:00","mainEntityOfPage":{"@id":"https:\/\/psol50.org.br\/psol-vai-a-pgr-contra-moro-por-espionar-mulheres-indigenas\/"},"wordCount":457,"publisher":{"@id":"https:\/\/psol50.org.br\/#organization"},"image":{"@id":"https:\/\/psol50.org.br\/psol-vai-a-pgr-contra-moro-por-espionar-mulheres-indigenas\/#primaryimage"},"thumbnailUrl":"https:\/\/psol50.org.br\/inc\/uploads\/2019\/08\/Foto-Kamikia-Kisedje-Cobertura-Colaborativa.jpg","keywords":["c\u00e2mara","espionagem","Ind\u00edgenas","Moro","mulheres","PGR","PSOL"],"articleSection":["A\u00e7\u00e3o Parlamentar","Not\u00edcias"],"inLanguage":"pt-BR"},{"@type":"WebPage","@id":"https:\/\/psol50.org.br\/psol-vai-a-pgr-contra-moro-por-espionar-mulheres-indigenas\/","url":"https:\/\/psol50.org.br\/psol-vai-a-pgr-contra-moro-por-espionar-mulheres-indigenas\/","name":"PSOL vai \u00e0 PGR contra Moro por espionar mulheres ind\u00edgenas","isPartOf":{"@id":"https:\/\/psol50.org.br\/#website"},"primaryImageOfPage":{"@id":"https:\/\/psol50.org.br\/psol-vai-a-pgr-contra-moro-por-espionar-mulheres-indigenas\/#primaryimage"},"image":{"@id":"https:\/\/psol50.org.br\/psol-vai-a-pgr-contra-moro-por-espionar-mulheres-indigenas\/#primaryimage"},"thumbnailUrl":"https:\/\/psol50.org.br\/inc\/uploads\/2019\/08\/Foto-Kamikia-Kisedje-Cobertura-Colaborativa.jpg","datePublished":"2019-08-15T15:00:26+00:00","description":"A bancada tamb\u00e9m quer que o ministro responda sobre o caso na C\u00e2mara.","breadcrumb":{"@id":"https:\/\/psol50.org.br\/psol-vai-a-pgr-contra-moro-por-espionar-mulheres-indigenas\/#breadcrumb"},"inLanguage":"pt-BR","potentialAction":[{"@type":"ReadAction","target":["https:\/\/psol50.org.br\/psol-vai-a-pgr-contra-moro-por-espionar-mulheres-indigenas\/"]}]},{"@type":"ImageObject","inLanguage":"pt-BR","@id":"https:\/\/psol50.org.br\/psol-vai-a-pgr-contra-moro-por-espionar-mulheres-indigenas\/#primaryimage","url":"https:\/\/psol50.org.br\/inc\/uploads\/2019\/08\/Foto-Kamikia-Kisedje-Cobertura-Colaborativa.jpg","contentUrl":"https:\/\/psol50.org.br\/inc\/uploads\/2019\/08\/Foto-Kamikia-Kisedje-Cobertura-Colaborativa.jpg","width":1280,"height":720,"caption":"Foto: Kamikia Kisedje \/ Cobertura Colaborativa"},{"@type":"BreadcrumbList","@id":"https:\/\/psol50.org.br\/psol-vai-a-pgr-contra-moro-por-espionar-mulheres-indigenas\/#breadcrumb","itemListElement":[{"@type":"ListItem","position":1,"name":"In\u00edcio","item":"https:\/\/psol50.org.br\/"},{"@type":"ListItem","position":2,"name":"PSOL vai \u00e0 PGR contra Moro por espionar mulheres ind\u00edgenas"}]},{"@type":"WebSite","@id":"https:\/\/psol50.org.br\/#website","url":"https:\/\/psol50.org.br\/","name":"PSOL 50","description":"Site oficial do Partido Socialismo e Liberdade","publisher":{"@id":"https:\/\/psol50.org.br\/#organization"},"alternateName":"PSOL50","potentialAction":[{"@type":"SearchAction","target":{"@type":"EntryPoint","urlTemplate":"https:\/\/psol50.org.br\/?s={search_term_string}"},"query-input":{"@type":"PropertyValueSpecification","valueRequired":true,"valueName":"search_term_string"}}],"inLanguage":"pt-BR"},{"@type":"Organization","@id":"https:\/\/psol50.org.br\/#organization","name":"PSOL 50","alternateName":"PSOL 50","url":"https:\/\/psol50.org.br\/","logo":{"@type":"ImageObject","inLanguage":"pt-BR","@id":"https:\/\/psol50.org.br\/#\/schema\/logo\/image\/","url":"https:\/\/psol50.org.br\/inc\/uploads\/2018\/07\/capa.png","contentUrl":"https:\/\/psol50.org.br\/inc\/uploads\/2018\/07\/capa.png","width":1350,"height":900,"caption":"PSOL 50"},"image":{"@id":"https:\/\/psol50.org.br\/#\/schema\/logo\/image\/"},"sameAs":["https:\/\/www.facebook.com\/psol50","https:\/\/x.com\/psol50","https:\/\/www.instagram.com\/psol50\/","https:\/\/www.youtube.com\/channel\/UC7SnJS5o1os7a6CaiNabzcg"]},{"@type":"Person","@id":"https:\/\/psol50.org.br\/#\/schema\/person\/475dfa57d0b815993c714c2e96491fcd","name":"Comunica\u00e7\u00e3o PSOL","image":{"@type":"ImageObject","inLanguage":"pt-BR","@id":"https:\/\/psol50.org.br\/#\/schema\/person\/image\/","url":"https:\/\/secure.gravatar.com\/avatar\/b34fc4f4e468a4e51785917065a3db57b841f5c95dba6ad8c73aaf8f66f8f9bf?s=96&d=mm&r=g","contentUrl":"https:\/\/secure.gravatar.com\/avatar\/b34fc4f4e468a4e51785917065a3db57b841f5c95dba6ad8c73aaf8f66f8f9bf?s=96&d=mm&r=g","caption":"Comunica\u00e7\u00e3o PSOL"}}]}},"_links":{"self":[{"href":"https:\/\/psol50.org.br\/rest\/wp\/v2\/posts\/26190","targetHints":{"allow":["GET"]}}],"collection":[{"href":"https:\/\/psol50.org.br\/rest\/wp\/v2\/posts"}],"about":[{"href":"https:\/\/psol50.org.br\/rest\/wp\/v2\/types\/post"}],"author":[{"embeddable":true,"href":"https:\/\/psol50.org.br\/rest\/wp\/v2\/users\/2"}],"replies":[{"embeddable":true,"href":"https:\/\/psol50.org.br\/rest\/wp\/v2\/comments?post=26190"}],"version-history":[{"count":0,"href":"https:\/\/psol50.org.br\/rest\/wp\/v2\/posts\/26190\/revisions"}],"wp:featuredmedia":[{"embeddable":true,"href":"https:\/\/psol50.org.br\/rest\/wp\/v2\/media\/26191"}],"wp:attachment":[{"href":"https:\/\/psol50.org.br\/rest\/wp\/v2\/media?parent=26190"}],"wp:term":[{"taxonomy":"category","embeddable":true,"href":"https:\/\/psol50.org.br\/rest\/wp\/v2\/categories?post=26190"},{"taxonomy":"post_tag","embeddable":true,"href":"https:\/\/psol50.org.br\/rest\/wp\/v2\/tags?post=26190"}],"curies":[{"name":"wp","href":"https:\/\/api.w.org\/{rel}","templated":true}]}}