{"id":26197,"date":"2019-08-16T10:23:17","date_gmt":"2019-08-16T13:23:17","guid":{"rendered":"http:\/\/psol50.org.br\/?p=26197"},"modified":"2019-08-16T10:23:17","modified_gmt":"2019-08-16T13:23:17","slug":"fernanda-melchionna-o-brasil-e-muito-maior-que-bolsonaro-nos-podemos-vencer","status":"publish","type":"post","link":"https:\/\/psol50.org.br\/fernanda-melchionna-o-brasil-e-muito-maior-que-bolsonaro-nos-podemos-vencer\/","title":{"rendered":"Fernanda Melchionna | O Brasil \u00e9 muito maior que Bolsonaro: n\u00f3s podemos vencer!"},"content":{"rendered":"<p><em>Originalmente publicado em <a href=\"https:\/\/www.cartacapital.com.br\/opiniao\/o-brasil-e-muito-maior-que-bolsonaro-nos-podemos-vencer\/?utm_campaign=newsletter_rd_-_16082019&amp;utm_medium=email&amp;utm_source=RD+Station\" target=\"_blank\" rel=\"noopener noreferrer\">Carta Capital.<\/a><\/em><\/p>\n<p>&#8220;O mar da hist\u00f3ria \u00e9 agitado. As amea\u00e7as e as guerras havemos de atravess\u00e1-las, romp\u00ea-las ao meio, cortando-as como uma quilha corta as ondas.&#8221; (Maiak\u00f3vski)<\/p>\n<p>\u00c9 fato que o mar da pol\u00edtica est\u00e1 agitado. A crise econ\u00f4mica combinada com a crise de representa\u00e7\u00e3o levou um setor do povo a comprar gato por lebre. Bolsonaro se elegeu vendendo-se como antissistema, aproveitando a indigna\u00e7\u00e3o popular com o regime pol\u00edtico e com a velha esquerda que decidiu governar com os mesmos m\u00e9todos do <i>establishment<\/i>\u00a0pol\u00edtico brasileiro.<\/p>\n<p>Estamos diante de um governo que combina uma agenda ultraliberal, antipovo e de submiss\u00e3o aos interesses estadunidenses com uma ala de lun\u00e1ticos. Setores reacion\u00e1rios que querem retroceder em avan\u00e7os civilizat\u00f3rios de d\u00e9cadas. Talvez s\u00e9culos. Um governo que na mesma medida em que perde apoio do povo (sendo a gest\u00e3o de primeiro mandato pior avaliada em seis meses desde a redemocratiza\u00e7\u00e3o), sinaliza ainda mais para sua base de extrema-direita.<\/p>\n<p>Esses mesmos que defendem o fechamento das liberdades democr\u00e1ticas e que tentam reescrever a hist\u00f3ria s\u00e3o os que buscam a todo tempo atacar a Constitui\u00e7\u00e3o de 1988. Entretanto, temos muitas reservas democr\u00e1ticas, que est\u00e3o nos movimentos de mulheres, nos jovens, na resist\u00eancia dos ind\u00edgenas, nos negros e negras, na comunidade LGBTI+ e na hist\u00f3ria do movimento oper\u00e1rio brasileiro.<\/p>\n<p>Infelizmente, tivemos a aprova\u00e7\u00e3o da Reforma da Previd\u00eancia. A unidade burguesa muito superior ao pr\u00f3prio governo fez uma campanha diuturna contra a aposentadoria do povo. Apesar de insuficiente para derrotar o projeto, a greve geral de 14 de junho foi importante e teve sua for\u00e7a, conquistando a retirada da capitaliza\u00e7\u00e3o, das mudan\u00e7as no BPC e para as trabalhadoras rurais, suavizando um pouco o tempo de contribui\u00e7\u00e3o das mulheres e a regra de transi\u00e7\u00e3o para professores. Mas nenhuma derrota e nenhuma vit\u00f3ria \u00e9 definitiva.<\/p>\n<p>N\u00e3o \u00e9 de se admirar que as pessoas estejam chocadas. Um presidente que ataca a mem\u00f3ria de Fernando Santa Cruz, assassinado pelo Estado na Ditadura civil-militar, demite o presidente do Inpe por este revelar os dados do desmatamento na Amaz\u00f4nia, quer indicar o filho \u00e0 embaixada dos EUA, ataca \u00e0 liberdade de imprensa e o trabalho jornal\u00edstico s\u00e9rio como o de Gleen Greenwald e silencia diante dos ataques de garimpeiros a tribos ind\u00edgenas.<\/p>\n<div>\n<div>\u00c9 preciso n\u00e3o esmorecer diante dessas investidas di\u00e1rias. \u00c9 como uma guerra de trincheira. Resistir e contra-atacar. A juventude botou a bola no meio do campo de novo quando protagonizou verdadeiros tsunamis da educa\u00e7\u00e3o. A \u00faltima manifesta\u00e7\u00e3o nacional do #13A em mais de 170 cidades de todos os estados do Brasil mostra que a luta em defesa da educa\u00e7\u00e3o p\u00fablica e contra a privatiza\u00e7\u00e3o do saber segue forte e em curso.<\/div>\n<div><\/div>\n<div>Vamos seguir apostando na luta dos estudantes e da comunidade educacional para ganhar o povo para essa luta que \u00e9 da maioria. N\u00e3o podemos esquecer das hist\u00f3rias de resist\u00eancia do nosso povo, que j\u00e1 lutou em tempos hist\u00f3ricos bem mais dif\u00edceis. Agora \u00e9 a nossa vez de enfrentar o autoritarismo. N\u00f3s podemos vencer.<\/div>\n<\/div>\n","protected":false},"excerpt":{"rendered":"<p>Originalmente publicado em Carta Capital. &#8220;O mar da hist\u00f3ria \u00e9 agitado. As amea\u00e7as e as guerras havemos de atravess\u00e1-las, romp\u00ea-las ao meio, cortando-as como uma quilha corta as ondas.&#8221; (Maiak\u00f3vski) \u00c9 fato que o mar da pol\u00edtica est\u00e1 agitado. A crise econ\u00f4mica combinada com a crise de representa\u00e7\u00e3o levou um setor do povo a comprar [&hellip;]<\/p>\n","protected":false},"author":2,"featured_media":24349,"comment_status":"closed","ping_status":"open","sticky":false,"template":"","format":"standard","meta":{"_acf_changed":false,"footnotes":""},"categories":[6],"tags":[56,296],"class_list":{"0":"post-26197","1":"post","2":"type-post","3":"status-publish","4":"format-standard","5":"has-post-thumbnail","7":"category-noticias","8":"tag-bolsonaro","9":"tag-fernanda-melchionna"},"acf":[],"yoast_head":"<!-- This site is optimized with the Yoast SEO plugin v26.5 - https:\/\/yoast.com\/wordpress\/plugins\/seo\/ -->\n<title>Fernanda Melchionna | O Brasil \u00e9 muito maior que Bolsonaro: n\u00f3s podemos vencer! - PSOL 50<\/title>\n<meta name=\"robots\" content=\"index, follow, max-snippet:-1, max-image-preview:large, max-video-preview:-1\" \/>\n<link rel=\"canonical\" href=\"https:\/\/psol50.org.br\/fernanda-melchionna-o-brasil-e-muito-maior-que-bolsonaro-nos-podemos-vencer\/\" \/>\n<meta property=\"og:locale\" content=\"pt_BR\" \/>\n<meta property=\"og:type\" content=\"article\" \/>\n<meta property=\"og:title\" content=\"O Brasil \u00e9 muito maior que Bolsonaro: n\u00f3s podemos vencer!\" \/>\n<meta property=\"og:description\" content=\"Leia o artigo de Fernanda Melchionna.\" \/>\n<meta property=\"og:url\" content=\"https:\/\/psol50.org.br\/fernanda-melchionna-o-brasil-e-muito-maior-que-bolsonaro-nos-podemos-vencer\/\" \/>\n<meta property=\"og:site_name\" content=\"PSOL 50\" \/>\n<meta property=\"article:publisher\" content=\"https:\/\/www.facebook.com\/psol50\" \/>\n<meta property=\"article:published_time\" content=\"2019-08-16T13:23:17+00:00\" \/>\n<meta property=\"og:image\" content=\"https:\/\/psol50.org.br\/inc\/uploads\/2019\/03\/Jair_Bolsonaro_-_EBC_03.jpg\" \/>\n\t<meta property=\"og:image:width\" content=\"1800\" \/>\n\t<meta property=\"og:image:height\" content=\"1200\" \/>\n\t<meta property=\"og:image:type\" content=\"image\/jpeg\" \/>\n<meta name=\"author\" content=\"Comunica\u00e7\u00e3o PSOL\" \/>\n<meta name=\"twitter:card\" content=\"summary_large_image\" \/>\n<meta name=\"twitter:title\" content=\"O Brasil \u00e9 muito maior que Bolsonaro: n\u00f3s podemos vencer!\" \/>\n<meta name=\"twitter:description\" content=\"Leia o artigo de Fernanda Melchionna.\" \/>\n<meta name=\"twitter:image\" content=\"https:\/\/psol50.org.br\/inc\/uploads\/2019\/03\/Jair_Bolsonaro_-_EBC_03.jpg\" \/>\n<meta name=\"twitter:creator\" content=\"@psol50\" \/>\n<meta name=\"twitter:site\" content=\"@psol50\" \/>\n<meta name=\"twitter:label1\" content=\"Escrito por\" \/>\n\t<meta name=\"twitter:data1\" content=\"Comunica\u00e7\u00e3o PSOL\" \/>\n\t<meta name=\"twitter:label2\" content=\"Est. tempo de leitura\" \/>\n\t<meta name=\"twitter:data2\" content=\"3 minutos\" \/>\n<script type=\"application\/ld+json\" class=\"yoast-schema-graph\">{\"@context\":\"https:\/\/schema.org\",\"@graph\":[{\"@type\":\"Article\",\"@id\":\"https:\/\/psol50.org.br\/fernanda-melchionna-o-brasil-e-muito-maior-que-bolsonaro-nos-podemos-vencer\/#article\",\"isPartOf\":{\"@id\":\"https:\/\/psol50.org.br\/fernanda-melchionna-o-brasil-e-muito-maior-que-bolsonaro-nos-podemos-vencer\/\"},\"author\":{\"name\":\"Comunica\u00e7\u00e3o PSOL\",\"@id\":\"https:\/\/psol50.org.br\/#\/schema\/person\/475dfa57d0b815993c714c2e96491fcd\"},\"headline\":\"Fernanda Melchionna | O Brasil \u00e9 muito maior que Bolsonaro: n\u00f3s podemos vencer!\",\"datePublished\":\"2019-08-16T13:23:17+00:00\",\"mainEntityOfPage\":{\"@id\":\"https:\/\/psol50.org.br\/fernanda-melchionna-o-brasil-e-muito-maior-que-bolsonaro-nos-podemos-vencer\/\"},\"wordCount\":552,\"publisher\":{\"@id\":\"https:\/\/psol50.org.br\/#organization\"},\"image\":{\"@id\":\"https:\/\/psol50.org.br\/fernanda-melchionna-o-brasil-e-muito-maior-que-bolsonaro-nos-podemos-vencer\/#primaryimage\"},\"thumbnailUrl\":\"https:\/\/psol50.org.br\/inc\/uploads\/2019\/03\/Jair_Bolsonaro_-_EBC_03.jpg\",\"keywords\":[\"Bolsonaro\",\"Fernanda Melchionna\"],\"articleSection\":[\"Not\u00edcias\"],\"inLanguage\":\"pt-BR\"},{\"@type\":\"WebPage\",\"@id\":\"https:\/\/psol50.org.br\/fernanda-melchionna-o-brasil-e-muito-maior-que-bolsonaro-nos-podemos-vencer\/\",\"url\":\"https:\/\/psol50.org.br\/fernanda-melchionna-o-brasil-e-muito-maior-que-bolsonaro-nos-podemos-vencer\/\",\"name\":\"Fernanda Melchionna | O Brasil \u00e9 muito maior que Bolsonaro: n\u00f3s podemos vencer! - PSOL 50\",\"isPartOf\":{\"@id\":\"https:\/\/psol50.org.br\/#website\"},\"primaryImageOfPage\":{\"@id\":\"https:\/\/psol50.org.br\/fernanda-melchionna-o-brasil-e-muito-maior-que-bolsonaro-nos-podemos-vencer\/#primaryimage\"},\"image\":{\"@id\":\"https:\/\/psol50.org.br\/fernanda-melchionna-o-brasil-e-muito-maior-que-bolsonaro-nos-podemos-vencer\/#primaryimage\"},\"thumbnailUrl\":\"https:\/\/psol50.org.br\/inc\/uploads\/2019\/03\/Jair_Bolsonaro_-_EBC_03.jpg\",\"datePublished\":\"2019-08-16T13:23:17+00:00\",\"breadcrumb\":{\"@id\":\"https:\/\/psol50.org.br\/fernanda-melchionna-o-brasil-e-muito-maior-que-bolsonaro-nos-podemos-vencer\/#breadcrumb\"},\"inLanguage\":\"pt-BR\",\"potentialAction\":[{\"@type\":\"ReadAction\",\"target\":[\"https:\/\/psol50.org.br\/fernanda-melchionna-o-brasil-e-muito-maior-que-bolsonaro-nos-podemos-vencer\/\"]}]},{\"@type\":\"ImageObject\",\"inLanguage\":\"pt-BR\",\"@id\":\"https:\/\/psol50.org.br\/fernanda-melchionna-o-brasil-e-muito-maior-que-bolsonaro-nos-podemos-vencer\/#primaryimage\",\"url\":\"https:\/\/psol50.org.br\/inc\/uploads\/2019\/03\/Jair_Bolsonaro_-_EBC_03.jpg\",\"contentUrl\":\"https:\/\/psol50.org.br\/inc\/uploads\/2019\/03\/Jair_Bolsonaro_-_EBC_03.jpg\",\"width\":1800,\"height\":1200,\"caption\":\"Fabio Rodrigues Pozzebom\/Agencia Brasil\"},{\"@type\":\"BreadcrumbList\",\"@id\":\"https:\/\/psol50.org.br\/fernanda-melchionna-o-brasil-e-muito-maior-que-bolsonaro-nos-podemos-vencer\/#breadcrumb\",\"itemListElement\":[{\"@type\":\"ListItem\",\"position\":1,\"name\":\"In\u00edcio\",\"item\":\"https:\/\/psol50.org.br\/\"},{\"@type\":\"ListItem\",\"position\":2,\"name\":\"Fernanda Melchionna | O Brasil \u00e9 muito maior que Bolsonaro: n\u00f3s podemos vencer!\"}]},{\"@type\":\"WebSite\",\"@id\":\"https:\/\/psol50.org.br\/#website\",\"url\":\"https:\/\/psol50.org.br\/\",\"name\":\"PSOL 50\",\"description\":\"Site oficial do Partido Socialismo e Liberdade\",\"publisher\":{\"@id\":\"https:\/\/psol50.org.br\/#organization\"},\"alternateName\":\"PSOL50\",\"potentialAction\":[{\"@type\":\"SearchAction\",\"target\":{\"@type\":\"EntryPoint\",\"urlTemplate\":\"https:\/\/psol50.org.br\/?s={search_term_string}\"},\"query-input\":{\"@type\":\"PropertyValueSpecification\",\"valueRequired\":true,\"valueName\":\"search_term_string\"}}],\"inLanguage\":\"pt-BR\"},{\"@type\":\"Organization\",\"@id\":\"https:\/\/psol50.org.br\/#organization\",\"name\":\"PSOL 50\",\"alternateName\":\"PSOL 50\",\"url\":\"https:\/\/psol50.org.br\/\",\"logo\":{\"@type\":\"ImageObject\",\"inLanguage\":\"pt-BR\",\"@id\":\"https:\/\/psol50.org.br\/#\/schema\/logo\/image\/\",\"url\":\"https:\/\/psol50.org.br\/inc\/uploads\/2018\/07\/capa.png\",\"contentUrl\":\"https:\/\/psol50.org.br\/inc\/uploads\/2018\/07\/capa.png\",\"width\":1350,\"height\":900,\"caption\":\"PSOL 50\"},\"image\":{\"@id\":\"https:\/\/psol50.org.br\/#\/schema\/logo\/image\/\"},\"sameAs\":[\"https:\/\/www.facebook.com\/psol50\",\"https:\/\/x.com\/psol50\",\"https:\/\/www.instagram.com\/psol50\/\",\"https:\/\/www.youtube.com\/channel\/UC7SnJS5o1os7a6CaiNabzcg\"]},{\"@type\":\"Person\",\"@id\":\"https:\/\/psol50.org.br\/#\/schema\/person\/475dfa57d0b815993c714c2e96491fcd\",\"name\":\"Comunica\u00e7\u00e3o PSOL\",\"image\":{\"@type\":\"ImageObject\",\"inLanguage\":\"pt-BR\",\"@id\":\"https:\/\/psol50.org.br\/#\/schema\/person\/image\/\",\"url\":\"https:\/\/secure.gravatar.com\/avatar\/b34fc4f4e468a4e51785917065a3db57b841f5c95dba6ad8c73aaf8f66f8f9bf?s=96&d=mm&r=g\",\"contentUrl\":\"https:\/\/secure.gravatar.com\/avatar\/b34fc4f4e468a4e51785917065a3db57b841f5c95dba6ad8c73aaf8f66f8f9bf?s=96&d=mm&r=g\",\"caption\":\"Comunica\u00e7\u00e3o PSOL\"}}]}<\/script>\n<!-- \/ Yoast SEO plugin. -->","yoast_head_json":{"title":"Fernanda Melchionna | O Brasil \u00e9 muito maior que Bolsonaro: n\u00f3s podemos vencer! - PSOL 50","robots":{"index":"index","follow":"follow","max-snippet":"max-snippet:-1","max-image-preview":"max-image-preview:large","max-video-preview":"max-video-preview:-1"},"canonical":"https:\/\/psol50.org.br\/fernanda-melchionna-o-brasil-e-muito-maior-que-bolsonaro-nos-podemos-vencer\/","og_locale":"pt_BR","og_type":"article","og_title":"O Brasil \u00e9 muito maior que Bolsonaro: n\u00f3s podemos vencer!","og_description":"Leia o artigo de Fernanda Melchionna.","og_url":"https:\/\/psol50.org.br\/fernanda-melchionna-o-brasil-e-muito-maior-que-bolsonaro-nos-podemos-vencer\/","og_site_name":"PSOL 50","article_publisher":"https:\/\/www.facebook.com\/psol50","article_published_time":"2019-08-16T13:23:17+00:00","og_image":[{"width":1800,"height":1200,"url":"https:\/\/psol50.org.br\/inc\/uploads\/2019\/03\/Jair_Bolsonaro_-_EBC_03.jpg","type":"image\/jpeg"}],"author":"Comunica\u00e7\u00e3o PSOL","twitter_card":"summary_large_image","twitter_title":"O Brasil \u00e9 muito maior que Bolsonaro: n\u00f3s podemos vencer!","twitter_description":"Leia o artigo de Fernanda Melchionna.","twitter_image":"https:\/\/psol50.org.br\/inc\/uploads\/2019\/03\/Jair_Bolsonaro_-_EBC_03.jpg","twitter_creator":"@psol50","twitter_site":"@psol50","twitter_misc":{"Escrito por":"Comunica\u00e7\u00e3o PSOL","Est. tempo de leitura":"3 minutos"},"schema":{"@context":"https:\/\/schema.org","@graph":[{"@type":"Article","@id":"https:\/\/psol50.org.br\/fernanda-melchionna-o-brasil-e-muito-maior-que-bolsonaro-nos-podemos-vencer\/#article","isPartOf":{"@id":"https:\/\/psol50.org.br\/fernanda-melchionna-o-brasil-e-muito-maior-que-bolsonaro-nos-podemos-vencer\/"},"author":{"name":"Comunica\u00e7\u00e3o PSOL","@id":"https:\/\/psol50.org.br\/#\/schema\/person\/475dfa57d0b815993c714c2e96491fcd"},"headline":"Fernanda Melchionna | O Brasil \u00e9 muito maior que Bolsonaro: n\u00f3s podemos vencer!","datePublished":"2019-08-16T13:23:17+00:00","mainEntityOfPage":{"@id":"https:\/\/psol50.org.br\/fernanda-melchionna-o-brasil-e-muito-maior-que-bolsonaro-nos-podemos-vencer\/"},"wordCount":552,"publisher":{"@id":"https:\/\/psol50.org.br\/#organization"},"image":{"@id":"https:\/\/psol50.org.br\/fernanda-melchionna-o-brasil-e-muito-maior-que-bolsonaro-nos-podemos-vencer\/#primaryimage"},"thumbnailUrl":"https:\/\/psol50.org.br\/inc\/uploads\/2019\/03\/Jair_Bolsonaro_-_EBC_03.jpg","keywords":["Bolsonaro","Fernanda Melchionna"],"articleSection":["Not\u00edcias"],"inLanguage":"pt-BR"},{"@type":"WebPage","@id":"https:\/\/psol50.org.br\/fernanda-melchionna-o-brasil-e-muito-maior-que-bolsonaro-nos-podemos-vencer\/","url":"https:\/\/psol50.org.br\/fernanda-melchionna-o-brasil-e-muito-maior-que-bolsonaro-nos-podemos-vencer\/","name":"Fernanda Melchionna | O Brasil \u00e9 muito maior que Bolsonaro: n\u00f3s podemos vencer! - PSOL 50","isPartOf":{"@id":"https:\/\/psol50.org.br\/#website"},"primaryImageOfPage":{"@id":"https:\/\/psol50.org.br\/fernanda-melchionna-o-brasil-e-muito-maior-que-bolsonaro-nos-podemos-vencer\/#primaryimage"},"image":{"@id":"https:\/\/psol50.org.br\/fernanda-melchionna-o-brasil-e-muito-maior-que-bolsonaro-nos-podemos-vencer\/#primaryimage"},"thumbnailUrl":"https:\/\/psol50.org.br\/inc\/uploads\/2019\/03\/Jair_Bolsonaro_-_EBC_03.jpg","datePublished":"2019-08-16T13:23:17+00:00","breadcrumb":{"@id":"https:\/\/psol50.org.br\/fernanda-melchionna-o-brasil-e-muito-maior-que-bolsonaro-nos-podemos-vencer\/#breadcrumb"},"inLanguage":"pt-BR","potentialAction":[{"@type":"ReadAction","target":["https:\/\/psol50.org.br\/fernanda-melchionna-o-brasil-e-muito-maior-que-bolsonaro-nos-podemos-vencer\/"]}]},{"@type":"ImageObject","inLanguage":"pt-BR","@id":"https:\/\/psol50.org.br\/fernanda-melchionna-o-brasil-e-muito-maior-que-bolsonaro-nos-podemos-vencer\/#primaryimage","url":"https:\/\/psol50.org.br\/inc\/uploads\/2019\/03\/Jair_Bolsonaro_-_EBC_03.jpg","contentUrl":"https:\/\/psol50.org.br\/inc\/uploads\/2019\/03\/Jair_Bolsonaro_-_EBC_03.jpg","width":1800,"height":1200,"caption":"Fabio Rodrigues Pozzebom\/Agencia Brasil"},{"@type":"BreadcrumbList","@id":"https:\/\/psol50.org.br\/fernanda-melchionna-o-brasil-e-muito-maior-que-bolsonaro-nos-podemos-vencer\/#breadcrumb","itemListElement":[{"@type":"ListItem","position":1,"name":"In\u00edcio","item":"https:\/\/psol50.org.br\/"},{"@type":"ListItem","position":2,"name":"Fernanda Melchionna | O Brasil \u00e9 muito maior que Bolsonaro: n\u00f3s podemos vencer!"}]},{"@type":"WebSite","@id":"https:\/\/psol50.org.br\/#website","url":"https:\/\/psol50.org.br\/","name":"PSOL 50","description":"Site oficial do Partido Socialismo e Liberdade","publisher":{"@id":"https:\/\/psol50.org.br\/#organization"},"alternateName":"PSOL50","potentialAction":[{"@type":"SearchAction","target":{"@type":"EntryPoint","urlTemplate":"https:\/\/psol50.org.br\/?s={search_term_string}"},"query-input":{"@type":"PropertyValueSpecification","valueRequired":true,"valueName":"search_term_string"}}],"inLanguage":"pt-BR"},{"@type":"Organization","@id":"https:\/\/psol50.org.br\/#organization","name":"PSOL 50","alternateName":"PSOL 50","url":"https:\/\/psol50.org.br\/","logo":{"@type":"ImageObject","inLanguage":"pt-BR","@id":"https:\/\/psol50.org.br\/#\/schema\/logo\/image\/","url":"https:\/\/psol50.org.br\/inc\/uploads\/2018\/07\/capa.png","contentUrl":"https:\/\/psol50.org.br\/inc\/uploads\/2018\/07\/capa.png","width":1350,"height":900,"caption":"PSOL 50"},"image":{"@id":"https:\/\/psol50.org.br\/#\/schema\/logo\/image\/"},"sameAs":["https:\/\/www.facebook.com\/psol50","https:\/\/x.com\/psol50","https:\/\/www.instagram.com\/psol50\/","https:\/\/www.youtube.com\/channel\/UC7SnJS5o1os7a6CaiNabzcg"]},{"@type":"Person","@id":"https:\/\/psol50.org.br\/#\/schema\/person\/475dfa57d0b815993c714c2e96491fcd","name":"Comunica\u00e7\u00e3o PSOL","image":{"@type":"ImageObject","inLanguage":"pt-BR","@id":"https:\/\/psol50.org.br\/#\/schema\/person\/image\/","url":"https:\/\/secure.gravatar.com\/avatar\/b34fc4f4e468a4e51785917065a3db57b841f5c95dba6ad8c73aaf8f66f8f9bf?s=96&d=mm&r=g","contentUrl":"https:\/\/secure.gravatar.com\/avatar\/b34fc4f4e468a4e51785917065a3db57b841f5c95dba6ad8c73aaf8f66f8f9bf?s=96&d=mm&r=g","caption":"Comunica\u00e7\u00e3o PSOL"}}]}},"_links":{"self":[{"href":"https:\/\/psol50.org.br\/rest\/wp\/v2\/posts\/26197","targetHints":{"allow":["GET"]}}],"collection":[{"href":"https:\/\/psol50.org.br\/rest\/wp\/v2\/posts"}],"about":[{"href":"https:\/\/psol50.org.br\/rest\/wp\/v2\/types\/post"}],"author":[{"embeddable":true,"href":"https:\/\/psol50.org.br\/rest\/wp\/v2\/users\/2"}],"replies":[{"embeddable":true,"href":"https:\/\/psol50.org.br\/rest\/wp\/v2\/comments?post=26197"}],"version-history":[{"count":0,"href":"https:\/\/psol50.org.br\/rest\/wp\/v2\/posts\/26197\/revisions"}],"wp:featuredmedia":[{"embeddable":true,"href":"https:\/\/psol50.org.br\/rest\/wp\/v2\/media\/24349"}],"wp:attachment":[{"href":"https:\/\/psol50.org.br\/rest\/wp\/v2\/media?parent=26197"}],"wp:term":[{"taxonomy":"category","embeddable":true,"href":"https:\/\/psol50.org.br\/rest\/wp\/v2\/categories?post=26197"},{"taxonomy":"post_tag","embeddable":true,"href":"https:\/\/psol50.org.br\/rest\/wp\/v2\/tags?post=26197"}],"curies":[{"name":"wp","href":"https:\/\/api.w.org\/{rel}","templated":true}]}}