{"id":26231,"date":"2019-08-19T16:35:26","date_gmt":"2019-08-19T19:35:26","guid":{"rendered":"http:\/\/psol50.org.br\/?p=26231"},"modified":"2019-08-19T16:35:26","modified_gmt":"2019-08-19T19:35:26","slug":"camara-quer-votar-projeto-do-porte-de-armas-sem-que-voce-saiba","status":"publish","type":"post","link":"https:\/\/psol50.org.br\/camara-quer-votar-projeto-do-porte-de-armas-sem-que-voce-saiba\/","title":{"rendered":"C\u00e2mara quer votar projeto do porte de armas sem que voc\u00ea saiba"},"content":{"rendered":"<p>O projeto de lei que trata sobre porte de armas (PL 3723\/19) pode ser votado a partir desta ter\u00e7a-feira (20), a toque de caixa, no plen\u00e1rio da C\u00e2mara dos Deputados. De autoria do Poder Executivo, a proposta trata do porte de armas para mais categorias al\u00e9m das previstas no Estatuto do Desarmamento, do porte para ca\u00e7adores e colecionadores e da posse em \u00e1rea rural, dentre outros aspectos.<\/p>\n<p>Atualmente, o porte est\u00e1 restrito a militares das For\u00e7as Armadas, policiais, guardas prisionais e fiscais, por exemplo, mas a proposta permite o porte tamb\u00e9m para integrantes de \u00f3rg\u00e3os policiais da C\u00e2mara Legislativa do Distrito Federal e das assembleias legislativas dos estados, ca\u00e7adores e colecionadores, al\u00e9m de outros profissionais que comprovem ter atividades de risco \u00e0 sua vida, em defini\u00e7\u00f5es bem generalistas no texto do projeto.<\/p>\n<p>Este projeto de lei foi apresentado pelo governo ap\u00f3s a grande repercuss\u00e3o dos decretos editados por Jair Bolsonaro que flexibilizavam tanto o porte como a posse de armas em territ\u00f3rio brasileiro. Os decretos foram objeto de <a href=\"http:\/\/psol50.org.br\/psol-apresenta-acao-de-inconstitucionalidade-no-stf-contra-decreto-que-flexibiliza-porte-de-armas\/\">a\u00e7\u00e3o do PSOL no STF<\/a> e de <a href=\"http:\/\/psol50.org.br\/psol-apresenta-projeto-para-sustar-decreto-que-amplia-porte-de-armas\/\">projeto de lei na C\u00e2mara dos Deputados<\/a> para derrub\u00e1-los, por serem flagrantemente inconstitucionais. <a href=\"http:\/\/psol50.org.br\/menosarmas\/\">Uma plataforma de coleta de assinaturas contra a facilita\u00e7\u00e3o do porte de armas tamb\u00e9m est\u00e1 no ar.<\/a><\/p>\n<p>O porte de armas \u00e9 a autoriza\u00e7\u00e3o para que o indiv\u00edduo ande armado fora de sua casa ou local de trabalho. As mudan\u00e7as est\u00e3o no <span id=\"4098\" class=\"termoGlossario\" title=\"\" contenteditable=\"false\" data-toggle=\"tooltip\" data-placement=\"top\" data-original-title=\"Nome que se d\u00e1 ao texto que altera substancialmente o conte\u00fado original da proposta. O substitutivo \u00e9 apresentado pelo relator e tem prefer\u00eancia na vota\u00e7\u00e3o sobre o projeto original.\">substitutivo<\/span> do deputado Alexandre Leite (DEM-SP), que adiantou seu parecer na \u00faltima semana, incorporando o projeto aprovado pelo Senado Federal, que trata dos colecionadores, atiradores e ca\u00e7adores.<\/p>\n","protected":false},"excerpt":{"rendered":"<p>O projeto de lei que trata sobre porte de armas (PL 3723\/19) pode ser votado a partir desta ter\u00e7a-feira (20), a toque de caixa, no plen\u00e1rio da C\u00e2mara dos Deputados. De autoria do Poder Executivo, a proposta trata do porte de armas para mais categorias al\u00e9m das previstas no Estatuto do Desarmamento, do porte para [&hellip;]<\/p>\n","protected":false},"author":2,"featured_media":26221,"comment_status":"closed","ping_status":"open","sticky":false,"template":"","format":"standard","meta":{"_acf_changed":false,"footnotes":""},"categories":[6],"tags":[182,56,163,1040,1901,1902,420,22],"class_list":{"0":"post-26231","1":"post","2":"type-post","3":"status-publish","4":"format-standard","5":"has-post-thumbnail","7":"category-noticias","8":"tag-armas","9":"tag-bolsonaro","10":"tag-camara","11":"tag-decreto","12":"tag-porte","13":"tag-posse","14":"tag-projeto","15":"tag-psol"},"acf":[],"yoast_head":"<!-- This site is optimized with the Yoast SEO plugin v26.5 - https:\/\/yoast.com\/wordpress\/plugins\/seo\/ -->\n<title>C\u00e2mara quer votar projeto do porte de armas sem que voc\u00ea saiba - PSOL 50<\/title>\n<meta name=\"description\" content=\"Flexibiliza\u00e7\u00e3o do porte de armas pode ser votada nesta semana no plen\u00e1rio da C\u00e2mara dos Deputados.\" \/>\n<meta name=\"robots\" content=\"index, follow, max-snippet:-1, max-image-preview:large, max-video-preview:-1\" \/>\n<link rel=\"canonical\" href=\"https:\/\/psol50.org.br\/camara-quer-votar-projeto-do-porte-de-armas-sem-que-voce-saiba\/\" \/>\n<meta property=\"og:locale\" content=\"pt_BR\" \/>\n<meta property=\"og:type\" content=\"article\" \/>\n<meta property=\"og:title\" content=\"C\u00e2mara quer votar projeto do porte de armas sem que voc\u00ea saiba\" \/>\n<meta property=\"og:description\" content=\"Flexibiliza\u00e7\u00e3o do porte de armas pode ser votada nesta semana no plen\u00e1rio da C\u00e2mara dos Deputados.\" \/>\n<meta property=\"og:url\" content=\"https:\/\/psol50.org.br\/camara-quer-votar-projeto-do-porte-de-armas-sem-que-voce-saiba\/\" \/>\n<meta property=\"og:site_name\" content=\"PSOL 50\" \/>\n<meta property=\"article:publisher\" content=\"https:\/\/www.facebook.com\/psol50\" \/>\n<meta property=\"article:published_time\" content=\"2019-08-19T19:35:26+00:00\" \/>\n<meta property=\"og:image\" content=\"https:\/\/psol50.org.br\/inc\/uploads\/2019\/08\/Jair-Bolsonaro.-Onyx-Lorenzoni.-Marcelo-CamargoAgencia-Brasil.jpg\" \/>\n\t<meta property=\"og:image:width\" content=\"1140\" \/>\n\t<meta property=\"og:image:height\" content=\"760\" \/>\n\t<meta property=\"og:image:type\" content=\"image\/jpeg\" \/>\n<meta name=\"author\" content=\"Comunica\u00e7\u00e3o PSOL\" \/>\n<meta name=\"twitter:card\" content=\"summary_large_image\" \/>\n<meta name=\"twitter:title\" content=\"C\u00e2mara quer votar projeto do porte de armas sem que voc\u00ea saiba\" \/>\n<meta name=\"twitter:description\" content=\"Flexibiliza\u00e7\u00e3o do porte de armas pode ser votada nesta semana no plen\u00e1rio da C\u00e2mara dos Deputados.\" \/>\n<meta name=\"twitter:image\" content=\"https:\/\/psol50.org.br\/inc\/uploads\/2019\/08\/Jair-Bolsonaro.-Onyx-Lorenzoni.-Marcelo-CamargoAgencia-Brasil.jpg\" \/>\n<meta name=\"twitter:creator\" content=\"@psol50\" \/>\n<meta name=\"twitter:site\" content=\"@psol50\" \/>\n<meta name=\"twitter:label1\" content=\"Escrito por\" \/>\n\t<meta name=\"twitter:data1\" content=\"Comunica\u00e7\u00e3o PSOL\" \/>\n\t<meta name=\"twitter:label2\" content=\"Est. tempo de leitura\" \/>\n\t<meta name=\"twitter:data2\" content=\"1 minuto\" \/>\n<script type=\"application\/ld+json\" class=\"yoast-schema-graph\">{\"@context\":\"https:\/\/schema.org\",\"@graph\":[{\"@type\":\"Article\",\"@id\":\"https:\/\/psol50.org.br\/camara-quer-votar-projeto-do-porte-de-armas-sem-que-voce-saiba\/#article\",\"isPartOf\":{\"@id\":\"https:\/\/psol50.org.br\/camara-quer-votar-projeto-do-porte-de-armas-sem-que-voce-saiba\/\"},\"author\":{\"name\":\"Comunica\u00e7\u00e3o PSOL\",\"@id\":\"https:\/\/psol50.org.br\/#\/schema\/person\/475dfa57d0b815993c714c2e96491fcd\"},\"headline\":\"C\u00e2mara quer votar projeto do porte de armas sem que voc\u00ea saiba\",\"datePublished\":\"2019-08-19T19:35:26+00:00\",\"mainEntityOfPage\":{\"@id\":\"https:\/\/psol50.org.br\/camara-quer-votar-projeto-do-porte-de-armas-sem-que-voce-saiba\/\"},\"wordCount\":291,\"publisher\":{\"@id\":\"https:\/\/psol50.org.br\/#organization\"},\"image\":{\"@id\":\"https:\/\/psol50.org.br\/camara-quer-votar-projeto-do-porte-de-armas-sem-que-voce-saiba\/#primaryimage\"},\"thumbnailUrl\":\"https:\/\/psol50.org.br\/inc\/uploads\/2019\/08\/Jair-Bolsonaro.-Onyx-Lorenzoni.-Marcelo-CamargoAgencia-Brasil.jpg\",\"keywords\":[\"armas\",\"Bolsonaro\",\"c\u00e2mara\",\"decreto\",\"porte\",\"posse\",\"projeto\",\"PSOL\"],\"articleSection\":[\"Not\u00edcias\"],\"inLanguage\":\"pt-BR\"},{\"@type\":\"WebPage\",\"@id\":\"https:\/\/psol50.org.br\/camara-quer-votar-projeto-do-porte-de-armas-sem-que-voce-saiba\/\",\"url\":\"https:\/\/psol50.org.br\/camara-quer-votar-projeto-do-porte-de-armas-sem-que-voce-saiba\/\",\"name\":\"C\u00e2mara quer votar projeto do porte de armas sem que voc\u00ea saiba - PSOL 50\",\"isPartOf\":{\"@id\":\"https:\/\/psol50.org.br\/#website\"},\"primaryImageOfPage\":{\"@id\":\"https:\/\/psol50.org.br\/camara-quer-votar-projeto-do-porte-de-armas-sem-que-voce-saiba\/#primaryimage\"},\"image\":{\"@id\":\"https:\/\/psol50.org.br\/camara-quer-votar-projeto-do-porte-de-armas-sem-que-voce-saiba\/#primaryimage\"},\"thumbnailUrl\":\"https:\/\/psol50.org.br\/inc\/uploads\/2019\/08\/Jair-Bolsonaro.-Onyx-Lorenzoni.-Marcelo-CamargoAgencia-Brasil.jpg\",\"datePublished\":\"2019-08-19T19:35:26+00:00\",\"description\":\"Flexibiliza\u00e7\u00e3o do porte de armas pode ser votada nesta semana no plen\u00e1rio da C\u00e2mara dos Deputados.\",\"breadcrumb\":{\"@id\":\"https:\/\/psol50.org.br\/camara-quer-votar-projeto-do-porte-de-armas-sem-que-voce-saiba\/#breadcrumb\"},\"inLanguage\":\"pt-BR\",\"potentialAction\":[{\"@type\":\"ReadAction\",\"target\":[\"https:\/\/psol50.org.br\/camara-quer-votar-projeto-do-porte-de-armas-sem-que-voce-saiba\/\"]}]},{\"@type\":\"ImageObject\",\"inLanguage\":\"pt-BR\",\"@id\":\"https:\/\/psol50.org.br\/camara-quer-votar-projeto-do-porte-de-armas-sem-que-voce-saiba\/#primaryimage\",\"url\":\"https:\/\/psol50.org.br\/inc\/uploads\/2019\/08\/Jair-Bolsonaro.-Onyx-Lorenzoni.-Marcelo-CamargoAgencia-Brasil.jpg\",\"contentUrl\":\"https:\/\/psol50.org.br\/inc\/uploads\/2019\/08\/Jair-Bolsonaro.-Onyx-Lorenzoni.-Marcelo-CamargoAgencia-Brasil.jpg\",\"width\":1140,\"height\":760,\"caption\":\"Marcelo Camargo\/Agencia Brasil\"},{\"@type\":\"BreadcrumbList\",\"@id\":\"https:\/\/psol50.org.br\/camara-quer-votar-projeto-do-porte-de-armas-sem-que-voce-saiba\/#breadcrumb\",\"itemListElement\":[{\"@type\":\"ListItem\",\"position\":1,\"name\":\"In\u00edcio\",\"item\":\"https:\/\/psol50.org.br\/\"},{\"@type\":\"ListItem\",\"position\":2,\"name\":\"C\u00e2mara quer votar projeto do porte de armas sem que voc\u00ea saiba\"}]},{\"@type\":\"WebSite\",\"@id\":\"https:\/\/psol50.org.br\/#website\",\"url\":\"https:\/\/psol50.org.br\/\",\"name\":\"PSOL 50\",\"description\":\"Site oficial do Partido Socialismo e Liberdade\",\"publisher\":{\"@id\":\"https:\/\/psol50.org.br\/#organization\"},\"alternateName\":\"PSOL50\",\"potentialAction\":[{\"@type\":\"SearchAction\",\"target\":{\"@type\":\"EntryPoint\",\"urlTemplate\":\"https:\/\/psol50.org.br\/?s={search_term_string}\"},\"query-input\":{\"@type\":\"PropertyValueSpecification\",\"valueRequired\":true,\"valueName\":\"search_term_string\"}}],\"inLanguage\":\"pt-BR\"},{\"@type\":\"Organization\",\"@id\":\"https:\/\/psol50.org.br\/#organization\",\"name\":\"PSOL 50\",\"alternateName\":\"PSOL 50\",\"url\":\"https:\/\/psol50.org.br\/\",\"logo\":{\"@type\":\"ImageObject\",\"inLanguage\":\"pt-BR\",\"@id\":\"https:\/\/psol50.org.br\/#\/schema\/logo\/image\/\",\"url\":\"https:\/\/psol50.org.br\/inc\/uploads\/2018\/07\/capa.png\",\"contentUrl\":\"https:\/\/psol50.org.br\/inc\/uploads\/2018\/07\/capa.png\",\"width\":1350,\"height\":900,\"caption\":\"PSOL 50\"},\"image\":{\"@id\":\"https:\/\/psol50.org.br\/#\/schema\/logo\/image\/\"},\"sameAs\":[\"https:\/\/www.facebook.com\/psol50\",\"https:\/\/x.com\/psol50\",\"https:\/\/www.instagram.com\/psol50\/\",\"https:\/\/www.youtube.com\/channel\/UC7SnJS5o1os7a6CaiNabzcg\"]},{\"@type\":\"Person\",\"@id\":\"https:\/\/psol50.org.br\/#\/schema\/person\/475dfa57d0b815993c714c2e96491fcd\",\"name\":\"Comunica\u00e7\u00e3o PSOL\",\"image\":{\"@type\":\"ImageObject\",\"inLanguage\":\"pt-BR\",\"@id\":\"https:\/\/psol50.org.br\/#\/schema\/person\/image\/\",\"url\":\"https:\/\/secure.gravatar.com\/avatar\/b34fc4f4e468a4e51785917065a3db57b841f5c95dba6ad8c73aaf8f66f8f9bf?s=96&d=mm&r=g\",\"contentUrl\":\"https:\/\/secure.gravatar.com\/avatar\/b34fc4f4e468a4e51785917065a3db57b841f5c95dba6ad8c73aaf8f66f8f9bf?s=96&d=mm&r=g\",\"caption\":\"Comunica\u00e7\u00e3o PSOL\"}}]}<\/script>\n<!-- \/ Yoast SEO plugin. -->","yoast_head_json":{"title":"C\u00e2mara quer votar projeto do porte de armas sem que voc\u00ea saiba - PSOL 50","description":"Flexibiliza\u00e7\u00e3o do porte de armas pode ser votada nesta semana no plen\u00e1rio da C\u00e2mara dos Deputados.","robots":{"index":"index","follow":"follow","max-snippet":"max-snippet:-1","max-image-preview":"max-image-preview:large","max-video-preview":"max-video-preview:-1"},"canonical":"https:\/\/psol50.org.br\/camara-quer-votar-projeto-do-porte-de-armas-sem-que-voce-saiba\/","og_locale":"pt_BR","og_type":"article","og_title":"C\u00e2mara quer votar projeto do porte de armas sem que voc\u00ea saiba","og_description":"Flexibiliza\u00e7\u00e3o do porte de armas pode ser votada nesta semana no plen\u00e1rio da C\u00e2mara dos Deputados.","og_url":"https:\/\/psol50.org.br\/camara-quer-votar-projeto-do-porte-de-armas-sem-que-voce-saiba\/","og_site_name":"PSOL 50","article_publisher":"https:\/\/www.facebook.com\/psol50","article_published_time":"2019-08-19T19:35:26+00:00","og_image":[{"width":1140,"height":760,"url":"https:\/\/psol50.org.br\/inc\/uploads\/2019\/08\/Jair-Bolsonaro.-Onyx-Lorenzoni.-Marcelo-CamargoAgencia-Brasil.jpg","type":"image\/jpeg"}],"author":"Comunica\u00e7\u00e3o PSOL","twitter_card":"summary_large_image","twitter_title":"C\u00e2mara quer votar projeto do porte de armas sem que voc\u00ea saiba","twitter_description":"Flexibiliza\u00e7\u00e3o do porte de armas pode ser votada nesta semana no plen\u00e1rio da C\u00e2mara dos Deputados.","twitter_image":"https:\/\/psol50.org.br\/inc\/uploads\/2019\/08\/Jair-Bolsonaro.-Onyx-Lorenzoni.-Marcelo-CamargoAgencia-Brasil.jpg","twitter_creator":"@psol50","twitter_site":"@psol50","twitter_misc":{"Escrito por":"Comunica\u00e7\u00e3o PSOL","Est. tempo de leitura":"1 minuto"},"schema":{"@context":"https:\/\/schema.org","@graph":[{"@type":"Article","@id":"https:\/\/psol50.org.br\/camara-quer-votar-projeto-do-porte-de-armas-sem-que-voce-saiba\/#article","isPartOf":{"@id":"https:\/\/psol50.org.br\/camara-quer-votar-projeto-do-porte-de-armas-sem-que-voce-saiba\/"},"author":{"name":"Comunica\u00e7\u00e3o PSOL","@id":"https:\/\/psol50.org.br\/#\/schema\/person\/475dfa57d0b815993c714c2e96491fcd"},"headline":"C\u00e2mara quer votar projeto do porte de armas sem que voc\u00ea saiba","datePublished":"2019-08-19T19:35:26+00:00","mainEntityOfPage":{"@id":"https:\/\/psol50.org.br\/camara-quer-votar-projeto-do-porte-de-armas-sem-que-voce-saiba\/"},"wordCount":291,"publisher":{"@id":"https:\/\/psol50.org.br\/#organization"},"image":{"@id":"https:\/\/psol50.org.br\/camara-quer-votar-projeto-do-porte-de-armas-sem-que-voce-saiba\/#primaryimage"},"thumbnailUrl":"https:\/\/psol50.org.br\/inc\/uploads\/2019\/08\/Jair-Bolsonaro.-Onyx-Lorenzoni.-Marcelo-CamargoAgencia-Brasil.jpg","keywords":["armas","Bolsonaro","c\u00e2mara","decreto","porte","posse","projeto","PSOL"],"articleSection":["Not\u00edcias"],"inLanguage":"pt-BR"},{"@type":"WebPage","@id":"https:\/\/psol50.org.br\/camara-quer-votar-projeto-do-porte-de-armas-sem-que-voce-saiba\/","url":"https:\/\/psol50.org.br\/camara-quer-votar-projeto-do-porte-de-armas-sem-que-voce-saiba\/","name":"C\u00e2mara quer votar projeto do porte de armas sem que voc\u00ea saiba - PSOL 50","isPartOf":{"@id":"https:\/\/psol50.org.br\/#website"},"primaryImageOfPage":{"@id":"https:\/\/psol50.org.br\/camara-quer-votar-projeto-do-porte-de-armas-sem-que-voce-saiba\/#primaryimage"},"image":{"@id":"https:\/\/psol50.org.br\/camara-quer-votar-projeto-do-porte-de-armas-sem-que-voce-saiba\/#primaryimage"},"thumbnailUrl":"https:\/\/psol50.org.br\/inc\/uploads\/2019\/08\/Jair-Bolsonaro.-Onyx-Lorenzoni.-Marcelo-CamargoAgencia-Brasil.jpg","datePublished":"2019-08-19T19:35:26+00:00","description":"Flexibiliza\u00e7\u00e3o do porte de armas pode ser votada nesta semana no plen\u00e1rio da C\u00e2mara dos Deputados.","breadcrumb":{"@id":"https:\/\/psol50.org.br\/camara-quer-votar-projeto-do-porte-de-armas-sem-que-voce-saiba\/#breadcrumb"},"inLanguage":"pt-BR","potentialAction":[{"@type":"ReadAction","target":["https:\/\/psol50.org.br\/camara-quer-votar-projeto-do-porte-de-armas-sem-que-voce-saiba\/"]}]},{"@type":"ImageObject","inLanguage":"pt-BR","@id":"https:\/\/psol50.org.br\/camara-quer-votar-projeto-do-porte-de-armas-sem-que-voce-saiba\/#primaryimage","url":"https:\/\/psol50.org.br\/inc\/uploads\/2019\/08\/Jair-Bolsonaro.-Onyx-Lorenzoni.-Marcelo-CamargoAgencia-Brasil.jpg","contentUrl":"https:\/\/psol50.org.br\/inc\/uploads\/2019\/08\/Jair-Bolsonaro.-Onyx-Lorenzoni.-Marcelo-CamargoAgencia-Brasil.jpg","width":1140,"height":760,"caption":"Marcelo Camargo\/Agencia Brasil"},{"@type":"BreadcrumbList","@id":"https:\/\/psol50.org.br\/camara-quer-votar-projeto-do-porte-de-armas-sem-que-voce-saiba\/#breadcrumb","itemListElement":[{"@type":"ListItem","position":1,"name":"In\u00edcio","item":"https:\/\/psol50.org.br\/"},{"@type":"ListItem","position":2,"name":"C\u00e2mara quer votar projeto do porte de armas sem que voc\u00ea saiba"}]},{"@type":"WebSite","@id":"https:\/\/psol50.org.br\/#website","url":"https:\/\/psol50.org.br\/","name":"PSOL 50","description":"Site oficial do Partido Socialismo e Liberdade","publisher":{"@id":"https:\/\/psol50.org.br\/#organization"},"alternateName":"PSOL50","potentialAction":[{"@type":"SearchAction","target":{"@type":"EntryPoint","urlTemplate":"https:\/\/psol50.org.br\/?s={search_term_string}"},"query-input":{"@type":"PropertyValueSpecification","valueRequired":true,"valueName":"search_term_string"}}],"inLanguage":"pt-BR"},{"@type":"Organization","@id":"https:\/\/psol50.org.br\/#organization","name":"PSOL 50","alternateName":"PSOL 50","url":"https:\/\/psol50.org.br\/","logo":{"@type":"ImageObject","inLanguage":"pt-BR","@id":"https:\/\/psol50.org.br\/#\/schema\/logo\/image\/","url":"https:\/\/psol50.org.br\/inc\/uploads\/2018\/07\/capa.png","contentUrl":"https:\/\/psol50.org.br\/inc\/uploads\/2018\/07\/capa.png","width":1350,"height":900,"caption":"PSOL 50"},"image":{"@id":"https:\/\/psol50.org.br\/#\/schema\/logo\/image\/"},"sameAs":["https:\/\/www.facebook.com\/psol50","https:\/\/x.com\/psol50","https:\/\/www.instagram.com\/psol50\/","https:\/\/www.youtube.com\/channel\/UC7SnJS5o1os7a6CaiNabzcg"]},{"@type":"Person","@id":"https:\/\/psol50.org.br\/#\/schema\/person\/475dfa57d0b815993c714c2e96491fcd","name":"Comunica\u00e7\u00e3o PSOL","image":{"@type":"ImageObject","inLanguage":"pt-BR","@id":"https:\/\/psol50.org.br\/#\/schema\/person\/image\/","url":"https:\/\/secure.gravatar.com\/avatar\/b34fc4f4e468a4e51785917065a3db57b841f5c95dba6ad8c73aaf8f66f8f9bf?s=96&d=mm&r=g","contentUrl":"https:\/\/secure.gravatar.com\/avatar\/b34fc4f4e468a4e51785917065a3db57b841f5c95dba6ad8c73aaf8f66f8f9bf?s=96&d=mm&r=g","caption":"Comunica\u00e7\u00e3o PSOL"}}]}},"_links":{"self":[{"href":"https:\/\/psol50.org.br\/rest\/wp\/v2\/posts\/26231","targetHints":{"allow":["GET"]}}],"collection":[{"href":"https:\/\/psol50.org.br\/rest\/wp\/v2\/posts"}],"about":[{"href":"https:\/\/psol50.org.br\/rest\/wp\/v2\/types\/post"}],"author":[{"embeddable":true,"href":"https:\/\/psol50.org.br\/rest\/wp\/v2\/users\/2"}],"replies":[{"embeddable":true,"href":"https:\/\/psol50.org.br\/rest\/wp\/v2\/comments?post=26231"}],"version-history":[{"count":0,"href":"https:\/\/psol50.org.br\/rest\/wp\/v2\/posts\/26231\/revisions"}],"wp:featuredmedia":[{"embeddable":true,"href":"https:\/\/psol50.org.br\/rest\/wp\/v2\/media\/26221"}],"wp:attachment":[{"href":"https:\/\/psol50.org.br\/rest\/wp\/v2\/media?parent=26231"}],"wp:term":[{"taxonomy":"category","embeddable":true,"href":"https:\/\/psol50.org.br\/rest\/wp\/v2\/categories?post=26231"},{"taxonomy":"post_tag","embeddable":true,"href":"https:\/\/psol50.org.br\/rest\/wp\/v2\/tags?post=26231"}],"curies":[{"name":"wp","href":"https:\/\/api.w.org\/{rel}","templated":true}]}}