{"id":26268,"date":"2019-08-22T11:15:53","date_gmt":"2019-08-22T14:15:53","guid":{"rendered":"http:\/\/psol50.org.br\/?p=26268"},"modified":"2019-08-22T11:15:53","modified_gmt":"2019-08-22T14:15:53","slug":"confira-a-agenda-de-atos-em-defesa-da-amazonia-neste-fim-de-semana","status":"publish","type":"post","link":"https:\/\/psol50.org.br\/confira-a-agenda-de-atos-em-defesa-da-amazonia-neste-fim-de-semana\/","title":{"rendered":"Confira a agenda de atos em defesa da Amaz\u00f4nia neste fim de semana"},"content":{"rendered":"<p>O pa\u00eds ficou em choque no in\u00edcio desta semana quando grandes cidades do sul e do sudeste viram o dia virar noite de repente. Dados meteorol\u00f3gicos confi\u00e1veis, como da NASA estadunidense, comprovam o aumento das queimadas na Amaz\u00f4nia e em diversas regi\u00f5es do pa\u00eds, assim como a rela\u00e7\u00e3o deste desequil\u00edbrio ambiental com os efeitos clim\u00e1ticos no sul do Brasil.<\/p>\n<p>As queimadas aumentaram 82% no Brasil este ano em compara\u00e7\u00e3o com o mesmo per\u00edodo de 2018. Foram mais de 70 mil focos de inc\u00eandio entre janeiro e agosto registrados pelo INPE no pa\u00eds. O Mato Grosso \u00e9 o estado que lidera a lista, com mais de 13 mil inc\u00eandios.<\/p>\n<p>Cinco estados registraram os maiores \u00edndices de aumento nestes meses de governo Bolsonaro. O Mato Grosso do Sul viu o n\u00famero de queimadas aumentar 260% em rela\u00e7\u00e3o ao ano passado e lidera a lista, seguido por Rond\u00f4nia (198%), Par\u00e1 (188%), Acre (176%) e Rio de Janeiro (173%).<\/p>\n<p>Em meio a este cen\u00e1rio de destrui\u00e7\u00e3o, diversas manifesta\u00e7\u00f5es em defesa da Amaz\u00f4nia est\u00e3o sendo convocadas e v\u00e3o mandar o recado a Bolsonaro: \u00e9 preciso mudar o sistema, n\u00e3o o clima!<\/p>\n<h5>Confira a agenda de atos em defesa da Amaz\u00f4nia e contra as mentiras do governo Bolsonaro sobre o clima neste final de semana pelo Brasil e pelo mundo:<\/h5>\n<h6>SUDESTE<\/h6>\n<p><span class=\"_5mfr\"><span class=\"_6qdm\"><span class=\"text_exposed_show\">\ud83c\udf0e\u00a0S\u00e3o Paulo, SP &#8211; 23.08 \/ 18hrs \/ MASP<br \/>\n\ud83c\udf0e Assis, SP &#8211; 24.08 \/ 14h30 \/ Parque Burac\u00e3o<br \/>\n\ud83c\udf0e Bauru, SP &#8211; 24.08 \/ 15h \/ Bosque da Comunidade<br \/>\n<\/span><\/span><\/span><span class=\"_5mfr\"><span class=\"_6qdm\"><span class=\"text_exposed_show\">\ud83c\udf0e Campinas, SP &#8211; 24.08 \/ 16h \/ Av. Francisco Glic\u00e9rio<br \/>\n\ud83c\udf0e Ilhabela, SP &#8211; 26.08 \/ 16h \/ Pra\u00e7a Alan Kardec (Barra Velha)<br \/>\n\ud83c\udf0e Jacare\u00ed, SP &#8211; 24.08 \/ 13h \/ Pra\u00e7a Raul Chaves<br \/>\n\ud83c\udf0e Mar\u00edlia, SP &#8211; 24.08 \/ 10h \/ Represa Cascata<br \/>\n\ud83c\udf0e Piracicaba, SP &#8211; 25.08 \/15h \/ Pra\u00e7a Jos\u00e9 Bonif\u00e1cio<br \/>\n<\/span><span class=\"text_exposed_show\">\ud83c\udf0e Ribeir\u00e3o Preto, SP &#8211; 24.08 \/ 14 h \/ Em frente \u00e0 Esplanada do Theatro Pedro II<br \/>\n\ud83c\udf0e\u00a0S\u00e3o Carlos, SP &#8211; 24.08 \/ 15h \/ Pra\u00e7a S\u00e3o Benedito<br \/>\n<\/span><\/span><\/span><span class=\"_5mfr\"><span class=\"_6qdm\"><span class=\"text_exposed_show\">\ud83c\udf0e Santo Andr\u00e9, SP &#8211; 31.08 \/ 12h \/ Prefeitura<br \/>\n<\/span><\/span><\/span><span class=\"_5mfr\"><span class=\"_6qdm\"><span class=\"text_exposed_show\">\ud83c\udf0e Sorocaba, SP &#8211; 24.08 \/ 15h \/ Pra\u00e7a Coronel Fernando Prestes<br \/>\n\ud83c\udf0e S\u00e3o Jos\u00e9 do Rio Preto, SP &#8211; 25.08 \/ 9h \/ Anfiteatro da Represa<br \/>\n\ud83c\udf0e Santos, SP &#8211; 23.08 \/ 18h \/ Pra\u00e7a das Bandeiras<br \/>\n<\/span><\/span><\/span><span class=\"_5mfr\"><span class=\"_6qdm\">\ud83c\udf0e\u00a0Rio de Janeiro, RJ &#8211; 23.08 \/ 17h \/ Cinel\u00e2ndia<br \/>\n<\/span><\/span><span class=\"_5mfr\"><span class=\"_6qdm\"><span class=\"text_exposed_show\">\ud83c\udf0e\u00a0Rio de Janeiro, RJ &#8211; 25.08 \/ 14h \/ Praia de Ipanema<br \/>\n\ud83c\udf0e Rio das ostras, RJ &#8211; 23.08 \/ 17h \/ Pra\u00e7a Jos\u00e9 Pereira C\u00e2mara<br \/>\n\ud83c\udf0e Maca\u00e9, RJ &#8211; 24.08 \/ 9h30 \/ Praia de Cavaleiros<br \/>\n<\/span><\/span><\/span><span class=\"_5mfr\"><span class=\"_6qdm\"><span class=\"text_exposed_show\">\ud83c\udf0e\u00a0Belo Horizonte, MG &#8211; 25.08 \/ 10h \/ Pra\u00e7a do Papa<br \/>\n\ud83c\udf0e Juiz de Fora, MG &#8211; 24.08 \/ 16h \/ Pq Halfeld<br \/>\n\ud83c\udf0e Montes Claros, MG &#8211; 24.08 \/ 13h \/ Parque Dr Carlos Versiani<br \/>\n\ud83c\udf0e Uberaba, MG &#8211; 24.08 \/ 16h \/ Pra\u00e7a Rui Barbosa<br \/>\n\ud83c\udf0e Uberl\u00e2ndia, MG &#8211; 24.08 \/ 16h \/Pra\u00e7a Ismene Mendes<br \/>\n\ud83c\udf0e Vit\u00f3ria, ES &#8211; 23.08 \/ 17h \/ Pra\u00e7a do Papa<\/span><\/span><\/span><\/p>\n<h6><span class=\"_5mfr\"><span class=\"_6qdm\"><span class=\"text_exposed_show\">SUL<\/span><\/span><\/span><\/h6>\n<p><span class=\"text_exposed_show\"><span class=\"_5mfr\"><span class=\"_6qdm\">\ud83c\udf0e<\/span><\/span>\u00a0Porto Alegre, RS &#8211; 24.08 \/ 15h \/ Parque Farroupilha<br \/>\n<span class=\"_5mfr\"><span class=\"_6qdm\">\ud83c\udf0e Canoas, RS &#8211; 24.08 \/ 9h \/ Cal\u00e7ad\u00e3o &#8211; Centro<br \/>\n\ud83c\udf0e Caxias do Sul, RS &#8211; 24.08 \/ 16h \/ Pra\u00e7a Dante Aliguieri<br \/>\n\ud83c\udf0e Erechim, RS &#8211; 23.08 \/ 17h \/ Pra\u00e7a da Bandeira<br \/>\n\ud83c\udf0e Imb\u00e9 &#8211; Litoral Norte, RS -24.08 \/14h \/ Lago Bra\u00e7o Morto<br \/>\n\ud83c\udf0e Santa Maria, RS &#8211; 25.08 \/ 16h \/ Pra\u00e7a Saldanha Marinho<br \/>\n\ud83c\udf0e Santo Angelo, RS &#8211; 24.08 \/ 16h30 \/ Pra\u00e7a do Brique<\/span><\/span><br \/>\n<\/span><span class=\"text_exposed_show\"><span class=\"_5mfr\"><span class=\"_6qdm\">\ud83c\udf0e<\/span><\/span>\u00a0Atalanta, SC &#8211; 23.08 \/ 9h \/ Col\u00e9gio Dr. Frederico Rolla<br \/>\n<span class=\"_5mfr\"><span class=\"_6qdm\">\ud83c\udf0e<\/span><\/span>\u00a0Balne\u00e1rio Cambori\u00fa, SC &#8211; 24.08 \/ 14h \/ Pra\u00e7a Tamandar\u00e9<br \/>\n<span class=\"_5mfr\"><span class=\"_6qdm\">\ud83c\udf0e<\/span><\/span>\u00a0Blumenau, SC &#8211; 24.08 \/ 15h \/ Pra\u00e7a Victor Konder<br \/>\n<span class=\"_5mfr\"><span class=\"_6qdm\">\ud83c\udf0e<\/span><\/span>\u00a0Chapec\u00f3, SC &#8211; 24.08 \/ 15h \/ P\u00e7 Coronel Bertaso<br \/>\n<span class=\"_5mfr\"><span class=\"_6qdm\">\ud83c\udf0e<\/span><\/span>\u00a0Crici\u00fama, SC &#8211; 24.08 \/ 10h \/ Pra\u00e7a Nereu Ramos<br \/>\n<span class=\"_5mfr\"><span class=\"_6qdm\">\ud83c\udf0e<\/span><\/span>\u00a0Crici\u00fama, SC &#8211; 31.08 \/ 9h30 \/ P\u00e7 Nereu Ramos<br \/>\n<span class=\"_5mfr\"><span class=\"_6qdm\">\ud83c\udf0e<\/span><\/span>\u00a0Florian\u00f3polis, SC &#8211; 26.08 \/ 12h \/ Largo da Catedral<br \/>\n<span class=\"_5mfr\"><span class=\"_6qdm\">\ud83c\udf0e<\/span><\/span>\u00a0Jaragu\u00e1 do Sul, SC &#8211; 24.08 \/ 15h \/ Museu da Paz<br \/>\n<span class=\"_5mfr\"><span class=\"_6qdm\">\ud83c\udf0e<\/span><\/span>\u00a0Joinville, SC &#8211; 24.08 \/ 15h \/ Pra\u00e7a da Bandeira<br \/>\n<span class=\"_5mfr\"><span class=\"_6qdm\">\ud83c\udf0e<\/span><\/span>\u00a0Joinville, SC &#8211; 25.08 \/ 15h \/ Museu de Arte de Joinville<br \/>\n<\/span><span class=\"text_exposed_show\"><span class=\"_5mfr\"><span class=\"_6qdm\">\ud83c\udf0e<\/span><\/span> Curitiba, PR &#8211; 23.08 \/ 17h30 \/ Pra\u00e7a da Mulher Nua<br \/>\n<\/span><span class=\"text_exposed_show\"><span class=\"_5mfr\"><span class=\"_6qdm\">\ud83c\udf0e<\/span><\/span> Foz do Igua\u00e7u, PR &#8211; 24.08 \/ 10h \/ Centro de Visitantes do Parque Nacional do Igua\u00e7u<br \/>\n<\/span><span class=\"text_exposed_show\"><span class=\"_5mfr\"><span class=\"_6qdm\">\ud83c\udf0e<\/span><\/span> Londrina, PR &#8211; 24.08 \/ 13h \/ Cal\u00e7ad\u00e3o de Londrina<\/span><\/p>\n<h6>CENTRO-OESTE<\/h6>\n<p><span class=\"_5mfr\"><span class=\"_6qdm\">\ud83c\udf0e<\/span><\/span> Bras\u00edlia, DF &#8211; 23.08 \/ 17hrs \/ Rodovi\u00e1ria do Plano (marcha para a Esplanada at\u00e9 o Minist\u00e9rio do Meio Ambiente)<br \/>\n<span class=\"text_exposed_show\"><span class=\"_5mfr\"><span class=\"_6qdm\">\ud83c\udf0e<\/span><\/span>\u00a0An\u00e1polis, GO &#8211; 25.08 \/ 10h \/ Em frente ao Terminal Urbano &#8211; Centro<br \/>\n<span class=\"_5mfr\"><span class=\"_6qdm\">\ud83c\udf0e<\/span><\/span>\u00a0Goi\u00e2nia, GO &#8211; 23.08 \/ 14h \/ Pra\u00e7a C\u00edvica<br \/>\n<span class=\"_5mfr\"><span class=\"_6qdm\">\ud83c\udf0e<\/span><\/span>\u00a0Goi\u00e2nia, GO &#8211; 24.08 \/ 14h \/ Vaca Brava<br \/>\n<span class=\"_5mfr\"><span class=\"_6qdm\">\ud83c\udf0e<\/span><\/span> Campo Grande, MS &#8211; 24.08 \/ 13 hrs \/ Av. Afonso Pena<\/span><br \/>\n<span class=\"_5mfr\"><span class=\"_6qdm\">\ud83c\udf0e<\/span><\/span>\u00a0Campo Grande, MS &#8211; 24.08 \/ 13h \/ Av. Afonso Pena<br \/>\n<span class=\"_5mfr\"><span class=\"_6qdm\">\ud83c\udf0e<\/span><\/span>\u00a0Corumb\u00e1, MS &#8211; 25.08 \/ 16h \/ Muphan (Porto Geral)<br \/>\n<span class=\"text_exposed_show\"><span class=\"_5mfr\"><span class=\"_6qdm\">\ud83c\udf0e<\/span><\/span> Cuiab\u00e1, MT &#8211; 24.08 \/ 16 hrs \/ Pra\u00e7a Alencastro<\/span><\/p>\n<h6>NORDESTE<\/h6>\n<p><span class=\"text_exposed_show\"><span class=\"_5mfr\"><span class=\"_6qdm\">\ud83c\udf0e<\/span><\/span>\u00a0Salvador, BA &#8211; 23.08 \/ 14h \/ Pelourinho<br \/>\n<span class=\"_5mfr\"><span class=\"_6qdm\">\ud83c\udf0e Arraial D&#8217;Ajuda, BA &#8211; 25.08 \/15h \/ Pra\u00e7a da Igreja Nossa Senhora d&#8217;Ajuda<\/span><\/span><br \/>\n<\/span><span class=\"text_exposed_show\"><span class=\"_5mfr\"><span class=\"_6qdm\">\ud83c\udf0e\u00a0Aracaju, SE &#8211; 24.08 \/ 15h \/ P\u00e7 General Valad\u00e3o<br \/>\n\ud83c\udf0e\u00a0Macei\u00f3, AL &#8211; 24.08 \/ 14h \/ Orla<br \/>\n\ud83c\udf0e\u00a0Recife, PE &#8211; 24.08 \/ 14h \/ Rua da Aurora<br \/>\n\ud83c\udf0e\u00a0Natal, RN &#8211; 24.08 \/ 15hrs \/ Midway<br \/>\n\ud83c\udf0e\u00a0Mossor\u00f3, RN &#8211; 24.08 \/ 16h \/ Memorial da Resist\u00eancia<br \/>\n\ud83c\udf0e Fortaleza, CE &#8211; 24.08 \/ 16h \/ Pra\u00e7a Portugal<br \/>\n\ud83c\udf0e Jericoacoara, CE &#8211; 24.08 \/ 15h30 \/ Pra\u00e7a Principal<br \/>\n\ud83c\udf0e<\/span><\/span>\u00a0Juazeiro do Norte, CE &#8211; 23.08 \/ 17h \/ Pra\u00e7a do Giradouro<br \/>\n<span class=\"_5mfr\"><span class=\"_6qdm\">\ud83c\udf0e<\/span><\/span>\u00a0S\u00e3o Luis, MA &#8211; 24.08 \/ 15 hrs \/ Pra\u00e7a Deodoro<br \/>\n<span class=\"_5mfr\"><span class=\"_6qdm\">\ud83c\udf0e<\/span><\/span>\u00a0Jo\u00e3o Pessoa, PB &#8211; 24.08 \/ 15h \/ Praia do Cabo Branco<br \/>\n<span class=\"_5mfr\"><span class=\"_6qdm\">\ud83c\udf0e<\/span><\/span>\u00a0Jo\u00e3o Pessoa, PB &#8211; 25.08 \/ 15h \/ Busto de Tamandar\u00e9<br \/>\n<span class=\"_5mfr\"><span class=\"_6qdm\">\ud83c\udf0e<\/span><\/span>\u00a0Campina Grande, PB &#8211; 25.08 \/ 10h \/ Pra\u00e7a da Bandeira<br \/>\n<span class=\"_5mfr\"><span class=\"_6qdm\">\ud83c\udf0e<\/span><\/span>\u00a0Recife, PE &#8211; 24.08 \/ 14h \/ Rua da Aurora<br \/>\n<span class=\"_5mfr\"><span class=\"_6qdm\">\ud83c\udf0e<\/span><\/span>\u00a0Floresta, PE &#8211; 25.08 \/ 05:30 \/ Concentra\u00e7\u00e3o enfrente ao posto Compare<br \/>\n<span class=\"_5mfr\"><span class=\"_6qdm\">\ud83c\udf0e<\/span><\/span> Bel\u00e9m do S\u00e3o Francisco, PE &#8211; 25.08 \/ 12h30 \/ Em frente ao batalh\u00e3o da PM<br \/>\n<\/span><\/p>\n<h6><span class=\"text_exposed_show\">NORTE<\/span><\/h6>\n<p><span class=\"text_exposed_show\"><span class=\"_5mfr\"><span class=\"_6qdm\">\ud83c\udf0e\u00a0Bel\u00e9m, PA &#8211; 24.08 \/ 8h \/ Pra\u00e7a da Rep\u00fablica<br \/>\n\ud83c\udf0e\u00a0Santar\u00e9m, PA &#8211; 31.08 \/ 17h \/ Pc S\u00e3o Sebasti\u00e3o<br \/>\n<\/span><\/span><\/span><span class=\"text_exposed_show\"><span class=\"_5mfr\"><span class=\"_6qdm\">\ud83c\udf0e<\/span><\/span>\u00a0Manaus, AM &#8211; 24.08 \/ 10h \/ Pra\u00e7a do Congresso<br \/>\n<span class=\"_5mfr\"><span class=\"_6qdm\">\ud83c\udf0e<\/span><\/span>\u00a0Palmas, TO &#8211; 24.08 \/ Pra\u00e7a Girass\u00f3is<br \/>\n<span class=\"_5mfr\"><span class=\"_6qdm\">\ud83c\udf0e<\/span><\/span>\u00a0Cruzeiro do Sul, AC &#8211; 23.08 \/ 17h \/ Em frente a Catedral Nossa Senhora da Gl\u00f3ria.<br \/>\n<span class=\"_5mfr\"><span class=\"_6qdm\">\ud83c\udf0e<\/span><\/span>\u00a0Macap\u00e1, AP &#8211; 24.08 \/ 10h \/ Quadra Jesus de Nazar\u00e9<br \/>\n<span class=\"_5mfr\"><span class=\"_6qdm\">\ud83c\udf0e<\/span><\/span>\u00a0S\u00e3o Luis, MA &#8211; 24.08 \/ 15h \/ Pra\u00e7a Deodoro<br \/>\n<\/span><span class=\"_5mfr\"><span class=\"_6qdm\">\ud83c\udf0e<\/span><\/span>\u00a0Porto Velho, RO &#8211; 25.08 \/ 15h \/ Tr\u00eas Caixas d\u00b4\u00c1gua<br \/>\n<span class=\"_5mfr\"><span class=\"_6qdm\">\ud83c\udf0e<\/span><\/span>\u00a0Boa Vista, RR &#8211; 24.08 \/ 15h30 \/ Parque Anau\u00e3<\/p>\n<h6><span class=\"text_exposed_show\"><span class=\"_5mfr\"><span class=\"_6qdm\">MUNDO \ud83c\udf0e<\/span><\/span><span class=\"_5mfr\"><span class=\"_6qdm\">\ud83c\udf0e<\/span><\/span><span class=\"_5mfr\"><span class=\"_6qdm\">\ud83c\udf0e<\/span><\/span><span class=\"_5mfr\"><span class=\"_6qdm\">\ud83c\udf0e<\/span><\/span><span class=\"_5mfr\"><span class=\"_6qdm\">\ud83c\udf0e<\/span><\/span><\/span><\/h6>\n<p><span class=\"_5mfr\"><span class=\"_6qdm\">\ud83c\udde9\ud83c\uddea<\/span><\/span>\u00a0Berlim, Alemanha &#8211; 23.08 \/ 18h \/ Consulado Geral Brasileiro<br \/>\n<span class=\"_5mfr\"><span class=\"_6qdm\">\ud83c\udde9\ud83c\uddea<\/span><\/span>\u00a0Berlim, Alemanha &#8211; 25.08 \/ 12h \/ Embaixada do Brasil<br \/>\n<span class=\"_5mfr\"><span class=\"_6qdm\">\ud83c\udde9\ud83c\uddea<\/span><\/span>\u00a0Berlim, Alemanha &#8211; 10.09 \/ 19h \/ Lenaustr Ref\u00fagio Caf\u00e9<br \/>\n<span class=\"_5mfr\"><span class=\"_6qdm\">\ud83c\udde9\ud83c\uddea<\/span><\/span>\u00a0Berlim, Alemanha &#8211; 15.10 \/ 19h \/ Lenaustr Ref\u00fagio Caf\u00e9<br \/>\n<span class=\"_5mfr\"><span class=\"_6qdm\">\ud83c\udde9\ud83c\uddea<\/span><\/span>\u00a0Cologne, Alemanha &#8211; 25.08 \/ 13h \/ Kolner Dom<br \/>\n<span class=\"_5mfr\"><span class=\"_6qdm\">\ud83c\udde9\ud83c\uddea<\/span><\/span>\u00a0Darmstadt, Alemanha &#8211; 24.08 \/ 14h \/ Luisenplatz<br \/>\n<span class=\"_5mfr\"><span class=\"_6qdm\">\ud83c\udde9\ud83c\uddea<\/span><\/span>\u00a0D\u00fcsseldorf, Alemanha \u2013 23.08 \/ 11h \/ Burgplatz<br \/>\n<span class=\"_5mfr\"><span class=\"_6qdm\">\ud83c\udde9\ud83c\uddea<\/span><\/span>\u00a0Frankfurt, Alemanha &#8211; 31.08 \/12h \/ Brockhaus Brunnen<br \/>\n<span class=\"_5mfr\"><span class=\"_6qdm\">\ud83c\udde9\ud83c\uddea<\/span><\/span>\u00a0Friburgo, Alemanha \u2013 23.08 \/14h \/ Sinagoga de Platz der Alten<br \/>\n<span class=\"_5mfr\"><span class=\"_6qdm\">\ud83c\udde9\ud83c\uddea<\/span><\/span>\u00a0Kempten, Alemanha &#8211; 23.08 \/ 13h \/ St. George\u00b4s Hall<br \/>\n<span class=\"_5mfr\"><span class=\"_6qdm\">\ud83c\udde9\ud83c\uddea<\/span><\/span>\u00a0Saarlouis, Alemanha \u2013 23.08 \/ 16h \/ Bahnhofstra\u00dfe<br \/>\n<span class=\"_5mfr\"><span class=\"_6qdm\">\ud83c\udde9\ud83c\uddea<\/span><\/span>\u00a0Stuttgart, Alemanha \u2013 23.08 \/ 12h \/ Schlossplatz<br \/>\n<span class=\"_5mfr\"><span class=\"_6qdm\">\ud83c\udde9\ud83c\uddea<\/span><\/span>\u00a0Winsen, Alemanha \u2013 23.08 \/ 14h \/ C\u00e2mara Municipal de Winsen<br \/>\n<span class=\"_5mfr\"><span class=\"_6qdm\">\ud83c\udde6\ud83c\uddf7<\/span><\/span>\u00a0Buenos Aires, Argentina &#8211; 23.08 \/ 16h \/ Embaixada do Brasil<br \/>\n<span class=\"_5mfr\"><span class=\"_6qdm\">\ud83c\udde6\ud83c\uddfa<\/span><\/span>\u00a0Geelong, Austr\u00e1lia \u2013 23.08 \/ 11h \/ City Hall, Geelong \u2013 Victoria<br \/>\n<span class=\"_5mfr\"><span class=\"_6qdm\">\ud83c\udde6\ud83c\uddfa<\/span><\/span>\u00a0Sydney, Austr\u00e1lia &#8211; 25.08 \/ 11h \/ Sydney City<br \/>\n<span class=\"_5mfr\"><span class=\"_6qdm\">\ud83c\udde6\ud83c\uddfa<\/span><\/span>\u00a0Wagga Wagga, Austr\u00e1lia \u2013 23.08 \/ 9:30h \/ 11-15 Fitzmaurice St, Wagga Wagga, NSW, 2650, Australia<br \/>\n<span class=\"_5mfr\"><span class=\"_6qdm\">\ud83c\udde6\ud83c\uddfa<\/span><\/span>\u00a0Melbourne, Austr\u00e1lia &#8211; 25\/08 \/ 10h \/ Federation Square<br \/>\n<span class=\"_5mfr\"><span class=\"_6qdm\">\ud83c\udde6\ud83c\uddf9<\/span><\/span>\u00a0Viena, \u00c1ustria &#8211; 27.08 \/ 17h \/ Embaixada do Brasil<br \/>\n<span class=\"_5mfr\"><span class=\"_6qdm\">\ud83c\udf41<\/span><\/span>\u00a0Ontario, Canad\u00e1 \u2013 23.08 \/ 6h \/ Benson Park, Ross Street<br \/>\n<span class=\"_5mfr\"><span class=\"_6qdm\">\ud83c\udde8\ud83c\uddf4<\/span><\/span>\u00a0Bogot\u00e1, Col\u00f4mbia &#8211; 23.08 \/ 12h30 \/ Embaixada do Brasil<br \/>\n<span class=\"_5mfr\"><span class=\"_6qdm\">\ud83c\udde8\ud83c\uddf7<\/span><\/span>\u00a0San Jose, Costa Rica &#8211; 23.08 \/ 16h \/ Embaixada do Brasil<br \/>\n<span class=\"_5mfr\"><span class=\"_6qdm\">\ud83c\uddf2\ud83c\uddfd<\/span><\/span>\u00a0Cidade do M\u00e9xico, M\u00e9xico \u2013 23.08 \/ 4h \/ Embaixada do Brasil &#8211; Lope de Armend\u00e1riz 130, Col. Lomas Virreyes, Miguel Hidalgo<br \/>\n<span class=\"_5mfr\"><span class=\"_6qdm\">\ud83c\uddf2\ud83c\uddfd<\/span><\/span>\u00a0Ciudad de M\u00e9xico, M\u00e9xico &#8211; 25.08 \/ 11h \/ Mon Angel de la Independencia<br \/>\n<span class=\"_5mfr\"><span class=\"_6qdm\">\ud83c\udde9\ud83c\uddf0<\/span><\/span>\u00a0Copenhagen, Dinamarca &#8211; 23.08 \/ 11h \/ Jens Kofods Gade 1<br \/>\n<span class=\"_5mfr\"><span class=\"_6qdm\">\ud83c\uddea\ud83c\udde8<\/span><\/span>\u00a0Quito, Equador &#8211; 23.08 \/ 14h \/ Embaixada do Brasil<br \/>\n<span class=\"_5mfr\"><span class=\"_6qdm\">\ud83c\udff4\udb40\udc67\udb40\udc62\udb40\udc73\udb40\udc63\udb40\udc74\udb40\udc7f<\/span><\/span>\u00a0Edimburgo, Esc\u00f3cia \u2013 23.08 \/ 6h \/ Hillside Crescent, 35<br \/>\n<span class=\"_5mfr\"><span class=\"_6qdm\">\ud83c\uddea\ud83c\uddf8<\/span><\/span>\u00a0Barcelona, Espanha \u2013 23.08 \/ 14h \/ Consulado do Brasil &#8211; Av.Diagonal 468<br \/>\n<span class=\"_5mfr\"><span class=\"_6qdm\">\ud83c\uddea\ud83c\uddf8<\/span><\/span>\u00a0Barcelona, Espanha &#8211; 07.09 \/ 18h \/ Plaza Sant Jaume<br \/>\n<span class=\"_5mfr\"><span class=\"_6qdm\">\ud83c\uddea\ud83c\uddf8<\/span><\/span>\u00a0Igualada, Espanha \u2013 23.08 \/ 18h \/ Pla\u00e7a de l&#8217;Ajuntament &#8211; Pla\u00e7a de l&#8217;Ajuntament, 1, 08700<br \/>\n<span class=\"_5mfr\"><span class=\"_6qdm\">\ud83c\uddea\ud83c\uddf8<\/span><\/span>\u00a0Madrid, Espanha &#8211; 23.08 \/ 12h \/ Embaixada do Brasil<br \/>\n<span class=\"_5mfr\"><span class=\"_6qdm\">\ud83c\uddea\ud83c\uddf8<\/span><\/span>\u00a0Madri, Espanha \u2013 23.08 \/ 12h \/ Calle de Fernando el Santo, 6, 28010<br \/>\n<span class=\"_5mfr\"><span class=\"_6qdm\">\ud83c\uddea\ud83c\uddf8<\/span><\/span>\u00a0Pamplona, Espanha \u2013 23.08 \/ 17:30h \/ Plaza del Castillo<br \/>\n<span class=\"_5mfr\"><span class=\"_6qdm\">\ud83c\uddea\ud83c\uddf8<\/span><\/span>\u00a0Salamanca, Espanha \u2013 23.08 \/ 19h \/ Plaza Mayor &#8211; Plaza Mayor, s\/n, 37002<br \/>\n<span class=\"_5mfr\"><span class=\"_6qdm\">\ud83c\uddea\ud83c\uddf8<\/span><\/span>\u00a0Sevilha, Espanha \u2013 23.08 \/ 12h \/ Consulado Brasileiro &#8211; Calle Orfila 11, Sevilla<br \/>\n<span class=\"_5mfr\"><span class=\"_6qdm\">\ud83c\uddfa\ud83c\uddf8<\/span><\/span>\u00a0Los Angeles, EUA &#8211; 23.08 \/ 11h \/ Consulado do Brasil<br \/>\n<span class=\"_5mfr\"><span class=\"_6qdm\">\ud83c\uddfa\ud83c\uddf8<\/span><\/span>\u00a0Nova York, EUA \u2013 23.08 \/ 11h \/ Consulado Brasileiro &#8211; 225 E 41st St, New York, 10017<br \/>\n<span class=\"_5mfr\"><span class=\"_6qdm\">\ud83c\uddfa\ud83c\uddf8<\/span><\/span>\u00a0New York, EUA &#8211; 24.08 \/ 13h \/ Bryant Park<br \/>\n<span class=\"_5mfr\"><span class=\"_6qdm\">\ud83c\uddeb\ud83c\uddf7<\/span><\/span>\u00a0La Rochelle, Fran\u00e7a \u2013 23.08 \/ 13h \/ Place de Verdun<br \/>\n<span class=\"_5mfr\"><span class=\"_6qdm\">\ud83c\uddeb\ud83c\uddf7<\/span><\/span>\u00a0Lausanne, Fran\u00e7a &#8211; 23.08 \/ 17h \/ Consulado do Brasil<br \/>\n<span class=\"_5mfr\"><span class=\"_6qdm\">\ud83c\uddeb\ud83c\uddf7<\/span><\/span>\u00a0Marselha, Fran\u00e7a &#8211; 07.09 \/ 15h \/ Vieux Port<br \/>\n<span class=\"_5mfr\"><span class=\"_6qdm\">\ud83c\uddeb\ud83c\uddf7<\/span><\/span>\u00a0Paris, Fran\u00e7a \u2013 23.08 \/ 14h \/ Embaixada do Brasil<br \/>\n<span class=\"_5mfr\"><span class=\"_6qdm\">\ud83c\uddeb\ud83c\uddf7<\/span><\/span>\u00a0Paris, Fran\u00e7a \u2013 21.09 \/ 14h \/ Embaixada do Brasil<br \/>\n<span class=\"_5mfr\"><span class=\"_6qdm\">\ud83c\uddec\ud83c\uddf9<\/span><\/span>\u00a0Cidade da Guatemala, Guatemala \u2013 23.08 \/ 12:30h \/ 2 Avenida 20-13, Guatemala<br \/>\n<span class=\"_5mfr\"><span class=\"_6qdm\">\ud83c\uddec\ud83c\uddf9<\/span><\/span>\u00a0Guate, Guatemala &#8211; 23.08 \/ 12h30 \/ Embaixada do Brasil<br \/>\n<span class=\"_5mfr\"><span class=\"_6qdm\">\ud83c\uddec\ud83c\uddf7<\/span><\/span>\u00a0Atenas, Gr\u00e9cia \u2013 23.08 \/ 00h \/ Vassilissis Sofias Avenue, 23<br \/>\n<span class=\"_5mfr\"><span class=\"_6qdm\">\ud83c\uddec\ud83c\uddf7<\/span><\/span>\u00a0Preveza, Gr\u00e9cia \u2013 23.08 \/ 10h \/ municipality building<br \/>\n<span class=\"_5mfr\"><span class=\"_6qdm\">\ud83c\udded\ud83c\uddfa<\/span><\/span>\u00a0Budapeste, Hungria &#8211; 23.08 \/ 17h \/ Embaixada do Brasil<br \/>\n<span class=\"_5mfr\"><span class=\"_6qdm\">\ud83c\uddee\ud83c\uddf3<\/span><\/span>\u00a0New Delhi, \u00cdndia \u2013 23.08 \/ 11h \/ Embaixada do Brasil \u2013 08, Aurangzeb Road, New Delhi, 110011<br \/>\n<span class=\"_5mfr\"><span class=\"_6qdm\">\ud83c\uddec\ud83c\udde7<\/span><\/span>\u00a0Londres, Reino Unido &#8211; 23.08 \/ 11h \/ Embaixada do Brasil<br \/>\n<span class=\"_5mfr\"><span class=\"_6qdm\">\ud83c\uddec\ud83c\udde7<\/span><\/span>\u00a0Bristol, Reino Unido &#8211; 07.09 \/ 15h \/ College Green &#8211; Bristol City Centre<br \/>\n<span class=\"_5mfr\"><span class=\"_6qdm\">\ud83c\uddec\ud83c\udde7<\/span><\/span>\u00a0Mansfield, Reino Unido \u2013 23.08 \/ 8h \/ 8 Peafield lane<br \/>\n<span class=\"_5mfr\"><span class=\"_6qdm\">\ud83c\uddee\ud83c\uddf9<\/span><\/span>\u00a0Asti, It\u00e1lia \u2013 23.08 \/ 17h \/ Piazza San Secondo<br \/>\n<span class=\"_5mfr\"><span class=\"_6qdm\">\ud83c\uddee\ud83c\uddf9<\/span><\/span>\u00a0Bari, It\u00e1lia \u2013 23.08 \/ 16h \/ Consulado Brasileiro &#8211; Via Dalmazia, 159D, 70121<br \/>\n<span class=\"_5mfr\"><span class=\"_6qdm\">\ud83c\uddee\ud83c\uddf9<\/span><\/span>\u00a0Br\u00e9scia, It\u00e1lia \u2013 23.08 \/ 17h \/ Corso Zanardelli<br \/>\n<span class=\"_5mfr\"><span class=\"_6qdm\">\ud83c\uddee\ud83c\uddf9<\/span><\/span>\u00a0Cesena, It\u00e1lia \u2013 23.08 \/ 9:30h \/ Piazza Giovanni Paolo II n\u00b011<br \/>\n<span class=\"_5mfr\"><span class=\"_6qdm\">\ud83c\uddee\ud83c\uddf9<\/span><\/span>\u00a0Cesena, It\u00e1lia \u2013 23.08 \/ 10:56h \/ Via del torrente<br \/>\n<span class=\"_5mfr\"><span class=\"_6qdm\">\ud83c\uddee\ud83c\uddf9<\/span><\/span>\u00a0Cat\u00e2nia, It\u00e1lia \u2013 23.08 \/ 17:30h \/ Piazza Stesicoro<br \/>\n<span class=\"_5mfr\"><span class=\"_6qdm\">\ud83c\uddee\ud83c\uddf9<\/span><\/span>\u00a0Floren\u00e7a, It\u00e1lia \u2013 23.08 \/ 18:30h \/ Consulado do Brasil<br \/>\n<span class=\"_5mfr\"><span class=\"_6qdm\">\ud83c\uddee\ud83c\uddf9<\/span><\/span>\u00a0Floren\u00e7a, It\u00e1lia \u2013 23.08 \/ 18:30h \/ Embaixada do Brasil<br \/>\n<span class=\"_5mfr\"><span class=\"_6qdm\">\ud83c\uddee\ud83c\uddf9<\/span><\/span>\u00a0Genova, It\u00e1lia \u2013 23.08 \/ 17:30h \/ Piazza De Ferrari &#8211; Piazza Raffaele de Ferrari, 16121<br \/>\n<span class=\"_5mfr\"><span class=\"_6qdm\">\ud83c\uddee\ud83c\uddf9<\/span><\/span>\u00a0Mil\u00e3o, It\u00e1lia \u2013 23.08 \/ 10h \/ Consulado Brasileiro &#8211; Corso Europa, 12, 20122<br \/>\n<span class=\"_5mfr\"><span class=\"_6qdm\">\ud83c\uddee\ud83c\uddf9<\/span><\/span>\u00a0Napoli, It\u00e1lia \u2013 23.08 \/ 9h \/ Via Francesco Giordani, 23<br \/>\n<span class=\"_5mfr\"><span class=\"_6qdm\">\ud83c\uddee\ud83c\uddf9<\/span><\/span>\u00a0Napoli, It\u00e1lia \u2013 23.08 \/ 18h \/ Consulado Brasileiro &#8211; Via Francesco Giordani, 23, 80122<br \/>\n<span class=\"_5mfr\"><span class=\"_6qdm\">\ud83c\uddee\ud83c\uddf9<\/span><\/span>\u00a0P\u00e1dua, It\u00e1lia \u2013 23.08 \/ 17h \/ Palazzo Moroni &#8211; Via VIII Febbraio, 8, 35122<br \/>\n<span class=\"_5mfr\"><span class=\"_6qdm\">\ud83c\uddee\ud83c\uddf9<\/span><\/span>\u00a0Palermo, It\u00e1lia \u2013 23.08 \/ 18h \/ Piazza Verdi<br \/>\n<span class=\"_5mfr\"><span class=\"_6qdm\">\ud83c\uddee\ud83c\uddf9<\/span><\/span>\u00a0Parma, It\u00e1lia \u2013 23.08 \/ 18:30h \/ Garibaldi Square<br \/>\n<span class=\"_5mfr\"><span class=\"_6qdm\">\ud83c\uddee\ud83c\uddf9<\/span><\/span>\u00a0Pistoia, It\u00e1lia \u2013 23.08 \/ 15:28h \/ Vicolo dei Pazzi, 2 \u2013 51100<br \/>\n<span class=\"_5mfr\"><span class=\"_6qdm\">\ud83c\uddee\ud83c\uddf9<\/span><\/span>\u00a0Roma, It\u00e1lia \u2013 23.08 \/ 18h \/ Piazza della Rotonda<br \/>\n<span class=\"_5mfr\"><span class=\"_6qdm\">\ud83c\uddee\ud83c\uddf9<\/span><\/span>\u00a0S\u00e1ssari, It\u00e1lia \u2013 23.08 \/ 17:09h \/ Via Torre Tonda &#8211; Via Torre Tonda, 07100, Sassari, Sardenha<br \/>\n<span class=\"_5mfr\"><span class=\"_6qdm\">\ud83c\uddee\ud83c\uddf9<\/span><\/span>\u00a0Turim, It\u00e1lia &#8211; 23.08 \/ 17h \/ Piazza Castello<br \/>\n<span class=\"_5mfr\"><span class=\"_6qdm\">\ud83c\uddee\ud83c\uddf9<\/span><\/span>\u00a0\u00dadine, It\u00e1lia \u2013 23.08 \/ 18h \/ Piazza Matteotti &#8211; Piazza Giacomo Matteotti, 24A, 33100<br \/>\n<span class=\"_5mfr\"><span class=\"_6qdm\">\ud83c\uddee\ud83c\uddf9<\/span><\/span>\u00a0Vale do Aosta, It\u00e1lia \u2013 23.08 \/ 15h \/ Aosta<br \/>\n<span class=\"_5mfr\"><span class=\"_6qdm\">\ud83c\uddee\ud83c\uddf1<\/span><\/span>\u00a0Tel Aviv, Israel \u2013 23.08 \/ 12h \/ Yehuda ha-Levu st 23, Tel Aviv- Yafo<br \/>\n<span class=\"_5mfr\"><span class=\"_6qdm\">\ud83c\uddee\ud83c\uddf7<\/span><\/span>\u00a0Teer\u00e3, Ir\u00e3 \u2013 23.08 \/ 17h \/ Embaixada do Brasil &#8211; Tehran Province, Tehran, District 1, Yekta<br \/>\n<span class=\"_5mfr\"><span class=\"_6qdm\">\ud83c\uddee\ud83c\uddea<\/span><\/span>\u00a0Cork, Irlanda \u2013 23.08 \/ 12h \/ Gratten Court, Washington Street<br \/>\n<span class=\"_5mfr\"><span class=\"_6qdm\">\ud83c\uddee\ud83c\uddea<\/span><\/span>\u00a0Dublin, Irlanda \u2013 23.08 \/ 15h \/ Embaixada Brasileira &#8211; Block 8, Harcourt Centre, Charlotte Way, Saint Kevin&#8217;s<br \/>\n<span class=\"_5mfr\"><span class=\"_6qdm\">\ud83c\uddf1\ud83c\uddf9<\/span><\/span>\u00a0Vilnius, Litu\u00e2nia \u2013 23.08 \/ 12h \/ Jogailos g. 9, Vilnius<br \/>\n<span class=\"_5mfr\"><span class=\"_6qdm\">\ud83c\uddf3\ud83c\uddff<\/span><\/span>\u00a0Wellington, Nova Zel\u00e2ndia &#8211; 06.09 \/ 12:30 \/ Embaixada do Brasil<br \/>\n<span class=\"_5mfr\"><span class=\"_6qdm\">\ud83c\uddf5\ud83c\udde6<\/span><\/span>\u00a0Cidade do Panam\u00e1, Panam\u00e1 &#8211; 23.08 \/ 7h \/ Embaixada do Brasil<br \/>\n<span class=\"_5mfr\"><span class=\"_6qdm\">\ud83c\uddf5\ud83c\uddea<\/span><\/span>\u00a0Arequipa, Peru \u2013 23.08 \/ 6h \/ Plaza de Armas<br \/>\n<span class=\"_5mfr\"><span class=\"_6qdm\">\ud83c\uddf5\ud83c\uddea<\/span><\/span>\u00a0Chicloyo, Lambayeque \u2013 23.08 \/ 6:30h \/ Plazuela Elias Aguierre<br \/>\n<span class=\"_5mfr\"><span class=\"_6qdm\">\ud83c\uddf5\ud83c\uddea<\/span><\/span>\u00a0Comana, Arequipa \u2013 23.08 \/ 6:30h \/ Plaza de Armas<br \/>\n<span class=\"_5mfr\"><span class=\"_6qdm\">\ud83c\uddf5\ud83c\uddea<\/span><\/span>\u00a0Cusco, Peru \u2013 23.08 \/ 14:30h \/ Consulado Honorario de Brasil<br \/>\n<span class=\"_5mfr\"><span class=\"_6qdm\">\ud83c\uddf5\ud83c\uddea<\/span><\/span>\u00a0Huancoyo, Junin \u2013 23.08 \/ 6h \/ Plaza de la Constitucion<br \/>\n<span class=\"_5mfr\"><span class=\"_6qdm\">\ud83c\uddf5\ud83c\uddea<\/span><\/span>\u00a0Iquitos, Loreto \u2013 23.08 \/ 14:30h \/ Consulado do Brasil, Sargento Flores 363<br \/>\n<span class=\"_5mfr\"><span class=\"_6qdm\">\ud83c\uddf5\ud83c\uddea<\/span><\/span>\u00a0Leoncio Prado, Huonuco \u2013 23.08 \/ 16h \/ Frente a la Municipalidad<br \/>\n<span class=\"_5mfr\"><span class=\"_6qdm\">\ud83c\uddf5\ud83c\uddea<\/span><\/span>\u00a0Lima, Peru \u2013 23.08 \/ 14:30h (16h \u2013 \u00daltima Chamada) \/ Frente a Embaixada do Brasil<br \/>\n<span class=\"_5mfr\"><span class=\"_6qdm\">\ud83c\uddf5\ud83c\uddea<\/span><\/span>\u00a0Piura, Piura \u2013 23.08 \/ 6h \/ Plaza de Armas<br \/>\n<span class=\"_5mfr\"><span class=\"_6qdm\">\ud83c\uddf5\ud83c\uddea<\/span><\/span>\u00a0Pucallpa, Ucayali \u2013 23.08 \/ 16h \/ Plaza Mayor<br \/>\n<span class=\"_5mfr\"><span class=\"_6qdm\">\ud83c\uddf5\ud83c\uddea<\/span><\/span>\u00a0Puerto Maldonado, Madre de Dios \u2013 23.08 \/ 17h \/ Plaza de Armas<br \/>\n<span class=\"_5mfr\"><span class=\"_6qdm\">\ud83c\uddf5\ud83c\uddea<\/span><\/span>\u00a0Puno, Puno \u2013 23.08 \/ 9h \/ Parque de la Madre<br \/>\n<span class=\"_5mfr\"><span class=\"_6qdm\">\ud83c\uddf5\ud83c\uddf1<\/span><\/span>\u00a0Crac\u00f3via, Pol\u00f4nia \u2013 23.08 \/ 13h \/ Wroc\u0142awska 53<br \/>\n<span class=\"_5mfr\"><span class=\"_6qdm\">\ud83c\uddf5\ud83c\uddf1<\/span><\/span>\u00a0Crac\u00f3via, Pol\u00f4nia &#8211; 23.08 \/ 16h \/ Rynek Glowny<br \/>\n<span class=\"_5mfr\"><span class=\"_6qdm\">\ud83c\uddf5\ud83c\uddf9<\/span><\/span>\u00a0Lisboa, Portugal &#8211; 23.08 \/ 22h \/ West Pra\u00e7a dos Restauradores<br \/>\n<span class=\"_5mfr\"><span class=\"_6qdm\">\ud83c\uddf5\ud83c\uddf9<\/span><\/span>\u00a0Lisboa, Portugal &#8211; 26.08 \/ 18h \/ Pra\u00e7a Cam\u00f5es<br \/>\n<span class=\"_5mfr\"><span class=\"_6qdm\">\ud83c\uddf5\ud83c\uddf9<\/span><\/span>\u00a0Porto, Portugal &#8211; 24.08 \/ 17h30 \/ Pra\u00e7a dos Le\u00f5es<br \/>\n<span class=\"_5mfr\"><span class=\"_6qdm\">\ud83c\uddf7\ud83c\uddf8<\/span><\/span>\u00a0Belgrado, S\u00e9rvia \u2013 23.08 \/ 23:47h \/ Pan\u010di\u0107eva 4<br \/>\n<span class=\"_5mfr\"><span class=\"_6qdm\">\ud83c\uddf8\ud83c\uddea<\/span><\/span>\u00a0Estocolmo, Suecia &#8211; 23\/08 \/ 12h \/ Mynttorget<br \/>\n<span class=\"_5mfr\"><span class=\"_6qdm\">\ud83c\uddf8\ud83c\uddea<\/span><\/span>\u00a0Falun, Su\u00e9cia \u2013 23.08 \/ 16h \/ Stora torget<br \/>\n<span class=\"_5mfr\"><span class=\"_6qdm\">\ud83c\uddf8\ud83c\uddea<\/span><\/span>\u00a0Gamla Stan, Su\u00e9cia \u2013 23.08 \/ 12:30h \/ Mynttorget<br \/>\n<span class=\"_5mfr\"><span class=\"_6qdm\">\ud83c\udde8\ud83c\udded<\/span><\/span>\u00a0Basileia, Su\u00ed\u00e7a \u2013 23.08 \/ 17h \/ Barf\u00fcsserplatz &#8211; 4051 Basil\u00e9ia, Su\u00ed\u00e7a<br \/>\n<span class=\"_5mfr\"><span class=\"_6qdm\">\ud83c\udde8\ud83c\udded<\/span><\/span>\u00a0Berna, Su\u00ed\u00e7a &#8211; 23.08 \/ 12h \/ Bubenbergplatz<br \/>\n<span class=\"_5mfr\"><span class=\"_6qdm\">\ud83c\udde8\ud83c\udded<\/span><\/span>\u00a0Lausane, Sui\u00e7a \u2013 23.08 \/ 17h \/ Place saint-Fran\u00e7ois<br \/>\n<span class=\"_5mfr\"><span class=\"_6qdm\">\ud83c\udde8\ud83c\udded<\/span><\/span>\u00a0Genebra, Su\u00ed\u00e7a &#8211; 23.08 \/ 12h \/ Consulado do Brasil<br \/>\n<span class=\"_5mfr\"><span class=\"_6qdm\">\ud83c\udde8\ud83c\udded<\/span><\/span>\u00a0Zurique, Su\u00ed\u00e7a &#8211; 23.08 \/ 12h15 \/ Platzpitz Rondell<br \/>\n<span class=\"_5mfr\"><span class=\"_6qdm\">\ud83c\udde8\ud83c\udded<\/span><\/span>\u00a0Genebra, Su\u00ed\u00e7a &#8211; 24.08 \/ 16h30 \/ Sede da ONU<br \/>\n<span class=\"_5mfr\"><span class=\"_6qdm\">\ud83c\uddfa\ud83c\uddfe<\/span><\/span>\u00a0Montevideo, Uruguay &#8211; 23.08 \/ 17h \/ Embaixada do Brasil<\/p>\n<p>&nbsp;<\/p>\n","protected":false},"excerpt":{"rendered":"<p>O pa\u00eds ficou em choque no in\u00edcio desta semana quando grandes cidades do sul e do sudeste viram o dia virar noite de repente. Dados meteorol\u00f3gicos confi\u00e1veis, como da NASA estadunidense, comprovam o aumento das queimadas na Amaz\u00f4nia e em diversas regi\u00f5es do pa\u00eds, assim como a rela\u00e7\u00e3o deste desequil\u00edbrio ambiental com os efeitos clim\u00e1ticos [&hellip;]<\/p>\n","protected":false},"author":2,"featured_media":26269,"comment_status":"closed","ping_status":"open","sticky":false,"template":"","format":"standard","meta":{"_acf_changed":false,"footnotes":""},"categories":[6],"tags":[96,56,906,314,1101],"class_list":{"0":"post-26268","1":"post","2":"type-post","3":"status-publish","4":"format-standard","5":"has-post-thumbnail","7":"category-noticias","8":"tag-amazonia","9":"tag-bolsonaro","10":"tag-clima","11":"tag-manifestacoes","12":"tag-queimadas"},"acf":[],"yoast_head":"<!-- This site is optimized with the Yoast SEO plugin v26.5 - https:\/\/yoast.com\/wordpress\/plugins\/seo\/ -->\n<title>Confira a agenda de atos em defesa da Amaz\u00f4nia neste fim de semana - PSOL 50<\/title>\n<meta name=\"description\" content=\"Contra as mentiras do governo Bolsonaro sobre o clima, o povo vai \u00e0s ruas no Brasil e no mundo\" \/>\n<meta name=\"robots\" content=\"index, follow, max-snippet:-1, max-image-preview:large, max-video-preview:-1\" \/>\n<link rel=\"canonical\" href=\"https:\/\/psol50.org.br\/confira-a-agenda-de-atos-em-defesa-da-amazonia-neste-fim-de-semana\/\" \/>\n<meta property=\"og:locale\" content=\"pt_BR\" \/>\n<meta property=\"og:type\" content=\"article\" \/>\n<meta property=\"og:title\" content=\"Confira a agenda de atos em defesa da Amaz\u00f4nia neste fim de semana\" \/>\n<meta property=\"og:description\" content=\"Contra as mentiras do governo Bolsonaro sobre o clima, o povo vai \u00e0s ruas no Brasil e no mundo\" \/>\n<meta property=\"og:url\" content=\"https:\/\/psol50.org.br\/confira-a-agenda-de-atos-em-defesa-da-amazonia-neste-fim-de-semana\/\" \/>\n<meta property=\"og:site_name\" content=\"PSOL 50\" \/>\n<meta property=\"article:publisher\" content=\"https:\/\/www.facebook.com\/psol50\" \/>\n<meta property=\"article:published_time\" content=\"2019-08-22T14:15:53+00:00\" \/>\n<meta property=\"og:image\" content=\"https:\/\/psol50.org.br\/inc\/uploads\/2018\/07\/capa.png\" \/>\n\t<meta property=\"og:image:width\" content=\"1350\" \/>\n\t<meta property=\"og:image:height\" content=\"900\" \/>\n\t<meta property=\"og:image:type\" content=\"image\/png\" \/>\n<meta name=\"author\" content=\"Comunica\u00e7\u00e3o PSOL\" \/>\n<meta name=\"twitter:card\" content=\"summary_large_image\" \/>\n<meta name=\"twitter:title\" content=\"Confira a agenda de atos em defesa da Amaz\u00f4nia neste fim de semana\" \/>\n<meta name=\"twitter:description\" content=\"Contra as mentiras do governo Bolsonaro sobre o clima, o povo vai \u00e0s ruas no Brasil e no mundo\" \/>\n<meta name=\"twitter:creator\" content=\"@psol50\" \/>\n<meta name=\"twitter:site\" content=\"@psol50\" \/>\n<meta name=\"twitter:label1\" content=\"Escrito por\" \/>\n\t<meta name=\"twitter:data1\" content=\"Comunica\u00e7\u00e3o PSOL\" \/>\n\t<meta name=\"twitter:label2\" content=\"Est. tempo de leitura\" \/>\n\t<meta name=\"twitter:data2\" content=\"9 minutos\" \/>\n<script type=\"application\/ld+json\" class=\"yoast-schema-graph\">{\"@context\":\"https:\/\/schema.org\",\"@graph\":[{\"@type\":\"Article\",\"@id\":\"https:\/\/psol50.org.br\/confira-a-agenda-de-atos-em-defesa-da-amazonia-neste-fim-de-semana\/#article\",\"isPartOf\":{\"@id\":\"https:\/\/psol50.org.br\/confira-a-agenda-de-atos-em-defesa-da-amazonia-neste-fim-de-semana\/\"},\"author\":{\"name\":\"Comunica\u00e7\u00e3o PSOL\",\"@id\":\"https:\/\/psol50.org.br\/#\/schema\/person\/475dfa57d0b815993c714c2e96491fcd\"},\"headline\":\"Confira a agenda de atos em defesa da Amaz\u00f4nia neste fim de semana\",\"datePublished\":\"2019-08-22T14:15:53+00:00\",\"mainEntityOfPage\":{\"@id\":\"https:\/\/psol50.org.br\/confira-a-agenda-de-atos-em-defesa-da-amazonia-neste-fim-de-semana\/\"},\"wordCount\":1814,\"publisher\":{\"@id\":\"https:\/\/psol50.org.br\/#organization\"},\"image\":{\"@id\":\"https:\/\/psol50.org.br\/confira-a-agenda-de-atos-em-defesa-da-amazonia-neste-fim-de-semana\/#primaryimage\"},\"thumbnailUrl\":\"\",\"keywords\":[\"Amaz\u00f4nia\",\"Bolsonaro\",\"clima\",\"manifesta\u00e7\u00f5es\",\"queimadas\"],\"articleSection\":[\"Not\u00edcias\"],\"inLanguage\":\"pt-BR\"},{\"@type\":\"WebPage\",\"@id\":\"https:\/\/psol50.org.br\/confira-a-agenda-de-atos-em-defesa-da-amazonia-neste-fim-de-semana\/\",\"url\":\"https:\/\/psol50.org.br\/confira-a-agenda-de-atos-em-defesa-da-amazonia-neste-fim-de-semana\/\",\"name\":\"Confira a agenda de atos em defesa da Amaz\u00f4nia neste fim de semana - PSOL 50\",\"isPartOf\":{\"@id\":\"https:\/\/psol50.org.br\/#website\"},\"primaryImageOfPage\":{\"@id\":\"https:\/\/psol50.org.br\/confira-a-agenda-de-atos-em-defesa-da-amazonia-neste-fim-de-semana\/#primaryimage\"},\"image\":{\"@id\":\"https:\/\/psol50.org.br\/confira-a-agenda-de-atos-em-defesa-da-amazonia-neste-fim-de-semana\/#primaryimage\"},\"thumbnailUrl\":\"\",\"datePublished\":\"2019-08-22T14:15:53+00:00\",\"description\":\"Contra as mentiras do governo Bolsonaro sobre o clima, o povo vai \u00e0s ruas no Brasil e no mundo\",\"breadcrumb\":{\"@id\":\"https:\/\/psol50.org.br\/confira-a-agenda-de-atos-em-defesa-da-amazonia-neste-fim-de-semana\/#breadcrumb\"},\"inLanguage\":\"pt-BR\",\"potentialAction\":[{\"@type\":\"ReadAction\",\"target\":[\"https:\/\/psol50.org.br\/confira-a-agenda-de-atos-em-defesa-da-amazonia-neste-fim-de-semana\/\"]}]},{\"@type\":\"ImageObject\",\"inLanguage\":\"pt-BR\",\"@id\":\"https:\/\/psol50.org.br\/confira-a-agenda-de-atos-em-defesa-da-amazonia-neste-fim-de-semana\/#primaryimage\",\"url\":\"\",\"contentUrl\":\"\"},{\"@type\":\"BreadcrumbList\",\"@id\":\"https:\/\/psol50.org.br\/confira-a-agenda-de-atos-em-defesa-da-amazonia-neste-fim-de-semana\/#breadcrumb\",\"itemListElement\":[{\"@type\":\"ListItem\",\"position\":1,\"name\":\"In\u00edcio\",\"item\":\"https:\/\/psol50.org.br\/\"},{\"@type\":\"ListItem\",\"position\":2,\"name\":\"Confira a agenda de atos em defesa da Amaz\u00f4nia neste fim de semana\"}]},{\"@type\":\"WebSite\",\"@id\":\"https:\/\/psol50.org.br\/#website\",\"url\":\"https:\/\/psol50.org.br\/\",\"name\":\"PSOL 50\",\"description\":\"Site oficial do Partido Socialismo e Liberdade\",\"publisher\":{\"@id\":\"https:\/\/psol50.org.br\/#organization\"},\"alternateName\":\"PSOL50\",\"potentialAction\":[{\"@type\":\"SearchAction\",\"target\":{\"@type\":\"EntryPoint\",\"urlTemplate\":\"https:\/\/psol50.org.br\/?s={search_term_string}\"},\"query-input\":{\"@type\":\"PropertyValueSpecification\",\"valueRequired\":true,\"valueName\":\"search_term_string\"}}],\"inLanguage\":\"pt-BR\"},{\"@type\":\"Organization\",\"@id\":\"https:\/\/psol50.org.br\/#organization\",\"name\":\"PSOL 50\",\"alternateName\":\"PSOL 50\",\"url\":\"https:\/\/psol50.org.br\/\",\"logo\":{\"@type\":\"ImageObject\",\"inLanguage\":\"pt-BR\",\"@id\":\"https:\/\/psol50.org.br\/#\/schema\/logo\/image\/\",\"url\":\"https:\/\/psol50.org.br\/inc\/uploads\/2018\/07\/capa.png\",\"contentUrl\":\"https:\/\/psol50.org.br\/inc\/uploads\/2018\/07\/capa.png\",\"width\":1350,\"height\":900,\"caption\":\"PSOL 50\"},\"image\":{\"@id\":\"https:\/\/psol50.org.br\/#\/schema\/logo\/image\/\"},\"sameAs\":[\"https:\/\/www.facebook.com\/psol50\",\"https:\/\/x.com\/psol50\",\"https:\/\/www.instagram.com\/psol50\/\",\"https:\/\/www.youtube.com\/channel\/UC7SnJS5o1os7a6CaiNabzcg\"]},{\"@type\":\"Person\",\"@id\":\"https:\/\/psol50.org.br\/#\/schema\/person\/475dfa57d0b815993c714c2e96491fcd\",\"name\":\"Comunica\u00e7\u00e3o PSOL\",\"image\":{\"@type\":\"ImageObject\",\"inLanguage\":\"pt-BR\",\"@id\":\"https:\/\/psol50.org.br\/#\/schema\/person\/image\/\",\"url\":\"https:\/\/secure.gravatar.com\/avatar\/b34fc4f4e468a4e51785917065a3db57b841f5c95dba6ad8c73aaf8f66f8f9bf?s=96&d=mm&r=g\",\"contentUrl\":\"https:\/\/secure.gravatar.com\/avatar\/b34fc4f4e468a4e51785917065a3db57b841f5c95dba6ad8c73aaf8f66f8f9bf?s=96&d=mm&r=g\",\"caption\":\"Comunica\u00e7\u00e3o PSOL\"}}]}<\/script>\n<!-- \/ Yoast SEO plugin. -->","yoast_head_json":{"title":"Confira a agenda de atos em defesa da Amaz\u00f4nia neste fim de semana - PSOL 50","description":"Contra as mentiras do governo Bolsonaro sobre o clima, o povo vai \u00e0s ruas no Brasil e no mundo","robots":{"index":"index","follow":"follow","max-snippet":"max-snippet:-1","max-image-preview":"max-image-preview:large","max-video-preview":"max-video-preview:-1"},"canonical":"https:\/\/psol50.org.br\/confira-a-agenda-de-atos-em-defesa-da-amazonia-neste-fim-de-semana\/","og_locale":"pt_BR","og_type":"article","og_title":"Confira a agenda de atos em defesa da Amaz\u00f4nia neste fim de semana","og_description":"Contra as mentiras do governo Bolsonaro sobre o clima, o povo vai \u00e0s ruas no Brasil e no mundo","og_url":"https:\/\/psol50.org.br\/confira-a-agenda-de-atos-em-defesa-da-amazonia-neste-fim-de-semana\/","og_site_name":"PSOL 50","article_publisher":"https:\/\/www.facebook.com\/psol50","article_published_time":"2019-08-22T14:15:53+00:00","og_image":[{"width":1350,"height":900,"url":"https:\/\/psol50.org.br\/inc\/uploads\/2018\/07\/capa.png","type":"image\/png"}],"author":"Comunica\u00e7\u00e3o PSOL","twitter_card":"summary_large_image","twitter_title":"Confira a agenda de atos em defesa da Amaz\u00f4nia neste fim de semana","twitter_description":"Contra as mentiras do governo Bolsonaro sobre o clima, o povo vai \u00e0s ruas no Brasil e no mundo","twitter_creator":"@psol50","twitter_site":"@psol50","twitter_misc":{"Escrito por":"Comunica\u00e7\u00e3o PSOL","Est. tempo de leitura":"9 minutos"},"schema":{"@context":"https:\/\/schema.org","@graph":[{"@type":"Article","@id":"https:\/\/psol50.org.br\/confira-a-agenda-de-atos-em-defesa-da-amazonia-neste-fim-de-semana\/#article","isPartOf":{"@id":"https:\/\/psol50.org.br\/confira-a-agenda-de-atos-em-defesa-da-amazonia-neste-fim-de-semana\/"},"author":{"name":"Comunica\u00e7\u00e3o PSOL","@id":"https:\/\/psol50.org.br\/#\/schema\/person\/475dfa57d0b815993c714c2e96491fcd"},"headline":"Confira a agenda de atos em defesa da Amaz\u00f4nia neste fim de semana","datePublished":"2019-08-22T14:15:53+00:00","mainEntityOfPage":{"@id":"https:\/\/psol50.org.br\/confira-a-agenda-de-atos-em-defesa-da-amazonia-neste-fim-de-semana\/"},"wordCount":1814,"publisher":{"@id":"https:\/\/psol50.org.br\/#organization"},"image":{"@id":"https:\/\/psol50.org.br\/confira-a-agenda-de-atos-em-defesa-da-amazonia-neste-fim-de-semana\/#primaryimage"},"thumbnailUrl":"","keywords":["Amaz\u00f4nia","Bolsonaro","clima","manifesta\u00e7\u00f5es","queimadas"],"articleSection":["Not\u00edcias"],"inLanguage":"pt-BR"},{"@type":"WebPage","@id":"https:\/\/psol50.org.br\/confira-a-agenda-de-atos-em-defesa-da-amazonia-neste-fim-de-semana\/","url":"https:\/\/psol50.org.br\/confira-a-agenda-de-atos-em-defesa-da-amazonia-neste-fim-de-semana\/","name":"Confira a agenda de atos em defesa da Amaz\u00f4nia neste fim de semana - PSOL 50","isPartOf":{"@id":"https:\/\/psol50.org.br\/#website"},"primaryImageOfPage":{"@id":"https:\/\/psol50.org.br\/confira-a-agenda-de-atos-em-defesa-da-amazonia-neste-fim-de-semana\/#primaryimage"},"image":{"@id":"https:\/\/psol50.org.br\/confira-a-agenda-de-atos-em-defesa-da-amazonia-neste-fim-de-semana\/#primaryimage"},"thumbnailUrl":"","datePublished":"2019-08-22T14:15:53+00:00","description":"Contra as mentiras do governo Bolsonaro sobre o clima, o povo vai \u00e0s ruas no Brasil e no mundo","breadcrumb":{"@id":"https:\/\/psol50.org.br\/confira-a-agenda-de-atos-em-defesa-da-amazonia-neste-fim-de-semana\/#breadcrumb"},"inLanguage":"pt-BR","potentialAction":[{"@type":"ReadAction","target":["https:\/\/psol50.org.br\/confira-a-agenda-de-atos-em-defesa-da-amazonia-neste-fim-de-semana\/"]}]},{"@type":"ImageObject","inLanguage":"pt-BR","@id":"https:\/\/psol50.org.br\/confira-a-agenda-de-atos-em-defesa-da-amazonia-neste-fim-de-semana\/#primaryimage","url":"","contentUrl":""},{"@type":"BreadcrumbList","@id":"https:\/\/psol50.org.br\/confira-a-agenda-de-atos-em-defesa-da-amazonia-neste-fim-de-semana\/#breadcrumb","itemListElement":[{"@type":"ListItem","position":1,"name":"In\u00edcio","item":"https:\/\/psol50.org.br\/"},{"@type":"ListItem","position":2,"name":"Confira a agenda de atos em defesa da Amaz\u00f4nia neste fim de semana"}]},{"@type":"WebSite","@id":"https:\/\/psol50.org.br\/#website","url":"https:\/\/psol50.org.br\/","name":"PSOL 50","description":"Site oficial do Partido Socialismo e Liberdade","publisher":{"@id":"https:\/\/psol50.org.br\/#organization"},"alternateName":"PSOL50","potentialAction":[{"@type":"SearchAction","target":{"@type":"EntryPoint","urlTemplate":"https:\/\/psol50.org.br\/?s={search_term_string}"},"query-input":{"@type":"PropertyValueSpecification","valueRequired":true,"valueName":"search_term_string"}}],"inLanguage":"pt-BR"},{"@type":"Organization","@id":"https:\/\/psol50.org.br\/#organization","name":"PSOL 50","alternateName":"PSOL 50","url":"https:\/\/psol50.org.br\/","logo":{"@type":"ImageObject","inLanguage":"pt-BR","@id":"https:\/\/psol50.org.br\/#\/schema\/logo\/image\/","url":"https:\/\/psol50.org.br\/inc\/uploads\/2018\/07\/capa.png","contentUrl":"https:\/\/psol50.org.br\/inc\/uploads\/2018\/07\/capa.png","width":1350,"height":900,"caption":"PSOL 50"},"image":{"@id":"https:\/\/psol50.org.br\/#\/schema\/logo\/image\/"},"sameAs":["https:\/\/www.facebook.com\/psol50","https:\/\/x.com\/psol50","https:\/\/www.instagram.com\/psol50\/","https:\/\/www.youtube.com\/channel\/UC7SnJS5o1os7a6CaiNabzcg"]},{"@type":"Person","@id":"https:\/\/psol50.org.br\/#\/schema\/person\/475dfa57d0b815993c714c2e96491fcd","name":"Comunica\u00e7\u00e3o PSOL","image":{"@type":"ImageObject","inLanguage":"pt-BR","@id":"https:\/\/psol50.org.br\/#\/schema\/person\/image\/","url":"https:\/\/secure.gravatar.com\/avatar\/b34fc4f4e468a4e51785917065a3db57b841f5c95dba6ad8c73aaf8f66f8f9bf?s=96&d=mm&r=g","contentUrl":"https:\/\/secure.gravatar.com\/avatar\/b34fc4f4e468a4e51785917065a3db57b841f5c95dba6ad8c73aaf8f66f8f9bf?s=96&d=mm&r=g","caption":"Comunica\u00e7\u00e3o PSOL"}}]}},"_links":{"self":[{"href":"https:\/\/psol50.org.br\/rest\/wp\/v2\/posts\/26268","targetHints":{"allow":["GET"]}}],"collection":[{"href":"https:\/\/psol50.org.br\/rest\/wp\/v2\/posts"}],"about":[{"href":"https:\/\/psol50.org.br\/rest\/wp\/v2\/types\/post"}],"author":[{"embeddable":true,"href":"https:\/\/psol50.org.br\/rest\/wp\/v2\/users\/2"}],"replies":[{"embeddable":true,"href":"https:\/\/psol50.org.br\/rest\/wp\/v2\/comments?post=26268"}],"version-history":[{"count":0,"href":"https:\/\/psol50.org.br\/rest\/wp\/v2\/posts\/26268\/revisions"}],"wp:featuredmedia":[{"embeddable":true,"href":"https:\/\/psol50.org.br\/rest\/"}],"wp:attachment":[{"href":"https:\/\/psol50.org.br\/rest\/wp\/v2\/media?parent=26268"}],"wp:term":[{"taxonomy":"category","embeddable":true,"href":"https:\/\/psol50.org.br\/rest\/wp\/v2\/categories?post=26268"},{"taxonomy":"post_tag","embeddable":true,"href":"https:\/\/psol50.org.br\/rest\/wp\/v2\/tags?post=26268"}],"curies":[{"name":"wp","href":"https:\/\/api.w.org\/{rel}","templated":true}]}}