{"id":26287,"date":"2019-08-23T18:10:04","date_gmt":"2019-08-23T21:10:04","guid":{"rendered":"http:\/\/psol50.org.br\/?p=26287"},"modified":"2019-08-23T18:10:04","modified_gmt":"2019-08-23T21:10:04","slug":"bolsonaro-extingue-mais-de-70-orgaos-de-protecao-trabalhista-psol-quer-barrar-medida","status":"publish","type":"post","link":"https:\/\/psol50.org.br\/bolsonaro-extingue-mais-de-70-orgaos-de-protecao-trabalhista-psol-quer-barrar-medida\/","title":{"rendered":"Bolsonaro extingue mais de 70 \u00f3rg\u00e3os de prote\u00e7\u00e3o trabalhista: PSOL quer barrar medida"},"content":{"rendered":"<p class=\"p1\">Sem que a imprensa tenha feito at\u00e9 o momento o alarde que deveria ter feito, o governo federal publicou no \u00faltimo dia 21 de agosto a Portaria 972. De uma tacada s\u00f3, ela revoga mais de 70 portarias que tratam da \u00e1rea de controle social das rela\u00e7\u00f5es de trabalho. Na pr\u00f3xima segunda-feira (26), a bancada do PSOL na C\u00e2mara vai apresentar um PDL (projeto de decreto legislativo) para tentar sustar a portaria.<\/p>\n<p class=\"p1\">O texto diz de maneira resumida que ser\u00e3o revogadas \u201cportarias de cria\u00e7\u00e3o de colegiados e de aprova\u00e7\u00e3o dos respectivos regimentos no \u00e2mbito do extinto Minist\u00e9rio do Trabalho&#8221;.<\/p>\n<p class=\"p1\">Entre as principais inst\u00e2ncias atingidas, est\u00e3o o Grupo de Trabalho sobre a IN n.\u00ba 91 (Trabalho Escravo); a Portaria MTE n.\u00ba 952, de 8 de julho de 2003, que disp\u00f5e sobre a Comiss\u00e3o Nacional de Erradica\u00e7\u00e3o do Trabalho Infantil (Conaeti); o Conselho Nacional do Trabalho e o Grupo de Estudo sobre Acidentes Motivados por Excesso de Jornada de Trabalho dos Motoristas de Transporte de Carga e de Passageiros.<\/p>\n<p class=\"p1\">Tamb\u00e9m extingue, por exemplo, a Portaria MTb n\u00ba 11 (de 8 de janeiro de 1998), criada para efetuar a an\u00e1lise da Conven\u00e7\u00e3o n\u00ba 174 da OIT sobre a Preven\u00e7\u00e3o de Acidentes Industriais Maiores, n\u00ba 174, e da Recomenda\u00e7\u00e3o sobre a Preven\u00e7\u00e3o de Acidentes Industriais Maiores, n\u00ba 181, adotadas pela 80\u00aa Reuni\u00e3o da Confer\u00eancia Internacional do Trabalho, em 22 de junho de 1993.<\/p>\n<p class=\"p1\">Ou seja, \u00e9 um ataque grave. O PSOL na C\u00e2mara est\u00e1 fazendo sua parte e espera que a imprensa n\u00e3o assista inerte a mais esse ataque aos direitos e \u00e0 Justi\u00e7a do trabalho.<\/p>\n","protected":false},"excerpt":{"rendered":"<p>Sem que a imprensa tenha feito at\u00e9 o momento o alarde que deveria ter feito, o governo federal publicou no \u00faltimo dia 21 de agosto a Portaria 972. De uma tacada s\u00f3, ela revoga mais de 70 portarias que tratam da \u00e1rea de controle social das rela\u00e7\u00f5es de trabalho. Na pr\u00f3xima segunda-feira (26), a bancada [&hellip;]<\/p>\n","protected":false},"author":2,"featured_media":26220,"comment_status":"closed","ping_status":"open","sticky":false,"template":"","format":"standard","meta":{"_acf_changed":false,"footnotes":""},"categories":[6],"tags":[1982,56,163,1983,22],"class_list":{"0":"post-26287","1":"post","2":"type-post","3":"status-publish","4":"format-standard","5":"has-post-thumbnail","7":"category-noticias","8":"tag-autoritario","9":"tag-bolsonaro","10":"tag-camara","11":"tag-justica-do-trabalho","12":"tag-psol"},"acf":[],"yoast_head":"<!-- This site is optimized with the Yoast SEO plugin v26.5 - https:\/\/yoast.com\/wordpress\/plugins\/seo\/ -->\n<title>Bolsonaro extingue mais de 70 \u00f3rg\u00e3os de prote\u00e7\u00e3o trabalhista: PSOL quer barrar medida<\/title>\n<meta name=\"robots\" content=\"index, follow, max-snippet:-1, max-image-preview:large, max-video-preview:-1\" \/>\n<link rel=\"canonical\" href=\"https:\/\/psol50.org.br\/bolsonaro-extingue-mais-de-70-orgaos-de-protecao-trabalhista-psol-quer-barrar-medida\/\" \/>\n<meta property=\"og:locale\" content=\"pt_BR\" \/>\n<meta property=\"og:type\" content=\"article\" \/>\n<meta property=\"og:title\" content=\"Bolsonaro extingue mais de 70 \u00f3rg\u00e3os de prote\u00e7\u00e3o trabalhista: PSOL quer barrar medida\" \/>\n<meta property=\"og:description\" content=\"Esperamos que a imprensa n\u00e3o assista inerte a mais esse ataque aos direitos e \u00e0 Justi\u00e7a do Trabalho.\" \/>\n<meta property=\"og:url\" content=\"https:\/\/psol50.org.br\/bolsonaro-extingue-mais-de-70-orgaos-de-protecao-trabalhista-psol-quer-barrar-medida\/\" \/>\n<meta property=\"og:site_name\" content=\"PSOL 50\" \/>\n<meta property=\"article:publisher\" content=\"https:\/\/www.facebook.com\/psol50\" \/>\n<meta property=\"article:published_time\" content=\"2019-08-23T21:10:04+00:00\" \/>\n<meta property=\"og:image\" content=\"https:\/\/psol50.org.br\/inc\/uploads\/2019\/08\/Bolsonaro.Marcelo-CamargoAgencia-Brasil.jpg\" \/>\n\t<meta property=\"og:image:width\" content=\"1803\" \/>\n\t<meta property=\"og:image:height\" content=\"1200\" \/>\n\t<meta property=\"og:image:type\" content=\"image\/jpeg\" \/>\n<meta name=\"author\" content=\"Comunica\u00e7\u00e3o PSOL\" \/>\n<meta name=\"twitter:card\" content=\"summary_large_image\" \/>\n<meta name=\"twitter:title\" content=\"Bolsonaro extingue mais de 70 \u00f3rg\u00e3os de prote\u00e7\u00e3o trabalhista: PSOL quer barrar medida\" \/>\n<meta name=\"twitter:description\" content=\"Esperamos que a imprensa n\u00e3o assista inerte a mais esse ataque aos direitos e \u00e0 Justi\u00e7a do Trabalho.\" \/>\n<meta name=\"twitter:image\" content=\"https:\/\/psol50.org.br\/inc\/uploads\/2019\/08\/Bolsonaro.Marcelo-CamargoAgencia-Brasil.jpg\" \/>\n<meta name=\"twitter:creator\" content=\"@psol50\" \/>\n<meta name=\"twitter:site\" content=\"@psol50\" \/>\n<meta name=\"twitter:label1\" content=\"Escrito por\" \/>\n\t<meta name=\"twitter:data1\" content=\"Comunica\u00e7\u00e3o PSOL\" \/>\n\t<meta name=\"twitter:label2\" content=\"Est. tempo de leitura\" \/>\n\t<meta name=\"twitter:data2\" content=\"1 minuto\" \/>\n<script type=\"application\/ld+json\" class=\"yoast-schema-graph\">{\"@context\":\"https:\/\/schema.org\",\"@graph\":[{\"@type\":\"Article\",\"@id\":\"https:\/\/psol50.org.br\/bolsonaro-extingue-mais-de-70-orgaos-de-protecao-trabalhista-psol-quer-barrar-medida\/#article\",\"isPartOf\":{\"@id\":\"https:\/\/psol50.org.br\/bolsonaro-extingue-mais-de-70-orgaos-de-protecao-trabalhista-psol-quer-barrar-medida\/\"},\"author\":{\"name\":\"Comunica\u00e7\u00e3o PSOL\",\"@id\":\"https:\/\/psol50.org.br\/#\/schema\/person\/475dfa57d0b815993c714c2e96491fcd\"},\"headline\":\"Bolsonaro extingue mais de 70 \u00f3rg\u00e3os de prote\u00e7\u00e3o trabalhista: PSOL quer barrar medida\",\"datePublished\":\"2019-08-23T21:10:04+00:00\",\"mainEntityOfPage\":{\"@id\":\"https:\/\/psol50.org.br\/bolsonaro-extingue-mais-de-70-orgaos-de-protecao-trabalhista-psol-quer-barrar-medida\/\"},\"wordCount\":280,\"publisher\":{\"@id\":\"https:\/\/psol50.org.br\/#organization\"},\"image\":{\"@id\":\"https:\/\/psol50.org.br\/bolsonaro-extingue-mais-de-70-orgaos-de-protecao-trabalhista-psol-quer-barrar-medida\/#primaryimage\"},\"thumbnailUrl\":\"https:\/\/psol50.org.br\/inc\/uploads\/2019\/08\/Bolsonaro.Marcelo-CamargoAgencia-Brasil.jpg\",\"keywords\":[\"autorit\u00e1rio\",\"Bolsonaro\",\"c\u00e2mara\",\"Justi\u00e7a do Trabalho\",\"PSOL\"],\"articleSection\":[\"Not\u00edcias\"],\"inLanguage\":\"pt-BR\"},{\"@type\":\"WebPage\",\"@id\":\"https:\/\/psol50.org.br\/bolsonaro-extingue-mais-de-70-orgaos-de-protecao-trabalhista-psol-quer-barrar-medida\/\",\"url\":\"https:\/\/psol50.org.br\/bolsonaro-extingue-mais-de-70-orgaos-de-protecao-trabalhista-psol-quer-barrar-medida\/\",\"name\":\"Bolsonaro extingue mais de 70 \u00f3rg\u00e3os de prote\u00e7\u00e3o trabalhista: PSOL quer barrar medida\",\"isPartOf\":{\"@id\":\"https:\/\/psol50.org.br\/#website\"},\"primaryImageOfPage\":{\"@id\":\"https:\/\/psol50.org.br\/bolsonaro-extingue-mais-de-70-orgaos-de-protecao-trabalhista-psol-quer-barrar-medida\/#primaryimage\"},\"image\":{\"@id\":\"https:\/\/psol50.org.br\/bolsonaro-extingue-mais-de-70-orgaos-de-protecao-trabalhista-psol-quer-barrar-medida\/#primaryimage\"},\"thumbnailUrl\":\"https:\/\/psol50.org.br\/inc\/uploads\/2019\/08\/Bolsonaro.Marcelo-CamargoAgencia-Brasil.jpg\",\"datePublished\":\"2019-08-23T21:10:04+00:00\",\"breadcrumb\":{\"@id\":\"https:\/\/psol50.org.br\/bolsonaro-extingue-mais-de-70-orgaos-de-protecao-trabalhista-psol-quer-barrar-medida\/#breadcrumb\"},\"inLanguage\":\"pt-BR\",\"potentialAction\":[{\"@type\":\"ReadAction\",\"target\":[\"https:\/\/psol50.org.br\/bolsonaro-extingue-mais-de-70-orgaos-de-protecao-trabalhista-psol-quer-barrar-medida\/\"]}]},{\"@type\":\"ImageObject\",\"inLanguage\":\"pt-BR\",\"@id\":\"https:\/\/psol50.org.br\/bolsonaro-extingue-mais-de-70-orgaos-de-protecao-trabalhista-psol-quer-barrar-medida\/#primaryimage\",\"url\":\"https:\/\/psol50.org.br\/inc\/uploads\/2019\/08\/Bolsonaro.Marcelo-CamargoAgencia-Brasil.jpg\",\"contentUrl\":\"https:\/\/psol50.org.br\/inc\/uploads\/2019\/08\/Bolsonaro.Marcelo-CamargoAgencia-Brasil.jpg\",\"width\":1803,\"height\":1200,\"caption\":\"Foto: Marcelo Camargo\/Ag\u00eancia Brasil\"},{\"@type\":\"BreadcrumbList\",\"@id\":\"https:\/\/psol50.org.br\/bolsonaro-extingue-mais-de-70-orgaos-de-protecao-trabalhista-psol-quer-barrar-medida\/#breadcrumb\",\"itemListElement\":[{\"@type\":\"ListItem\",\"position\":1,\"name\":\"In\u00edcio\",\"item\":\"https:\/\/psol50.org.br\/\"},{\"@type\":\"ListItem\",\"position\":2,\"name\":\"Bolsonaro extingue mais de 70 \u00f3rg\u00e3os de prote\u00e7\u00e3o trabalhista: PSOL quer barrar medida\"}]},{\"@type\":\"WebSite\",\"@id\":\"https:\/\/psol50.org.br\/#website\",\"url\":\"https:\/\/psol50.org.br\/\",\"name\":\"PSOL 50\",\"description\":\"Site oficial do Partido Socialismo e Liberdade\",\"publisher\":{\"@id\":\"https:\/\/psol50.org.br\/#organization\"},\"alternateName\":\"PSOL50\",\"potentialAction\":[{\"@type\":\"SearchAction\",\"target\":{\"@type\":\"EntryPoint\",\"urlTemplate\":\"https:\/\/psol50.org.br\/?s={search_term_string}\"},\"query-input\":{\"@type\":\"PropertyValueSpecification\",\"valueRequired\":true,\"valueName\":\"search_term_string\"}}],\"inLanguage\":\"pt-BR\"},{\"@type\":\"Organization\",\"@id\":\"https:\/\/psol50.org.br\/#organization\",\"name\":\"PSOL 50\",\"alternateName\":\"PSOL 50\",\"url\":\"https:\/\/psol50.org.br\/\",\"logo\":{\"@type\":\"ImageObject\",\"inLanguage\":\"pt-BR\",\"@id\":\"https:\/\/psol50.org.br\/#\/schema\/logo\/image\/\",\"url\":\"https:\/\/psol50.org.br\/inc\/uploads\/2018\/07\/capa.png\",\"contentUrl\":\"https:\/\/psol50.org.br\/inc\/uploads\/2018\/07\/capa.png\",\"width\":1350,\"height\":900,\"caption\":\"PSOL 50\"},\"image\":{\"@id\":\"https:\/\/psol50.org.br\/#\/schema\/logo\/image\/\"},\"sameAs\":[\"https:\/\/www.facebook.com\/psol50\",\"https:\/\/x.com\/psol50\",\"https:\/\/www.instagram.com\/psol50\/\",\"https:\/\/www.youtube.com\/channel\/UC7SnJS5o1os7a6CaiNabzcg\"]},{\"@type\":\"Person\",\"@id\":\"https:\/\/psol50.org.br\/#\/schema\/person\/475dfa57d0b815993c714c2e96491fcd\",\"name\":\"Comunica\u00e7\u00e3o PSOL\",\"image\":{\"@type\":\"ImageObject\",\"inLanguage\":\"pt-BR\",\"@id\":\"https:\/\/psol50.org.br\/#\/schema\/person\/image\/\",\"url\":\"https:\/\/secure.gravatar.com\/avatar\/b34fc4f4e468a4e51785917065a3db57b841f5c95dba6ad8c73aaf8f66f8f9bf?s=96&d=mm&r=g\",\"contentUrl\":\"https:\/\/secure.gravatar.com\/avatar\/b34fc4f4e468a4e51785917065a3db57b841f5c95dba6ad8c73aaf8f66f8f9bf?s=96&d=mm&r=g\",\"caption\":\"Comunica\u00e7\u00e3o PSOL\"}}]}<\/script>\n<!-- \/ Yoast SEO plugin. -->","yoast_head_json":{"title":"Bolsonaro extingue mais de 70 \u00f3rg\u00e3os de prote\u00e7\u00e3o trabalhista: PSOL quer barrar medida","robots":{"index":"index","follow":"follow","max-snippet":"max-snippet:-1","max-image-preview":"max-image-preview:large","max-video-preview":"max-video-preview:-1"},"canonical":"https:\/\/psol50.org.br\/bolsonaro-extingue-mais-de-70-orgaos-de-protecao-trabalhista-psol-quer-barrar-medida\/","og_locale":"pt_BR","og_type":"article","og_title":"Bolsonaro extingue mais de 70 \u00f3rg\u00e3os de prote\u00e7\u00e3o trabalhista: PSOL quer barrar medida","og_description":"Esperamos que a imprensa n\u00e3o assista inerte a mais esse ataque aos direitos e \u00e0 Justi\u00e7a do Trabalho.","og_url":"https:\/\/psol50.org.br\/bolsonaro-extingue-mais-de-70-orgaos-de-protecao-trabalhista-psol-quer-barrar-medida\/","og_site_name":"PSOL 50","article_publisher":"https:\/\/www.facebook.com\/psol50","article_published_time":"2019-08-23T21:10:04+00:00","og_image":[{"width":1803,"height":1200,"url":"https:\/\/psol50.org.br\/inc\/uploads\/2019\/08\/Bolsonaro.Marcelo-CamargoAgencia-Brasil.jpg","type":"image\/jpeg"}],"author":"Comunica\u00e7\u00e3o PSOL","twitter_card":"summary_large_image","twitter_title":"Bolsonaro extingue mais de 70 \u00f3rg\u00e3os de prote\u00e7\u00e3o trabalhista: PSOL quer barrar medida","twitter_description":"Esperamos que a imprensa n\u00e3o assista inerte a mais esse ataque aos direitos e \u00e0 Justi\u00e7a do Trabalho.","twitter_image":"https:\/\/psol50.org.br\/inc\/uploads\/2019\/08\/Bolsonaro.Marcelo-CamargoAgencia-Brasil.jpg","twitter_creator":"@psol50","twitter_site":"@psol50","twitter_misc":{"Escrito por":"Comunica\u00e7\u00e3o PSOL","Est. tempo de leitura":"1 minuto"},"schema":{"@context":"https:\/\/schema.org","@graph":[{"@type":"Article","@id":"https:\/\/psol50.org.br\/bolsonaro-extingue-mais-de-70-orgaos-de-protecao-trabalhista-psol-quer-barrar-medida\/#article","isPartOf":{"@id":"https:\/\/psol50.org.br\/bolsonaro-extingue-mais-de-70-orgaos-de-protecao-trabalhista-psol-quer-barrar-medida\/"},"author":{"name":"Comunica\u00e7\u00e3o PSOL","@id":"https:\/\/psol50.org.br\/#\/schema\/person\/475dfa57d0b815993c714c2e96491fcd"},"headline":"Bolsonaro extingue mais de 70 \u00f3rg\u00e3os de prote\u00e7\u00e3o trabalhista: PSOL quer barrar medida","datePublished":"2019-08-23T21:10:04+00:00","mainEntityOfPage":{"@id":"https:\/\/psol50.org.br\/bolsonaro-extingue-mais-de-70-orgaos-de-protecao-trabalhista-psol-quer-barrar-medida\/"},"wordCount":280,"publisher":{"@id":"https:\/\/psol50.org.br\/#organization"},"image":{"@id":"https:\/\/psol50.org.br\/bolsonaro-extingue-mais-de-70-orgaos-de-protecao-trabalhista-psol-quer-barrar-medida\/#primaryimage"},"thumbnailUrl":"https:\/\/psol50.org.br\/inc\/uploads\/2019\/08\/Bolsonaro.Marcelo-CamargoAgencia-Brasil.jpg","keywords":["autorit\u00e1rio","Bolsonaro","c\u00e2mara","Justi\u00e7a do Trabalho","PSOL"],"articleSection":["Not\u00edcias"],"inLanguage":"pt-BR"},{"@type":"WebPage","@id":"https:\/\/psol50.org.br\/bolsonaro-extingue-mais-de-70-orgaos-de-protecao-trabalhista-psol-quer-barrar-medida\/","url":"https:\/\/psol50.org.br\/bolsonaro-extingue-mais-de-70-orgaos-de-protecao-trabalhista-psol-quer-barrar-medida\/","name":"Bolsonaro extingue mais de 70 \u00f3rg\u00e3os de prote\u00e7\u00e3o trabalhista: PSOL quer barrar medida","isPartOf":{"@id":"https:\/\/psol50.org.br\/#website"},"primaryImageOfPage":{"@id":"https:\/\/psol50.org.br\/bolsonaro-extingue-mais-de-70-orgaos-de-protecao-trabalhista-psol-quer-barrar-medida\/#primaryimage"},"image":{"@id":"https:\/\/psol50.org.br\/bolsonaro-extingue-mais-de-70-orgaos-de-protecao-trabalhista-psol-quer-barrar-medida\/#primaryimage"},"thumbnailUrl":"https:\/\/psol50.org.br\/inc\/uploads\/2019\/08\/Bolsonaro.Marcelo-CamargoAgencia-Brasil.jpg","datePublished":"2019-08-23T21:10:04+00:00","breadcrumb":{"@id":"https:\/\/psol50.org.br\/bolsonaro-extingue-mais-de-70-orgaos-de-protecao-trabalhista-psol-quer-barrar-medida\/#breadcrumb"},"inLanguage":"pt-BR","potentialAction":[{"@type":"ReadAction","target":["https:\/\/psol50.org.br\/bolsonaro-extingue-mais-de-70-orgaos-de-protecao-trabalhista-psol-quer-barrar-medida\/"]}]},{"@type":"ImageObject","inLanguage":"pt-BR","@id":"https:\/\/psol50.org.br\/bolsonaro-extingue-mais-de-70-orgaos-de-protecao-trabalhista-psol-quer-barrar-medida\/#primaryimage","url":"https:\/\/psol50.org.br\/inc\/uploads\/2019\/08\/Bolsonaro.Marcelo-CamargoAgencia-Brasil.jpg","contentUrl":"https:\/\/psol50.org.br\/inc\/uploads\/2019\/08\/Bolsonaro.Marcelo-CamargoAgencia-Brasil.jpg","width":1803,"height":1200,"caption":"Foto: Marcelo Camargo\/Ag\u00eancia Brasil"},{"@type":"BreadcrumbList","@id":"https:\/\/psol50.org.br\/bolsonaro-extingue-mais-de-70-orgaos-de-protecao-trabalhista-psol-quer-barrar-medida\/#breadcrumb","itemListElement":[{"@type":"ListItem","position":1,"name":"In\u00edcio","item":"https:\/\/psol50.org.br\/"},{"@type":"ListItem","position":2,"name":"Bolsonaro extingue mais de 70 \u00f3rg\u00e3os de prote\u00e7\u00e3o trabalhista: PSOL quer barrar medida"}]},{"@type":"WebSite","@id":"https:\/\/psol50.org.br\/#website","url":"https:\/\/psol50.org.br\/","name":"PSOL 50","description":"Site oficial do Partido Socialismo e Liberdade","publisher":{"@id":"https:\/\/psol50.org.br\/#organization"},"alternateName":"PSOL50","potentialAction":[{"@type":"SearchAction","target":{"@type":"EntryPoint","urlTemplate":"https:\/\/psol50.org.br\/?s={search_term_string}"},"query-input":{"@type":"PropertyValueSpecification","valueRequired":true,"valueName":"search_term_string"}}],"inLanguage":"pt-BR"},{"@type":"Organization","@id":"https:\/\/psol50.org.br\/#organization","name":"PSOL 50","alternateName":"PSOL 50","url":"https:\/\/psol50.org.br\/","logo":{"@type":"ImageObject","inLanguage":"pt-BR","@id":"https:\/\/psol50.org.br\/#\/schema\/logo\/image\/","url":"https:\/\/psol50.org.br\/inc\/uploads\/2018\/07\/capa.png","contentUrl":"https:\/\/psol50.org.br\/inc\/uploads\/2018\/07\/capa.png","width":1350,"height":900,"caption":"PSOL 50"},"image":{"@id":"https:\/\/psol50.org.br\/#\/schema\/logo\/image\/"},"sameAs":["https:\/\/www.facebook.com\/psol50","https:\/\/x.com\/psol50","https:\/\/www.instagram.com\/psol50\/","https:\/\/www.youtube.com\/channel\/UC7SnJS5o1os7a6CaiNabzcg"]},{"@type":"Person","@id":"https:\/\/psol50.org.br\/#\/schema\/person\/475dfa57d0b815993c714c2e96491fcd","name":"Comunica\u00e7\u00e3o PSOL","image":{"@type":"ImageObject","inLanguage":"pt-BR","@id":"https:\/\/psol50.org.br\/#\/schema\/person\/image\/","url":"https:\/\/secure.gravatar.com\/avatar\/b34fc4f4e468a4e51785917065a3db57b841f5c95dba6ad8c73aaf8f66f8f9bf?s=96&d=mm&r=g","contentUrl":"https:\/\/secure.gravatar.com\/avatar\/b34fc4f4e468a4e51785917065a3db57b841f5c95dba6ad8c73aaf8f66f8f9bf?s=96&d=mm&r=g","caption":"Comunica\u00e7\u00e3o PSOL"}}]}},"_links":{"self":[{"href":"https:\/\/psol50.org.br\/rest\/wp\/v2\/posts\/26287","targetHints":{"allow":["GET"]}}],"collection":[{"href":"https:\/\/psol50.org.br\/rest\/wp\/v2\/posts"}],"about":[{"href":"https:\/\/psol50.org.br\/rest\/wp\/v2\/types\/post"}],"author":[{"embeddable":true,"href":"https:\/\/psol50.org.br\/rest\/wp\/v2\/users\/2"}],"replies":[{"embeddable":true,"href":"https:\/\/psol50.org.br\/rest\/wp\/v2\/comments?post=26287"}],"version-history":[{"count":0,"href":"https:\/\/psol50.org.br\/rest\/wp\/v2\/posts\/26287\/revisions"}],"wp:featuredmedia":[{"embeddable":true,"href":"https:\/\/psol50.org.br\/rest\/wp\/v2\/media\/26220"}],"wp:attachment":[{"href":"https:\/\/psol50.org.br\/rest\/wp\/v2\/media?parent=26287"}],"wp:term":[{"taxonomy":"category","embeddable":true,"href":"https:\/\/psol50.org.br\/rest\/wp\/v2\/categories?post=26287"},{"taxonomy":"post_tag","embeddable":true,"href":"https:\/\/psol50.org.br\/rest\/wp\/v2\/tags?post=26287"}],"curies":[{"name":"wp","href":"https:\/\/api.w.org\/{rel}","templated":true}]}}