{"id":2631,"date":"2014-03-19T00:00:00","date_gmt":"2014-03-19T16:19:31","guid":{"rendered":"http:\/\/psol50.org.br\/arquivo\/2014\/03\/19\/diretorio-do-psol-convoca-convencao-nacional-para-21-e-22-de-junho\/"},"modified":"2014-03-19T00:00:00","modified_gmt":"2014-03-19T16:19:31","slug":"diretorio-do-psol-convoca-convencao-nacional-para-21-e-22-de-junho","status":"publish","type":"post","link":"https:\/\/psol50.org.br\/diretorio-do-psol-convoca-convencao-nacional-para-21-e-22-de-junho\/","title":{"rendered":"Diret\u00f3rio do PSOL convoca Conven\u00e7\u00e3o Nacional para 21 e 22 de junho"},"content":{"rendered":"<div style=\"margin-bottom: 0.28cm; text-align: justify;\">\n\t<span style=\"font-size:12px;\"><font color=\"#000000\"><span style=\"text-decoration: none;\"><span style=\"font-weight: normal;\">O Diret\u00f3rio Nacional do PSOL divulga nesta quarta-feira (19) o edital de convoca\u00e7\u00e3o da Conven\u00e7\u00e3o Nacional do partido, que ser\u00e1 nos dias 21 e 22 de junho, em Bras\u00edlia. Pelo edital, a conven\u00e7\u00e3o ter\u00e1 o objetivo de aprovar o programa eleitoral do PSOL para as elei\u00e7\u00f5es de 2014; a<\/span><\/span><\/font>provar as alian\u00e7as nacional e homologar as alian\u00e7as estaduais para o pleito de 2014; homologar a candidatura de Randolfe Rodrigues a Presid\u00eancia da Rep\u00fablica, conforme delibera\u00e7\u00e3o do IV Congresso Nacional do Partido; d<font color=\"#000000\"><span style=\"text-decoration: none;\"><span style=\"font-weight: normal;\">eliberar sobre as candidaturas do partido \u00e0 Vice-Presid\u00eancia da Rep\u00fablica, assim como homologar as candidaturas a governadores, vice-governadores, senadores, deputados federais e deputados estaduais.<\/p>\n<p>\tA Conven\u00e7\u00e3o Nacional do PSOL ser\u00e1 no Centro Cultural de Bras\u00edlia &#8211; SGAN 601 &#8211; M\u00f3dulo &#8220;B&#8221; Asa Norte &#8211; Bras\u00edlia-DF.<\/p>\n<p>\tLeia abaixo a \u00edntegra do edital.<\/span><\/p>\n<p>\t<b>Edital d<\/b><\/span><\/font><font color=\"#000000\"><span style=\"text-decoration: none;\"><b>e <\/b><\/span><\/font><font color=\"#000000\"><span style=\"text-decoration: none;\"><b>c<\/b><\/span><\/font><font color=\"#000000\"><span style=\"text-decoration: none;\"><b>onvoca\u00e7\u00e3o <\/b><\/span><\/font><font color=\"#000000\"><span style=\"text-decoration: none;\"><b>d<\/b><\/span><\/font><font color=\"#000000\"><span style=\"text-decoration: none;\"><b>a Conven\u00e7\u00e3o Nacional <\/b><\/span><\/font><font color=\"#000000\"><span style=\"text-decoration: none;\"><b>d<\/b><\/span><\/font><font color=\"#000000\"><span style=\"text-decoration: none;\"><b>o Partido Socialismo <\/b><\/span><\/font><font color=\"#000000\"><span style=\"text-decoration: none;\"><b>e<\/b><\/span><\/font><font color=\"#000000\"><span style=\"text-decoration: none;\"><b> Liberdade<\/b><\/span><\/font><\/p>\n<p>\tConsiderando as delibera\u00e7\u00f5es do IV Congresso Nacional do PSOL, realizado nos dias 29 de novembro a 1\u00ba de dezembro de 2013, que aprovou a candidatura do filiado Randolfe Rodrigues como pr\u00e9-candidato \u00e0 Presid\u00eancia da Rep\u00fablica e orientou a dire\u00e7\u00e3o nacional a proceder conversa\u00e7\u00f5es com o PSTU e PCB e organizar o debate acerca do programa eleitoral partid\u00e1rio para o pleito de 2014;<\/p>\n<p>\tConsiderando os dispositivos estatut\u00e1rios do partido, especialmente os artigos 45,46 e 47, que estabelecem a convoca\u00e7\u00e3o pelo Diret\u00f3rio Nacional de Conven\u00e7\u00e3o Nacional para formalizar a nominata de candidatos majorit\u00e1rios e proporcionais do partido.<\/p>\n<p>\tO Diret\u00f3rio Nacional resolve:<\/span><br \/>\n\t&nbsp;<\/div>\n<div style=\"margin-left: 1.27cm; margin-bottom: 0cm; text-align: justify;\">\n\t<span style=\"font-size:12px;\">1. Convocar a Conven\u00e7\u00e3o Nacional do PSOL para os dias 21 e 22 de junho de 2014, na cidade de Bras\u00edlia.<\/span><\/div>\n<div style=\"margin-left: 1.27cm; margin-bottom: 0cm; text-align: justify;\">\n\t<br \/>\n\t<span style=\"font-size:12px;\">2. Estabelecer a seguinte composi\u00e7\u00e3o da Conven\u00e7\u00e3o Nacional:<\/span><\/div>\n<div style=\"margin-left: 2.54cm; margin-bottom: 0cm; text-align: justify;\">\n\t<span style=\"font-size:12px;\">a.Todos os membros titulares do Diret\u00f3rio Nacional do PSOL, sendo que na aus\u00eancia dos titulares poder\u00e3o ser substitu\u00eddos pelos suplentes registrados na Ata do IV Congresso Nacional; e<\/span><\/div>\n<div style=\"margin-left: 2.54cm; margin-bottom: 0cm; text-align: justify;\">\n\t<span style=\"font-size:12px;\">b. Um(a) delegado(a) eleito(a) por Estado, eleitos(as) pelas Executivas Estaduais do Partido, sendo tamb\u00e9m designados um(a) suplente em cada unidade da federa\u00e7\u00e3o.<\/span><\/div>\n<div style=\"margin-left: 1.27cm; margin-bottom: 0cm; text-align: justify;\">\n\t<br \/>\n\t<span style=\"font-size:12px;\">3. Estabelecer como pauta deliberativa da Conven\u00e7\u00e3o os seguintes assuntos:<\/span><\/div>\n<div style=\"margin-left: 2.54cm; margin-bottom: 0cm; text-align: justify;\">\n\t<span style=\"font-size:12px;\">a. Aprovar o Programa Eleitoral do PSOL para as elei\u00e7\u00f5es de 2014;<\/span><\/div>\n<div style=\"margin-left: 2.54cm; margin-bottom: 0cm; text-align: justify;\">\n\t<span style=\"font-size:12px;\">b. Aprovar as Alian\u00e7as Eleitorais Nacional e homologa\u00e7\u00e3o das alian\u00e7as estaduais para o pleito de 2014;<\/span><\/div>\n<div style=\"margin-left: 2.54cm; margin-bottom: 0cm; text-align: justify;\">\n\t<span style=\"font-size:12px;\">c. Homologar a candidatura de Randolfe Rodrigues a Presid\u00eancia da Rep\u00fablica, conforme delibera\u00e7\u00e3o do IV Congresso Nacional do Partido;<\/span><\/div>\n<div style=\"margin-left: 2.54cm; margin-bottom: 0cm; text-align: justify;\">\n\t<span style=\"font-size:12px;\">d. Deliberar sobre as candidaturas do Partido \u00e0 Vice-Presid\u00eancia da Na\u00e7\u00e3o, assim como homologar as candidaturas a Governadores, Vice-Governadores, Senadores, Deputados Federais, Deputados Estaduais.<\/span><\/p>\n<p>\t&nbsp;<\/p><\/div>\n<div style=\"margin-left: 1.27cm; margin-bottom: 0cm; text-align: justify;\">\n\t<span style=\"font-size:12px;\">4. At\u00e9 sete dias antes do in\u00edcio da Conven\u00e7\u00e3o Nacional (14 de junho), as Executivas Estaduais do Partido devem enviar a Dire\u00e7\u00e3o Nacional:<\/span><\/div>\n<div style=\"margin-left: 2.54cm; margin-bottom: 0cm; text-align: justify;\">\n\t<span style=\"font-size:12px;\">a. Lista de candidaturas a governador, vice-governador, senador, deputados federais e estaduais;<\/span><\/div>\n<div style=\"margin-left: 2.54cm; margin-bottom: 0cm; text-align: justify;\">\n\t<span style=\"font-size:12px;\">b. Pol\u00edtica de alian\u00e7as proposta para o pleito estadual.<\/span><\/div>\n<div style=\"margin-left: 2.54cm; margin-bottom: 0cm; text-align: justify;\">\n\t<span style=\"font-size:12px;\">c. Ata da Reuni\u00e3o que escolheu o (a) delegado (a) e suplente para a Conven\u00e7\u00e3o Nacional<\/span>.<\/div>\n<div style=\"margin-left: 1.27cm; margin-bottom: 0.28cm; text-align: justify;\">\n\t<br \/>\n\t<span style=\"font-size:12px;\">5. Os casos omissos desta Convocat\u00f3ria ser\u00e3o dirimidos pela Executiva Nacional do Partido.<\/span><\/div>\n<p style=\"margin-bottom: 0cm; background: #ffffff; line-height: 100%\">\n\t&nbsp;<\/p>\n","protected":false},"excerpt":{"rendered":"<p>O Diret\u00f3rio Nacional do PSOL divulga nesta quarta-feira (19) o edital de convoca\u00e7\u00e3o da Conven\u00e7\u00e3o Nacional do partido, que ser\u00e1 nos dias 21 e 22 de junho, em Bras\u00edlia. Pelo edital, a conven\u00e7\u00e3o ter\u00e1 o objetivo de aprovar o programa eleitoral do PSOL para as elei\u00e7\u00f5es de 2014; aprovar as alian\u00e7as nacional e homologar as [&hellip;]<\/p>\n","protected":false},"author":2,"featured_media":0,"comment_status":"open","ping_status":"open","sticky":false,"template":"","format":"standard","meta":{"_acf_changed":false,"footnotes":""},"categories":[4766,6,14],"tags":[22],"class_list":{"0":"post-2631","1":"post","2":"type-post","3":"status-publish","4":"format-standard","6":"category-arquivo","7":"category-noticias","8":"category-partido","9":"tag-psol"},"acf":[],"yoast_head":"<!-- This site is optimized with the Yoast SEO plugin v26.5 - https:\/\/yoast.com\/wordpress\/plugins\/seo\/ -->\n<title>Diret\u00f3rio do PSOL convoca Conven\u00e7\u00e3o Nacional para 21 e 22 de junho - PSOL 50<\/title>\n<meta name=\"robots\" content=\"index, follow, max-snippet:-1, max-image-preview:large, max-video-preview:-1\" \/>\n<link rel=\"canonical\" href=\"https:\/\/psol50.org.br\/diretorio-do-psol-convoca-convencao-nacional-para-21-e-22-de-junho\/\" \/>\n<meta property=\"og:locale\" content=\"pt_BR\" \/>\n<meta property=\"og:type\" content=\"article\" \/>\n<meta property=\"og:title\" content=\"Diret\u00f3rio do PSOL convoca Conven\u00e7\u00e3o Nacional para 21 e 22 de junho - PSOL 50\" \/>\n<meta property=\"og:description\" content=\"O Diret\u00f3rio Nacional do PSOL divulga nesta quarta-feira (19) o edital de convoca\u00e7\u00e3o da Conven\u00e7\u00e3o Nacional do partido, que ser\u00e1 nos dias 21 e 22 de junho, em Bras\u00edlia. Pelo edital, a conven\u00e7\u00e3o ter\u00e1 o objetivo de aprovar o programa eleitoral do PSOL para as elei\u00e7\u00f5es de 2014; aprovar as alian\u00e7as nacional e homologar as [&hellip;]\" \/>\n<meta property=\"og:url\" content=\"https:\/\/psol50.org.br\/diretorio-do-psol-convoca-convencao-nacional-para-21-e-22-de-junho\/\" \/>\n<meta property=\"og:site_name\" content=\"PSOL 50\" \/>\n<meta property=\"article:publisher\" content=\"https:\/\/www.facebook.com\/psol50\" \/>\n<meta property=\"article:published_time\" content=\"2014-03-19T16:19:31+00:00\" \/>\n<meta property=\"og:image\" content=\"https:\/\/psol50.org.br\/inc\/uploads\/2018\/07\/capa.png\" \/>\n\t<meta property=\"og:image:width\" content=\"1350\" \/>\n\t<meta property=\"og:image:height\" content=\"900\" \/>\n\t<meta property=\"og:image:type\" content=\"image\/png\" \/>\n<meta name=\"author\" content=\"Comunica\u00e7\u00e3o PSOL\" \/>\n<meta name=\"twitter:card\" content=\"summary_large_image\" \/>\n<meta name=\"twitter:creator\" content=\"@psol50\" \/>\n<meta name=\"twitter:site\" content=\"@psol50\" \/>\n<meta name=\"twitter:label1\" content=\"Escrito por\" \/>\n\t<meta name=\"twitter:data1\" content=\"Comunica\u00e7\u00e3o PSOL\" \/>\n\t<meta name=\"twitter:label2\" content=\"Est. tempo de leitura\" \/>\n\t<meta name=\"twitter:data2\" content=\"3 minutos\" \/>\n<script type=\"application\/ld+json\" class=\"yoast-schema-graph\">{\"@context\":\"https:\/\/schema.org\",\"@graph\":[{\"@type\":\"Article\",\"@id\":\"https:\/\/psol50.org.br\/diretorio-do-psol-convoca-convencao-nacional-para-21-e-22-de-junho\/#article\",\"isPartOf\":{\"@id\":\"https:\/\/psol50.org.br\/diretorio-do-psol-convoca-convencao-nacional-para-21-e-22-de-junho\/\"},\"author\":{\"name\":\"Comunica\u00e7\u00e3o PSOL\",\"@id\":\"https:\/\/psol50.org.br\/#\/schema\/person\/475dfa57d0b815993c714c2e96491fcd\"},\"headline\":\"Diret\u00f3rio do PSOL convoca Conven\u00e7\u00e3o Nacional para 21 e 22 de junho\",\"datePublished\":\"2014-03-19T16:19:31+00:00\",\"mainEntityOfPage\":{\"@id\":\"https:\/\/psol50.org.br\/diretorio-do-psol-convoca-convencao-nacional-para-21-e-22-de-junho\/\"},\"wordCount\":536,\"commentCount\":0,\"publisher\":{\"@id\":\"https:\/\/psol50.org.br\/#organization\"},\"keywords\":[\"PSOL\"],\"articleSection\":[\"Arquivo\",\"Not\u00edcias\",\"Partido\"],\"inLanguage\":\"pt-BR\",\"potentialAction\":[{\"@type\":\"CommentAction\",\"name\":\"Comment\",\"target\":[\"https:\/\/psol50.org.br\/diretorio-do-psol-convoca-convencao-nacional-para-21-e-22-de-junho\/#respond\"]}]},{\"@type\":\"WebPage\",\"@id\":\"https:\/\/psol50.org.br\/diretorio-do-psol-convoca-convencao-nacional-para-21-e-22-de-junho\/\",\"url\":\"https:\/\/psol50.org.br\/diretorio-do-psol-convoca-convencao-nacional-para-21-e-22-de-junho\/\",\"name\":\"Diret\u00f3rio do PSOL convoca Conven\u00e7\u00e3o Nacional para 21 e 22 de junho - PSOL 50\",\"isPartOf\":{\"@id\":\"https:\/\/psol50.org.br\/#website\"},\"datePublished\":\"2014-03-19T16:19:31+00:00\",\"breadcrumb\":{\"@id\":\"https:\/\/psol50.org.br\/diretorio-do-psol-convoca-convencao-nacional-para-21-e-22-de-junho\/#breadcrumb\"},\"inLanguage\":\"pt-BR\",\"potentialAction\":[{\"@type\":\"ReadAction\",\"target\":[\"https:\/\/psol50.org.br\/diretorio-do-psol-convoca-convencao-nacional-para-21-e-22-de-junho\/\"]}]},{\"@type\":\"BreadcrumbList\",\"@id\":\"https:\/\/psol50.org.br\/diretorio-do-psol-convoca-convencao-nacional-para-21-e-22-de-junho\/#breadcrumb\",\"itemListElement\":[{\"@type\":\"ListItem\",\"position\":1,\"name\":\"In\u00edcio\",\"item\":\"https:\/\/psol50.org.br\/\"},{\"@type\":\"ListItem\",\"position\":2,\"name\":\"Diret\u00f3rio do PSOL convoca Conven\u00e7\u00e3o Nacional para 21 e 22 de junho\"}]},{\"@type\":\"WebSite\",\"@id\":\"https:\/\/psol50.org.br\/#website\",\"url\":\"https:\/\/psol50.org.br\/\",\"name\":\"PSOL 50\",\"description\":\"Site oficial do Partido Socialismo e Liberdade\",\"publisher\":{\"@id\":\"https:\/\/psol50.org.br\/#organization\"},\"alternateName\":\"PSOL50\",\"potentialAction\":[{\"@type\":\"SearchAction\",\"target\":{\"@type\":\"EntryPoint\",\"urlTemplate\":\"https:\/\/psol50.org.br\/?s={search_term_string}\"},\"query-input\":{\"@type\":\"PropertyValueSpecification\",\"valueRequired\":true,\"valueName\":\"search_term_string\"}}],\"inLanguage\":\"pt-BR\"},{\"@type\":\"Organization\",\"@id\":\"https:\/\/psol50.org.br\/#organization\",\"name\":\"PSOL 50\",\"alternateName\":\"PSOL 50\",\"url\":\"https:\/\/psol50.org.br\/\",\"logo\":{\"@type\":\"ImageObject\",\"inLanguage\":\"pt-BR\",\"@id\":\"https:\/\/psol50.org.br\/#\/schema\/logo\/image\/\",\"url\":\"https:\/\/psol50.org.br\/inc\/uploads\/2018\/07\/capa.png\",\"contentUrl\":\"https:\/\/psol50.org.br\/inc\/uploads\/2018\/07\/capa.png\",\"width\":1350,\"height\":900,\"caption\":\"PSOL 50\"},\"image\":{\"@id\":\"https:\/\/psol50.org.br\/#\/schema\/logo\/image\/\"},\"sameAs\":[\"https:\/\/www.facebook.com\/psol50\",\"https:\/\/x.com\/psol50\",\"https:\/\/www.instagram.com\/psol50\/\",\"https:\/\/www.youtube.com\/channel\/UC7SnJS5o1os7a6CaiNabzcg\"]},{\"@type\":\"Person\",\"@id\":\"https:\/\/psol50.org.br\/#\/schema\/person\/475dfa57d0b815993c714c2e96491fcd\",\"name\":\"Comunica\u00e7\u00e3o PSOL\",\"image\":{\"@type\":\"ImageObject\",\"inLanguage\":\"pt-BR\",\"@id\":\"https:\/\/psol50.org.br\/#\/schema\/person\/image\/\",\"url\":\"https:\/\/secure.gravatar.com\/avatar\/b34fc4f4e468a4e51785917065a3db57b841f5c95dba6ad8c73aaf8f66f8f9bf?s=96&d=mm&r=g\",\"contentUrl\":\"https:\/\/secure.gravatar.com\/avatar\/b34fc4f4e468a4e51785917065a3db57b841f5c95dba6ad8c73aaf8f66f8f9bf?s=96&d=mm&r=g\",\"caption\":\"Comunica\u00e7\u00e3o PSOL\"}}]}<\/script>\n<!-- \/ Yoast SEO plugin. -->","yoast_head_json":{"title":"Diret\u00f3rio do PSOL convoca Conven\u00e7\u00e3o Nacional para 21 e 22 de junho - PSOL 50","robots":{"index":"index","follow":"follow","max-snippet":"max-snippet:-1","max-image-preview":"max-image-preview:large","max-video-preview":"max-video-preview:-1"},"canonical":"https:\/\/psol50.org.br\/diretorio-do-psol-convoca-convencao-nacional-para-21-e-22-de-junho\/","og_locale":"pt_BR","og_type":"article","og_title":"Diret\u00f3rio do PSOL convoca Conven\u00e7\u00e3o Nacional para 21 e 22 de junho - PSOL 50","og_description":"O Diret\u00f3rio Nacional do PSOL divulga nesta quarta-feira (19) o edital de convoca\u00e7\u00e3o da Conven\u00e7\u00e3o Nacional do partido, que ser\u00e1 nos dias 21 e 22 de junho, em Bras\u00edlia. Pelo edital, a conven\u00e7\u00e3o ter\u00e1 o objetivo de aprovar o programa eleitoral do PSOL para as elei\u00e7\u00f5es de 2014; aprovar as alian\u00e7as nacional e homologar as [&hellip;]","og_url":"https:\/\/psol50.org.br\/diretorio-do-psol-convoca-convencao-nacional-para-21-e-22-de-junho\/","og_site_name":"PSOL 50","article_publisher":"https:\/\/www.facebook.com\/psol50","article_published_time":"2014-03-19T16:19:31+00:00","og_image":[{"width":1350,"height":900,"url":"https:\/\/psol50.org.br\/inc\/uploads\/2018\/07\/capa.png","type":"image\/png"}],"author":"Comunica\u00e7\u00e3o PSOL","twitter_card":"summary_large_image","twitter_creator":"@psol50","twitter_site":"@psol50","twitter_misc":{"Escrito por":"Comunica\u00e7\u00e3o PSOL","Est. tempo de leitura":"3 minutos"},"schema":{"@context":"https:\/\/schema.org","@graph":[{"@type":"Article","@id":"https:\/\/psol50.org.br\/diretorio-do-psol-convoca-convencao-nacional-para-21-e-22-de-junho\/#article","isPartOf":{"@id":"https:\/\/psol50.org.br\/diretorio-do-psol-convoca-convencao-nacional-para-21-e-22-de-junho\/"},"author":{"name":"Comunica\u00e7\u00e3o PSOL","@id":"https:\/\/psol50.org.br\/#\/schema\/person\/475dfa57d0b815993c714c2e96491fcd"},"headline":"Diret\u00f3rio do PSOL convoca Conven\u00e7\u00e3o Nacional para 21 e 22 de junho","datePublished":"2014-03-19T16:19:31+00:00","mainEntityOfPage":{"@id":"https:\/\/psol50.org.br\/diretorio-do-psol-convoca-convencao-nacional-para-21-e-22-de-junho\/"},"wordCount":536,"commentCount":0,"publisher":{"@id":"https:\/\/psol50.org.br\/#organization"},"keywords":["PSOL"],"articleSection":["Arquivo","Not\u00edcias","Partido"],"inLanguage":"pt-BR","potentialAction":[{"@type":"CommentAction","name":"Comment","target":["https:\/\/psol50.org.br\/diretorio-do-psol-convoca-convencao-nacional-para-21-e-22-de-junho\/#respond"]}]},{"@type":"WebPage","@id":"https:\/\/psol50.org.br\/diretorio-do-psol-convoca-convencao-nacional-para-21-e-22-de-junho\/","url":"https:\/\/psol50.org.br\/diretorio-do-psol-convoca-convencao-nacional-para-21-e-22-de-junho\/","name":"Diret\u00f3rio do PSOL convoca Conven\u00e7\u00e3o Nacional para 21 e 22 de junho - PSOL 50","isPartOf":{"@id":"https:\/\/psol50.org.br\/#website"},"datePublished":"2014-03-19T16:19:31+00:00","breadcrumb":{"@id":"https:\/\/psol50.org.br\/diretorio-do-psol-convoca-convencao-nacional-para-21-e-22-de-junho\/#breadcrumb"},"inLanguage":"pt-BR","potentialAction":[{"@type":"ReadAction","target":["https:\/\/psol50.org.br\/diretorio-do-psol-convoca-convencao-nacional-para-21-e-22-de-junho\/"]}]},{"@type":"BreadcrumbList","@id":"https:\/\/psol50.org.br\/diretorio-do-psol-convoca-convencao-nacional-para-21-e-22-de-junho\/#breadcrumb","itemListElement":[{"@type":"ListItem","position":1,"name":"In\u00edcio","item":"https:\/\/psol50.org.br\/"},{"@type":"ListItem","position":2,"name":"Diret\u00f3rio do PSOL convoca Conven\u00e7\u00e3o Nacional para 21 e 22 de junho"}]},{"@type":"WebSite","@id":"https:\/\/psol50.org.br\/#website","url":"https:\/\/psol50.org.br\/","name":"PSOL 50","description":"Site oficial do Partido Socialismo e Liberdade","publisher":{"@id":"https:\/\/psol50.org.br\/#organization"},"alternateName":"PSOL50","potentialAction":[{"@type":"SearchAction","target":{"@type":"EntryPoint","urlTemplate":"https:\/\/psol50.org.br\/?s={search_term_string}"},"query-input":{"@type":"PropertyValueSpecification","valueRequired":true,"valueName":"search_term_string"}}],"inLanguage":"pt-BR"},{"@type":"Organization","@id":"https:\/\/psol50.org.br\/#organization","name":"PSOL 50","alternateName":"PSOL 50","url":"https:\/\/psol50.org.br\/","logo":{"@type":"ImageObject","inLanguage":"pt-BR","@id":"https:\/\/psol50.org.br\/#\/schema\/logo\/image\/","url":"https:\/\/psol50.org.br\/inc\/uploads\/2018\/07\/capa.png","contentUrl":"https:\/\/psol50.org.br\/inc\/uploads\/2018\/07\/capa.png","width":1350,"height":900,"caption":"PSOL 50"},"image":{"@id":"https:\/\/psol50.org.br\/#\/schema\/logo\/image\/"},"sameAs":["https:\/\/www.facebook.com\/psol50","https:\/\/x.com\/psol50","https:\/\/www.instagram.com\/psol50\/","https:\/\/www.youtube.com\/channel\/UC7SnJS5o1os7a6CaiNabzcg"]},{"@type":"Person","@id":"https:\/\/psol50.org.br\/#\/schema\/person\/475dfa57d0b815993c714c2e96491fcd","name":"Comunica\u00e7\u00e3o PSOL","image":{"@type":"ImageObject","inLanguage":"pt-BR","@id":"https:\/\/psol50.org.br\/#\/schema\/person\/image\/","url":"https:\/\/secure.gravatar.com\/avatar\/b34fc4f4e468a4e51785917065a3db57b841f5c95dba6ad8c73aaf8f66f8f9bf?s=96&d=mm&r=g","contentUrl":"https:\/\/secure.gravatar.com\/avatar\/b34fc4f4e468a4e51785917065a3db57b841f5c95dba6ad8c73aaf8f66f8f9bf?s=96&d=mm&r=g","caption":"Comunica\u00e7\u00e3o PSOL"}}]}},"_links":{"self":[{"href":"https:\/\/psol50.org.br\/rest\/wp\/v2\/posts\/2631","targetHints":{"allow":["GET"]}}],"collection":[{"href":"https:\/\/psol50.org.br\/rest\/wp\/v2\/posts"}],"about":[{"href":"https:\/\/psol50.org.br\/rest\/wp\/v2\/types\/post"}],"author":[{"embeddable":true,"href":"https:\/\/psol50.org.br\/rest\/wp\/v2\/users\/2"}],"replies":[{"embeddable":true,"href":"https:\/\/psol50.org.br\/rest\/wp\/v2\/comments?post=2631"}],"version-history":[{"count":0,"href":"https:\/\/psol50.org.br\/rest\/wp\/v2\/posts\/2631\/revisions"}],"wp:attachment":[{"href":"https:\/\/psol50.org.br\/rest\/wp\/v2\/media?parent=2631"}],"wp:term":[{"taxonomy":"category","embeddable":true,"href":"https:\/\/psol50.org.br\/rest\/wp\/v2\/categories?post=2631"},{"taxonomy":"post_tag","embeddable":true,"href":"https:\/\/psol50.org.br\/rest\/wp\/v2\/tags?post=2631"}],"curies":[{"name":"wp","href":"https:\/\/api.w.org\/{rel}","templated":true}]}}