{"id":26310,"date":"2019-08-29T16:24:10","date_gmt":"2019-08-29T19:24:10","guid":{"rendered":"http:\/\/psol50.org.br\/?p=26310"},"modified":"2019-08-29T16:24:10","modified_gmt":"2019-08-29T19:24:10","slug":"visibilidade-lesbica-2019","status":"publish","type":"post","link":"https:\/\/psol50.org.br\/visibilidade-lesbica-2019\/","title":{"rendered":"29\u00a0 de agosto: Dia da Visibilidade L\u00e9sbica"},"content":{"rendered":"<p class=\"p1\">A hist\u00f3ria como nos \u00e9 contada \u00e9 ass\u00e9ptica. Sem cor, sem g\u00eanero, sem povo. Somos fruto de toda a hist\u00f3ria da humanidade, especialmente a hist\u00f3ria da luta de classes. O que me faz lembrar de Eduardo Galeano, parafraseando um prov\u00e9rbio africano que diz: \u201cAt\u00e9 que os le\u00f5es tenham seus pr\u00f3prios historiadores, as hist\u00f3rias de ca\u00e7adas continuar\u00e3o glorificando o ca\u00e7ador.\u201d E no dia de hoje, em que marcamos o Dia da Visibilidade L\u00e9sbica, temos de ter o exerc\u00edcio cont\u00ednuo de contar a nossa pr\u00f3pria hist\u00f3ria e pincel\u00e1-la com todas as cores e dores que nos fazem ser quem somos hoje nesta sociedade.<\/p>\n<p class=\"p1\">Nossas dores n\u00e3o t\u00eam n\u00fameros. Somos v\u00e1rias, mortas e violentadas por sermos quem somos e assumirmos ao mundo nossa sexualidade e afetividade. Em estudo in\u00e9dito do Grupo de Estudo Lesboc\u00eddio, somente entre 2014 e 2017 foram registradas 126 mortes. Esses dados s\u00e3o obtidos por redes sociais, sites, jornais e notici\u00e1rios. Aliada a isso, a falta de sa\u00fade p\u00fablica espec\u00edfica nos faz contrair doen\u00e7as sexualmente transmiss\u00edveis pelo simples fato de n\u00e3o sermos um p\u00fablico relevante aos laborat\u00f3rios e farmac\u00eauticos.<\/p>\n<p class=\"p1\">Nossas cores s\u00e3o manchadas pela invisibilidade constante &#8211;<span class=\"Apple-converted-space\">\u00a0 <\/span>seja no meio social, seja no meio pol\u00edtico. Somos poucas nas casas legislativas, sendo que na maior delas, a C\u00e2mara Federal, n\u00e3o temos representa\u00e7\u00e3o. O preconceito e a discrimina\u00e7\u00e3o contra a exist\u00eancia l\u00e9sbica causa consequ\u00eancias irremedi\u00e1veis, levando de n\u00f3s refer\u00eancias como Marielle Franco.<\/p>\n<p class=\"p1\">Ainda assim, persistimos. A lesbofobia, assim como todas as fobias de g\u00eanero e sexualidade, \u00e9 parte de uma ideologia dominante, calcada no patriarcado, em ter repulsa pelo feminino, julgando assim necess\u00e1ria a presen\u00e7a masculina em todo e qualquer relacionamento. Ao negar o feminino, tentam negar e esconder a nossa hist\u00f3ria.<\/p>\n<p class=\"p1\">O amor entre duas mulheres, sejam elas cisg\u00eaneras ou transg\u00eaneras, continua sendo s\u00edmbolo de resist\u00eancia. Lembremo-nos das mulheres que subverteram a ordem, em meio a ditadura civil-militar brasileira, para vender o seu jornal \u201cChanacomchana\u201d no bar Ferros em SP. Lembremo-nos daquelas mulheres que em 1996 fizeram pela primeira vez um Semin\u00e1rio Nacional de L\u00e9sbicas. Lembremos, pois, neste cen\u00e1rio regressivo pol\u00edtico nacional, que o amor \u00e9 subversivo. O governo Bolsonaro que censura filmes com tem\u00e1ticas LGBTs, proibindo o patroc\u00ednio pela Ancine a produ\u00e7\u00f5es com essa tem\u00e1tica, tenta mais uma vez violar os direitos e a visibilidade conquistada nos \u00faltimos anos.<\/p>\n<p class=\"p1\">Por isso, um recado: n\u00e3o seremos n\u00f3s a gera\u00e7\u00e3o de sapat\u00f5es que voltar\u00e1 para os arm\u00e1rios.<\/p>\n<p class=\"p1\"><strong><em>Sara Azevedo, l\u00e9sbica e ativista LGBT e feminista, professora da rede estadual, coordenadora da rede Emancipa. Foi candidata a vice governadora de MG em 2018 pelo PSOL, sendo a \u00fanica l\u00e9sbica assumida em uma chapa para o executivo.<\/em><\/strong><\/p>\n","protected":false},"excerpt":{"rendered":"<p>A hist\u00f3ria como nos \u00e9 contada \u00e9 ass\u00e9ptica. Sem cor, sem g\u00eanero, sem povo. Somos fruto de toda a hist\u00f3ria da humanidade, especialmente a hist\u00f3ria da luta de classes. O que me faz lembrar de Eduardo Galeano, parafraseando um prov\u00e9rbio africano que diz: \u201cAt\u00e9 que os le\u00f5es tenham seus pr\u00f3prios historiadores, as hist\u00f3rias de ca\u00e7adas [&hellip;]<\/p>\n","protected":false},"author":2,"featured_media":25590,"comment_status":"closed","ping_status":"open","sticky":false,"template":"","format":"standard","meta":{"_acf_changed":false,"footnotes":""},"categories":[6],"tags":[1990,1991,22,1992],"class_list":{"0":"post-26310","1":"post","2":"type-post","3":"status-publish","4":"format-standard","5":"has-post-thumbnail","7":"category-noticias","8":"tag-dia","9":"tag-lesbica","10":"tag-psol","11":"tag-visibilidade"},"acf":[],"yoast_head":"<!-- This site is optimized with the Yoast SEO plugin v26.5 - https:\/\/yoast.com\/wordpress\/plugins\/seo\/ -->\n<title>29\u00a0 de agosto: Dia da Visibilidade L\u00e9sbica - PSOL 50<\/title>\n<meta name=\"description\" content=\"Artigo de Sara Azevedo, do PSOL MG, mandando um recado: n\u00e3o seremos n\u00f3s a gera\u00e7\u00e3o de sapat\u00f5es que voltar\u00e1 para os arm\u00e1rios.\" \/>\n<meta name=\"robots\" content=\"index, follow, max-snippet:-1, max-image-preview:large, max-video-preview:-1\" \/>\n<link rel=\"canonical\" href=\"https:\/\/psol50.org.br\/visibilidade-lesbica-2019\/\" \/>\n<meta property=\"og:locale\" content=\"pt_BR\" \/>\n<meta property=\"og:type\" content=\"article\" \/>\n<meta property=\"og:title\" content=\"29\u00a0 de agosto: Dia da Visibilidade L\u00e9sbica\" \/>\n<meta property=\"og:description\" content=\"Artigo de Sara Azevedo, do PSOL MG, mandando um recado: n\u00e3o seremos n\u00f3s a gera\u00e7\u00e3o de sapat\u00f5es que voltar\u00e1 para os arm\u00e1rios.\" \/>\n<meta property=\"og:url\" content=\"https:\/\/psol50.org.br\/visibilidade-lesbica-2019\/\" \/>\n<meta property=\"og:site_name\" content=\"PSOL 50\" \/>\n<meta property=\"article:publisher\" content=\"https:\/\/www.facebook.com\/psol50\" \/>\n<meta property=\"article:published_time\" content=\"2019-08-29T19:24:10+00:00\" \/>\n<meta property=\"og:image\" content=\"https:\/\/psol50.org.br\/inc\/uploads\/2018\/01\/cmfor-patiohype-46-e1560974177681.jpeg\" \/>\n\t<meta property=\"og:image:width\" content=\"300\" \/>\n\t<meta property=\"og:image:height\" content=\"200\" \/>\n\t<meta property=\"og:image:type\" content=\"image\/jpeg\" \/>\n<meta name=\"author\" content=\"Comunica\u00e7\u00e3o PSOL\" \/>\n<meta name=\"twitter:card\" content=\"summary_large_image\" \/>\n<meta name=\"twitter:title\" content=\"29\u00a0 de agosto: Dia da Visibilidade L\u00e9sbica\" \/>\n<meta name=\"twitter:description\" content=\"Artigo de Sara Azevedo, do PSOL MG, mandando um recado: n\u00e3o seremos n\u00f3s a gera\u00e7\u00e3o de sapat\u00f5es que voltar\u00e1 para os arm\u00e1rios.\" \/>\n<meta name=\"twitter:image\" content=\"https:\/\/psol50.org.br\/inc\/uploads\/2018\/01\/cmfor-patiohype-46-e1560974177681.jpeg\" \/>\n<meta name=\"twitter:creator\" content=\"@psol50\" \/>\n<meta name=\"twitter:site\" content=\"@psol50\" \/>\n<meta name=\"twitter:label1\" content=\"Escrito por\" \/>\n\t<meta name=\"twitter:data1\" content=\"Comunica\u00e7\u00e3o PSOL\" \/>\n\t<meta name=\"twitter:label2\" content=\"Est. tempo de leitura\" \/>\n\t<meta name=\"twitter:data2\" content=\"2 minutos\" \/>\n<script type=\"application\/ld+json\" class=\"yoast-schema-graph\">{\"@context\":\"https:\/\/schema.org\",\"@graph\":[{\"@type\":\"Article\",\"@id\":\"https:\/\/psol50.org.br\/visibilidade-lesbica-2019\/#article\",\"isPartOf\":{\"@id\":\"https:\/\/psol50.org.br\/visibilidade-lesbica-2019\/\"},\"author\":{\"name\":\"Comunica\u00e7\u00e3o PSOL\",\"@id\":\"https:\/\/psol50.org.br\/#\/schema\/person\/475dfa57d0b815993c714c2e96491fcd\"},\"headline\":\"29\u00a0 de agosto: Dia da Visibilidade L\u00e9sbica\",\"datePublished\":\"2019-08-29T19:24:10+00:00\",\"mainEntityOfPage\":{\"@id\":\"https:\/\/psol50.org.br\/visibilidade-lesbica-2019\/\"},\"wordCount\":501,\"publisher\":{\"@id\":\"https:\/\/psol50.org.br\/#organization\"},\"image\":{\"@id\":\"https:\/\/psol50.org.br\/visibilidade-lesbica-2019\/#primaryimage\"},\"thumbnailUrl\":\"https:\/\/psol50.org.br\/inc\/uploads\/2018\/01\/cmfor-patiohype-46-e1560974177681.jpeg\",\"keywords\":[\"dia\",\"l\u00e9sbica\",\"PSOL\",\"visibilidade\"],\"articleSection\":[\"Not\u00edcias\"],\"inLanguage\":\"pt-BR\"},{\"@type\":\"WebPage\",\"@id\":\"https:\/\/psol50.org.br\/visibilidade-lesbica-2019\/\",\"url\":\"https:\/\/psol50.org.br\/visibilidade-lesbica-2019\/\",\"name\":\"29\u00a0 de agosto: Dia da Visibilidade L\u00e9sbica - PSOL 50\",\"isPartOf\":{\"@id\":\"https:\/\/psol50.org.br\/#website\"},\"primaryImageOfPage\":{\"@id\":\"https:\/\/psol50.org.br\/visibilidade-lesbica-2019\/#primaryimage\"},\"image\":{\"@id\":\"https:\/\/psol50.org.br\/visibilidade-lesbica-2019\/#primaryimage\"},\"thumbnailUrl\":\"https:\/\/psol50.org.br\/inc\/uploads\/2018\/01\/cmfor-patiohype-46-e1560974177681.jpeg\",\"datePublished\":\"2019-08-29T19:24:10+00:00\",\"description\":\"Artigo de Sara Azevedo, do PSOL MG, mandando um recado: n\u00e3o seremos n\u00f3s a gera\u00e7\u00e3o de sapat\u00f5es que voltar\u00e1 para os arm\u00e1rios.\",\"breadcrumb\":{\"@id\":\"https:\/\/psol50.org.br\/visibilidade-lesbica-2019\/#breadcrumb\"},\"inLanguage\":\"pt-BR\",\"potentialAction\":[{\"@type\":\"ReadAction\",\"target\":[\"https:\/\/psol50.org.br\/visibilidade-lesbica-2019\/\"]}]},{\"@type\":\"ImageObject\",\"inLanguage\":\"pt-BR\",\"@id\":\"https:\/\/psol50.org.br\/visibilidade-lesbica-2019\/#primaryimage\",\"url\":\"https:\/\/psol50.org.br\/inc\/uploads\/2018\/01\/cmfor-patiohype-46-e1560974177681.jpeg\",\"contentUrl\":\"https:\/\/psol50.org.br\/inc\/uploads\/2018\/01\/cmfor-patiohype-46-e1560974177681.jpeg\",\"width\":300,\"height\":200},{\"@type\":\"BreadcrumbList\",\"@id\":\"https:\/\/psol50.org.br\/visibilidade-lesbica-2019\/#breadcrumb\",\"itemListElement\":[{\"@type\":\"ListItem\",\"position\":1,\"name\":\"In\u00edcio\",\"item\":\"https:\/\/psol50.org.br\/\"},{\"@type\":\"ListItem\",\"position\":2,\"name\":\"29\u00a0 de agosto: Dia da Visibilidade L\u00e9sbica\"}]},{\"@type\":\"WebSite\",\"@id\":\"https:\/\/psol50.org.br\/#website\",\"url\":\"https:\/\/psol50.org.br\/\",\"name\":\"PSOL 50\",\"description\":\"Site oficial do Partido Socialismo e Liberdade\",\"publisher\":{\"@id\":\"https:\/\/psol50.org.br\/#organization\"},\"alternateName\":\"PSOL50\",\"potentialAction\":[{\"@type\":\"SearchAction\",\"target\":{\"@type\":\"EntryPoint\",\"urlTemplate\":\"https:\/\/psol50.org.br\/?s={search_term_string}\"},\"query-input\":{\"@type\":\"PropertyValueSpecification\",\"valueRequired\":true,\"valueName\":\"search_term_string\"}}],\"inLanguage\":\"pt-BR\"},{\"@type\":\"Organization\",\"@id\":\"https:\/\/psol50.org.br\/#organization\",\"name\":\"PSOL 50\",\"alternateName\":\"PSOL 50\",\"url\":\"https:\/\/psol50.org.br\/\",\"logo\":{\"@type\":\"ImageObject\",\"inLanguage\":\"pt-BR\",\"@id\":\"https:\/\/psol50.org.br\/#\/schema\/logo\/image\/\",\"url\":\"https:\/\/psol50.org.br\/inc\/uploads\/2018\/07\/capa.png\",\"contentUrl\":\"https:\/\/psol50.org.br\/inc\/uploads\/2018\/07\/capa.png\",\"width\":1350,\"height\":900,\"caption\":\"PSOL 50\"},\"image\":{\"@id\":\"https:\/\/psol50.org.br\/#\/schema\/logo\/image\/\"},\"sameAs\":[\"https:\/\/www.facebook.com\/psol50\",\"https:\/\/x.com\/psol50\",\"https:\/\/www.instagram.com\/psol50\/\",\"https:\/\/www.youtube.com\/channel\/UC7SnJS5o1os7a6CaiNabzcg\"]},{\"@type\":\"Person\",\"@id\":\"https:\/\/psol50.org.br\/#\/schema\/person\/475dfa57d0b815993c714c2e96491fcd\",\"name\":\"Comunica\u00e7\u00e3o PSOL\",\"image\":{\"@type\":\"ImageObject\",\"inLanguage\":\"pt-BR\",\"@id\":\"https:\/\/psol50.org.br\/#\/schema\/person\/image\/\",\"url\":\"https:\/\/secure.gravatar.com\/avatar\/b34fc4f4e468a4e51785917065a3db57b841f5c95dba6ad8c73aaf8f66f8f9bf?s=96&d=mm&r=g\",\"contentUrl\":\"https:\/\/secure.gravatar.com\/avatar\/b34fc4f4e468a4e51785917065a3db57b841f5c95dba6ad8c73aaf8f66f8f9bf?s=96&d=mm&r=g\",\"caption\":\"Comunica\u00e7\u00e3o PSOL\"}}]}<\/script>\n<!-- \/ Yoast SEO plugin. -->","yoast_head_json":{"title":"29\u00a0 de agosto: Dia da Visibilidade L\u00e9sbica - PSOL 50","description":"Artigo de Sara Azevedo, do PSOL MG, mandando um recado: n\u00e3o seremos n\u00f3s a gera\u00e7\u00e3o de sapat\u00f5es que voltar\u00e1 para os arm\u00e1rios.","robots":{"index":"index","follow":"follow","max-snippet":"max-snippet:-1","max-image-preview":"max-image-preview:large","max-video-preview":"max-video-preview:-1"},"canonical":"https:\/\/psol50.org.br\/visibilidade-lesbica-2019\/","og_locale":"pt_BR","og_type":"article","og_title":"29\u00a0 de agosto: Dia da Visibilidade L\u00e9sbica","og_description":"Artigo de Sara Azevedo, do PSOL MG, mandando um recado: n\u00e3o seremos n\u00f3s a gera\u00e7\u00e3o de sapat\u00f5es que voltar\u00e1 para os arm\u00e1rios.","og_url":"https:\/\/psol50.org.br\/visibilidade-lesbica-2019\/","og_site_name":"PSOL 50","article_publisher":"https:\/\/www.facebook.com\/psol50","article_published_time":"2019-08-29T19:24:10+00:00","og_image":[{"width":300,"height":200,"url":"https:\/\/psol50.org.br\/inc\/uploads\/2018\/01\/cmfor-patiohype-46-e1560974177681.jpeg","type":"image\/jpeg"}],"author":"Comunica\u00e7\u00e3o PSOL","twitter_card":"summary_large_image","twitter_title":"29\u00a0 de agosto: Dia da Visibilidade L\u00e9sbica","twitter_description":"Artigo de Sara Azevedo, do PSOL MG, mandando um recado: n\u00e3o seremos n\u00f3s a gera\u00e7\u00e3o de sapat\u00f5es que voltar\u00e1 para os arm\u00e1rios.","twitter_image":"https:\/\/psol50.org.br\/inc\/uploads\/2018\/01\/cmfor-patiohype-46-e1560974177681.jpeg","twitter_creator":"@psol50","twitter_site":"@psol50","twitter_misc":{"Escrito por":"Comunica\u00e7\u00e3o PSOL","Est. tempo de leitura":"2 minutos"},"schema":{"@context":"https:\/\/schema.org","@graph":[{"@type":"Article","@id":"https:\/\/psol50.org.br\/visibilidade-lesbica-2019\/#article","isPartOf":{"@id":"https:\/\/psol50.org.br\/visibilidade-lesbica-2019\/"},"author":{"name":"Comunica\u00e7\u00e3o PSOL","@id":"https:\/\/psol50.org.br\/#\/schema\/person\/475dfa57d0b815993c714c2e96491fcd"},"headline":"29\u00a0 de agosto: Dia da Visibilidade L\u00e9sbica","datePublished":"2019-08-29T19:24:10+00:00","mainEntityOfPage":{"@id":"https:\/\/psol50.org.br\/visibilidade-lesbica-2019\/"},"wordCount":501,"publisher":{"@id":"https:\/\/psol50.org.br\/#organization"},"image":{"@id":"https:\/\/psol50.org.br\/visibilidade-lesbica-2019\/#primaryimage"},"thumbnailUrl":"https:\/\/psol50.org.br\/inc\/uploads\/2018\/01\/cmfor-patiohype-46-e1560974177681.jpeg","keywords":["dia","l\u00e9sbica","PSOL","visibilidade"],"articleSection":["Not\u00edcias"],"inLanguage":"pt-BR"},{"@type":"WebPage","@id":"https:\/\/psol50.org.br\/visibilidade-lesbica-2019\/","url":"https:\/\/psol50.org.br\/visibilidade-lesbica-2019\/","name":"29\u00a0 de agosto: Dia da Visibilidade L\u00e9sbica - PSOL 50","isPartOf":{"@id":"https:\/\/psol50.org.br\/#website"},"primaryImageOfPage":{"@id":"https:\/\/psol50.org.br\/visibilidade-lesbica-2019\/#primaryimage"},"image":{"@id":"https:\/\/psol50.org.br\/visibilidade-lesbica-2019\/#primaryimage"},"thumbnailUrl":"https:\/\/psol50.org.br\/inc\/uploads\/2018\/01\/cmfor-patiohype-46-e1560974177681.jpeg","datePublished":"2019-08-29T19:24:10+00:00","description":"Artigo de Sara Azevedo, do PSOL MG, mandando um recado: n\u00e3o seremos n\u00f3s a gera\u00e7\u00e3o de sapat\u00f5es que voltar\u00e1 para os arm\u00e1rios.","breadcrumb":{"@id":"https:\/\/psol50.org.br\/visibilidade-lesbica-2019\/#breadcrumb"},"inLanguage":"pt-BR","potentialAction":[{"@type":"ReadAction","target":["https:\/\/psol50.org.br\/visibilidade-lesbica-2019\/"]}]},{"@type":"ImageObject","inLanguage":"pt-BR","@id":"https:\/\/psol50.org.br\/visibilidade-lesbica-2019\/#primaryimage","url":"https:\/\/psol50.org.br\/inc\/uploads\/2018\/01\/cmfor-patiohype-46-e1560974177681.jpeg","contentUrl":"https:\/\/psol50.org.br\/inc\/uploads\/2018\/01\/cmfor-patiohype-46-e1560974177681.jpeg","width":300,"height":200},{"@type":"BreadcrumbList","@id":"https:\/\/psol50.org.br\/visibilidade-lesbica-2019\/#breadcrumb","itemListElement":[{"@type":"ListItem","position":1,"name":"In\u00edcio","item":"https:\/\/psol50.org.br\/"},{"@type":"ListItem","position":2,"name":"29\u00a0 de agosto: Dia da Visibilidade L\u00e9sbica"}]},{"@type":"WebSite","@id":"https:\/\/psol50.org.br\/#website","url":"https:\/\/psol50.org.br\/","name":"PSOL 50","description":"Site oficial do Partido Socialismo e Liberdade","publisher":{"@id":"https:\/\/psol50.org.br\/#organization"},"alternateName":"PSOL50","potentialAction":[{"@type":"SearchAction","target":{"@type":"EntryPoint","urlTemplate":"https:\/\/psol50.org.br\/?s={search_term_string}"},"query-input":{"@type":"PropertyValueSpecification","valueRequired":true,"valueName":"search_term_string"}}],"inLanguage":"pt-BR"},{"@type":"Organization","@id":"https:\/\/psol50.org.br\/#organization","name":"PSOL 50","alternateName":"PSOL 50","url":"https:\/\/psol50.org.br\/","logo":{"@type":"ImageObject","inLanguage":"pt-BR","@id":"https:\/\/psol50.org.br\/#\/schema\/logo\/image\/","url":"https:\/\/psol50.org.br\/inc\/uploads\/2018\/07\/capa.png","contentUrl":"https:\/\/psol50.org.br\/inc\/uploads\/2018\/07\/capa.png","width":1350,"height":900,"caption":"PSOL 50"},"image":{"@id":"https:\/\/psol50.org.br\/#\/schema\/logo\/image\/"},"sameAs":["https:\/\/www.facebook.com\/psol50","https:\/\/x.com\/psol50","https:\/\/www.instagram.com\/psol50\/","https:\/\/www.youtube.com\/channel\/UC7SnJS5o1os7a6CaiNabzcg"]},{"@type":"Person","@id":"https:\/\/psol50.org.br\/#\/schema\/person\/475dfa57d0b815993c714c2e96491fcd","name":"Comunica\u00e7\u00e3o PSOL","image":{"@type":"ImageObject","inLanguage":"pt-BR","@id":"https:\/\/psol50.org.br\/#\/schema\/person\/image\/","url":"https:\/\/secure.gravatar.com\/avatar\/b34fc4f4e468a4e51785917065a3db57b841f5c95dba6ad8c73aaf8f66f8f9bf?s=96&d=mm&r=g","contentUrl":"https:\/\/secure.gravatar.com\/avatar\/b34fc4f4e468a4e51785917065a3db57b841f5c95dba6ad8c73aaf8f66f8f9bf?s=96&d=mm&r=g","caption":"Comunica\u00e7\u00e3o PSOL"}}]}},"_links":{"self":[{"href":"https:\/\/psol50.org.br\/rest\/wp\/v2\/posts\/26310","targetHints":{"allow":["GET"]}}],"collection":[{"href":"https:\/\/psol50.org.br\/rest\/wp\/v2\/posts"}],"about":[{"href":"https:\/\/psol50.org.br\/rest\/wp\/v2\/types\/post"}],"author":[{"embeddable":true,"href":"https:\/\/psol50.org.br\/rest\/wp\/v2\/users\/2"}],"replies":[{"embeddable":true,"href":"https:\/\/psol50.org.br\/rest\/wp\/v2\/comments?post=26310"}],"version-history":[{"count":0,"href":"https:\/\/psol50.org.br\/rest\/wp\/v2\/posts\/26310\/revisions"}],"wp:featuredmedia":[{"embeddable":true,"href":"https:\/\/psol50.org.br\/rest\/wp\/v2\/media\/25590"}],"wp:attachment":[{"href":"https:\/\/psol50.org.br\/rest\/wp\/v2\/media?parent=26310"}],"wp:term":[{"taxonomy":"category","embeddable":true,"href":"https:\/\/psol50.org.br\/rest\/wp\/v2\/categories?post=26310"},{"taxonomy":"post_tag","embeddable":true,"href":"https:\/\/psol50.org.br\/rest\/wp\/v2\/tags?post=26310"}],"curies":[{"name":"wp","href":"https:\/\/api.w.org\/{rel}","templated":true}]}}