{"id":26312,"date":"2019-08-29T17:08:56","date_gmt":"2019-08-29T20:08:56","guid":{"rendered":"http:\/\/psol50.org.br\/?p=26312"},"modified":"2019-08-29T17:08:56","modified_gmt":"2019-08-29T20:08:56","slug":"psol-quer-tirar-sigilo-de-visitas-a-bolsonaro-no-palacio-da-alvorada","status":"publish","type":"post","link":"https:\/\/psol50.org.br\/psol-quer-tirar-sigilo-de-visitas-a-bolsonaro-no-palacio-da-alvorada\/","title":{"rendered":"PSOL quer tirar sigilo de visitas a Bolsonaro no Pal\u00e1cio da Alvorada"},"content":{"rendered":"<p>Na \u00faltima quarta-feira (28), a imprensa revelou que o governo de Jair Bolsonaro decretou sigilo de 5 anos sobre a lista de quem entra e sai dos Pal\u00e1cios da Alvorada e do Jaburu, resid\u00eancias oficiais tanto do presidente como do vice-presidente, General Hamilton Mour\u00e3o.<\/p>\n<p>A resposta do PSOL a esta medida, que abala a j\u00e1 pouca transpar\u00eancia do governo federal, foi praticamente instant\u00e2nea. O l\u00edder do partido na C\u00e2mara, Ivan Valente, protocolou na C\u00e2mara dos Deputados um requerimento de informa\u00e7\u00f5es com uma longa sequ\u00eancia de perguntas sobre o m\u00e9todo usado para tomar esta decis\u00e3o de classificar os dados de quem visita o presidente como sigilosos.<\/p>\n<p>No requerimento do PSOL, o argumento \u00e9 simples: &#8220;n\u00e3o h\u00e1 nenhuma hip\u00f3tese que justifique a referida restri\u00e7\u00e3o de acesso\u201d. A \u00faltima vez que um presidente decretou este mesmo tipo de sigilo foi quando o ex-presidente Michel Temer foi flagrado em uma grava\u00e7\u00e3o do empres\u00e1rio Joesley Batista, da JBS. Como \u00e9 f\u00e1cil perceber, o sigilo \u00e9 utilizado sempre que h\u00e1 algo comprometedor a ser escondido.<\/p>\n<p>A pergunta b\u00e1sica que escancara o casu\u00edsmo da decis\u00e3o presidencial \u00e9 a seguinte: se a agenda do presidente da Rep\u00fablica \u00e9 p\u00fablica, por que a lista de visitantes \u00e0 resid\u00eancia oficial n\u00e3o \u00e9? O que o presidente tem a esconder?<\/p>\n","protected":false},"excerpt":{"rendered":"<p>Na \u00faltima quarta-feira (28), a imprensa revelou que o governo de Jair Bolsonaro decretou sigilo de 5 anos sobre a lista de quem entra e sai dos Pal\u00e1cios da Alvorada e do Jaburu, resid\u00eancias oficiais tanto do presidente como do vice-presidente, General Hamilton Mour\u00e3o. A resposta do PSOL a esta medida, que abala a j\u00e1 [&hellip;]<\/p>\n","protected":false},"author":2,"featured_media":26209,"comment_status":"closed","ping_status":"open","sticky":false,"template":"","format":"standard","meta":{"_acf_changed":false,"footnotes":""},"categories":[10,6],"tags":[56,1993,22,658,990,1994],"class_list":{"0":"post-26312","1":"post","2":"type-post","3":"status-publish","4":"format-standard","5":"has-post-thumbnail","7":"category-acao-parlamentares","8":"category-noticias","9":"tag-bolsonaro","10":"tag-palacio-do-planalto","11":"tag-psol","12":"tag-requerimento","13":"tag-sigilo","14":"tag-visitantes"},"acf":[],"yoast_head":"<!-- This site is optimized with the Yoast SEO plugin v26.5 - https:\/\/yoast.com\/wordpress\/plugins\/seo\/ -->\n<title>PSOL quer tirar sigilo de visitas a Bolsonaro no Pal\u00e1cio da Alvorada<\/title>\n<meta name=\"description\" content=\"Se a agenda do presidente da Rep\u00fablica \u00e9 p\u00fablica, por que a lista de visitantes \u00e0 resid\u00eancia oficial n\u00e3o \u00e9?\" \/>\n<meta name=\"robots\" content=\"index, follow, max-snippet:-1, max-image-preview:large, max-video-preview:-1\" \/>\n<link rel=\"canonical\" href=\"https:\/\/psol50.org.br\/psol-quer-tirar-sigilo-de-visitas-a-bolsonaro-no-palacio-da-alvorada\/\" \/>\n<meta property=\"og:locale\" content=\"pt_BR\" \/>\n<meta property=\"og:type\" content=\"article\" \/>\n<meta property=\"og:title\" content=\"PSOL quer tirar sigilo de visitas a Bolsonaro no Pal\u00e1cio da Alvorada\" \/>\n<meta property=\"og:description\" content=\"Se a agenda do presidente da Rep\u00fablica \u00e9 p\u00fablica, por que a lista de visitantes \u00e0 resid\u00eancia oficial n\u00e3o \u00e9?\" \/>\n<meta property=\"og:url\" content=\"https:\/\/psol50.org.br\/psol-quer-tirar-sigilo-de-visitas-a-bolsonaro-no-palacio-da-alvorada\/\" \/>\n<meta property=\"og:site_name\" content=\"PSOL 50\" \/>\n<meta property=\"article:publisher\" content=\"https:\/\/www.facebook.com\/psol50\" \/>\n<meta property=\"article:published_time\" content=\"2019-08-29T20:08:56+00:00\" \/>\n<meta property=\"og:image\" content=\"https:\/\/psol50.org.br\/inc\/uploads\/2019\/08\/Bolsonaro.-Antonio-Cruzagencia-Brasil.jpg\" \/>\n\t<meta property=\"og:image:width\" content=\"1140\" \/>\n\t<meta property=\"og:image:height\" content=\"760\" \/>\n\t<meta property=\"og:image:type\" content=\"image\/jpeg\" \/>\n<meta name=\"author\" content=\"Comunica\u00e7\u00e3o PSOL\" \/>\n<meta name=\"twitter:card\" content=\"summary_large_image\" \/>\n<meta name=\"twitter:title\" content=\"PSOL quer tirar sigilo de visitas a Bolsonaro no Pal\u00e1cio da Alvorada\" \/>\n<meta name=\"twitter:description\" content=\"Se a agenda do presidente da Rep\u00fablica \u00e9 p\u00fablica, por que a lista de visitantes \u00e0 resid\u00eancia oficial n\u00e3o \u00e9?\" \/>\n<meta name=\"twitter:image\" content=\"https:\/\/psol50.org.br\/inc\/uploads\/2019\/08\/Bolsonaro.-Antonio-Cruzagencia-Brasil.jpg\" \/>\n<meta name=\"twitter:creator\" content=\"@psol50\" \/>\n<meta name=\"twitter:site\" content=\"@psol50\" \/>\n<meta name=\"twitter:label1\" content=\"Escrito por\" \/>\n\t<meta name=\"twitter:data1\" content=\"Comunica\u00e7\u00e3o PSOL\" \/>\n\t<meta name=\"twitter:label2\" content=\"Est. tempo de leitura\" \/>\n\t<meta name=\"twitter:data2\" content=\"1 minuto\" \/>\n<script type=\"application\/ld+json\" class=\"yoast-schema-graph\">{\"@context\":\"https:\/\/schema.org\",\"@graph\":[{\"@type\":\"Article\",\"@id\":\"https:\/\/psol50.org.br\/psol-quer-tirar-sigilo-de-visitas-a-bolsonaro-no-palacio-da-alvorada\/#article\",\"isPartOf\":{\"@id\":\"https:\/\/psol50.org.br\/psol-quer-tirar-sigilo-de-visitas-a-bolsonaro-no-palacio-da-alvorada\/\"},\"author\":{\"name\":\"Comunica\u00e7\u00e3o PSOL\",\"@id\":\"https:\/\/psol50.org.br\/#\/schema\/person\/475dfa57d0b815993c714c2e96491fcd\"},\"headline\":\"PSOL quer tirar sigilo de visitas a Bolsonaro no Pal\u00e1cio da Alvorada\",\"datePublished\":\"2019-08-29T20:08:56+00:00\",\"mainEntityOfPage\":{\"@id\":\"https:\/\/psol50.org.br\/psol-quer-tirar-sigilo-de-visitas-a-bolsonaro-no-palacio-da-alvorada\/\"},\"wordCount\":238,\"publisher\":{\"@id\":\"https:\/\/psol50.org.br\/#organization\"},\"image\":{\"@id\":\"https:\/\/psol50.org.br\/psol-quer-tirar-sigilo-de-visitas-a-bolsonaro-no-palacio-da-alvorada\/#primaryimage\"},\"thumbnailUrl\":\"https:\/\/psol50.org.br\/inc\/uploads\/2019\/08\/Bolsonaro.-Antonio-Cruzagencia-Brasil.jpg\",\"keywords\":[\"Bolsonaro\",\"Pal\u00e1cio do Planalto\",\"PSOL\",\"requerimento\",\"sigilo\",\"visitantes\"],\"articleSection\":[\"A\u00e7\u00e3o Parlamentar\",\"Not\u00edcias\"],\"inLanguage\":\"pt-BR\"},{\"@type\":\"WebPage\",\"@id\":\"https:\/\/psol50.org.br\/psol-quer-tirar-sigilo-de-visitas-a-bolsonaro-no-palacio-da-alvorada\/\",\"url\":\"https:\/\/psol50.org.br\/psol-quer-tirar-sigilo-de-visitas-a-bolsonaro-no-palacio-da-alvorada\/\",\"name\":\"PSOL quer tirar sigilo de visitas a Bolsonaro no Pal\u00e1cio da Alvorada\",\"isPartOf\":{\"@id\":\"https:\/\/psol50.org.br\/#website\"},\"primaryImageOfPage\":{\"@id\":\"https:\/\/psol50.org.br\/psol-quer-tirar-sigilo-de-visitas-a-bolsonaro-no-palacio-da-alvorada\/#primaryimage\"},\"image\":{\"@id\":\"https:\/\/psol50.org.br\/psol-quer-tirar-sigilo-de-visitas-a-bolsonaro-no-palacio-da-alvorada\/#primaryimage\"},\"thumbnailUrl\":\"https:\/\/psol50.org.br\/inc\/uploads\/2019\/08\/Bolsonaro.-Antonio-Cruzagencia-Brasil.jpg\",\"datePublished\":\"2019-08-29T20:08:56+00:00\",\"description\":\"Se a agenda do presidente da Rep\u00fablica \u00e9 p\u00fablica, por que a lista de visitantes \u00e0 resid\u00eancia oficial n\u00e3o \u00e9?\",\"breadcrumb\":{\"@id\":\"https:\/\/psol50.org.br\/psol-quer-tirar-sigilo-de-visitas-a-bolsonaro-no-palacio-da-alvorada\/#breadcrumb\"},\"inLanguage\":\"pt-BR\",\"potentialAction\":[{\"@type\":\"ReadAction\",\"target\":[\"https:\/\/psol50.org.br\/psol-quer-tirar-sigilo-de-visitas-a-bolsonaro-no-palacio-da-alvorada\/\"]}]},{\"@type\":\"ImageObject\",\"inLanguage\":\"pt-BR\",\"@id\":\"https:\/\/psol50.org.br\/psol-quer-tirar-sigilo-de-visitas-a-bolsonaro-no-palacio-da-alvorada\/#primaryimage\",\"url\":\"https:\/\/psol50.org.br\/inc\/uploads\/2019\/08\/Bolsonaro.-Antonio-Cruzagencia-Brasil.jpg\",\"contentUrl\":\"https:\/\/psol50.org.br\/inc\/uploads\/2019\/08\/Bolsonaro.-Antonio-Cruzagencia-Brasil.jpg\",\"width\":1140,\"height\":760,\"caption\":\"Foto: Antonio Cruz\/Ag\u00eancia Brasil\"},{\"@type\":\"BreadcrumbList\",\"@id\":\"https:\/\/psol50.org.br\/psol-quer-tirar-sigilo-de-visitas-a-bolsonaro-no-palacio-da-alvorada\/#breadcrumb\",\"itemListElement\":[{\"@type\":\"ListItem\",\"position\":1,\"name\":\"In\u00edcio\",\"item\":\"https:\/\/psol50.org.br\/\"},{\"@type\":\"ListItem\",\"position\":2,\"name\":\"PSOL quer tirar sigilo de visitas a Bolsonaro no Pal\u00e1cio da Alvorada\"}]},{\"@type\":\"WebSite\",\"@id\":\"https:\/\/psol50.org.br\/#website\",\"url\":\"https:\/\/psol50.org.br\/\",\"name\":\"PSOL 50\",\"description\":\"Site oficial do Partido Socialismo e Liberdade\",\"publisher\":{\"@id\":\"https:\/\/psol50.org.br\/#organization\"},\"alternateName\":\"PSOL50\",\"potentialAction\":[{\"@type\":\"SearchAction\",\"target\":{\"@type\":\"EntryPoint\",\"urlTemplate\":\"https:\/\/psol50.org.br\/?s={search_term_string}\"},\"query-input\":{\"@type\":\"PropertyValueSpecification\",\"valueRequired\":true,\"valueName\":\"search_term_string\"}}],\"inLanguage\":\"pt-BR\"},{\"@type\":\"Organization\",\"@id\":\"https:\/\/psol50.org.br\/#organization\",\"name\":\"PSOL 50\",\"alternateName\":\"PSOL 50\",\"url\":\"https:\/\/psol50.org.br\/\",\"logo\":{\"@type\":\"ImageObject\",\"inLanguage\":\"pt-BR\",\"@id\":\"https:\/\/psol50.org.br\/#\/schema\/logo\/image\/\",\"url\":\"https:\/\/psol50.org.br\/inc\/uploads\/2018\/07\/capa.png\",\"contentUrl\":\"https:\/\/psol50.org.br\/inc\/uploads\/2018\/07\/capa.png\",\"width\":1350,\"height\":900,\"caption\":\"PSOL 50\"},\"image\":{\"@id\":\"https:\/\/psol50.org.br\/#\/schema\/logo\/image\/\"},\"sameAs\":[\"https:\/\/www.facebook.com\/psol50\",\"https:\/\/x.com\/psol50\",\"https:\/\/www.instagram.com\/psol50\/\",\"https:\/\/www.youtube.com\/channel\/UC7SnJS5o1os7a6CaiNabzcg\"]},{\"@type\":\"Person\",\"@id\":\"https:\/\/psol50.org.br\/#\/schema\/person\/475dfa57d0b815993c714c2e96491fcd\",\"name\":\"Comunica\u00e7\u00e3o PSOL\",\"image\":{\"@type\":\"ImageObject\",\"inLanguage\":\"pt-BR\",\"@id\":\"https:\/\/psol50.org.br\/#\/schema\/person\/image\/\",\"url\":\"https:\/\/secure.gravatar.com\/avatar\/b34fc4f4e468a4e51785917065a3db57b841f5c95dba6ad8c73aaf8f66f8f9bf?s=96&d=mm&r=g\",\"contentUrl\":\"https:\/\/secure.gravatar.com\/avatar\/b34fc4f4e468a4e51785917065a3db57b841f5c95dba6ad8c73aaf8f66f8f9bf?s=96&d=mm&r=g\",\"caption\":\"Comunica\u00e7\u00e3o PSOL\"}}]}<\/script>\n<!-- \/ Yoast SEO plugin. -->","yoast_head_json":{"title":"PSOL quer tirar sigilo de visitas a Bolsonaro no Pal\u00e1cio da Alvorada","description":"Se a agenda do presidente da Rep\u00fablica \u00e9 p\u00fablica, por que a lista de visitantes \u00e0 resid\u00eancia oficial n\u00e3o \u00e9?","robots":{"index":"index","follow":"follow","max-snippet":"max-snippet:-1","max-image-preview":"max-image-preview:large","max-video-preview":"max-video-preview:-1"},"canonical":"https:\/\/psol50.org.br\/psol-quer-tirar-sigilo-de-visitas-a-bolsonaro-no-palacio-da-alvorada\/","og_locale":"pt_BR","og_type":"article","og_title":"PSOL quer tirar sigilo de visitas a Bolsonaro no Pal\u00e1cio da Alvorada","og_description":"Se a agenda do presidente da Rep\u00fablica \u00e9 p\u00fablica, por que a lista de visitantes \u00e0 resid\u00eancia oficial n\u00e3o \u00e9?","og_url":"https:\/\/psol50.org.br\/psol-quer-tirar-sigilo-de-visitas-a-bolsonaro-no-palacio-da-alvorada\/","og_site_name":"PSOL 50","article_publisher":"https:\/\/www.facebook.com\/psol50","article_published_time":"2019-08-29T20:08:56+00:00","og_image":[{"width":1140,"height":760,"url":"https:\/\/psol50.org.br\/inc\/uploads\/2019\/08\/Bolsonaro.-Antonio-Cruzagencia-Brasil.jpg","type":"image\/jpeg"}],"author":"Comunica\u00e7\u00e3o PSOL","twitter_card":"summary_large_image","twitter_title":"PSOL quer tirar sigilo de visitas a Bolsonaro no Pal\u00e1cio da Alvorada","twitter_description":"Se a agenda do presidente da Rep\u00fablica \u00e9 p\u00fablica, por que a lista de visitantes \u00e0 resid\u00eancia oficial n\u00e3o \u00e9?","twitter_image":"https:\/\/psol50.org.br\/inc\/uploads\/2019\/08\/Bolsonaro.-Antonio-Cruzagencia-Brasil.jpg","twitter_creator":"@psol50","twitter_site":"@psol50","twitter_misc":{"Escrito por":"Comunica\u00e7\u00e3o PSOL","Est. tempo de leitura":"1 minuto"},"schema":{"@context":"https:\/\/schema.org","@graph":[{"@type":"Article","@id":"https:\/\/psol50.org.br\/psol-quer-tirar-sigilo-de-visitas-a-bolsonaro-no-palacio-da-alvorada\/#article","isPartOf":{"@id":"https:\/\/psol50.org.br\/psol-quer-tirar-sigilo-de-visitas-a-bolsonaro-no-palacio-da-alvorada\/"},"author":{"name":"Comunica\u00e7\u00e3o PSOL","@id":"https:\/\/psol50.org.br\/#\/schema\/person\/475dfa57d0b815993c714c2e96491fcd"},"headline":"PSOL quer tirar sigilo de visitas a Bolsonaro no Pal\u00e1cio da Alvorada","datePublished":"2019-08-29T20:08:56+00:00","mainEntityOfPage":{"@id":"https:\/\/psol50.org.br\/psol-quer-tirar-sigilo-de-visitas-a-bolsonaro-no-palacio-da-alvorada\/"},"wordCount":238,"publisher":{"@id":"https:\/\/psol50.org.br\/#organization"},"image":{"@id":"https:\/\/psol50.org.br\/psol-quer-tirar-sigilo-de-visitas-a-bolsonaro-no-palacio-da-alvorada\/#primaryimage"},"thumbnailUrl":"https:\/\/psol50.org.br\/inc\/uploads\/2019\/08\/Bolsonaro.-Antonio-Cruzagencia-Brasil.jpg","keywords":["Bolsonaro","Pal\u00e1cio do Planalto","PSOL","requerimento","sigilo","visitantes"],"articleSection":["A\u00e7\u00e3o Parlamentar","Not\u00edcias"],"inLanguage":"pt-BR"},{"@type":"WebPage","@id":"https:\/\/psol50.org.br\/psol-quer-tirar-sigilo-de-visitas-a-bolsonaro-no-palacio-da-alvorada\/","url":"https:\/\/psol50.org.br\/psol-quer-tirar-sigilo-de-visitas-a-bolsonaro-no-palacio-da-alvorada\/","name":"PSOL quer tirar sigilo de visitas a Bolsonaro no Pal\u00e1cio da Alvorada","isPartOf":{"@id":"https:\/\/psol50.org.br\/#website"},"primaryImageOfPage":{"@id":"https:\/\/psol50.org.br\/psol-quer-tirar-sigilo-de-visitas-a-bolsonaro-no-palacio-da-alvorada\/#primaryimage"},"image":{"@id":"https:\/\/psol50.org.br\/psol-quer-tirar-sigilo-de-visitas-a-bolsonaro-no-palacio-da-alvorada\/#primaryimage"},"thumbnailUrl":"https:\/\/psol50.org.br\/inc\/uploads\/2019\/08\/Bolsonaro.-Antonio-Cruzagencia-Brasil.jpg","datePublished":"2019-08-29T20:08:56+00:00","description":"Se a agenda do presidente da Rep\u00fablica \u00e9 p\u00fablica, por que a lista de visitantes \u00e0 resid\u00eancia oficial n\u00e3o \u00e9?","breadcrumb":{"@id":"https:\/\/psol50.org.br\/psol-quer-tirar-sigilo-de-visitas-a-bolsonaro-no-palacio-da-alvorada\/#breadcrumb"},"inLanguage":"pt-BR","potentialAction":[{"@type":"ReadAction","target":["https:\/\/psol50.org.br\/psol-quer-tirar-sigilo-de-visitas-a-bolsonaro-no-palacio-da-alvorada\/"]}]},{"@type":"ImageObject","inLanguage":"pt-BR","@id":"https:\/\/psol50.org.br\/psol-quer-tirar-sigilo-de-visitas-a-bolsonaro-no-palacio-da-alvorada\/#primaryimage","url":"https:\/\/psol50.org.br\/inc\/uploads\/2019\/08\/Bolsonaro.-Antonio-Cruzagencia-Brasil.jpg","contentUrl":"https:\/\/psol50.org.br\/inc\/uploads\/2019\/08\/Bolsonaro.-Antonio-Cruzagencia-Brasil.jpg","width":1140,"height":760,"caption":"Foto: Antonio Cruz\/Ag\u00eancia Brasil"},{"@type":"BreadcrumbList","@id":"https:\/\/psol50.org.br\/psol-quer-tirar-sigilo-de-visitas-a-bolsonaro-no-palacio-da-alvorada\/#breadcrumb","itemListElement":[{"@type":"ListItem","position":1,"name":"In\u00edcio","item":"https:\/\/psol50.org.br\/"},{"@type":"ListItem","position":2,"name":"PSOL quer tirar sigilo de visitas a Bolsonaro no Pal\u00e1cio da Alvorada"}]},{"@type":"WebSite","@id":"https:\/\/psol50.org.br\/#website","url":"https:\/\/psol50.org.br\/","name":"PSOL 50","description":"Site oficial do Partido Socialismo e Liberdade","publisher":{"@id":"https:\/\/psol50.org.br\/#organization"},"alternateName":"PSOL50","potentialAction":[{"@type":"SearchAction","target":{"@type":"EntryPoint","urlTemplate":"https:\/\/psol50.org.br\/?s={search_term_string}"},"query-input":{"@type":"PropertyValueSpecification","valueRequired":true,"valueName":"search_term_string"}}],"inLanguage":"pt-BR"},{"@type":"Organization","@id":"https:\/\/psol50.org.br\/#organization","name":"PSOL 50","alternateName":"PSOL 50","url":"https:\/\/psol50.org.br\/","logo":{"@type":"ImageObject","inLanguage":"pt-BR","@id":"https:\/\/psol50.org.br\/#\/schema\/logo\/image\/","url":"https:\/\/psol50.org.br\/inc\/uploads\/2018\/07\/capa.png","contentUrl":"https:\/\/psol50.org.br\/inc\/uploads\/2018\/07\/capa.png","width":1350,"height":900,"caption":"PSOL 50"},"image":{"@id":"https:\/\/psol50.org.br\/#\/schema\/logo\/image\/"},"sameAs":["https:\/\/www.facebook.com\/psol50","https:\/\/x.com\/psol50","https:\/\/www.instagram.com\/psol50\/","https:\/\/www.youtube.com\/channel\/UC7SnJS5o1os7a6CaiNabzcg"]},{"@type":"Person","@id":"https:\/\/psol50.org.br\/#\/schema\/person\/475dfa57d0b815993c714c2e96491fcd","name":"Comunica\u00e7\u00e3o PSOL","image":{"@type":"ImageObject","inLanguage":"pt-BR","@id":"https:\/\/psol50.org.br\/#\/schema\/person\/image\/","url":"https:\/\/secure.gravatar.com\/avatar\/b34fc4f4e468a4e51785917065a3db57b841f5c95dba6ad8c73aaf8f66f8f9bf?s=96&d=mm&r=g","contentUrl":"https:\/\/secure.gravatar.com\/avatar\/b34fc4f4e468a4e51785917065a3db57b841f5c95dba6ad8c73aaf8f66f8f9bf?s=96&d=mm&r=g","caption":"Comunica\u00e7\u00e3o PSOL"}}]}},"_links":{"self":[{"href":"https:\/\/psol50.org.br\/rest\/wp\/v2\/posts\/26312","targetHints":{"allow":["GET"]}}],"collection":[{"href":"https:\/\/psol50.org.br\/rest\/wp\/v2\/posts"}],"about":[{"href":"https:\/\/psol50.org.br\/rest\/wp\/v2\/types\/post"}],"author":[{"embeddable":true,"href":"https:\/\/psol50.org.br\/rest\/wp\/v2\/users\/2"}],"replies":[{"embeddable":true,"href":"https:\/\/psol50.org.br\/rest\/wp\/v2\/comments?post=26312"}],"version-history":[{"count":0,"href":"https:\/\/psol50.org.br\/rest\/wp\/v2\/posts\/26312\/revisions"}],"wp:featuredmedia":[{"embeddable":true,"href":"https:\/\/psol50.org.br\/rest\/wp\/v2\/media\/26209"}],"wp:attachment":[{"href":"https:\/\/psol50.org.br\/rest\/wp\/v2\/media?parent=26312"}],"wp:term":[{"taxonomy":"category","embeddable":true,"href":"https:\/\/psol50.org.br\/rest\/wp\/v2\/categories?post=26312"},{"taxonomy":"post_tag","embeddable":true,"href":"https:\/\/psol50.org.br\/rest\/wp\/v2\/tags?post=26312"}],"curies":[{"name":"wp","href":"https:\/\/api.w.org\/{rel}","templated":true}]}}