{"id":26314,"date":"2019-09-02T18:43:06","date_gmt":"2019-09-02T21:43:06","guid":{"rendered":"http:\/\/psol50.org.br\/?p=26314"},"modified":"2019-09-02T18:43:06","modified_gmt":"2019-09-02T21:43:06","slug":"psol-entra-na-justica-para-garantir-que-dados-do-inpe-pemanecam-publicos","status":"publish","type":"post","link":"https:\/\/psol50.org.br\/psol-entra-na-justica-para-garantir-que-dados-do-inpe-pemanecam-publicos\/","title":{"rendered":"PSOL entra na justi\u00e7a para garantir que dados do INPE pemane\u00e7am p\u00fablicos"},"content":{"rendered":"<p>Em meio \u00e0 crise ambiental pela qual passa o Brasil diante das queimadas na Amaz\u00f4nia e as amea\u00e7as de censura recorrentes por parte do governo Bolsonaro \u00e0 divulga\u00e7\u00e3o e ao acesso dos dados divulgados pelo Instituto Nacional de Pesquisas Espaciais (INPE), o PSOL, atrav\u00e9s da deputada federal Fernanda Melchionna, entrou com mandado de seguran\u00e7a nessa quinta-feira (29) no Superior Tribunal de Justi\u00e7a para garantir o acesso p\u00fablico permanente aos dados do INPE.<\/p>\n<p>O mandado \u00e9 contra o Minist\u00e9rio da Ci\u00eancia, Tecnologia, Inova\u00e7\u00f5es e Comunica\u00e7\u00f5es (MCTIC). O ministro Marcos Pontes afirmou recentemente que os dados do instituto n\u00e3o deveriam ser divulgados ao p\u00fablico, ou que deveriam passar por avalia\u00e7\u00e3o pr\u00e9via dos \u00f3rg\u00e3os governamentais. Em diversas ocasi\u00f5es os dados sobre o crescente desmatamento no Brasil n\u00e3o somente foram descreditados pelo governo, como tamb\u00e9m sua divulga\u00e7\u00e3o foi amea\u00e7ada de censura.<\/p>\n<p>A pr\u00f3pria demiss\u00e3o do ex-diretor do INPE, Ricardo Galv\u00e3o, foi motivada pelo desgosto por parte de Bolsonaro em rela\u00e7\u00e3o \u00e0 divulga\u00e7\u00e3o dos dados sobre o crescente desmatamento no Brasil. Os dados do Deter na Amaz\u00f4nia, que faz o levantamento de alertas de evid\u00eancias de altera\u00e7\u00e3o da cobertura florestal na regi\u00e3o, mostraram um aumento de 278% nos alertas de desmatamento no m\u00eas de julho em compara\u00e7\u00e3o ao mesmo m\u00eas de 2018.<\/p>\n<p>\u201cO Brasil corre um risco grave com um governo que quer limitar o acesso e divulga\u00e7\u00e3o dos dados produzidos por essas plataformas de monitoramento ambiental. Enquanto o Brasil assiste alarmado a esse crime ambiental na Amaz\u00f4nia, o governo desmente dados cient\u00edficos para construir a narrativa a seu bel prazer e desmonta os \u00f3rg\u00e3os de fiscaliza\u00e7\u00e3o e controle ambiental\u201d, disse Melchionna.<\/p>\n","protected":false},"excerpt":{"rendered":"<p>Em meio \u00e0 crise ambiental pela qual passa o Brasil diante das queimadas na Amaz\u00f4nia e as amea\u00e7as de censura recorrentes por parte do governo Bolsonaro \u00e0 divulga\u00e7\u00e3o e ao acesso dos dados divulgados pelo Instituto Nacional de Pesquisas Espaciais (INPE), o PSOL, atrav\u00e9s da deputada federal Fernanda Melchionna, entrou com mandado de seguran\u00e7a nessa [&hellip;]<\/p>\n","protected":false},"author":2,"featured_media":26094,"comment_status":"closed","ping_status":"open","sticky":false,"template":"","format":"standard","meta":{"_acf_changed":false,"footnotes":""},"categories":[6],"tags":[96,927,928,54,1951,22],"class_list":{"0":"post-26314","1":"post","2":"type-post","3":"status-publish","4":"format-standard","5":"has-post-thumbnail","7":"category-noticias","8":"tag-amazonia","9":"tag-desmatamento","10":"tag-inpe","11":"tag-justica","12":"tag-marcos-pontes","13":"tag-psol"},"acf":[],"yoast_head":"<!-- This site is optimized with the Yoast SEO plugin v26.5 - https:\/\/yoast.com\/wordpress\/plugins\/seo\/ -->\n<title>PSOL entra na justi\u00e7a para garantir que dados do INPE pemane\u00e7am p\u00fablicos<\/title>\n<meta name=\"description\" content=\"Ministro de Bolsonaro afirmou recentemente que dados sobre desmatamento deveriam ser censurados.\" \/>\n<meta name=\"robots\" content=\"index, follow, max-snippet:-1, max-image-preview:large, max-video-preview:-1\" \/>\n<link rel=\"canonical\" href=\"https:\/\/psol50.org.br\/psol-entra-na-justica-para-garantir-que-dados-do-inpe-pemanecam-publicos\/\" \/>\n<meta property=\"og:locale\" content=\"pt_BR\" \/>\n<meta property=\"og:type\" content=\"article\" \/>\n<meta property=\"og:title\" content=\"PSOL entra na justi\u00e7a para garantir que dados do INPE pemane\u00e7am p\u00fablicos\" \/>\n<meta property=\"og:description\" content=\"Ministro de Bolsonaro afirmou recentemente que dados sobre desmatamento deveriam ser censurados.\" \/>\n<meta property=\"og:url\" content=\"https:\/\/psol50.org.br\/psol-entra-na-justica-para-garantir-que-dados-do-inpe-pemanecam-publicos\/\" \/>\n<meta property=\"og:site_name\" content=\"PSOL 50\" \/>\n<meta property=\"article:publisher\" content=\"https:\/\/www.facebook.com\/psol50\" \/>\n<meta property=\"article:published_time\" content=\"2019-09-02T21:43:06+00:00\" \/>\n<meta property=\"og:image\" content=\"https:\/\/psol50.org.br\/inc\/uploads\/2019\/08\/15638165465d35f26295242_1563816546_3x2_lg-1-1140x610-1.jpg\" \/>\n\t<meta property=\"og:image:width\" content=\"1140\" \/>\n\t<meta property=\"og:image:height\" content=\"610\" \/>\n\t<meta property=\"og:image:type\" content=\"image\/jpeg\" \/>\n<meta name=\"author\" content=\"Comunica\u00e7\u00e3o PSOL\" \/>\n<meta name=\"twitter:card\" content=\"summary_large_image\" \/>\n<meta name=\"twitter:title\" content=\"PSOL entra na justi\u00e7a para garantir que dados do INPE pemane\u00e7am p\u00fablicos\" \/>\n<meta name=\"twitter:description\" content=\"Ministro de Bolsonaro afirmou recentemente que dados sobre desmatamento deveriam ser censurados.\" \/>\n<meta name=\"twitter:image\" content=\"https:\/\/psol50.org.br\/inc\/uploads\/2019\/08\/15638165465d35f26295242_1563816546_3x2_lg-1-1140x610-1.jpg\" \/>\n<meta name=\"twitter:creator\" content=\"@psol50\" \/>\n<meta name=\"twitter:site\" content=\"@psol50\" \/>\n<meta name=\"twitter:label1\" content=\"Escrito por\" \/>\n\t<meta name=\"twitter:data1\" content=\"Comunica\u00e7\u00e3o PSOL\" \/>\n\t<meta name=\"twitter:label2\" content=\"Est. tempo de leitura\" \/>\n\t<meta name=\"twitter:data2\" content=\"1 minuto\" \/>\n<script type=\"application\/ld+json\" class=\"yoast-schema-graph\">{\"@context\":\"https:\/\/schema.org\",\"@graph\":[{\"@type\":\"Article\",\"@id\":\"https:\/\/psol50.org.br\/psol-entra-na-justica-para-garantir-que-dados-do-inpe-pemanecam-publicos\/#article\",\"isPartOf\":{\"@id\":\"https:\/\/psol50.org.br\/psol-entra-na-justica-para-garantir-que-dados-do-inpe-pemanecam-publicos\/\"},\"author\":{\"name\":\"Comunica\u00e7\u00e3o PSOL\",\"@id\":\"https:\/\/psol50.org.br\/#\/schema\/person\/475dfa57d0b815993c714c2e96491fcd\"},\"headline\":\"PSOL entra na justi\u00e7a para garantir que dados do INPE pemane\u00e7am p\u00fablicos\",\"datePublished\":\"2019-09-02T21:43:06+00:00\",\"mainEntityOfPage\":{\"@id\":\"https:\/\/psol50.org.br\/psol-entra-na-justica-para-garantir-que-dados-do-inpe-pemanecam-publicos\/\"},\"wordCount\":313,\"publisher\":{\"@id\":\"https:\/\/psol50.org.br\/#organization\"},\"image\":{\"@id\":\"https:\/\/psol50.org.br\/psol-entra-na-justica-para-garantir-que-dados-do-inpe-pemanecam-publicos\/#primaryimage\"},\"thumbnailUrl\":\"https:\/\/psol50.org.br\/inc\/uploads\/2019\/08\/15638165465d35f26295242_1563816546_3x2_lg-1-1140x610-1.jpg\",\"keywords\":[\"Amaz\u00f4nia\",\"desmatamento\",\"inpe\",\"justi\u00e7a\",\"marcos pontes\",\"PSOL\"],\"articleSection\":[\"Not\u00edcias\"],\"inLanguage\":\"pt-BR\"},{\"@type\":\"WebPage\",\"@id\":\"https:\/\/psol50.org.br\/psol-entra-na-justica-para-garantir-que-dados-do-inpe-pemanecam-publicos\/\",\"url\":\"https:\/\/psol50.org.br\/psol-entra-na-justica-para-garantir-que-dados-do-inpe-pemanecam-publicos\/\",\"name\":\"PSOL entra na justi\u00e7a para garantir que dados do INPE pemane\u00e7am p\u00fablicos\",\"isPartOf\":{\"@id\":\"https:\/\/psol50.org.br\/#website\"},\"primaryImageOfPage\":{\"@id\":\"https:\/\/psol50.org.br\/psol-entra-na-justica-para-garantir-que-dados-do-inpe-pemanecam-publicos\/#primaryimage\"},\"image\":{\"@id\":\"https:\/\/psol50.org.br\/psol-entra-na-justica-para-garantir-que-dados-do-inpe-pemanecam-publicos\/#primaryimage\"},\"thumbnailUrl\":\"https:\/\/psol50.org.br\/inc\/uploads\/2019\/08\/15638165465d35f26295242_1563816546_3x2_lg-1-1140x610-1.jpg\",\"datePublished\":\"2019-09-02T21:43:06+00:00\",\"description\":\"Ministro de Bolsonaro afirmou recentemente que dados sobre desmatamento deveriam ser censurados.\",\"breadcrumb\":{\"@id\":\"https:\/\/psol50.org.br\/psol-entra-na-justica-para-garantir-que-dados-do-inpe-pemanecam-publicos\/#breadcrumb\"},\"inLanguage\":\"pt-BR\",\"potentialAction\":[{\"@type\":\"ReadAction\",\"target\":[\"https:\/\/psol50.org.br\/psol-entra-na-justica-para-garantir-que-dados-do-inpe-pemanecam-publicos\/\"]}]},{\"@type\":\"ImageObject\",\"inLanguage\":\"pt-BR\",\"@id\":\"https:\/\/psol50.org.br\/psol-entra-na-justica-para-garantir-que-dados-do-inpe-pemanecam-publicos\/#primaryimage\",\"url\":\"https:\/\/psol50.org.br\/inc\/uploads\/2019\/08\/15638165465d35f26295242_1563816546_3x2_lg-1-1140x610-1.jpg\",\"contentUrl\":\"https:\/\/psol50.org.br\/inc\/uploads\/2019\/08\/15638165465d35f26295242_1563816546_3x2_lg-1-1140x610-1.jpg\",\"width\":1140,\"height\":610,\"caption\":\"Foto: Valter Campanato\/Ag\u00eancia Brasil\"},{\"@type\":\"BreadcrumbList\",\"@id\":\"https:\/\/psol50.org.br\/psol-entra-na-justica-para-garantir-que-dados-do-inpe-pemanecam-publicos\/#breadcrumb\",\"itemListElement\":[{\"@type\":\"ListItem\",\"position\":1,\"name\":\"In\u00edcio\",\"item\":\"https:\/\/psol50.org.br\/\"},{\"@type\":\"ListItem\",\"position\":2,\"name\":\"PSOL entra na justi\u00e7a para garantir que dados do INPE pemane\u00e7am p\u00fablicos\"}]},{\"@type\":\"WebSite\",\"@id\":\"https:\/\/psol50.org.br\/#website\",\"url\":\"https:\/\/psol50.org.br\/\",\"name\":\"PSOL 50\",\"description\":\"Site oficial do Partido Socialismo e Liberdade\",\"publisher\":{\"@id\":\"https:\/\/psol50.org.br\/#organization\"},\"alternateName\":\"PSOL50\",\"potentialAction\":[{\"@type\":\"SearchAction\",\"target\":{\"@type\":\"EntryPoint\",\"urlTemplate\":\"https:\/\/psol50.org.br\/?s={search_term_string}\"},\"query-input\":{\"@type\":\"PropertyValueSpecification\",\"valueRequired\":true,\"valueName\":\"search_term_string\"}}],\"inLanguage\":\"pt-BR\"},{\"@type\":\"Organization\",\"@id\":\"https:\/\/psol50.org.br\/#organization\",\"name\":\"PSOL 50\",\"alternateName\":\"PSOL 50\",\"url\":\"https:\/\/psol50.org.br\/\",\"logo\":{\"@type\":\"ImageObject\",\"inLanguage\":\"pt-BR\",\"@id\":\"https:\/\/psol50.org.br\/#\/schema\/logo\/image\/\",\"url\":\"https:\/\/psol50.org.br\/inc\/uploads\/2018\/07\/capa.png\",\"contentUrl\":\"https:\/\/psol50.org.br\/inc\/uploads\/2018\/07\/capa.png\",\"width\":1350,\"height\":900,\"caption\":\"PSOL 50\"},\"image\":{\"@id\":\"https:\/\/psol50.org.br\/#\/schema\/logo\/image\/\"},\"sameAs\":[\"https:\/\/www.facebook.com\/psol50\",\"https:\/\/x.com\/psol50\",\"https:\/\/www.instagram.com\/psol50\/\",\"https:\/\/www.youtube.com\/channel\/UC7SnJS5o1os7a6CaiNabzcg\"]},{\"@type\":\"Person\",\"@id\":\"https:\/\/psol50.org.br\/#\/schema\/person\/475dfa57d0b815993c714c2e96491fcd\",\"name\":\"Comunica\u00e7\u00e3o PSOL\",\"image\":{\"@type\":\"ImageObject\",\"inLanguage\":\"pt-BR\",\"@id\":\"https:\/\/psol50.org.br\/#\/schema\/person\/image\/\",\"url\":\"https:\/\/secure.gravatar.com\/avatar\/b34fc4f4e468a4e51785917065a3db57b841f5c95dba6ad8c73aaf8f66f8f9bf?s=96&d=mm&r=g\",\"contentUrl\":\"https:\/\/secure.gravatar.com\/avatar\/b34fc4f4e468a4e51785917065a3db57b841f5c95dba6ad8c73aaf8f66f8f9bf?s=96&d=mm&r=g\",\"caption\":\"Comunica\u00e7\u00e3o PSOL\"}}]}<\/script>\n<!-- \/ Yoast SEO plugin. -->","yoast_head_json":{"title":"PSOL entra na justi\u00e7a para garantir que dados do INPE pemane\u00e7am p\u00fablicos","description":"Ministro de Bolsonaro afirmou recentemente que dados sobre desmatamento deveriam ser censurados.","robots":{"index":"index","follow":"follow","max-snippet":"max-snippet:-1","max-image-preview":"max-image-preview:large","max-video-preview":"max-video-preview:-1"},"canonical":"https:\/\/psol50.org.br\/psol-entra-na-justica-para-garantir-que-dados-do-inpe-pemanecam-publicos\/","og_locale":"pt_BR","og_type":"article","og_title":"PSOL entra na justi\u00e7a para garantir que dados do INPE pemane\u00e7am p\u00fablicos","og_description":"Ministro de Bolsonaro afirmou recentemente que dados sobre desmatamento deveriam ser censurados.","og_url":"https:\/\/psol50.org.br\/psol-entra-na-justica-para-garantir-que-dados-do-inpe-pemanecam-publicos\/","og_site_name":"PSOL 50","article_publisher":"https:\/\/www.facebook.com\/psol50","article_published_time":"2019-09-02T21:43:06+00:00","og_image":[{"width":1140,"height":610,"url":"https:\/\/psol50.org.br\/inc\/uploads\/2019\/08\/15638165465d35f26295242_1563816546_3x2_lg-1-1140x610-1.jpg","type":"image\/jpeg"}],"author":"Comunica\u00e7\u00e3o PSOL","twitter_card":"summary_large_image","twitter_title":"PSOL entra na justi\u00e7a para garantir que dados do INPE pemane\u00e7am p\u00fablicos","twitter_description":"Ministro de Bolsonaro afirmou recentemente que dados sobre desmatamento deveriam ser censurados.","twitter_image":"https:\/\/psol50.org.br\/inc\/uploads\/2019\/08\/15638165465d35f26295242_1563816546_3x2_lg-1-1140x610-1.jpg","twitter_creator":"@psol50","twitter_site":"@psol50","twitter_misc":{"Escrito por":"Comunica\u00e7\u00e3o PSOL","Est. tempo de leitura":"1 minuto"},"schema":{"@context":"https:\/\/schema.org","@graph":[{"@type":"Article","@id":"https:\/\/psol50.org.br\/psol-entra-na-justica-para-garantir-que-dados-do-inpe-pemanecam-publicos\/#article","isPartOf":{"@id":"https:\/\/psol50.org.br\/psol-entra-na-justica-para-garantir-que-dados-do-inpe-pemanecam-publicos\/"},"author":{"name":"Comunica\u00e7\u00e3o PSOL","@id":"https:\/\/psol50.org.br\/#\/schema\/person\/475dfa57d0b815993c714c2e96491fcd"},"headline":"PSOL entra na justi\u00e7a para garantir que dados do INPE pemane\u00e7am p\u00fablicos","datePublished":"2019-09-02T21:43:06+00:00","mainEntityOfPage":{"@id":"https:\/\/psol50.org.br\/psol-entra-na-justica-para-garantir-que-dados-do-inpe-pemanecam-publicos\/"},"wordCount":313,"publisher":{"@id":"https:\/\/psol50.org.br\/#organization"},"image":{"@id":"https:\/\/psol50.org.br\/psol-entra-na-justica-para-garantir-que-dados-do-inpe-pemanecam-publicos\/#primaryimage"},"thumbnailUrl":"https:\/\/psol50.org.br\/inc\/uploads\/2019\/08\/15638165465d35f26295242_1563816546_3x2_lg-1-1140x610-1.jpg","keywords":["Amaz\u00f4nia","desmatamento","inpe","justi\u00e7a","marcos pontes","PSOL"],"articleSection":["Not\u00edcias"],"inLanguage":"pt-BR"},{"@type":"WebPage","@id":"https:\/\/psol50.org.br\/psol-entra-na-justica-para-garantir-que-dados-do-inpe-pemanecam-publicos\/","url":"https:\/\/psol50.org.br\/psol-entra-na-justica-para-garantir-que-dados-do-inpe-pemanecam-publicos\/","name":"PSOL entra na justi\u00e7a para garantir que dados do INPE pemane\u00e7am p\u00fablicos","isPartOf":{"@id":"https:\/\/psol50.org.br\/#website"},"primaryImageOfPage":{"@id":"https:\/\/psol50.org.br\/psol-entra-na-justica-para-garantir-que-dados-do-inpe-pemanecam-publicos\/#primaryimage"},"image":{"@id":"https:\/\/psol50.org.br\/psol-entra-na-justica-para-garantir-que-dados-do-inpe-pemanecam-publicos\/#primaryimage"},"thumbnailUrl":"https:\/\/psol50.org.br\/inc\/uploads\/2019\/08\/15638165465d35f26295242_1563816546_3x2_lg-1-1140x610-1.jpg","datePublished":"2019-09-02T21:43:06+00:00","description":"Ministro de Bolsonaro afirmou recentemente que dados sobre desmatamento deveriam ser censurados.","breadcrumb":{"@id":"https:\/\/psol50.org.br\/psol-entra-na-justica-para-garantir-que-dados-do-inpe-pemanecam-publicos\/#breadcrumb"},"inLanguage":"pt-BR","potentialAction":[{"@type":"ReadAction","target":["https:\/\/psol50.org.br\/psol-entra-na-justica-para-garantir-que-dados-do-inpe-pemanecam-publicos\/"]}]},{"@type":"ImageObject","inLanguage":"pt-BR","@id":"https:\/\/psol50.org.br\/psol-entra-na-justica-para-garantir-que-dados-do-inpe-pemanecam-publicos\/#primaryimage","url":"https:\/\/psol50.org.br\/inc\/uploads\/2019\/08\/15638165465d35f26295242_1563816546_3x2_lg-1-1140x610-1.jpg","contentUrl":"https:\/\/psol50.org.br\/inc\/uploads\/2019\/08\/15638165465d35f26295242_1563816546_3x2_lg-1-1140x610-1.jpg","width":1140,"height":610,"caption":"Foto: Valter Campanato\/Ag\u00eancia Brasil"},{"@type":"BreadcrumbList","@id":"https:\/\/psol50.org.br\/psol-entra-na-justica-para-garantir-que-dados-do-inpe-pemanecam-publicos\/#breadcrumb","itemListElement":[{"@type":"ListItem","position":1,"name":"In\u00edcio","item":"https:\/\/psol50.org.br\/"},{"@type":"ListItem","position":2,"name":"PSOL entra na justi\u00e7a para garantir que dados do INPE pemane\u00e7am p\u00fablicos"}]},{"@type":"WebSite","@id":"https:\/\/psol50.org.br\/#website","url":"https:\/\/psol50.org.br\/","name":"PSOL 50","description":"Site oficial do Partido Socialismo e Liberdade","publisher":{"@id":"https:\/\/psol50.org.br\/#organization"},"alternateName":"PSOL50","potentialAction":[{"@type":"SearchAction","target":{"@type":"EntryPoint","urlTemplate":"https:\/\/psol50.org.br\/?s={search_term_string}"},"query-input":{"@type":"PropertyValueSpecification","valueRequired":true,"valueName":"search_term_string"}}],"inLanguage":"pt-BR"},{"@type":"Organization","@id":"https:\/\/psol50.org.br\/#organization","name":"PSOL 50","alternateName":"PSOL 50","url":"https:\/\/psol50.org.br\/","logo":{"@type":"ImageObject","inLanguage":"pt-BR","@id":"https:\/\/psol50.org.br\/#\/schema\/logo\/image\/","url":"https:\/\/psol50.org.br\/inc\/uploads\/2018\/07\/capa.png","contentUrl":"https:\/\/psol50.org.br\/inc\/uploads\/2018\/07\/capa.png","width":1350,"height":900,"caption":"PSOL 50"},"image":{"@id":"https:\/\/psol50.org.br\/#\/schema\/logo\/image\/"},"sameAs":["https:\/\/www.facebook.com\/psol50","https:\/\/x.com\/psol50","https:\/\/www.instagram.com\/psol50\/","https:\/\/www.youtube.com\/channel\/UC7SnJS5o1os7a6CaiNabzcg"]},{"@type":"Person","@id":"https:\/\/psol50.org.br\/#\/schema\/person\/475dfa57d0b815993c714c2e96491fcd","name":"Comunica\u00e7\u00e3o PSOL","image":{"@type":"ImageObject","inLanguage":"pt-BR","@id":"https:\/\/psol50.org.br\/#\/schema\/person\/image\/","url":"https:\/\/secure.gravatar.com\/avatar\/b34fc4f4e468a4e51785917065a3db57b841f5c95dba6ad8c73aaf8f66f8f9bf?s=96&d=mm&r=g","contentUrl":"https:\/\/secure.gravatar.com\/avatar\/b34fc4f4e468a4e51785917065a3db57b841f5c95dba6ad8c73aaf8f66f8f9bf?s=96&d=mm&r=g","caption":"Comunica\u00e7\u00e3o PSOL"}}]}},"_links":{"self":[{"href":"https:\/\/psol50.org.br\/rest\/wp\/v2\/posts\/26314","targetHints":{"allow":["GET"]}}],"collection":[{"href":"https:\/\/psol50.org.br\/rest\/wp\/v2\/posts"}],"about":[{"href":"https:\/\/psol50.org.br\/rest\/wp\/v2\/types\/post"}],"author":[{"embeddable":true,"href":"https:\/\/psol50.org.br\/rest\/wp\/v2\/users\/2"}],"replies":[{"embeddable":true,"href":"https:\/\/psol50.org.br\/rest\/wp\/v2\/comments?post=26314"}],"version-history":[{"count":0,"href":"https:\/\/psol50.org.br\/rest\/wp\/v2\/posts\/26314\/revisions"}],"wp:featuredmedia":[{"embeddable":true,"href":"https:\/\/psol50.org.br\/rest\/wp\/v2\/media\/26094"}],"wp:attachment":[{"href":"https:\/\/psol50.org.br\/rest\/wp\/v2\/media?parent=26314"}],"wp:term":[{"taxonomy":"category","embeddable":true,"href":"https:\/\/psol50.org.br\/rest\/wp\/v2\/categories?post=26314"},{"taxonomy":"post_tag","embeddable":true,"href":"https:\/\/psol50.org.br\/rest\/wp\/v2\/tags?post=26314"}],"curies":[{"name":"wp","href":"https:\/\/api.w.org\/{rel}","templated":true}]}}