{"id":2632,"date":"2014-03-20T00:00:00","date_gmt":"2014-03-20T11:31:02","guid":{"rendered":"http:\/\/psol50.org.br\/arquivo\/2014\/03\/20\/greve-nacional-da-educacao-publica-termina-com-ato-em-frente-ao-palacio-do-planalto-em-brasilia\/"},"modified":"2014-03-20T00:00:00","modified_gmt":"2014-03-20T11:31:02","slug":"greve-nacional-da-educacao-publica-termina-com-ato-em-frente-ao-palacio-do-planalto-em-brasilia","status":"publish","type":"post","link":"https:\/\/psol50.org.br\/greve-nacional-da-educacao-publica-termina-com-ato-em-frente-ao-palacio-do-planalto-em-brasilia\/","title":{"rendered":"Greve nacional da educa\u00e7\u00e3o p\u00fablica termina com ato em frente ao Pal\u00e1cio do Planalto, em Bras\u00edlia"},"content":{"rendered":"<p align=\"JUSTIFY\" class=\"western\" style=\"margin-top: 0cm; margin-bottom: 0cm;\">\n\t<span style=\"font-size:12px;\"><font color=\"#000000\"><font face=\"Arial, sans-serif\">Professores e funcion\u00e1rios da rede p\u00fablica de todos os estados brasileiros unidos pela educa\u00e7\u00e3o de qualidade fizeram uma greve de tr\u00eas dias desde a segunda-feira at\u00e9 esta quarta-feira (19), quando cerca 2.500 pessoas se reuniram na tenda montada em frente ao Congresso Nacional, em Bras\u00edlia.<\/font><\/font><\/p>\n<p>\t<font color=\"#000000\"><font face=\"Arial, sans-serif\">Os trabalhadores reivindicam o cumprimento da lei do piso, carreira e jornada para todos, investimento dos royalties de petr\u00f3leo em valoriza\u00e7\u00e3o, vota\u00e7\u00e3o imediata do Plano Nacional de Educa\u00e7\u00e3o e destina\u00e7\u00e3o de 10% do PIB para a educa\u00e7\u00e3o p\u00fablica. Os profissionais da educa\u00e7\u00e3o p\u00fablica tamb\u00e9m lutam contra a proposta dos governadores de reajuste do piso e contra o uso do \u00cdndice Nacional de Pre\u00e7os ao Consumidor (INPC) como base para corre\u00e7\u00e3o.<\/font><\/font><\/p>\n<p>\t<font color=\"#000000\"><font face=\"Arial, sans-serif\">Uma marcha saiu pela Esplanada em dire\u00e7\u00e3o ao Pal\u00e1cio do Planalto, em um protesto pela valoriza\u00e7\u00e3o do educador e a garantia de uma escola p\u00fablica de qualidade. O objetivo era pressionar o Planalto para conseguir uma audi\u00eancia com a presidente Dilma Rousseff.<\/font><\/font><\/p>\n<p>\t<font color=\"#000000\"><font face=\"Arial, sans-serif\">A ades\u00e3o chegou em torno de 65% da categoria. Isso representa quase 2 milh\u00f5es de educadores e mais de 30 milh\u00f5es de estudantes da educa\u00e7\u00e3o b\u00e1sica. O fim da greve nacional, entretanto, n\u00e3o significa volta \u00e0s aulas. Muitos estados v\u00e3o continuar paralisados, segundo informa a CNTE (Confedera\u00e7\u00e3o Nacional dos Trabalhadores da Educa\u00e7\u00e3o).<\/font><\/font><\/span><\/p>\n<p style=\"margin-bottom: 0cm\">\n\t&nbsp;<\/p>\n","protected":false},"excerpt":{"rendered":"<p>Professores e funcion\u00e1rios da rede p\u00fablica de todos os estados brasileiros unidos pela educa\u00e7\u00e3o de qualidade fizeram uma greve de tr\u00eas dias desde a segunda-feira at\u00e9 esta quarta-feira (19), quando cerca 2.500 pessoas se reuniram na tenda montada em frente ao Congresso Nacional, em Bras\u00edlia. Os trabalhadores reivindicam o cumprimento da lei do piso, carreira [&hellip;]<\/p>\n","protected":false},"author":2,"featured_media":0,"comment_status":"open","ping_status":"open","sticky":false,"template":"","format":"standard","meta":{"_acf_changed":false,"footnotes":""},"categories":[4766,6],"tags":[],"class_list":{"0":"post-2632","1":"post","2":"type-post","3":"status-publish","4":"format-standard","6":"category-arquivo","7":"category-noticias"},"acf":[],"yoast_head":"<!-- This site is optimized with the Yoast SEO plugin v26.5 - https:\/\/yoast.com\/wordpress\/plugins\/seo\/ -->\n<title>Greve nacional da educa\u00e7\u00e3o p\u00fablica termina com ato em frente ao Pal\u00e1cio do Planalto, em Bras\u00edlia - PSOL 50<\/title>\n<meta name=\"robots\" content=\"index, follow, max-snippet:-1, max-image-preview:large, max-video-preview:-1\" \/>\n<link rel=\"canonical\" href=\"https:\/\/psol50.org.br\/greve-nacional-da-educacao-publica-termina-com-ato-em-frente-ao-palacio-do-planalto-em-brasilia\/\" \/>\n<meta property=\"og:locale\" content=\"pt_BR\" \/>\n<meta property=\"og:type\" content=\"article\" \/>\n<meta property=\"og:title\" content=\"Greve nacional da educa\u00e7\u00e3o p\u00fablica termina com ato em frente ao Pal\u00e1cio do Planalto, em Bras\u00edlia - PSOL 50\" \/>\n<meta property=\"og:description\" content=\"Professores e funcion\u00e1rios da rede p\u00fablica de todos os estados brasileiros unidos pela educa\u00e7\u00e3o de qualidade fizeram uma greve de tr\u00eas dias desde a segunda-feira at\u00e9 esta quarta-feira (19), quando cerca 2.500 pessoas se reuniram na tenda montada em frente ao Congresso Nacional, em Bras\u00edlia. Os trabalhadores reivindicam o cumprimento da lei do piso, carreira [&hellip;]\" \/>\n<meta property=\"og:url\" content=\"https:\/\/psol50.org.br\/greve-nacional-da-educacao-publica-termina-com-ato-em-frente-ao-palacio-do-planalto-em-brasilia\/\" \/>\n<meta property=\"og:site_name\" content=\"PSOL 50\" \/>\n<meta property=\"article:publisher\" content=\"https:\/\/www.facebook.com\/psol50\" \/>\n<meta property=\"article:published_time\" content=\"2014-03-20T11:31:02+00:00\" \/>\n<meta property=\"og:image\" content=\"https:\/\/psol50.org.br\/inc\/uploads\/2018\/07\/capa.png\" \/>\n\t<meta property=\"og:image:width\" content=\"1350\" \/>\n\t<meta property=\"og:image:height\" content=\"900\" \/>\n\t<meta property=\"og:image:type\" content=\"image\/png\" \/>\n<meta name=\"author\" content=\"Comunica\u00e7\u00e3o PSOL\" \/>\n<meta name=\"twitter:card\" content=\"summary_large_image\" \/>\n<meta name=\"twitter:creator\" content=\"@psol50\" \/>\n<meta name=\"twitter:site\" content=\"@psol50\" \/>\n<meta name=\"twitter:label1\" content=\"Escrito por\" \/>\n\t<meta name=\"twitter:data1\" content=\"Comunica\u00e7\u00e3o PSOL\" \/>\n\t<meta name=\"twitter:label2\" content=\"Est. tempo de leitura\" \/>\n\t<meta name=\"twitter:data2\" content=\"1 minuto\" \/>\n<script type=\"application\/ld+json\" class=\"yoast-schema-graph\">{\"@context\":\"https:\/\/schema.org\",\"@graph\":[{\"@type\":\"Article\",\"@id\":\"https:\/\/psol50.org.br\/greve-nacional-da-educacao-publica-termina-com-ato-em-frente-ao-palacio-do-planalto-em-brasilia\/#article\",\"isPartOf\":{\"@id\":\"https:\/\/psol50.org.br\/greve-nacional-da-educacao-publica-termina-com-ato-em-frente-ao-palacio-do-planalto-em-brasilia\/\"},\"author\":{\"name\":\"Comunica\u00e7\u00e3o PSOL\",\"@id\":\"https:\/\/psol50.org.br\/#\/schema\/person\/475dfa57d0b815993c714c2e96491fcd\"},\"headline\":\"Greve nacional da educa\u00e7\u00e3o p\u00fablica termina com ato em frente ao Pal\u00e1cio do Planalto, em Bras\u00edlia\",\"datePublished\":\"2014-03-20T11:31:02+00:00\",\"mainEntityOfPage\":{\"@id\":\"https:\/\/psol50.org.br\/greve-nacional-da-educacao-publica-termina-com-ato-em-frente-ao-palacio-do-planalto-em-brasilia\/\"},\"wordCount\":255,\"commentCount\":0,\"publisher\":{\"@id\":\"https:\/\/psol50.org.br\/#organization\"},\"articleSection\":[\"Arquivo\",\"Not\u00edcias\"],\"inLanguage\":\"pt-BR\",\"potentialAction\":[{\"@type\":\"CommentAction\",\"name\":\"Comment\",\"target\":[\"https:\/\/psol50.org.br\/greve-nacional-da-educacao-publica-termina-com-ato-em-frente-ao-palacio-do-planalto-em-brasilia\/#respond\"]}]},{\"@type\":\"WebPage\",\"@id\":\"https:\/\/psol50.org.br\/greve-nacional-da-educacao-publica-termina-com-ato-em-frente-ao-palacio-do-planalto-em-brasilia\/\",\"url\":\"https:\/\/psol50.org.br\/greve-nacional-da-educacao-publica-termina-com-ato-em-frente-ao-palacio-do-planalto-em-brasilia\/\",\"name\":\"Greve nacional da educa\u00e7\u00e3o p\u00fablica termina com ato em frente ao Pal\u00e1cio do Planalto, em Bras\u00edlia - PSOL 50\",\"isPartOf\":{\"@id\":\"https:\/\/psol50.org.br\/#website\"},\"datePublished\":\"2014-03-20T11:31:02+00:00\",\"breadcrumb\":{\"@id\":\"https:\/\/psol50.org.br\/greve-nacional-da-educacao-publica-termina-com-ato-em-frente-ao-palacio-do-planalto-em-brasilia\/#breadcrumb\"},\"inLanguage\":\"pt-BR\",\"potentialAction\":[{\"@type\":\"ReadAction\",\"target\":[\"https:\/\/psol50.org.br\/greve-nacional-da-educacao-publica-termina-com-ato-em-frente-ao-palacio-do-planalto-em-brasilia\/\"]}]},{\"@type\":\"BreadcrumbList\",\"@id\":\"https:\/\/psol50.org.br\/greve-nacional-da-educacao-publica-termina-com-ato-em-frente-ao-palacio-do-planalto-em-brasilia\/#breadcrumb\",\"itemListElement\":[{\"@type\":\"ListItem\",\"position\":1,\"name\":\"In\u00edcio\",\"item\":\"https:\/\/psol50.org.br\/\"},{\"@type\":\"ListItem\",\"position\":2,\"name\":\"Greve nacional da educa\u00e7\u00e3o p\u00fablica termina com ato em frente ao Pal\u00e1cio do Planalto, em Bras\u00edlia\"}]},{\"@type\":\"WebSite\",\"@id\":\"https:\/\/psol50.org.br\/#website\",\"url\":\"https:\/\/psol50.org.br\/\",\"name\":\"PSOL 50\",\"description\":\"Site oficial do Partido Socialismo e Liberdade\",\"publisher\":{\"@id\":\"https:\/\/psol50.org.br\/#organization\"},\"alternateName\":\"PSOL50\",\"potentialAction\":[{\"@type\":\"SearchAction\",\"target\":{\"@type\":\"EntryPoint\",\"urlTemplate\":\"https:\/\/psol50.org.br\/?s={search_term_string}\"},\"query-input\":{\"@type\":\"PropertyValueSpecification\",\"valueRequired\":true,\"valueName\":\"search_term_string\"}}],\"inLanguage\":\"pt-BR\"},{\"@type\":\"Organization\",\"@id\":\"https:\/\/psol50.org.br\/#organization\",\"name\":\"PSOL 50\",\"alternateName\":\"PSOL 50\",\"url\":\"https:\/\/psol50.org.br\/\",\"logo\":{\"@type\":\"ImageObject\",\"inLanguage\":\"pt-BR\",\"@id\":\"https:\/\/psol50.org.br\/#\/schema\/logo\/image\/\",\"url\":\"https:\/\/psol50.org.br\/inc\/uploads\/2018\/07\/capa.png\",\"contentUrl\":\"https:\/\/psol50.org.br\/inc\/uploads\/2018\/07\/capa.png\",\"width\":1350,\"height\":900,\"caption\":\"PSOL 50\"},\"image\":{\"@id\":\"https:\/\/psol50.org.br\/#\/schema\/logo\/image\/\"},\"sameAs\":[\"https:\/\/www.facebook.com\/psol50\",\"https:\/\/x.com\/psol50\",\"https:\/\/www.instagram.com\/psol50\/\",\"https:\/\/www.youtube.com\/channel\/UC7SnJS5o1os7a6CaiNabzcg\"]},{\"@type\":\"Person\",\"@id\":\"https:\/\/psol50.org.br\/#\/schema\/person\/475dfa57d0b815993c714c2e96491fcd\",\"name\":\"Comunica\u00e7\u00e3o PSOL\",\"image\":{\"@type\":\"ImageObject\",\"inLanguage\":\"pt-BR\",\"@id\":\"https:\/\/psol50.org.br\/#\/schema\/person\/image\/\",\"url\":\"https:\/\/secure.gravatar.com\/avatar\/b34fc4f4e468a4e51785917065a3db57b841f5c95dba6ad8c73aaf8f66f8f9bf?s=96&d=mm&r=g\",\"contentUrl\":\"https:\/\/secure.gravatar.com\/avatar\/b34fc4f4e468a4e51785917065a3db57b841f5c95dba6ad8c73aaf8f66f8f9bf?s=96&d=mm&r=g\",\"caption\":\"Comunica\u00e7\u00e3o PSOL\"}}]}<\/script>\n<!-- \/ Yoast SEO plugin. -->","yoast_head_json":{"title":"Greve nacional da educa\u00e7\u00e3o p\u00fablica termina com ato em frente ao Pal\u00e1cio do Planalto, em Bras\u00edlia - PSOL 50","robots":{"index":"index","follow":"follow","max-snippet":"max-snippet:-1","max-image-preview":"max-image-preview:large","max-video-preview":"max-video-preview:-1"},"canonical":"https:\/\/psol50.org.br\/greve-nacional-da-educacao-publica-termina-com-ato-em-frente-ao-palacio-do-planalto-em-brasilia\/","og_locale":"pt_BR","og_type":"article","og_title":"Greve nacional da educa\u00e7\u00e3o p\u00fablica termina com ato em frente ao Pal\u00e1cio do Planalto, em Bras\u00edlia - PSOL 50","og_description":"Professores e funcion\u00e1rios da rede p\u00fablica de todos os estados brasileiros unidos pela educa\u00e7\u00e3o de qualidade fizeram uma greve de tr\u00eas dias desde a segunda-feira at\u00e9 esta quarta-feira (19), quando cerca 2.500 pessoas se reuniram na tenda montada em frente ao Congresso Nacional, em Bras\u00edlia. Os trabalhadores reivindicam o cumprimento da lei do piso, carreira [&hellip;]","og_url":"https:\/\/psol50.org.br\/greve-nacional-da-educacao-publica-termina-com-ato-em-frente-ao-palacio-do-planalto-em-brasilia\/","og_site_name":"PSOL 50","article_publisher":"https:\/\/www.facebook.com\/psol50","article_published_time":"2014-03-20T11:31:02+00:00","og_image":[{"width":1350,"height":900,"url":"https:\/\/psol50.org.br\/inc\/uploads\/2018\/07\/capa.png","type":"image\/png"}],"author":"Comunica\u00e7\u00e3o PSOL","twitter_card":"summary_large_image","twitter_creator":"@psol50","twitter_site":"@psol50","twitter_misc":{"Escrito por":"Comunica\u00e7\u00e3o PSOL","Est. tempo de leitura":"1 minuto"},"schema":{"@context":"https:\/\/schema.org","@graph":[{"@type":"Article","@id":"https:\/\/psol50.org.br\/greve-nacional-da-educacao-publica-termina-com-ato-em-frente-ao-palacio-do-planalto-em-brasilia\/#article","isPartOf":{"@id":"https:\/\/psol50.org.br\/greve-nacional-da-educacao-publica-termina-com-ato-em-frente-ao-palacio-do-planalto-em-brasilia\/"},"author":{"name":"Comunica\u00e7\u00e3o PSOL","@id":"https:\/\/psol50.org.br\/#\/schema\/person\/475dfa57d0b815993c714c2e96491fcd"},"headline":"Greve nacional da educa\u00e7\u00e3o p\u00fablica termina com ato em frente ao Pal\u00e1cio do Planalto, em Bras\u00edlia","datePublished":"2014-03-20T11:31:02+00:00","mainEntityOfPage":{"@id":"https:\/\/psol50.org.br\/greve-nacional-da-educacao-publica-termina-com-ato-em-frente-ao-palacio-do-planalto-em-brasilia\/"},"wordCount":255,"commentCount":0,"publisher":{"@id":"https:\/\/psol50.org.br\/#organization"},"articleSection":["Arquivo","Not\u00edcias"],"inLanguage":"pt-BR","potentialAction":[{"@type":"CommentAction","name":"Comment","target":["https:\/\/psol50.org.br\/greve-nacional-da-educacao-publica-termina-com-ato-em-frente-ao-palacio-do-planalto-em-brasilia\/#respond"]}]},{"@type":"WebPage","@id":"https:\/\/psol50.org.br\/greve-nacional-da-educacao-publica-termina-com-ato-em-frente-ao-palacio-do-planalto-em-brasilia\/","url":"https:\/\/psol50.org.br\/greve-nacional-da-educacao-publica-termina-com-ato-em-frente-ao-palacio-do-planalto-em-brasilia\/","name":"Greve nacional da educa\u00e7\u00e3o p\u00fablica termina com ato em frente ao Pal\u00e1cio do Planalto, em Bras\u00edlia - PSOL 50","isPartOf":{"@id":"https:\/\/psol50.org.br\/#website"},"datePublished":"2014-03-20T11:31:02+00:00","breadcrumb":{"@id":"https:\/\/psol50.org.br\/greve-nacional-da-educacao-publica-termina-com-ato-em-frente-ao-palacio-do-planalto-em-brasilia\/#breadcrumb"},"inLanguage":"pt-BR","potentialAction":[{"@type":"ReadAction","target":["https:\/\/psol50.org.br\/greve-nacional-da-educacao-publica-termina-com-ato-em-frente-ao-palacio-do-planalto-em-brasilia\/"]}]},{"@type":"BreadcrumbList","@id":"https:\/\/psol50.org.br\/greve-nacional-da-educacao-publica-termina-com-ato-em-frente-ao-palacio-do-planalto-em-brasilia\/#breadcrumb","itemListElement":[{"@type":"ListItem","position":1,"name":"In\u00edcio","item":"https:\/\/psol50.org.br\/"},{"@type":"ListItem","position":2,"name":"Greve nacional da educa\u00e7\u00e3o p\u00fablica termina com ato em frente ao Pal\u00e1cio do Planalto, em Bras\u00edlia"}]},{"@type":"WebSite","@id":"https:\/\/psol50.org.br\/#website","url":"https:\/\/psol50.org.br\/","name":"PSOL 50","description":"Site oficial do Partido Socialismo e Liberdade","publisher":{"@id":"https:\/\/psol50.org.br\/#organization"},"alternateName":"PSOL50","potentialAction":[{"@type":"SearchAction","target":{"@type":"EntryPoint","urlTemplate":"https:\/\/psol50.org.br\/?s={search_term_string}"},"query-input":{"@type":"PropertyValueSpecification","valueRequired":true,"valueName":"search_term_string"}}],"inLanguage":"pt-BR"},{"@type":"Organization","@id":"https:\/\/psol50.org.br\/#organization","name":"PSOL 50","alternateName":"PSOL 50","url":"https:\/\/psol50.org.br\/","logo":{"@type":"ImageObject","inLanguage":"pt-BR","@id":"https:\/\/psol50.org.br\/#\/schema\/logo\/image\/","url":"https:\/\/psol50.org.br\/inc\/uploads\/2018\/07\/capa.png","contentUrl":"https:\/\/psol50.org.br\/inc\/uploads\/2018\/07\/capa.png","width":1350,"height":900,"caption":"PSOL 50"},"image":{"@id":"https:\/\/psol50.org.br\/#\/schema\/logo\/image\/"},"sameAs":["https:\/\/www.facebook.com\/psol50","https:\/\/x.com\/psol50","https:\/\/www.instagram.com\/psol50\/","https:\/\/www.youtube.com\/channel\/UC7SnJS5o1os7a6CaiNabzcg"]},{"@type":"Person","@id":"https:\/\/psol50.org.br\/#\/schema\/person\/475dfa57d0b815993c714c2e96491fcd","name":"Comunica\u00e7\u00e3o PSOL","image":{"@type":"ImageObject","inLanguage":"pt-BR","@id":"https:\/\/psol50.org.br\/#\/schema\/person\/image\/","url":"https:\/\/secure.gravatar.com\/avatar\/b34fc4f4e468a4e51785917065a3db57b841f5c95dba6ad8c73aaf8f66f8f9bf?s=96&d=mm&r=g","contentUrl":"https:\/\/secure.gravatar.com\/avatar\/b34fc4f4e468a4e51785917065a3db57b841f5c95dba6ad8c73aaf8f66f8f9bf?s=96&d=mm&r=g","caption":"Comunica\u00e7\u00e3o PSOL"}}]}},"_links":{"self":[{"href":"https:\/\/psol50.org.br\/rest\/wp\/v2\/posts\/2632","targetHints":{"allow":["GET"]}}],"collection":[{"href":"https:\/\/psol50.org.br\/rest\/wp\/v2\/posts"}],"about":[{"href":"https:\/\/psol50.org.br\/rest\/wp\/v2\/types\/post"}],"author":[{"embeddable":true,"href":"https:\/\/psol50.org.br\/rest\/wp\/v2\/users\/2"}],"replies":[{"embeddable":true,"href":"https:\/\/psol50.org.br\/rest\/wp\/v2\/comments?post=2632"}],"version-history":[{"count":0,"href":"https:\/\/psol50.org.br\/rest\/wp\/v2\/posts\/2632\/revisions"}],"wp:attachment":[{"href":"https:\/\/psol50.org.br\/rest\/wp\/v2\/media?parent=2632"}],"wp:term":[{"taxonomy":"category","embeddable":true,"href":"https:\/\/psol50.org.br\/rest\/wp\/v2\/categories?post=2632"},{"taxonomy":"post_tag","embeddable":true,"href":"https:\/\/psol50.org.br\/rest\/wp\/v2\/tags?post=2632"}],"curies":[{"name":"wp","href":"https:\/\/api.w.org\/{rel}","templated":true}]}}