{"id":26331,"date":"2019-09-04T09:49:51","date_gmt":"2019-09-04T12:49:51","guid":{"rendered":"http:\/\/psol50.org.br\/?p=26331"},"modified":"2019-09-04T09:49:51","modified_gmt":"2019-09-04T12:49:51","slug":"taliria-petrone-aciona-bolsonaro-na-pgr-por-cortes-em-pesquisas","status":"publish","type":"post","link":"https:\/\/psol50.org.br\/taliria-petrone-aciona-bolsonaro-na-pgr-por-cortes-em-pesquisas\/","title":{"rendered":"Tal\u00edria Petrone aciona Bolsonaro na PGR por cortes em pesquisas"},"content":{"rendered":"<p>Nesta ter\u00e7a-feira (3), Tal\u00edria Petrone entrou com uma <a href=\"http:\/\/psol50.org.br\/inc\/uploads\/2019\/09\/Ac\u0327a\u0303o-contra-Cortes-Versa\u0303o-Final.docx\">representa\u00e7\u00e3o na Procuradoria Geral da Rep\u00fablica contra Jair Bolsonaro<\/a> por causa dos cortes na Educa\u00e7\u00e3o e na Ci\u00eancia e Tecnologia. \u201cEm especial no que tange o Conselho Nacional de Desenvolvimento Cient\u00edfico e Tecnol\u00f3gico (CNPq), que corre o risco de paralisar suas atividades ainda este ano\u201d, explica a deputada.<\/p>\n<p>O documento pede que os recursos do Fundo Nacional de Desenvolvimento Cient\u00edfico e Tecnol\u00f3gico (FNDCT) sejam usados para o pagamento das bolsas j\u00e1 concedidas. Esse Fundo s\u00f3 poder ser liberada por decreto do presidente.<\/p>\n<p>Os cortes or\u00e7ament\u00e1rios do presidente vem mostrando suas prioridades. Dentro do 1,5 bilh\u00e3o de reais que foram utilizados para garantir a aprova\u00e7\u00e3o da reforma da Previd\u00eancia, 926 milh\u00f5es de reais foram cortados na educa\u00e7\u00e3o e destinados ao pagamento de emendas parlamentares. &#8220;O que caracteriza claro desvio de finalidade e gera ind\u00edcio de improbidade administrativa\u201d, argumenta Tal\u00edria.<\/p>\n<p>Entre os pedidos de Tal\u00edria no documento entregue a procuradora dos Direitos do Cidad\u00e3os, Deborah Duprat, est\u00e3o:<\/p>\n<p>1. Investiga\u00e7\u00e3o acerca da utiliza\u00e7\u00e3o de recursos que deveriam ser destinados a educa\u00e7\u00e3o, mas que se deslocaram ao pagamento de emenda parlamentares. 2. A garantia do pagamento de todas as bolsas j\u00e1 concedidas, utilizando, inclusive o recurso do Fundo Nacional de Desenvolvimento Cient\u00edfico e Tecnol\u00f3gico.<br \/>\n3. O desbloqueio das bolsas ainda n\u00e3o ocupadas por novos bolsistas, mas j\u00e1 previamente destinadas a renova\u00e7\u00e3o e substitui\u00e7\u00e3o.<br \/>\n4. Que sejam assegurados os recursos previstos nas leis or\u00e7ament\u00e1rias para as Universidades e Institutos Federais.<br \/>\n5. Reconhecimento do financiamento da educa\u00e7\u00e3o e da sa\u00fade como prioridades or\u00e7ament\u00e1rias e, portanto, eventuais cortes e contingenciamentos devem atingi-los apenas em \u00faltima inst\u00e2ncia e jamais podem gerar a paralisa\u00e7\u00e3o destes servi\u00e7os.<\/p>\n<p>&nbsp;<\/p>\n","protected":false},"excerpt":{"rendered":"<p>Nesta ter\u00e7a-feira (3), Tal\u00edria Petrone entrou com uma representa\u00e7\u00e3o na Procuradoria Geral da Rep\u00fablica contra Jair Bolsonaro por causa dos cortes na Educa\u00e7\u00e3o e na Ci\u00eancia e Tecnologia. \u201cEm especial no que tange o Conselho Nacional de Desenvolvimento Cient\u00edfico e Tecnol\u00f3gico (CNPq), que corre o risco de paralisar suas atividades ainda este ano\u201d, explica a [&hellip;]<\/p>\n","protected":false},"author":2,"featured_media":25206,"comment_status":"closed","ping_status":"open","sticky":false,"template":"","format":"standard","meta":{"_acf_changed":false,"footnotes":""},"categories":[6],"tags":[680,440,383,2000,1240,164,244,2001,77,382],"class_list":{"0":"post-26331","1":"post","2":"type-post","3":"status-publish","4":"format-standard","5":"has-post-thumbnail","7":"category-noticias","8":"tag-abraham-weintraub","9":"tag-cnpq","10":"tag-cortes","11":"tag-deborah-duprat","12":"tag-deputada","13":"tag-educacao","14":"tag-jair-bolsonaro","15":"tag-pesquisas","16":"tag-pgr","17":"tag-taliria-petrone"},"acf":[],"yoast_head":"<!-- This site is optimized with the Yoast SEO plugin v26.5 - https:\/\/yoast.com\/wordpress\/plugins\/seo\/ -->\n<title>Tal\u00edria Petrone aciona Bolsonaro na PGR por cortes em pesquisas<\/title>\n<meta name=\"robots\" content=\"index, follow, max-snippet:-1, max-image-preview:large, max-video-preview:-1\" \/>\n<link rel=\"canonical\" href=\"https:\/\/psol50.org.br\/taliria-petrone-aciona-bolsonaro-na-pgr-por-cortes-em-pesquisas\/\" \/>\n<meta property=\"og:locale\" content=\"pt_BR\" \/>\n<meta property=\"og:type\" content=\"article\" \/>\n<meta property=\"og:title\" content=\"Tal\u00edria Petrone aciona Bolsonaro na PGR por cortes em pesquisas\" \/>\n<meta property=\"og:description\" content=\"Saiba mais sobre a representa\u00e7\u00e3o entregue a procuradora dos Direitos do Cidad\u00e3os, Deborah Duprat.\" \/>\n<meta property=\"og:url\" content=\"https:\/\/psol50.org.br\/taliria-petrone-aciona-bolsonaro-na-pgr-por-cortes-em-pesquisas\/\" \/>\n<meta property=\"og:site_name\" content=\"PSOL 50\" \/>\n<meta property=\"article:publisher\" content=\"https:\/\/www.facebook.com\/psol50\" \/>\n<meta property=\"article:published_time\" content=\"2019-09-04T12:49:51+00:00\" \/>\n<meta property=\"og:image\" content=\"https:\/\/psol50.org.br\/inc\/uploads\/2019\/05\/taliria.jpg\" \/>\n\t<meta property=\"og:image:width\" content=\"1200\" \/>\n\t<meta property=\"og:image:height\" content=\"800\" \/>\n\t<meta property=\"og:image:type\" content=\"image\/jpeg\" \/>\n<meta name=\"author\" content=\"Comunica\u00e7\u00e3o PSOL\" \/>\n<meta name=\"twitter:card\" content=\"summary_large_image\" \/>\n<meta name=\"twitter:title\" content=\"Tal\u00edria Petrone aciona Bolsonaro na PGR por cortes em pesquisas\" \/>\n<meta name=\"twitter:description\" content=\"Saiba mais sobre a representa\u00e7\u00e3o entregue a procuradora dos Direitos do Cidad\u00e3os, Deborah Duprat.\" \/>\n<meta name=\"twitter:image\" content=\"https:\/\/psol50.org.br\/inc\/uploads\/2019\/05\/taliria.jpg\" \/>\n<meta name=\"twitter:creator\" content=\"@psol50\" \/>\n<meta name=\"twitter:site\" content=\"@psol50\" \/>\n<meta name=\"twitter:label1\" content=\"Escrito por\" \/>\n\t<meta name=\"twitter:data1\" content=\"Comunica\u00e7\u00e3o PSOL\" \/>\n\t<meta name=\"twitter:label2\" content=\"Est. tempo de leitura\" \/>\n\t<meta name=\"twitter:data2\" content=\"2 minutos\" \/>\n<script type=\"application\/ld+json\" class=\"yoast-schema-graph\">{\"@context\":\"https:\/\/schema.org\",\"@graph\":[{\"@type\":\"Article\",\"@id\":\"https:\/\/psol50.org.br\/taliria-petrone-aciona-bolsonaro-na-pgr-por-cortes-em-pesquisas\/#article\",\"isPartOf\":{\"@id\":\"https:\/\/psol50.org.br\/taliria-petrone-aciona-bolsonaro-na-pgr-por-cortes-em-pesquisas\/\"},\"author\":{\"name\":\"Comunica\u00e7\u00e3o PSOL\",\"@id\":\"https:\/\/psol50.org.br\/#\/schema\/person\/475dfa57d0b815993c714c2e96491fcd\"},\"headline\":\"Tal\u00edria Petrone aciona Bolsonaro na PGR por cortes em pesquisas\",\"datePublished\":\"2019-09-04T12:49:51+00:00\",\"mainEntityOfPage\":{\"@id\":\"https:\/\/psol50.org.br\/taliria-petrone-aciona-bolsonaro-na-pgr-por-cortes-em-pesquisas\/\"},\"wordCount\":318,\"publisher\":{\"@id\":\"https:\/\/psol50.org.br\/#organization\"},\"image\":{\"@id\":\"https:\/\/psol50.org.br\/taliria-petrone-aciona-bolsonaro-na-pgr-por-cortes-em-pesquisas\/#primaryimage\"},\"thumbnailUrl\":\"https:\/\/psol50.org.br\/inc\/uploads\/2019\/05\/taliria.jpg\",\"keywords\":[\"Abraham Weintraub\",\"CNPq\",\"cortes\",\"deborah duprat\",\"deputada\",\"Educa\u00e7\u00e3o\",\"Jair Bolsonaro\",\"pesquisas\",\"PGR\",\"Tal\u00edria Petrone\"],\"articleSection\":[\"Not\u00edcias\"],\"inLanguage\":\"pt-BR\"},{\"@type\":\"WebPage\",\"@id\":\"https:\/\/psol50.org.br\/taliria-petrone-aciona-bolsonaro-na-pgr-por-cortes-em-pesquisas\/\",\"url\":\"https:\/\/psol50.org.br\/taliria-petrone-aciona-bolsonaro-na-pgr-por-cortes-em-pesquisas\/\",\"name\":\"Tal\u00edria Petrone aciona Bolsonaro na PGR por cortes em pesquisas\",\"isPartOf\":{\"@id\":\"https:\/\/psol50.org.br\/#website\"},\"primaryImageOfPage\":{\"@id\":\"https:\/\/psol50.org.br\/taliria-petrone-aciona-bolsonaro-na-pgr-por-cortes-em-pesquisas\/#primaryimage\"},\"image\":{\"@id\":\"https:\/\/psol50.org.br\/taliria-petrone-aciona-bolsonaro-na-pgr-por-cortes-em-pesquisas\/#primaryimage\"},\"thumbnailUrl\":\"https:\/\/psol50.org.br\/inc\/uploads\/2019\/05\/taliria.jpg\",\"datePublished\":\"2019-09-04T12:49:51+00:00\",\"breadcrumb\":{\"@id\":\"https:\/\/psol50.org.br\/taliria-petrone-aciona-bolsonaro-na-pgr-por-cortes-em-pesquisas\/#breadcrumb\"},\"inLanguage\":\"pt-BR\",\"potentialAction\":[{\"@type\":\"ReadAction\",\"target\":[\"https:\/\/psol50.org.br\/taliria-petrone-aciona-bolsonaro-na-pgr-por-cortes-em-pesquisas\/\"]}]},{\"@type\":\"ImageObject\",\"inLanguage\":\"pt-BR\",\"@id\":\"https:\/\/psol50.org.br\/taliria-petrone-aciona-bolsonaro-na-pgr-por-cortes-em-pesquisas\/#primaryimage\",\"url\":\"https:\/\/psol50.org.br\/inc\/uploads\/2019\/05\/taliria.jpg\",\"contentUrl\":\"https:\/\/psol50.org.br\/inc\/uploads\/2019\/05\/taliria.jpg\",\"width\":1200,\"height\":800,\"caption\":\"Foto: M\u00eddia Ninja\"},{\"@type\":\"BreadcrumbList\",\"@id\":\"https:\/\/psol50.org.br\/taliria-petrone-aciona-bolsonaro-na-pgr-por-cortes-em-pesquisas\/#breadcrumb\",\"itemListElement\":[{\"@type\":\"ListItem\",\"position\":1,\"name\":\"In\u00edcio\",\"item\":\"https:\/\/psol50.org.br\/\"},{\"@type\":\"ListItem\",\"position\":2,\"name\":\"Tal\u00edria Petrone aciona Bolsonaro na PGR por cortes em pesquisas\"}]},{\"@type\":\"WebSite\",\"@id\":\"https:\/\/psol50.org.br\/#website\",\"url\":\"https:\/\/psol50.org.br\/\",\"name\":\"PSOL 50\",\"description\":\"Site oficial do Partido Socialismo e Liberdade\",\"publisher\":{\"@id\":\"https:\/\/psol50.org.br\/#organization\"},\"alternateName\":\"PSOL50\",\"potentialAction\":[{\"@type\":\"SearchAction\",\"target\":{\"@type\":\"EntryPoint\",\"urlTemplate\":\"https:\/\/psol50.org.br\/?s={search_term_string}\"},\"query-input\":{\"@type\":\"PropertyValueSpecification\",\"valueRequired\":true,\"valueName\":\"search_term_string\"}}],\"inLanguage\":\"pt-BR\"},{\"@type\":\"Organization\",\"@id\":\"https:\/\/psol50.org.br\/#organization\",\"name\":\"PSOL 50\",\"alternateName\":\"PSOL 50\",\"url\":\"https:\/\/psol50.org.br\/\",\"logo\":{\"@type\":\"ImageObject\",\"inLanguage\":\"pt-BR\",\"@id\":\"https:\/\/psol50.org.br\/#\/schema\/logo\/image\/\",\"url\":\"https:\/\/psol50.org.br\/inc\/uploads\/2018\/07\/capa.png\",\"contentUrl\":\"https:\/\/psol50.org.br\/inc\/uploads\/2018\/07\/capa.png\",\"width\":1350,\"height\":900,\"caption\":\"PSOL 50\"},\"image\":{\"@id\":\"https:\/\/psol50.org.br\/#\/schema\/logo\/image\/\"},\"sameAs\":[\"https:\/\/www.facebook.com\/psol50\",\"https:\/\/x.com\/psol50\",\"https:\/\/www.instagram.com\/psol50\/\",\"https:\/\/www.youtube.com\/channel\/UC7SnJS5o1os7a6CaiNabzcg\"]},{\"@type\":\"Person\",\"@id\":\"https:\/\/psol50.org.br\/#\/schema\/person\/475dfa57d0b815993c714c2e96491fcd\",\"name\":\"Comunica\u00e7\u00e3o PSOL\",\"image\":{\"@type\":\"ImageObject\",\"inLanguage\":\"pt-BR\",\"@id\":\"https:\/\/psol50.org.br\/#\/schema\/person\/image\/\",\"url\":\"https:\/\/secure.gravatar.com\/avatar\/b34fc4f4e468a4e51785917065a3db57b841f5c95dba6ad8c73aaf8f66f8f9bf?s=96&d=mm&r=g\",\"contentUrl\":\"https:\/\/secure.gravatar.com\/avatar\/b34fc4f4e468a4e51785917065a3db57b841f5c95dba6ad8c73aaf8f66f8f9bf?s=96&d=mm&r=g\",\"caption\":\"Comunica\u00e7\u00e3o PSOL\"}}]}<\/script>\n<!-- \/ Yoast SEO plugin. -->","yoast_head_json":{"title":"Tal\u00edria Petrone aciona Bolsonaro na PGR por cortes em pesquisas","robots":{"index":"index","follow":"follow","max-snippet":"max-snippet:-1","max-image-preview":"max-image-preview:large","max-video-preview":"max-video-preview:-1"},"canonical":"https:\/\/psol50.org.br\/taliria-petrone-aciona-bolsonaro-na-pgr-por-cortes-em-pesquisas\/","og_locale":"pt_BR","og_type":"article","og_title":"Tal\u00edria Petrone aciona Bolsonaro na PGR por cortes em pesquisas","og_description":"Saiba mais sobre a representa\u00e7\u00e3o entregue a procuradora dos Direitos do Cidad\u00e3os, Deborah Duprat.","og_url":"https:\/\/psol50.org.br\/taliria-petrone-aciona-bolsonaro-na-pgr-por-cortes-em-pesquisas\/","og_site_name":"PSOL 50","article_publisher":"https:\/\/www.facebook.com\/psol50","article_published_time":"2019-09-04T12:49:51+00:00","og_image":[{"width":1200,"height":800,"url":"https:\/\/psol50.org.br\/inc\/uploads\/2019\/05\/taliria.jpg","type":"image\/jpeg"}],"author":"Comunica\u00e7\u00e3o PSOL","twitter_card":"summary_large_image","twitter_title":"Tal\u00edria Petrone aciona Bolsonaro na PGR por cortes em pesquisas","twitter_description":"Saiba mais sobre a representa\u00e7\u00e3o entregue a procuradora dos Direitos do Cidad\u00e3os, Deborah Duprat.","twitter_image":"https:\/\/psol50.org.br\/inc\/uploads\/2019\/05\/taliria.jpg","twitter_creator":"@psol50","twitter_site":"@psol50","twitter_misc":{"Escrito por":"Comunica\u00e7\u00e3o PSOL","Est. tempo de leitura":"2 minutos"},"schema":{"@context":"https:\/\/schema.org","@graph":[{"@type":"Article","@id":"https:\/\/psol50.org.br\/taliria-petrone-aciona-bolsonaro-na-pgr-por-cortes-em-pesquisas\/#article","isPartOf":{"@id":"https:\/\/psol50.org.br\/taliria-petrone-aciona-bolsonaro-na-pgr-por-cortes-em-pesquisas\/"},"author":{"name":"Comunica\u00e7\u00e3o PSOL","@id":"https:\/\/psol50.org.br\/#\/schema\/person\/475dfa57d0b815993c714c2e96491fcd"},"headline":"Tal\u00edria Petrone aciona Bolsonaro na PGR por cortes em pesquisas","datePublished":"2019-09-04T12:49:51+00:00","mainEntityOfPage":{"@id":"https:\/\/psol50.org.br\/taliria-petrone-aciona-bolsonaro-na-pgr-por-cortes-em-pesquisas\/"},"wordCount":318,"publisher":{"@id":"https:\/\/psol50.org.br\/#organization"},"image":{"@id":"https:\/\/psol50.org.br\/taliria-petrone-aciona-bolsonaro-na-pgr-por-cortes-em-pesquisas\/#primaryimage"},"thumbnailUrl":"https:\/\/psol50.org.br\/inc\/uploads\/2019\/05\/taliria.jpg","keywords":["Abraham Weintraub","CNPq","cortes","deborah duprat","deputada","Educa\u00e7\u00e3o","Jair Bolsonaro","pesquisas","PGR","Tal\u00edria Petrone"],"articleSection":["Not\u00edcias"],"inLanguage":"pt-BR"},{"@type":"WebPage","@id":"https:\/\/psol50.org.br\/taliria-petrone-aciona-bolsonaro-na-pgr-por-cortes-em-pesquisas\/","url":"https:\/\/psol50.org.br\/taliria-petrone-aciona-bolsonaro-na-pgr-por-cortes-em-pesquisas\/","name":"Tal\u00edria Petrone aciona Bolsonaro na PGR por cortes em pesquisas","isPartOf":{"@id":"https:\/\/psol50.org.br\/#website"},"primaryImageOfPage":{"@id":"https:\/\/psol50.org.br\/taliria-petrone-aciona-bolsonaro-na-pgr-por-cortes-em-pesquisas\/#primaryimage"},"image":{"@id":"https:\/\/psol50.org.br\/taliria-petrone-aciona-bolsonaro-na-pgr-por-cortes-em-pesquisas\/#primaryimage"},"thumbnailUrl":"https:\/\/psol50.org.br\/inc\/uploads\/2019\/05\/taliria.jpg","datePublished":"2019-09-04T12:49:51+00:00","breadcrumb":{"@id":"https:\/\/psol50.org.br\/taliria-petrone-aciona-bolsonaro-na-pgr-por-cortes-em-pesquisas\/#breadcrumb"},"inLanguage":"pt-BR","potentialAction":[{"@type":"ReadAction","target":["https:\/\/psol50.org.br\/taliria-petrone-aciona-bolsonaro-na-pgr-por-cortes-em-pesquisas\/"]}]},{"@type":"ImageObject","inLanguage":"pt-BR","@id":"https:\/\/psol50.org.br\/taliria-petrone-aciona-bolsonaro-na-pgr-por-cortes-em-pesquisas\/#primaryimage","url":"https:\/\/psol50.org.br\/inc\/uploads\/2019\/05\/taliria.jpg","contentUrl":"https:\/\/psol50.org.br\/inc\/uploads\/2019\/05\/taliria.jpg","width":1200,"height":800,"caption":"Foto: M\u00eddia Ninja"},{"@type":"BreadcrumbList","@id":"https:\/\/psol50.org.br\/taliria-petrone-aciona-bolsonaro-na-pgr-por-cortes-em-pesquisas\/#breadcrumb","itemListElement":[{"@type":"ListItem","position":1,"name":"In\u00edcio","item":"https:\/\/psol50.org.br\/"},{"@type":"ListItem","position":2,"name":"Tal\u00edria Petrone aciona Bolsonaro na PGR por cortes em pesquisas"}]},{"@type":"WebSite","@id":"https:\/\/psol50.org.br\/#website","url":"https:\/\/psol50.org.br\/","name":"PSOL 50","description":"Site oficial do Partido Socialismo e Liberdade","publisher":{"@id":"https:\/\/psol50.org.br\/#organization"},"alternateName":"PSOL50","potentialAction":[{"@type":"SearchAction","target":{"@type":"EntryPoint","urlTemplate":"https:\/\/psol50.org.br\/?s={search_term_string}"},"query-input":{"@type":"PropertyValueSpecification","valueRequired":true,"valueName":"search_term_string"}}],"inLanguage":"pt-BR"},{"@type":"Organization","@id":"https:\/\/psol50.org.br\/#organization","name":"PSOL 50","alternateName":"PSOL 50","url":"https:\/\/psol50.org.br\/","logo":{"@type":"ImageObject","inLanguage":"pt-BR","@id":"https:\/\/psol50.org.br\/#\/schema\/logo\/image\/","url":"https:\/\/psol50.org.br\/inc\/uploads\/2018\/07\/capa.png","contentUrl":"https:\/\/psol50.org.br\/inc\/uploads\/2018\/07\/capa.png","width":1350,"height":900,"caption":"PSOL 50"},"image":{"@id":"https:\/\/psol50.org.br\/#\/schema\/logo\/image\/"},"sameAs":["https:\/\/www.facebook.com\/psol50","https:\/\/x.com\/psol50","https:\/\/www.instagram.com\/psol50\/","https:\/\/www.youtube.com\/channel\/UC7SnJS5o1os7a6CaiNabzcg"]},{"@type":"Person","@id":"https:\/\/psol50.org.br\/#\/schema\/person\/475dfa57d0b815993c714c2e96491fcd","name":"Comunica\u00e7\u00e3o PSOL","image":{"@type":"ImageObject","inLanguage":"pt-BR","@id":"https:\/\/psol50.org.br\/#\/schema\/person\/image\/","url":"https:\/\/secure.gravatar.com\/avatar\/b34fc4f4e468a4e51785917065a3db57b841f5c95dba6ad8c73aaf8f66f8f9bf?s=96&d=mm&r=g","contentUrl":"https:\/\/secure.gravatar.com\/avatar\/b34fc4f4e468a4e51785917065a3db57b841f5c95dba6ad8c73aaf8f66f8f9bf?s=96&d=mm&r=g","caption":"Comunica\u00e7\u00e3o PSOL"}}]}},"_links":{"self":[{"href":"https:\/\/psol50.org.br\/rest\/wp\/v2\/posts\/26331","targetHints":{"allow":["GET"]}}],"collection":[{"href":"https:\/\/psol50.org.br\/rest\/wp\/v2\/posts"}],"about":[{"href":"https:\/\/psol50.org.br\/rest\/wp\/v2\/types\/post"}],"author":[{"embeddable":true,"href":"https:\/\/psol50.org.br\/rest\/wp\/v2\/users\/2"}],"replies":[{"embeddable":true,"href":"https:\/\/psol50.org.br\/rest\/wp\/v2\/comments?post=26331"}],"version-history":[{"count":0,"href":"https:\/\/psol50.org.br\/rest\/wp\/v2\/posts\/26331\/revisions"}],"wp:featuredmedia":[{"embeddable":true,"href":"https:\/\/psol50.org.br\/rest\/wp\/v2\/media\/25206"}],"wp:attachment":[{"href":"https:\/\/psol50.org.br\/rest\/wp\/v2\/media?parent=26331"}],"wp:term":[{"taxonomy":"category","embeddable":true,"href":"https:\/\/psol50.org.br\/rest\/wp\/v2\/categories?post=26331"},{"taxonomy":"post_tag","embeddable":true,"href":"https:\/\/psol50.org.br\/rest\/wp\/v2\/tags?post=26331"}],"curies":[{"name":"wp","href":"https:\/\/api.w.org\/{rel}","templated":true}]}}