{"id":26335,"date":"2019-09-25T12:04:59","date_gmt":"2019-09-25T15:04:59","guid":{"rendered":"http:\/\/psol50.org.br\/?p=26335"},"modified":"2019-09-25T12:04:59","modified_gmt":"2019-09-25T15:04:59","slug":"projeto-do-psol-que-proibe-homenagens-a-torturadores-vira-lei-em-pernambuco","status":"publish","type":"post","link":"https:\/\/psol50.org.br\/projeto-do-psol-que-proibe-homenagens-a-torturadores-vira-lei-em-pernambuco\/","title":{"rendered":"Projeto do PSOL que pro\u00edbe homenagens a torturadores vira lei em Pernambuco"},"content":{"rendered":"<p>Um projeto de autoria do mandato coletivo do PSOL na Assembleia Legislativa de Pernambuco (Alepe), as Juntas, que pro\u00edbe a administra\u00e7\u00e3o p\u00fablica estadual de fazer homenagens \u00e0 ditadura militar e a torturadores do per\u00edodo, foi aprovado no in\u00edcio do m\u00eas e foi promulgado no \u00faltimo final de semana (21) pelo governador do estado, Paulo C\u00e2mara. Equipamentos e pr\u00e9dios p\u00fablicos, assim como ruas e pra\u00e7as n\u00e3o poder\u00e3o receber o nome de agentes que cometeram crimes contra a humanidade.<\/p>\n<p>J\u00f4 Cavalcanti, representante das Juntas, avalia como importante a aprova\u00e7\u00e3o de um projeto deste tipo no atual cen\u00e1rio que vive o Brasil. &#8220;Tem a parte que eles tocam que \u00e9 a quest\u00e3o do presidente deles, que est\u00e1 agora no poder e tamb\u00e9m participou naquela \u00e9poca do golpe de 1964. A gente fez audi\u00eancias p\u00fablicas falando desse tempo, a gente fez uma solenidade nesse casa tamb\u00e9m e entregou as certid\u00f5es de \u00f3bito daquelas pessoas que na \u00e9poca da ditadura desapareceram e muitos deles at\u00e9 hoje n\u00e3o foram encontrados&#8221;, disse, citando um reuni\u00e3o solene, ocorrida na semana passada na Alepe em homenagem aos 50 anos da Lei de Anistia.<\/p>\n<p>Dos 25 deputados presentes na vota\u00e7\u00e3o na Assembleia Legislativa no dia 03 de setembro, 15 foram favor\u00e1veis ao projeto e nove contra. Enquanto o presidente da casa, Eriberto Medeiros (PP), n\u00e3o votou.<\/p>\n<p><a href=\"http:\/\/psol50.org.br\/filie-se\/\" target=\"_blank\" rel=\"noopener noreferrer\"><img loading=\"lazy\" decoding=\"async\" class=\"aligncenter wp-image-26424\" src=\"http:\/\/psol50.org.br\/inc\/uploads\/2019\/09\/PSOL_Filia\u00e7\u00e3o-2019-11.png\" alt=\"\" width=\"168\" height=\"80\" \/><\/a><\/p>\n","protected":false},"excerpt":{"rendered":"<p>Um projeto de autoria do mandato coletivo do PSOL na Assembleia Legislativa de Pernambuco (Alepe), as Juntas, que pro\u00edbe a administra\u00e7\u00e3o p\u00fablica estadual de fazer homenagens \u00e0 ditadura militar e a torturadores do per\u00edodo, foi aprovado no in\u00edcio do m\u00eas e foi promulgado no \u00faltimo final de semana (21) pelo governador do estado, Paulo C\u00e2mara. [&hellip;]<\/p>\n","protected":false},"author":2,"featured_media":26037,"comment_status":"closed","ping_status":"open","sticky":false,"template":"","format":"standard","meta":{"_acf_changed":false,"footnotes":""},"categories":[10,6],"tags":[140,295,105,143,902,22,2032],"class_list":{"0":"post-26335","1":"post","2":"type-post","3":"status-publish","4":"format-standard","5":"has-post-thumbnail","7":"category-acao-parlamentares","8":"category-noticias","9":"tag-alepe","10":"tag-ditadura","11":"tag-homenagem","12":"tag-juntas","13":"tag-pernambuco","14":"tag-psol","15":"tag-torturadores"},"acf":[],"yoast_head":"<!-- This site is optimized with the Yoast SEO plugin v26.5 - https:\/\/yoast.com\/wordpress\/plugins\/seo\/ -->\n<title>Projeto do PSOL que pro\u00edbe homenagens a torturadores vira lei em Pernambuco<\/title>\n<meta name=\"description\" content=\"De autoria do mandato coletivo Juntas, texto foi promulgado e n\u00e3o permite novas homenagens \u00e0 ditadura militar\" \/>\n<meta name=\"robots\" content=\"index, follow, max-snippet:-1, max-image-preview:large, max-video-preview:-1\" \/>\n<link rel=\"canonical\" href=\"https:\/\/psol50.org.br\/projeto-do-psol-que-proibe-homenagens-a-torturadores-vira-lei-em-pernambuco\/\" \/>\n<meta property=\"og:locale\" content=\"pt_BR\" \/>\n<meta property=\"og:type\" content=\"article\" \/>\n<meta property=\"og:title\" content=\"Projeto do PSOL que pro\u00edbe homenagens a torturadores vira lei em Pernambuco\" \/>\n<meta property=\"og:description\" content=\"De autoria do mandato coletivo Juntas, texto foi promulgado e n\u00e3o permite novas homenagens \u00e0 ditadura militar\" \/>\n<meta property=\"og:url\" content=\"https:\/\/psol50.org.br\/projeto-do-psol-que-proibe-homenagens-a-torturadores-vira-lei-em-pernambuco\/\" \/>\n<meta property=\"og:site_name\" content=\"PSOL 50\" \/>\n<meta property=\"article:publisher\" content=\"https:\/\/www.facebook.com\/psol50\" \/>\n<meta property=\"article:published_time\" content=\"2019-09-25T15:04:59+00:00\" \/>\n<meta property=\"og:image\" content=\"https:\/\/psol50.org.br\/inc\/uploads\/2019\/08\/FernandoFrazao_AgenciaBrasil_BolsonaroMilitares.jpg\" \/>\n\t<meta property=\"og:image:width\" content=\"1140\" \/>\n\t<meta property=\"og:image:height\" content=\"760\" \/>\n\t<meta property=\"og:image:type\" content=\"image\/jpeg\" \/>\n<meta name=\"author\" content=\"Comunica\u00e7\u00e3o PSOL\" \/>\n<meta name=\"twitter:card\" content=\"summary_large_image\" \/>\n<meta name=\"twitter:title\" content=\"Projeto do PSOL que pro\u00edbe homenagens a torturadores vira lei em Pernambuco\" \/>\n<meta name=\"twitter:description\" content=\"De autoria do mandato coletivo Juntas, texto foi promulgado e n\u00e3o permite novas homenagens \u00e0 ditadura militar\" \/>\n<meta name=\"twitter:image\" content=\"https:\/\/psol50.org.br\/inc\/uploads\/2019\/08\/FernandoFrazao_AgenciaBrasil_BolsonaroMilitares.jpg\" \/>\n<meta name=\"twitter:creator\" content=\"@psol50\" \/>\n<meta name=\"twitter:site\" content=\"@psol50\" \/>\n<meta name=\"twitter:label1\" content=\"Escrito por\" \/>\n\t<meta name=\"twitter:data1\" content=\"Comunica\u00e7\u00e3o PSOL\" \/>\n\t<meta name=\"twitter:label2\" content=\"Est. tempo de leitura\" \/>\n\t<meta name=\"twitter:data2\" content=\"1 minuto\" \/>\n<script type=\"application\/ld+json\" class=\"yoast-schema-graph\">{\"@context\":\"https:\/\/schema.org\",\"@graph\":[{\"@type\":\"Article\",\"@id\":\"https:\/\/psol50.org.br\/projeto-do-psol-que-proibe-homenagens-a-torturadores-vira-lei-em-pernambuco\/#article\",\"isPartOf\":{\"@id\":\"https:\/\/psol50.org.br\/projeto-do-psol-que-proibe-homenagens-a-torturadores-vira-lei-em-pernambuco\/\"},\"author\":{\"name\":\"Comunica\u00e7\u00e3o PSOL\",\"@id\":\"https:\/\/psol50.org.br\/#\/schema\/person\/475dfa57d0b815993c714c2e96491fcd\"},\"headline\":\"Projeto do PSOL que pro\u00edbe homenagens a torturadores vira lei em Pernambuco\",\"datePublished\":\"2019-09-25T15:04:59+00:00\",\"mainEntityOfPage\":{\"@id\":\"https:\/\/psol50.org.br\/projeto-do-psol-que-proibe-homenagens-a-torturadores-vira-lei-em-pernambuco\/\"},\"wordCount\":246,\"publisher\":{\"@id\":\"https:\/\/psol50.org.br\/#organization\"},\"image\":{\"@id\":\"https:\/\/psol50.org.br\/projeto-do-psol-que-proibe-homenagens-a-torturadores-vira-lei-em-pernambuco\/#primaryimage\"},\"thumbnailUrl\":\"https:\/\/psol50.org.br\/inc\/uploads\/2019\/08\/FernandoFrazao_AgenciaBrasil_BolsonaroMilitares.jpg\",\"keywords\":[\"Alepe\",\"Ditadura\",\"homenagem\",\"juntas\",\"Pernambuco\",\"PSOL\",\"torturadores\"],\"articleSection\":[\"A\u00e7\u00e3o Parlamentar\",\"Not\u00edcias\"],\"inLanguage\":\"pt-BR\"},{\"@type\":\"WebPage\",\"@id\":\"https:\/\/psol50.org.br\/projeto-do-psol-que-proibe-homenagens-a-torturadores-vira-lei-em-pernambuco\/\",\"url\":\"https:\/\/psol50.org.br\/projeto-do-psol-que-proibe-homenagens-a-torturadores-vira-lei-em-pernambuco\/\",\"name\":\"Projeto do PSOL que pro\u00edbe homenagens a torturadores vira lei em Pernambuco\",\"isPartOf\":{\"@id\":\"https:\/\/psol50.org.br\/#website\"},\"primaryImageOfPage\":{\"@id\":\"https:\/\/psol50.org.br\/projeto-do-psol-que-proibe-homenagens-a-torturadores-vira-lei-em-pernambuco\/#primaryimage\"},\"image\":{\"@id\":\"https:\/\/psol50.org.br\/projeto-do-psol-que-proibe-homenagens-a-torturadores-vira-lei-em-pernambuco\/#primaryimage\"},\"thumbnailUrl\":\"https:\/\/psol50.org.br\/inc\/uploads\/2019\/08\/FernandoFrazao_AgenciaBrasil_BolsonaroMilitares.jpg\",\"datePublished\":\"2019-09-25T15:04:59+00:00\",\"description\":\"De autoria do mandato coletivo Juntas, texto foi promulgado e n\u00e3o permite novas homenagens \u00e0 ditadura militar\",\"breadcrumb\":{\"@id\":\"https:\/\/psol50.org.br\/projeto-do-psol-que-proibe-homenagens-a-torturadores-vira-lei-em-pernambuco\/#breadcrumb\"},\"inLanguage\":\"pt-BR\",\"potentialAction\":[{\"@type\":\"ReadAction\",\"target\":[\"https:\/\/psol50.org.br\/projeto-do-psol-que-proibe-homenagens-a-torturadores-vira-lei-em-pernambuco\/\"]}]},{\"@type\":\"ImageObject\",\"inLanguage\":\"pt-BR\",\"@id\":\"https:\/\/psol50.org.br\/projeto-do-psol-que-proibe-homenagens-a-torturadores-vira-lei-em-pernambuco\/#primaryimage\",\"url\":\"https:\/\/psol50.org.br\/inc\/uploads\/2019\/08\/FernandoFrazao_AgenciaBrasil_BolsonaroMilitares.jpg\",\"contentUrl\":\"https:\/\/psol50.org.br\/inc\/uploads\/2019\/08\/FernandoFrazao_AgenciaBrasil_BolsonaroMilitares.jpg\",\"width\":1140,\"height\":760,\"caption\":\"Foto: Fernando Fraz\u00e3o\/Ag\u00eancia Brasil\"},{\"@type\":\"BreadcrumbList\",\"@id\":\"https:\/\/psol50.org.br\/projeto-do-psol-que-proibe-homenagens-a-torturadores-vira-lei-em-pernambuco\/#breadcrumb\",\"itemListElement\":[{\"@type\":\"ListItem\",\"position\":1,\"name\":\"In\u00edcio\",\"item\":\"https:\/\/psol50.org.br\/\"},{\"@type\":\"ListItem\",\"position\":2,\"name\":\"Projeto do PSOL que pro\u00edbe homenagens a torturadores vira lei em Pernambuco\"}]},{\"@type\":\"WebSite\",\"@id\":\"https:\/\/psol50.org.br\/#website\",\"url\":\"https:\/\/psol50.org.br\/\",\"name\":\"PSOL 50\",\"description\":\"Site oficial do Partido Socialismo e Liberdade\",\"publisher\":{\"@id\":\"https:\/\/psol50.org.br\/#organization\"},\"alternateName\":\"PSOL50\",\"potentialAction\":[{\"@type\":\"SearchAction\",\"target\":{\"@type\":\"EntryPoint\",\"urlTemplate\":\"https:\/\/psol50.org.br\/?s={search_term_string}\"},\"query-input\":{\"@type\":\"PropertyValueSpecification\",\"valueRequired\":true,\"valueName\":\"search_term_string\"}}],\"inLanguage\":\"pt-BR\"},{\"@type\":\"Organization\",\"@id\":\"https:\/\/psol50.org.br\/#organization\",\"name\":\"PSOL 50\",\"alternateName\":\"PSOL 50\",\"url\":\"https:\/\/psol50.org.br\/\",\"logo\":{\"@type\":\"ImageObject\",\"inLanguage\":\"pt-BR\",\"@id\":\"https:\/\/psol50.org.br\/#\/schema\/logo\/image\/\",\"url\":\"https:\/\/psol50.org.br\/inc\/uploads\/2018\/07\/capa.png\",\"contentUrl\":\"https:\/\/psol50.org.br\/inc\/uploads\/2018\/07\/capa.png\",\"width\":1350,\"height\":900,\"caption\":\"PSOL 50\"},\"image\":{\"@id\":\"https:\/\/psol50.org.br\/#\/schema\/logo\/image\/\"},\"sameAs\":[\"https:\/\/www.facebook.com\/psol50\",\"https:\/\/x.com\/psol50\",\"https:\/\/www.instagram.com\/psol50\/\",\"https:\/\/www.youtube.com\/channel\/UC7SnJS5o1os7a6CaiNabzcg\"]},{\"@type\":\"Person\",\"@id\":\"https:\/\/psol50.org.br\/#\/schema\/person\/475dfa57d0b815993c714c2e96491fcd\",\"name\":\"Comunica\u00e7\u00e3o PSOL\",\"image\":{\"@type\":\"ImageObject\",\"inLanguage\":\"pt-BR\",\"@id\":\"https:\/\/psol50.org.br\/#\/schema\/person\/image\/\",\"url\":\"https:\/\/secure.gravatar.com\/avatar\/b34fc4f4e468a4e51785917065a3db57b841f5c95dba6ad8c73aaf8f66f8f9bf?s=96&d=mm&r=g\",\"contentUrl\":\"https:\/\/secure.gravatar.com\/avatar\/b34fc4f4e468a4e51785917065a3db57b841f5c95dba6ad8c73aaf8f66f8f9bf?s=96&d=mm&r=g\",\"caption\":\"Comunica\u00e7\u00e3o PSOL\"}}]}<\/script>\n<!-- \/ Yoast SEO plugin. -->","yoast_head_json":{"title":"Projeto do PSOL que pro\u00edbe homenagens a torturadores vira lei em Pernambuco","description":"De autoria do mandato coletivo Juntas, texto foi promulgado e n\u00e3o permite novas homenagens \u00e0 ditadura militar","robots":{"index":"index","follow":"follow","max-snippet":"max-snippet:-1","max-image-preview":"max-image-preview:large","max-video-preview":"max-video-preview:-1"},"canonical":"https:\/\/psol50.org.br\/projeto-do-psol-que-proibe-homenagens-a-torturadores-vira-lei-em-pernambuco\/","og_locale":"pt_BR","og_type":"article","og_title":"Projeto do PSOL que pro\u00edbe homenagens a torturadores vira lei em Pernambuco","og_description":"De autoria do mandato coletivo Juntas, texto foi promulgado e n\u00e3o permite novas homenagens \u00e0 ditadura militar","og_url":"https:\/\/psol50.org.br\/projeto-do-psol-que-proibe-homenagens-a-torturadores-vira-lei-em-pernambuco\/","og_site_name":"PSOL 50","article_publisher":"https:\/\/www.facebook.com\/psol50","article_published_time":"2019-09-25T15:04:59+00:00","og_image":[{"width":1140,"height":760,"url":"https:\/\/psol50.org.br\/inc\/uploads\/2019\/08\/FernandoFrazao_AgenciaBrasil_BolsonaroMilitares.jpg","type":"image\/jpeg"}],"author":"Comunica\u00e7\u00e3o PSOL","twitter_card":"summary_large_image","twitter_title":"Projeto do PSOL que pro\u00edbe homenagens a torturadores vira lei em Pernambuco","twitter_description":"De autoria do mandato coletivo Juntas, texto foi promulgado e n\u00e3o permite novas homenagens \u00e0 ditadura militar","twitter_image":"https:\/\/psol50.org.br\/inc\/uploads\/2019\/08\/FernandoFrazao_AgenciaBrasil_BolsonaroMilitares.jpg","twitter_creator":"@psol50","twitter_site":"@psol50","twitter_misc":{"Escrito por":"Comunica\u00e7\u00e3o PSOL","Est. tempo de leitura":"1 minuto"},"schema":{"@context":"https:\/\/schema.org","@graph":[{"@type":"Article","@id":"https:\/\/psol50.org.br\/projeto-do-psol-que-proibe-homenagens-a-torturadores-vira-lei-em-pernambuco\/#article","isPartOf":{"@id":"https:\/\/psol50.org.br\/projeto-do-psol-que-proibe-homenagens-a-torturadores-vira-lei-em-pernambuco\/"},"author":{"name":"Comunica\u00e7\u00e3o PSOL","@id":"https:\/\/psol50.org.br\/#\/schema\/person\/475dfa57d0b815993c714c2e96491fcd"},"headline":"Projeto do PSOL que pro\u00edbe homenagens a torturadores vira lei em Pernambuco","datePublished":"2019-09-25T15:04:59+00:00","mainEntityOfPage":{"@id":"https:\/\/psol50.org.br\/projeto-do-psol-que-proibe-homenagens-a-torturadores-vira-lei-em-pernambuco\/"},"wordCount":246,"publisher":{"@id":"https:\/\/psol50.org.br\/#organization"},"image":{"@id":"https:\/\/psol50.org.br\/projeto-do-psol-que-proibe-homenagens-a-torturadores-vira-lei-em-pernambuco\/#primaryimage"},"thumbnailUrl":"https:\/\/psol50.org.br\/inc\/uploads\/2019\/08\/FernandoFrazao_AgenciaBrasil_BolsonaroMilitares.jpg","keywords":["Alepe","Ditadura","homenagem","juntas","Pernambuco","PSOL","torturadores"],"articleSection":["A\u00e7\u00e3o Parlamentar","Not\u00edcias"],"inLanguage":"pt-BR"},{"@type":"WebPage","@id":"https:\/\/psol50.org.br\/projeto-do-psol-que-proibe-homenagens-a-torturadores-vira-lei-em-pernambuco\/","url":"https:\/\/psol50.org.br\/projeto-do-psol-que-proibe-homenagens-a-torturadores-vira-lei-em-pernambuco\/","name":"Projeto do PSOL que pro\u00edbe homenagens a torturadores vira lei em Pernambuco","isPartOf":{"@id":"https:\/\/psol50.org.br\/#website"},"primaryImageOfPage":{"@id":"https:\/\/psol50.org.br\/projeto-do-psol-que-proibe-homenagens-a-torturadores-vira-lei-em-pernambuco\/#primaryimage"},"image":{"@id":"https:\/\/psol50.org.br\/projeto-do-psol-que-proibe-homenagens-a-torturadores-vira-lei-em-pernambuco\/#primaryimage"},"thumbnailUrl":"https:\/\/psol50.org.br\/inc\/uploads\/2019\/08\/FernandoFrazao_AgenciaBrasil_BolsonaroMilitares.jpg","datePublished":"2019-09-25T15:04:59+00:00","description":"De autoria do mandato coletivo Juntas, texto foi promulgado e n\u00e3o permite novas homenagens \u00e0 ditadura militar","breadcrumb":{"@id":"https:\/\/psol50.org.br\/projeto-do-psol-que-proibe-homenagens-a-torturadores-vira-lei-em-pernambuco\/#breadcrumb"},"inLanguage":"pt-BR","potentialAction":[{"@type":"ReadAction","target":["https:\/\/psol50.org.br\/projeto-do-psol-que-proibe-homenagens-a-torturadores-vira-lei-em-pernambuco\/"]}]},{"@type":"ImageObject","inLanguage":"pt-BR","@id":"https:\/\/psol50.org.br\/projeto-do-psol-que-proibe-homenagens-a-torturadores-vira-lei-em-pernambuco\/#primaryimage","url":"https:\/\/psol50.org.br\/inc\/uploads\/2019\/08\/FernandoFrazao_AgenciaBrasil_BolsonaroMilitares.jpg","contentUrl":"https:\/\/psol50.org.br\/inc\/uploads\/2019\/08\/FernandoFrazao_AgenciaBrasil_BolsonaroMilitares.jpg","width":1140,"height":760,"caption":"Foto: Fernando Fraz\u00e3o\/Ag\u00eancia Brasil"},{"@type":"BreadcrumbList","@id":"https:\/\/psol50.org.br\/projeto-do-psol-que-proibe-homenagens-a-torturadores-vira-lei-em-pernambuco\/#breadcrumb","itemListElement":[{"@type":"ListItem","position":1,"name":"In\u00edcio","item":"https:\/\/psol50.org.br\/"},{"@type":"ListItem","position":2,"name":"Projeto do PSOL que pro\u00edbe homenagens a torturadores vira lei em Pernambuco"}]},{"@type":"WebSite","@id":"https:\/\/psol50.org.br\/#website","url":"https:\/\/psol50.org.br\/","name":"PSOL 50","description":"Site oficial do Partido Socialismo e Liberdade","publisher":{"@id":"https:\/\/psol50.org.br\/#organization"},"alternateName":"PSOL50","potentialAction":[{"@type":"SearchAction","target":{"@type":"EntryPoint","urlTemplate":"https:\/\/psol50.org.br\/?s={search_term_string}"},"query-input":{"@type":"PropertyValueSpecification","valueRequired":true,"valueName":"search_term_string"}}],"inLanguage":"pt-BR"},{"@type":"Organization","@id":"https:\/\/psol50.org.br\/#organization","name":"PSOL 50","alternateName":"PSOL 50","url":"https:\/\/psol50.org.br\/","logo":{"@type":"ImageObject","inLanguage":"pt-BR","@id":"https:\/\/psol50.org.br\/#\/schema\/logo\/image\/","url":"https:\/\/psol50.org.br\/inc\/uploads\/2018\/07\/capa.png","contentUrl":"https:\/\/psol50.org.br\/inc\/uploads\/2018\/07\/capa.png","width":1350,"height":900,"caption":"PSOL 50"},"image":{"@id":"https:\/\/psol50.org.br\/#\/schema\/logo\/image\/"},"sameAs":["https:\/\/www.facebook.com\/psol50","https:\/\/x.com\/psol50","https:\/\/www.instagram.com\/psol50\/","https:\/\/www.youtube.com\/channel\/UC7SnJS5o1os7a6CaiNabzcg"]},{"@type":"Person","@id":"https:\/\/psol50.org.br\/#\/schema\/person\/475dfa57d0b815993c714c2e96491fcd","name":"Comunica\u00e7\u00e3o PSOL","image":{"@type":"ImageObject","inLanguage":"pt-BR","@id":"https:\/\/psol50.org.br\/#\/schema\/person\/image\/","url":"https:\/\/secure.gravatar.com\/avatar\/b34fc4f4e468a4e51785917065a3db57b841f5c95dba6ad8c73aaf8f66f8f9bf?s=96&d=mm&r=g","contentUrl":"https:\/\/secure.gravatar.com\/avatar\/b34fc4f4e468a4e51785917065a3db57b841f5c95dba6ad8c73aaf8f66f8f9bf?s=96&d=mm&r=g","caption":"Comunica\u00e7\u00e3o PSOL"}}]}},"_links":{"self":[{"href":"https:\/\/psol50.org.br\/rest\/wp\/v2\/posts\/26335","targetHints":{"allow":["GET"]}}],"collection":[{"href":"https:\/\/psol50.org.br\/rest\/wp\/v2\/posts"}],"about":[{"href":"https:\/\/psol50.org.br\/rest\/wp\/v2\/types\/post"}],"author":[{"embeddable":true,"href":"https:\/\/psol50.org.br\/rest\/wp\/v2\/users\/2"}],"replies":[{"embeddable":true,"href":"https:\/\/psol50.org.br\/rest\/wp\/v2\/comments?post=26335"}],"version-history":[{"count":0,"href":"https:\/\/psol50.org.br\/rest\/wp\/v2\/posts\/26335\/revisions"}],"wp:featuredmedia":[{"embeddable":true,"href":"https:\/\/psol50.org.br\/rest\/wp\/v2\/media\/26037"}],"wp:attachment":[{"href":"https:\/\/psol50.org.br\/rest\/wp\/v2\/media?parent=26335"}],"wp:term":[{"taxonomy":"category","embeddable":true,"href":"https:\/\/psol50.org.br\/rest\/wp\/v2\/categories?post=26335"},{"taxonomy":"post_tag","embeddable":true,"href":"https:\/\/psol50.org.br\/rest\/wp\/v2\/tags?post=26335"}],"curies":[{"name":"wp","href":"https:\/\/api.w.org\/{rel}","templated":true}]}}