{"id":2634,"date":"2014-03-24T00:00:00","date_gmt":"2014-03-24T14:08:07","guid":{"rendered":"http:\/\/psol50.org.br\/arquivo\/2014\/03\/24\/nota-do-psol-sp-apoio-a-greve-dos-agentes-penitenciarios-de-sao-paulo-e-em-repudio-a-truculencia-contra-o-movimento\/"},"modified":"2014-03-24T00:00:00","modified_gmt":"2014-03-24T14:08:07","slug":"nota-do-psol-sp-apoio-a-greve-dos-agentes-penitenciarios-de-sao-paulo-e-em-repudio-a-truculencia-contra-o-movimento","status":"publish","type":"post","link":"https:\/\/psol50.org.br\/nota-do-psol-sp-apoio-a-greve-dos-agentes-penitenciarios-de-sao-paulo-e-em-repudio-a-truculencia-contra-o-movimento\/","title":{"rendered":"Nota do PSOL-SP: Apoio \u00e0 greve dos agentes penitenci\u00e1rios de S\u00e3o Paulo e em rep\u00fadio \u00e0 trucul\u00eancia contra o movimento"},"content":{"rendered":"<div style=\"text-align: justify;\">\n\tO Partido Socialismo e Liberdade do estado de S\u00e3o Paulo (PSOL-SP) manifesta apoio incondicional aos agentes penitenci\u00e1rios do Estado de S\u00e3o Paulo, em greve h\u00e1 mais de dez dias por melhores sal\u00e1rios, plano de carreiras e condi\u00e7\u00f5es de trabalho.<\/p>\n<p>\tA categoria n\u00e3o teve outra sa\u00edda diante da intransig\u00eancia do governo do estado em dialogar e do desrespeito aos trabalhadores, apesar de in\u00fameras promessas de campanha do ent\u00e3o candidato Geraldo Alckmin com os l\u00edderes sindicais.<br \/>\n\t&nbsp;<br \/>\n\tA situa\u00e7\u00e3o agravou-se muito com a total inseguran\u00e7a gerada pela superlota\u00e7\u00e3o dos pres\u00eddios paulista de at\u00e9 200% acima da capacidade em alguns casos.<br \/>\n\t&nbsp;<br \/>\n\tApesar disso o governador continua ignorando as reivindica\u00e7\u00f5es da categoria e submetendo os trabalhadores \u00e0 precariza\u00e7\u00e3o e a longas jornadas. Ressalte-se que o sal\u00e1rio do agente penitenci\u00e1rio do Estado de S\u00e3o Paulo \u00e9 o d\u00e9cimo segundo no pa\u00eds.<br \/>\n\t&nbsp;<br \/>\n\tNa pauta do movimento constam: sal\u00e1rio-base igual ao valor do sal\u00e1rio m\u00ednimo indicado pelo DIEESE no m\u00eas de dezembro\/2012 (R$ 2.561,47), mais adicional de local de exerc\u00edcio e adicional de insalubridade; equipara\u00e7\u00e3o dos ASPs (Agentes de Seguran\u00e7a Penitenci\u00e1rios) e AEVPs (Agente de Escolta e Vigil\u00e2ncia Penitenciaria); entre outras, absolutamente leg\u00edtimas, diante do quadro ca\u00f3tico do Sistema Prisional Paulista.<br \/>\n\t&nbsp;<br \/>\n\tDiante disso manifestamos apoio aos agentes penitenci\u00e1rios do estado de S\u00e3o Paulo, apelamos para que o governo abra negocia\u00e7\u00e3o e repudiamos a criminaliza\u00e7\u00e3o do movimento e a trucul\u00eancia policial e judicial na tentativa de desmobilizar a greve.<br \/>\n\t&nbsp;<br \/>\n\t<strong>Paulo Bufalo<\/strong><br \/>\n\t<strong>Presidente Estadual do PSOL<\/strong><br \/>\n\t&nbsp;<\/div>\n","protected":false},"excerpt":{"rendered":"<p>O Partido Socialismo e Liberdade do estado de S\u00e3o Paulo (PSOL-SP) manifesta apoio incondicional aos agentes penitenci\u00e1rios do Estado de S\u00e3o Paulo, em greve h\u00e1 mais de dez dias por melhores sal\u00e1rios, plano de carreiras e condi\u00e7\u00f5es de trabalho. A categoria n\u00e3o teve outra sa\u00edda diante da intransig\u00eancia do governo do estado em dialogar e [&hellip;]<\/p>\n","protected":false},"author":2,"featured_media":0,"comment_status":"open","ping_status":"open","sticky":false,"template":"","format":"standard","meta":{"_acf_changed":false,"footnotes":""},"categories":[4766,6],"tags":[22],"class_list":{"0":"post-2634","1":"post","2":"type-post","3":"status-publish","4":"format-standard","6":"category-arquivo","7":"category-noticias","8":"tag-psol"},"acf":[],"yoast_head":"<!-- This site is optimized with the Yoast SEO plugin v26.5 - https:\/\/yoast.com\/wordpress\/plugins\/seo\/ -->\n<title>Nota do PSOL-SP: Apoio \u00e0 greve dos agentes penitenci\u00e1rios de S\u00e3o Paulo e em rep\u00fadio \u00e0 trucul\u00eancia contra o movimento - PSOL 50<\/title>\n<meta name=\"robots\" content=\"index, follow, max-snippet:-1, max-image-preview:large, max-video-preview:-1\" \/>\n<link rel=\"canonical\" href=\"https:\/\/psol50.org.br\/nota-do-psol-sp-apoio-a-greve-dos-agentes-penitenciarios-de-sao-paulo-e-em-repudio-a-truculencia-contra-o-movimento\/\" \/>\n<meta property=\"og:locale\" content=\"pt_BR\" \/>\n<meta property=\"og:type\" content=\"article\" \/>\n<meta property=\"og:title\" content=\"Nota do PSOL-SP: Apoio \u00e0 greve dos agentes penitenci\u00e1rios de S\u00e3o Paulo e em rep\u00fadio \u00e0 trucul\u00eancia contra o movimento - PSOL 50\" \/>\n<meta property=\"og:description\" content=\"O Partido Socialismo e Liberdade do estado de S\u00e3o Paulo (PSOL-SP) manifesta apoio incondicional aos agentes penitenci\u00e1rios do Estado de S\u00e3o Paulo, em greve h\u00e1 mais de dez dias por melhores sal\u00e1rios, plano de carreiras e condi\u00e7\u00f5es de trabalho. A categoria n\u00e3o teve outra sa\u00edda diante da intransig\u00eancia do governo do estado em dialogar e [&hellip;]\" \/>\n<meta property=\"og:url\" content=\"https:\/\/psol50.org.br\/nota-do-psol-sp-apoio-a-greve-dos-agentes-penitenciarios-de-sao-paulo-e-em-repudio-a-truculencia-contra-o-movimento\/\" \/>\n<meta property=\"og:site_name\" content=\"PSOL 50\" \/>\n<meta property=\"article:publisher\" content=\"https:\/\/www.facebook.com\/psol50\" \/>\n<meta property=\"article:published_time\" content=\"2014-03-24T14:08:07+00:00\" \/>\n<meta property=\"og:image\" content=\"https:\/\/psol50.org.br\/inc\/uploads\/2018\/07\/capa.png\" \/>\n\t<meta property=\"og:image:width\" content=\"1350\" \/>\n\t<meta property=\"og:image:height\" content=\"900\" \/>\n\t<meta property=\"og:image:type\" content=\"image\/png\" \/>\n<meta name=\"author\" content=\"Comunica\u00e7\u00e3o PSOL\" \/>\n<meta name=\"twitter:card\" content=\"summary_large_image\" \/>\n<meta name=\"twitter:creator\" content=\"@psol50\" \/>\n<meta name=\"twitter:site\" content=\"@psol50\" \/>\n<meta name=\"twitter:label1\" content=\"Escrito por\" \/>\n\t<meta name=\"twitter:data1\" content=\"Comunica\u00e7\u00e3o PSOL\" \/>\n\t<meta name=\"twitter:label2\" content=\"Est. tempo de leitura\" \/>\n\t<meta name=\"twitter:data2\" content=\"1 minuto\" \/>\n<script type=\"application\/ld+json\" class=\"yoast-schema-graph\">{\"@context\":\"https:\/\/schema.org\",\"@graph\":[{\"@type\":\"Article\",\"@id\":\"https:\/\/psol50.org.br\/nota-do-psol-sp-apoio-a-greve-dos-agentes-penitenciarios-de-sao-paulo-e-em-repudio-a-truculencia-contra-o-movimento\/#article\",\"isPartOf\":{\"@id\":\"https:\/\/psol50.org.br\/nota-do-psol-sp-apoio-a-greve-dos-agentes-penitenciarios-de-sao-paulo-e-em-repudio-a-truculencia-contra-o-movimento\/\"},\"author\":{\"name\":\"Comunica\u00e7\u00e3o PSOL\",\"@id\":\"https:\/\/psol50.org.br\/#\/schema\/person\/475dfa57d0b815993c714c2e96491fcd\"},\"headline\":\"Nota do PSOL-SP: Apoio \u00e0 greve dos agentes penitenci\u00e1rios de S\u00e3o Paulo e em rep\u00fadio \u00e0 trucul\u00eancia contra o movimento\",\"datePublished\":\"2014-03-24T14:08:07+00:00\",\"mainEntityOfPage\":{\"@id\":\"https:\/\/psol50.org.br\/nota-do-psol-sp-apoio-a-greve-dos-agentes-penitenciarios-de-sao-paulo-e-em-repudio-a-truculencia-contra-o-movimento\/\"},\"wordCount\":298,\"commentCount\":0,\"publisher\":{\"@id\":\"https:\/\/psol50.org.br\/#organization\"},\"keywords\":[\"PSOL\"],\"articleSection\":[\"Arquivo\",\"Not\u00edcias\"],\"inLanguage\":\"pt-BR\",\"potentialAction\":[{\"@type\":\"CommentAction\",\"name\":\"Comment\",\"target\":[\"https:\/\/psol50.org.br\/nota-do-psol-sp-apoio-a-greve-dos-agentes-penitenciarios-de-sao-paulo-e-em-repudio-a-truculencia-contra-o-movimento\/#respond\"]}]},{\"@type\":\"WebPage\",\"@id\":\"https:\/\/psol50.org.br\/nota-do-psol-sp-apoio-a-greve-dos-agentes-penitenciarios-de-sao-paulo-e-em-repudio-a-truculencia-contra-o-movimento\/\",\"url\":\"https:\/\/psol50.org.br\/nota-do-psol-sp-apoio-a-greve-dos-agentes-penitenciarios-de-sao-paulo-e-em-repudio-a-truculencia-contra-o-movimento\/\",\"name\":\"Nota do PSOL-SP: Apoio \u00e0 greve dos agentes penitenci\u00e1rios de S\u00e3o Paulo e em rep\u00fadio \u00e0 trucul\u00eancia contra o movimento - PSOL 50\",\"isPartOf\":{\"@id\":\"https:\/\/psol50.org.br\/#website\"},\"datePublished\":\"2014-03-24T14:08:07+00:00\",\"breadcrumb\":{\"@id\":\"https:\/\/psol50.org.br\/nota-do-psol-sp-apoio-a-greve-dos-agentes-penitenciarios-de-sao-paulo-e-em-repudio-a-truculencia-contra-o-movimento\/#breadcrumb\"},\"inLanguage\":\"pt-BR\",\"potentialAction\":[{\"@type\":\"ReadAction\",\"target\":[\"https:\/\/psol50.org.br\/nota-do-psol-sp-apoio-a-greve-dos-agentes-penitenciarios-de-sao-paulo-e-em-repudio-a-truculencia-contra-o-movimento\/\"]}]},{\"@type\":\"BreadcrumbList\",\"@id\":\"https:\/\/psol50.org.br\/nota-do-psol-sp-apoio-a-greve-dos-agentes-penitenciarios-de-sao-paulo-e-em-repudio-a-truculencia-contra-o-movimento\/#breadcrumb\",\"itemListElement\":[{\"@type\":\"ListItem\",\"position\":1,\"name\":\"In\u00edcio\",\"item\":\"https:\/\/psol50.org.br\/\"},{\"@type\":\"ListItem\",\"position\":2,\"name\":\"Nota do PSOL-SP: Apoio \u00e0 greve dos agentes penitenci\u00e1rios de S\u00e3o Paulo e em rep\u00fadio \u00e0 trucul\u00eancia contra o movimento\"}]},{\"@type\":\"WebSite\",\"@id\":\"https:\/\/psol50.org.br\/#website\",\"url\":\"https:\/\/psol50.org.br\/\",\"name\":\"PSOL 50\",\"description\":\"Site oficial do Partido Socialismo e Liberdade\",\"publisher\":{\"@id\":\"https:\/\/psol50.org.br\/#organization\"},\"alternateName\":\"PSOL50\",\"potentialAction\":[{\"@type\":\"SearchAction\",\"target\":{\"@type\":\"EntryPoint\",\"urlTemplate\":\"https:\/\/psol50.org.br\/?s={search_term_string}\"},\"query-input\":{\"@type\":\"PropertyValueSpecification\",\"valueRequired\":true,\"valueName\":\"search_term_string\"}}],\"inLanguage\":\"pt-BR\"},{\"@type\":\"Organization\",\"@id\":\"https:\/\/psol50.org.br\/#organization\",\"name\":\"PSOL 50\",\"alternateName\":\"PSOL 50\",\"url\":\"https:\/\/psol50.org.br\/\",\"logo\":{\"@type\":\"ImageObject\",\"inLanguage\":\"pt-BR\",\"@id\":\"https:\/\/psol50.org.br\/#\/schema\/logo\/image\/\",\"url\":\"https:\/\/psol50.org.br\/inc\/uploads\/2018\/07\/capa.png\",\"contentUrl\":\"https:\/\/psol50.org.br\/inc\/uploads\/2018\/07\/capa.png\",\"width\":1350,\"height\":900,\"caption\":\"PSOL 50\"},\"image\":{\"@id\":\"https:\/\/psol50.org.br\/#\/schema\/logo\/image\/\"},\"sameAs\":[\"https:\/\/www.facebook.com\/psol50\",\"https:\/\/x.com\/psol50\",\"https:\/\/www.instagram.com\/psol50\/\",\"https:\/\/www.youtube.com\/channel\/UC7SnJS5o1os7a6CaiNabzcg\"]},{\"@type\":\"Person\",\"@id\":\"https:\/\/psol50.org.br\/#\/schema\/person\/475dfa57d0b815993c714c2e96491fcd\",\"name\":\"Comunica\u00e7\u00e3o PSOL\",\"image\":{\"@type\":\"ImageObject\",\"inLanguage\":\"pt-BR\",\"@id\":\"https:\/\/psol50.org.br\/#\/schema\/person\/image\/\",\"url\":\"https:\/\/secure.gravatar.com\/avatar\/b34fc4f4e468a4e51785917065a3db57b841f5c95dba6ad8c73aaf8f66f8f9bf?s=96&d=mm&r=g\",\"contentUrl\":\"https:\/\/secure.gravatar.com\/avatar\/b34fc4f4e468a4e51785917065a3db57b841f5c95dba6ad8c73aaf8f66f8f9bf?s=96&d=mm&r=g\",\"caption\":\"Comunica\u00e7\u00e3o PSOL\"}}]}<\/script>\n<!-- \/ Yoast SEO plugin. -->","yoast_head_json":{"title":"Nota do PSOL-SP: Apoio \u00e0 greve dos agentes penitenci\u00e1rios de S\u00e3o Paulo e em rep\u00fadio \u00e0 trucul\u00eancia contra o movimento - PSOL 50","robots":{"index":"index","follow":"follow","max-snippet":"max-snippet:-1","max-image-preview":"max-image-preview:large","max-video-preview":"max-video-preview:-1"},"canonical":"https:\/\/psol50.org.br\/nota-do-psol-sp-apoio-a-greve-dos-agentes-penitenciarios-de-sao-paulo-e-em-repudio-a-truculencia-contra-o-movimento\/","og_locale":"pt_BR","og_type":"article","og_title":"Nota do PSOL-SP: Apoio \u00e0 greve dos agentes penitenci\u00e1rios de S\u00e3o Paulo e em rep\u00fadio \u00e0 trucul\u00eancia contra o movimento - PSOL 50","og_description":"O Partido Socialismo e Liberdade do estado de S\u00e3o Paulo (PSOL-SP) manifesta apoio incondicional aos agentes penitenci\u00e1rios do Estado de S\u00e3o Paulo, em greve h\u00e1 mais de dez dias por melhores sal\u00e1rios, plano de carreiras e condi\u00e7\u00f5es de trabalho. A categoria n\u00e3o teve outra sa\u00edda diante da intransig\u00eancia do governo do estado em dialogar e [&hellip;]","og_url":"https:\/\/psol50.org.br\/nota-do-psol-sp-apoio-a-greve-dos-agentes-penitenciarios-de-sao-paulo-e-em-repudio-a-truculencia-contra-o-movimento\/","og_site_name":"PSOL 50","article_publisher":"https:\/\/www.facebook.com\/psol50","article_published_time":"2014-03-24T14:08:07+00:00","og_image":[{"width":1350,"height":900,"url":"https:\/\/psol50.org.br\/inc\/uploads\/2018\/07\/capa.png","type":"image\/png"}],"author":"Comunica\u00e7\u00e3o PSOL","twitter_card":"summary_large_image","twitter_creator":"@psol50","twitter_site":"@psol50","twitter_misc":{"Escrito por":"Comunica\u00e7\u00e3o PSOL","Est. tempo de leitura":"1 minuto"},"schema":{"@context":"https:\/\/schema.org","@graph":[{"@type":"Article","@id":"https:\/\/psol50.org.br\/nota-do-psol-sp-apoio-a-greve-dos-agentes-penitenciarios-de-sao-paulo-e-em-repudio-a-truculencia-contra-o-movimento\/#article","isPartOf":{"@id":"https:\/\/psol50.org.br\/nota-do-psol-sp-apoio-a-greve-dos-agentes-penitenciarios-de-sao-paulo-e-em-repudio-a-truculencia-contra-o-movimento\/"},"author":{"name":"Comunica\u00e7\u00e3o PSOL","@id":"https:\/\/psol50.org.br\/#\/schema\/person\/475dfa57d0b815993c714c2e96491fcd"},"headline":"Nota do PSOL-SP: Apoio \u00e0 greve dos agentes penitenci\u00e1rios de S\u00e3o Paulo e em rep\u00fadio \u00e0 trucul\u00eancia contra o movimento","datePublished":"2014-03-24T14:08:07+00:00","mainEntityOfPage":{"@id":"https:\/\/psol50.org.br\/nota-do-psol-sp-apoio-a-greve-dos-agentes-penitenciarios-de-sao-paulo-e-em-repudio-a-truculencia-contra-o-movimento\/"},"wordCount":298,"commentCount":0,"publisher":{"@id":"https:\/\/psol50.org.br\/#organization"},"keywords":["PSOL"],"articleSection":["Arquivo","Not\u00edcias"],"inLanguage":"pt-BR","potentialAction":[{"@type":"CommentAction","name":"Comment","target":["https:\/\/psol50.org.br\/nota-do-psol-sp-apoio-a-greve-dos-agentes-penitenciarios-de-sao-paulo-e-em-repudio-a-truculencia-contra-o-movimento\/#respond"]}]},{"@type":"WebPage","@id":"https:\/\/psol50.org.br\/nota-do-psol-sp-apoio-a-greve-dos-agentes-penitenciarios-de-sao-paulo-e-em-repudio-a-truculencia-contra-o-movimento\/","url":"https:\/\/psol50.org.br\/nota-do-psol-sp-apoio-a-greve-dos-agentes-penitenciarios-de-sao-paulo-e-em-repudio-a-truculencia-contra-o-movimento\/","name":"Nota do PSOL-SP: Apoio \u00e0 greve dos agentes penitenci\u00e1rios de S\u00e3o Paulo e em rep\u00fadio \u00e0 trucul\u00eancia contra o movimento - PSOL 50","isPartOf":{"@id":"https:\/\/psol50.org.br\/#website"},"datePublished":"2014-03-24T14:08:07+00:00","breadcrumb":{"@id":"https:\/\/psol50.org.br\/nota-do-psol-sp-apoio-a-greve-dos-agentes-penitenciarios-de-sao-paulo-e-em-repudio-a-truculencia-contra-o-movimento\/#breadcrumb"},"inLanguage":"pt-BR","potentialAction":[{"@type":"ReadAction","target":["https:\/\/psol50.org.br\/nota-do-psol-sp-apoio-a-greve-dos-agentes-penitenciarios-de-sao-paulo-e-em-repudio-a-truculencia-contra-o-movimento\/"]}]},{"@type":"BreadcrumbList","@id":"https:\/\/psol50.org.br\/nota-do-psol-sp-apoio-a-greve-dos-agentes-penitenciarios-de-sao-paulo-e-em-repudio-a-truculencia-contra-o-movimento\/#breadcrumb","itemListElement":[{"@type":"ListItem","position":1,"name":"In\u00edcio","item":"https:\/\/psol50.org.br\/"},{"@type":"ListItem","position":2,"name":"Nota do PSOL-SP: Apoio \u00e0 greve dos agentes penitenci\u00e1rios de S\u00e3o Paulo e em rep\u00fadio \u00e0 trucul\u00eancia contra o movimento"}]},{"@type":"WebSite","@id":"https:\/\/psol50.org.br\/#website","url":"https:\/\/psol50.org.br\/","name":"PSOL 50","description":"Site oficial do Partido Socialismo e Liberdade","publisher":{"@id":"https:\/\/psol50.org.br\/#organization"},"alternateName":"PSOL50","potentialAction":[{"@type":"SearchAction","target":{"@type":"EntryPoint","urlTemplate":"https:\/\/psol50.org.br\/?s={search_term_string}"},"query-input":{"@type":"PropertyValueSpecification","valueRequired":true,"valueName":"search_term_string"}}],"inLanguage":"pt-BR"},{"@type":"Organization","@id":"https:\/\/psol50.org.br\/#organization","name":"PSOL 50","alternateName":"PSOL 50","url":"https:\/\/psol50.org.br\/","logo":{"@type":"ImageObject","inLanguage":"pt-BR","@id":"https:\/\/psol50.org.br\/#\/schema\/logo\/image\/","url":"https:\/\/psol50.org.br\/inc\/uploads\/2018\/07\/capa.png","contentUrl":"https:\/\/psol50.org.br\/inc\/uploads\/2018\/07\/capa.png","width":1350,"height":900,"caption":"PSOL 50"},"image":{"@id":"https:\/\/psol50.org.br\/#\/schema\/logo\/image\/"},"sameAs":["https:\/\/www.facebook.com\/psol50","https:\/\/x.com\/psol50","https:\/\/www.instagram.com\/psol50\/","https:\/\/www.youtube.com\/channel\/UC7SnJS5o1os7a6CaiNabzcg"]},{"@type":"Person","@id":"https:\/\/psol50.org.br\/#\/schema\/person\/475dfa57d0b815993c714c2e96491fcd","name":"Comunica\u00e7\u00e3o PSOL","image":{"@type":"ImageObject","inLanguage":"pt-BR","@id":"https:\/\/psol50.org.br\/#\/schema\/person\/image\/","url":"https:\/\/secure.gravatar.com\/avatar\/b34fc4f4e468a4e51785917065a3db57b841f5c95dba6ad8c73aaf8f66f8f9bf?s=96&d=mm&r=g","contentUrl":"https:\/\/secure.gravatar.com\/avatar\/b34fc4f4e468a4e51785917065a3db57b841f5c95dba6ad8c73aaf8f66f8f9bf?s=96&d=mm&r=g","caption":"Comunica\u00e7\u00e3o PSOL"}}]}},"_links":{"self":[{"href":"https:\/\/psol50.org.br\/rest\/wp\/v2\/posts\/2634","targetHints":{"allow":["GET"]}}],"collection":[{"href":"https:\/\/psol50.org.br\/rest\/wp\/v2\/posts"}],"about":[{"href":"https:\/\/psol50.org.br\/rest\/wp\/v2\/types\/post"}],"author":[{"embeddable":true,"href":"https:\/\/psol50.org.br\/rest\/wp\/v2\/users\/2"}],"replies":[{"embeddable":true,"href":"https:\/\/psol50.org.br\/rest\/wp\/v2\/comments?post=2634"}],"version-history":[{"count":0,"href":"https:\/\/psol50.org.br\/rest\/wp\/v2\/posts\/2634\/revisions"}],"wp:attachment":[{"href":"https:\/\/psol50.org.br\/rest\/wp\/v2\/media?parent=2634"}],"wp:term":[{"taxonomy":"category","embeddable":true,"href":"https:\/\/psol50.org.br\/rest\/wp\/v2\/categories?post=2634"},{"taxonomy":"post_tag","embeddable":true,"href":"https:\/\/psol50.org.br\/rest\/wp\/v2\/tags?post=2634"}],"curies":[{"name":"wp","href":"https:\/\/api.w.org\/{rel}","templated":true}]}}