{"id":26352,"date":"2019-09-05T15:34:33","date_gmt":"2019-09-05T18:34:33","guid":{"rendered":"http:\/\/psol50.org.br\/?p=26352"},"modified":"2019-09-05T15:34:33","modified_gmt":"2019-09-05T18:34:33","slug":"psol-quer-evitar-que-bolsonaro-ataque-direitos-de-criancas-e-adolescentes","status":"publish","type":"post","link":"https:\/\/psol50.org.br\/psol-quer-evitar-que-bolsonaro-ataque-direitos-de-criancas-e-adolescentes\/","title":{"rendered":"PSOL quer evitar que Bolsonaro ataque direitos de crian\u00e7as e adolescentes"},"content":{"rendered":"<p>A Executiva Nacional do PSOL lan\u00e7ou uma nota nesta quinta-feira (5) em defesa do Estatuto da Crian\u00e7a e do Adolescente (ECA) e repudiando o desmonte do Conselho Nacional dos Direitos da Crian\u00e7a e do Adolescente (CONANDA) realizado pelo governo Bolsonaro.<\/p>\n<p>O partido tamb\u00e9m apresentou um projeto de decreto legislativo (PDL) para sustar o decreto presidencial que alterou o funcionamento do CONANDA, fazendo com que a indica\u00e7\u00e3o da presid\u00eancia do conselho seja feita pelo pr\u00f3prio presidente da Rep\u00fablica, diminuindo as vagas para representantes da sociedade civil e alterando sua periodicidade, esvaziando politicamente o espa\u00e7o. <a href=\"http:\/\/psol50.org.br\/inc\/uploads\/2019\/09\/PDL-609-2019.pdf\">Leia o projeto do PSOL na \u00edntegra<\/a> e logo abaixo a nota do partido.<\/p>\n<h6><strong>Em defesa do ECA e dos direitos de crian\u00e7as e adolescentes<\/strong><\/h6>\n<p class=\"p1\">O Conselho Nacional dos Direitos da Crian\u00e7a e do Adolescente (CONANDA) foi articulado pelos movimentos sociais durante o per\u00edodo de redemocratiza\u00e7\u00e3o brasileira, tendo, como um de seus objetivos, a amplia\u00e7\u00e3o da participa\u00e7\u00e3o da sociedade nas decis\u00f5es governamentais relativas \u00e0s pol\u00edticas p\u00fablicas, e de controle da implementa\u00e7\u00e3o destas. O CONANDA \u00e9 um \u00f3rg\u00e3o colegiado permanente, de car\u00e1ter deliberativo e de composi\u00e7\u00e3o parit\u00e1ria. Possui, como fun\u00e7\u00e3o, coordenar as a\u00e7\u00f5es de promo\u00e7\u00e3o, prote\u00e7\u00e3o e defesa dos direitos da crian\u00e7a e do adolescente, estando previsto no Estatuto da Crian\u00e7a e do Adolescente e regulamentado em 2004 (Decreto n\u00ba 5.089).<\/p>\n<p class=\"p1\">Desde a sua efetiva\u00e7\u00e3o, o CONANDA tem sido o principal instrumento, em n\u00edvel nacional,<span class=\"Apple-converted-space\">\u00a0 <\/span>para a fiscaliza\u00e7\u00e3o, implementa\u00e7\u00e3o e formula\u00e7\u00e3o de pol\u00edticas, cumprindo o papel de dialogar com os Conselhos Tutelares sobre suas fun\u00e7\u00f5es, bem como intermediar a\u00e7\u00f5es de incentivo \u00e0 garantia dos direitos da inf\u00e2ncia e adolesc\u00eancia, entre sociedade civil e governo.<\/p>\n<p class=\"p1\">Nos \u00faltimos anos, estamos vivendo a retirada de direitos e o retrocesso nas pautas da inf\u00e2ncia e adolesc\u00eancia. O atual (des)governo presidido por Jair Bolsonaro alterou, por meio do Decreto 10.003 de 4 de setembro de 2019, o funcionamento do CONANDA, no intuito de cercear a plena participa\u00e7\u00e3o da sociedade civil. Com este decreto, a indica\u00e7\u00e3o da presid\u00eancia do CONANDA passa a ser feita pelo presidente da rep\u00fablica, e sua substitui\u00e7\u00e3o ser\u00e1 feita automaticamente, quando necess\u00e1rio, pela pelo\/a secret\u00e1rio\/a nacional da crian\u00e7a e do\/a adolescente. Tamb\u00e9m diminui as vagas de representa\u00e7\u00e3o das entidades para nove assentos, altera a periodicidade e a forma de realiza\u00e7\u00e3o das reuni\u00f5es do conselho, que agora ser\u00e3o trimestrais e por videoconfer\u00eancia para aqueles que n\u00e3o estiverem em Bras\u00edlia. O edital de sele\u00e7\u00e3o dos conselheiros ser\u00e1 executado pelo Minist\u00e9rio da Fam\u00edlia, Mulher e Direitos Humanos. Estes e outros absurdos influenciar\u00e3o diretamente a gest\u00e3o, participa\u00e7\u00e3o e funcionamento do CONANDA.<\/p>\n<p class=\"p1\">\u00c9 urgente que os movimentos sociais e a sociedade civil estejam organizados em todos os espa\u00e7os, ocupem as ruas e denunciem estas decis\u00f5es deste governo conservador, que j\u00e1 anunciava, desde o ano passado durante sua campanha eleitoral, que o Estatuto da Crian\u00e7a e do Adolescente deveria \u201cser rasgado e jogado na latrina\u201d, o que j\u00e1 era um pren\u00fancio dos ataques aos direitos e \u00e0 prote\u00e7\u00e3o das crian\u00e7as e adolescentes.<\/p>\n<p class=\"p1\">Manifestamos nosso rep\u00fadio ao desmonte do CONANDA! Em defesa do Estatuto da Crian\u00e7a e do Adolescente! Em defesa do CONANDA e da manuten\u00e7\u00e3o do seu funcionamento!<\/p>\n<p><em><strong>Executiva Nacional do PSOL<\/strong><\/em><br \/>\n<em><strong>5 de setembro de 2019<\/strong><\/em><\/p>\n","protected":false},"excerpt":{"rendered":"<p>A Executiva Nacional do PSOL lan\u00e7ou uma nota nesta quinta-feira (5) em defesa do Estatuto da Crian\u00e7a e do Adolescente (ECA) e repudiando o desmonte do Conselho Nacional dos Direitos da Crian\u00e7a e do Adolescente (CONANDA) realizado pelo governo Bolsonaro. O partido tamb\u00e9m apresentou um projeto de decreto legislativo (PDL) para sustar o decreto presidencial [&hellip;]<\/p>\n","protected":false},"author":2,"featured_media":26354,"comment_status":"closed","ping_status":"open","sticky":false,"template":"","format":"standard","meta":{"_acf_changed":false,"footnotes":""},"categories":[6],"tags":[1109,2004,1062,2005,22],"class_list":{"0":"post-26352","1":"post","2":"type-post","3":"status-publish","4":"format-standard","5":"has-post-thumbnail","7":"category-noticias","8":"tag-adolescente","9":"tag-conanda","10":"tag-crianca","11":"tag-eca","12":"tag-psol"},"acf":[],"yoast_head":"<!-- This site is optimized with the Yoast SEO plugin v26.5 - https:\/\/yoast.com\/wordpress\/plugins\/seo\/ -->\n<title>PSOL quer evitar que Bolsonaro ataque direitos de crian\u00e7as e adolescentes - PSOL 50<\/title>\n<meta name=\"description\" content=\"Partido \u00e9 contra o desmantelamento do CONANDA feito pelo governo Bolsonaro\" \/>\n<meta name=\"robots\" content=\"index, follow, max-snippet:-1, max-image-preview:large, max-video-preview:-1\" \/>\n<link rel=\"canonical\" href=\"https:\/\/psol50.org.br\/psol-quer-evitar-que-bolsonaro-ataque-direitos-de-criancas-e-adolescentes\/\" \/>\n<meta property=\"og:locale\" content=\"pt_BR\" \/>\n<meta property=\"og:type\" content=\"article\" \/>\n<meta property=\"og:title\" content=\"PSOL quer evitar que Bolsonaro ataque direitos de crian\u00e7as e adolescentes\" \/>\n<meta property=\"og:description\" content=\"Partido \u00e9 contra o desmantelamento do CONANDA feito pelo governo Bolsonaro\" \/>\n<meta property=\"og:url\" content=\"https:\/\/psol50.org.br\/psol-quer-evitar-que-bolsonaro-ataque-direitos-de-criancas-e-adolescentes\/\" \/>\n<meta property=\"og:site_name\" content=\"PSOL 50\" \/>\n<meta property=\"article:publisher\" content=\"https:\/\/www.facebook.com\/psol50\" \/>\n<meta property=\"article:published_time\" content=\"2019-09-05T18:34:33+00:00\" \/>\n<meta property=\"og:image\" content=\"https:\/\/psol50.org.br\/inc\/uploads\/2019\/09\/edit_abr_29081921646-1-e1567708637737.jpg\" \/>\n\t<meta property=\"og:image:width\" content=\"1140\" \/>\n\t<meta property=\"og:image:height\" content=\"581\" \/>\n\t<meta property=\"og:image:type\" content=\"image\/jpeg\" \/>\n<meta name=\"author\" content=\"Comunica\u00e7\u00e3o PSOL\" \/>\n<meta name=\"twitter:card\" content=\"summary_large_image\" \/>\n<meta name=\"twitter:title\" content=\"PSOL quer evitar que Bolsonaro ataque direitos de crian\u00e7as e adolescentes\" \/>\n<meta name=\"twitter:description\" content=\"Partido \u00e9 contra o desmantelamento do CONANDA feito pelo governo Bolsonaro\" \/>\n<meta name=\"twitter:image\" content=\"https:\/\/psol50.org.br\/inc\/uploads\/2019\/09\/edit_abr_29081921646-1-e1567708637737.jpg\" \/>\n<meta name=\"twitter:creator\" content=\"@psol50\" \/>\n<meta name=\"twitter:site\" content=\"@psol50\" \/>\n<meta name=\"twitter:label1\" content=\"Escrito por\" \/>\n\t<meta name=\"twitter:data1\" content=\"Comunica\u00e7\u00e3o PSOL\" \/>\n\t<meta name=\"twitter:label2\" content=\"Est. tempo de leitura\" \/>\n\t<meta name=\"twitter:data2\" content=\"3 minutos\" \/>\n<script type=\"application\/ld+json\" class=\"yoast-schema-graph\">{\"@context\":\"https:\/\/schema.org\",\"@graph\":[{\"@type\":\"Article\",\"@id\":\"https:\/\/psol50.org.br\/psol-quer-evitar-que-bolsonaro-ataque-direitos-de-criancas-e-adolescentes\/#article\",\"isPartOf\":{\"@id\":\"https:\/\/psol50.org.br\/psol-quer-evitar-que-bolsonaro-ataque-direitos-de-criancas-e-adolescentes\/\"},\"author\":{\"name\":\"Comunica\u00e7\u00e3o PSOL\",\"@id\":\"https:\/\/psol50.org.br\/#\/schema\/person\/475dfa57d0b815993c714c2e96491fcd\"},\"headline\":\"PSOL quer evitar que Bolsonaro ataque direitos de crian\u00e7as e adolescentes\",\"datePublished\":\"2019-09-05T18:34:33+00:00\",\"mainEntityOfPage\":{\"@id\":\"https:\/\/psol50.org.br\/psol-quer-evitar-que-bolsonaro-ataque-direitos-de-criancas-e-adolescentes\/\"},\"wordCount\":597,\"publisher\":{\"@id\":\"https:\/\/psol50.org.br\/#organization\"},\"image\":{\"@id\":\"https:\/\/psol50.org.br\/psol-quer-evitar-que-bolsonaro-ataque-direitos-de-criancas-e-adolescentes\/#primaryimage\"},\"thumbnailUrl\":\"https:\/\/psol50.org.br\/inc\/uploads\/2019\/09\/edit_abr_29081921646-1-e1567708637737.jpg\",\"keywords\":[\"adolescente\",\"conanda\",\"crian\u00e7a\",\"ECA\",\"PSOL\"],\"articleSection\":[\"Not\u00edcias\"],\"inLanguage\":\"pt-BR\"},{\"@type\":\"WebPage\",\"@id\":\"https:\/\/psol50.org.br\/psol-quer-evitar-que-bolsonaro-ataque-direitos-de-criancas-e-adolescentes\/\",\"url\":\"https:\/\/psol50.org.br\/psol-quer-evitar-que-bolsonaro-ataque-direitos-de-criancas-e-adolescentes\/\",\"name\":\"PSOL quer evitar que Bolsonaro ataque direitos de crian\u00e7as e adolescentes - PSOL 50\",\"isPartOf\":{\"@id\":\"https:\/\/psol50.org.br\/#website\"},\"primaryImageOfPage\":{\"@id\":\"https:\/\/psol50.org.br\/psol-quer-evitar-que-bolsonaro-ataque-direitos-de-criancas-e-adolescentes\/#primaryimage\"},\"image\":{\"@id\":\"https:\/\/psol50.org.br\/psol-quer-evitar-que-bolsonaro-ataque-direitos-de-criancas-e-adolescentes\/#primaryimage\"},\"thumbnailUrl\":\"https:\/\/psol50.org.br\/inc\/uploads\/2019\/09\/edit_abr_29081921646-1-e1567708637737.jpg\",\"datePublished\":\"2019-09-05T18:34:33+00:00\",\"description\":\"Partido \u00e9 contra o desmantelamento do CONANDA feito pelo governo Bolsonaro\",\"breadcrumb\":{\"@id\":\"https:\/\/psol50.org.br\/psol-quer-evitar-que-bolsonaro-ataque-direitos-de-criancas-e-adolescentes\/#breadcrumb\"},\"inLanguage\":\"pt-BR\",\"potentialAction\":[{\"@type\":\"ReadAction\",\"target\":[\"https:\/\/psol50.org.br\/psol-quer-evitar-que-bolsonaro-ataque-direitos-de-criancas-e-adolescentes\/\"]}]},{\"@type\":\"ImageObject\",\"inLanguage\":\"pt-BR\",\"@id\":\"https:\/\/psol50.org.br\/psol-quer-evitar-que-bolsonaro-ataque-direitos-de-criancas-e-adolescentes\/#primaryimage\",\"url\":\"https:\/\/psol50.org.br\/inc\/uploads\/2019\/09\/edit_abr_29081921646-1-e1567708637737.jpg\",\"contentUrl\":\"https:\/\/psol50.org.br\/inc\/uploads\/2019\/09\/edit_abr_29081921646-1-e1567708637737.jpg\",\"width\":1140,\"height\":581,\"caption\":\"Foto: Valter Campanato\/Ag\u00eancia Brasil\"},{\"@type\":\"BreadcrumbList\",\"@id\":\"https:\/\/psol50.org.br\/psol-quer-evitar-que-bolsonaro-ataque-direitos-de-criancas-e-adolescentes\/#breadcrumb\",\"itemListElement\":[{\"@type\":\"ListItem\",\"position\":1,\"name\":\"In\u00edcio\",\"item\":\"https:\/\/psol50.org.br\/\"},{\"@type\":\"ListItem\",\"position\":2,\"name\":\"PSOL quer evitar que Bolsonaro ataque direitos de crian\u00e7as e adolescentes\"}]},{\"@type\":\"WebSite\",\"@id\":\"https:\/\/psol50.org.br\/#website\",\"url\":\"https:\/\/psol50.org.br\/\",\"name\":\"PSOL 50\",\"description\":\"Site oficial do Partido Socialismo e Liberdade\",\"publisher\":{\"@id\":\"https:\/\/psol50.org.br\/#organization\"},\"alternateName\":\"PSOL50\",\"potentialAction\":[{\"@type\":\"SearchAction\",\"target\":{\"@type\":\"EntryPoint\",\"urlTemplate\":\"https:\/\/psol50.org.br\/?s={search_term_string}\"},\"query-input\":{\"@type\":\"PropertyValueSpecification\",\"valueRequired\":true,\"valueName\":\"search_term_string\"}}],\"inLanguage\":\"pt-BR\"},{\"@type\":\"Organization\",\"@id\":\"https:\/\/psol50.org.br\/#organization\",\"name\":\"PSOL 50\",\"alternateName\":\"PSOL 50\",\"url\":\"https:\/\/psol50.org.br\/\",\"logo\":{\"@type\":\"ImageObject\",\"inLanguage\":\"pt-BR\",\"@id\":\"https:\/\/psol50.org.br\/#\/schema\/logo\/image\/\",\"url\":\"https:\/\/psol50.org.br\/inc\/uploads\/2018\/07\/capa.png\",\"contentUrl\":\"https:\/\/psol50.org.br\/inc\/uploads\/2018\/07\/capa.png\",\"width\":1350,\"height\":900,\"caption\":\"PSOL 50\"},\"image\":{\"@id\":\"https:\/\/psol50.org.br\/#\/schema\/logo\/image\/\"},\"sameAs\":[\"https:\/\/www.facebook.com\/psol50\",\"https:\/\/x.com\/psol50\",\"https:\/\/www.instagram.com\/psol50\/\",\"https:\/\/www.youtube.com\/channel\/UC7SnJS5o1os7a6CaiNabzcg\"]},{\"@type\":\"Person\",\"@id\":\"https:\/\/psol50.org.br\/#\/schema\/person\/475dfa57d0b815993c714c2e96491fcd\",\"name\":\"Comunica\u00e7\u00e3o PSOL\",\"image\":{\"@type\":\"ImageObject\",\"inLanguage\":\"pt-BR\",\"@id\":\"https:\/\/psol50.org.br\/#\/schema\/person\/image\/\",\"url\":\"https:\/\/secure.gravatar.com\/avatar\/b34fc4f4e468a4e51785917065a3db57b841f5c95dba6ad8c73aaf8f66f8f9bf?s=96&d=mm&r=g\",\"contentUrl\":\"https:\/\/secure.gravatar.com\/avatar\/b34fc4f4e468a4e51785917065a3db57b841f5c95dba6ad8c73aaf8f66f8f9bf?s=96&d=mm&r=g\",\"caption\":\"Comunica\u00e7\u00e3o PSOL\"}}]}<\/script>\n<!-- \/ Yoast SEO plugin. -->","yoast_head_json":{"title":"PSOL quer evitar que Bolsonaro ataque direitos de crian\u00e7as e adolescentes - PSOL 50","description":"Partido \u00e9 contra o desmantelamento do CONANDA feito pelo governo Bolsonaro","robots":{"index":"index","follow":"follow","max-snippet":"max-snippet:-1","max-image-preview":"max-image-preview:large","max-video-preview":"max-video-preview:-1"},"canonical":"https:\/\/psol50.org.br\/psol-quer-evitar-que-bolsonaro-ataque-direitos-de-criancas-e-adolescentes\/","og_locale":"pt_BR","og_type":"article","og_title":"PSOL quer evitar que Bolsonaro ataque direitos de crian\u00e7as e adolescentes","og_description":"Partido \u00e9 contra o desmantelamento do CONANDA feito pelo governo Bolsonaro","og_url":"https:\/\/psol50.org.br\/psol-quer-evitar-que-bolsonaro-ataque-direitos-de-criancas-e-adolescentes\/","og_site_name":"PSOL 50","article_publisher":"https:\/\/www.facebook.com\/psol50","article_published_time":"2019-09-05T18:34:33+00:00","og_image":[{"width":1140,"height":581,"url":"https:\/\/psol50.org.br\/inc\/uploads\/2019\/09\/edit_abr_29081921646-1-e1567708637737.jpg","type":"image\/jpeg"}],"author":"Comunica\u00e7\u00e3o PSOL","twitter_card":"summary_large_image","twitter_title":"PSOL quer evitar que Bolsonaro ataque direitos de crian\u00e7as e adolescentes","twitter_description":"Partido \u00e9 contra o desmantelamento do CONANDA feito pelo governo Bolsonaro","twitter_image":"https:\/\/psol50.org.br\/inc\/uploads\/2019\/09\/edit_abr_29081921646-1-e1567708637737.jpg","twitter_creator":"@psol50","twitter_site":"@psol50","twitter_misc":{"Escrito por":"Comunica\u00e7\u00e3o PSOL","Est. tempo de leitura":"3 minutos"},"schema":{"@context":"https:\/\/schema.org","@graph":[{"@type":"Article","@id":"https:\/\/psol50.org.br\/psol-quer-evitar-que-bolsonaro-ataque-direitos-de-criancas-e-adolescentes\/#article","isPartOf":{"@id":"https:\/\/psol50.org.br\/psol-quer-evitar-que-bolsonaro-ataque-direitos-de-criancas-e-adolescentes\/"},"author":{"name":"Comunica\u00e7\u00e3o PSOL","@id":"https:\/\/psol50.org.br\/#\/schema\/person\/475dfa57d0b815993c714c2e96491fcd"},"headline":"PSOL quer evitar que Bolsonaro ataque direitos de crian\u00e7as e adolescentes","datePublished":"2019-09-05T18:34:33+00:00","mainEntityOfPage":{"@id":"https:\/\/psol50.org.br\/psol-quer-evitar-que-bolsonaro-ataque-direitos-de-criancas-e-adolescentes\/"},"wordCount":597,"publisher":{"@id":"https:\/\/psol50.org.br\/#organization"},"image":{"@id":"https:\/\/psol50.org.br\/psol-quer-evitar-que-bolsonaro-ataque-direitos-de-criancas-e-adolescentes\/#primaryimage"},"thumbnailUrl":"https:\/\/psol50.org.br\/inc\/uploads\/2019\/09\/edit_abr_29081921646-1-e1567708637737.jpg","keywords":["adolescente","conanda","crian\u00e7a","ECA","PSOL"],"articleSection":["Not\u00edcias"],"inLanguage":"pt-BR"},{"@type":"WebPage","@id":"https:\/\/psol50.org.br\/psol-quer-evitar-que-bolsonaro-ataque-direitos-de-criancas-e-adolescentes\/","url":"https:\/\/psol50.org.br\/psol-quer-evitar-que-bolsonaro-ataque-direitos-de-criancas-e-adolescentes\/","name":"PSOL quer evitar que Bolsonaro ataque direitos de crian\u00e7as e adolescentes - PSOL 50","isPartOf":{"@id":"https:\/\/psol50.org.br\/#website"},"primaryImageOfPage":{"@id":"https:\/\/psol50.org.br\/psol-quer-evitar-que-bolsonaro-ataque-direitos-de-criancas-e-adolescentes\/#primaryimage"},"image":{"@id":"https:\/\/psol50.org.br\/psol-quer-evitar-que-bolsonaro-ataque-direitos-de-criancas-e-adolescentes\/#primaryimage"},"thumbnailUrl":"https:\/\/psol50.org.br\/inc\/uploads\/2019\/09\/edit_abr_29081921646-1-e1567708637737.jpg","datePublished":"2019-09-05T18:34:33+00:00","description":"Partido \u00e9 contra o desmantelamento do CONANDA feito pelo governo Bolsonaro","breadcrumb":{"@id":"https:\/\/psol50.org.br\/psol-quer-evitar-que-bolsonaro-ataque-direitos-de-criancas-e-adolescentes\/#breadcrumb"},"inLanguage":"pt-BR","potentialAction":[{"@type":"ReadAction","target":["https:\/\/psol50.org.br\/psol-quer-evitar-que-bolsonaro-ataque-direitos-de-criancas-e-adolescentes\/"]}]},{"@type":"ImageObject","inLanguage":"pt-BR","@id":"https:\/\/psol50.org.br\/psol-quer-evitar-que-bolsonaro-ataque-direitos-de-criancas-e-adolescentes\/#primaryimage","url":"https:\/\/psol50.org.br\/inc\/uploads\/2019\/09\/edit_abr_29081921646-1-e1567708637737.jpg","contentUrl":"https:\/\/psol50.org.br\/inc\/uploads\/2019\/09\/edit_abr_29081921646-1-e1567708637737.jpg","width":1140,"height":581,"caption":"Foto: Valter Campanato\/Ag\u00eancia Brasil"},{"@type":"BreadcrumbList","@id":"https:\/\/psol50.org.br\/psol-quer-evitar-que-bolsonaro-ataque-direitos-de-criancas-e-adolescentes\/#breadcrumb","itemListElement":[{"@type":"ListItem","position":1,"name":"In\u00edcio","item":"https:\/\/psol50.org.br\/"},{"@type":"ListItem","position":2,"name":"PSOL quer evitar que Bolsonaro ataque direitos de crian\u00e7as e adolescentes"}]},{"@type":"WebSite","@id":"https:\/\/psol50.org.br\/#website","url":"https:\/\/psol50.org.br\/","name":"PSOL 50","description":"Site oficial do Partido Socialismo e Liberdade","publisher":{"@id":"https:\/\/psol50.org.br\/#organization"},"alternateName":"PSOL50","potentialAction":[{"@type":"SearchAction","target":{"@type":"EntryPoint","urlTemplate":"https:\/\/psol50.org.br\/?s={search_term_string}"},"query-input":{"@type":"PropertyValueSpecification","valueRequired":true,"valueName":"search_term_string"}}],"inLanguage":"pt-BR"},{"@type":"Organization","@id":"https:\/\/psol50.org.br\/#organization","name":"PSOL 50","alternateName":"PSOL 50","url":"https:\/\/psol50.org.br\/","logo":{"@type":"ImageObject","inLanguage":"pt-BR","@id":"https:\/\/psol50.org.br\/#\/schema\/logo\/image\/","url":"https:\/\/psol50.org.br\/inc\/uploads\/2018\/07\/capa.png","contentUrl":"https:\/\/psol50.org.br\/inc\/uploads\/2018\/07\/capa.png","width":1350,"height":900,"caption":"PSOL 50"},"image":{"@id":"https:\/\/psol50.org.br\/#\/schema\/logo\/image\/"},"sameAs":["https:\/\/www.facebook.com\/psol50","https:\/\/x.com\/psol50","https:\/\/www.instagram.com\/psol50\/","https:\/\/www.youtube.com\/channel\/UC7SnJS5o1os7a6CaiNabzcg"]},{"@type":"Person","@id":"https:\/\/psol50.org.br\/#\/schema\/person\/475dfa57d0b815993c714c2e96491fcd","name":"Comunica\u00e7\u00e3o PSOL","image":{"@type":"ImageObject","inLanguage":"pt-BR","@id":"https:\/\/psol50.org.br\/#\/schema\/person\/image\/","url":"https:\/\/secure.gravatar.com\/avatar\/b34fc4f4e468a4e51785917065a3db57b841f5c95dba6ad8c73aaf8f66f8f9bf?s=96&d=mm&r=g","contentUrl":"https:\/\/secure.gravatar.com\/avatar\/b34fc4f4e468a4e51785917065a3db57b841f5c95dba6ad8c73aaf8f66f8f9bf?s=96&d=mm&r=g","caption":"Comunica\u00e7\u00e3o PSOL"}}]}},"_links":{"self":[{"href":"https:\/\/psol50.org.br\/rest\/wp\/v2\/posts\/26352","targetHints":{"allow":["GET"]}}],"collection":[{"href":"https:\/\/psol50.org.br\/rest\/wp\/v2\/posts"}],"about":[{"href":"https:\/\/psol50.org.br\/rest\/wp\/v2\/types\/post"}],"author":[{"embeddable":true,"href":"https:\/\/psol50.org.br\/rest\/wp\/v2\/users\/2"}],"replies":[{"embeddable":true,"href":"https:\/\/psol50.org.br\/rest\/wp\/v2\/comments?post=26352"}],"version-history":[{"count":0,"href":"https:\/\/psol50.org.br\/rest\/wp\/v2\/posts\/26352\/revisions"}],"wp:featuredmedia":[{"embeddable":true,"href":"https:\/\/psol50.org.br\/rest\/wp\/v2\/media\/26354"}],"wp:attachment":[{"href":"https:\/\/psol50.org.br\/rest\/wp\/v2\/media?parent=26352"}],"wp:term":[{"taxonomy":"category","embeddable":true,"href":"https:\/\/psol50.org.br\/rest\/wp\/v2\/categories?post=26352"},{"taxonomy":"post_tag","embeddable":true,"href":"https:\/\/psol50.org.br\/rest\/wp\/v2\/tags?post=26352"}],"curies":[{"name":"wp","href":"https:\/\/api.w.org\/{rel}","templated":true}]}}