{"id":26364,"date":"2019-09-09T11:46:50","date_gmt":"2019-09-09T14:46:50","guid":{"rendered":"http:\/\/psol50.org.br\/?p=26364"},"modified":"2019-09-09T11:46:50","modified_gmt":"2019-09-09T14:46:50","slug":"guilherme-boulos-bolsonaro-gosta-mesmo-e-de-quem-usa-o-estado-para-assassinar","status":"publish","type":"post","link":"https:\/\/psol50.org.br\/guilherme-boulos-bolsonaro-gosta-mesmo-e-de-quem-usa-o-estado-para-assassinar\/","title":{"rendered":"Guilherme Boulos | Bolsonaro gosta mesmo \u00e9 de quem usa o Estado para assassinar"},"content":{"rendered":"<p><em>Originalmente publicado em <a href=\"https:\/\/www.cartacapital.com.br\/opiniao\/bolsonaro-gosta-mesmo-e-de-quem-usa-o-estado-para-assassinar\/?fbclid=IwAR1XwYW8D2RDMhgNEIpwaq6k3DxYtgJ0Lz4W0pPil_Brn3KD705QYxyl0_c\" target=\"_blank\" rel=\"noopener noreferrer\">Carta Capital.<\/a><\/em><\/p>\n<p>Bolsonaro foi eleito com base na promessa de resolver o problema da criminalidade num pa\u00eds assolado pela viol\u00eancia e que vive a mais brutal crise econ\u00f4mica das \u00faltimas d\u00e9cadas. Sem talvez nunca ter pronunciado as palavras \u201cdesigualdade\u201d e \u201cpol\u00edticas sociais\u201d em toda a vida, especializou-se em culpar o excesso de direitos humanos no Brasil como respons\u00e1vel pelos mais de 60 mil assassinatos por ano. Seu lema sempre foi \u201cbandido bom \u00e9 bandido morto\u201d.<\/p>\n<p>Mas de que \u201cbandidos\u201d ele fala? Para os \u201cbandidos\u201d pobres, defende a barb\u00e1rie e a execu\u00e7\u00e3o sum\u00e1ria. Em vez de repudiar o recente massacre em um pres\u00eddio do Par\u00e1 que deixou 57 mortos, 16 decapitados, disse que era melhor perguntar o que as v\u00edtimas dos mortos achariam. Essa l\u00f3gica do linchamento alimenta seus seguidores. Recentemente, ao publicar no Twitter um rep\u00fadio \u00e0 tortura com chicotadas de um jovem negro por ter tentado furtar um chocolate de um mercado em S\u00e3o Paulo, pude ler os seguintes coment\u00e1rios dos \u201cbolsominions\u201d: \u201cErraram mesmo, deveriam ter cortado as m\u00e3os\u201d ou \u201cse ele estivesse trabalhando isso n\u00e3o teria acontecido\u201d\u2026<\/p>\n<p>Quando se trata de outro tipo de \u201cbandidos\u201d, Bolsonaro e seus seguidores s\u00e3o bem mais compreensivos. Os da fam\u00edlia, como Fl\u00e1vio, e os agregados, como Queiroz e a rede de amigos milicianos, contam com uma surpreendente complac\u00eancia. Nada se compara, no entanto, \u00e0 postura do presidente em rela\u00e7\u00e3o a \u201cbandidos\u201d que se valem das for\u00e7as de seguran\u00e7a para cometer crimes. Estes s\u00e3o os verdadeiros bandidos de estima\u00e7\u00e3o de Bolsonaro.<\/p>\n<p>Ele poupa e legitima execu\u00e7\u00f5es praticadas por policiais, como quando absolveu os militares que exterminaram com 80 tiros o m\u00fasico negro Evaldo Rosa na periferia do Rio de Janeiro, chamando o crime de \u201cincidente\u201d. Nada se compara, por\u00e9m, \u00e0 sua verdadeira adora\u00e7\u00e3o por torturadores. Exalta o canalha Brilhante Ustra e chega ao ponto de ofender a mem\u00f3ria de torturados, como no caso de Fernando Santa Cruz e do pai da ex-presidenta chilena Michelle Bachelet.<\/p>\n<p>E ele deu um passo al\u00e9m: amea\u00e7ou passar das palavras ao ato, anunciando que pretendia dar indulto, isto \u00e9, perd\u00e3o judicial, para os policiais que participaram de massacres de Eldorado de Caraj\u00e1s e do Carandiru.<\/p>\n<p>\u00c9 preciso deixar claro que n\u00e3o cabe indulto a esse tipo de crime. O perd\u00e3o judicial n\u00e3o \u00e9 permitido para crimes hediondos, caso da condena\u00e7\u00e3o dos policiais de Eldorado dos Caraj\u00e1s. O indulto tamb\u00e9m n\u00e3o seria poss\u00edvel para os envolvidos no massacre do Carandiru, pois n\u00e3o houve condena\u00e7\u00e3o com tr\u00e2nsito em julgado, quando n\u00e3o s\u00e3o poss\u00edveis mais recursos. O fato de Bolsonaro desconhecer e sobretudo desrespeitar a Constitui\u00e7\u00e3o importa menos neste caso do que realmente significa esse tipo de declara\u00e7\u00e3o.<\/p>\n<p>Em outubro de 1992, uma briga entre grupos de detentos iniciou uma rebeli\u00e3o no Carandiru. O motim foi controlado e a maior parte dos presos entregava as armas. O pr\u00e9dio foi, no entanto, invadido e os policiais entraram e atiraram no escuro. At\u00e9 os presos que tiraram as roupas para provar que estavam desarmados foram executados. Resultado: 111 presos assassinados e 110 feridos. Dezenas de corpos foram achados com a m\u00e3o sobre as cabe\u00e7as, em sinal de rendi\u00e7\u00e3o, ou algemados. N\u00e3o havia sinais de rea\u00e7\u00e3o.<\/p>\n<p>Cinco anos depois, cerca de 1,5 mil fam\u00edlias sem-terra protestavam em Eldorado dos Caraj\u00e1s, no Sul do Par\u00e1. Foram cercados por policiais e alvejados por tiros. Na tarde de 17 de abril, 19 camponeses foram assassinados, com 37 perfura\u00e7\u00f5es de bala, e 56 ficaram feridos. A aut\u00f3psia revelou, al\u00e9m de cortes profundos com foices e fac\u00f5es, tiros na nuca e na testa, o que indica execu\u00e7\u00e3o premeditada. H\u00e1 relatos de que o primeiro a morrer foi um deficiente auditivo, que n\u00e3o ouviu o barulho dos tiros.<\/p>\n<p>Oziel Alves, de 17 anos, foi uma das v\u00edtimas. Tinha 15 anos quando se integrou ao movimento e havia acabado de fazer um curso supletivo de seis meses, terminando o Ensino Fundamental. Conseguiu esconder-se, mas foi encontrado, recebeu um tiro, foi algemado e arrastado pelos cabelos at\u00e9 a morte.<\/p>\n<p>Deputado por quase tr\u00eas d\u00e9cadas, Bolsonaro certamente conhece esses epis\u00f3dios. Sabe o que defende. Seu desejo de perdoar e homenagear os policiais envolvidos nos massacres revela uma fixa\u00e7\u00e3o na viol\u00eancia b\u00e1rbara e uma identifica\u00e7\u00e3o psicol\u00f3gica com os \u201cbandidos\u201d que defende.<\/p>\n<p>Ele vive cercado de milicianos, assessores de gabinete que desviam dinheiro p\u00fablico, policiais corruptos e assassinos. Muitos brasileiros elegeram Bolsonaro por acreditar que ele enfrentaria os \u201cbandidos\u201d e a viol\u00eancia. A cada declara\u00e7\u00e3o e gesto, o Brasil descobre que na verdade o presidente coleciona bandidos de estima\u00e7\u00e3o. Bandidos s\u00e1dicos e covardes.<\/p>\n","protected":false},"excerpt":{"rendered":"<p>Originalmente publicado em Carta Capital. Bolsonaro foi eleito com base na promessa de resolver o problema da criminalidade num pa\u00eds assolado pela viol\u00eancia e que vive a mais brutal crise econ\u00f4mica das \u00faltimas d\u00e9cadas. Sem talvez nunca ter pronunciado as palavras \u201cdesigualdade\u201d e \u201cpol\u00edticas sociais\u201d em toda a vida, especializou-se em culpar o excesso de [&hellip;]<\/p>\n","protected":false},"author":2,"featured_media":26365,"comment_status":"closed","ping_status":"open","sticky":false,"template":"","format":"standard","meta":{"_acf_changed":false,"footnotes":""},"categories":[6],"tags":[2009,2010,2011,977,244,283],"class_list":{"0":"post-26364","1":"post","2":"type-post","3":"status-publish","4":"format-standard","5":"has-post-thumbnail","7":"category-noticias","8":"tag-bandido","9":"tag-carandiru","10":"tag-eldorado-de-carajas","11":"tag-guilherme-boulos","12":"tag-jair-bolsonaro","13":"tag-presidente"},"acf":[],"yoast_head":"<!-- This site is optimized with the Yoast SEO plugin v26.5 - https:\/\/yoast.com\/wordpress\/plugins\/seo\/ -->\n<title>Guilherme Boulos | Bolsonaro gosta mesmo \u00e9 de quem usa o Estado para assassinar<\/title>\n<meta name=\"robots\" content=\"index, follow, max-snippet:-1, max-image-preview:large, max-video-preview:-1\" \/>\n<link rel=\"canonical\" href=\"https:\/\/psol50.org.br\/guilherme-boulos-bolsonaro-gosta-mesmo-e-de-quem-usa-o-estado-para-assassinar\/\" \/>\n<meta property=\"og:locale\" content=\"pt_BR\" \/>\n<meta property=\"og:type\" content=\"article\" \/>\n<meta property=\"og:title\" content=\"Bolsonaro gosta mesmo \u00e9 de quem usa o Estado para assassinar\" \/>\n<meta property=\"og:description\" content=\"Leia o artigo de Guilherme Boulos.\" \/>\n<meta property=\"og:url\" content=\"https:\/\/psol50.org.br\/guilherme-boulos-bolsonaro-gosta-mesmo-e-de-quem-usa-o-estado-para-assassinar\/\" \/>\n<meta property=\"og:site_name\" content=\"PSOL 50\" \/>\n<meta property=\"article:publisher\" content=\"https:\/\/www.facebook.com\/psol50\" \/>\n<meta property=\"article:published_time\" content=\"2019-09-09T14:46:50+00:00\" \/>\n<meta property=\"og:image\" content=\"https:\/\/psol50.org.br\/inc\/uploads\/2019\/09\/Bolsonaro.MARCOS-CORREA-PR.png\" \/>\n\t<meta property=\"og:image:width\" content=\"1200\" \/>\n\t<meta property=\"og:image:height\" content=\"720\" \/>\n\t<meta property=\"og:image:type\" content=\"image\/png\" \/>\n<meta name=\"author\" content=\"Comunica\u00e7\u00e3o PSOL\" \/>\n<meta name=\"twitter:card\" content=\"summary_large_image\" \/>\n<meta name=\"twitter:title\" content=\"Bolsonaro gosta mesmo \u00e9 de quem usa o Estado para assassinar\" \/>\n<meta name=\"twitter:description\" content=\"Leia o artigo de Guilherme Boulos.\" \/>\n<meta name=\"twitter:image\" content=\"https:\/\/psol50.org.br\/inc\/uploads\/2019\/09\/Bolsonaro.MARCOS-CORREA-PR.png\" \/>\n<meta name=\"twitter:creator\" content=\"@psol50\" \/>\n<meta name=\"twitter:site\" content=\"@psol50\" \/>\n<meta name=\"twitter:label1\" content=\"Escrito por\" \/>\n\t<meta name=\"twitter:data1\" content=\"Comunica\u00e7\u00e3o PSOL\" \/>\n\t<meta name=\"twitter:label2\" content=\"Est. tempo de leitura\" \/>\n\t<meta name=\"twitter:data2\" content=\"4 minutos\" \/>\n<script type=\"application\/ld+json\" class=\"yoast-schema-graph\">{\"@context\":\"https:\/\/schema.org\",\"@graph\":[{\"@type\":\"Article\",\"@id\":\"https:\/\/psol50.org.br\/guilherme-boulos-bolsonaro-gosta-mesmo-e-de-quem-usa-o-estado-para-assassinar\/#article\",\"isPartOf\":{\"@id\":\"https:\/\/psol50.org.br\/guilherme-boulos-bolsonaro-gosta-mesmo-e-de-quem-usa-o-estado-para-assassinar\/\"},\"author\":{\"name\":\"Comunica\u00e7\u00e3o PSOL\",\"@id\":\"https:\/\/psol50.org.br\/#\/schema\/person\/475dfa57d0b815993c714c2e96491fcd\"},\"headline\":\"Guilherme Boulos | Bolsonaro gosta mesmo \u00e9 de quem usa o Estado para assassinar\",\"datePublished\":\"2019-09-09T14:46:50+00:00\",\"mainEntityOfPage\":{\"@id\":\"https:\/\/psol50.org.br\/guilherme-boulos-bolsonaro-gosta-mesmo-e-de-quem-usa-o-estado-para-assassinar\/\"},\"wordCount\":822,\"publisher\":{\"@id\":\"https:\/\/psol50.org.br\/#organization\"},\"image\":{\"@id\":\"https:\/\/psol50.org.br\/guilherme-boulos-bolsonaro-gosta-mesmo-e-de-quem-usa-o-estado-para-assassinar\/#primaryimage\"},\"thumbnailUrl\":\"https:\/\/psol50.org.br\/inc\/uploads\/2019\/09\/Bolsonaro.MARCOS-CORREA-PR.png\",\"keywords\":[\"bandido\",\"Carandiru\",\"Eldorado de Caraj\u00e1s\",\"Guilherme Boulos\",\"Jair Bolsonaro\",\"presidente\"],\"articleSection\":[\"Not\u00edcias\"],\"inLanguage\":\"pt-BR\"},{\"@type\":\"WebPage\",\"@id\":\"https:\/\/psol50.org.br\/guilherme-boulos-bolsonaro-gosta-mesmo-e-de-quem-usa-o-estado-para-assassinar\/\",\"url\":\"https:\/\/psol50.org.br\/guilherme-boulos-bolsonaro-gosta-mesmo-e-de-quem-usa-o-estado-para-assassinar\/\",\"name\":\"Guilherme Boulos | Bolsonaro gosta mesmo \u00e9 de quem usa o Estado para assassinar\",\"isPartOf\":{\"@id\":\"https:\/\/psol50.org.br\/#website\"},\"primaryImageOfPage\":{\"@id\":\"https:\/\/psol50.org.br\/guilherme-boulos-bolsonaro-gosta-mesmo-e-de-quem-usa-o-estado-para-assassinar\/#primaryimage\"},\"image\":{\"@id\":\"https:\/\/psol50.org.br\/guilherme-boulos-bolsonaro-gosta-mesmo-e-de-quem-usa-o-estado-para-assassinar\/#primaryimage\"},\"thumbnailUrl\":\"https:\/\/psol50.org.br\/inc\/uploads\/2019\/09\/Bolsonaro.MARCOS-CORREA-PR.png\",\"datePublished\":\"2019-09-09T14:46:50+00:00\",\"breadcrumb\":{\"@id\":\"https:\/\/psol50.org.br\/guilherme-boulos-bolsonaro-gosta-mesmo-e-de-quem-usa-o-estado-para-assassinar\/#breadcrumb\"},\"inLanguage\":\"pt-BR\",\"potentialAction\":[{\"@type\":\"ReadAction\",\"target\":[\"https:\/\/psol50.org.br\/guilherme-boulos-bolsonaro-gosta-mesmo-e-de-quem-usa-o-estado-para-assassinar\/\"]}]},{\"@type\":\"ImageObject\",\"inLanguage\":\"pt-BR\",\"@id\":\"https:\/\/psol50.org.br\/guilherme-boulos-bolsonaro-gosta-mesmo-e-de-quem-usa-o-estado-para-assassinar\/#primaryimage\",\"url\":\"https:\/\/psol50.org.br\/inc\/uploads\/2019\/09\/Bolsonaro.MARCOS-CORREA-PR.png\",\"contentUrl\":\"https:\/\/psol50.org.br\/inc\/uploads\/2019\/09\/Bolsonaro.MARCOS-CORREA-PR.png\",\"width\":1200,\"height\":720,\"caption\":\"Marcos Corr\u00eaa\/PR\"},{\"@type\":\"BreadcrumbList\",\"@id\":\"https:\/\/psol50.org.br\/guilherme-boulos-bolsonaro-gosta-mesmo-e-de-quem-usa-o-estado-para-assassinar\/#breadcrumb\",\"itemListElement\":[{\"@type\":\"ListItem\",\"position\":1,\"name\":\"In\u00edcio\",\"item\":\"https:\/\/psol50.org.br\/\"},{\"@type\":\"ListItem\",\"position\":2,\"name\":\"Guilherme Boulos | Bolsonaro gosta mesmo \u00e9 de quem usa o Estado para assassinar\"}]},{\"@type\":\"WebSite\",\"@id\":\"https:\/\/psol50.org.br\/#website\",\"url\":\"https:\/\/psol50.org.br\/\",\"name\":\"PSOL 50\",\"description\":\"Site oficial do Partido Socialismo e Liberdade\",\"publisher\":{\"@id\":\"https:\/\/psol50.org.br\/#organization\"},\"alternateName\":\"PSOL50\",\"potentialAction\":[{\"@type\":\"SearchAction\",\"target\":{\"@type\":\"EntryPoint\",\"urlTemplate\":\"https:\/\/psol50.org.br\/?s={search_term_string}\"},\"query-input\":{\"@type\":\"PropertyValueSpecification\",\"valueRequired\":true,\"valueName\":\"search_term_string\"}}],\"inLanguage\":\"pt-BR\"},{\"@type\":\"Organization\",\"@id\":\"https:\/\/psol50.org.br\/#organization\",\"name\":\"PSOL 50\",\"alternateName\":\"PSOL 50\",\"url\":\"https:\/\/psol50.org.br\/\",\"logo\":{\"@type\":\"ImageObject\",\"inLanguage\":\"pt-BR\",\"@id\":\"https:\/\/psol50.org.br\/#\/schema\/logo\/image\/\",\"url\":\"https:\/\/psol50.org.br\/inc\/uploads\/2018\/07\/capa.png\",\"contentUrl\":\"https:\/\/psol50.org.br\/inc\/uploads\/2018\/07\/capa.png\",\"width\":1350,\"height\":900,\"caption\":\"PSOL 50\"},\"image\":{\"@id\":\"https:\/\/psol50.org.br\/#\/schema\/logo\/image\/\"},\"sameAs\":[\"https:\/\/www.facebook.com\/psol50\",\"https:\/\/x.com\/psol50\",\"https:\/\/www.instagram.com\/psol50\/\",\"https:\/\/www.youtube.com\/channel\/UC7SnJS5o1os7a6CaiNabzcg\"]},{\"@type\":\"Person\",\"@id\":\"https:\/\/psol50.org.br\/#\/schema\/person\/475dfa57d0b815993c714c2e96491fcd\",\"name\":\"Comunica\u00e7\u00e3o PSOL\",\"image\":{\"@type\":\"ImageObject\",\"inLanguage\":\"pt-BR\",\"@id\":\"https:\/\/psol50.org.br\/#\/schema\/person\/image\/\",\"url\":\"https:\/\/secure.gravatar.com\/avatar\/b34fc4f4e468a4e51785917065a3db57b841f5c95dba6ad8c73aaf8f66f8f9bf?s=96&d=mm&r=g\",\"contentUrl\":\"https:\/\/secure.gravatar.com\/avatar\/b34fc4f4e468a4e51785917065a3db57b841f5c95dba6ad8c73aaf8f66f8f9bf?s=96&d=mm&r=g\",\"caption\":\"Comunica\u00e7\u00e3o PSOL\"}}]}<\/script>\n<!-- \/ Yoast SEO plugin. -->","yoast_head_json":{"title":"Guilherme Boulos | Bolsonaro gosta mesmo \u00e9 de quem usa o Estado para assassinar","robots":{"index":"index","follow":"follow","max-snippet":"max-snippet:-1","max-image-preview":"max-image-preview:large","max-video-preview":"max-video-preview:-1"},"canonical":"https:\/\/psol50.org.br\/guilherme-boulos-bolsonaro-gosta-mesmo-e-de-quem-usa-o-estado-para-assassinar\/","og_locale":"pt_BR","og_type":"article","og_title":"Bolsonaro gosta mesmo \u00e9 de quem usa o Estado para assassinar","og_description":"Leia o artigo de Guilherme Boulos.","og_url":"https:\/\/psol50.org.br\/guilherme-boulos-bolsonaro-gosta-mesmo-e-de-quem-usa-o-estado-para-assassinar\/","og_site_name":"PSOL 50","article_publisher":"https:\/\/www.facebook.com\/psol50","article_published_time":"2019-09-09T14:46:50+00:00","og_image":[{"width":1200,"height":720,"url":"https:\/\/psol50.org.br\/inc\/uploads\/2019\/09\/Bolsonaro.MARCOS-CORREA-PR.png","type":"image\/png"}],"author":"Comunica\u00e7\u00e3o PSOL","twitter_card":"summary_large_image","twitter_title":"Bolsonaro gosta mesmo \u00e9 de quem usa o Estado para assassinar","twitter_description":"Leia o artigo de Guilherme Boulos.","twitter_image":"https:\/\/psol50.org.br\/inc\/uploads\/2019\/09\/Bolsonaro.MARCOS-CORREA-PR.png","twitter_creator":"@psol50","twitter_site":"@psol50","twitter_misc":{"Escrito por":"Comunica\u00e7\u00e3o PSOL","Est. tempo de leitura":"4 minutos"},"schema":{"@context":"https:\/\/schema.org","@graph":[{"@type":"Article","@id":"https:\/\/psol50.org.br\/guilherme-boulos-bolsonaro-gosta-mesmo-e-de-quem-usa-o-estado-para-assassinar\/#article","isPartOf":{"@id":"https:\/\/psol50.org.br\/guilherme-boulos-bolsonaro-gosta-mesmo-e-de-quem-usa-o-estado-para-assassinar\/"},"author":{"name":"Comunica\u00e7\u00e3o PSOL","@id":"https:\/\/psol50.org.br\/#\/schema\/person\/475dfa57d0b815993c714c2e96491fcd"},"headline":"Guilherme Boulos | Bolsonaro gosta mesmo \u00e9 de quem usa o Estado para assassinar","datePublished":"2019-09-09T14:46:50+00:00","mainEntityOfPage":{"@id":"https:\/\/psol50.org.br\/guilherme-boulos-bolsonaro-gosta-mesmo-e-de-quem-usa-o-estado-para-assassinar\/"},"wordCount":822,"publisher":{"@id":"https:\/\/psol50.org.br\/#organization"},"image":{"@id":"https:\/\/psol50.org.br\/guilherme-boulos-bolsonaro-gosta-mesmo-e-de-quem-usa-o-estado-para-assassinar\/#primaryimage"},"thumbnailUrl":"https:\/\/psol50.org.br\/inc\/uploads\/2019\/09\/Bolsonaro.MARCOS-CORREA-PR.png","keywords":["bandido","Carandiru","Eldorado de Caraj\u00e1s","Guilherme Boulos","Jair Bolsonaro","presidente"],"articleSection":["Not\u00edcias"],"inLanguage":"pt-BR"},{"@type":"WebPage","@id":"https:\/\/psol50.org.br\/guilherme-boulos-bolsonaro-gosta-mesmo-e-de-quem-usa-o-estado-para-assassinar\/","url":"https:\/\/psol50.org.br\/guilherme-boulos-bolsonaro-gosta-mesmo-e-de-quem-usa-o-estado-para-assassinar\/","name":"Guilherme Boulos | Bolsonaro gosta mesmo \u00e9 de quem usa o Estado para assassinar","isPartOf":{"@id":"https:\/\/psol50.org.br\/#website"},"primaryImageOfPage":{"@id":"https:\/\/psol50.org.br\/guilherme-boulos-bolsonaro-gosta-mesmo-e-de-quem-usa-o-estado-para-assassinar\/#primaryimage"},"image":{"@id":"https:\/\/psol50.org.br\/guilherme-boulos-bolsonaro-gosta-mesmo-e-de-quem-usa-o-estado-para-assassinar\/#primaryimage"},"thumbnailUrl":"https:\/\/psol50.org.br\/inc\/uploads\/2019\/09\/Bolsonaro.MARCOS-CORREA-PR.png","datePublished":"2019-09-09T14:46:50+00:00","breadcrumb":{"@id":"https:\/\/psol50.org.br\/guilherme-boulos-bolsonaro-gosta-mesmo-e-de-quem-usa-o-estado-para-assassinar\/#breadcrumb"},"inLanguage":"pt-BR","potentialAction":[{"@type":"ReadAction","target":["https:\/\/psol50.org.br\/guilherme-boulos-bolsonaro-gosta-mesmo-e-de-quem-usa-o-estado-para-assassinar\/"]}]},{"@type":"ImageObject","inLanguage":"pt-BR","@id":"https:\/\/psol50.org.br\/guilherme-boulos-bolsonaro-gosta-mesmo-e-de-quem-usa-o-estado-para-assassinar\/#primaryimage","url":"https:\/\/psol50.org.br\/inc\/uploads\/2019\/09\/Bolsonaro.MARCOS-CORREA-PR.png","contentUrl":"https:\/\/psol50.org.br\/inc\/uploads\/2019\/09\/Bolsonaro.MARCOS-CORREA-PR.png","width":1200,"height":720,"caption":"Marcos Corr\u00eaa\/PR"},{"@type":"BreadcrumbList","@id":"https:\/\/psol50.org.br\/guilherme-boulos-bolsonaro-gosta-mesmo-e-de-quem-usa-o-estado-para-assassinar\/#breadcrumb","itemListElement":[{"@type":"ListItem","position":1,"name":"In\u00edcio","item":"https:\/\/psol50.org.br\/"},{"@type":"ListItem","position":2,"name":"Guilherme Boulos | Bolsonaro gosta mesmo \u00e9 de quem usa o Estado para assassinar"}]},{"@type":"WebSite","@id":"https:\/\/psol50.org.br\/#website","url":"https:\/\/psol50.org.br\/","name":"PSOL 50","description":"Site oficial do Partido Socialismo e Liberdade","publisher":{"@id":"https:\/\/psol50.org.br\/#organization"},"alternateName":"PSOL50","potentialAction":[{"@type":"SearchAction","target":{"@type":"EntryPoint","urlTemplate":"https:\/\/psol50.org.br\/?s={search_term_string}"},"query-input":{"@type":"PropertyValueSpecification","valueRequired":true,"valueName":"search_term_string"}}],"inLanguage":"pt-BR"},{"@type":"Organization","@id":"https:\/\/psol50.org.br\/#organization","name":"PSOL 50","alternateName":"PSOL 50","url":"https:\/\/psol50.org.br\/","logo":{"@type":"ImageObject","inLanguage":"pt-BR","@id":"https:\/\/psol50.org.br\/#\/schema\/logo\/image\/","url":"https:\/\/psol50.org.br\/inc\/uploads\/2018\/07\/capa.png","contentUrl":"https:\/\/psol50.org.br\/inc\/uploads\/2018\/07\/capa.png","width":1350,"height":900,"caption":"PSOL 50"},"image":{"@id":"https:\/\/psol50.org.br\/#\/schema\/logo\/image\/"},"sameAs":["https:\/\/www.facebook.com\/psol50","https:\/\/x.com\/psol50","https:\/\/www.instagram.com\/psol50\/","https:\/\/www.youtube.com\/channel\/UC7SnJS5o1os7a6CaiNabzcg"]},{"@type":"Person","@id":"https:\/\/psol50.org.br\/#\/schema\/person\/475dfa57d0b815993c714c2e96491fcd","name":"Comunica\u00e7\u00e3o PSOL","image":{"@type":"ImageObject","inLanguage":"pt-BR","@id":"https:\/\/psol50.org.br\/#\/schema\/person\/image\/","url":"https:\/\/secure.gravatar.com\/avatar\/b34fc4f4e468a4e51785917065a3db57b841f5c95dba6ad8c73aaf8f66f8f9bf?s=96&d=mm&r=g","contentUrl":"https:\/\/secure.gravatar.com\/avatar\/b34fc4f4e468a4e51785917065a3db57b841f5c95dba6ad8c73aaf8f66f8f9bf?s=96&d=mm&r=g","caption":"Comunica\u00e7\u00e3o PSOL"}}]}},"_links":{"self":[{"href":"https:\/\/psol50.org.br\/rest\/wp\/v2\/posts\/26364","targetHints":{"allow":["GET"]}}],"collection":[{"href":"https:\/\/psol50.org.br\/rest\/wp\/v2\/posts"}],"about":[{"href":"https:\/\/psol50.org.br\/rest\/wp\/v2\/types\/post"}],"author":[{"embeddable":true,"href":"https:\/\/psol50.org.br\/rest\/wp\/v2\/users\/2"}],"replies":[{"embeddable":true,"href":"https:\/\/psol50.org.br\/rest\/wp\/v2\/comments?post=26364"}],"version-history":[{"count":0,"href":"https:\/\/psol50.org.br\/rest\/wp\/v2\/posts\/26364\/revisions"}],"wp:featuredmedia":[{"embeddable":true,"href":"https:\/\/psol50.org.br\/rest\/wp\/v2\/media\/26365"}],"wp:attachment":[{"href":"https:\/\/psol50.org.br\/rest\/wp\/v2\/media?parent=26364"}],"wp:term":[{"taxonomy":"category","embeddable":true,"href":"https:\/\/psol50.org.br\/rest\/wp\/v2\/categories?post=26364"},{"taxonomy":"post_tag","embeddable":true,"href":"https:\/\/psol50.org.br\/rest\/wp\/v2\/tags?post=26364"}],"curies":[{"name":"wp","href":"https:\/\/api.w.org\/{rel}","templated":true}]}}