{"id":2637,"date":"2014-03-25T00:00:00","date_gmt":"2014-03-25T14:33:20","guid":{"rendered":"http:\/\/psol50.org.br\/arquivo\/2014\/03\/25\/plenaria-do-mandato-de-ivan-valente-reafirma-compromissos-e-aclama-deputado-para-uma-nova-disputa\/"},"modified":"2014-03-25T00:00:00","modified_gmt":"2014-03-25T14:33:20","slug":"plenaria-do-mandato-de-ivan-valente-reafirma-compromissos-e-aclama-deputado-para-uma-nova-disputa","status":"publish","type":"post","link":"https:\/\/psol50.org.br\/plenaria-do-mandato-de-ivan-valente-reafirma-compromissos-e-aclama-deputado-para-uma-nova-disputa\/","title":{"rendered":"Plen\u00e1ria do mandato de Ivan Valente reafirma compromissos e aclama deputado para uma nova disputa"},"content":{"rendered":"<div style=\"text-align: justify;\">\n\tAconteceu no \u00faltimo s\u00e1bado mais uma plen\u00e1ria do mandato popular e socialista Ivan Valente. Tradicional espa\u00e7o de presta\u00e7\u00e3o de contas e debate pol\u00edtico organizado pelo mandato, o evento foi tomado por militantes e apoiadores do mandato, que lotaram o audit\u00f3rio do Sindicato dos Engenheiros de S\u00e3o Paulo, no centro da capital. Al\u00e9m de expor a atua\u00e7\u00e3o no parlamento e junto aos movimentos sociais, a plen\u00e1ria fez uma homenagem a Rose Bianco, militante hist\u00f3rica da esquerda socialista e que esteve com o mandato desde o in\u00edcio.<br \/>\n\t&nbsp;<br \/>\n\tA plen\u00e1ria tamb\u00e9m serviu para consolidar a candidatura de Valente a reelei\u00e7\u00e3o em 2014. Para coroar este momento de celebra\u00e7\u00e3o democr\u00e1tica, o evento contou com a presen\u00e7a especial do deputado pelo PSOL do Rio de Janeiro, Chico Alencar, que esteve lan\u00e7ando seu mais recente livro \u201cA rua, a na\u00e7\u00e3o e o sonho: uma reflex\u00e3o para as novas gera\u00e7\u00f5es\u201d.<br \/>\n\t&nbsp;<br \/>\n\tO fil\u00f3sofo Vladimir Safatle, recentemente filiado ao PSOL, fez a exposi\u00e7\u00e3o inicial da plen\u00e1ria. Segundo Safatle, o momento atual se assemelha a \u201cum filme que j\u00e1 acabou\u201d, pois a pol\u00edtica at\u00e9 aqui foi marcada pela disputa pelo centro por PSDB e PT, e a obsess\u00e3o com a \u201cgovernabilidade\u201d cada vez mais reflete o baixo n\u00edvel de ades\u00e3o \u00e0 pol\u00edtica. Para o fil\u00f3sofo, \u00e9 preciso criar um polo \u00e0 esquerda, radical, que proponha a reinven\u00e7\u00e3o da pol\u00edtica, em um momento em que a direita ideol\u00f3gica perde a vergonha em se expor.<br \/>\n\t&nbsp;<br \/>\n\tNo evento, foi divulgada ainda a entrevista conduzida por Ivan com Dom Pedro Casald\u00e1liga, em S\u00e3o Felix do Araguaia. \u201cDi\u00e1logos com Dom Pedro Casald\u00e1liga\u201d pode ser conferido <a href=\"http:\/\/www.youtube.com\/watch?v=YjjTLbfueP4&amp;list=UUdGHpzOFqpnMQxAxE_4d3Qg\" target=\"_blank\" rel=\"noopener\"><strong>aqui<\/strong><\/a>.<br \/>\n\t&nbsp;<br \/>\n\t<strong>Rose Bianco<\/strong><br \/>\n\tRose faleceu no dia 27 de fevereiro, v\u00edtima de uma infec\u00e7\u00e3o pulmonar. Com forte e inevit\u00e1vel tom emotivo, acompanhada de manifesta\u00e7\u00f5es culturais, a homenagem revelou o carinho de seus antigos companheiros ainda dos tempos de Partido dos Trabalhadores. Segundo Valdir Piantoni, seu companheiro, \u201cRose tinha uma luz pr\u00f3pria, que \u00e0s vezes a vida tentou apagar\u201d.<br \/>\n\t&nbsp;<br \/>\n\tLutadora de v\u00e1rias frentes, Rose foi militante feminista engajada, com firme atua\u00e7\u00e3o na defesa dos direitos das mulheres. Enfrentou com fibra, coragem e altivez os limites impostos por sua situa\u00e7\u00e3o de sa\u00fade e teve milit\u00e2ncia destacada na defesa dos direitos das pessoas com defici\u00eancia. Integrou, por mais de uma gest\u00e3o, o Conselho Municipal da Pessoa com Defici\u00eancia do Munic\u00edpio de Campinas, chegando a presidir a entidade em gest\u00f5es que se tornaram refer\u00eancia em termos de conquistas que foram frutos da luta coletiva.<br \/>\n\t&nbsp;<br \/>\n\t<strong>Plen\u00e1ria<\/strong><br \/>\n\tCerca de 300 pessoas passaram pela plen\u00e1ria, vindos de todas as regi\u00f5es do estado de S\u00e3o Paulo. Prestigiaram e compuseram a mesa Paulo B\u00fafalo, presidente estadual do PSOL e vereador em Campinas, o vereador Toninho Vespoli (S\u00e3o Paulo), o deputado estadual Carlos Giannazzi, o sindicalista Edson Carneiro \u201c\u00cdndio\u201d (Intersindical), a professora Lisete Arelaro, diretora da Faculdade de Educa\u00e7\u00e3o da USP, e o professor Ildo Sauer, especialista em energia.<br \/>\n\t&nbsp;<br \/>\n\tIvan Valente fez uma sauda\u00e7\u00e3o ao p\u00fablico presente e analisou a conjuntura pol\u00edtica no Congresso Nacional. A economia brasileira, com o recente aumento da taxa Selic, ap\u00f3s press\u00e3o do mercado financeiro e da m\u00eddia, foi criticada pelo deputado, que acusou ainda o governo Dilma por submeter o Brasil a um modelo de \u201cdesenvolvimento\u201d baseado quase exclusivamente na produ\u00e7\u00e3o extensiva de commodities para exporta\u00e7\u00e3o. O resultado \u00e9 que os representantes do agroneg\u00f3cio no parlamento \u201cganharam asas\u201d depois da aprova\u00e7\u00e3o do novo C\u00f3digo Florestal.<br \/>\n\t&nbsp;<br \/>\n\tIvan lembrou do ex-deputado Rubens Paiva como um exemplo do passado que n\u00e3o foi resolvido: todos os partidos t\u00eam se colocado contra a revis\u00e3o da Lei de Anistia, com exce\u00e7\u00e3o do PSOL. Al\u00e9m disso, o deputado acusou o governo Dilma de criar um clima autorit\u00e1rio contra as manifesta\u00e7\u00f5es para garantir a realiza\u00e7\u00e3o da Copa do Mundo. O PSOL convidou o ministro da Defesa, Celso Amorim, para explicar o documento produzido pelas For\u00e7as Armadas que criminaliza movimentos sociais.<br \/>\n\t&nbsp;<br \/>\n\tO deputado Chico Alencar, convidado especial da plen\u00e1ria, saudou a \u201cdensidade hist\u00f3rica\u201d conquistada pela plen\u00e1ria e disse que vai repetir o modelo no Rio de Janeiro. Chico fez uma reflex\u00e3o sobre o golpe militar de 1964, \u201cp\u00e1gina infeliz da nossa hist\u00f3ria\u201d, citando seu xar\u00e1 Chico Buarque. Inspirado em Karl Marx, classificou as recentes marchas chamadas pela direita como a hist\u00f3ria que se repete como farsa. Em outra bela refer\u00eancia, Chico citou Cervantes e seu Dom Quixote: \u201cos c\u00e3es ladram, e este \u00e9 um sinal de que estamos avan\u00e7ando\u201d, em resposta \u00e0s tentativas de criminaliza\u00e7\u00e3o do PSOL.<br \/>\n\t&nbsp;<br \/>\n\tO engavetamento da reforma pol\u00edtica, que poderia aprovar o financiamento p\u00fablico de campanha, reduzindo drasticamente a corrup\u00e7\u00e3o ao barrar as candidaturas milion\u00e1rias bancadas por bancos e empreiteiras, \u00e9 sintom\u00e1tico de que como estes partidos, governistas ou de oposi\u00e7\u00e3o, n\u00e3o querem abrir m\u00e3o da enxurrada de dinheiro privado que inunda suas campanhas. A frente de atua\u00e7\u00e3o agora se volta para o Supremo Tribunal Federal, que deve julgar em breve a proibi\u00e7\u00e3o do financiamento privado de campanha, que j\u00e1 tem quatro votos a favor.<br \/>\n\t&nbsp;<br \/>\n\tA conjuntura, defende Valente, imp\u00f5e a consolida\u00e7\u00e3o do PSOL enquanto alternativa vi\u00e1vel de partido program\u00e1tico, democr\u00e1tico e de esquerda. Destacando as vit\u00f3rias eleitorais nas elei\u00e7\u00f5es de 2012, o deputado acredita que o PSOL saiu fortalecido e hoje \u00e9 respeitado pela sociedade, se tornando uma refer\u00eancia na luta por direitos. Contudo, sabe que \u00e9 preciso reconhecer o \u201cmomento estranho\u201d vivido no pa\u00eds, onde n\u00e3o h\u00e1 avan\u00e7o do pensamento progressista.<br \/>\n\t&nbsp;<br \/>\n\t\u201cIvan \u00e9 o deputado que mais desperta a ira dos conservadores no Congresso, por isso \u00e9 imprescind\u00edvel que ele continue no parlamento\u201d, convocou Chico Alencar.<\/div>\n","protected":false},"excerpt":{"rendered":"<p>Aconteceu no \u00faltimo s\u00e1bado mais uma plen\u00e1ria do mandato popular e socialista Ivan Valente. Tradicional espa\u00e7o de presta\u00e7\u00e3o de contas e debate pol\u00edtico organizado pelo mandato, o evento foi tomado por militantes e apoiadores do mandato, que lotaram o audit\u00f3rio do Sindicato dos Engenheiros de S\u00e3o Paulo, no centro da capital. Al\u00e9m de expor a [&hellip;]<\/p>\n","protected":false},"author":2,"featured_media":0,"comment_status":"open","ping_status":"open","sticky":false,"template":"","format":"standard","meta":{"_acf_changed":false,"footnotes":""},"categories":[10,4766,6],"tags":[],"class_list":{"0":"post-2637","1":"post","2":"type-post","3":"status-publish","4":"format-standard","6":"category-acao-parlamentares","7":"category-arquivo","8":"category-noticias"},"acf":[],"yoast_head":"<!-- This site is optimized with the Yoast SEO plugin v26.5 - https:\/\/yoast.com\/wordpress\/plugins\/seo\/ -->\n<title>Plen\u00e1ria do mandato de Ivan Valente reafirma compromissos e aclama deputado para uma nova disputa - PSOL 50<\/title>\n<meta name=\"robots\" content=\"index, follow, max-snippet:-1, max-image-preview:large, max-video-preview:-1\" \/>\n<link rel=\"canonical\" href=\"https:\/\/psol50.org.br\/plenaria-do-mandato-de-ivan-valente-reafirma-compromissos-e-aclama-deputado-para-uma-nova-disputa\/\" \/>\n<meta property=\"og:locale\" content=\"pt_BR\" \/>\n<meta property=\"og:type\" content=\"article\" \/>\n<meta property=\"og:title\" content=\"Plen\u00e1ria do mandato de Ivan Valente reafirma compromissos e aclama deputado para uma nova disputa - PSOL 50\" \/>\n<meta property=\"og:description\" content=\"Aconteceu no \u00faltimo s\u00e1bado mais uma plen\u00e1ria do mandato popular e socialista Ivan Valente. Tradicional espa\u00e7o de presta\u00e7\u00e3o de contas e debate pol\u00edtico organizado pelo mandato, o evento foi tomado por militantes e apoiadores do mandato, que lotaram o audit\u00f3rio do Sindicato dos Engenheiros de S\u00e3o Paulo, no centro da capital. Al\u00e9m de expor a [&hellip;]\" \/>\n<meta property=\"og:url\" content=\"https:\/\/psol50.org.br\/plenaria-do-mandato-de-ivan-valente-reafirma-compromissos-e-aclama-deputado-para-uma-nova-disputa\/\" \/>\n<meta property=\"og:site_name\" content=\"PSOL 50\" \/>\n<meta property=\"article:publisher\" content=\"https:\/\/www.facebook.com\/psol50\" \/>\n<meta property=\"article:published_time\" content=\"2014-03-25T14:33:20+00:00\" \/>\n<meta property=\"og:image\" content=\"https:\/\/psol50.org.br\/inc\/uploads\/2018\/07\/capa.png\" \/>\n\t<meta property=\"og:image:width\" content=\"1350\" \/>\n\t<meta property=\"og:image:height\" content=\"900\" \/>\n\t<meta property=\"og:image:type\" content=\"image\/png\" \/>\n<meta name=\"author\" content=\"Comunica\u00e7\u00e3o PSOL\" \/>\n<meta name=\"twitter:card\" content=\"summary_large_image\" \/>\n<meta name=\"twitter:creator\" content=\"@psol50\" \/>\n<meta name=\"twitter:site\" content=\"@psol50\" \/>\n<meta name=\"twitter:label1\" content=\"Escrito por\" \/>\n\t<meta name=\"twitter:data1\" content=\"Comunica\u00e7\u00e3o PSOL\" \/>\n\t<meta name=\"twitter:label2\" content=\"Est. tempo de leitura\" \/>\n\t<meta name=\"twitter:data2\" content=\"5 minutos\" \/>\n<script type=\"application\/ld+json\" class=\"yoast-schema-graph\">{\"@context\":\"https:\/\/schema.org\",\"@graph\":[{\"@type\":\"Article\",\"@id\":\"https:\/\/psol50.org.br\/plenaria-do-mandato-de-ivan-valente-reafirma-compromissos-e-aclama-deputado-para-uma-nova-disputa\/#article\",\"isPartOf\":{\"@id\":\"https:\/\/psol50.org.br\/plenaria-do-mandato-de-ivan-valente-reafirma-compromissos-e-aclama-deputado-para-uma-nova-disputa\/\"},\"author\":{\"name\":\"Comunica\u00e7\u00e3o PSOL\",\"@id\":\"https:\/\/psol50.org.br\/#\/schema\/person\/475dfa57d0b815993c714c2e96491fcd\"},\"headline\":\"Plen\u00e1ria do mandato de Ivan Valente reafirma compromissos e aclama deputado para uma nova disputa\",\"datePublished\":\"2014-03-25T14:33:20+00:00\",\"mainEntityOfPage\":{\"@id\":\"https:\/\/psol50.org.br\/plenaria-do-mandato-de-ivan-valente-reafirma-compromissos-e-aclama-deputado-para-uma-nova-disputa\/\"},\"wordCount\":1026,\"commentCount\":0,\"publisher\":{\"@id\":\"https:\/\/psol50.org.br\/#organization\"},\"articleSection\":[\"A\u00e7\u00e3o Parlamentar\",\"Arquivo\",\"Not\u00edcias\"],\"inLanguage\":\"pt-BR\",\"potentialAction\":[{\"@type\":\"CommentAction\",\"name\":\"Comment\",\"target\":[\"https:\/\/psol50.org.br\/plenaria-do-mandato-de-ivan-valente-reafirma-compromissos-e-aclama-deputado-para-uma-nova-disputa\/#respond\"]}]},{\"@type\":\"WebPage\",\"@id\":\"https:\/\/psol50.org.br\/plenaria-do-mandato-de-ivan-valente-reafirma-compromissos-e-aclama-deputado-para-uma-nova-disputa\/\",\"url\":\"https:\/\/psol50.org.br\/plenaria-do-mandato-de-ivan-valente-reafirma-compromissos-e-aclama-deputado-para-uma-nova-disputa\/\",\"name\":\"Plen\u00e1ria do mandato de Ivan Valente reafirma compromissos e aclama deputado para uma nova disputa - PSOL 50\",\"isPartOf\":{\"@id\":\"https:\/\/psol50.org.br\/#website\"},\"datePublished\":\"2014-03-25T14:33:20+00:00\",\"breadcrumb\":{\"@id\":\"https:\/\/psol50.org.br\/plenaria-do-mandato-de-ivan-valente-reafirma-compromissos-e-aclama-deputado-para-uma-nova-disputa\/#breadcrumb\"},\"inLanguage\":\"pt-BR\",\"potentialAction\":[{\"@type\":\"ReadAction\",\"target\":[\"https:\/\/psol50.org.br\/plenaria-do-mandato-de-ivan-valente-reafirma-compromissos-e-aclama-deputado-para-uma-nova-disputa\/\"]}]},{\"@type\":\"BreadcrumbList\",\"@id\":\"https:\/\/psol50.org.br\/plenaria-do-mandato-de-ivan-valente-reafirma-compromissos-e-aclama-deputado-para-uma-nova-disputa\/#breadcrumb\",\"itemListElement\":[{\"@type\":\"ListItem\",\"position\":1,\"name\":\"In\u00edcio\",\"item\":\"https:\/\/psol50.org.br\/\"},{\"@type\":\"ListItem\",\"position\":2,\"name\":\"Plen\u00e1ria do mandato de Ivan Valente reafirma compromissos e aclama deputado para uma nova disputa\"}]},{\"@type\":\"WebSite\",\"@id\":\"https:\/\/psol50.org.br\/#website\",\"url\":\"https:\/\/psol50.org.br\/\",\"name\":\"PSOL 50\",\"description\":\"Site oficial do Partido Socialismo e Liberdade\",\"publisher\":{\"@id\":\"https:\/\/psol50.org.br\/#organization\"},\"alternateName\":\"PSOL50\",\"potentialAction\":[{\"@type\":\"SearchAction\",\"target\":{\"@type\":\"EntryPoint\",\"urlTemplate\":\"https:\/\/psol50.org.br\/?s={search_term_string}\"},\"query-input\":{\"@type\":\"PropertyValueSpecification\",\"valueRequired\":true,\"valueName\":\"search_term_string\"}}],\"inLanguage\":\"pt-BR\"},{\"@type\":\"Organization\",\"@id\":\"https:\/\/psol50.org.br\/#organization\",\"name\":\"PSOL 50\",\"alternateName\":\"PSOL 50\",\"url\":\"https:\/\/psol50.org.br\/\",\"logo\":{\"@type\":\"ImageObject\",\"inLanguage\":\"pt-BR\",\"@id\":\"https:\/\/psol50.org.br\/#\/schema\/logo\/image\/\",\"url\":\"https:\/\/psol50.org.br\/inc\/uploads\/2018\/07\/capa.png\",\"contentUrl\":\"https:\/\/psol50.org.br\/inc\/uploads\/2018\/07\/capa.png\",\"width\":1350,\"height\":900,\"caption\":\"PSOL 50\"},\"image\":{\"@id\":\"https:\/\/psol50.org.br\/#\/schema\/logo\/image\/\"},\"sameAs\":[\"https:\/\/www.facebook.com\/psol50\",\"https:\/\/x.com\/psol50\",\"https:\/\/www.instagram.com\/psol50\/\",\"https:\/\/www.youtube.com\/channel\/UC7SnJS5o1os7a6CaiNabzcg\"]},{\"@type\":\"Person\",\"@id\":\"https:\/\/psol50.org.br\/#\/schema\/person\/475dfa57d0b815993c714c2e96491fcd\",\"name\":\"Comunica\u00e7\u00e3o PSOL\",\"image\":{\"@type\":\"ImageObject\",\"inLanguage\":\"pt-BR\",\"@id\":\"https:\/\/psol50.org.br\/#\/schema\/person\/image\/\",\"url\":\"https:\/\/secure.gravatar.com\/avatar\/b34fc4f4e468a4e51785917065a3db57b841f5c95dba6ad8c73aaf8f66f8f9bf?s=96&d=mm&r=g\",\"contentUrl\":\"https:\/\/secure.gravatar.com\/avatar\/b34fc4f4e468a4e51785917065a3db57b841f5c95dba6ad8c73aaf8f66f8f9bf?s=96&d=mm&r=g\",\"caption\":\"Comunica\u00e7\u00e3o PSOL\"}}]}<\/script>\n<!-- \/ Yoast SEO plugin. -->","yoast_head_json":{"title":"Plen\u00e1ria do mandato de Ivan Valente reafirma compromissos e aclama deputado para uma nova disputa - PSOL 50","robots":{"index":"index","follow":"follow","max-snippet":"max-snippet:-1","max-image-preview":"max-image-preview:large","max-video-preview":"max-video-preview:-1"},"canonical":"https:\/\/psol50.org.br\/plenaria-do-mandato-de-ivan-valente-reafirma-compromissos-e-aclama-deputado-para-uma-nova-disputa\/","og_locale":"pt_BR","og_type":"article","og_title":"Plen\u00e1ria do mandato de Ivan Valente reafirma compromissos e aclama deputado para uma nova disputa - PSOL 50","og_description":"Aconteceu no \u00faltimo s\u00e1bado mais uma plen\u00e1ria do mandato popular e socialista Ivan Valente. Tradicional espa\u00e7o de presta\u00e7\u00e3o de contas e debate pol\u00edtico organizado pelo mandato, o evento foi tomado por militantes e apoiadores do mandato, que lotaram o audit\u00f3rio do Sindicato dos Engenheiros de S\u00e3o Paulo, no centro da capital. Al\u00e9m de expor a [&hellip;]","og_url":"https:\/\/psol50.org.br\/plenaria-do-mandato-de-ivan-valente-reafirma-compromissos-e-aclama-deputado-para-uma-nova-disputa\/","og_site_name":"PSOL 50","article_publisher":"https:\/\/www.facebook.com\/psol50","article_published_time":"2014-03-25T14:33:20+00:00","og_image":[{"width":1350,"height":900,"url":"https:\/\/psol50.org.br\/inc\/uploads\/2018\/07\/capa.png","type":"image\/png"}],"author":"Comunica\u00e7\u00e3o PSOL","twitter_card":"summary_large_image","twitter_creator":"@psol50","twitter_site":"@psol50","twitter_misc":{"Escrito por":"Comunica\u00e7\u00e3o PSOL","Est. tempo de leitura":"5 minutos"},"schema":{"@context":"https:\/\/schema.org","@graph":[{"@type":"Article","@id":"https:\/\/psol50.org.br\/plenaria-do-mandato-de-ivan-valente-reafirma-compromissos-e-aclama-deputado-para-uma-nova-disputa\/#article","isPartOf":{"@id":"https:\/\/psol50.org.br\/plenaria-do-mandato-de-ivan-valente-reafirma-compromissos-e-aclama-deputado-para-uma-nova-disputa\/"},"author":{"name":"Comunica\u00e7\u00e3o PSOL","@id":"https:\/\/psol50.org.br\/#\/schema\/person\/475dfa57d0b815993c714c2e96491fcd"},"headline":"Plen\u00e1ria do mandato de Ivan Valente reafirma compromissos e aclama deputado para uma nova disputa","datePublished":"2014-03-25T14:33:20+00:00","mainEntityOfPage":{"@id":"https:\/\/psol50.org.br\/plenaria-do-mandato-de-ivan-valente-reafirma-compromissos-e-aclama-deputado-para-uma-nova-disputa\/"},"wordCount":1026,"commentCount":0,"publisher":{"@id":"https:\/\/psol50.org.br\/#organization"},"articleSection":["A\u00e7\u00e3o Parlamentar","Arquivo","Not\u00edcias"],"inLanguage":"pt-BR","potentialAction":[{"@type":"CommentAction","name":"Comment","target":["https:\/\/psol50.org.br\/plenaria-do-mandato-de-ivan-valente-reafirma-compromissos-e-aclama-deputado-para-uma-nova-disputa\/#respond"]}]},{"@type":"WebPage","@id":"https:\/\/psol50.org.br\/plenaria-do-mandato-de-ivan-valente-reafirma-compromissos-e-aclama-deputado-para-uma-nova-disputa\/","url":"https:\/\/psol50.org.br\/plenaria-do-mandato-de-ivan-valente-reafirma-compromissos-e-aclama-deputado-para-uma-nova-disputa\/","name":"Plen\u00e1ria do mandato de Ivan Valente reafirma compromissos e aclama deputado para uma nova disputa - PSOL 50","isPartOf":{"@id":"https:\/\/psol50.org.br\/#website"},"datePublished":"2014-03-25T14:33:20+00:00","breadcrumb":{"@id":"https:\/\/psol50.org.br\/plenaria-do-mandato-de-ivan-valente-reafirma-compromissos-e-aclama-deputado-para-uma-nova-disputa\/#breadcrumb"},"inLanguage":"pt-BR","potentialAction":[{"@type":"ReadAction","target":["https:\/\/psol50.org.br\/plenaria-do-mandato-de-ivan-valente-reafirma-compromissos-e-aclama-deputado-para-uma-nova-disputa\/"]}]},{"@type":"BreadcrumbList","@id":"https:\/\/psol50.org.br\/plenaria-do-mandato-de-ivan-valente-reafirma-compromissos-e-aclama-deputado-para-uma-nova-disputa\/#breadcrumb","itemListElement":[{"@type":"ListItem","position":1,"name":"In\u00edcio","item":"https:\/\/psol50.org.br\/"},{"@type":"ListItem","position":2,"name":"Plen\u00e1ria do mandato de Ivan Valente reafirma compromissos e aclama deputado para uma nova disputa"}]},{"@type":"WebSite","@id":"https:\/\/psol50.org.br\/#website","url":"https:\/\/psol50.org.br\/","name":"PSOL 50","description":"Site oficial do Partido Socialismo e Liberdade","publisher":{"@id":"https:\/\/psol50.org.br\/#organization"},"alternateName":"PSOL50","potentialAction":[{"@type":"SearchAction","target":{"@type":"EntryPoint","urlTemplate":"https:\/\/psol50.org.br\/?s={search_term_string}"},"query-input":{"@type":"PropertyValueSpecification","valueRequired":true,"valueName":"search_term_string"}}],"inLanguage":"pt-BR"},{"@type":"Organization","@id":"https:\/\/psol50.org.br\/#organization","name":"PSOL 50","alternateName":"PSOL 50","url":"https:\/\/psol50.org.br\/","logo":{"@type":"ImageObject","inLanguage":"pt-BR","@id":"https:\/\/psol50.org.br\/#\/schema\/logo\/image\/","url":"https:\/\/psol50.org.br\/inc\/uploads\/2018\/07\/capa.png","contentUrl":"https:\/\/psol50.org.br\/inc\/uploads\/2018\/07\/capa.png","width":1350,"height":900,"caption":"PSOL 50"},"image":{"@id":"https:\/\/psol50.org.br\/#\/schema\/logo\/image\/"},"sameAs":["https:\/\/www.facebook.com\/psol50","https:\/\/x.com\/psol50","https:\/\/www.instagram.com\/psol50\/","https:\/\/www.youtube.com\/channel\/UC7SnJS5o1os7a6CaiNabzcg"]},{"@type":"Person","@id":"https:\/\/psol50.org.br\/#\/schema\/person\/475dfa57d0b815993c714c2e96491fcd","name":"Comunica\u00e7\u00e3o PSOL","image":{"@type":"ImageObject","inLanguage":"pt-BR","@id":"https:\/\/psol50.org.br\/#\/schema\/person\/image\/","url":"https:\/\/secure.gravatar.com\/avatar\/b34fc4f4e468a4e51785917065a3db57b841f5c95dba6ad8c73aaf8f66f8f9bf?s=96&d=mm&r=g","contentUrl":"https:\/\/secure.gravatar.com\/avatar\/b34fc4f4e468a4e51785917065a3db57b841f5c95dba6ad8c73aaf8f66f8f9bf?s=96&d=mm&r=g","caption":"Comunica\u00e7\u00e3o PSOL"}}]}},"_links":{"self":[{"href":"https:\/\/psol50.org.br\/rest\/wp\/v2\/posts\/2637","targetHints":{"allow":["GET"]}}],"collection":[{"href":"https:\/\/psol50.org.br\/rest\/wp\/v2\/posts"}],"about":[{"href":"https:\/\/psol50.org.br\/rest\/wp\/v2\/types\/post"}],"author":[{"embeddable":true,"href":"https:\/\/psol50.org.br\/rest\/wp\/v2\/users\/2"}],"replies":[{"embeddable":true,"href":"https:\/\/psol50.org.br\/rest\/wp\/v2\/comments?post=2637"}],"version-history":[{"count":0,"href":"https:\/\/psol50.org.br\/rest\/wp\/v2\/posts\/2637\/revisions"}],"wp:attachment":[{"href":"https:\/\/psol50.org.br\/rest\/wp\/v2\/media?parent=2637"}],"wp:term":[{"taxonomy":"category","embeddable":true,"href":"https:\/\/psol50.org.br\/rest\/wp\/v2\/categories?post=2637"},{"taxonomy":"post_tag","embeddable":true,"href":"https:\/\/psol50.org.br\/rest\/wp\/v2\/tags?post=2637"}],"curies":[{"name":"wp","href":"https:\/\/api.w.org\/{rel}","templated":true}]}}