{"id":2638,"date":"2014-03-25T00:00:00","date_gmt":"2014-03-25T18:12:36","guid":{"rendered":"http:\/\/psol50.org.br\/arquivo\/2014\/03\/25\/randolfe-ivan-e-mais-seis-senadores-acionam-pgr-contra-gestao-de-dilma-na-petrobras\/"},"modified":"2014-03-25T00:00:00","modified_gmt":"2014-03-25T18:12:36","slug":"randolfe-ivan-e-mais-seis-senadores-acionam-pgr-contra-gestao-de-dilma-na-petrobras","status":"publish","type":"post","link":"https:\/\/psol50.org.br\/randolfe-ivan-e-mais-seis-senadores-acionam-pgr-contra-gestao-de-dilma-na-petrobras\/","title":{"rendered":"Randolfe, Ivan e mais seis senadores acionam PGR contra gest\u00e3o de Dilma na Petrobras"},"content":{"rendered":"<div style=\"text-align: justify;\">\n\t<em>Gisele Barbieri, do mandato do senador Randolfe Rodrigues<\/em><\/p>\n<p>\tO senador Randolfe Rodrigues (PSOL-AP), o deputado Ivan Valente (PSOL-SP) e outros seis colegas de Parlamento protocolaram nesta ter\u00e7a-feira (25), na Procuradoria-Geral da Rep\u00fablica (PGR), representa\u00e7\u00e3o para apurar a atua\u00e7\u00e3o da presidente da Rep\u00fablica, Dilma Rousseff, como presidente do Conselho de Administra\u00e7\u00e3o da Petrobras. A a\u00e7\u00e3o pretende apontar eventuais irregularidades do neg\u00f3cio fechado em 2006, com o aval de Dilma, que custou ao menos R$ 1,19 bilh\u00e3o aos cofres da estatal ao fim da opera\u00e7\u00e3o de compra de uma refinaria em Pasadena, Texas (EUA). A comitiva de parlamentares foi recebida pelo procurador geral da Rep\u00fablica, Rodrigo Janot, em seu gabinete em Bras\u00edlia.<br \/>\n\t&nbsp;<br \/>\n\t\u201cA referida refinaria, que um ano antes da transa\u00e7\u00e3o custara \u00e0 Astra Oil Trading Inc. US$ 42,5 milh\u00f5es, teve 50% de suas a\u00e7\u00f5es compradas pela Petrobras por US$ 360 milh\u00f5es. J\u00e1 em 2008, devido a uma cl\u00e1usula do contrato de compra, a Petrobras foi obrigada a comprar os 50% restantes da refinaria, o que resultou no gasto total de US$ 1,18 bilh\u00e3o. Tal opera\u00e7\u00e3o teria resultado em um preju\u00edzo de aproximadamente um bilh\u00e3o de d\u00f3lares americanos, o que impactou o balan\u00e7o da empresa, afetando sua capacidade de investimento\u201d, diz trecho da representa\u00e7\u00e3o.<br \/>\n\t&nbsp;<br \/>\n\tA a\u00e7\u00e3o ressalta que Dilma, na condi\u00e7\u00e3o de presidente do conselho administrativo da Petrobras, prevaricou ao n\u00e3o tomar provid\u00eancias para impedir o neg\u00f3cio \u201cruinoso\u201d. \u201cAl\u00e9m das den\u00fancias veiculadas, o Minist\u00e9rio P\u00fablico Federal no Rio de Janeiro instaurou procedimento investigat\u00f3rio para apurar il\u00edcitos praticados pelos dirigentes da Petrobras, tendo sido feita representa\u00e7\u00e3o no Tribunal de Contas da Uni\u00e3o com a mesma finalidade\u201d, diz outro trecho, em refer\u00eancia indireta a Paulo Roberto Costa, ex-diretor de Abastecimento da Petrobras, preso pela Pol\u00edcia Federal, e Nestor Cerver\u00f3, que comandava a \u00e1rea internacional da estatal brasileira. Ambos participaram do neg\u00f3cio ora investigado.<br \/>\n\t&nbsp;<br \/>\n\tA pe\u00e7a acusat\u00f3ria foi subscrita por Ivan Valente, l\u00edder do PSOL na C\u00e2mara, e pelos senadores Pedro Simon (PMDB-RS), Cristovam Buarque (PDT-DF), Ana Am\u00e9lia (PP-RS), Rodrigo Rollemberg (PSB-DF), Jarbas Vasconcelos (PMDB-PE) e Pedro Taques (PDT-MT). Todos eles estavam presentes \u00e0 audi\u00eancia com o procurador geral.<br \/>\n\t&nbsp;<br \/>\n\tA partir do protocolo da representa\u00e7\u00e3o na PGR, caber\u00e1 a Rodrigo Janot apreciar a demanda dos congressistas, em procedimento que pode resultar em inqu\u00e9rito no Supremo Tribunal Federal (STF). Na hip\u00f3tese de o STF acatar um eventual pedido de investiga\u00e7\u00e3o da PGR, uma a\u00e7\u00e3o penal pode ter in\u00edcio naquela corte.<br \/>\n\t&nbsp;<br \/>\n\t<strong>\u201cFirmeza e pondera\u00e7\u00e3o\u201d<\/strong><br \/>\n\tDirigindo-se ao procurador, o senador Randolfe iniciou a s\u00e9rie de explana\u00e7\u00f5es apontando a conduta inadequada de Dilma como presidente do conselho administrativo. O senador lembrou que, al\u00e9m da negocia\u00e7\u00e3o prejudicial para os cofres p\u00fablicos, Dilma n\u00e3o aplicou qualquer san\u00e7\u00e3o aos ex-diretores respons\u00e1veis pelo repasse de informa\u00e7\u00f5es \u201cfalhas\u201d, como ela mesma reconheceu em nota, que levaram ao disp\u00eandio com a refinaria de Pasadena.<br \/>\n\t&nbsp;<br \/>\n\t\u201cA senhora presidente da Rep\u00fablica, na \u00e9poca presidente do conselho da Petrobras, tinha a obriga\u00e7\u00e3o de tomar provid\u00eancias. Ela, como agente p\u00fablica, deveria ter observado o \u2018dever agir\u2019, deveria ter protegido o interesse p\u00fablico e o patrim\u00f4nio da Petrobras. E, se n\u00e3o o fez, prevaricou\u201d, observou Randolfe, lembrando que os ex-diretores n\u00e3o s\u00f3 foram mantidos na Petrobras, como tamb\u00e9m foram promovidos na hierarquia da empresa durante o governo petista.<br \/>\n\t&nbsp;<br \/>\n\tJ\u00e1 o deputado Ivan Valente (PSOL-DF), que disse ter estudado o assunto devidamente, disse que a PGR pode dar o tratamento adequado \u00e0s den\u00fancias de desmandos na Petrobras. \u201cAqui ningu\u00e9m vai se esquivar de assinar a cria\u00e7\u00e3o da CPI, mas n\u00f3s acreditamos que o Minist\u00e9rio P\u00fablico tem mais condi\u00e7\u00f5es do que uma CPI em nos dar respostas. N\u00f3s queremos que a investiga\u00e7\u00e3o desses fatos seja aprofundada\u201d, destacou o deputado, lembrando que a empresa movimenta um or\u00e7amento de R$ 70 bilh\u00f5es e, tamb\u00e9m por isso, deve ser rigorosamente fiscalizada.<br \/>\n\t&nbsp;<br \/>\n\tDepois de ouvir as coloca\u00e7\u00f5es dos congressistas, Rodrigo Janot garantiu que a PGR cumpriria \u00e0 risca suas prerrogativas constitucionais, com a devida celeridade, e fez quest\u00e3o de reconhecer a import\u00e2ncia da demanda. O procurador ponderou ainda que a representa\u00e7\u00e3o ser\u00e1 apreciada \u201csem estr\u00e9pito\u201d, de maneira a evitar-se espet\u00e1culos midi\u00e1ticos, mas ser\u00e1 analisada \u201ccom pondera\u00e7\u00e3o, mas com firmeza\u201d.<br \/>\n\t&nbsp;<br \/>\n\tRecorrentemente investigada por esquemas fraudulentos, a Petrobras volta ao centro do notici\u00e1rio pol\u00edtico depois de reportagem do jornal&nbsp;<em>O Estado de S. Paulo<\/em>&nbsp;sobre a atua\u00e7\u00e3o da ent\u00e3o ministra-chefe da Casa Civil, posto que ocupou depois de chefiar a pasta de Minas e Energia (janeiro de 2003 a junho de 2005). Em nota, Dilma alega ter avalizado o neg\u00f3cio, que se revelaria extremamente oneroso para os cofres p\u00fablicos, com base em um parecer t\u00e9cnico \u201cfalho\u201d que n\u00e3o considerou termos do contrato. Desde ent\u00e3o, informa\u00e7\u00f5es desencontradas no \u00e2mbito do Pal\u00e1cio do Planalto sugerem uma tentativa de esconder desmandos na gest\u00e3o da maior empresa estatal brasileira, especificamente quando da atua\u00e7\u00e3o de Dilma Rousseff como presidente de seu conselho administrativo.<br \/>\n\t&nbsp;<\/div>\n","protected":false},"excerpt":{"rendered":"<p>O senador do PSOL lembrou que, al\u00e9m da negocia\u00e7\u00e3o prejudicial para os cofres p\u00fablicos, Dilma n\u00e3o aplicou qualquer san\u00e7\u00e3o aos ex-diretores respons\u00e1veis pelo repasse de informa\u00e7\u00f5es \u201cfalhas\u201d, como ela mesma reconheceu em nota, que levaram ao disp\u00eandio com a refinaria de Pasadena<\/p>\n","protected":false},"author":2,"featured_media":0,"comment_status":"open","ping_status":"open","sticky":false,"template":"","format":"standard","meta":{"_acf_changed":false,"footnotes":""},"categories":[10,4766,6],"tags":[],"class_list":{"0":"post-2638","1":"post","2":"type-post","3":"status-publish","4":"format-standard","6":"category-acao-parlamentares","7":"category-arquivo","8":"category-noticias"},"acf":[],"yoast_head":"<!-- This site is optimized with the Yoast SEO plugin v26.5 - https:\/\/yoast.com\/wordpress\/plugins\/seo\/ -->\n<title>Randolfe, Ivan e mais seis senadores acionam PGR contra gest\u00e3o de Dilma na Petrobras - PSOL 50<\/title>\n<meta name=\"robots\" content=\"index, follow, max-snippet:-1, max-image-preview:large, max-video-preview:-1\" \/>\n<link rel=\"canonical\" href=\"https:\/\/psol50.org.br\/randolfe-ivan-e-mais-seis-senadores-acionam-pgr-contra-gestao-de-dilma-na-petrobras\/\" \/>\n<meta property=\"og:locale\" content=\"pt_BR\" \/>\n<meta property=\"og:type\" content=\"article\" \/>\n<meta property=\"og:title\" content=\"Randolfe, Ivan e mais seis senadores acionam PGR contra gest\u00e3o de Dilma na Petrobras - PSOL 50\" \/>\n<meta property=\"og:description\" content=\"O senador do PSOL lembrou que, al\u00e9m da negocia\u00e7\u00e3o prejudicial para os cofres p\u00fablicos, Dilma n\u00e3o aplicou qualquer san\u00e7\u00e3o aos ex-diretores respons\u00e1veis pelo repasse de informa\u00e7\u00f5es \u201cfalhas\u201d, como ela mesma reconheceu em nota, que levaram ao disp\u00eandio com a refinaria de Pasadena\" \/>\n<meta property=\"og:url\" content=\"https:\/\/psol50.org.br\/randolfe-ivan-e-mais-seis-senadores-acionam-pgr-contra-gestao-de-dilma-na-petrobras\/\" \/>\n<meta property=\"og:site_name\" content=\"PSOL 50\" \/>\n<meta property=\"article:publisher\" content=\"https:\/\/www.facebook.com\/psol50\" \/>\n<meta property=\"article:published_time\" content=\"2014-03-25T18:12:36+00:00\" \/>\n<meta property=\"og:image\" content=\"https:\/\/psol50.org.br\/inc\/uploads\/2018\/07\/capa.png\" \/>\n\t<meta property=\"og:image:width\" content=\"1350\" \/>\n\t<meta property=\"og:image:height\" content=\"900\" \/>\n\t<meta property=\"og:image:type\" content=\"image\/png\" \/>\n<meta name=\"author\" content=\"Comunica\u00e7\u00e3o PSOL\" \/>\n<meta name=\"twitter:card\" content=\"summary_large_image\" \/>\n<meta name=\"twitter:creator\" content=\"@psol50\" \/>\n<meta name=\"twitter:site\" content=\"@psol50\" \/>\n<meta name=\"twitter:label1\" content=\"Escrito por\" \/>\n\t<meta name=\"twitter:data1\" content=\"Comunica\u00e7\u00e3o PSOL\" \/>\n\t<meta name=\"twitter:label2\" content=\"Est. tempo de leitura\" \/>\n\t<meta name=\"twitter:data2\" content=\"4 minutos\" \/>\n<script type=\"application\/ld+json\" class=\"yoast-schema-graph\">{\"@context\":\"https:\/\/schema.org\",\"@graph\":[{\"@type\":\"Article\",\"@id\":\"https:\/\/psol50.org.br\/randolfe-ivan-e-mais-seis-senadores-acionam-pgr-contra-gestao-de-dilma-na-petrobras\/#article\",\"isPartOf\":{\"@id\":\"https:\/\/psol50.org.br\/randolfe-ivan-e-mais-seis-senadores-acionam-pgr-contra-gestao-de-dilma-na-petrobras\/\"},\"author\":{\"name\":\"Comunica\u00e7\u00e3o PSOL\",\"@id\":\"https:\/\/psol50.org.br\/#\/schema\/person\/475dfa57d0b815993c714c2e96491fcd\"},\"headline\":\"Randolfe, Ivan e mais seis senadores acionam PGR contra gest\u00e3o de Dilma na Petrobras\",\"datePublished\":\"2014-03-25T18:12:36+00:00\",\"mainEntityOfPage\":{\"@id\":\"https:\/\/psol50.org.br\/randolfe-ivan-e-mais-seis-senadores-acionam-pgr-contra-gestao-de-dilma-na-petrobras\/\"},\"wordCount\":907,\"commentCount\":0,\"publisher\":{\"@id\":\"https:\/\/psol50.org.br\/#organization\"},\"articleSection\":[\"A\u00e7\u00e3o Parlamentar\",\"Arquivo\",\"Not\u00edcias\"],\"inLanguage\":\"pt-BR\",\"potentialAction\":[{\"@type\":\"CommentAction\",\"name\":\"Comment\",\"target\":[\"https:\/\/psol50.org.br\/randolfe-ivan-e-mais-seis-senadores-acionam-pgr-contra-gestao-de-dilma-na-petrobras\/#respond\"]}]},{\"@type\":\"WebPage\",\"@id\":\"https:\/\/psol50.org.br\/randolfe-ivan-e-mais-seis-senadores-acionam-pgr-contra-gestao-de-dilma-na-petrobras\/\",\"url\":\"https:\/\/psol50.org.br\/randolfe-ivan-e-mais-seis-senadores-acionam-pgr-contra-gestao-de-dilma-na-petrobras\/\",\"name\":\"Randolfe, Ivan e mais seis senadores acionam PGR contra gest\u00e3o de Dilma na Petrobras - PSOL 50\",\"isPartOf\":{\"@id\":\"https:\/\/psol50.org.br\/#website\"},\"datePublished\":\"2014-03-25T18:12:36+00:00\",\"breadcrumb\":{\"@id\":\"https:\/\/psol50.org.br\/randolfe-ivan-e-mais-seis-senadores-acionam-pgr-contra-gestao-de-dilma-na-petrobras\/#breadcrumb\"},\"inLanguage\":\"pt-BR\",\"potentialAction\":[{\"@type\":\"ReadAction\",\"target\":[\"https:\/\/psol50.org.br\/randolfe-ivan-e-mais-seis-senadores-acionam-pgr-contra-gestao-de-dilma-na-petrobras\/\"]}]},{\"@type\":\"BreadcrumbList\",\"@id\":\"https:\/\/psol50.org.br\/randolfe-ivan-e-mais-seis-senadores-acionam-pgr-contra-gestao-de-dilma-na-petrobras\/#breadcrumb\",\"itemListElement\":[{\"@type\":\"ListItem\",\"position\":1,\"name\":\"In\u00edcio\",\"item\":\"https:\/\/psol50.org.br\/\"},{\"@type\":\"ListItem\",\"position\":2,\"name\":\"Randolfe, Ivan e mais seis senadores acionam PGR contra gest\u00e3o de Dilma na Petrobras\"}]},{\"@type\":\"WebSite\",\"@id\":\"https:\/\/psol50.org.br\/#website\",\"url\":\"https:\/\/psol50.org.br\/\",\"name\":\"PSOL 50\",\"description\":\"Site oficial do Partido Socialismo e Liberdade\",\"publisher\":{\"@id\":\"https:\/\/psol50.org.br\/#organization\"},\"alternateName\":\"PSOL50\",\"potentialAction\":[{\"@type\":\"SearchAction\",\"target\":{\"@type\":\"EntryPoint\",\"urlTemplate\":\"https:\/\/psol50.org.br\/?s={search_term_string}\"},\"query-input\":{\"@type\":\"PropertyValueSpecification\",\"valueRequired\":true,\"valueName\":\"search_term_string\"}}],\"inLanguage\":\"pt-BR\"},{\"@type\":\"Organization\",\"@id\":\"https:\/\/psol50.org.br\/#organization\",\"name\":\"PSOL 50\",\"alternateName\":\"PSOL 50\",\"url\":\"https:\/\/psol50.org.br\/\",\"logo\":{\"@type\":\"ImageObject\",\"inLanguage\":\"pt-BR\",\"@id\":\"https:\/\/psol50.org.br\/#\/schema\/logo\/image\/\",\"url\":\"https:\/\/psol50.org.br\/inc\/uploads\/2018\/07\/capa.png\",\"contentUrl\":\"https:\/\/psol50.org.br\/inc\/uploads\/2018\/07\/capa.png\",\"width\":1350,\"height\":900,\"caption\":\"PSOL 50\"},\"image\":{\"@id\":\"https:\/\/psol50.org.br\/#\/schema\/logo\/image\/\"},\"sameAs\":[\"https:\/\/www.facebook.com\/psol50\",\"https:\/\/x.com\/psol50\",\"https:\/\/www.instagram.com\/psol50\/\",\"https:\/\/www.youtube.com\/channel\/UC7SnJS5o1os7a6CaiNabzcg\"]},{\"@type\":\"Person\",\"@id\":\"https:\/\/psol50.org.br\/#\/schema\/person\/475dfa57d0b815993c714c2e96491fcd\",\"name\":\"Comunica\u00e7\u00e3o PSOL\",\"image\":{\"@type\":\"ImageObject\",\"inLanguage\":\"pt-BR\",\"@id\":\"https:\/\/psol50.org.br\/#\/schema\/person\/image\/\",\"url\":\"https:\/\/secure.gravatar.com\/avatar\/b34fc4f4e468a4e51785917065a3db57b841f5c95dba6ad8c73aaf8f66f8f9bf?s=96&d=mm&r=g\",\"contentUrl\":\"https:\/\/secure.gravatar.com\/avatar\/b34fc4f4e468a4e51785917065a3db57b841f5c95dba6ad8c73aaf8f66f8f9bf?s=96&d=mm&r=g\",\"caption\":\"Comunica\u00e7\u00e3o PSOL\"}}]}<\/script>\n<!-- \/ Yoast SEO plugin. -->","yoast_head_json":{"title":"Randolfe, Ivan e mais seis senadores acionam PGR contra gest\u00e3o de Dilma na Petrobras - PSOL 50","robots":{"index":"index","follow":"follow","max-snippet":"max-snippet:-1","max-image-preview":"max-image-preview:large","max-video-preview":"max-video-preview:-1"},"canonical":"https:\/\/psol50.org.br\/randolfe-ivan-e-mais-seis-senadores-acionam-pgr-contra-gestao-de-dilma-na-petrobras\/","og_locale":"pt_BR","og_type":"article","og_title":"Randolfe, Ivan e mais seis senadores acionam PGR contra gest\u00e3o de Dilma na Petrobras - PSOL 50","og_description":"O senador do PSOL lembrou que, al\u00e9m da negocia\u00e7\u00e3o prejudicial para os cofres p\u00fablicos, Dilma n\u00e3o aplicou qualquer san\u00e7\u00e3o aos ex-diretores respons\u00e1veis pelo repasse de informa\u00e7\u00f5es \u201cfalhas\u201d, como ela mesma reconheceu em nota, que levaram ao disp\u00eandio com a refinaria de Pasadena","og_url":"https:\/\/psol50.org.br\/randolfe-ivan-e-mais-seis-senadores-acionam-pgr-contra-gestao-de-dilma-na-petrobras\/","og_site_name":"PSOL 50","article_publisher":"https:\/\/www.facebook.com\/psol50","article_published_time":"2014-03-25T18:12:36+00:00","og_image":[{"width":1350,"height":900,"url":"https:\/\/psol50.org.br\/inc\/uploads\/2018\/07\/capa.png","type":"image\/png"}],"author":"Comunica\u00e7\u00e3o PSOL","twitter_card":"summary_large_image","twitter_creator":"@psol50","twitter_site":"@psol50","twitter_misc":{"Escrito por":"Comunica\u00e7\u00e3o PSOL","Est. tempo de leitura":"4 minutos"},"schema":{"@context":"https:\/\/schema.org","@graph":[{"@type":"Article","@id":"https:\/\/psol50.org.br\/randolfe-ivan-e-mais-seis-senadores-acionam-pgr-contra-gestao-de-dilma-na-petrobras\/#article","isPartOf":{"@id":"https:\/\/psol50.org.br\/randolfe-ivan-e-mais-seis-senadores-acionam-pgr-contra-gestao-de-dilma-na-petrobras\/"},"author":{"name":"Comunica\u00e7\u00e3o PSOL","@id":"https:\/\/psol50.org.br\/#\/schema\/person\/475dfa57d0b815993c714c2e96491fcd"},"headline":"Randolfe, Ivan e mais seis senadores acionam PGR contra gest\u00e3o de Dilma na Petrobras","datePublished":"2014-03-25T18:12:36+00:00","mainEntityOfPage":{"@id":"https:\/\/psol50.org.br\/randolfe-ivan-e-mais-seis-senadores-acionam-pgr-contra-gestao-de-dilma-na-petrobras\/"},"wordCount":907,"commentCount":0,"publisher":{"@id":"https:\/\/psol50.org.br\/#organization"},"articleSection":["A\u00e7\u00e3o Parlamentar","Arquivo","Not\u00edcias"],"inLanguage":"pt-BR","potentialAction":[{"@type":"CommentAction","name":"Comment","target":["https:\/\/psol50.org.br\/randolfe-ivan-e-mais-seis-senadores-acionam-pgr-contra-gestao-de-dilma-na-petrobras\/#respond"]}]},{"@type":"WebPage","@id":"https:\/\/psol50.org.br\/randolfe-ivan-e-mais-seis-senadores-acionam-pgr-contra-gestao-de-dilma-na-petrobras\/","url":"https:\/\/psol50.org.br\/randolfe-ivan-e-mais-seis-senadores-acionam-pgr-contra-gestao-de-dilma-na-petrobras\/","name":"Randolfe, Ivan e mais seis senadores acionam PGR contra gest\u00e3o de Dilma na Petrobras - PSOL 50","isPartOf":{"@id":"https:\/\/psol50.org.br\/#website"},"datePublished":"2014-03-25T18:12:36+00:00","breadcrumb":{"@id":"https:\/\/psol50.org.br\/randolfe-ivan-e-mais-seis-senadores-acionam-pgr-contra-gestao-de-dilma-na-petrobras\/#breadcrumb"},"inLanguage":"pt-BR","potentialAction":[{"@type":"ReadAction","target":["https:\/\/psol50.org.br\/randolfe-ivan-e-mais-seis-senadores-acionam-pgr-contra-gestao-de-dilma-na-petrobras\/"]}]},{"@type":"BreadcrumbList","@id":"https:\/\/psol50.org.br\/randolfe-ivan-e-mais-seis-senadores-acionam-pgr-contra-gestao-de-dilma-na-petrobras\/#breadcrumb","itemListElement":[{"@type":"ListItem","position":1,"name":"In\u00edcio","item":"https:\/\/psol50.org.br\/"},{"@type":"ListItem","position":2,"name":"Randolfe, Ivan e mais seis senadores acionam PGR contra gest\u00e3o de Dilma na Petrobras"}]},{"@type":"WebSite","@id":"https:\/\/psol50.org.br\/#website","url":"https:\/\/psol50.org.br\/","name":"PSOL 50","description":"Site oficial do Partido Socialismo e Liberdade","publisher":{"@id":"https:\/\/psol50.org.br\/#organization"},"alternateName":"PSOL50","potentialAction":[{"@type":"SearchAction","target":{"@type":"EntryPoint","urlTemplate":"https:\/\/psol50.org.br\/?s={search_term_string}"},"query-input":{"@type":"PropertyValueSpecification","valueRequired":true,"valueName":"search_term_string"}}],"inLanguage":"pt-BR"},{"@type":"Organization","@id":"https:\/\/psol50.org.br\/#organization","name":"PSOL 50","alternateName":"PSOL 50","url":"https:\/\/psol50.org.br\/","logo":{"@type":"ImageObject","inLanguage":"pt-BR","@id":"https:\/\/psol50.org.br\/#\/schema\/logo\/image\/","url":"https:\/\/psol50.org.br\/inc\/uploads\/2018\/07\/capa.png","contentUrl":"https:\/\/psol50.org.br\/inc\/uploads\/2018\/07\/capa.png","width":1350,"height":900,"caption":"PSOL 50"},"image":{"@id":"https:\/\/psol50.org.br\/#\/schema\/logo\/image\/"},"sameAs":["https:\/\/www.facebook.com\/psol50","https:\/\/x.com\/psol50","https:\/\/www.instagram.com\/psol50\/","https:\/\/www.youtube.com\/channel\/UC7SnJS5o1os7a6CaiNabzcg"]},{"@type":"Person","@id":"https:\/\/psol50.org.br\/#\/schema\/person\/475dfa57d0b815993c714c2e96491fcd","name":"Comunica\u00e7\u00e3o PSOL","image":{"@type":"ImageObject","inLanguage":"pt-BR","@id":"https:\/\/psol50.org.br\/#\/schema\/person\/image\/","url":"https:\/\/secure.gravatar.com\/avatar\/b34fc4f4e468a4e51785917065a3db57b841f5c95dba6ad8c73aaf8f66f8f9bf?s=96&d=mm&r=g","contentUrl":"https:\/\/secure.gravatar.com\/avatar\/b34fc4f4e468a4e51785917065a3db57b841f5c95dba6ad8c73aaf8f66f8f9bf?s=96&d=mm&r=g","caption":"Comunica\u00e7\u00e3o PSOL"}}]}},"_links":{"self":[{"href":"https:\/\/psol50.org.br\/rest\/wp\/v2\/posts\/2638","targetHints":{"allow":["GET"]}}],"collection":[{"href":"https:\/\/psol50.org.br\/rest\/wp\/v2\/posts"}],"about":[{"href":"https:\/\/psol50.org.br\/rest\/wp\/v2\/types\/post"}],"author":[{"embeddable":true,"href":"https:\/\/psol50.org.br\/rest\/wp\/v2\/users\/2"}],"replies":[{"embeddable":true,"href":"https:\/\/psol50.org.br\/rest\/wp\/v2\/comments?post=2638"}],"version-history":[{"count":0,"href":"https:\/\/psol50.org.br\/rest\/wp\/v2\/posts\/2638\/revisions"}],"wp:attachment":[{"href":"https:\/\/psol50.org.br\/rest\/wp\/v2\/media?parent=2638"}],"wp:term":[{"taxonomy":"category","embeddable":true,"href":"https:\/\/psol50.org.br\/rest\/wp\/v2\/categories?post=2638"},{"taxonomy":"post_tag","embeddable":true,"href":"https:\/\/psol50.org.br\/rest\/wp\/v2\/tags?post=2638"}],"curies":[{"name":"wp","href":"https:\/\/api.w.org\/{rel}","templated":true}]}}