{"id":2644,"date":"2014-03-27T00:00:00","date_gmt":"2014-03-27T18:08:19","guid":{"rendered":"http:\/\/psol50.org.br\/arquivo\/2014\/03\/27\/no-cinquentenario-do-golpe-randolfe-luta-para-que-o-senado-vote-pl-que-revisa-a-lei-da-anistia\/"},"modified":"2014-03-27T00:00:00","modified_gmt":"2014-03-27T18:08:19","slug":"no-cinquentenario-do-golpe-randolfe-luta-para-que-o-senado-vote-pl-que-revisa-a-lei-da-anistia","status":"publish","type":"post","link":"https:\/\/psol50.org.br\/no-cinquentenario-do-golpe-randolfe-luta-para-que-o-senado-vote-pl-que-revisa-a-lei-da-anistia\/","title":{"rendered":"No cinq\u00fcenten\u00e1rio do golpe, Randolfe luta para que o Senado vote PL que revisa a Lei da Anistia"},"content":{"rendered":"<p style=\"text-align: justify;\">\n\t<span style=\"font-size:12px;\"><span style=\"font-family: arial,helvetica,sans-serif;\"><em>Leonor Costa, do site do PSOL Nacional<\/em><\/p>\n<p>\tTramita no Senado Federal desde 2013 o Projeto de Lei 237\/2013, de autoria do senador Randolfe Rodrigues (PSOL-AP), que pede a revis\u00e3o da Lei da Anistia (Lei n\u00ba 6.683), de 28 de agosto de 1979. Atualmente na Comiss\u00e3o de Direitos Humanos da Casa, o PLS determina que n\u00e3o sejam inclu\u00eddos como crimes conexos, conforme a Lei 6.683\/79, os que foram praticados por agentes p\u00fablicos, militares ou civis, contra pessoas que se opunham ao regime ditatorial vigente no per\u00edodo abrangido pela referida Lei. A justificativa do projeto afirma que o objetivo \u00e9 \u201crevisar a Lei da Anistia, de maneira a promover sua adequa\u00e7\u00e3o aos princ\u00edpios fundamentais que inspiram a Constitui\u00e7\u00e3o de 1988 e o sistema de tratados internacionais sobre direitos humanos dos quais o Brasil \u00e9 signat\u00e1rio\u201d. Ainda segundo o texto, parece claro que a Lei precisa ser revista para que se retire de sua abrang\u00eancia os crimes cometidos por agentes p\u00fablicos que atuavam na repress\u00e3o aos movimentos populares contra o regime militar.<br \/>\n\t&nbsp;<br \/>\n\tElaborado seguindo o mesmo entendimento e objetivo do PL 573\/2011, da deputada Luiza Erundina (PSB-SP), o projeto de autoria do senador Randolfe est\u00e1 sob a relatoria do senador Jo\u00e3o Capiberibe (PSB-AP) e deve ser inclu\u00eddo na pauta de discuss\u00e3o da CDH nas pr\u00f3ximas sess\u00f5es, conforme compromisso firmado pela presidente, senadora Anta Rita (PT-ES).<br \/>\n\t&nbsp;<br \/>\n\t&#8220;No ano dos 50 anos do Golpe civil-militar de 1964, \u00e9 simb\u00f3lico que a gente retome esse debate sobre a revis\u00e3o da Lei de Anistia.&nbsp;N\u00e3o \u00e9 somente pelo que aconteceu no passado, nos por\u00f5es de uma ditadura. \u00c9 para que nunca mais aconte\u00e7a. Em 64, n\u00e3o era uma guerra que estava ocorrendo. Foram cometidos crimes contra a humanidade. Milhares dos que lutavam contra a ditadura est\u00e3o mortos, foram v\u00edtimas de uma a\u00e7\u00e3o arbitr\u00e1ria do Estado. O Brasil j\u00e1 diagnosticou que houve uma pol\u00edtica de Estado deliberada de persegui\u00e7\u00e3o e autoritarismo. Precisamos punir todos os culpados&#8221;, ressalta o senador do PSOL.<br \/>\n\t&nbsp;<br \/>\n\tEm setembro do ano passado, o procurador-geral da Rep\u00fablica, Rodrigo Janot, quebrou o sigilo de um processo de extradi\u00e7\u00e3o do Supremo Tribunal Federal ao tornar p\u00fablica a \u00edntegra de um parecer em que se manifestou favor\u00e1vel \u00e0 pris\u00e3o de um policial argentino acusado de crimes de lesa-humanidade. Ao concordar com a pris\u00e3o, Rodrigo Janot afirmou que a \u201cpretens\u00e3o punitiva n\u00e3o est\u00e1 prescrita nem na Argentina nem no Brasil\u201d. Ou seja, independentemente da data em que os crimes ocorreram, eles s\u00e3o considerados imprescrit\u00edveis, podendo ser analisado pela Justi\u00e7a a qualquer momento. Com esse posicionamento, o PGR deixa claro seu entendimento de que \u00e9 preciso revisar a Lei da Anistia e refor\u00e7a a luta travada pelo PSOL no Congresso Nacional.<\/p>\n<p>\tPara o deputado Ivan Valente (PSOL-SP), l\u00edder do PSOL na C\u00e2mara, a tese de que a tortura era necess\u00e1ria para combater a instala\u00e7\u00e3o de um governo comunista no Brasil caiu definitivamente por terra. &#8220;\u00c9 preciso deixar claro, contudo, que qualquer viola\u00e7\u00e3o de direitos humanos, em qualquer circunst\u00e2ncia, \u00e9 digna de protesto, julgamento e condena\u00e7\u00e3o de seus impetradores. Mas \u00e9 necess\u00e1rio, em um momento em que as for\u00e7as conservadores se levantam pela manuten\u00e7\u00e3o de privil\u00e9gios e por retrocessos na garantia de direitos, que suas alega\u00e7\u00f5es s\u00e3o falsas. Que a paranoia da direita, que justificou crimes contra seres humanos, \u00e9 baseada em falsidades&#8221;, afirma Ivan, ao defender a revis\u00e3o da Lei da Anistia.<br \/>\n\t&nbsp;<br \/>\n\tNeste m\u00eas em que o pa\u00eds lembra os 50 anos do golpe civil-militar que instalou a ditadura de 21 anos no Brasil, Randolfe vem insistindo para que o Senado corrija mais um erro na hist\u00f3ria. Na sess\u00e3o desta quinta-feira (27), no plen\u00e1rio, Randolfe voltou a cobrar a vota\u00e7\u00e3o do PLS 237\/2013.<\/span><\/span><\/p>\n<p>\tConhe\u00e7a <a href=\"http:\/\/www.senado.gov.br\/atividade\/materia\/getPDF.asp?t=130405&amp;tp=1\">aqui<\/a> a \u00edntegra do projeto de Randolfe.<\/p>\n<p>\n\t&nbsp;<\/p>\n<p>&nbsp;<\/p>\n","protected":false},"excerpt":{"rendered":"<p>PLS 237\/2013 deve entrar em debate na Comiss\u00e3o de Direitos Humanos da Casa<\/p>\n","protected":false},"author":2,"featured_media":0,"comment_status":"open","ping_status":"open","sticky":false,"template":"","format":"standard","meta":{"_acf_changed":false,"footnotes":""},"categories":[4766,6],"tags":[],"class_list":{"0":"post-2644","1":"post","2":"type-post","3":"status-publish","4":"format-standard","6":"category-arquivo","7":"category-noticias"},"acf":[],"yoast_head":"<!-- This site is optimized with the Yoast SEO plugin v26.5 - https:\/\/yoast.com\/wordpress\/plugins\/seo\/ -->\n<title>No cinq\u00fcenten\u00e1rio do golpe, Randolfe luta para que o Senado vote PL que revisa a Lei da Anistia - PSOL 50<\/title>\n<meta name=\"robots\" content=\"index, follow, max-snippet:-1, max-image-preview:large, max-video-preview:-1\" \/>\n<link rel=\"canonical\" href=\"https:\/\/psol50.org.br\/no-cinquentenario-do-golpe-randolfe-luta-para-que-o-senado-vote-pl-que-revisa-a-lei-da-anistia\/\" \/>\n<meta property=\"og:locale\" content=\"pt_BR\" \/>\n<meta property=\"og:type\" content=\"article\" \/>\n<meta property=\"og:title\" content=\"No cinq\u00fcenten\u00e1rio do golpe, Randolfe luta para que o Senado vote PL que revisa a Lei da Anistia - PSOL 50\" \/>\n<meta property=\"og:description\" content=\"PLS 237\/2013 deve entrar em debate na Comiss\u00e3o de Direitos Humanos da Casa\" \/>\n<meta property=\"og:url\" content=\"https:\/\/psol50.org.br\/no-cinquentenario-do-golpe-randolfe-luta-para-que-o-senado-vote-pl-que-revisa-a-lei-da-anistia\/\" \/>\n<meta property=\"og:site_name\" content=\"PSOL 50\" \/>\n<meta property=\"article:publisher\" content=\"https:\/\/www.facebook.com\/psol50\" \/>\n<meta property=\"article:published_time\" content=\"2014-03-27T18:08:19+00:00\" \/>\n<meta property=\"og:image\" content=\"https:\/\/psol50.org.br\/inc\/uploads\/2018\/07\/capa.png\" \/>\n\t<meta property=\"og:image:width\" content=\"1350\" \/>\n\t<meta property=\"og:image:height\" content=\"900\" \/>\n\t<meta property=\"og:image:type\" content=\"image\/png\" \/>\n<meta name=\"author\" content=\"Comunica\u00e7\u00e3o PSOL\" \/>\n<meta name=\"twitter:card\" content=\"summary_large_image\" \/>\n<meta name=\"twitter:creator\" content=\"@psol50\" \/>\n<meta name=\"twitter:site\" content=\"@psol50\" \/>\n<meta name=\"twitter:label1\" content=\"Escrito por\" \/>\n\t<meta name=\"twitter:data1\" content=\"Comunica\u00e7\u00e3o PSOL\" \/>\n\t<meta name=\"twitter:label2\" content=\"Est. tempo de leitura\" \/>\n\t<meta name=\"twitter:data2\" content=\"3 minutos\" \/>\n<script type=\"application\/ld+json\" class=\"yoast-schema-graph\">{\"@context\":\"https:\/\/schema.org\",\"@graph\":[{\"@type\":\"Article\",\"@id\":\"https:\/\/psol50.org.br\/no-cinquentenario-do-golpe-randolfe-luta-para-que-o-senado-vote-pl-que-revisa-a-lei-da-anistia\/#article\",\"isPartOf\":{\"@id\":\"https:\/\/psol50.org.br\/no-cinquentenario-do-golpe-randolfe-luta-para-que-o-senado-vote-pl-que-revisa-a-lei-da-anistia\/\"},\"author\":{\"name\":\"Comunica\u00e7\u00e3o PSOL\",\"@id\":\"https:\/\/psol50.org.br\/#\/schema\/person\/475dfa57d0b815993c714c2e96491fcd\"},\"headline\":\"No cinq\u00fcenten\u00e1rio do golpe, Randolfe luta para que o Senado vote PL que revisa a Lei da Anistia\",\"datePublished\":\"2014-03-27T18:08:19+00:00\",\"mainEntityOfPage\":{\"@id\":\"https:\/\/psol50.org.br\/no-cinquentenario-do-golpe-randolfe-luta-para-que-o-senado-vote-pl-que-revisa-a-lei-da-anistia\/\"},\"wordCount\":675,\"commentCount\":0,\"publisher\":{\"@id\":\"https:\/\/psol50.org.br\/#organization\"},\"articleSection\":[\"Arquivo\",\"Not\u00edcias\"],\"inLanguage\":\"pt-BR\",\"potentialAction\":[{\"@type\":\"CommentAction\",\"name\":\"Comment\",\"target\":[\"https:\/\/psol50.org.br\/no-cinquentenario-do-golpe-randolfe-luta-para-que-o-senado-vote-pl-que-revisa-a-lei-da-anistia\/#respond\"]}]},{\"@type\":\"WebPage\",\"@id\":\"https:\/\/psol50.org.br\/no-cinquentenario-do-golpe-randolfe-luta-para-que-o-senado-vote-pl-que-revisa-a-lei-da-anistia\/\",\"url\":\"https:\/\/psol50.org.br\/no-cinquentenario-do-golpe-randolfe-luta-para-que-o-senado-vote-pl-que-revisa-a-lei-da-anistia\/\",\"name\":\"No cinq\u00fcenten\u00e1rio do golpe, Randolfe luta para que o Senado vote PL que revisa a Lei da Anistia - PSOL 50\",\"isPartOf\":{\"@id\":\"https:\/\/psol50.org.br\/#website\"},\"datePublished\":\"2014-03-27T18:08:19+00:00\",\"breadcrumb\":{\"@id\":\"https:\/\/psol50.org.br\/no-cinquentenario-do-golpe-randolfe-luta-para-que-o-senado-vote-pl-que-revisa-a-lei-da-anistia\/#breadcrumb\"},\"inLanguage\":\"pt-BR\",\"potentialAction\":[{\"@type\":\"ReadAction\",\"target\":[\"https:\/\/psol50.org.br\/no-cinquentenario-do-golpe-randolfe-luta-para-que-o-senado-vote-pl-que-revisa-a-lei-da-anistia\/\"]}]},{\"@type\":\"BreadcrumbList\",\"@id\":\"https:\/\/psol50.org.br\/no-cinquentenario-do-golpe-randolfe-luta-para-que-o-senado-vote-pl-que-revisa-a-lei-da-anistia\/#breadcrumb\",\"itemListElement\":[{\"@type\":\"ListItem\",\"position\":1,\"name\":\"In\u00edcio\",\"item\":\"https:\/\/psol50.org.br\/\"},{\"@type\":\"ListItem\",\"position\":2,\"name\":\"No cinq\u00fcenten\u00e1rio do golpe, Randolfe luta para que o Senado vote PL que revisa a Lei da Anistia\"}]},{\"@type\":\"WebSite\",\"@id\":\"https:\/\/psol50.org.br\/#website\",\"url\":\"https:\/\/psol50.org.br\/\",\"name\":\"PSOL 50\",\"description\":\"Site oficial do Partido Socialismo e Liberdade\",\"publisher\":{\"@id\":\"https:\/\/psol50.org.br\/#organization\"},\"alternateName\":\"PSOL50\",\"potentialAction\":[{\"@type\":\"SearchAction\",\"target\":{\"@type\":\"EntryPoint\",\"urlTemplate\":\"https:\/\/psol50.org.br\/?s={search_term_string}\"},\"query-input\":{\"@type\":\"PropertyValueSpecification\",\"valueRequired\":true,\"valueName\":\"search_term_string\"}}],\"inLanguage\":\"pt-BR\"},{\"@type\":\"Organization\",\"@id\":\"https:\/\/psol50.org.br\/#organization\",\"name\":\"PSOL 50\",\"alternateName\":\"PSOL 50\",\"url\":\"https:\/\/psol50.org.br\/\",\"logo\":{\"@type\":\"ImageObject\",\"inLanguage\":\"pt-BR\",\"@id\":\"https:\/\/psol50.org.br\/#\/schema\/logo\/image\/\",\"url\":\"https:\/\/psol50.org.br\/inc\/uploads\/2018\/07\/capa.png\",\"contentUrl\":\"https:\/\/psol50.org.br\/inc\/uploads\/2018\/07\/capa.png\",\"width\":1350,\"height\":900,\"caption\":\"PSOL 50\"},\"image\":{\"@id\":\"https:\/\/psol50.org.br\/#\/schema\/logo\/image\/\"},\"sameAs\":[\"https:\/\/www.facebook.com\/psol50\",\"https:\/\/x.com\/psol50\",\"https:\/\/www.instagram.com\/psol50\/\",\"https:\/\/www.youtube.com\/channel\/UC7SnJS5o1os7a6CaiNabzcg\"]},{\"@type\":\"Person\",\"@id\":\"https:\/\/psol50.org.br\/#\/schema\/person\/475dfa57d0b815993c714c2e96491fcd\",\"name\":\"Comunica\u00e7\u00e3o PSOL\",\"image\":{\"@type\":\"ImageObject\",\"inLanguage\":\"pt-BR\",\"@id\":\"https:\/\/psol50.org.br\/#\/schema\/person\/image\/\",\"url\":\"https:\/\/secure.gravatar.com\/avatar\/b34fc4f4e468a4e51785917065a3db57b841f5c95dba6ad8c73aaf8f66f8f9bf?s=96&d=mm&r=g\",\"contentUrl\":\"https:\/\/secure.gravatar.com\/avatar\/b34fc4f4e468a4e51785917065a3db57b841f5c95dba6ad8c73aaf8f66f8f9bf?s=96&d=mm&r=g\",\"caption\":\"Comunica\u00e7\u00e3o PSOL\"}}]}<\/script>\n<!-- \/ Yoast SEO plugin. -->","yoast_head_json":{"title":"No cinq\u00fcenten\u00e1rio do golpe, Randolfe luta para que o Senado vote PL que revisa a Lei da Anistia - PSOL 50","robots":{"index":"index","follow":"follow","max-snippet":"max-snippet:-1","max-image-preview":"max-image-preview:large","max-video-preview":"max-video-preview:-1"},"canonical":"https:\/\/psol50.org.br\/no-cinquentenario-do-golpe-randolfe-luta-para-que-o-senado-vote-pl-que-revisa-a-lei-da-anistia\/","og_locale":"pt_BR","og_type":"article","og_title":"No cinq\u00fcenten\u00e1rio do golpe, Randolfe luta para que o Senado vote PL que revisa a Lei da Anistia - PSOL 50","og_description":"PLS 237\/2013 deve entrar em debate na Comiss\u00e3o de Direitos Humanos da Casa","og_url":"https:\/\/psol50.org.br\/no-cinquentenario-do-golpe-randolfe-luta-para-que-o-senado-vote-pl-que-revisa-a-lei-da-anistia\/","og_site_name":"PSOL 50","article_publisher":"https:\/\/www.facebook.com\/psol50","article_published_time":"2014-03-27T18:08:19+00:00","og_image":[{"width":1350,"height":900,"url":"https:\/\/psol50.org.br\/inc\/uploads\/2018\/07\/capa.png","type":"image\/png"}],"author":"Comunica\u00e7\u00e3o PSOL","twitter_card":"summary_large_image","twitter_creator":"@psol50","twitter_site":"@psol50","twitter_misc":{"Escrito por":"Comunica\u00e7\u00e3o PSOL","Est. tempo de leitura":"3 minutos"},"schema":{"@context":"https:\/\/schema.org","@graph":[{"@type":"Article","@id":"https:\/\/psol50.org.br\/no-cinquentenario-do-golpe-randolfe-luta-para-que-o-senado-vote-pl-que-revisa-a-lei-da-anistia\/#article","isPartOf":{"@id":"https:\/\/psol50.org.br\/no-cinquentenario-do-golpe-randolfe-luta-para-que-o-senado-vote-pl-que-revisa-a-lei-da-anistia\/"},"author":{"name":"Comunica\u00e7\u00e3o PSOL","@id":"https:\/\/psol50.org.br\/#\/schema\/person\/475dfa57d0b815993c714c2e96491fcd"},"headline":"No cinq\u00fcenten\u00e1rio do golpe, Randolfe luta para que o Senado vote PL que revisa a Lei da Anistia","datePublished":"2014-03-27T18:08:19+00:00","mainEntityOfPage":{"@id":"https:\/\/psol50.org.br\/no-cinquentenario-do-golpe-randolfe-luta-para-que-o-senado-vote-pl-que-revisa-a-lei-da-anistia\/"},"wordCount":675,"commentCount":0,"publisher":{"@id":"https:\/\/psol50.org.br\/#organization"},"articleSection":["Arquivo","Not\u00edcias"],"inLanguage":"pt-BR","potentialAction":[{"@type":"CommentAction","name":"Comment","target":["https:\/\/psol50.org.br\/no-cinquentenario-do-golpe-randolfe-luta-para-que-o-senado-vote-pl-que-revisa-a-lei-da-anistia\/#respond"]}]},{"@type":"WebPage","@id":"https:\/\/psol50.org.br\/no-cinquentenario-do-golpe-randolfe-luta-para-que-o-senado-vote-pl-que-revisa-a-lei-da-anistia\/","url":"https:\/\/psol50.org.br\/no-cinquentenario-do-golpe-randolfe-luta-para-que-o-senado-vote-pl-que-revisa-a-lei-da-anistia\/","name":"No cinq\u00fcenten\u00e1rio do golpe, Randolfe luta para que o Senado vote PL que revisa a Lei da Anistia - PSOL 50","isPartOf":{"@id":"https:\/\/psol50.org.br\/#website"},"datePublished":"2014-03-27T18:08:19+00:00","breadcrumb":{"@id":"https:\/\/psol50.org.br\/no-cinquentenario-do-golpe-randolfe-luta-para-que-o-senado-vote-pl-que-revisa-a-lei-da-anistia\/#breadcrumb"},"inLanguage":"pt-BR","potentialAction":[{"@type":"ReadAction","target":["https:\/\/psol50.org.br\/no-cinquentenario-do-golpe-randolfe-luta-para-que-o-senado-vote-pl-que-revisa-a-lei-da-anistia\/"]}]},{"@type":"BreadcrumbList","@id":"https:\/\/psol50.org.br\/no-cinquentenario-do-golpe-randolfe-luta-para-que-o-senado-vote-pl-que-revisa-a-lei-da-anistia\/#breadcrumb","itemListElement":[{"@type":"ListItem","position":1,"name":"In\u00edcio","item":"https:\/\/psol50.org.br\/"},{"@type":"ListItem","position":2,"name":"No cinq\u00fcenten\u00e1rio do golpe, Randolfe luta para que o Senado vote PL que revisa a Lei da Anistia"}]},{"@type":"WebSite","@id":"https:\/\/psol50.org.br\/#website","url":"https:\/\/psol50.org.br\/","name":"PSOL 50","description":"Site oficial do Partido Socialismo e Liberdade","publisher":{"@id":"https:\/\/psol50.org.br\/#organization"},"alternateName":"PSOL50","potentialAction":[{"@type":"SearchAction","target":{"@type":"EntryPoint","urlTemplate":"https:\/\/psol50.org.br\/?s={search_term_string}"},"query-input":{"@type":"PropertyValueSpecification","valueRequired":true,"valueName":"search_term_string"}}],"inLanguage":"pt-BR"},{"@type":"Organization","@id":"https:\/\/psol50.org.br\/#organization","name":"PSOL 50","alternateName":"PSOL 50","url":"https:\/\/psol50.org.br\/","logo":{"@type":"ImageObject","inLanguage":"pt-BR","@id":"https:\/\/psol50.org.br\/#\/schema\/logo\/image\/","url":"https:\/\/psol50.org.br\/inc\/uploads\/2018\/07\/capa.png","contentUrl":"https:\/\/psol50.org.br\/inc\/uploads\/2018\/07\/capa.png","width":1350,"height":900,"caption":"PSOL 50"},"image":{"@id":"https:\/\/psol50.org.br\/#\/schema\/logo\/image\/"},"sameAs":["https:\/\/www.facebook.com\/psol50","https:\/\/x.com\/psol50","https:\/\/www.instagram.com\/psol50\/","https:\/\/www.youtube.com\/channel\/UC7SnJS5o1os7a6CaiNabzcg"]},{"@type":"Person","@id":"https:\/\/psol50.org.br\/#\/schema\/person\/475dfa57d0b815993c714c2e96491fcd","name":"Comunica\u00e7\u00e3o PSOL","image":{"@type":"ImageObject","inLanguage":"pt-BR","@id":"https:\/\/psol50.org.br\/#\/schema\/person\/image\/","url":"https:\/\/secure.gravatar.com\/avatar\/b34fc4f4e468a4e51785917065a3db57b841f5c95dba6ad8c73aaf8f66f8f9bf?s=96&d=mm&r=g","contentUrl":"https:\/\/secure.gravatar.com\/avatar\/b34fc4f4e468a4e51785917065a3db57b841f5c95dba6ad8c73aaf8f66f8f9bf?s=96&d=mm&r=g","caption":"Comunica\u00e7\u00e3o PSOL"}}]}},"_links":{"self":[{"href":"https:\/\/psol50.org.br\/rest\/wp\/v2\/posts\/2644","targetHints":{"allow":["GET"]}}],"collection":[{"href":"https:\/\/psol50.org.br\/rest\/wp\/v2\/posts"}],"about":[{"href":"https:\/\/psol50.org.br\/rest\/wp\/v2\/types\/post"}],"author":[{"embeddable":true,"href":"https:\/\/psol50.org.br\/rest\/wp\/v2\/users\/2"}],"replies":[{"embeddable":true,"href":"https:\/\/psol50.org.br\/rest\/wp\/v2\/comments?post=2644"}],"version-history":[{"count":0,"href":"https:\/\/psol50.org.br\/rest\/wp\/v2\/posts\/2644\/revisions"}],"wp:attachment":[{"href":"https:\/\/psol50.org.br\/rest\/wp\/v2\/media?parent=2644"}],"wp:term":[{"taxonomy":"category","embeddable":true,"href":"https:\/\/psol50.org.br\/rest\/wp\/v2\/categories?post=2644"},{"taxonomy":"post_tag","embeddable":true,"href":"https:\/\/psol50.org.br\/rest\/wp\/v2\/tags?post=2644"}],"curies":[{"name":"wp","href":"https:\/\/api.w.org\/{rel}","templated":true}]}}