{"id":26476,"date":"2019-09-18T09:44:24","date_gmt":"2019-09-18T12:44:24","guid":{"rendered":"http:\/\/psol50.org.br\/?p=26476"},"modified":"2019-09-18T09:44:24","modified_gmt":"2019-09-18T12:44:24","slug":"censura-udesc-impede-debate-com-presidente-do-psol","status":"publish","type":"post","link":"https:\/\/psol50.org.br\/censura-udesc-impede-debate-com-presidente-do-psol\/","title":{"rendered":"Censura: Udesc impede debate com presidente do PSOL"},"content":{"rendered":"<p>A dire\u00e7\u00e3o do Centro de Ci\u00eancias Tecnol\u00f3gicas (CCT) da Universidade do Estado de Santa Catarina (Udesc), em Joinville, decidiu cancelar a reserva de um audit\u00f3rio onde aconteceria um debate com o historiador e presidente nacional do PSOL, Juliano Medeiros. O evento estava previsto para esta quinta-feira (19), e tinha como tema &#8220;A resist\u00eancia aos ataques do governo Bolsonaro&#8221;.<\/p>\n<p>Nesta ter\u00e7a (17), a assessoria de comunica\u00e7\u00e3o da universidade informou \u00e0 imprensa que &#8220;a palestra foi agendada, sem qualquer permiss\u00e3o ou autoriza\u00e7\u00e3o da institui\u00e7\u00e3o&#8221;, o que n\u00e3o \u00e9 verdadeiro. O pedido de utiliza\u00e7\u00e3o do espa\u00e7o foi realizado conforme procedimento interno da universidade, com 15 dias de anteced\u00eancia, em 3 de setembro, e foi inicialmente aprovado.<\/p>\n<p>A dire\u00e7\u00e3o do centro alegou problemas formais para sustentar o cancelamento da reserva, como o envio de um of\u00edcio. Em contato com a Universidade, os organizadores buscaram mediar a situa\u00e7\u00e3o, solucionando os problemas formais alegados como impedimento para a realiza\u00e7\u00e3o do evento. Tudo parecia estar resolvido, at\u00e9 que, no final da noite desta ter\u00e7a, a dire\u00e7\u00e3o do CCT informou por telefone que o evento estava cancelado.<\/p>\n<p>Lamentamos profundamente que o CCT tenha cedido a press\u00f5es pol\u00edticas de figuras vinculadas ao projeto autorit\u00e1rio e antidemocr\u00e1tico instalado em nosso pa\u00eds. Ceder ao ass\u00e9dio e a histeria dos autorit\u00e1rios colabora apenas para fortalecer este espectro pol\u00edtico na sociedade. Hoje, cancelam este evento por conta de pequenas quest\u00f5es pol\u00edticas internas. N\u00e3o ser\u00e1 surpresa se dentro em breve acordarem com um interventor, a exemplo do que vem ocorrendo na Universidade Federal Fronteira Sul (UFFS), em nosso Estado.<\/p>\n<p>Para Juliano Medeiros, o caso \u00e9 de evidente censura pol\u00edtica. &#8220;N\u00e3o h\u00e1 outra forma de descrever. A extrema-direita saiu do arm\u00e1rio e acha que pode nos calar. Mas n\u00e3o podem. Lutaremos por nosso direito de difundir nossas ideias custe o que custar&#8221;.<\/p>\n<p>Al\u00e9m de ilegal &#8211; pois a lei garante a qualquer partido pol\u00edtico a utiliza\u00e7\u00e3o de escolas p\u00fablicas para realizar reuni\u00f5es &#8211; a censura \u00e0 palestra de Juliano Medeiros \u00e9 discriminat\u00f3ria. No dia 27 de julho deste ano, h\u00e1 menos de dois meses, a Udesc recebeu um congresso partid\u00e1rio num dos principais audit\u00f3rios da Universidade. Sob a alega\u00e7\u00e3o de ser &#8220;apartid\u00e1ria&#8221;, a dire\u00e7\u00e3o do CCT de Joinville torna-se, na verdade, partid\u00e1ria: alguns partidos podem utilizar a Udesc para suas atividades, como prev\u00ea a lei. Outros, n\u00e3o. O PSOL local j\u00e1 informou que n\u00e3o vai tolerar este ato de censura ilegal e imoral e que vai tomar todas as medidas cab\u00edveis.<\/p>\n","protected":false},"excerpt":{"rendered":"<p>A dire\u00e7\u00e3o do Centro de Ci\u00eancias Tecnol\u00f3gicas (CCT) da Universidade do Estado de Santa Catarina (Udesc), em Joinville, decidiu cancelar a reserva de um audit\u00f3rio onde aconteceria um debate com o historiador e presidente nacional do PSOL, Juliano Medeiros. O evento estava previsto para esta quinta-feira (19), e tinha como tema &#8220;A resist\u00eancia aos ataques [&hellip;]<\/p>\n","protected":false},"author":2,"featured_media":26478,"comment_status":"closed","ping_status":"open","sticky":false,"template":"","format":"standard","meta":{"_acf_changed":false,"footnotes":""},"categories":[6,14],"tags":[234,259,55,2023],"class_list":{"0":"post-26476","1":"post","2":"type-post","3":"status-publish","4":"format-standard","5":"has-post-thumbnail","7":"category-noticias","8":"category-partido","9":"tag-censura","10":"tag-juliano-medeiros","11":"tag-santa-catarina","12":"tag-udesc"},"acf":[],"yoast_head":"<!-- This site is optimized with the Yoast SEO plugin v26.5 - https:\/\/yoast.com\/wordpress\/plugins\/seo\/ -->\n<title>Censura: Udesc impede debate com presidente do PSOL<\/title>\n<meta name=\"description\" content=\"Decis\u00e3o \u00e9 partid\u00e1ria, autorit\u00e1ria e ilegal.\" \/>\n<meta name=\"robots\" content=\"index, follow, max-snippet:-1, max-image-preview:large, max-video-preview:-1\" \/>\n<link rel=\"canonical\" href=\"https:\/\/psol50.org.br\/censura-udesc-impede-debate-com-presidente-do-psol\/\" \/>\n<meta property=\"og:locale\" content=\"pt_BR\" \/>\n<meta property=\"og:type\" content=\"article\" \/>\n<meta property=\"og:title\" content=\"Censura: Udesc impede debate com presidente do PSOL\" \/>\n<meta property=\"og:description\" content=\"Decis\u00e3o \u00e9 partid\u00e1ria, autorit\u00e1ria e ilegal.\" \/>\n<meta property=\"og:url\" content=\"https:\/\/psol50.org.br\/censura-udesc-impede-debate-com-presidente-do-psol\/\" \/>\n<meta property=\"og:site_name\" content=\"PSOL 50\" \/>\n<meta property=\"article:publisher\" content=\"https:\/\/www.facebook.com\/psol50\" \/>\n<meta property=\"article:published_time\" content=\"2019-09-18T12:44:24+00:00\" \/>\n<meta property=\"og:image\" content=\"https:\/\/psol50.org.br\/inc\/uploads\/2019\/09\/PSOLcards-03.png\" \/>\n\t<meta property=\"og:image:width\" content=\"2814\" \/>\n\t<meta property=\"og:image:height\" content=\"1876\" \/>\n\t<meta property=\"og:image:type\" content=\"image\/png\" \/>\n<meta name=\"author\" content=\"Comunica\u00e7\u00e3o PSOL\" \/>\n<meta name=\"twitter:card\" content=\"summary_large_image\" \/>\n<meta name=\"twitter:title\" content=\"Censura: Udesc impede debate com presidente do PSOL\" \/>\n<meta name=\"twitter:description\" content=\"Decis\u00e3o \u00e9 partid\u00e1ria, autorit\u00e1ria e ilegal.\" \/>\n<meta name=\"twitter:creator\" content=\"@psol50\" \/>\n<meta name=\"twitter:site\" content=\"@psol50\" \/>\n<meta name=\"twitter:label1\" content=\"Escrito por\" \/>\n\t<meta name=\"twitter:data1\" content=\"Comunica\u00e7\u00e3o PSOL\" \/>\n\t<meta name=\"twitter:label2\" content=\"Est. tempo de leitura\" \/>\n\t<meta name=\"twitter:data2\" content=\"2 minutos\" \/>\n<script type=\"application\/ld+json\" class=\"yoast-schema-graph\">{\"@context\":\"https:\/\/schema.org\",\"@graph\":[{\"@type\":\"Article\",\"@id\":\"https:\/\/psol50.org.br\/censura-udesc-impede-debate-com-presidente-do-psol\/#article\",\"isPartOf\":{\"@id\":\"https:\/\/psol50.org.br\/censura-udesc-impede-debate-com-presidente-do-psol\/\"},\"author\":{\"name\":\"Comunica\u00e7\u00e3o PSOL\",\"@id\":\"https:\/\/psol50.org.br\/#\/schema\/person\/475dfa57d0b815993c714c2e96491fcd\"},\"headline\":\"Censura: Udesc impede debate com presidente do PSOL\",\"datePublished\":\"2019-09-18T12:44:24+00:00\",\"mainEntityOfPage\":{\"@id\":\"https:\/\/psol50.org.br\/censura-udesc-impede-debate-com-presidente-do-psol\/\"},\"wordCount\":454,\"publisher\":{\"@id\":\"https:\/\/psol50.org.br\/#organization\"},\"image\":{\"@id\":\"https:\/\/psol50.org.br\/censura-udesc-impede-debate-com-presidente-do-psol\/#primaryimage\"},\"thumbnailUrl\":\"https:\/\/psol50.org.br\/inc\/uploads\/2019\/09\/PSOLcards-03.png\",\"keywords\":[\"censura\",\"Juliano Medeiros\",\"Santa Catarina\",\"Udesc\"],\"articleSection\":[\"Not\u00edcias\",\"Partido\"],\"inLanguage\":\"pt-BR\"},{\"@type\":\"WebPage\",\"@id\":\"https:\/\/psol50.org.br\/censura-udesc-impede-debate-com-presidente-do-psol\/\",\"url\":\"https:\/\/psol50.org.br\/censura-udesc-impede-debate-com-presidente-do-psol\/\",\"name\":\"Censura: Udesc impede debate com presidente do PSOL\",\"isPartOf\":{\"@id\":\"https:\/\/psol50.org.br\/#website\"},\"primaryImageOfPage\":{\"@id\":\"https:\/\/psol50.org.br\/censura-udesc-impede-debate-com-presidente-do-psol\/#primaryimage\"},\"image\":{\"@id\":\"https:\/\/psol50.org.br\/censura-udesc-impede-debate-com-presidente-do-psol\/#primaryimage\"},\"thumbnailUrl\":\"https:\/\/psol50.org.br\/inc\/uploads\/2019\/09\/PSOLcards-03.png\",\"datePublished\":\"2019-09-18T12:44:24+00:00\",\"description\":\"Decis\u00e3o \u00e9 partid\u00e1ria, autorit\u00e1ria e ilegal.\",\"breadcrumb\":{\"@id\":\"https:\/\/psol50.org.br\/censura-udesc-impede-debate-com-presidente-do-psol\/#breadcrumb\"},\"inLanguage\":\"pt-BR\",\"potentialAction\":[{\"@type\":\"ReadAction\",\"target\":[\"https:\/\/psol50.org.br\/censura-udesc-impede-debate-com-presidente-do-psol\/\"]}]},{\"@type\":\"ImageObject\",\"inLanguage\":\"pt-BR\",\"@id\":\"https:\/\/psol50.org.br\/censura-udesc-impede-debate-com-presidente-do-psol\/#primaryimage\",\"url\":\"https:\/\/psol50.org.br\/inc\/uploads\/2019\/09\/PSOLcards-03.png\",\"contentUrl\":\"https:\/\/psol50.org.br\/inc\/uploads\/2019\/09\/PSOLcards-03.png\",\"width\":2814,\"height\":1876},{\"@type\":\"BreadcrumbList\",\"@id\":\"https:\/\/psol50.org.br\/censura-udesc-impede-debate-com-presidente-do-psol\/#breadcrumb\",\"itemListElement\":[{\"@type\":\"ListItem\",\"position\":1,\"name\":\"In\u00edcio\",\"item\":\"https:\/\/psol50.org.br\/\"},{\"@type\":\"ListItem\",\"position\":2,\"name\":\"Censura: Udesc impede debate com presidente do PSOL\"}]},{\"@type\":\"WebSite\",\"@id\":\"https:\/\/psol50.org.br\/#website\",\"url\":\"https:\/\/psol50.org.br\/\",\"name\":\"PSOL 50\",\"description\":\"Site oficial do Partido Socialismo e Liberdade\",\"publisher\":{\"@id\":\"https:\/\/psol50.org.br\/#organization\"},\"alternateName\":\"PSOL50\",\"potentialAction\":[{\"@type\":\"SearchAction\",\"target\":{\"@type\":\"EntryPoint\",\"urlTemplate\":\"https:\/\/psol50.org.br\/?s={search_term_string}\"},\"query-input\":{\"@type\":\"PropertyValueSpecification\",\"valueRequired\":true,\"valueName\":\"search_term_string\"}}],\"inLanguage\":\"pt-BR\"},{\"@type\":\"Organization\",\"@id\":\"https:\/\/psol50.org.br\/#organization\",\"name\":\"PSOL 50\",\"alternateName\":\"PSOL 50\",\"url\":\"https:\/\/psol50.org.br\/\",\"logo\":{\"@type\":\"ImageObject\",\"inLanguage\":\"pt-BR\",\"@id\":\"https:\/\/psol50.org.br\/#\/schema\/logo\/image\/\",\"url\":\"https:\/\/psol50.org.br\/inc\/uploads\/2018\/07\/capa.png\",\"contentUrl\":\"https:\/\/psol50.org.br\/inc\/uploads\/2018\/07\/capa.png\",\"width\":1350,\"height\":900,\"caption\":\"PSOL 50\"},\"image\":{\"@id\":\"https:\/\/psol50.org.br\/#\/schema\/logo\/image\/\"},\"sameAs\":[\"https:\/\/www.facebook.com\/psol50\",\"https:\/\/x.com\/psol50\",\"https:\/\/www.instagram.com\/psol50\/\",\"https:\/\/www.youtube.com\/channel\/UC7SnJS5o1os7a6CaiNabzcg\"]},{\"@type\":\"Person\",\"@id\":\"https:\/\/psol50.org.br\/#\/schema\/person\/475dfa57d0b815993c714c2e96491fcd\",\"name\":\"Comunica\u00e7\u00e3o PSOL\",\"image\":{\"@type\":\"ImageObject\",\"inLanguage\":\"pt-BR\",\"@id\":\"https:\/\/psol50.org.br\/#\/schema\/person\/image\/\",\"url\":\"https:\/\/secure.gravatar.com\/avatar\/b34fc4f4e468a4e51785917065a3db57b841f5c95dba6ad8c73aaf8f66f8f9bf?s=96&d=mm&r=g\",\"contentUrl\":\"https:\/\/secure.gravatar.com\/avatar\/b34fc4f4e468a4e51785917065a3db57b841f5c95dba6ad8c73aaf8f66f8f9bf?s=96&d=mm&r=g\",\"caption\":\"Comunica\u00e7\u00e3o PSOL\"}}]}<\/script>\n<!-- \/ Yoast SEO plugin. -->","yoast_head_json":{"title":"Censura: Udesc impede debate com presidente do PSOL","description":"Decis\u00e3o \u00e9 partid\u00e1ria, autorit\u00e1ria e ilegal.","robots":{"index":"index","follow":"follow","max-snippet":"max-snippet:-1","max-image-preview":"max-image-preview:large","max-video-preview":"max-video-preview:-1"},"canonical":"https:\/\/psol50.org.br\/censura-udesc-impede-debate-com-presidente-do-psol\/","og_locale":"pt_BR","og_type":"article","og_title":"Censura: Udesc impede debate com presidente do PSOL","og_description":"Decis\u00e3o \u00e9 partid\u00e1ria, autorit\u00e1ria e ilegal.","og_url":"https:\/\/psol50.org.br\/censura-udesc-impede-debate-com-presidente-do-psol\/","og_site_name":"PSOL 50","article_publisher":"https:\/\/www.facebook.com\/psol50","article_published_time":"2019-09-18T12:44:24+00:00","og_image":[{"width":2814,"height":1876,"url":"https:\/\/psol50.org.br\/inc\/uploads\/2019\/09\/PSOLcards-03.png","type":"image\/png"}],"author":"Comunica\u00e7\u00e3o PSOL","twitter_card":"summary_large_image","twitter_title":"Censura: Udesc impede debate com presidente do PSOL","twitter_description":"Decis\u00e3o \u00e9 partid\u00e1ria, autorit\u00e1ria e ilegal.","twitter_creator":"@psol50","twitter_site":"@psol50","twitter_misc":{"Escrito por":"Comunica\u00e7\u00e3o PSOL","Est. tempo de leitura":"2 minutos"},"schema":{"@context":"https:\/\/schema.org","@graph":[{"@type":"Article","@id":"https:\/\/psol50.org.br\/censura-udesc-impede-debate-com-presidente-do-psol\/#article","isPartOf":{"@id":"https:\/\/psol50.org.br\/censura-udesc-impede-debate-com-presidente-do-psol\/"},"author":{"name":"Comunica\u00e7\u00e3o PSOL","@id":"https:\/\/psol50.org.br\/#\/schema\/person\/475dfa57d0b815993c714c2e96491fcd"},"headline":"Censura: Udesc impede debate com presidente do PSOL","datePublished":"2019-09-18T12:44:24+00:00","mainEntityOfPage":{"@id":"https:\/\/psol50.org.br\/censura-udesc-impede-debate-com-presidente-do-psol\/"},"wordCount":454,"publisher":{"@id":"https:\/\/psol50.org.br\/#organization"},"image":{"@id":"https:\/\/psol50.org.br\/censura-udesc-impede-debate-com-presidente-do-psol\/#primaryimage"},"thumbnailUrl":"https:\/\/psol50.org.br\/inc\/uploads\/2019\/09\/PSOLcards-03.png","keywords":["censura","Juliano Medeiros","Santa Catarina","Udesc"],"articleSection":["Not\u00edcias","Partido"],"inLanguage":"pt-BR"},{"@type":"WebPage","@id":"https:\/\/psol50.org.br\/censura-udesc-impede-debate-com-presidente-do-psol\/","url":"https:\/\/psol50.org.br\/censura-udesc-impede-debate-com-presidente-do-psol\/","name":"Censura: Udesc impede debate com presidente do PSOL","isPartOf":{"@id":"https:\/\/psol50.org.br\/#website"},"primaryImageOfPage":{"@id":"https:\/\/psol50.org.br\/censura-udesc-impede-debate-com-presidente-do-psol\/#primaryimage"},"image":{"@id":"https:\/\/psol50.org.br\/censura-udesc-impede-debate-com-presidente-do-psol\/#primaryimage"},"thumbnailUrl":"https:\/\/psol50.org.br\/inc\/uploads\/2019\/09\/PSOLcards-03.png","datePublished":"2019-09-18T12:44:24+00:00","description":"Decis\u00e3o \u00e9 partid\u00e1ria, autorit\u00e1ria e ilegal.","breadcrumb":{"@id":"https:\/\/psol50.org.br\/censura-udesc-impede-debate-com-presidente-do-psol\/#breadcrumb"},"inLanguage":"pt-BR","potentialAction":[{"@type":"ReadAction","target":["https:\/\/psol50.org.br\/censura-udesc-impede-debate-com-presidente-do-psol\/"]}]},{"@type":"ImageObject","inLanguage":"pt-BR","@id":"https:\/\/psol50.org.br\/censura-udesc-impede-debate-com-presidente-do-psol\/#primaryimage","url":"https:\/\/psol50.org.br\/inc\/uploads\/2019\/09\/PSOLcards-03.png","contentUrl":"https:\/\/psol50.org.br\/inc\/uploads\/2019\/09\/PSOLcards-03.png","width":2814,"height":1876},{"@type":"BreadcrumbList","@id":"https:\/\/psol50.org.br\/censura-udesc-impede-debate-com-presidente-do-psol\/#breadcrumb","itemListElement":[{"@type":"ListItem","position":1,"name":"In\u00edcio","item":"https:\/\/psol50.org.br\/"},{"@type":"ListItem","position":2,"name":"Censura: Udesc impede debate com presidente do PSOL"}]},{"@type":"WebSite","@id":"https:\/\/psol50.org.br\/#website","url":"https:\/\/psol50.org.br\/","name":"PSOL 50","description":"Site oficial do Partido Socialismo e Liberdade","publisher":{"@id":"https:\/\/psol50.org.br\/#organization"},"alternateName":"PSOL50","potentialAction":[{"@type":"SearchAction","target":{"@type":"EntryPoint","urlTemplate":"https:\/\/psol50.org.br\/?s={search_term_string}"},"query-input":{"@type":"PropertyValueSpecification","valueRequired":true,"valueName":"search_term_string"}}],"inLanguage":"pt-BR"},{"@type":"Organization","@id":"https:\/\/psol50.org.br\/#organization","name":"PSOL 50","alternateName":"PSOL 50","url":"https:\/\/psol50.org.br\/","logo":{"@type":"ImageObject","inLanguage":"pt-BR","@id":"https:\/\/psol50.org.br\/#\/schema\/logo\/image\/","url":"https:\/\/psol50.org.br\/inc\/uploads\/2018\/07\/capa.png","contentUrl":"https:\/\/psol50.org.br\/inc\/uploads\/2018\/07\/capa.png","width":1350,"height":900,"caption":"PSOL 50"},"image":{"@id":"https:\/\/psol50.org.br\/#\/schema\/logo\/image\/"},"sameAs":["https:\/\/www.facebook.com\/psol50","https:\/\/x.com\/psol50","https:\/\/www.instagram.com\/psol50\/","https:\/\/www.youtube.com\/channel\/UC7SnJS5o1os7a6CaiNabzcg"]},{"@type":"Person","@id":"https:\/\/psol50.org.br\/#\/schema\/person\/475dfa57d0b815993c714c2e96491fcd","name":"Comunica\u00e7\u00e3o PSOL","image":{"@type":"ImageObject","inLanguage":"pt-BR","@id":"https:\/\/psol50.org.br\/#\/schema\/person\/image\/","url":"https:\/\/secure.gravatar.com\/avatar\/b34fc4f4e468a4e51785917065a3db57b841f5c95dba6ad8c73aaf8f66f8f9bf?s=96&d=mm&r=g","contentUrl":"https:\/\/secure.gravatar.com\/avatar\/b34fc4f4e468a4e51785917065a3db57b841f5c95dba6ad8c73aaf8f66f8f9bf?s=96&d=mm&r=g","caption":"Comunica\u00e7\u00e3o PSOL"}}]}},"_links":{"self":[{"href":"https:\/\/psol50.org.br\/rest\/wp\/v2\/posts\/26476","targetHints":{"allow":["GET"]}}],"collection":[{"href":"https:\/\/psol50.org.br\/rest\/wp\/v2\/posts"}],"about":[{"href":"https:\/\/psol50.org.br\/rest\/wp\/v2\/types\/post"}],"author":[{"embeddable":true,"href":"https:\/\/psol50.org.br\/rest\/wp\/v2\/users\/2"}],"replies":[{"embeddable":true,"href":"https:\/\/psol50.org.br\/rest\/wp\/v2\/comments?post=26476"}],"version-history":[{"count":0,"href":"https:\/\/psol50.org.br\/rest\/wp\/v2\/posts\/26476\/revisions"}],"wp:featuredmedia":[{"embeddable":true,"href":"https:\/\/psol50.org.br\/rest\/wp\/v2\/media\/26478"}],"wp:attachment":[{"href":"https:\/\/psol50.org.br\/rest\/wp\/v2\/media?parent=26476"}],"wp:term":[{"taxonomy":"category","embeddable":true,"href":"https:\/\/psol50.org.br\/rest\/wp\/v2\/categories?post=26476"},{"taxonomy":"post_tag","embeddable":true,"href":"https:\/\/psol50.org.br\/rest\/wp\/v2\/tags?post=26476"}],"curies":[{"name":"wp","href":"https:\/\/api.w.org\/{rel}","templated":true}]}}