{"id":26487,"date":"2019-09-18T17:49:20","date_gmt":"2019-09-18T20:49:20","guid":{"rendered":"http:\/\/psol50.org.br\/?p=26487"},"modified":"2019-09-18T17:49:20","modified_gmt":"2019-09-18T20:49:20","slug":"abertura-do-encontro-nacional-de-mulheres-do-psol-e-nesta-sexta-20-em-sao-paulo","status":"publish","type":"post","link":"https:\/\/psol50.org.br\/abertura-do-encontro-nacional-de-mulheres-do-psol-e-nesta-sexta-20-em-sao-paulo\/","title":{"rendered":"Abertura do Encontro Nacional de Mulheres do PSOL \u00e9 nesta sexta (20) em S\u00e3o Paulo"},"content":{"rendered":"<p class=\"p1\">O Setorial Nacional de Mulheres do PSOL realiza no pr\u00f3ximo fim de semana seu Encontro Nacional. S\u00e3o esperadas cerca de 500 participantes, entre elas as 340 delegadas eleitas em plen\u00e1rias realizadas em todos os estados do Brasil.<\/p>\n<p class=\"p1\">A abertura ser\u00e1 nesta sexta-feira (20), em S\u00e3o Paulo, e contar\u00e1 com a presen\u00e7a de parlamentares do PSOL, movimentos sociais, e uma homenagem \u00e0 mem\u00f3ria e \u00e0 luta de Marielle Franco, vereadora do PSOL, cujo assassinato completa 18 meses e segue sem respostas.<\/p>\n<p class=\"p1\">O encontro acontece em momento fundamental de resist\u00eancia ao avan\u00e7o do conservadorismo e de fortalecimento das lutas feministas. Estar\u00e3o presentes as deputadas federais S\u00e2mia Bomfim, Tal\u00edria Petrone e Fernanda Melchionna, al\u00e9m de diversas deputadas estaduais e vereadoras da Bancada Feminista do PSOL.<\/p>\n<p class=\"p1\">Na atividade tamb\u00e9m ser\u00e3o feitas sauda\u00e7\u00e3o de movimentos sociais e organiza\u00e7\u00f5es feministas, como MTST, Marcha de Mulheres Negras, Cat\u00f3licas pelo Direito de Decidir e Evang\u00e9licas pela Igualdade de G\u00eanero.<\/p>\n<p class=\"p1\"><strong><em>Servi\u00e7o:<\/em><\/strong><br \/>\n<strong><em>Abertura do Encontro Nacional de Mulheres do PSOL<\/em><\/strong><br \/>\n<strong><em>Data: sexta-feira, 20 de setembro de 2019<\/em><\/strong><br \/>\n<strong><em>Hor\u00e1rio: 18h<\/em><\/strong><br \/>\n<strong><em>Local: Sindicato dos Metrovi\u00e1rios de S\u00e3o Paulo &#8211; Rua Serra do Japi, 31 (pr\u00f3ximo ao metr\u00f4 Tatuap\u00e9)<\/em><\/strong><\/p>\n<p>\u00a0<a href=\"http:\/\/psol50.org.br\/filie-se\/\" target=\"_blank\" rel=\"noopener noreferrer\"><img loading=\"lazy\" decoding=\"async\" class=\"aligncenter wp-image-26424\" src=\"http:\/\/psol50.org.br\/inc\/uploads\/2019\/09\/PSOL_Filia\u00e7\u00e3o-2019-11.png\" alt=\"\" width=\"168\" height=\"80\" \/><\/a><\/p>\n","protected":false},"excerpt":{"rendered":"<p>O Setorial Nacional de Mulheres do PSOL realiza no pr\u00f3ximo fim de semana seu Encontro Nacional. S\u00e3o esperadas cerca de 500 participantes, entre elas as 340 delegadas eleitas em plen\u00e1rias realizadas em todos os estados do Brasil. A abertura ser\u00e1 nesta sexta-feira (20), em S\u00e3o Paulo, e contar\u00e1 com a presen\u00e7a de parlamentares do PSOL, [&hellip;]<\/p>\n","protected":false},"author":2,"featured_media":25315,"comment_status":"closed","ping_status":"open","sticky":false,"template":"","format":"standard","meta":{"_acf_changed":false,"footnotes":""},"categories":[6],"tags":[1949,4,22],"class_list":{"0":"post-26487","1":"post","2":"type-post","3":"status-publish","4":"format-standard","5":"has-post-thumbnail","7":"category-noticias","8":"tag-encontro-de-mulheres","9":"tag-mulheres","10":"tag-psol"},"acf":[],"yoast_head":"<!-- This site is optimized with the Yoast SEO plugin v26.5 - https:\/\/yoast.com\/wordpress\/plugins\/seo\/ -->\n<title>Abertura do Encontro Nacional de Mulheres do PSOL \u00e9 nesta sexta (20) em S\u00e3o Paulo<\/title>\n<meta name=\"description\" content=\"Atividade ter\u00e1 a participa\u00e7\u00e3o de ao menos 500 mulheres de todos os estados do Brasil.\" \/>\n<meta name=\"robots\" content=\"index, follow, max-snippet:-1, max-image-preview:large, max-video-preview:-1\" \/>\n<link rel=\"canonical\" href=\"https:\/\/psol50.org.br\/abertura-do-encontro-nacional-de-mulheres-do-psol-e-nesta-sexta-20-em-sao-paulo\/\" \/>\n<meta property=\"og:locale\" content=\"pt_BR\" \/>\n<meta property=\"og:type\" content=\"article\" \/>\n<meta property=\"og:title\" content=\"Abertura do Encontro Nacional de Mulheres do PSOL \u00e9 nesta sexta (20) em S\u00e3o Paulo\" \/>\n<meta property=\"og:description\" content=\"Atividade ter\u00e1 a participa\u00e7\u00e3o de ao menos 500 mulheres de todos os estados do Brasil.\" \/>\n<meta property=\"og:url\" content=\"https:\/\/psol50.org.br\/abertura-do-encontro-nacional-de-mulheres-do-psol-e-nesta-sexta-20-em-sao-paulo\/\" \/>\n<meta property=\"og:site_name\" content=\"PSOL 50\" \/>\n<meta property=\"article:publisher\" content=\"https:\/\/www.facebook.com\/psol50\" \/>\n<meta property=\"article:published_time\" content=\"2019-09-18T20:49:20+00:00\" \/>\n<meta property=\"og:image\" content=\"https:\/\/psol50.org.br\/inc\/uploads\/2019\/05\/SITE-MULHERES-04.png\" \/>\n\t<meta property=\"og:image:width\" content=\"764\" \/>\n\t<meta property=\"og:image:height\" content=\"374\" \/>\n\t<meta property=\"og:image:type\" content=\"image\/png\" \/>\n<meta name=\"author\" content=\"Comunica\u00e7\u00e3o PSOL\" \/>\n<meta name=\"twitter:card\" content=\"summary_large_image\" \/>\n<meta name=\"twitter:title\" content=\"Abertura do Encontro Nacional de Mulheres do PSOL \u00e9 nesta sexta (20) em S\u00e3o Paulo\" \/>\n<meta name=\"twitter:description\" content=\"Atividade ter\u00e1 a participa\u00e7\u00e3o de ao menos 500 mulheres de todos os estados do Brasil.\" \/>\n<meta name=\"twitter:image\" content=\"https:\/\/psol50.org.br\/inc\/uploads\/2019\/05\/mulheres-e1568906548183.png\" \/>\n<meta name=\"twitter:creator\" content=\"@psol50\" \/>\n<meta name=\"twitter:site\" content=\"@psol50\" \/>\n<meta name=\"twitter:label1\" content=\"Escrito por\" \/>\n\t<meta name=\"twitter:data1\" content=\"Comunica\u00e7\u00e3o PSOL\" \/>\n\t<meta name=\"twitter:label2\" content=\"Est. tempo de leitura\" \/>\n\t<meta name=\"twitter:data2\" content=\"1 minuto\" \/>\n<script type=\"application\/ld+json\" class=\"yoast-schema-graph\">{\"@context\":\"https:\/\/schema.org\",\"@graph\":[{\"@type\":\"Article\",\"@id\":\"https:\/\/psol50.org.br\/abertura-do-encontro-nacional-de-mulheres-do-psol-e-nesta-sexta-20-em-sao-paulo\/#article\",\"isPartOf\":{\"@id\":\"https:\/\/psol50.org.br\/abertura-do-encontro-nacional-de-mulheres-do-psol-e-nesta-sexta-20-em-sao-paulo\/\"},\"author\":{\"name\":\"Comunica\u00e7\u00e3o PSOL\",\"@id\":\"https:\/\/psol50.org.br\/#\/schema\/person\/475dfa57d0b815993c714c2e96491fcd\"},\"headline\":\"Abertura do Encontro Nacional de Mulheres do PSOL \u00e9 nesta sexta (20) em S\u00e3o Paulo\",\"datePublished\":\"2019-09-18T20:49:20+00:00\",\"mainEntityOfPage\":{\"@id\":\"https:\/\/psol50.org.br\/abertura-do-encontro-nacional-de-mulheres-do-psol-e-nesta-sexta-20-em-sao-paulo\/\"},\"wordCount\":215,\"publisher\":{\"@id\":\"https:\/\/psol50.org.br\/#organization\"},\"image\":{\"@id\":\"https:\/\/psol50.org.br\/abertura-do-encontro-nacional-de-mulheres-do-psol-e-nesta-sexta-20-em-sao-paulo\/#primaryimage\"},\"thumbnailUrl\":\"https:\/\/psol50.org.br\/inc\/uploads\/2019\/05\/mulheres-e1568906548183.png\",\"keywords\":[\"encontro de mulheres\",\"mulheres\",\"PSOL\"],\"articleSection\":[\"Not\u00edcias\"],\"inLanguage\":\"pt-BR\"},{\"@type\":\"WebPage\",\"@id\":\"https:\/\/psol50.org.br\/abertura-do-encontro-nacional-de-mulheres-do-psol-e-nesta-sexta-20-em-sao-paulo\/\",\"url\":\"https:\/\/psol50.org.br\/abertura-do-encontro-nacional-de-mulheres-do-psol-e-nesta-sexta-20-em-sao-paulo\/\",\"name\":\"Abertura do Encontro Nacional de Mulheres do PSOL \u00e9 nesta sexta (20) em S\u00e3o Paulo\",\"isPartOf\":{\"@id\":\"https:\/\/psol50.org.br\/#website\"},\"primaryImageOfPage\":{\"@id\":\"https:\/\/psol50.org.br\/abertura-do-encontro-nacional-de-mulheres-do-psol-e-nesta-sexta-20-em-sao-paulo\/#primaryimage\"},\"image\":{\"@id\":\"https:\/\/psol50.org.br\/abertura-do-encontro-nacional-de-mulheres-do-psol-e-nesta-sexta-20-em-sao-paulo\/#primaryimage\"},\"thumbnailUrl\":\"https:\/\/psol50.org.br\/inc\/uploads\/2019\/05\/mulheres-e1568906548183.png\",\"datePublished\":\"2019-09-18T20:49:20+00:00\",\"description\":\"Atividade ter\u00e1 a participa\u00e7\u00e3o de ao menos 500 mulheres de todos os estados do Brasil.\",\"breadcrumb\":{\"@id\":\"https:\/\/psol50.org.br\/abertura-do-encontro-nacional-de-mulheres-do-psol-e-nesta-sexta-20-em-sao-paulo\/#breadcrumb\"},\"inLanguage\":\"pt-BR\",\"potentialAction\":[{\"@type\":\"ReadAction\",\"target\":[\"https:\/\/psol50.org.br\/abertura-do-encontro-nacional-de-mulheres-do-psol-e-nesta-sexta-20-em-sao-paulo\/\"]}]},{\"@type\":\"ImageObject\",\"inLanguage\":\"pt-BR\",\"@id\":\"https:\/\/psol50.org.br\/abertura-do-encontro-nacional-de-mulheres-do-psol-e-nesta-sexta-20-em-sao-paulo\/#primaryimage\",\"url\":\"https:\/\/psol50.org.br\/inc\/uploads\/2019\/05\/mulheres-e1568906548183.png\",\"contentUrl\":\"https:\/\/psol50.org.br\/inc\/uploads\/2019\/05\/mulheres-e1568906548183.png\",\"width\":301,\"height\":199},{\"@type\":\"BreadcrumbList\",\"@id\":\"https:\/\/psol50.org.br\/abertura-do-encontro-nacional-de-mulheres-do-psol-e-nesta-sexta-20-em-sao-paulo\/#breadcrumb\",\"itemListElement\":[{\"@type\":\"ListItem\",\"position\":1,\"name\":\"In\u00edcio\",\"item\":\"https:\/\/psol50.org.br\/\"},{\"@type\":\"ListItem\",\"position\":2,\"name\":\"Abertura do Encontro Nacional de Mulheres do PSOL \u00e9 nesta sexta (20) em S\u00e3o Paulo\"}]},{\"@type\":\"WebSite\",\"@id\":\"https:\/\/psol50.org.br\/#website\",\"url\":\"https:\/\/psol50.org.br\/\",\"name\":\"PSOL 50\",\"description\":\"Site oficial do Partido Socialismo e Liberdade\",\"publisher\":{\"@id\":\"https:\/\/psol50.org.br\/#organization\"},\"alternateName\":\"PSOL50\",\"potentialAction\":[{\"@type\":\"SearchAction\",\"target\":{\"@type\":\"EntryPoint\",\"urlTemplate\":\"https:\/\/psol50.org.br\/?s={search_term_string}\"},\"query-input\":{\"@type\":\"PropertyValueSpecification\",\"valueRequired\":true,\"valueName\":\"search_term_string\"}}],\"inLanguage\":\"pt-BR\"},{\"@type\":\"Organization\",\"@id\":\"https:\/\/psol50.org.br\/#organization\",\"name\":\"PSOL 50\",\"alternateName\":\"PSOL 50\",\"url\":\"https:\/\/psol50.org.br\/\",\"logo\":{\"@type\":\"ImageObject\",\"inLanguage\":\"pt-BR\",\"@id\":\"https:\/\/psol50.org.br\/#\/schema\/logo\/image\/\",\"url\":\"https:\/\/psol50.org.br\/inc\/uploads\/2018\/07\/capa.png\",\"contentUrl\":\"https:\/\/psol50.org.br\/inc\/uploads\/2018\/07\/capa.png\",\"width\":1350,\"height\":900,\"caption\":\"PSOL 50\"},\"image\":{\"@id\":\"https:\/\/psol50.org.br\/#\/schema\/logo\/image\/\"},\"sameAs\":[\"https:\/\/www.facebook.com\/psol50\",\"https:\/\/x.com\/psol50\",\"https:\/\/www.instagram.com\/psol50\/\",\"https:\/\/www.youtube.com\/channel\/UC7SnJS5o1os7a6CaiNabzcg\"]},{\"@type\":\"Person\",\"@id\":\"https:\/\/psol50.org.br\/#\/schema\/person\/475dfa57d0b815993c714c2e96491fcd\",\"name\":\"Comunica\u00e7\u00e3o PSOL\",\"image\":{\"@type\":\"ImageObject\",\"inLanguage\":\"pt-BR\",\"@id\":\"https:\/\/psol50.org.br\/#\/schema\/person\/image\/\",\"url\":\"https:\/\/secure.gravatar.com\/avatar\/b34fc4f4e468a4e51785917065a3db57b841f5c95dba6ad8c73aaf8f66f8f9bf?s=96&d=mm&r=g\",\"contentUrl\":\"https:\/\/secure.gravatar.com\/avatar\/b34fc4f4e468a4e51785917065a3db57b841f5c95dba6ad8c73aaf8f66f8f9bf?s=96&d=mm&r=g\",\"caption\":\"Comunica\u00e7\u00e3o PSOL\"}}]}<\/script>\n<!-- \/ Yoast SEO plugin. -->","yoast_head_json":{"title":"Abertura do Encontro Nacional de Mulheres do PSOL \u00e9 nesta sexta (20) em S\u00e3o Paulo","description":"Atividade ter\u00e1 a participa\u00e7\u00e3o de ao menos 500 mulheres de todos os estados do Brasil.","robots":{"index":"index","follow":"follow","max-snippet":"max-snippet:-1","max-image-preview":"max-image-preview:large","max-video-preview":"max-video-preview:-1"},"canonical":"https:\/\/psol50.org.br\/abertura-do-encontro-nacional-de-mulheres-do-psol-e-nesta-sexta-20-em-sao-paulo\/","og_locale":"pt_BR","og_type":"article","og_title":"Abertura do Encontro Nacional de Mulheres do PSOL \u00e9 nesta sexta (20) em S\u00e3o Paulo","og_description":"Atividade ter\u00e1 a participa\u00e7\u00e3o de ao menos 500 mulheres de todos os estados do Brasil.","og_url":"https:\/\/psol50.org.br\/abertura-do-encontro-nacional-de-mulheres-do-psol-e-nesta-sexta-20-em-sao-paulo\/","og_site_name":"PSOL 50","article_publisher":"https:\/\/www.facebook.com\/psol50","article_published_time":"2019-09-18T20:49:20+00:00","og_image":[{"width":764,"height":374,"url":"https:\/\/psol50.org.br\/inc\/uploads\/2019\/05\/SITE-MULHERES-04.png","type":"image\/png"}],"author":"Comunica\u00e7\u00e3o PSOL","twitter_card":"summary_large_image","twitter_title":"Abertura do Encontro Nacional de Mulheres do PSOL \u00e9 nesta sexta (20) em S\u00e3o Paulo","twitter_description":"Atividade ter\u00e1 a participa\u00e7\u00e3o de ao menos 500 mulheres de todos os estados do Brasil.","twitter_image":"https:\/\/psol50.org.br\/inc\/uploads\/2019\/05\/mulheres-e1568906548183.png","twitter_creator":"@psol50","twitter_site":"@psol50","twitter_misc":{"Escrito por":"Comunica\u00e7\u00e3o PSOL","Est. tempo de leitura":"1 minuto"},"schema":{"@context":"https:\/\/schema.org","@graph":[{"@type":"Article","@id":"https:\/\/psol50.org.br\/abertura-do-encontro-nacional-de-mulheres-do-psol-e-nesta-sexta-20-em-sao-paulo\/#article","isPartOf":{"@id":"https:\/\/psol50.org.br\/abertura-do-encontro-nacional-de-mulheres-do-psol-e-nesta-sexta-20-em-sao-paulo\/"},"author":{"name":"Comunica\u00e7\u00e3o PSOL","@id":"https:\/\/psol50.org.br\/#\/schema\/person\/475dfa57d0b815993c714c2e96491fcd"},"headline":"Abertura do Encontro Nacional de Mulheres do PSOL \u00e9 nesta sexta (20) em S\u00e3o Paulo","datePublished":"2019-09-18T20:49:20+00:00","mainEntityOfPage":{"@id":"https:\/\/psol50.org.br\/abertura-do-encontro-nacional-de-mulheres-do-psol-e-nesta-sexta-20-em-sao-paulo\/"},"wordCount":215,"publisher":{"@id":"https:\/\/psol50.org.br\/#organization"},"image":{"@id":"https:\/\/psol50.org.br\/abertura-do-encontro-nacional-de-mulheres-do-psol-e-nesta-sexta-20-em-sao-paulo\/#primaryimage"},"thumbnailUrl":"https:\/\/psol50.org.br\/inc\/uploads\/2019\/05\/mulheres-e1568906548183.png","keywords":["encontro de mulheres","mulheres","PSOL"],"articleSection":["Not\u00edcias"],"inLanguage":"pt-BR"},{"@type":"WebPage","@id":"https:\/\/psol50.org.br\/abertura-do-encontro-nacional-de-mulheres-do-psol-e-nesta-sexta-20-em-sao-paulo\/","url":"https:\/\/psol50.org.br\/abertura-do-encontro-nacional-de-mulheres-do-psol-e-nesta-sexta-20-em-sao-paulo\/","name":"Abertura do Encontro Nacional de Mulheres do PSOL \u00e9 nesta sexta (20) em S\u00e3o Paulo","isPartOf":{"@id":"https:\/\/psol50.org.br\/#website"},"primaryImageOfPage":{"@id":"https:\/\/psol50.org.br\/abertura-do-encontro-nacional-de-mulheres-do-psol-e-nesta-sexta-20-em-sao-paulo\/#primaryimage"},"image":{"@id":"https:\/\/psol50.org.br\/abertura-do-encontro-nacional-de-mulheres-do-psol-e-nesta-sexta-20-em-sao-paulo\/#primaryimage"},"thumbnailUrl":"https:\/\/psol50.org.br\/inc\/uploads\/2019\/05\/mulheres-e1568906548183.png","datePublished":"2019-09-18T20:49:20+00:00","description":"Atividade ter\u00e1 a participa\u00e7\u00e3o de ao menos 500 mulheres de todos os estados do Brasil.","breadcrumb":{"@id":"https:\/\/psol50.org.br\/abertura-do-encontro-nacional-de-mulheres-do-psol-e-nesta-sexta-20-em-sao-paulo\/#breadcrumb"},"inLanguage":"pt-BR","potentialAction":[{"@type":"ReadAction","target":["https:\/\/psol50.org.br\/abertura-do-encontro-nacional-de-mulheres-do-psol-e-nesta-sexta-20-em-sao-paulo\/"]}]},{"@type":"ImageObject","inLanguage":"pt-BR","@id":"https:\/\/psol50.org.br\/abertura-do-encontro-nacional-de-mulheres-do-psol-e-nesta-sexta-20-em-sao-paulo\/#primaryimage","url":"https:\/\/psol50.org.br\/inc\/uploads\/2019\/05\/mulheres-e1568906548183.png","contentUrl":"https:\/\/psol50.org.br\/inc\/uploads\/2019\/05\/mulheres-e1568906548183.png","width":301,"height":199},{"@type":"BreadcrumbList","@id":"https:\/\/psol50.org.br\/abertura-do-encontro-nacional-de-mulheres-do-psol-e-nesta-sexta-20-em-sao-paulo\/#breadcrumb","itemListElement":[{"@type":"ListItem","position":1,"name":"In\u00edcio","item":"https:\/\/psol50.org.br\/"},{"@type":"ListItem","position":2,"name":"Abertura do Encontro Nacional de Mulheres do PSOL \u00e9 nesta sexta (20) em S\u00e3o Paulo"}]},{"@type":"WebSite","@id":"https:\/\/psol50.org.br\/#website","url":"https:\/\/psol50.org.br\/","name":"PSOL 50","description":"Site oficial do Partido Socialismo e Liberdade","publisher":{"@id":"https:\/\/psol50.org.br\/#organization"},"alternateName":"PSOL50","potentialAction":[{"@type":"SearchAction","target":{"@type":"EntryPoint","urlTemplate":"https:\/\/psol50.org.br\/?s={search_term_string}"},"query-input":{"@type":"PropertyValueSpecification","valueRequired":true,"valueName":"search_term_string"}}],"inLanguage":"pt-BR"},{"@type":"Organization","@id":"https:\/\/psol50.org.br\/#organization","name":"PSOL 50","alternateName":"PSOL 50","url":"https:\/\/psol50.org.br\/","logo":{"@type":"ImageObject","inLanguage":"pt-BR","@id":"https:\/\/psol50.org.br\/#\/schema\/logo\/image\/","url":"https:\/\/psol50.org.br\/inc\/uploads\/2018\/07\/capa.png","contentUrl":"https:\/\/psol50.org.br\/inc\/uploads\/2018\/07\/capa.png","width":1350,"height":900,"caption":"PSOL 50"},"image":{"@id":"https:\/\/psol50.org.br\/#\/schema\/logo\/image\/"},"sameAs":["https:\/\/www.facebook.com\/psol50","https:\/\/x.com\/psol50","https:\/\/www.instagram.com\/psol50\/","https:\/\/www.youtube.com\/channel\/UC7SnJS5o1os7a6CaiNabzcg"]},{"@type":"Person","@id":"https:\/\/psol50.org.br\/#\/schema\/person\/475dfa57d0b815993c714c2e96491fcd","name":"Comunica\u00e7\u00e3o PSOL","image":{"@type":"ImageObject","inLanguage":"pt-BR","@id":"https:\/\/psol50.org.br\/#\/schema\/person\/image\/","url":"https:\/\/secure.gravatar.com\/avatar\/b34fc4f4e468a4e51785917065a3db57b841f5c95dba6ad8c73aaf8f66f8f9bf?s=96&d=mm&r=g","contentUrl":"https:\/\/secure.gravatar.com\/avatar\/b34fc4f4e468a4e51785917065a3db57b841f5c95dba6ad8c73aaf8f66f8f9bf?s=96&d=mm&r=g","caption":"Comunica\u00e7\u00e3o PSOL"}}]}},"_links":{"self":[{"href":"https:\/\/psol50.org.br\/rest\/wp\/v2\/posts\/26487","targetHints":{"allow":["GET"]}}],"collection":[{"href":"https:\/\/psol50.org.br\/rest\/wp\/v2\/posts"}],"about":[{"href":"https:\/\/psol50.org.br\/rest\/wp\/v2\/types\/post"}],"author":[{"embeddable":true,"href":"https:\/\/psol50.org.br\/rest\/wp\/v2\/users\/2"}],"replies":[{"embeddable":true,"href":"https:\/\/psol50.org.br\/rest\/wp\/v2\/comments?post=26487"}],"version-history":[{"count":0,"href":"https:\/\/psol50.org.br\/rest\/wp\/v2\/posts\/26487\/revisions"}],"wp:featuredmedia":[{"embeddable":true,"href":"https:\/\/psol50.org.br\/rest\/wp\/v2\/media\/25315"}],"wp:attachment":[{"href":"https:\/\/psol50.org.br\/rest\/wp\/v2\/media?parent=26487"}],"wp:term":[{"taxonomy":"category","embeddable":true,"href":"https:\/\/psol50.org.br\/rest\/wp\/v2\/categories?post=26487"},{"taxonomy":"post_tag","embeddable":true,"href":"https:\/\/psol50.org.br\/rest\/wp\/v2\/tags?post=26487"}],"curies":[{"name":"wp","href":"https:\/\/api.w.org\/{rel}","templated":true}]}}