{"id":26508,"date":"2019-09-23T11:24:49","date_gmt":"2019-09-23T14:24:49","guid":{"rendered":"http:\/\/psol50.org.br\/?p=26508"},"modified":"2019-09-23T11:24:49","modified_gmt":"2019-09-23T14:24:49","slug":"aurea-carolina-aos-censores-nossa-desobediencia","status":"publish","type":"post","link":"https:\/\/psol50.org.br\/aurea-carolina-aos-censores-nossa-desobediencia\/","title":{"rendered":"\u00c1urea Carolina | Aos censores, nossa desobedi\u00eancia"},"content":{"rendered":"<p><em>Texto originalmente publicado em <a href=\"https:\/\/www.nexojornal.com.br\/colunistas\/tribuna\/2019\/Aos-censores-nossa-desobedi%C3%AAncia?utm_campaign=anexo&amp;utm_source=anexo\" target=\"_blank\" rel=\"noopener noreferrer\">Nexo Jornal.<\/a><\/em><\/p>\n<p>A censura institucionalizada est\u00e1 de volta ao Brasil. Da nega\u00e7\u00e3o dos dados que atestam o aumento do desmatamento na Amaz\u00f4nia \u00e0 suspens\u00e3o do edital de financiamento de s\u00e9ries sobre diversidade sexual para veicula\u00e7\u00e3o em TVs p\u00fablicas, o desgoverno Bolsonaro tem produzido uma escalada de ilegalidades que atentam contra o fundamento constitucional da liberdade de express\u00e3o.<\/p>\n<p>J\u00e1 s\u00e3o reiterados exemplos de medidas que atingem a imprensa, eventos acad\u00eamicos, produ\u00e7\u00f5es audiovisuais e pesquisas cient\u00edficas. Eles evidenciam que a censura passou a ser mais do que um discurso fan\u00e1tico e se concretizou como uma orienta\u00e7\u00e3o institucional que corrompe o direito ao acesso \u00e0 informa\u00e7\u00e3o, a destina\u00e7\u00e3o do or\u00e7amento e o exerc\u00edcio de agentes p\u00fablicos que t\u00eam o dever de cumprir a legisla\u00e7\u00e3o. A centralidade dessas medidas na verborragia do presidente da Rep\u00fablica e a rapidez com que t\u00eam sido implementadas confirmam que a censura \u00e9 um m\u00e9todo estruturante do atual governo.<\/p>\n<p>A Constitui\u00e7\u00e3o Federal de 1988, em seu Artigo 5\u00b0, inciso IX, estabelece que \u201c\u00e9 livre a express\u00e3o da atividade intelectual, art\u00edstica, cient\u00edfica e de comunica\u00e7\u00e3o, independentemente de censura ou licen\u00e7a\u201d. Trata-se da afirma\u00e7\u00e3o de uma condi\u00e7\u00e3o indispens\u00e1vel para a redemocratiza\u00e7\u00e3o da sociedade brasileira ap\u00f3s longos anos de ditadura civil-militar, per\u00edodo em que a censura foi adotada pelos governos como forma sistem\u00e1tica de controle da sociedade e manuten\u00e7\u00e3o do regime autorit\u00e1rio.<\/p>\n<p>N\u00e3o obstante, a captura das institui\u00e7\u00f5es democr\u00e1ticas por setores declaradamente antidemocr\u00e1ticos, fen\u00f4meno global que tem no Brasil o seu \u00e1pice com a elei\u00e7\u00e3o de Bolsonaro (alcan\u00e7ada com o uso de fake news e outras estrat\u00e9gias fraudulentas), implica um novo jogo de destrui\u00e7\u00e3o das garantias democr\u00e1ticas por meio da corros\u00e3o interna do pr\u00f3prio Estado. For\u00e7as de extrema direita, ultraliberais e de \u00f3dio se utilizam de recursos e procedimentos institucionais para subvert\u00ea-los, em manobras mal disfar\u00e7adas que pretendem aparentar ares de legalidade e legitimidade.<\/p>\n<p>Sob a alega\u00e7\u00e3o de que tem a prerrogativa de \u201cfiltrar\u201d conte\u00fados e financiar somente pol\u00edticas p\u00fablicas condizentes com a sua posi\u00e7\u00e3o ideol\u00f3gica, o desgoverno manifesta orgulhosamente a sua conduta arbitr\u00e1ria e viciada. Para obter algum respaldo social, sustenta uma narrativa emburrecida que alimenta uma claque incapaz de compreender o papel do Estado Democr\u00e1tico de Direito, seja por ignor\u00e2ncia ou m\u00e1-f\u00e9. Aproveita para incentivar a onda de criminaliza\u00e7\u00e3o das artes, da intelectualidade, do trabalho jornal\u00edstico e das lutas populares que contestam esse quadro e ainda conta com a coniv\u00eancia de agentes dos poderes Judici\u00e1rio e Legislativo.<\/p>\n<p>No momento, a censura tem a fun\u00e7\u00e3o de atualizar mecanismos manjados de silenciamento das vozes cr\u00edticas e apagamento da mem\u00f3ria e da exist\u00eancia de corpos considerados perigosos para os controladores do poder pol\u00edtico e econ\u00f4mico. Tanto \u00e9 assim que as express\u00f5es antissist\u00eamicas de g\u00eanero e sexualidade e das quest\u00f5es \u00e9tnico-raciais s\u00e3o alvos preferenciais do ataque, assim como an\u00e1lises cient\u00edficas baseadas em evid\u00eancias que contrariam interesses predat\u00f3rios do Estado penal, da pol\u00edtica proibicionista de drogas, da mercantiliza\u00e7\u00e3o da educa\u00e7\u00e3o, da minera\u00e7\u00e3o ou do agroneg\u00f3cio, para ficar em alguns exemplos.<\/p>\n<p>O desmantelamento das pol\u00edticas p\u00fablicas por meio da censura \u00e9 uma tentativa esperta, embora n\u00e3o inteligente, de solapar a diversidade e impor uma vers\u00e3o \u00fanica da hist\u00f3ria. No caso das pol\u00edticas culturais, isso \u00e9 especialmente dram\u00e1tico porque estrangula um pujante setor da economia, com consequ\u00eancias desastrosas para uma imensa cadeia produtiva. Mas justamente nesse setor reside uma for\u00e7a resiliente de transforma\u00e7\u00e3o a partir do sens\u00edvel e do simb\u00f3lico, com a sagacidade de continuar produzindo apesar da morda\u00e7a cultuada pelos covardes.<\/p>\n<p>A liberdade, potencial insubmisso da experi\u00eancia humana que n\u00e3o cabe sequer no direito \u00e0 liberdade de express\u00e3o, \u00e9 a origem e o destino da nossa necess\u00e1ria desobedi\u00eancia \u00e0s ordens dos censores. Al\u00e9m de denunciar a censura, cabe a n\u00f3s desprez\u00e1-la, com a compaix\u00e3o e a f\u00faria de quem n\u00e3o tem nada a perder. \u00c9 preciso manter a cria\u00e7\u00e3o viva. \u00c9 preciso desmascarar a farsa dos pretensos vencedores, sabendo que este tempo de trevas vai passar.<\/p>\n<p>Sobre a liberdade, escreveu na juventude Carlos Marighella, cuja biografia inspirou um longa-metragem dirigido por Wagner Moura e que recentemente teve sua estreia cancelada em raz\u00e3o da censura vinda dos por\u00f5es da Ancine: \u201cqueira-te eu tanto, e de tal modo em suma, \/ que n\u00e3o exista for\u00e7a humana alguma \/ que esta paix\u00e3o embriagadora dome. \/ E que eu por ti, se torturado for, \/ possa feliz, indiferente \u00e0 dor, \/ morrer sorrindo a murmurar teu nome\u201d (S\u00e3o Paulo, Pres\u00eddio Especial, 1939).<\/p>\n","protected":false},"excerpt":{"rendered":"<p>Texto originalmente publicado em Nexo Jornal. A censura institucionalizada est\u00e1 de volta ao Brasil. Da nega\u00e7\u00e3o dos dados que atestam o aumento do desmatamento na Amaz\u00f4nia \u00e0 suspens\u00e3o do edital de financiamento de s\u00e9ries sobre diversidade sexual para veicula\u00e7\u00e3o em TVs p\u00fablicas, o desgoverno Bolsonaro tem produzido uma escalada de ilegalidades que atentam contra o [&hellip;]<\/p>\n","protected":false},"author":2,"featured_media":26510,"comment_status":"closed","ping_status":"open","sticky":false,"template":"","format":"standard","meta":{"_acf_changed":false,"footnotes":""},"categories":[6],"tags":[1982,85,56,234,244,2031,283],"class_list":{"0":"post-26508","1":"post","2":"type-post","3":"status-publish","4":"format-standard","5":"has-post-thumbnail","7":"category-noticias","8":"tag-autoritario","9":"tag-autoritarismo","10":"tag-bolsonaro","11":"tag-censura","12":"tag-jair-bolsonaro","13":"tag-marighella","14":"tag-presidente"},"acf":[],"yoast_head":"<!-- This site is optimized with the Yoast SEO plugin v26.5 - https:\/\/yoast.com\/wordpress\/plugins\/seo\/ -->\n<title>\u00c1urea Carolina | Aos censores, nossa desobedi\u00eancia<\/title>\n<meta name=\"robots\" content=\"index, follow, max-snippet:-1, max-image-preview:large, max-video-preview:-1\" \/>\n<link rel=\"canonical\" href=\"https:\/\/psol50.org.br\/aurea-carolina-aos-censores-nossa-desobediencia\/\" \/>\n<meta property=\"og:locale\" content=\"pt_BR\" \/>\n<meta property=\"og:type\" content=\"article\" \/>\n<meta property=\"og:title\" content=\"Aos censores, nossa desobedi\u00eancia\" \/>\n<meta property=\"og:description\" content=\"O desmantelamento das pol\u00edticas p\u00fablicas por meio da censura por parte do governo Bolsonaro \u00e9 uma tentativa esperta, embora n\u00e3o inteligente, de solapar a diversidade e impor uma vers\u00e3o \u00fanica da hist\u00f3ria.\" \/>\n<meta property=\"og:url\" content=\"https:\/\/psol50.org.br\/aurea-carolina-aos-censores-nossa-desobediencia\/\" \/>\n<meta property=\"og:site_name\" content=\"PSOL 50\" \/>\n<meta property=\"article:publisher\" content=\"https:\/\/www.facebook.com\/psol50\" \/>\n<meta property=\"article:published_time\" content=\"2019-09-23T14:24:49+00:00\" \/>\n<meta property=\"og:image\" content=\"https:\/\/psol50.org.br\/inc\/uploads\/2019\/09\/70922807_1123683501310901_2174049257676341248_n.jpg\" \/>\n\t<meta property=\"og:image:width\" content=\"960\" \/>\n\t<meta property=\"og:image:height\" content=\"640\" \/>\n\t<meta property=\"og:image:type\" content=\"image\/jpeg\" \/>\n<meta name=\"author\" content=\"Comunica\u00e7\u00e3o PSOL\" \/>\n<meta name=\"twitter:card\" content=\"summary_large_image\" \/>\n<meta name=\"twitter:title\" content=\"Aos censores, nossa desobedi\u00eancia\" \/>\n<meta name=\"twitter:description\" content=\"O desmantelamento das pol\u00edticas p\u00fablicas por meio da censura por parte do governo Bolsonaro \u00e9 uma tentativa esperta, embora n\u00e3o inteligente, de solapar a diversidade e impor uma vers\u00e3o \u00fanica da hist\u00f3ria.\" \/>\n<meta name=\"twitter:image\" content=\"https:\/\/psol50.org.br\/inc\/uploads\/2019\/09\/70922807_1123683501310901_2174049257676341248_n.jpg\" \/>\n<meta name=\"twitter:creator\" content=\"@psol50\" \/>\n<meta name=\"twitter:site\" content=\"@psol50\" \/>\n<meta name=\"twitter:label1\" content=\"Escrito por\" \/>\n\t<meta name=\"twitter:data1\" content=\"Comunica\u00e7\u00e3o PSOL\" \/>\n\t<meta name=\"twitter:label2\" content=\"Est. tempo de leitura\" \/>\n\t<meta name=\"twitter:data2\" content=\"4 minutos\" \/>\n<script type=\"application\/ld+json\" class=\"yoast-schema-graph\">{\"@context\":\"https:\/\/schema.org\",\"@graph\":[{\"@type\":\"Article\",\"@id\":\"https:\/\/psol50.org.br\/aurea-carolina-aos-censores-nossa-desobediencia\/#article\",\"isPartOf\":{\"@id\":\"https:\/\/psol50.org.br\/aurea-carolina-aos-censores-nossa-desobediencia\/\"},\"author\":{\"name\":\"Comunica\u00e7\u00e3o PSOL\",\"@id\":\"https:\/\/psol50.org.br\/#\/schema\/person\/475dfa57d0b815993c714c2e96491fcd\"},\"headline\":\"\u00c1urea Carolina | Aos censores, nossa desobedi\u00eancia\",\"datePublished\":\"2019-09-23T14:24:49+00:00\",\"mainEntityOfPage\":{\"@id\":\"https:\/\/psol50.org.br\/aurea-carolina-aos-censores-nossa-desobediencia\/\"},\"wordCount\":832,\"publisher\":{\"@id\":\"https:\/\/psol50.org.br\/#organization\"},\"image\":{\"@id\":\"https:\/\/psol50.org.br\/aurea-carolina-aos-censores-nossa-desobediencia\/#primaryimage\"},\"thumbnailUrl\":\"https:\/\/psol50.org.br\/inc\/uploads\/2019\/09\/70922807_1123683501310901_2174049257676341248_n.jpg\",\"keywords\":[\"autorit\u00e1rio\",\"autoritarismo\",\"Bolsonaro\",\"censura\",\"Jair Bolsonaro\",\"Marighella\",\"presidente\"],\"articleSection\":[\"Not\u00edcias\"],\"inLanguage\":\"pt-BR\"},{\"@type\":\"WebPage\",\"@id\":\"https:\/\/psol50.org.br\/aurea-carolina-aos-censores-nossa-desobediencia\/\",\"url\":\"https:\/\/psol50.org.br\/aurea-carolina-aos-censores-nossa-desobediencia\/\",\"name\":\"\u00c1urea Carolina | Aos censores, nossa desobedi\u00eancia\",\"isPartOf\":{\"@id\":\"https:\/\/psol50.org.br\/#website\"},\"primaryImageOfPage\":{\"@id\":\"https:\/\/psol50.org.br\/aurea-carolina-aos-censores-nossa-desobediencia\/#primaryimage\"},\"image\":{\"@id\":\"https:\/\/psol50.org.br\/aurea-carolina-aos-censores-nossa-desobediencia\/#primaryimage\"},\"thumbnailUrl\":\"https:\/\/psol50.org.br\/inc\/uploads\/2019\/09\/70922807_1123683501310901_2174049257676341248_n.jpg\",\"datePublished\":\"2019-09-23T14:24:49+00:00\",\"breadcrumb\":{\"@id\":\"https:\/\/psol50.org.br\/aurea-carolina-aos-censores-nossa-desobediencia\/#breadcrumb\"},\"inLanguage\":\"pt-BR\",\"potentialAction\":[{\"@type\":\"ReadAction\",\"target\":[\"https:\/\/psol50.org.br\/aurea-carolina-aos-censores-nossa-desobediencia\/\"]}]},{\"@type\":\"ImageObject\",\"inLanguage\":\"pt-BR\",\"@id\":\"https:\/\/psol50.org.br\/aurea-carolina-aos-censores-nossa-desobediencia\/#primaryimage\",\"url\":\"https:\/\/psol50.org.br\/inc\/uploads\/2019\/09\/70922807_1123683501310901_2174049257676341248_n.jpg\",\"contentUrl\":\"https:\/\/psol50.org.br\/inc\/uploads\/2019\/09\/70922807_1123683501310901_2174049257676341248_n.jpg\",\"width\":960,\"height\":640},{\"@type\":\"BreadcrumbList\",\"@id\":\"https:\/\/psol50.org.br\/aurea-carolina-aos-censores-nossa-desobediencia\/#breadcrumb\",\"itemListElement\":[{\"@type\":\"ListItem\",\"position\":1,\"name\":\"In\u00edcio\",\"item\":\"https:\/\/psol50.org.br\/\"},{\"@type\":\"ListItem\",\"position\":2,\"name\":\"\u00c1urea Carolina | Aos censores, nossa desobedi\u00eancia\"}]},{\"@type\":\"WebSite\",\"@id\":\"https:\/\/psol50.org.br\/#website\",\"url\":\"https:\/\/psol50.org.br\/\",\"name\":\"PSOL 50\",\"description\":\"Site oficial do Partido Socialismo e Liberdade\",\"publisher\":{\"@id\":\"https:\/\/psol50.org.br\/#organization\"},\"alternateName\":\"PSOL50\",\"potentialAction\":[{\"@type\":\"SearchAction\",\"target\":{\"@type\":\"EntryPoint\",\"urlTemplate\":\"https:\/\/psol50.org.br\/?s={search_term_string}\"},\"query-input\":{\"@type\":\"PropertyValueSpecification\",\"valueRequired\":true,\"valueName\":\"search_term_string\"}}],\"inLanguage\":\"pt-BR\"},{\"@type\":\"Organization\",\"@id\":\"https:\/\/psol50.org.br\/#organization\",\"name\":\"PSOL 50\",\"alternateName\":\"PSOL 50\",\"url\":\"https:\/\/psol50.org.br\/\",\"logo\":{\"@type\":\"ImageObject\",\"inLanguage\":\"pt-BR\",\"@id\":\"https:\/\/psol50.org.br\/#\/schema\/logo\/image\/\",\"url\":\"https:\/\/psol50.org.br\/inc\/uploads\/2018\/07\/capa.png\",\"contentUrl\":\"https:\/\/psol50.org.br\/inc\/uploads\/2018\/07\/capa.png\",\"width\":1350,\"height\":900,\"caption\":\"PSOL 50\"},\"image\":{\"@id\":\"https:\/\/psol50.org.br\/#\/schema\/logo\/image\/\"},\"sameAs\":[\"https:\/\/www.facebook.com\/psol50\",\"https:\/\/x.com\/psol50\",\"https:\/\/www.instagram.com\/psol50\/\",\"https:\/\/www.youtube.com\/channel\/UC7SnJS5o1os7a6CaiNabzcg\"]},{\"@type\":\"Person\",\"@id\":\"https:\/\/psol50.org.br\/#\/schema\/person\/475dfa57d0b815993c714c2e96491fcd\",\"name\":\"Comunica\u00e7\u00e3o PSOL\",\"image\":{\"@type\":\"ImageObject\",\"inLanguage\":\"pt-BR\",\"@id\":\"https:\/\/psol50.org.br\/#\/schema\/person\/image\/\",\"url\":\"https:\/\/secure.gravatar.com\/avatar\/b34fc4f4e468a4e51785917065a3db57b841f5c95dba6ad8c73aaf8f66f8f9bf?s=96&d=mm&r=g\",\"contentUrl\":\"https:\/\/secure.gravatar.com\/avatar\/b34fc4f4e468a4e51785917065a3db57b841f5c95dba6ad8c73aaf8f66f8f9bf?s=96&d=mm&r=g\",\"caption\":\"Comunica\u00e7\u00e3o PSOL\"}}]}<\/script>\n<!-- \/ Yoast SEO plugin. -->","yoast_head_json":{"title":"\u00c1urea Carolina | Aos censores, nossa desobedi\u00eancia","robots":{"index":"index","follow":"follow","max-snippet":"max-snippet:-1","max-image-preview":"max-image-preview:large","max-video-preview":"max-video-preview:-1"},"canonical":"https:\/\/psol50.org.br\/aurea-carolina-aos-censores-nossa-desobediencia\/","og_locale":"pt_BR","og_type":"article","og_title":"Aos censores, nossa desobedi\u00eancia","og_description":"O desmantelamento das pol\u00edticas p\u00fablicas por meio da censura por parte do governo Bolsonaro \u00e9 uma tentativa esperta, embora n\u00e3o inteligente, de solapar a diversidade e impor uma vers\u00e3o \u00fanica da hist\u00f3ria.","og_url":"https:\/\/psol50.org.br\/aurea-carolina-aos-censores-nossa-desobediencia\/","og_site_name":"PSOL 50","article_publisher":"https:\/\/www.facebook.com\/psol50","article_published_time":"2019-09-23T14:24:49+00:00","og_image":[{"width":960,"height":640,"url":"https:\/\/psol50.org.br\/inc\/uploads\/2019\/09\/70922807_1123683501310901_2174049257676341248_n.jpg","type":"image\/jpeg"}],"author":"Comunica\u00e7\u00e3o PSOL","twitter_card":"summary_large_image","twitter_title":"Aos censores, nossa desobedi\u00eancia","twitter_description":"O desmantelamento das pol\u00edticas p\u00fablicas por meio da censura por parte do governo Bolsonaro \u00e9 uma tentativa esperta, embora n\u00e3o inteligente, de solapar a diversidade e impor uma vers\u00e3o \u00fanica da hist\u00f3ria.","twitter_image":"https:\/\/psol50.org.br\/inc\/uploads\/2019\/09\/70922807_1123683501310901_2174049257676341248_n.jpg","twitter_creator":"@psol50","twitter_site":"@psol50","twitter_misc":{"Escrito por":"Comunica\u00e7\u00e3o PSOL","Est. tempo de leitura":"4 minutos"},"schema":{"@context":"https:\/\/schema.org","@graph":[{"@type":"Article","@id":"https:\/\/psol50.org.br\/aurea-carolina-aos-censores-nossa-desobediencia\/#article","isPartOf":{"@id":"https:\/\/psol50.org.br\/aurea-carolina-aos-censores-nossa-desobediencia\/"},"author":{"name":"Comunica\u00e7\u00e3o PSOL","@id":"https:\/\/psol50.org.br\/#\/schema\/person\/475dfa57d0b815993c714c2e96491fcd"},"headline":"\u00c1urea Carolina | Aos censores, nossa desobedi\u00eancia","datePublished":"2019-09-23T14:24:49+00:00","mainEntityOfPage":{"@id":"https:\/\/psol50.org.br\/aurea-carolina-aos-censores-nossa-desobediencia\/"},"wordCount":832,"publisher":{"@id":"https:\/\/psol50.org.br\/#organization"},"image":{"@id":"https:\/\/psol50.org.br\/aurea-carolina-aos-censores-nossa-desobediencia\/#primaryimage"},"thumbnailUrl":"https:\/\/psol50.org.br\/inc\/uploads\/2019\/09\/70922807_1123683501310901_2174049257676341248_n.jpg","keywords":["autorit\u00e1rio","autoritarismo","Bolsonaro","censura","Jair Bolsonaro","Marighella","presidente"],"articleSection":["Not\u00edcias"],"inLanguage":"pt-BR"},{"@type":"WebPage","@id":"https:\/\/psol50.org.br\/aurea-carolina-aos-censores-nossa-desobediencia\/","url":"https:\/\/psol50.org.br\/aurea-carolina-aos-censores-nossa-desobediencia\/","name":"\u00c1urea Carolina | Aos censores, nossa desobedi\u00eancia","isPartOf":{"@id":"https:\/\/psol50.org.br\/#website"},"primaryImageOfPage":{"@id":"https:\/\/psol50.org.br\/aurea-carolina-aos-censores-nossa-desobediencia\/#primaryimage"},"image":{"@id":"https:\/\/psol50.org.br\/aurea-carolina-aos-censores-nossa-desobediencia\/#primaryimage"},"thumbnailUrl":"https:\/\/psol50.org.br\/inc\/uploads\/2019\/09\/70922807_1123683501310901_2174049257676341248_n.jpg","datePublished":"2019-09-23T14:24:49+00:00","breadcrumb":{"@id":"https:\/\/psol50.org.br\/aurea-carolina-aos-censores-nossa-desobediencia\/#breadcrumb"},"inLanguage":"pt-BR","potentialAction":[{"@type":"ReadAction","target":["https:\/\/psol50.org.br\/aurea-carolina-aos-censores-nossa-desobediencia\/"]}]},{"@type":"ImageObject","inLanguage":"pt-BR","@id":"https:\/\/psol50.org.br\/aurea-carolina-aos-censores-nossa-desobediencia\/#primaryimage","url":"https:\/\/psol50.org.br\/inc\/uploads\/2019\/09\/70922807_1123683501310901_2174049257676341248_n.jpg","contentUrl":"https:\/\/psol50.org.br\/inc\/uploads\/2019\/09\/70922807_1123683501310901_2174049257676341248_n.jpg","width":960,"height":640},{"@type":"BreadcrumbList","@id":"https:\/\/psol50.org.br\/aurea-carolina-aos-censores-nossa-desobediencia\/#breadcrumb","itemListElement":[{"@type":"ListItem","position":1,"name":"In\u00edcio","item":"https:\/\/psol50.org.br\/"},{"@type":"ListItem","position":2,"name":"\u00c1urea Carolina | Aos censores, nossa desobedi\u00eancia"}]},{"@type":"WebSite","@id":"https:\/\/psol50.org.br\/#website","url":"https:\/\/psol50.org.br\/","name":"PSOL 50","description":"Site oficial do Partido Socialismo e Liberdade","publisher":{"@id":"https:\/\/psol50.org.br\/#organization"},"alternateName":"PSOL50","potentialAction":[{"@type":"SearchAction","target":{"@type":"EntryPoint","urlTemplate":"https:\/\/psol50.org.br\/?s={search_term_string}"},"query-input":{"@type":"PropertyValueSpecification","valueRequired":true,"valueName":"search_term_string"}}],"inLanguage":"pt-BR"},{"@type":"Organization","@id":"https:\/\/psol50.org.br\/#organization","name":"PSOL 50","alternateName":"PSOL 50","url":"https:\/\/psol50.org.br\/","logo":{"@type":"ImageObject","inLanguage":"pt-BR","@id":"https:\/\/psol50.org.br\/#\/schema\/logo\/image\/","url":"https:\/\/psol50.org.br\/inc\/uploads\/2018\/07\/capa.png","contentUrl":"https:\/\/psol50.org.br\/inc\/uploads\/2018\/07\/capa.png","width":1350,"height":900,"caption":"PSOL 50"},"image":{"@id":"https:\/\/psol50.org.br\/#\/schema\/logo\/image\/"},"sameAs":["https:\/\/www.facebook.com\/psol50","https:\/\/x.com\/psol50","https:\/\/www.instagram.com\/psol50\/","https:\/\/www.youtube.com\/channel\/UC7SnJS5o1os7a6CaiNabzcg"]},{"@type":"Person","@id":"https:\/\/psol50.org.br\/#\/schema\/person\/475dfa57d0b815993c714c2e96491fcd","name":"Comunica\u00e7\u00e3o PSOL","image":{"@type":"ImageObject","inLanguage":"pt-BR","@id":"https:\/\/psol50.org.br\/#\/schema\/person\/image\/","url":"https:\/\/secure.gravatar.com\/avatar\/b34fc4f4e468a4e51785917065a3db57b841f5c95dba6ad8c73aaf8f66f8f9bf?s=96&d=mm&r=g","contentUrl":"https:\/\/secure.gravatar.com\/avatar\/b34fc4f4e468a4e51785917065a3db57b841f5c95dba6ad8c73aaf8f66f8f9bf?s=96&d=mm&r=g","caption":"Comunica\u00e7\u00e3o PSOL"}}]}},"_links":{"self":[{"href":"https:\/\/psol50.org.br\/rest\/wp\/v2\/posts\/26508","targetHints":{"allow":["GET"]}}],"collection":[{"href":"https:\/\/psol50.org.br\/rest\/wp\/v2\/posts"}],"about":[{"href":"https:\/\/psol50.org.br\/rest\/wp\/v2\/types\/post"}],"author":[{"embeddable":true,"href":"https:\/\/psol50.org.br\/rest\/wp\/v2\/users\/2"}],"replies":[{"embeddable":true,"href":"https:\/\/psol50.org.br\/rest\/wp\/v2\/comments?post=26508"}],"version-history":[{"count":0,"href":"https:\/\/psol50.org.br\/rest\/wp\/v2\/posts\/26508\/revisions"}],"wp:featuredmedia":[{"embeddable":true,"href":"https:\/\/psol50.org.br\/rest\/wp\/v2\/media\/26510"}],"wp:attachment":[{"href":"https:\/\/psol50.org.br\/rest\/wp\/v2\/media?parent=26508"}],"wp:term":[{"taxonomy":"category","embeddable":true,"href":"https:\/\/psol50.org.br\/rest\/wp\/v2\/categories?post=26508"},{"taxonomy":"post_tag","embeddable":true,"href":"https:\/\/psol50.org.br\/rest\/wp\/v2\/tags?post=26508"}],"curies":[{"name":"wp","href":"https:\/\/api.w.org\/{rel}","templated":true}]}}