{"id":26517,"date":"2019-09-23T12:25:14","date_gmt":"2019-09-23T15:25:14","guid":{"rendered":"http:\/\/psol50.org.br\/?p=26517"},"modified":"2019-09-23T12:25:14","modified_gmt":"2019-09-23T15:25:14","slug":"pgr-da-parecer-favoravel-a-acao-do-psol-escolas-devem-combater-discriminacao-de-genero","status":"publish","type":"post","link":"https:\/\/psol50.org.br\/pgr-da-parecer-favoravel-a-acao-do-psol-escolas-devem-combater-discriminacao-de-genero\/","title":{"rendered":"PGR d\u00e1 parecer favor\u00e1vel a a\u00e7\u00e3o do PSOL: escolas devem combater discrimina\u00e7\u00e3o de g\u00eanero"},"content":{"rendered":"<p class=\"western\">Antes de sair do cargo, a ent\u00e3o Procuradora-Geral da Rep\u00fablica, Raquel Dodge, apresentou seu parecer favor\u00e1vel \u00e0 A\u00e7\u00e3o Direta de Inconstitucionalidade 5.668\/DF, proposta pelo PSOL, que questiona a aus\u00eancia de men\u00e7\u00e3o expressa ao dever constitucional das escolas de prevenir e coibir o bullyng homof\u00f3bico, transf\u00f3bico e machista, exclu\u00eddo do texto original do Plano Nacional de Educa\u00e7\u00e3o durante o processo legislativo.<\/p>\n<p>Segundo Dodge, \u00e9 cab\u00edvel a interfer\u00eancia do Supremo Tribunal Federal (STF) para garantir interpreta\u00e7\u00e3o do PNE que inclua, entre suas diretrizes, o combate a discrimina\u00e7\u00f5es por g\u00eanero, identidade de g\u00eanero e orienta\u00e7\u00e3o sexual no ambiente escolar. <a href=\"http:\/\/psol50.org.br\/inc\/uploads\/2019\/09\/ADI-5668_PlanoNacionalEducacao.pdf\">Leia o parecer na \u00edntegra aqui.<\/a><\/p>\n<p class=\"western\">A a\u00e7\u00e3o do PSOL contesta diversas metas e dispositivos do plano por serem omissos em rela\u00e7\u00e3o ao enfrentamento da intoler\u00e2ncia de g\u00eanero e orienta\u00e7\u00e3o sexual, de forma literal. Para o partido, a aus\u00eancia de refer\u00eancia a esse tipo de discrimina\u00e7\u00e3o tem criado interpreta\u00e7\u00f5es controversas e tentativas de impedir este tipo de debate em sala de aula. Na a\u00e7\u00e3o, o PSOL pede que o STF confirme a inexist\u00eancia deste tipo de proibi\u00e7\u00e3o e as declare inconstitucionais.<\/p>\n<p>&nbsp;<\/p>\n<p><a href=\"http:\/\/psol50.org.br\/filie-se\/\" target=\"_blank\" rel=\"noopener noreferrer\"><img loading=\"lazy\" decoding=\"async\" class=\"aligncenter wp-image-26424\" src=\"http:\/\/psol50.org.br\/inc\/uploads\/2019\/09\/PSOL_Filia\u00e7\u00e3o-2019-11.png\" alt=\"\" width=\"168\" height=\"80\" \/><\/a><\/p>\n<p class=\"western\">No texto da a\u00e7\u00e3o do PSOL s\u00e3o citadas diversas leis estaduais e municipais que, baseadas em interpreta\u00e7\u00e3o equivocada do PNE, retiraram de seus planos de ensino qualquer men\u00e7\u00e3o a g\u00eanero, identidade de g\u00eanero ou orienta\u00e7\u00e3o sexual.<\/p>\n<p class=\"western\">Em parecer enviado ao Supremo, Dodge afirma que \u201co n\u00e3o detalhamento dessa espec\u00edfica esp\u00e9cie de discrimina\u00e7\u00e3o pelo Plano Nacional tem como efeito, al\u00e9m da poss\u00edvel imposi\u00e7\u00e3o de sil\u00eancio sobre o tema nas escolas, a in\u00e9rcia quanto ao efetivo combate a atitudes discriminat\u00f3rias nesse campo\u201d.<\/p>\n<p class=\"western\">A PGR tamb\u00e9m rebate o discurso oportunista de parlamentares que afirmam ser desnecess\u00e1ria essa men\u00e7\u00e3o direta \u00e0 discrimina\u00e7\u00e3o de g\u00eanero, j\u00e1 que h\u00e1 no texto do PNE \u201ctodas as formas de discrimina\u00e7\u00e3o\u201d. Para Raquel Dodge, ao contr\u00e1rio, \u201ca n\u00e3o explicita\u00e7\u00e3o acarreta manifesta inconstitucionalidade, porque d\u00e1 margem ao descumprimento do prop\u00f3sito constitucional de erradica\u00e7\u00e3o de discrimina\u00e7\u00f5es nesse campo e de promover educa\u00e7\u00e3o integral, para o respeito ao pr\u00f3ximo\u201d. Ela cita ainda que, em suas metas e estrat\u00e9gias, a lei manteve a indica\u00e7\u00e3o expressa aos demais grupos notoriamente vulner\u00e1veis, como negros, pessoas com defici\u00eancia, popula\u00e7\u00e3o do campo, comunidades ind\u00edgenas e quilombolas.<\/p>\n","protected":false},"excerpt":{"rendered":"<p>Antes de sair do cargo, a ent\u00e3o Procuradora-Geral da Rep\u00fablica, Raquel Dodge, apresentou seu parecer favor\u00e1vel \u00e0 A\u00e7\u00e3o Direta de Inconstitucionalidade 5.668\/DF, proposta pelo PSOL, que questiona a aus\u00eancia de men\u00e7\u00e3o expressa ao dever constitucional das escolas de prevenir e coibir o bullyng homof\u00f3bico, transf\u00f3bico e machista, exclu\u00eddo do texto original do Plano Nacional de [&hellip;]<\/p>\n","protected":false},"author":2,"featured_media":26522,"comment_status":"closed","ping_status":"open","sticky":false,"template":"","format":"standard","meta":{"_acf_changed":false,"footnotes":""},"categories":[6],"tags":[908,2034,164,2035,230,2036,2037,77,22],"class_list":{"0":"post-26517","1":"post","2":"type-post","3":"status-publish","4":"format-standard","5":"has-post-thumbnail","7":"category-noticias","8":"tag-discriminacao","9":"tag-dodge","10":"tag-educacao","11":"tag-escola","12":"tag-genero","13":"tag-identidade","14":"tag-orientacao-sexual","15":"tag-pgr","16":"tag-psol"},"acf":[],"yoast_head":"<!-- This site is optimized with the Yoast SEO plugin v26.5 - https:\/\/yoast.com\/wordpress\/plugins\/seo\/ -->\n<title>PGR d\u00e1 parecer favor\u00e1vel a a\u00e7\u00e3o do PSOL: escolas devem combater discrimina\u00e7\u00e3o de g\u00eanero<\/title>\n<meta name=\"description\" content=\"Raquel Dodge reconheceu a import\u00e2ncia do combate a discrimina\u00e7\u00f5es por g\u00eanero, identidade e orienta\u00e7\u00e3o sexual no ambiente escolar.\" \/>\n<meta name=\"robots\" content=\"index, follow, max-snippet:-1, max-image-preview:large, max-video-preview:-1\" \/>\n<link rel=\"canonical\" href=\"https:\/\/psol50.org.br\/pgr-da-parecer-favoravel-a-acao-do-psol-escolas-devem-combater-discriminacao-de-genero\/\" \/>\n<meta property=\"og:locale\" content=\"pt_BR\" \/>\n<meta property=\"og:type\" content=\"article\" \/>\n<meta property=\"og:title\" content=\"PGR d\u00e1 parecer favor\u00e1vel a a\u00e7\u00e3o do PSOL: escolas devem combater discrimina\u00e7\u00e3o de g\u00eanero\" \/>\n<meta property=\"og:description\" content=\"Raquel Dodge reconheceu a import\u00e2ncia do combate a discrimina\u00e7\u00f5es por g\u00eanero, identidade e orienta\u00e7\u00e3o sexual no ambiente escolar.\" \/>\n<meta property=\"og:url\" content=\"https:\/\/psol50.org.br\/pgr-da-parecer-favoravel-a-acao-do-psol-escolas-devem-combater-discriminacao-de-genero\/\" \/>\n<meta property=\"og:site_name\" content=\"PSOL 50\" \/>\n<meta property=\"article:publisher\" content=\"https:\/\/www.facebook.com\/psol50\" \/>\n<meta property=\"article:published_time\" content=\"2019-09-23T15:25:14+00:00\" \/>\n<meta property=\"og:image\" content=\"https:\/\/psol50.org.br\/inc\/uploads\/2019\/09\/foto-laura.jpg\" \/>\n\t<meta property=\"og:image:width\" content=\"563\" \/>\n\t<meta property=\"og:image:height\" content=\"388\" \/>\n\t<meta property=\"og:image:type\" content=\"image\/jpeg\" \/>\n<meta name=\"author\" content=\"Comunica\u00e7\u00e3o PSOL\" \/>\n<meta name=\"twitter:card\" content=\"summary_large_image\" \/>\n<meta name=\"twitter:title\" content=\"PGR d\u00e1 parecer favor\u00e1vel a a\u00e7\u00e3o do PSOL: escolas devem combater discrimina\u00e7\u00e3o de g\u00eanero\" \/>\n<meta name=\"twitter:description\" content=\"Raquel Dodge reconheceu a import\u00e2ncia do combate a discrimina\u00e7\u00f5es por g\u00eanero, identidade e orienta\u00e7\u00e3o sexual no ambiente escolar.\" \/>\n<meta name=\"twitter:image\" content=\"https:\/\/psol50.org.br\/inc\/uploads\/2019\/09\/foto-laura.jpg\" \/>\n<meta name=\"twitter:creator\" content=\"@psol50\" \/>\n<meta name=\"twitter:site\" content=\"@psol50\" \/>\n<meta name=\"twitter:label1\" content=\"Escrito por\" \/>\n\t<meta name=\"twitter:data1\" content=\"Comunica\u00e7\u00e3o PSOL\" \/>\n\t<meta name=\"twitter:label2\" content=\"Est. tempo de leitura\" \/>\n\t<meta name=\"twitter:data2\" content=\"2 minutos\" \/>\n<script type=\"application\/ld+json\" class=\"yoast-schema-graph\">{\"@context\":\"https:\/\/schema.org\",\"@graph\":[{\"@type\":\"Article\",\"@id\":\"https:\/\/psol50.org.br\/pgr-da-parecer-favoravel-a-acao-do-psol-escolas-devem-combater-discriminacao-de-genero\/#article\",\"isPartOf\":{\"@id\":\"https:\/\/psol50.org.br\/pgr-da-parecer-favoravel-a-acao-do-psol-escolas-devem-combater-discriminacao-de-genero\/\"},\"author\":{\"name\":\"Comunica\u00e7\u00e3o PSOL\",\"@id\":\"https:\/\/psol50.org.br\/#\/schema\/person\/475dfa57d0b815993c714c2e96491fcd\"},\"headline\":\"PGR d\u00e1 parecer favor\u00e1vel a a\u00e7\u00e3o do PSOL: escolas devem combater discrimina\u00e7\u00e3o de g\u00eanero\",\"datePublished\":\"2019-09-23T15:25:14+00:00\",\"mainEntityOfPage\":{\"@id\":\"https:\/\/psol50.org.br\/pgr-da-parecer-favoravel-a-acao-do-psol-escolas-devem-combater-discriminacao-de-genero\/\"},\"wordCount\":438,\"publisher\":{\"@id\":\"https:\/\/psol50.org.br\/#organization\"},\"image\":{\"@id\":\"https:\/\/psol50.org.br\/pgr-da-parecer-favoravel-a-acao-do-psol-escolas-devem-combater-discriminacao-de-genero\/#primaryimage\"},\"thumbnailUrl\":\"https:\/\/psol50.org.br\/inc\/uploads\/2019\/09\/foto-laura.jpg\",\"keywords\":[\"discrimina\u00e7\u00e3o\",\"dodge\",\"Educa\u00e7\u00e3o\",\"escola\",\"G\u00eanero\",\"identidade\",\"Orienta\u00e7\u00e3o sexual\",\"PGR\",\"PSOL\"],\"articleSection\":[\"Not\u00edcias\"],\"inLanguage\":\"pt-BR\"},{\"@type\":\"WebPage\",\"@id\":\"https:\/\/psol50.org.br\/pgr-da-parecer-favoravel-a-acao-do-psol-escolas-devem-combater-discriminacao-de-genero\/\",\"url\":\"https:\/\/psol50.org.br\/pgr-da-parecer-favoravel-a-acao-do-psol-escolas-devem-combater-discriminacao-de-genero\/\",\"name\":\"PGR d\u00e1 parecer favor\u00e1vel a a\u00e7\u00e3o do PSOL: escolas devem combater discrimina\u00e7\u00e3o de g\u00eanero\",\"isPartOf\":{\"@id\":\"https:\/\/psol50.org.br\/#website\"},\"primaryImageOfPage\":{\"@id\":\"https:\/\/psol50.org.br\/pgr-da-parecer-favoravel-a-acao-do-psol-escolas-devem-combater-discriminacao-de-genero\/#primaryimage\"},\"image\":{\"@id\":\"https:\/\/psol50.org.br\/pgr-da-parecer-favoravel-a-acao-do-psol-escolas-devem-combater-discriminacao-de-genero\/#primaryimage\"},\"thumbnailUrl\":\"https:\/\/psol50.org.br\/inc\/uploads\/2019\/09\/foto-laura.jpg\",\"datePublished\":\"2019-09-23T15:25:14+00:00\",\"description\":\"Raquel Dodge reconheceu a import\u00e2ncia do combate a discrimina\u00e7\u00f5es por g\u00eanero, identidade e orienta\u00e7\u00e3o sexual no ambiente escolar.\",\"breadcrumb\":{\"@id\":\"https:\/\/psol50.org.br\/pgr-da-parecer-favoravel-a-acao-do-psol-escolas-devem-combater-discriminacao-de-genero\/#breadcrumb\"},\"inLanguage\":\"pt-BR\",\"potentialAction\":[{\"@type\":\"ReadAction\",\"target\":[\"https:\/\/psol50.org.br\/pgr-da-parecer-favoravel-a-acao-do-psol-escolas-devem-combater-discriminacao-de-genero\/\"]}]},{\"@type\":\"ImageObject\",\"inLanguage\":\"pt-BR\",\"@id\":\"https:\/\/psol50.org.br\/pgr-da-parecer-favoravel-a-acao-do-psol-escolas-devem-combater-discriminacao-de-genero\/#primaryimage\",\"url\":\"https:\/\/psol50.org.br\/inc\/uploads\/2019\/09\/foto-laura.jpg\",\"contentUrl\":\"https:\/\/psol50.org.br\/inc\/uploads\/2019\/09\/foto-laura.jpg\",\"width\":563,\"height\":388},{\"@type\":\"BreadcrumbList\",\"@id\":\"https:\/\/psol50.org.br\/pgr-da-parecer-favoravel-a-acao-do-psol-escolas-devem-combater-discriminacao-de-genero\/#breadcrumb\",\"itemListElement\":[{\"@type\":\"ListItem\",\"position\":1,\"name\":\"In\u00edcio\",\"item\":\"https:\/\/psol50.org.br\/\"},{\"@type\":\"ListItem\",\"position\":2,\"name\":\"PGR d\u00e1 parecer favor\u00e1vel a a\u00e7\u00e3o do PSOL: escolas devem combater discrimina\u00e7\u00e3o de g\u00eanero\"}]},{\"@type\":\"WebSite\",\"@id\":\"https:\/\/psol50.org.br\/#website\",\"url\":\"https:\/\/psol50.org.br\/\",\"name\":\"PSOL 50\",\"description\":\"Site oficial do Partido Socialismo e Liberdade\",\"publisher\":{\"@id\":\"https:\/\/psol50.org.br\/#organization\"},\"alternateName\":\"PSOL50\",\"potentialAction\":[{\"@type\":\"SearchAction\",\"target\":{\"@type\":\"EntryPoint\",\"urlTemplate\":\"https:\/\/psol50.org.br\/?s={search_term_string}\"},\"query-input\":{\"@type\":\"PropertyValueSpecification\",\"valueRequired\":true,\"valueName\":\"search_term_string\"}}],\"inLanguage\":\"pt-BR\"},{\"@type\":\"Organization\",\"@id\":\"https:\/\/psol50.org.br\/#organization\",\"name\":\"PSOL 50\",\"alternateName\":\"PSOL 50\",\"url\":\"https:\/\/psol50.org.br\/\",\"logo\":{\"@type\":\"ImageObject\",\"inLanguage\":\"pt-BR\",\"@id\":\"https:\/\/psol50.org.br\/#\/schema\/logo\/image\/\",\"url\":\"https:\/\/psol50.org.br\/inc\/uploads\/2018\/07\/capa.png\",\"contentUrl\":\"https:\/\/psol50.org.br\/inc\/uploads\/2018\/07\/capa.png\",\"width\":1350,\"height\":900,\"caption\":\"PSOL 50\"},\"image\":{\"@id\":\"https:\/\/psol50.org.br\/#\/schema\/logo\/image\/\"},\"sameAs\":[\"https:\/\/www.facebook.com\/psol50\",\"https:\/\/x.com\/psol50\",\"https:\/\/www.instagram.com\/psol50\/\",\"https:\/\/www.youtube.com\/channel\/UC7SnJS5o1os7a6CaiNabzcg\"]},{\"@type\":\"Person\",\"@id\":\"https:\/\/psol50.org.br\/#\/schema\/person\/475dfa57d0b815993c714c2e96491fcd\",\"name\":\"Comunica\u00e7\u00e3o PSOL\",\"image\":{\"@type\":\"ImageObject\",\"inLanguage\":\"pt-BR\",\"@id\":\"https:\/\/psol50.org.br\/#\/schema\/person\/image\/\",\"url\":\"https:\/\/secure.gravatar.com\/avatar\/b34fc4f4e468a4e51785917065a3db57b841f5c95dba6ad8c73aaf8f66f8f9bf?s=96&d=mm&r=g\",\"contentUrl\":\"https:\/\/secure.gravatar.com\/avatar\/b34fc4f4e468a4e51785917065a3db57b841f5c95dba6ad8c73aaf8f66f8f9bf?s=96&d=mm&r=g\",\"caption\":\"Comunica\u00e7\u00e3o PSOL\"}}]}<\/script>\n<!-- \/ Yoast SEO plugin. -->","yoast_head_json":{"title":"PGR d\u00e1 parecer favor\u00e1vel a a\u00e7\u00e3o do PSOL: escolas devem combater discrimina\u00e7\u00e3o de g\u00eanero","description":"Raquel Dodge reconheceu a import\u00e2ncia do combate a discrimina\u00e7\u00f5es por g\u00eanero, identidade e orienta\u00e7\u00e3o sexual no ambiente escolar.","robots":{"index":"index","follow":"follow","max-snippet":"max-snippet:-1","max-image-preview":"max-image-preview:large","max-video-preview":"max-video-preview:-1"},"canonical":"https:\/\/psol50.org.br\/pgr-da-parecer-favoravel-a-acao-do-psol-escolas-devem-combater-discriminacao-de-genero\/","og_locale":"pt_BR","og_type":"article","og_title":"PGR d\u00e1 parecer favor\u00e1vel a a\u00e7\u00e3o do PSOL: escolas devem combater discrimina\u00e7\u00e3o de g\u00eanero","og_description":"Raquel Dodge reconheceu a import\u00e2ncia do combate a discrimina\u00e7\u00f5es por g\u00eanero, identidade e orienta\u00e7\u00e3o sexual no ambiente escolar.","og_url":"https:\/\/psol50.org.br\/pgr-da-parecer-favoravel-a-acao-do-psol-escolas-devem-combater-discriminacao-de-genero\/","og_site_name":"PSOL 50","article_publisher":"https:\/\/www.facebook.com\/psol50","article_published_time":"2019-09-23T15:25:14+00:00","og_image":[{"width":563,"height":388,"url":"https:\/\/psol50.org.br\/inc\/uploads\/2019\/09\/foto-laura.jpg","type":"image\/jpeg"}],"author":"Comunica\u00e7\u00e3o PSOL","twitter_card":"summary_large_image","twitter_title":"PGR d\u00e1 parecer favor\u00e1vel a a\u00e7\u00e3o do PSOL: escolas devem combater discrimina\u00e7\u00e3o de g\u00eanero","twitter_description":"Raquel Dodge reconheceu a import\u00e2ncia do combate a discrimina\u00e7\u00f5es por g\u00eanero, identidade e orienta\u00e7\u00e3o sexual no ambiente escolar.","twitter_image":"https:\/\/psol50.org.br\/inc\/uploads\/2019\/09\/foto-laura.jpg","twitter_creator":"@psol50","twitter_site":"@psol50","twitter_misc":{"Escrito por":"Comunica\u00e7\u00e3o PSOL","Est. tempo de leitura":"2 minutos"},"schema":{"@context":"https:\/\/schema.org","@graph":[{"@type":"Article","@id":"https:\/\/psol50.org.br\/pgr-da-parecer-favoravel-a-acao-do-psol-escolas-devem-combater-discriminacao-de-genero\/#article","isPartOf":{"@id":"https:\/\/psol50.org.br\/pgr-da-parecer-favoravel-a-acao-do-psol-escolas-devem-combater-discriminacao-de-genero\/"},"author":{"name":"Comunica\u00e7\u00e3o PSOL","@id":"https:\/\/psol50.org.br\/#\/schema\/person\/475dfa57d0b815993c714c2e96491fcd"},"headline":"PGR d\u00e1 parecer favor\u00e1vel a a\u00e7\u00e3o do PSOL: escolas devem combater discrimina\u00e7\u00e3o de g\u00eanero","datePublished":"2019-09-23T15:25:14+00:00","mainEntityOfPage":{"@id":"https:\/\/psol50.org.br\/pgr-da-parecer-favoravel-a-acao-do-psol-escolas-devem-combater-discriminacao-de-genero\/"},"wordCount":438,"publisher":{"@id":"https:\/\/psol50.org.br\/#organization"},"image":{"@id":"https:\/\/psol50.org.br\/pgr-da-parecer-favoravel-a-acao-do-psol-escolas-devem-combater-discriminacao-de-genero\/#primaryimage"},"thumbnailUrl":"https:\/\/psol50.org.br\/inc\/uploads\/2019\/09\/foto-laura.jpg","keywords":["discrimina\u00e7\u00e3o","dodge","Educa\u00e7\u00e3o","escola","G\u00eanero","identidade","Orienta\u00e7\u00e3o sexual","PGR","PSOL"],"articleSection":["Not\u00edcias"],"inLanguage":"pt-BR"},{"@type":"WebPage","@id":"https:\/\/psol50.org.br\/pgr-da-parecer-favoravel-a-acao-do-psol-escolas-devem-combater-discriminacao-de-genero\/","url":"https:\/\/psol50.org.br\/pgr-da-parecer-favoravel-a-acao-do-psol-escolas-devem-combater-discriminacao-de-genero\/","name":"PGR d\u00e1 parecer favor\u00e1vel a a\u00e7\u00e3o do PSOL: escolas devem combater discrimina\u00e7\u00e3o de g\u00eanero","isPartOf":{"@id":"https:\/\/psol50.org.br\/#website"},"primaryImageOfPage":{"@id":"https:\/\/psol50.org.br\/pgr-da-parecer-favoravel-a-acao-do-psol-escolas-devem-combater-discriminacao-de-genero\/#primaryimage"},"image":{"@id":"https:\/\/psol50.org.br\/pgr-da-parecer-favoravel-a-acao-do-psol-escolas-devem-combater-discriminacao-de-genero\/#primaryimage"},"thumbnailUrl":"https:\/\/psol50.org.br\/inc\/uploads\/2019\/09\/foto-laura.jpg","datePublished":"2019-09-23T15:25:14+00:00","description":"Raquel Dodge reconheceu a import\u00e2ncia do combate a discrimina\u00e7\u00f5es por g\u00eanero, identidade e orienta\u00e7\u00e3o sexual no ambiente escolar.","breadcrumb":{"@id":"https:\/\/psol50.org.br\/pgr-da-parecer-favoravel-a-acao-do-psol-escolas-devem-combater-discriminacao-de-genero\/#breadcrumb"},"inLanguage":"pt-BR","potentialAction":[{"@type":"ReadAction","target":["https:\/\/psol50.org.br\/pgr-da-parecer-favoravel-a-acao-do-psol-escolas-devem-combater-discriminacao-de-genero\/"]}]},{"@type":"ImageObject","inLanguage":"pt-BR","@id":"https:\/\/psol50.org.br\/pgr-da-parecer-favoravel-a-acao-do-psol-escolas-devem-combater-discriminacao-de-genero\/#primaryimage","url":"https:\/\/psol50.org.br\/inc\/uploads\/2019\/09\/foto-laura.jpg","contentUrl":"https:\/\/psol50.org.br\/inc\/uploads\/2019\/09\/foto-laura.jpg","width":563,"height":388},{"@type":"BreadcrumbList","@id":"https:\/\/psol50.org.br\/pgr-da-parecer-favoravel-a-acao-do-psol-escolas-devem-combater-discriminacao-de-genero\/#breadcrumb","itemListElement":[{"@type":"ListItem","position":1,"name":"In\u00edcio","item":"https:\/\/psol50.org.br\/"},{"@type":"ListItem","position":2,"name":"PGR d\u00e1 parecer favor\u00e1vel a a\u00e7\u00e3o do PSOL: escolas devem combater discrimina\u00e7\u00e3o de g\u00eanero"}]},{"@type":"WebSite","@id":"https:\/\/psol50.org.br\/#website","url":"https:\/\/psol50.org.br\/","name":"PSOL 50","description":"Site oficial do Partido Socialismo e Liberdade","publisher":{"@id":"https:\/\/psol50.org.br\/#organization"},"alternateName":"PSOL50","potentialAction":[{"@type":"SearchAction","target":{"@type":"EntryPoint","urlTemplate":"https:\/\/psol50.org.br\/?s={search_term_string}"},"query-input":{"@type":"PropertyValueSpecification","valueRequired":true,"valueName":"search_term_string"}}],"inLanguage":"pt-BR"},{"@type":"Organization","@id":"https:\/\/psol50.org.br\/#organization","name":"PSOL 50","alternateName":"PSOL 50","url":"https:\/\/psol50.org.br\/","logo":{"@type":"ImageObject","inLanguage":"pt-BR","@id":"https:\/\/psol50.org.br\/#\/schema\/logo\/image\/","url":"https:\/\/psol50.org.br\/inc\/uploads\/2018\/07\/capa.png","contentUrl":"https:\/\/psol50.org.br\/inc\/uploads\/2018\/07\/capa.png","width":1350,"height":900,"caption":"PSOL 50"},"image":{"@id":"https:\/\/psol50.org.br\/#\/schema\/logo\/image\/"},"sameAs":["https:\/\/www.facebook.com\/psol50","https:\/\/x.com\/psol50","https:\/\/www.instagram.com\/psol50\/","https:\/\/www.youtube.com\/channel\/UC7SnJS5o1os7a6CaiNabzcg"]},{"@type":"Person","@id":"https:\/\/psol50.org.br\/#\/schema\/person\/475dfa57d0b815993c714c2e96491fcd","name":"Comunica\u00e7\u00e3o PSOL","image":{"@type":"ImageObject","inLanguage":"pt-BR","@id":"https:\/\/psol50.org.br\/#\/schema\/person\/image\/","url":"https:\/\/secure.gravatar.com\/avatar\/b34fc4f4e468a4e51785917065a3db57b841f5c95dba6ad8c73aaf8f66f8f9bf?s=96&d=mm&r=g","contentUrl":"https:\/\/secure.gravatar.com\/avatar\/b34fc4f4e468a4e51785917065a3db57b841f5c95dba6ad8c73aaf8f66f8f9bf?s=96&d=mm&r=g","caption":"Comunica\u00e7\u00e3o PSOL"}}]}},"_links":{"self":[{"href":"https:\/\/psol50.org.br\/rest\/wp\/v2\/posts\/26517","targetHints":{"allow":["GET"]}}],"collection":[{"href":"https:\/\/psol50.org.br\/rest\/wp\/v2\/posts"}],"about":[{"href":"https:\/\/psol50.org.br\/rest\/wp\/v2\/types\/post"}],"author":[{"embeddable":true,"href":"https:\/\/psol50.org.br\/rest\/wp\/v2\/users\/2"}],"replies":[{"embeddable":true,"href":"https:\/\/psol50.org.br\/rest\/wp\/v2\/comments?post=26517"}],"version-history":[{"count":0,"href":"https:\/\/psol50.org.br\/rest\/wp\/v2\/posts\/26517\/revisions"}],"wp:featuredmedia":[{"embeddable":true,"href":"https:\/\/psol50.org.br\/rest\/wp\/v2\/media\/26522"}],"wp:attachment":[{"href":"https:\/\/psol50.org.br\/rest\/wp\/v2\/media?parent=26517"}],"wp:term":[{"taxonomy":"category","embeddable":true,"href":"https:\/\/psol50.org.br\/rest\/wp\/v2\/categories?post=26517"},{"taxonomy":"post_tag","embeddable":true,"href":"https:\/\/psol50.org.br\/rest\/wp\/v2\/tags?post=26517"}],"curies":[{"name":"wp","href":"https:\/\/api.w.org\/{rel}","templated":true}]}}