{"id":26545,"date":"2019-09-27T12:21:38","date_gmt":"2019-09-27T15:21:38","guid":{"rendered":"http:\/\/psol50.org.br\/?p=26545"},"modified":"2019-09-27T12:21:38","modified_gmt":"2019-09-27T15:21:38","slug":"mulheres-do-psol-fazem-seu-maior-encontro-nacional-da-historia","status":"publish","type":"post","link":"https:\/\/psol50.org.br\/mulheres-do-psol-fazem-seu-maior-encontro-nacional-da-historia\/","title":{"rendered":"Mulheres do PSOL fazem maior Encontro Nacional da sua hist\u00f3ria"},"content":{"rendered":"<p class=\"p1\">O Setorial Nacional de Mulheres do PSOL realizou no \u00faltimo final de semana o seu maior Encontro Nacional da hist\u00f3ria. Participaram cerca de 500 mulheres, entre elas as 340 delegadas eleitas em plen\u00e1rias realizadas em todos os estados do Brasil.<\/p>\n<figure id=\"attachment_26566\" aria-describedby=\"caption-attachment-26566\" style=\"width: 1024px\" class=\"wp-caption aligncenter\"><img loading=\"lazy\" decoding=\"async\" class=\"size-large wp-image-26566\" src=\"http:\/\/psol50.org.br\/inc\/uploads\/2019\/09\/photo_2019-09-27-11.45.11-1024x682.jpeg\" alt=\"\" width=\"1024\" height=\"682\" srcset=\"https:\/\/psol50.org.br\/inc\/uploads\/2019\/09\/photo_2019-09-27-11.45.11-1024x682.jpeg 1024w, https:\/\/psol50.org.br\/inc\/uploads\/2019\/09\/photo_2019-09-27-11.45.11-300x200.jpeg 300w, https:\/\/psol50.org.br\/inc\/uploads\/2019\/09\/photo_2019-09-27-11.45.11-768x512.jpeg 768w, https:\/\/psol50.org.br\/inc\/uploads\/2019\/09\/photo_2019-09-27-11.45.11-150x100.jpeg 150w, https:\/\/psol50.org.br\/inc\/uploads\/2019\/09\/photo_2019-09-27-11.45.11-696x464.jpeg 696w, https:\/\/psol50.org.br\/inc\/uploads\/2019\/09\/photo_2019-09-27-11.45.11-1068x712.jpeg 1068w, https:\/\/psol50.org.br\/inc\/uploads\/2019\/09\/photo_2019-09-27-11.45.11.jpeg 1280w\" sizes=\"auto, (max-width: 1024px) 100vw, 1024px\" \/><figcaption id=\"caption-attachment-26566\" class=\"wp-caption-text\">Foto: Kau\u00ea Scarim\/PSOL<\/figcaption><\/figure>\n<p class=\"p1\">A abertura do encontro aconteceu na sexta-feira (20), em S\u00e3o Paulo, e contou com a presen\u00e7a de v\u00e1rias parlamentares mulheres do PSOL, dezenas de representantes de movimentos sociais, partidos e organiza\u00e7\u00f5es pol\u00edticas. Contou tamb\u00e9m com uma linda homenagem \u00e0 mem\u00f3ria e \u00e0 luta de Marielle Franco, vereadora do PSOL, cujo assassinato completa 18 meses e segue sem respostas.<\/p>\n<p>\u00a0<a href=\"http:\/\/psol50.org.br\/filie-se\/\" target=\"_blank\" rel=\"noopener noreferrer\"><img loading=\"lazy\" decoding=\"async\" class=\"aligncenter wp-image-26424\" src=\"http:\/\/psol50.org.br\/inc\/uploads\/2019\/09\/PSOL_Filia\u00e7\u00e3o-2019-11.png\" alt=\"\" width=\"168\" height=\"80\" \/><\/a><\/p>\n<p>Estiveram presentes no encontro as deputadas federais S\u00e2mia Bomfim, Tal\u00edria Petrone e Fernanda Melchionna, al\u00e9m de diversas deputadas estaduais e vereadoras da Bancada Feminista do PSOL.<\/p>\n<figure id=\"attachment_26578\" aria-describedby=\"caption-attachment-26578\" style=\"width: 300px\" class=\"wp-caption alignnone\"><img loading=\"lazy\" decoding=\"async\" class=\"wp-image-26578 size-medium\" src=\"http:\/\/psol50.org.br\/inc\/uploads\/2019\/09\/photo_2019-09-27-11.47.31-300x200.jpeg\" alt=\"\" width=\"300\" height=\"200\" srcset=\"https:\/\/psol50.org.br\/inc\/uploads\/2019\/09\/photo_2019-09-27-11.47.31-300x200.jpeg 300w, https:\/\/psol50.org.br\/inc\/uploads\/2019\/09\/photo_2019-09-27-11.47.31-1024x682.jpeg 1024w, https:\/\/psol50.org.br\/inc\/uploads\/2019\/09\/photo_2019-09-27-11.47.31-768x512.jpeg 768w, https:\/\/psol50.org.br\/inc\/uploads\/2019\/09\/photo_2019-09-27-11.47.31-150x100.jpeg 150w, https:\/\/psol50.org.br\/inc\/uploads\/2019\/09\/photo_2019-09-27-11.47.31-696x464.jpeg 696w, https:\/\/psol50.org.br\/inc\/uploads\/2019\/09\/photo_2019-09-27-11.47.31-1068x712.jpeg 1068w, https:\/\/psol50.org.br\/inc\/uploads\/2019\/09\/photo_2019-09-27-11.47.31.jpeg 1280w\" sizes=\"auto, (max-width: 300px) 100vw, 300px\" \/><figcaption id=\"caption-attachment-26578\" class=\"wp-caption-text\">S\u00e2mia Bomfim, deputada federal<\/figcaption><\/figure>\n<figure id=\"attachment_26575\" aria-describedby=\"caption-attachment-26575\" style=\"width: 300px\" class=\"wp-caption alignnone\"><img loading=\"lazy\" decoding=\"async\" class=\"wp-image-26575 size-medium\" src=\"http:\/\/psol50.org.br\/inc\/uploads\/2019\/09\/photo_2019-09-27-11.47.51-300x200.jpeg\" alt=\"\" width=\"300\" height=\"200\" srcset=\"https:\/\/psol50.org.br\/inc\/uploads\/2019\/09\/photo_2019-09-27-11.47.51-300x200.jpeg 300w, https:\/\/psol50.org.br\/inc\/uploads\/2019\/09\/photo_2019-09-27-11.47.51-1024x682.jpeg 1024w, https:\/\/psol50.org.br\/inc\/uploads\/2019\/09\/photo_2019-09-27-11.47.51-768x512.jpeg 768w, https:\/\/psol50.org.br\/inc\/uploads\/2019\/09\/photo_2019-09-27-11.47.51-150x100.jpeg 150w, https:\/\/psol50.org.br\/inc\/uploads\/2019\/09\/photo_2019-09-27-11.47.51-696x464.jpeg 696w, https:\/\/psol50.org.br\/inc\/uploads\/2019\/09\/photo_2019-09-27-11.47.51-1068x712.jpeg 1068w, https:\/\/psol50.org.br\/inc\/uploads\/2019\/09\/photo_2019-09-27-11.47.51.jpeg 1280w\" sizes=\"auto, (max-width: 300px) 100vw, 300px\" \/><figcaption id=\"caption-attachment-26575\" class=\"wp-caption-text\">Tal\u00edria Petrone, deputada federal<\/figcaption><\/figure>\n<figure id=\"attachment_26576\" aria-describedby=\"caption-attachment-26576\" style=\"width: 300px\" class=\"wp-caption alignnone\"><img loading=\"lazy\" decoding=\"async\" class=\"size-medium wp-image-26576\" src=\"http:\/\/psol50.org.br\/inc\/uploads\/2019\/09\/photo_2019-09-27-11.47.45-300x200.jpeg\" alt=\"\" width=\"300\" height=\"200\" srcset=\"https:\/\/psol50.org.br\/inc\/uploads\/2019\/09\/photo_2019-09-27-11.47.45-300x200.jpeg 300w, https:\/\/psol50.org.br\/inc\/uploads\/2019\/09\/photo_2019-09-27-11.47.45-1024x682.jpeg 1024w, https:\/\/psol50.org.br\/inc\/uploads\/2019\/09\/photo_2019-09-27-11.47.45-768x512.jpeg 768w, https:\/\/psol50.org.br\/inc\/uploads\/2019\/09\/photo_2019-09-27-11.47.45-150x100.jpeg 150w, https:\/\/psol50.org.br\/inc\/uploads\/2019\/09\/photo_2019-09-27-11.47.45-696x464.jpeg 696w, https:\/\/psol50.org.br\/inc\/uploads\/2019\/09\/photo_2019-09-27-11.47.45-1068x712.jpeg 1068w, https:\/\/psol50.org.br\/inc\/uploads\/2019\/09\/photo_2019-09-27-11.47.45.jpeg 1280w\" sizes=\"auto, (max-width: 300px) 100vw, 300px\" \/><figcaption id=\"caption-attachment-26576\" class=\"wp-caption-text\">Fernanda Melchionna, deputada federal<\/figcaption><\/figure>\n<p>No s\u00e1bado e no domingo os debates seguiram em Aruj\u00e1, na Grande S\u00e3o Paulo, e diversas resolu\u00e7\u00f5es e mo\u00e7\u00f5es foram aprovadas para definir a pol\u00edtica da luta feminista no PSOL no pr\u00f3ximo per\u00edodo. A luta contra a agenda de retrocessos do governo Bolsonaro, que tenta cada vez mais tutelar o corpo das mulheres e retirar seus direitos \u00e9 a prioridade n\u00famero um. As mulheres negras eram maioria no encontro do PSOL, que tamb\u00e9m contou com importante participa\u00e7\u00e3o de mulheres LGBT, em especial de mulheres transexuais.<\/p>\n<figure id=\"attachment_26573\" aria-describedby=\"caption-attachment-26573\" style=\"width: 300px\" class=\"wp-caption alignnone\"><img loading=\"lazy\" decoding=\"async\" class=\"size-medium wp-image-26573\" src=\"http:\/\/psol50.org.br\/inc\/uploads\/2019\/09\/photo_2019-09-27-11.48.01-300x200.jpeg\" alt=\"\" width=\"300\" height=\"200\" srcset=\"https:\/\/psol50.org.br\/inc\/uploads\/2019\/09\/photo_2019-09-27-11.48.01-300x200.jpeg 300w, https:\/\/psol50.org.br\/inc\/uploads\/2019\/09\/photo_2019-09-27-11.48.01-1024x682.jpeg 1024w, https:\/\/psol50.org.br\/inc\/uploads\/2019\/09\/photo_2019-09-27-11.48.01-768x512.jpeg 768w, https:\/\/psol50.org.br\/inc\/uploads\/2019\/09\/photo_2019-09-27-11.48.01-150x100.jpeg 150w, https:\/\/psol50.org.br\/inc\/uploads\/2019\/09\/photo_2019-09-27-11.48.01-696x464.jpeg 696w, https:\/\/psol50.org.br\/inc\/uploads\/2019\/09\/photo_2019-09-27-11.48.01-1068x712.jpeg 1068w, https:\/\/psol50.org.br\/inc\/uploads\/2019\/09\/photo_2019-09-27-11.48.01.jpeg 1280w\" sizes=\"auto, (max-width: 300px) 100vw, 300px\" \/><figcaption id=\"caption-attachment-26573\" class=\"wp-caption-text\">\u00c9rica Malunguinho, deputada estadual (SP)<\/figcaption><\/figure>\n<figure id=\"attachment_26577\" aria-describedby=\"caption-attachment-26577\" style=\"width: 300px\" class=\"wp-caption alignnone\"><img loading=\"lazy\" decoding=\"async\" class=\"wp-image-26577 size-medium\" src=\"http:\/\/psol50.org.br\/inc\/uploads\/2019\/09\/photo_2019-09-27-11.47.23-300x200.jpeg\" alt=\"\" width=\"300\" height=\"200\" srcset=\"https:\/\/psol50.org.br\/inc\/uploads\/2019\/09\/photo_2019-09-27-11.47.23-300x200.jpeg 300w, https:\/\/psol50.org.br\/inc\/uploads\/2019\/09\/photo_2019-09-27-11.47.23-1024x682.jpeg 1024w, https:\/\/psol50.org.br\/inc\/uploads\/2019\/09\/photo_2019-09-27-11.47.23-768x512.jpeg 768w, https:\/\/psol50.org.br\/inc\/uploads\/2019\/09\/photo_2019-09-27-11.47.23-150x100.jpeg 150w, https:\/\/psol50.org.br\/inc\/uploads\/2019\/09\/photo_2019-09-27-11.47.23-696x464.jpeg 696w, https:\/\/psol50.org.br\/inc\/uploads\/2019\/09\/photo_2019-09-27-11.47.23-1068x712.jpeg 1068w, https:\/\/psol50.org.br\/inc\/uploads\/2019\/09\/photo_2019-09-27-11.47.23.jpeg 1280w\" sizes=\"auto, (max-width: 300px) 100vw, 300px\" \/><figcaption id=\"caption-attachment-26577\" class=\"wp-caption-text\">Dani Monteiro, deputada estadual (RJ)<\/figcaption><\/figure>\n<figure id=\"attachment_26572\" aria-describedby=\"caption-attachment-26572\" style=\"width: 300px\" class=\"wp-caption alignnone\"><img loading=\"lazy\" decoding=\"async\" class=\"wp-image-26572 size-medium\" src=\"http:\/\/psol50.org.br\/inc\/uploads\/2019\/09\/photo_2019-09-27-11.48.29-300x200.jpeg\" alt=\"\" width=\"300\" height=\"200\" srcset=\"https:\/\/psol50.org.br\/inc\/uploads\/2019\/09\/photo_2019-09-27-11.48.29-300x200.jpeg 300w, https:\/\/psol50.org.br\/inc\/uploads\/2019\/09\/photo_2019-09-27-11.48.29-1024x682.jpeg 1024w, https:\/\/psol50.org.br\/inc\/uploads\/2019\/09\/photo_2019-09-27-11.48.29-768x512.jpeg 768w, https:\/\/psol50.org.br\/inc\/uploads\/2019\/09\/photo_2019-09-27-11.48.29-150x100.jpeg 150w, https:\/\/psol50.org.br\/inc\/uploads\/2019\/09\/photo_2019-09-27-11.48.29-696x464.jpeg 696w, https:\/\/psol50.org.br\/inc\/uploads\/2019\/09\/photo_2019-09-27-11.48.29-1068x712.jpeg 1068w, https:\/\/psol50.org.br\/inc\/uploads\/2019\/09\/photo_2019-09-27-11.48.29.jpeg 1280w\" sizes=\"auto, (max-width: 300px) 100vw, 300px\" \/><figcaption id=\"caption-attachment-26572\" class=\"wp-caption-text\">Luciana Genro, deputada estadual (RS)<\/figcaption><\/figure>\n<figure id=\"attachment_26574\" aria-describedby=\"caption-attachment-26574\" style=\"width: 300px\" class=\"wp-caption alignnone\"><img loading=\"lazy\" decoding=\"async\" class=\"wp-image-26574 size-medium\" src=\"http:\/\/psol50.org.br\/inc\/uploads\/2019\/09\/photo_2019-09-27-11.48.15-300x200.jpeg\" alt=\"\" width=\"300\" height=\"200\" srcset=\"https:\/\/psol50.org.br\/inc\/uploads\/2019\/09\/photo_2019-09-27-11.48.15-300x200.jpeg 300w, https:\/\/psol50.org.br\/inc\/uploads\/2019\/09\/photo_2019-09-27-11.48.15-1024x682.jpeg 1024w, https:\/\/psol50.org.br\/inc\/uploads\/2019\/09\/photo_2019-09-27-11.48.15-768x512.jpeg 768w, https:\/\/psol50.org.br\/inc\/uploads\/2019\/09\/photo_2019-09-27-11.48.15-150x100.jpeg 150w, https:\/\/psol50.org.br\/inc\/uploads\/2019\/09\/photo_2019-09-27-11.48.15-696x464.jpeg 696w, https:\/\/psol50.org.br\/inc\/uploads\/2019\/09\/photo_2019-09-27-11.48.15-1068x712.jpeg 1068w, https:\/\/psol50.org.br\/inc\/uploads\/2019\/09\/photo_2019-09-27-11.48.15.jpeg 1280w\" sizes=\"auto, (max-width: 300px) 100vw, 300px\" \/><figcaption id=\"caption-attachment-26574\" class=\"wp-caption-text\">M\u00f4nica Francisco, deputada estadual (RJ)<\/figcaption><\/figure>\n<p>Ser\u00e1 atrav\u00e9s do fortalecimento das lutas das mulheres, negros e negras, LGBTs, dos jovens e de diversos setores populares que se mobilizam, que ser\u00e1 poss\u00edvel derrotar a pol\u00edtica de morte e do atraso de Bolsonaro.<\/p>\n<figure id=\"attachment_26569\" aria-describedby=\"caption-attachment-26569\" style=\"width: 300px\" class=\"wp-caption alignnone\"><img loading=\"lazy\" decoding=\"async\" class=\"size-medium wp-image-26569\" src=\"http:\/\/psol50.org.br\/inc\/uploads\/2019\/09\/photo_2019-09-27-11.48.40-300x200.jpeg\" alt=\"\" width=\"300\" height=\"200\" srcset=\"https:\/\/psol50.org.br\/inc\/uploads\/2019\/09\/photo_2019-09-27-11.48.40-300x200.jpeg 300w, https:\/\/psol50.org.br\/inc\/uploads\/2019\/09\/photo_2019-09-27-11.48.40-1024x682.jpeg 1024w, https:\/\/psol50.org.br\/inc\/uploads\/2019\/09\/photo_2019-09-27-11.48.40-768x512.jpeg 768w, https:\/\/psol50.org.br\/inc\/uploads\/2019\/09\/photo_2019-09-27-11.48.40-150x100.jpeg 150w, https:\/\/psol50.org.br\/inc\/uploads\/2019\/09\/photo_2019-09-27-11.48.40-696x464.jpeg 696w, https:\/\/psol50.org.br\/inc\/uploads\/2019\/09\/photo_2019-09-27-11.48.40-1068x712.jpeg 1068w, https:\/\/psol50.org.br\/inc\/uploads\/2019\/09\/photo_2019-09-27-11.48.40.jpeg 1280w\" sizes=\"auto, (max-width: 300px) 100vw, 300px\" \/><figcaption id=\"caption-attachment-26569\" class=\"wp-caption-text\">M\u00f4nica Seixas, deputada estadual pela Bancada Ativista (SP)<\/figcaption><\/figure>\n<figure id=\"attachment_26571\" aria-describedby=\"caption-attachment-26571\" style=\"width: 300px\" class=\"wp-caption alignnone\"><img loading=\"lazy\" decoding=\"async\" class=\"wp-image-26571 size-medium\" src=\"http:\/\/psol50.org.br\/inc\/uploads\/2019\/09\/photo_2019-09-27-11.48.24-300x200.jpeg\" alt=\"\" width=\"300\" height=\"200\" srcset=\"https:\/\/psol50.org.br\/inc\/uploads\/2019\/09\/photo_2019-09-27-11.48.24-300x200.jpeg 300w, https:\/\/psol50.org.br\/inc\/uploads\/2019\/09\/photo_2019-09-27-11.48.24-1024x682.jpeg 1024w, https:\/\/psol50.org.br\/inc\/uploads\/2019\/09\/photo_2019-09-27-11.48.24-768x512.jpeg 768w, https:\/\/psol50.org.br\/inc\/uploads\/2019\/09\/photo_2019-09-27-11.48.24-150x100.jpeg 150w, https:\/\/psol50.org.br\/inc\/uploads\/2019\/09\/photo_2019-09-27-11.48.24-696x464.jpeg 696w, https:\/\/psol50.org.br\/inc\/uploads\/2019\/09\/photo_2019-09-27-11.48.24-1068x712.jpeg 1068w, https:\/\/psol50.org.br\/inc\/uploads\/2019\/09\/photo_2019-09-27-11.48.24.jpeg 1280w\" sizes=\"auto, (max-width: 300px) 100vw, 300px\" \/><figcaption id=\"caption-attachment-26571\" class=\"wp-caption-text\">Karen Santos, vereadora (Porto Alegre, RS)<\/figcaption><\/figure>\n<figure id=\"attachment_26570\" aria-describedby=\"caption-attachment-26570\" style=\"width: 300px\" class=\"wp-caption alignnone\"><img loading=\"lazy\" decoding=\"async\" class=\"wp-image-26570 size-medium\" src=\"http:\/\/psol50.org.br\/inc\/uploads\/2019\/09\/photo_2019-09-27-11.48.21-300x200.jpeg\" alt=\"\" width=\"300\" height=\"200\" srcset=\"https:\/\/psol50.org.br\/inc\/uploads\/2019\/09\/photo_2019-09-27-11.48.21-300x200.jpeg 300w, https:\/\/psol50.org.br\/inc\/uploads\/2019\/09\/photo_2019-09-27-11.48.21-1024x682.jpeg 1024w, https:\/\/psol50.org.br\/inc\/uploads\/2019\/09\/photo_2019-09-27-11.48.21-768x512.jpeg 768w, https:\/\/psol50.org.br\/inc\/uploads\/2019\/09\/photo_2019-09-27-11.48.21-150x100.jpeg 150w, https:\/\/psol50.org.br\/inc\/uploads\/2019\/09\/photo_2019-09-27-11.48.21-696x464.jpeg 696w, https:\/\/psol50.org.br\/inc\/uploads\/2019\/09\/photo_2019-09-27-11.48.21-1068x712.jpeg 1068w, https:\/\/psol50.org.br\/inc\/uploads\/2019\/09\/photo_2019-09-27-11.48.21.jpeg 1280w\" sizes=\"auto, (max-width: 300px) 100vw, 300px\" \/><figcaption id=\"caption-attachment-26570\" class=\"wp-caption-text\">Enfermeira Nazar\u00e9, vereadora (Bel\u00e9m, PA)<\/figcaption><\/figure>\n<figure id=\"attachment_26568\" aria-describedby=\"caption-attachment-26568\" style=\"width: 300px\" class=\"wp-caption alignnone\"><img loading=\"lazy\" decoding=\"async\" class=\"wp-image-26568 size-medium\" src=\"http:\/\/psol50.org.br\/inc\/uploads\/2019\/09\/photo_2019-09-27-11.48.35-300x200.jpeg\" alt=\"\" width=\"300\" height=\"200\" srcset=\"https:\/\/psol50.org.br\/inc\/uploads\/2019\/09\/photo_2019-09-27-11.48.35-300x200.jpeg 300w, https:\/\/psol50.org.br\/inc\/uploads\/2019\/09\/photo_2019-09-27-11.48.35-1024x682.jpeg 1024w, https:\/\/psol50.org.br\/inc\/uploads\/2019\/09\/photo_2019-09-27-11.48.35-768x512.jpeg 768w, https:\/\/psol50.org.br\/inc\/uploads\/2019\/09\/photo_2019-09-27-11.48.35-150x100.jpeg 150w, https:\/\/psol50.org.br\/inc\/uploads\/2019\/09\/photo_2019-09-27-11.48.35-696x464.jpeg 696w, https:\/\/psol50.org.br\/inc\/uploads\/2019\/09\/photo_2019-09-27-11.48.35-1068x712.jpeg 1068w, https:\/\/psol50.org.br\/inc\/uploads\/2019\/09\/photo_2019-09-27-11.48.35.jpeg 1280w\" sizes=\"auto, (max-width: 300px) 100vw, 300px\" \/><figcaption id=\"caption-attachment-26568\" class=\"wp-caption-text\">Fernanda Garcia, vereadora (Sorocaba, SP)<\/figcaption><\/figure>\n<figure id=\"attachment_26567\" aria-describedby=\"caption-attachment-26567\" style=\"width: 300px\" class=\"wp-caption alignnone\"><img loading=\"lazy\" decoding=\"async\" class=\"wp-image-26567 size-medium\" src=\"http:\/\/psol50.org.br\/inc\/uploads\/2019\/09\/photo_2019-09-27-11.48.33-300x200.jpeg\" alt=\"\" width=\"300\" height=\"200\" srcset=\"https:\/\/psol50.org.br\/inc\/uploads\/2019\/09\/photo_2019-09-27-11.48.33-300x200.jpeg 300w, https:\/\/psol50.org.br\/inc\/uploads\/2019\/09\/photo_2019-09-27-11.48.33-1024x682.jpeg 1024w, https:\/\/psol50.org.br\/inc\/uploads\/2019\/09\/photo_2019-09-27-11.48.33-768x512.jpeg 768w, https:\/\/psol50.org.br\/inc\/uploads\/2019\/09\/photo_2019-09-27-11.48.33-150x100.jpeg 150w, https:\/\/psol50.org.br\/inc\/uploads\/2019\/09\/photo_2019-09-27-11.48.33-696x464.jpeg 696w, https:\/\/psol50.org.br\/inc\/uploads\/2019\/09\/photo_2019-09-27-11.48.33-1068x712.jpeg 1068w, https:\/\/psol50.org.br\/inc\/uploads\/2019\/09\/photo_2019-09-27-11.48.33.jpeg 1280w\" sizes=\"auto, (max-width: 300px) 100vw, 300px\" \/><figcaption id=\"caption-attachment-26567\" class=\"wp-caption-text\">Mariana Conti, vereadora (Campinas, SP)<\/figcaption><\/figure>\n<p>&nbsp;<\/p>\n<h5>Leia as resolu\u00e7\u00f5es e mo\u00e7\u00f5es aprovadas na \u00edntegra:<\/h5>\n<p><a href=\"http:\/\/psol50.org.br\/inc\/uploads\/2019\/09\/Resolucao-1-Conjuntura.pdf\"><strong>Resolu\u00e7\u00e3o de Conjuntura | Ele na\u0303o: Unificar as mulheres para enfrentar Bolsonaro!<\/strong><\/a><\/p>\n<p><strong><a href=\"http:\/\/psol50.org.br\/inc\/uploads\/2019\/09\/Resolucao-2-Plano-de-Lutas-e-Campanhas.pdf\">Resolu\u00e7\u00e3o de Plano de Lutas | Calend\u00e1rio de lutas e campanhas das mulheres do PSOL<\/a><\/strong><\/p>\n<p><strong><a href=\"http:\/\/psol50.org.br\/inc\/uploads\/2019\/09\/Resolucao-3-Perfil-e-funcionamento.pdf\">Resolu\u00e7\u00e3o de Perfil e Funcionamento do Setorial Nacional de Mulheres do PSOL<\/a><\/strong><\/p>\n<p><strong><a href=\"http:\/\/psol50.org.br\/inc\/uploads\/2019\/09\/Resolucao-4-Politica-de-formacao.pdf\">Resolu\u00e7\u00e3o de Pol\u00edtica de Forma\u00e7\u00e3o Feminista do PSOL<\/a><\/strong><\/p>\n<p><strong><a href=\"http:\/\/psol50.org.br\/inc\/uploads\/2019\/09\/Resolucao-5-Comissao-de-Etica.pdf\">Resolu\u00e7\u00e3o sobre casos de machismo, racismo e lgbtfobia na Comiss\u00e3o de \u00c9tica<\/a><\/strong><\/p>\n<p><strong><a href=\"http:\/\/psol50.org.br\/inc\/uploads\/2019\/09\/Resolucao-6-Balanco.pdf\">Resolu\u00e7\u00e3o de balan\u00e7o sobre o hist\u00f3rico do Setorial Nacional de Mulheres do PSOL<\/a><\/strong><\/p>\n<p><strong><a href=\"http:\/\/psol50.org.br\/inc\/uploads\/2019\/09\/Resolucao-7-Encontro-Nacional-de-Mulheres.pdf\">Resolu\u00e7\u00e3o pela constru\u00e7\u00e3o de um grande e hist\u00f3rico Encontro Nacional de Mulheres do Brasil<\/a><\/strong><\/p>\n<p><a href=\"http:\/\/psol50.org.br\/inc\/uploads\/2019\/09\/Resolucao-8-Sobre-mulheres-negras-corrigida.pdf\"><strong>Resolu\u00e7\u00e3o das mulheres negras do PSOL<\/strong><\/a><\/p>\n<p><strong><a href=\"http:\/\/psol50.org.br\/inc\/uploads\/2019\/09\/Resolucao-9-Sobre-Mulheres-Trans.pdf\">Resolu\u00e7\u00e3o das mulheres trans do PSOL<\/a><\/strong><\/p>\n<p><strong><a href=\"http:\/\/psol50.org.br\/inc\/uploads\/2019\/09\/Resolucao-10-Povos-e-comunidades-tradicionais-de-matriz-africana.pdf\">Resolu\u00e7\u00e3o dos povos e comunidades tradicionais de matriz africana<\/a><\/strong><\/p>\n<p><strong><a href=\"http:\/\/psol50.org.br\/inc\/uploads\/2019\/09\/Resolucao-11-Mulheres-Indigenas.pdf\">Resolu\u00e7\u00e3o por uma pol\u00edtica afirmativa para as mulheres ind\u00edgenas do PSOL<\/a><\/strong><\/p>\n<p>&nbsp;<\/p>\n<h5>Mo\u00e7\u00f5es aprovadas no Encontro Nacional de Mulheres do PSOL<\/h5>\n<p><strong><a href=\"http:\/\/psol50.org.br\/inc\/uploads\/2019\/09\/Mocao-1.pdf\">Mo\u00e7\u00e3o de Educa\u00e7\u00e3o | Em defesa da Educac\u0327a\u0303o, da Previde\u0302ncia e das trabalhadoras<\/a><\/strong><\/p>\n<p><strong><a href=\"http:\/\/psol50.org.br\/inc\/uploads\/2019\/09\/Mocao-2.pdf\">Mo\u00e7\u00e3o da Campanha pela Legaliza\u00e7\u00e3o do Aborto<\/a><\/strong><\/p>\n<p><strong><a href=\"http:\/\/psol50.org.br\/inc\/uploads\/2019\/09\/Mocao-3.pdf\">Mo\u00e7\u00e3o Ecofeminista em defesa do Ecossocialismo<\/a><\/strong><\/p>\n<p><strong><a href=\"http:\/\/psol50.org.br\/inc\/uploads\/2019\/09\/Mocao-4.pdf\">Mo\u00e7\u00e3o de rep\u00fadio \u00e0 resolu\u00e7\u00e3o do Conselho Federal de Medicina<\/a><\/strong><\/p>\n<p><strong><a href=\"http:\/\/psol50.org.br\/inc\/uploads\/2019\/09\/Mocao-5.pdf\">Mo\u00e7\u00e3o de Justi\u00e7a por Marielle Franco<\/a><\/strong><\/p>\n<p><strong><a href=\"http:\/\/psol50.org.br\/inc\/uploads\/2019\/09\/Mocao-6.pdf\">Mo\u00e7\u00e3o em defesa da Amaz\u00f4nia<\/a><\/strong><\/p>\n<p><strong><a href=\"http:\/\/psol50.org.br\/inc\/uploads\/2019\/09\/Mocao-7.pdf\">Mo\u00e7\u00e3o sobre o debate de g\u00eanero na inf\u00e2ncia<\/a><\/strong><\/p>\n<p>&nbsp;<\/p>\n<p><a href=\"http:\/\/psol50.org.br\/filie-se\/\" target=\"_blank\" rel=\"noopener noreferrer\"><img loading=\"lazy\" decoding=\"async\" class=\"aligncenter wp-image-26424\" src=\"http:\/\/psol50.org.br\/inc\/uploads\/2019\/09\/PSOL_Filia\u00e7\u00e3o-2019-11.png\" alt=\"\" width=\"168\" height=\"80\" \/><\/a><\/p>\n","protected":false},"excerpt":{"rendered":"<p>O Setorial Nacional de Mulheres do PSOL realizou no \u00faltimo final de semana o seu maior Encontro Nacional da hist\u00f3ria. Participaram cerca de 500 mulheres, entre elas as 340 delegadas eleitas em plen\u00e1rias realizadas em todos os estados do Brasil. A abertura do encontro aconteceu na sexta-feira (20), em S\u00e3o Paulo, e contou com a [&hellip;]<\/p>\n","protected":false},"author":2,"featured_media":26580,"comment_status":"closed","ping_status":"open","sticky":false,"template":"","format":"standard","meta":{"_acf_changed":false,"footnotes":""},"categories":[49,6,14],"tags":[56,335,30,309,4,22],"class_list":{"0":"post-26545","1":"post","2":"type-post","3":"status-publish","4":"format-standard","5":"has-post-thumbnail","7":"category-mulheres","8":"category-noticias","9":"category-partido","10":"tag-bolsonaro","11":"tag-elenao","12":"tag-feminismo","13":"tag-feminista","14":"tag-mulheres","15":"tag-psol"},"acf":[],"yoast_head":"<!-- This site is optimized with the Yoast SEO plugin v26.5 - https:\/\/yoast.com\/wordpress\/plugins\/seo\/ -->\n<title>Mulheres do PSOL fazem maior Encontro Nacional da sua hist\u00f3ria<\/title>\n<meta name=\"description\" content=\"Cerca de 500 mulheres se reuniram para definir as prioridades da luta feminista no PSOL no pr\u00f3ximo per\u00edodo\" \/>\n<meta name=\"robots\" content=\"index, follow, max-snippet:-1, max-image-preview:large, max-video-preview:-1\" \/>\n<link rel=\"canonical\" href=\"https:\/\/psol50.org.br\/mulheres-do-psol-fazem-seu-maior-encontro-nacional-da-historia\/\" \/>\n<meta property=\"og:locale\" content=\"pt_BR\" \/>\n<meta property=\"og:type\" content=\"article\" \/>\n<meta property=\"og:title\" content=\"Mulheres do PSOL fazem maior Encontro Nacional da sua hist\u00f3ria\" \/>\n<meta property=\"og:description\" content=\"Cerca de 500 mulheres se reuniram para definir as prioridades da luta feminista no PSOL no pr\u00f3ximo per\u00edodo\" \/>\n<meta property=\"og:url\" content=\"https:\/\/psol50.org.br\/mulheres-do-psol-fazem-seu-maior-encontro-nacional-da-historia\/\" \/>\n<meta property=\"og:site_name\" content=\"PSOL 50\" \/>\n<meta property=\"article:publisher\" content=\"https:\/\/www.facebook.com\/psol50\" \/>\n<meta property=\"article:published_time\" content=\"2019-09-27T15:21:38+00:00\" \/>\n<meta property=\"og:image\" content=\"https:\/\/psol50.org.br\/inc\/uploads\/2019\/09\/photo_2019-09-27-11.44.28.jpeg\" \/>\n\t<meta property=\"og:image:width\" content=\"1800\" \/>\n\t<meta property=\"og:image:height\" content=\"1200\" \/>\n\t<meta property=\"og:image:type\" content=\"image\/jpeg\" \/>\n<meta name=\"author\" content=\"Comunica\u00e7\u00e3o PSOL\" \/>\n<meta name=\"twitter:card\" content=\"summary_large_image\" \/>\n<meta name=\"twitter:title\" content=\"Mulheres do PSOL fazem maior Encontro Nacional da sua hist\u00f3ria\" \/>\n<meta name=\"twitter:description\" content=\"Cerca de 500 mulheres se reuniram para definir as prioridades da luta feminista no PSOL no pr\u00f3ximo per\u00edodo\" \/>\n<meta name=\"twitter:image\" content=\"https:\/\/psol50.org.br\/inc\/uploads\/2019\/09\/photo_2019-09-27-11.44.28.jpeg\" \/>\n<meta name=\"twitter:creator\" content=\"@psol50\" \/>\n<meta name=\"twitter:site\" content=\"@psol50\" \/>\n<meta name=\"twitter:label1\" content=\"Escrito por\" \/>\n\t<meta name=\"twitter:data1\" content=\"Comunica\u00e7\u00e3o PSOL\" \/>\n\t<meta name=\"twitter:label2\" content=\"Est. tempo de leitura\" \/>\n\t<meta name=\"twitter:data2\" content=\"3 minutos\" \/>\n<script type=\"application\/ld+json\" class=\"yoast-schema-graph\">{\"@context\":\"https:\/\/schema.org\",\"@graph\":[{\"@type\":\"Article\",\"@id\":\"https:\/\/psol50.org.br\/mulheres-do-psol-fazem-seu-maior-encontro-nacional-da-historia\/#article\",\"isPartOf\":{\"@id\":\"https:\/\/psol50.org.br\/mulheres-do-psol-fazem-seu-maior-encontro-nacional-da-historia\/\"},\"author\":{\"name\":\"Comunica\u00e7\u00e3o PSOL\",\"@id\":\"https:\/\/psol50.org.br\/#\/schema\/person\/475dfa57d0b815993c714c2e96491fcd\"},\"headline\":\"Mulheres do PSOL fazem maior Encontro Nacional da sua hist\u00f3ria\",\"datePublished\":\"2019-09-27T15:21:38+00:00\",\"mainEntityOfPage\":{\"@id\":\"https:\/\/psol50.org.br\/mulheres-do-psol-fazem-seu-maior-encontro-nacional-da-historia\/\"},\"wordCount\":666,\"publisher\":{\"@id\":\"https:\/\/psol50.org.br\/#organization\"},\"image\":{\"@id\":\"https:\/\/psol50.org.br\/mulheres-do-psol-fazem-seu-maior-encontro-nacional-da-historia\/#primaryimage\"},\"thumbnailUrl\":\"https:\/\/psol50.org.br\/inc\/uploads\/2019\/09\/photo_2019-09-27-11.44.28.jpeg\",\"keywords\":[\"Bolsonaro\",\"elen\u00e3o\",\"feminismo\",\"feminista\",\"mulheres\",\"PSOL\"],\"articleSection\":[\"Mulheres\",\"Not\u00edcias\",\"Partido\"],\"inLanguage\":\"pt-BR\"},{\"@type\":\"WebPage\",\"@id\":\"https:\/\/psol50.org.br\/mulheres-do-psol-fazem-seu-maior-encontro-nacional-da-historia\/\",\"url\":\"https:\/\/psol50.org.br\/mulheres-do-psol-fazem-seu-maior-encontro-nacional-da-historia\/\",\"name\":\"Mulheres do PSOL fazem maior Encontro Nacional da sua hist\u00f3ria\",\"isPartOf\":{\"@id\":\"https:\/\/psol50.org.br\/#website\"},\"primaryImageOfPage\":{\"@id\":\"https:\/\/psol50.org.br\/mulheres-do-psol-fazem-seu-maior-encontro-nacional-da-historia\/#primaryimage\"},\"image\":{\"@id\":\"https:\/\/psol50.org.br\/mulheres-do-psol-fazem-seu-maior-encontro-nacional-da-historia\/#primaryimage\"},\"thumbnailUrl\":\"https:\/\/psol50.org.br\/inc\/uploads\/2019\/09\/photo_2019-09-27-11.44.28.jpeg\",\"datePublished\":\"2019-09-27T15:21:38+00:00\",\"description\":\"Cerca de 500 mulheres se reuniram para definir as prioridades da luta feminista no PSOL no pr\u00f3ximo per\u00edodo\",\"breadcrumb\":{\"@id\":\"https:\/\/psol50.org.br\/mulheres-do-psol-fazem-seu-maior-encontro-nacional-da-historia\/#breadcrumb\"},\"inLanguage\":\"pt-BR\",\"potentialAction\":[{\"@type\":\"ReadAction\",\"target\":[\"https:\/\/psol50.org.br\/mulheres-do-psol-fazem-seu-maior-encontro-nacional-da-historia\/\"]}]},{\"@type\":\"ImageObject\",\"inLanguage\":\"pt-BR\",\"@id\":\"https:\/\/psol50.org.br\/mulheres-do-psol-fazem-seu-maior-encontro-nacional-da-historia\/#primaryimage\",\"url\":\"https:\/\/psol50.org.br\/inc\/uploads\/2019\/09\/photo_2019-09-27-11.44.28.jpeg\",\"contentUrl\":\"https:\/\/psol50.org.br\/inc\/uploads\/2019\/09\/photo_2019-09-27-11.44.28.jpeg\",\"width\":1800,\"height\":1200,\"caption\":\"Foto: Mel Coelho\"},{\"@type\":\"BreadcrumbList\",\"@id\":\"https:\/\/psol50.org.br\/mulheres-do-psol-fazem-seu-maior-encontro-nacional-da-historia\/#breadcrumb\",\"itemListElement\":[{\"@type\":\"ListItem\",\"position\":1,\"name\":\"In\u00edcio\",\"item\":\"https:\/\/psol50.org.br\/\"},{\"@type\":\"ListItem\",\"position\":2,\"name\":\"Mulheres do PSOL fazem maior Encontro Nacional da sua hist\u00f3ria\"}]},{\"@type\":\"WebSite\",\"@id\":\"https:\/\/psol50.org.br\/#website\",\"url\":\"https:\/\/psol50.org.br\/\",\"name\":\"PSOL 50\",\"description\":\"Site oficial do Partido Socialismo e Liberdade\",\"publisher\":{\"@id\":\"https:\/\/psol50.org.br\/#organization\"},\"alternateName\":\"PSOL50\",\"potentialAction\":[{\"@type\":\"SearchAction\",\"target\":{\"@type\":\"EntryPoint\",\"urlTemplate\":\"https:\/\/psol50.org.br\/?s={search_term_string}\"},\"query-input\":{\"@type\":\"PropertyValueSpecification\",\"valueRequired\":true,\"valueName\":\"search_term_string\"}}],\"inLanguage\":\"pt-BR\"},{\"@type\":\"Organization\",\"@id\":\"https:\/\/psol50.org.br\/#organization\",\"name\":\"PSOL 50\",\"alternateName\":\"PSOL 50\",\"url\":\"https:\/\/psol50.org.br\/\",\"logo\":{\"@type\":\"ImageObject\",\"inLanguage\":\"pt-BR\",\"@id\":\"https:\/\/psol50.org.br\/#\/schema\/logo\/image\/\",\"url\":\"https:\/\/psol50.org.br\/inc\/uploads\/2018\/07\/capa.png\",\"contentUrl\":\"https:\/\/psol50.org.br\/inc\/uploads\/2018\/07\/capa.png\",\"width\":1350,\"height\":900,\"caption\":\"PSOL 50\"},\"image\":{\"@id\":\"https:\/\/psol50.org.br\/#\/schema\/logo\/image\/\"},\"sameAs\":[\"https:\/\/www.facebook.com\/psol50\",\"https:\/\/x.com\/psol50\",\"https:\/\/www.instagram.com\/psol50\/\",\"https:\/\/www.youtube.com\/channel\/UC7SnJS5o1os7a6CaiNabzcg\"]},{\"@type\":\"Person\",\"@id\":\"https:\/\/psol50.org.br\/#\/schema\/person\/475dfa57d0b815993c714c2e96491fcd\",\"name\":\"Comunica\u00e7\u00e3o PSOL\",\"image\":{\"@type\":\"ImageObject\",\"inLanguage\":\"pt-BR\",\"@id\":\"https:\/\/psol50.org.br\/#\/schema\/person\/image\/\",\"url\":\"https:\/\/secure.gravatar.com\/avatar\/b34fc4f4e468a4e51785917065a3db57b841f5c95dba6ad8c73aaf8f66f8f9bf?s=96&d=mm&r=g\",\"contentUrl\":\"https:\/\/secure.gravatar.com\/avatar\/b34fc4f4e468a4e51785917065a3db57b841f5c95dba6ad8c73aaf8f66f8f9bf?s=96&d=mm&r=g\",\"caption\":\"Comunica\u00e7\u00e3o PSOL\"}}]}<\/script>\n<!-- \/ Yoast SEO plugin. -->","yoast_head_json":{"title":"Mulheres do PSOL fazem maior Encontro Nacional da sua hist\u00f3ria","description":"Cerca de 500 mulheres se reuniram para definir as prioridades da luta feminista no PSOL no pr\u00f3ximo per\u00edodo","robots":{"index":"index","follow":"follow","max-snippet":"max-snippet:-1","max-image-preview":"max-image-preview:large","max-video-preview":"max-video-preview:-1"},"canonical":"https:\/\/psol50.org.br\/mulheres-do-psol-fazem-seu-maior-encontro-nacional-da-historia\/","og_locale":"pt_BR","og_type":"article","og_title":"Mulheres do PSOL fazem maior Encontro Nacional da sua hist\u00f3ria","og_description":"Cerca de 500 mulheres se reuniram para definir as prioridades da luta feminista no PSOL no pr\u00f3ximo per\u00edodo","og_url":"https:\/\/psol50.org.br\/mulheres-do-psol-fazem-seu-maior-encontro-nacional-da-historia\/","og_site_name":"PSOL 50","article_publisher":"https:\/\/www.facebook.com\/psol50","article_published_time":"2019-09-27T15:21:38+00:00","og_image":[{"width":1800,"height":1200,"url":"https:\/\/psol50.org.br\/inc\/uploads\/2019\/09\/photo_2019-09-27-11.44.28.jpeg","type":"image\/jpeg"}],"author":"Comunica\u00e7\u00e3o PSOL","twitter_card":"summary_large_image","twitter_title":"Mulheres do PSOL fazem maior Encontro Nacional da sua hist\u00f3ria","twitter_description":"Cerca de 500 mulheres se reuniram para definir as prioridades da luta feminista no PSOL no pr\u00f3ximo per\u00edodo","twitter_image":"https:\/\/psol50.org.br\/inc\/uploads\/2019\/09\/photo_2019-09-27-11.44.28.jpeg","twitter_creator":"@psol50","twitter_site":"@psol50","twitter_misc":{"Escrito por":"Comunica\u00e7\u00e3o PSOL","Est. tempo de leitura":"3 minutos"},"schema":{"@context":"https:\/\/schema.org","@graph":[{"@type":"Article","@id":"https:\/\/psol50.org.br\/mulheres-do-psol-fazem-seu-maior-encontro-nacional-da-historia\/#article","isPartOf":{"@id":"https:\/\/psol50.org.br\/mulheres-do-psol-fazem-seu-maior-encontro-nacional-da-historia\/"},"author":{"name":"Comunica\u00e7\u00e3o PSOL","@id":"https:\/\/psol50.org.br\/#\/schema\/person\/475dfa57d0b815993c714c2e96491fcd"},"headline":"Mulheres do PSOL fazem maior Encontro Nacional da sua hist\u00f3ria","datePublished":"2019-09-27T15:21:38+00:00","mainEntityOfPage":{"@id":"https:\/\/psol50.org.br\/mulheres-do-psol-fazem-seu-maior-encontro-nacional-da-historia\/"},"wordCount":666,"publisher":{"@id":"https:\/\/psol50.org.br\/#organization"},"image":{"@id":"https:\/\/psol50.org.br\/mulheres-do-psol-fazem-seu-maior-encontro-nacional-da-historia\/#primaryimage"},"thumbnailUrl":"https:\/\/psol50.org.br\/inc\/uploads\/2019\/09\/photo_2019-09-27-11.44.28.jpeg","keywords":["Bolsonaro","elen\u00e3o","feminismo","feminista","mulheres","PSOL"],"articleSection":["Mulheres","Not\u00edcias","Partido"],"inLanguage":"pt-BR"},{"@type":"WebPage","@id":"https:\/\/psol50.org.br\/mulheres-do-psol-fazem-seu-maior-encontro-nacional-da-historia\/","url":"https:\/\/psol50.org.br\/mulheres-do-psol-fazem-seu-maior-encontro-nacional-da-historia\/","name":"Mulheres do PSOL fazem maior Encontro Nacional da sua hist\u00f3ria","isPartOf":{"@id":"https:\/\/psol50.org.br\/#website"},"primaryImageOfPage":{"@id":"https:\/\/psol50.org.br\/mulheres-do-psol-fazem-seu-maior-encontro-nacional-da-historia\/#primaryimage"},"image":{"@id":"https:\/\/psol50.org.br\/mulheres-do-psol-fazem-seu-maior-encontro-nacional-da-historia\/#primaryimage"},"thumbnailUrl":"https:\/\/psol50.org.br\/inc\/uploads\/2019\/09\/photo_2019-09-27-11.44.28.jpeg","datePublished":"2019-09-27T15:21:38+00:00","description":"Cerca de 500 mulheres se reuniram para definir as prioridades da luta feminista no PSOL no pr\u00f3ximo per\u00edodo","breadcrumb":{"@id":"https:\/\/psol50.org.br\/mulheres-do-psol-fazem-seu-maior-encontro-nacional-da-historia\/#breadcrumb"},"inLanguage":"pt-BR","potentialAction":[{"@type":"ReadAction","target":["https:\/\/psol50.org.br\/mulheres-do-psol-fazem-seu-maior-encontro-nacional-da-historia\/"]}]},{"@type":"ImageObject","inLanguage":"pt-BR","@id":"https:\/\/psol50.org.br\/mulheres-do-psol-fazem-seu-maior-encontro-nacional-da-historia\/#primaryimage","url":"https:\/\/psol50.org.br\/inc\/uploads\/2019\/09\/photo_2019-09-27-11.44.28.jpeg","contentUrl":"https:\/\/psol50.org.br\/inc\/uploads\/2019\/09\/photo_2019-09-27-11.44.28.jpeg","width":1800,"height":1200,"caption":"Foto: Mel Coelho"},{"@type":"BreadcrumbList","@id":"https:\/\/psol50.org.br\/mulheres-do-psol-fazem-seu-maior-encontro-nacional-da-historia\/#breadcrumb","itemListElement":[{"@type":"ListItem","position":1,"name":"In\u00edcio","item":"https:\/\/psol50.org.br\/"},{"@type":"ListItem","position":2,"name":"Mulheres do PSOL fazem maior Encontro Nacional da sua hist\u00f3ria"}]},{"@type":"WebSite","@id":"https:\/\/psol50.org.br\/#website","url":"https:\/\/psol50.org.br\/","name":"PSOL 50","description":"Site oficial do Partido Socialismo e Liberdade","publisher":{"@id":"https:\/\/psol50.org.br\/#organization"},"alternateName":"PSOL50","potentialAction":[{"@type":"SearchAction","target":{"@type":"EntryPoint","urlTemplate":"https:\/\/psol50.org.br\/?s={search_term_string}"},"query-input":{"@type":"PropertyValueSpecification","valueRequired":true,"valueName":"search_term_string"}}],"inLanguage":"pt-BR"},{"@type":"Organization","@id":"https:\/\/psol50.org.br\/#organization","name":"PSOL 50","alternateName":"PSOL 50","url":"https:\/\/psol50.org.br\/","logo":{"@type":"ImageObject","inLanguage":"pt-BR","@id":"https:\/\/psol50.org.br\/#\/schema\/logo\/image\/","url":"https:\/\/psol50.org.br\/inc\/uploads\/2018\/07\/capa.png","contentUrl":"https:\/\/psol50.org.br\/inc\/uploads\/2018\/07\/capa.png","width":1350,"height":900,"caption":"PSOL 50"},"image":{"@id":"https:\/\/psol50.org.br\/#\/schema\/logo\/image\/"},"sameAs":["https:\/\/www.facebook.com\/psol50","https:\/\/x.com\/psol50","https:\/\/www.instagram.com\/psol50\/","https:\/\/www.youtube.com\/channel\/UC7SnJS5o1os7a6CaiNabzcg"]},{"@type":"Person","@id":"https:\/\/psol50.org.br\/#\/schema\/person\/475dfa57d0b815993c714c2e96491fcd","name":"Comunica\u00e7\u00e3o PSOL","image":{"@type":"ImageObject","inLanguage":"pt-BR","@id":"https:\/\/psol50.org.br\/#\/schema\/person\/image\/","url":"https:\/\/secure.gravatar.com\/avatar\/b34fc4f4e468a4e51785917065a3db57b841f5c95dba6ad8c73aaf8f66f8f9bf?s=96&d=mm&r=g","contentUrl":"https:\/\/secure.gravatar.com\/avatar\/b34fc4f4e468a4e51785917065a3db57b841f5c95dba6ad8c73aaf8f66f8f9bf?s=96&d=mm&r=g","caption":"Comunica\u00e7\u00e3o PSOL"}}]}},"_links":{"self":[{"href":"https:\/\/psol50.org.br\/rest\/wp\/v2\/posts\/26545","targetHints":{"allow":["GET"]}}],"collection":[{"href":"https:\/\/psol50.org.br\/rest\/wp\/v2\/posts"}],"about":[{"href":"https:\/\/psol50.org.br\/rest\/wp\/v2\/types\/post"}],"author":[{"embeddable":true,"href":"https:\/\/psol50.org.br\/rest\/wp\/v2\/users\/2"}],"replies":[{"embeddable":true,"href":"https:\/\/psol50.org.br\/rest\/wp\/v2\/comments?post=26545"}],"version-history":[{"count":0,"href":"https:\/\/psol50.org.br\/rest\/wp\/v2\/posts\/26545\/revisions"}],"wp:featuredmedia":[{"embeddable":true,"href":"https:\/\/psol50.org.br\/rest\/wp\/v2\/media\/26580"}],"wp:attachment":[{"href":"https:\/\/psol50.org.br\/rest\/wp\/v2\/media?parent=26545"}],"wp:term":[{"taxonomy":"category","embeddable":true,"href":"https:\/\/psol50.org.br\/rest\/wp\/v2\/categories?post=26545"},{"taxonomy":"post_tag","embeddable":true,"href":"https:\/\/psol50.org.br\/rest\/wp\/v2\/tags?post=26545"}],"curies":[{"name":"wp","href":"https:\/\/api.w.org\/{rel}","templated":true}]}}