{"id":26589,"date":"2019-09-27T16:24:03","date_gmt":"2019-09-27T19:24:03","guid":{"rendered":"http:\/\/psol50.org.br\/?p=26589"},"modified":"2019-09-27T16:24:03","modified_gmt":"2019-09-27T19:24:03","slug":"presidente-da-camara-garante-que-acordo-da-base-de-alcantara-nao-sera-votado","status":"publish","type":"post","link":"https:\/\/psol50.org.br\/presidente-da-camara-garante-que-acordo-da-base-de-alcantara-nao-sera-votado\/","title":{"rendered":"Presidente da C\u00e2mara garante que acordo de Alc\u00e2ntara n\u00e3o ser\u00e1 votado antes de parecer do MPF"},"content":{"rendered":"<p>Na \u00faltima quarta-feira (25), o presidente da C\u00e2mara dos Deputados, Rodrigo Maia, fez uma reuni\u00e3o com representantes quilombolas das comunidades que vivem na regi\u00e3o de Alc\u00e2ntara, no Maranh\u00e3o, e que ser\u00e3o afetados pelo acordo assinado por Jair Bolsonaro com o presidente estadunidense Donald Trump para expans\u00e3o do controle norte-americano da base espacial que existe na cidade. A reuni\u00e3o aconteceu ap\u00f3s solicita\u00e7\u00e3o dos deputados do PSOL \u00c1urea Carolina, Tal\u00edria Petrone e David Miranda, al\u00e9m do deputado Bira do Pindar\u00e9 (PSB-MA).<\/p>\n<p>A promessa de Rodrigo Maia na reuni\u00e3o foi de n\u00e3o colocar em vota\u00e7\u00e3o na C\u00e2mara dos Deputados o acordo apresentado por Bolsonaro sem que antes haja um parecer t\u00e9cnico do Minist\u00e9rio P\u00fablico Federal (MPF) que deve ser divulgada nos pr\u00f3ximos dias. Os representantes dos quilombolas exigem uma consulta formal e pr\u00e9via \u00e0s comunidades que vivem em Alc\u00e2ntara, como determina a Conven\u00e7\u00e3o 169 da Organiza\u00e7\u00e3o Internacional do Trabalho (OIT).<\/p>\n<p>O acordo entre Bolsonaro e Trump foi selado em mar\u00e7o e enviado ao Congresso em junho. Em agosto, ele foi aprovado na Comiss\u00e3o de Rela\u00e7\u00f5es Exteriores da C\u00e2mara, atrav\u00e9s do Projeto de Decreto Legislativo (PDL) 523\/2019. Em setembro, o plen\u00e1rio da casa concedeu-lhe regime de urg\u00eancia. Trata-se de uma das bandeiras do deputado Eduardo Bolsonaro (PSL-SP), indicado por seu pai para ser o novo embaixador do Brasil nos EUA. Se o acordo for aprovado no plen\u00e1rio da C\u00e2mara, sua ratifica\u00e7\u00e3o segue ao Senado.<\/p>\n<p>\u201cGanhamos mais tempo para agir e garantir esse direito aos quilombolas do Maranh\u00e3o. N\u00e3o vamos permitir que a pol\u00edtica entreguista do governo Bolsonaro viole determina\u00e7\u00f5es internacionais de prote\u00e7\u00e3o aos modos de vida dessas comunidades\u201d, defendeu \u00c1urea Carolina ap\u00f3s a reuni\u00e3o com Maia.<\/p>\n","protected":false},"excerpt":{"rendered":"<p>Na \u00faltima quarta-feira (25), o presidente da C\u00e2mara dos Deputados, Rodrigo Maia, fez uma reuni\u00e3o com representantes quilombolas das comunidades que vivem na regi\u00e3o de Alc\u00e2ntara, no Maranh\u00e3o, e que ser\u00e3o afetados pelo acordo assinado por Jair Bolsonaro com o presidente estadunidense Donald Trump para expans\u00e3o do controle norte-americano da base espacial que existe na [&hellip;]<\/p>\n","protected":false},"author":2,"featured_media":26590,"comment_status":"closed","ping_status":"open","sticky":false,"template":"","format":"standard","meta":{"_acf_changed":false,"footnotes":""},"categories":[6],"tags":[442,1999,56,1114,447,64,23],"class_list":{"0":"post-26589","1":"post","2":"type-post","3":"status-publish","4":"format-standard","5":"has-post-thumbnail","7":"category-noticias","8":"tag-alcantara","9":"tag-base","10":"tag-bolsonaro","11":"tag-espacial","12":"tag-quilombolas","13":"tag-rodrigo-maia","14":"tag-trump"},"acf":[],"yoast_head":"<!-- This site is optimized with the Yoast SEO plugin v26.5 - https:\/\/yoast.com\/wordpress\/plugins\/seo\/ -->\n<title>Presidente da C\u00e2mara garante que acordo de Alc\u00e2ntara n\u00e3o ser\u00e1 votado antes de parecer do MPF<\/title>\n<meta name=\"description\" content=\"Compromisso foi assumido em reuni\u00e3o solicitada e acompanhada por parlamentares do PSOL ao lado dos movimentos quilombolas\" \/>\n<meta name=\"robots\" content=\"index, follow, max-snippet:-1, max-image-preview:large, max-video-preview:-1\" \/>\n<link rel=\"canonical\" href=\"https:\/\/psol50.org.br\/presidente-da-camara-garante-que-acordo-da-base-de-alcantara-nao-sera-votado\/\" \/>\n<meta property=\"og:locale\" content=\"pt_BR\" \/>\n<meta property=\"og:type\" content=\"article\" \/>\n<meta property=\"og:title\" content=\"Presidente da C\u00e2mara garante que acordo de Alc\u00e2ntara n\u00e3o ser\u00e1 votado antes de parecer do MPF\" \/>\n<meta property=\"og:description\" content=\"Compromisso foi assumido em reuni\u00e3o solicitada e acompanhada por parlamentares do PSOL ao lado dos movimentos quilombolas\" \/>\n<meta property=\"og:url\" content=\"https:\/\/psol50.org.br\/presidente-da-camara-garante-que-acordo-da-base-de-alcantara-nao-sera-votado\/\" \/>\n<meta property=\"og:site_name\" content=\"PSOL 50\" \/>\n<meta property=\"article:publisher\" content=\"https:\/\/www.facebook.com\/psol50\" \/>\n<meta property=\"article:published_time\" content=\"2019-09-27T19:24:03+00:00\" \/>\n<meta property=\"og:image\" content=\"https:\/\/psol50.org.br\/inc\/uploads\/2019\/09\/71239379_2102673823170171_5151772168714977280_n.jpg\" \/>\n\t<meta property=\"og:image:width\" content=\"960\" \/>\n\t<meta property=\"og:image:height\" content=\"640\" \/>\n\t<meta property=\"og:image:type\" content=\"image\/jpeg\" \/>\n<meta name=\"author\" content=\"Comunica\u00e7\u00e3o PSOL\" \/>\n<meta name=\"twitter:card\" content=\"summary_large_image\" \/>\n<meta name=\"twitter:title\" content=\"Presidente da C\u00e2mara garante que acordo de Alc\u00e2ntara n\u00e3o ser\u00e1 votado antes de parecer do MPF\" \/>\n<meta name=\"twitter:description\" content=\"Compromisso foi assumido em reuni\u00e3o solicitada e acompanhada por parlamentares do PSOL ao lado dos movimentos quilombolas\" \/>\n<meta name=\"twitter:image\" content=\"https:\/\/psol50.org.br\/inc\/uploads\/2019\/09\/71239379_2102673823170171_5151772168714977280_n.jpg\" \/>\n<meta name=\"twitter:creator\" content=\"@psol50\" \/>\n<meta name=\"twitter:site\" content=\"@psol50\" \/>\n<meta name=\"twitter:label1\" content=\"Escrito por\" \/>\n\t<meta name=\"twitter:data1\" content=\"Comunica\u00e7\u00e3o PSOL\" \/>\n\t<meta name=\"twitter:label2\" content=\"Est. tempo de leitura\" \/>\n\t<meta name=\"twitter:data2\" content=\"2 minutos\" \/>\n<script type=\"application\/ld+json\" class=\"yoast-schema-graph\">{\"@context\":\"https:\/\/schema.org\",\"@graph\":[{\"@type\":\"Article\",\"@id\":\"https:\/\/psol50.org.br\/presidente-da-camara-garante-que-acordo-da-base-de-alcantara-nao-sera-votado\/#article\",\"isPartOf\":{\"@id\":\"https:\/\/psol50.org.br\/presidente-da-camara-garante-que-acordo-da-base-de-alcantara-nao-sera-votado\/\"},\"author\":{\"name\":\"Comunica\u00e7\u00e3o PSOL\",\"@id\":\"https:\/\/psol50.org.br\/#\/schema\/person\/475dfa57d0b815993c714c2e96491fcd\"},\"headline\":\"Presidente da C\u00e2mara garante que acordo de Alc\u00e2ntara n\u00e3o ser\u00e1 votado antes de parecer do MPF\",\"datePublished\":\"2019-09-27T19:24:03+00:00\",\"mainEntityOfPage\":{\"@id\":\"https:\/\/psol50.org.br\/presidente-da-camara-garante-que-acordo-da-base-de-alcantara-nao-sera-votado\/\"},\"wordCount\":329,\"publisher\":{\"@id\":\"https:\/\/psol50.org.br\/#organization\"},\"image\":{\"@id\":\"https:\/\/psol50.org.br\/presidente-da-camara-garante-que-acordo-da-base-de-alcantara-nao-sera-votado\/#primaryimage\"},\"thumbnailUrl\":\"https:\/\/psol50.org.br\/inc\/uploads\/2019\/09\/71239379_2102673823170171_5151772168714977280_n.jpg\",\"keywords\":[\"Alc\u00e2ntara\",\"base\",\"Bolsonaro\",\"espacial\",\"quilombolas\",\"Rodrigo Maia\",\"Trump\"],\"articleSection\":[\"Not\u00edcias\"],\"inLanguage\":\"pt-BR\"},{\"@type\":\"WebPage\",\"@id\":\"https:\/\/psol50.org.br\/presidente-da-camara-garante-que-acordo-da-base-de-alcantara-nao-sera-votado\/\",\"url\":\"https:\/\/psol50.org.br\/presidente-da-camara-garante-que-acordo-da-base-de-alcantara-nao-sera-votado\/\",\"name\":\"Presidente da C\u00e2mara garante que acordo de Alc\u00e2ntara n\u00e3o ser\u00e1 votado antes de parecer do MPF\",\"isPartOf\":{\"@id\":\"https:\/\/psol50.org.br\/#website\"},\"primaryImageOfPage\":{\"@id\":\"https:\/\/psol50.org.br\/presidente-da-camara-garante-que-acordo-da-base-de-alcantara-nao-sera-votado\/#primaryimage\"},\"image\":{\"@id\":\"https:\/\/psol50.org.br\/presidente-da-camara-garante-que-acordo-da-base-de-alcantara-nao-sera-votado\/#primaryimage\"},\"thumbnailUrl\":\"https:\/\/psol50.org.br\/inc\/uploads\/2019\/09\/71239379_2102673823170171_5151772168714977280_n.jpg\",\"datePublished\":\"2019-09-27T19:24:03+00:00\",\"description\":\"Compromisso foi assumido em reuni\u00e3o solicitada e acompanhada por parlamentares do PSOL ao lado dos movimentos quilombolas\",\"breadcrumb\":{\"@id\":\"https:\/\/psol50.org.br\/presidente-da-camara-garante-que-acordo-da-base-de-alcantara-nao-sera-votado\/#breadcrumb\"},\"inLanguage\":\"pt-BR\",\"potentialAction\":[{\"@type\":\"ReadAction\",\"target\":[\"https:\/\/psol50.org.br\/presidente-da-camara-garante-que-acordo-da-base-de-alcantara-nao-sera-votado\/\"]}]},{\"@type\":\"ImageObject\",\"inLanguage\":\"pt-BR\",\"@id\":\"https:\/\/psol50.org.br\/presidente-da-camara-garante-que-acordo-da-base-de-alcantara-nao-sera-votado\/#primaryimage\",\"url\":\"https:\/\/psol50.org.br\/inc\/uploads\/2019\/09\/71239379_2102673823170171_5151772168714977280_n.jpg\",\"contentUrl\":\"https:\/\/psol50.org.br\/inc\/uploads\/2019\/09\/71239379_2102673823170171_5151772168714977280_n.jpg\",\"width\":960,\"height\":640},{\"@type\":\"BreadcrumbList\",\"@id\":\"https:\/\/psol50.org.br\/presidente-da-camara-garante-que-acordo-da-base-de-alcantara-nao-sera-votado\/#breadcrumb\",\"itemListElement\":[{\"@type\":\"ListItem\",\"position\":1,\"name\":\"In\u00edcio\",\"item\":\"https:\/\/psol50.org.br\/\"},{\"@type\":\"ListItem\",\"position\":2,\"name\":\"Presidente da C\u00e2mara garante que acordo de Alc\u00e2ntara n\u00e3o ser\u00e1 votado antes de parecer do MPF\"}]},{\"@type\":\"WebSite\",\"@id\":\"https:\/\/psol50.org.br\/#website\",\"url\":\"https:\/\/psol50.org.br\/\",\"name\":\"PSOL 50\",\"description\":\"Site oficial do Partido Socialismo e Liberdade\",\"publisher\":{\"@id\":\"https:\/\/psol50.org.br\/#organization\"},\"alternateName\":\"PSOL50\",\"potentialAction\":[{\"@type\":\"SearchAction\",\"target\":{\"@type\":\"EntryPoint\",\"urlTemplate\":\"https:\/\/psol50.org.br\/?s={search_term_string}\"},\"query-input\":{\"@type\":\"PropertyValueSpecification\",\"valueRequired\":true,\"valueName\":\"search_term_string\"}}],\"inLanguage\":\"pt-BR\"},{\"@type\":\"Organization\",\"@id\":\"https:\/\/psol50.org.br\/#organization\",\"name\":\"PSOL 50\",\"alternateName\":\"PSOL 50\",\"url\":\"https:\/\/psol50.org.br\/\",\"logo\":{\"@type\":\"ImageObject\",\"inLanguage\":\"pt-BR\",\"@id\":\"https:\/\/psol50.org.br\/#\/schema\/logo\/image\/\",\"url\":\"https:\/\/psol50.org.br\/inc\/uploads\/2018\/07\/capa.png\",\"contentUrl\":\"https:\/\/psol50.org.br\/inc\/uploads\/2018\/07\/capa.png\",\"width\":1350,\"height\":900,\"caption\":\"PSOL 50\"},\"image\":{\"@id\":\"https:\/\/psol50.org.br\/#\/schema\/logo\/image\/\"},\"sameAs\":[\"https:\/\/www.facebook.com\/psol50\",\"https:\/\/x.com\/psol50\",\"https:\/\/www.instagram.com\/psol50\/\",\"https:\/\/www.youtube.com\/channel\/UC7SnJS5o1os7a6CaiNabzcg\"]},{\"@type\":\"Person\",\"@id\":\"https:\/\/psol50.org.br\/#\/schema\/person\/475dfa57d0b815993c714c2e96491fcd\",\"name\":\"Comunica\u00e7\u00e3o PSOL\",\"image\":{\"@type\":\"ImageObject\",\"inLanguage\":\"pt-BR\",\"@id\":\"https:\/\/psol50.org.br\/#\/schema\/person\/image\/\",\"url\":\"https:\/\/secure.gravatar.com\/avatar\/b34fc4f4e468a4e51785917065a3db57b841f5c95dba6ad8c73aaf8f66f8f9bf?s=96&d=mm&r=g\",\"contentUrl\":\"https:\/\/secure.gravatar.com\/avatar\/b34fc4f4e468a4e51785917065a3db57b841f5c95dba6ad8c73aaf8f66f8f9bf?s=96&d=mm&r=g\",\"caption\":\"Comunica\u00e7\u00e3o PSOL\"}}]}<\/script>\n<!-- \/ Yoast SEO plugin. -->","yoast_head_json":{"title":"Presidente da C\u00e2mara garante que acordo de Alc\u00e2ntara n\u00e3o ser\u00e1 votado antes de parecer do MPF","description":"Compromisso foi assumido em reuni\u00e3o solicitada e acompanhada por parlamentares do PSOL ao lado dos movimentos quilombolas","robots":{"index":"index","follow":"follow","max-snippet":"max-snippet:-1","max-image-preview":"max-image-preview:large","max-video-preview":"max-video-preview:-1"},"canonical":"https:\/\/psol50.org.br\/presidente-da-camara-garante-que-acordo-da-base-de-alcantara-nao-sera-votado\/","og_locale":"pt_BR","og_type":"article","og_title":"Presidente da C\u00e2mara garante que acordo de Alc\u00e2ntara n\u00e3o ser\u00e1 votado antes de parecer do MPF","og_description":"Compromisso foi assumido em reuni\u00e3o solicitada e acompanhada por parlamentares do PSOL ao lado dos movimentos quilombolas","og_url":"https:\/\/psol50.org.br\/presidente-da-camara-garante-que-acordo-da-base-de-alcantara-nao-sera-votado\/","og_site_name":"PSOL 50","article_publisher":"https:\/\/www.facebook.com\/psol50","article_published_time":"2019-09-27T19:24:03+00:00","og_image":[{"width":960,"height":640,"url":"https:\/\/psol50.org.br\/inc\/uploads\/2019\/09\/71239379_2102673823170171_5151772168714977280_n.jpg","type":"image\/jpeg"}],"author":"Comunica\u00e7\u00e3o PSOL","twitter_card":"summary_large_image","twitter_title":"Presidente da C\u00e2mara garante que acordo de Alc\u00e2ntara n\u00e3o ser\u00e1 votado antes de parecer do MPF","twitter_description":"Compromisso foi assumido em reuni\u00e3o solicitada e acompanhada por parlamentares do PSOL ao lado dos movimentos quilombolas","twitter_image":"https:\/\/psol50.org.br\/inc\/uploads\/2019\/09\/71239379_2102673823170171_5151772168714977280_n.jpg","twitter_creator":"@psol50","twitter_site":"@psol50","twitter_misc":{"Escrito por":"Comunica\u00e7\u00e3o PSOL","Est. tempo de leitura":"2 minutos"},"schema":{"@context":"https:\/\/schema.org","@graph":[{"@type":"Article","@id":"https:\/\/psol50.org.br\/presidente-da-camara-garante-que-acordo-da-base-de-alcantara-nao-sera-votado\/#article","isPartOf":{"@id":"https:\/\/psol50.org.br\/presidente-da-camara-garante-que-acordo-da-base-de-alcantara-nao-sera-votado\/"},"author":{"name":"Comunica\u00e7\u00e3o PSOL","@id":"https:\/\/psol50.org.br\/#\/schema\/person\/475dfa57d0b815993c714c2e96491fcd"},"headline":"Presidente da C\u00e2mara garante que acordo de Alc\u00e2ntara n\u00e3o ser\u00e1 votado antes de parecer do MPF","datePublished":"2019-09-27T19:24:03+00:00","mainEntityOfPage":{"@id":"https:\/\/psol50.org.br\/presidente-da-camara-garante-que-acordo-da-base-de-alcantara-nao-sera-votado\/"},"wordCount":329,"publisher":{"@id":"https:\/\/psol50.org.br\/#organization"},"image":{"@id":"https:\/\/psol50.org.br\/presidente-da-camara-garante-que-acordo-da-base-de-alcantara-nao-sera-votado\/#primaryimage"},"thumbnailUrl":"https:\/\/psol50.org.br\/inc\/uploads\/2019\/09\/71239379_2102673823170171_5151772168714977280_n.jpg","keywords":["Alc\u00e2ntara","base","Bolsonaro","espacial","quilombolas","Rodrigo Maia","Trump"],"articleSection":["Not\u00edcias"],"inLanguage":"pt-BR"},{"@type":"WebPage","@id":"https:\/\/psol50.org.br\/presidente-da-camara-garante-que-acordo-da-base-de-alcantara-nao-sera-votado\/","url":"https:\/\/psol50.org.br\/presidente-da-camara-garante-que-acordo-da-base-de-alcantara-nao-sera-votado\/","name":"Presidente da C\u00e2mara garante que acordo de Alc\u00e2ntara n\u00e3o ser\u00e1 votado antes de parecer do MPF","isPartOf":{"@id":"https:\/\/psol50.org.br\/#website"},"primaryImageOfPage":{"@id":"https:\/\/psol50.org.br\/presidente-da-camara-garante-que-acordo-da-base-de-alcantara-nao-sera-votado\/#primaryimage"},"image":{"@id":"https:\/\/psol50.org.br\/presidente-da-camara-garante-que-acordo-da-base-de-alcantara-nao-sera-votado\/#primaryimage"},"thumbnailUrl":"https:\/\/psol50.org.br\/inc\/uploads\/2019\/09\/71239379_2102673823170171_5151772168714977280_n.jpg","datePublished":"2019-09-27T19:24:03+00:00","description":"Compromisso foi assumido em reuni\u00e3o solicitada e acompanhada por parlamentares do PSOL ao lado dos movimentos quilombolas","breadcrumb":{"@id":"https:\/\/psol50.org.br\/presidente-da-camara-garante-que-acordo-da-base-de-alcantara-nao-sera-votado\/#breadcrumb"},"inLanguage":"pt-BR","potentialAction":[{"@type":"ReadAction","target":["https:\/\/psol50.org.br\/presidente-da-camara-garante-que-acordo-da-base-de-alcantara-nao-sera-votado\/"]}]},{"@type":"ImageObject","inLanguage":"pt-BR","@id":"https:\/\/psol50.org.br\/presidente-da-camara-garante-que-acordo-da-base-de-alcantara-nao-sera-votado\/#primaryimage","url":"https:\/\/psol50.org.br\/inc\/uploads\/2019\/09\/71239379_2102673823170171_5151772168714977280_n.jpg","contentUrl":"https:\/\/psol50.org.br\/inc\/uploads\/2019\/09\/71239379_2102673823170171_5151772168714977280_n.jpg","width":960,"height":640},{"@type":"BreadcrumbList","@id":"https:\/\/psol50.org.br\/presidente-da-camara-garante-que-acordo-da-base-de-alcantara-nao-sera-votado\/#breadcrumb","itemListElement":[{"@type":"ListItem","position":1,"name":"In\u00edcio","item":"https:\/\/psol50.org.br\/"},{"@type":"ListItem","position":2,"name":"Presidente da C\u00e2mara garante que acordo de Alc\u00e2ntara n\u00e3o ser\u00e1 votado antes de parecer do MPF"}]},{"@type":"WebSite","@id":"https:\/\/psol50.org.br\/#website","url":"https:\/\/psol50.org.br\/","name":"PSOL 50","description":"Site oficial do Partido Socialismo e Liberdade","publisher":{"@id":"https:\/\/psol50.org.br\/#organization"},"alternateName":"PSOL50","potentialAction":[{"@type":"SearchAction","target":{"@type":"EntryPoint","urlTemplate":"https:\/\/psol50.org.br\/?s={search_term_string}"},"query-input":{"@type":"PropertyValueSpecification","valueRequired":true,"valueName":"search_term_string"}}],"inLanguage":"pt-BR"},{"@type":"Organization","@id":"https:\/\/psol50.org.br\/#organization","name":"PSOL 50","alternateName":"PSOL 50","url":"https:\/\/psol50.org.br\/","logo":{"@type":"ImageObject","inLanguage":"pt-BR","@id":"https:\/\/psol50.org.br\/#\/schema\/logo\/image\/","url":"https:\/\/psol50.org.br\/inc\/uploads\/2018\/07\/capa.png","contentUrl":"https:\/\/psol50.org.br\/inc\/uploads\/2018\/07\/capa.png","width":1350,"height":900,"caption":"PSOL 50"},"image":{"@id":"https:\/\/psol50.org.br\/#\/schema\/logo\/image\/"},"sameAs":["https:\/\/www.facebook.com\/psol50","https:\/\/x.com\/psol50","https:\/\/www.instagram.com\/psol50\/","https:\/\/www.youtube.com\/channel\/UC7SnJS5o1os7a6CaiNabzcg"]},{"@type":"Person","@id":"https:\/\/psol50.org.br\/#\/schema\/person\/475dfa57d0b815993c714c2e96491fcd","name":"Comunica\u00e7\u00e3o PSOL","image":{"@type":"ImageObject","inLanguage":"pt-BR","@id":"https:\/\/psol50.org.br\/#\/schema\/person\/image\/","url":"https:\/\/secure.gravatar.com\/avatar\/b34fc4f4e468a4e51785917065a3db57b841f5c95dba6ad8c73aaf8f66f8f9bf?s=96&d=mm&r=g","contentUrl":"https:\/\/secure.gravatar.com\/avatar\/b34fc4f4e468a4e51785917065a3db57b841f5c95dba6ad8c73aaf8f66f8f9bf?s=96&d=mm&r=g","caption":"Comunica\u00e7\u00e3o PSOL"}}]}},"_links":{"self":[{"href":"https:\/\/psol50.org.br\/rest\/wp\/v2\/posts\/26589","targetHints":{"allow":["GET"]}}],"collection":[{"href":"https:\/\/psol50.org.br\/rest\/wp\/v2\/posts"}],"about":[{"href":"https:\/\/psol50.org.br\/rest\/wp\/v2\/types\/post"}],"author":[{"embeddable":true,"href":"https:\/\/psol50.org.br\/rest\/wp\/v2\/users\/2"}],"replies":[{"embeddable":true,"href":"https:\/\/psol50.org.br\/rest\/wp\/v2\/comments?post=26589"}],"version-history":[{"count":0,"href":"https:\/\/psol50.org.br\/rest\/wp\/v2\/posts\/26589\/revisions"}],"wp:featuredmedia":[{"embeddable":true,"href":"https:\/\/psol50.org.br\/rest\/wp\/v2\/media\/26590"}],"wp:attachment":[{"href":"https:\/\/psol50.org.br\/rest\/wp\/v2\/media?parent=26589"}],"wp:term":[{"taxonomy":"category","embeddable":true,"href":"https:\/\/psol50.org.br\/rest\/wp\/v2\/categories?post=26589"},{"taxonomy":"post_tag","embeddable":true,"href":"https:\/\/psol50.org.br\/rest\/wp\/v2\/tags?post=26589"}],"curies":[{"name":"wp","href":"https:\/\/api.w.org\/{rel}","templated":true}]}}