{"id":26599,"date":"2019-09-30T15:48:50","date_gmt":"2019-09-30T18:48:50","guid":{"rendered":"http:\/\/psol50.org.br\/?p=26599"},"modified":"2019-09-30T15:48:50","modified_gmt":"2019-09-30T18:48:50","slug":"deputados-pedem-explicacoes-a-ministros-sobre-fusao-do-cnpq-e-capes","status":"publish","type":"post","link":"https:\/\/psol50.org.br\/deputados-pedem-explicacoes-a-ministros-sobre-fusao-do-cnpq-e-capes\/","title":{"rendered":"Deputados pedem explica\u00e7\u00f5es a ministros sobre fus\u00e3o do CNPq e Capes"},"content":{"rendered":"<div class=\"s-block-item s-repeatable-item s-block-sortable-item s-blog-post-section blog-section\">\n<div class=\"container\">\n<div class=\"sixteen columns\">\n<div class=\"s-blog-section-inner\">\n<div class=\"s-component s-text\">\n<div class=\"s-component-content s-font-body\">\n<p><strong><em>Originalmente publicado em <a href=\"https:\/\/www.taliriapetrone.com.br\/blog\/deputados-pedem-explicacoes-a-ministros-sobre-fusao-do-cnpq-e-capes\" target=\"_blank\" rel=\"noopener noreferrer\">Tal\u00edria Petrone.<\/a><\/em><\/strong><\/p>\n<p>As deputadas federais Tal\u00edria Petrone e S\u00e2mia Bomfim e o deputado Ivan Valente enviaram dois requerimentos de informa\u00e7\u00e3o ao Ministro da Educa\u00e7\u00e3o, Abraham Weintraub, e ao Ministro da Ci\u00eancia e Tecnologia, Marcos Pontes, questionando a poss\u00edvel fus\u00e3o do Conselho Nacional de Desenvolvimento Cient\u00edfico e Tecnol\u00f3gico (CNPq) e a Coordena\u00e7\u00e3o de Aperfei\u00e7oamento de Pessoal de N\u00edvel Superior (Capes). Eles t\u00eam 30 dias para responder.<\/p>\n<\/div>\n<\/div>\n<\/div>\n<\/div>\n<\/div>\n<\/div>\n<div class=\"s-block-item s-repeatable-item s-block-sortable-item s-blog-post-section blog-section\">\n<div class=\"container\">\n<div class=\"sixteen columns\">\n<div class=\"s-blog-section-inner\">\n<div class=\"s-component s-text\">\n<div class=\"s-component-content s-font-body\">\n<p>De acordo com os documentos, a poss\u00edvel fus\u00e3o poderia significar a extin\u00e7\u00e3o do CNPq, o que \u201cproduzir\u00e1 uma mudan\u00e7a de estrutura em rela\u00e7\u00e3o ao financiamento e fomento das pesquisas nacionais. Al\u00e9m de fragilizar, e em alguns casos romper com o projeto de universidade p\u00fablica, que conta com a tr\u00edade: ensino, pesquisa e extens\u00e3o.\u201d<\/p>\n<\/div>\n<\/div>\n<\/div>\n<\/div>\n<\/div>\n<\/div>\n<div class=\"s-block-item s-repeatable-item s-block-sortable-item s-blog-post-section blog-section\">\n<div class=\"container\">\n<div class=\"sixteen columns\">\n<div class=\"s-blog-section-inner\">\n<div class=\"s-component s-text\">\n<div class=\"s-component-content s-font-body\">\n<p>Os questionamentos feitos aos ministros s\u00e3o:<\/p>\n<\/div>\n<\/div>\n<\/div>\n<\/div>\n<\/div>\n<\/div>\n<div class=\"s-block-item s-repeatable-item s-block-sortable-item s-blog-post-section blog-section\">\n<div class=\"container\">\n<div class=\"sixteen columns\">\n<div class=\"s-blog-section-inner\">\n<div class=\"s-component s-text\">\n<div class=\"s-component-content s-font-body\">\n<p>1. Os recentes contingenciamentos atingiram de forma brutal os \u00f3rg\u00e3os de fomento e incentivo \u00e0 pesquisa no Brasil. O Fundo Nacional de Desenvolvimento Cient\u00edfico e Tecnol\u00f3gico (FNDCT), que \u00e9 gerido pela Finep, que deveria constituir uma das principais fontes de recursos para pesquisa no pa\u00eds, foi drasticamente contingenciado nos \u00faltimos anos. Considerando que o contingenciamento em 2019 \u00e9 de cerca de 90%, pergunta-se: qual o futuro do Fundo? Na resposta, favor demonstrar qual a previs\u00e3o para os pr\u00f3ximos exerc\u00edcios financeiros e quais seriam os valores m\u00ednimos para opera\u00e7\u00e3o e manuten\u00e7\u00e3o do Fundo;<\/p>\n<\/div>\n<\/div>\n<\/div>\n<\/div>\n<\/div>\n<\/div>\n<div class=\"s-block-item s-repeatable-item s-block-sortable-item s-blog-post-section blog-section\">\n<div class=\"container\">\n<div class=\"sixteen columns\">\n<div class=\"s-blog-section-inner\">\n<div class=\"s-component s-text\">\n<div class=\"s-component-content s-font-body\">\n<p>2. O ministro do MCTIC, Sr. Marcos Pontes, reconheceu em uma reuni\u00e3o com representantes do F\u00f3rum de C&amp;T, no dia 19 de Agosto, a possibilidade de uma fus\u00e3o CNPq-Capes, segundo reportagem do blog Direto da Ci\u00eancia. Qual seria o objetivo desta poss\u00edvel fus\u00e3o?;<\/p>\n<\/div>\n<\/div>\n<\/div>\n<\/div>\n<\/div>\n<\/div>\n<div class=\"s-block-item s-repeatable-item s-block-sortable-item s-blog-post-section blog-section\">\n<div class=\"container\">\n<div class=\"sixteen columns\">\n<div class=\"s-blog-section-inner\">\n<div class=\"s-component s-text\">\n<div class=\"s-component-content s-font-body\">\n<p>3. Considerando a quest\u00e3o anterior, quais s\u00e3o os estudos t\u00e9cnicos que embasam tal inten\u00e7\u00e3o? De onde viriam os recursos, diante de uma fus\u00e3o, e qual o montante?;<\/p>\n<p>4. Neste diapas\u00e3o, considerando que o Fundo Nacional de Desenvolvimento Cient\u00edfico e Tecnol\u00f3gico (FNDCT) \u00e9 gerido pela Finep, pode-se considerar ent\u00e3o um poss\u00edvel fim da Finep?;<\/p>\n<\/div>\n<\/div>\n<\/div>\n<\/div>\n<\/div>\n<\/div>\n<div class=\"s-block-item s-repeatable-item s-block-sortable-item s-blog-post-section blog-section\">\n<div class=\"container\">\n<div class=\"sixteen columns\">\n<div class=\"s-blog-section-inner\">\n<div class=\"s-component s-text\">\n<div class=\"s-component-content s-font-body\">\n<p>5. Caso se efetive referida fus\u00e3o, o or\u00e7amento do Minist\u00e9rio da Educa\u00e7\u00e3o aumentaria, via CAPES, para garantir a manuten\u00e7\u00e3o das pesquisas financiadas e fomentadas pela CNPq e CAPES?;<\/p>\n<\/div>\n<\/div>\n<\/div>\n<\/div>\n<\/div>\n<\/div>\n<div class=\"s-block-item s-repeatable-item s-block-sortable-item s-blog-post-section blog-section\">\n<div class=\"container\">\n<div class=\"sixteen columns\">\n<div class=\"s-blog-section-inner\">\n<div class=\"s-component s-text\">\n<div class=\"s-component-content s-font-body\">\n<p>6. Caso a resposta para a quest\u00e3o anterior seja negativa, tratar-se-ia de uma extin\u00e7\u00e3o do CNPq e portanto do financiamento destas pesquisas?;<\/p>\n<\/div>\n<\/div>\n<\/div>\n<\/div>\n<\/div>\n<\/div>\n<div class=\"s-block-item s-repeatable-item s-block-sortable-item s-blog-post-section blog-section\">\n<div class=\"container\">\n<div class=\"sixteen columns\">\n<div class=\"s-blog-section-inner\">\n<div class=\"s-component s-text\">\n<div class=\"s-component-content s-font-body\">\n<p>7. Qual o plano\/pol\u00edtica do Governo Federal, e portanto, dos minist\u00e9rios aqui referidos, para a pesquisa brasileira nos pr\u00f3ximos anos?<\/p>\n<\/div>\n<\/div>\n<\/div>\n<\/div>\n<\/div>\n<\/div>\n","protected":false},"excerpt":{"rendered":"<p>Originalmente publicado em Tal\u00edria Petrone. As deputadas federais Tal\u00edria Petrone e S\u00e2mia Bomfim e o deputado Ivan Valente enviaram dois requerimentos de informa\u00e7\u00e3o ao Ministro da Educa\u00e7\u00e3o, Abraham Weintraub, e ao Ministro da Ci\u00eancia e Tecnologia, Marcos Pontes, questionando a poss\u00edvel fus\u00e3o do Conselho Nacional de Desenvolvimento Cient\u00edfico e Tecnol\u00f3gico (CNPq) e a Coordena\u00e7\u00e3o de [&hellip;]<\/p>\n","protected":false},"author":2,"featured_media":26600,"comment_status":"closed","ping_status":"open","sticky":false,"template":"","format":"standard","meta":{"_acf_changed":false,"footnotes":""},"categories":[6],"tags":[440,164,2040,552,1128,1077,382],"class_list":{"0":"post-26599","1":"post","2":"type-post","3":"status-publish","4":"format-standard","5":"has-post-thumbnail","7":"category-noticias","8":"tag-cnpq","9":"tag-educacao","10":"tag-fusao","11":"tag-ivan-valente","12":"tag-requerimento-de-informacao","13":"tag-samia-bomfim","14":"tag-taliria-petrone"},"acf":[],"yoast_head":"<!-- This site is optimized with the Yoast SEO plugin v26.5 - https:\/\/yoast.com\/wordpress\/plugins\/seo\/ -->\n<title>Deputados pedem explica\u00e7\u00f5es a ministros sobre fus\u00e3o do CNPq e Capes - PSOL 50<\/title>\n<meta name=\"robots\" content=\"index, follow, max-snippet:-1, max-image-preview:large, max-video-preview:-1\" \/>\n<link rel=\"canonical\" href=\"https:\/\/psol50.org.br\/deputados-pedem-explicacoes-a-ministros-sobre-fusao-do-cnpq-e-capes\/\" \/>\n<meta property=\"og:locale\" content=\"pt_BR\" \/>\n<meta property=\"og:type\" content=\"article\" \/>\n<meta property=\"og:title\" content=\"Deputados pedem explica\u00e7\u00f5es a ministros sobre fus\u00e3o do CNPq e Capes\" \/>\n<meta property=\"og:description\" content=\"Os requerimentos de informa\u00e7\u00e3o foram enviados por Ivan Valente, S\u00e2mia Bomfim e Tal\u00edria Petrone.\" \/>\n<meta property=\"og:url\" content=\"https:\/\/psol50.org.br\/deputados-pedem-explicacoes-a-ministros-sobre-fusao-do-cnpq-e-capes\/\" \/>\n<meta property=\"og:site_name\" content=\"PSOL 50\" \/>\n<meta property=\"article:publisher\" content=\"https:\/\/www.facebook.com\/psol50\" \/>\n<meta property=\"article:published_time\" content=\"2019-09-30T18:48:50+00:00\" \/>\n<meta property=\"og:image\" content=\"https:\/\/psol50.org.br\/inc\/uploads\/2019\/09\/cnpq.jpg\" \/>\n\t<meta property=\"og:image:width\" content=\"900\" \/>\n\t<meta property=\"og:image:height\" content=\"481\" \/>\n\t<meta property=\"og:image:type\" content=\"image\/jpeg\" \/>\n<meta name=\"author\" content=\"Comunica\u00e7\u00e3o PSOL\" \/>\n<meta name=\"twitter:card\" content=\"summary_large_image\" \/>\n<meta name=\"twitter:title\" content=\"Deputados pedem explica\u00e7\u00f5es a ministros sobre fus\u00e3o do CNPq e Capes\" \/>\n<meta name=\"twitter:description\" content=\"Os requerimentos de informa\u00e7\u00e3o foram enviados por Ivan Valente, S\u00e2mia Bomfim e Tal\u00edria Petrone.\" \/>\n<meta name=\"twitter:image\" content=\"https:\/\/psol50.org.br\/inc\/uploads\/2019\/09\/cnpq.jpg\" \/>\n<meta name=\"twitter:creator\" content=\"@psol50\" \/>\n<meta name=\"twitter:site\" content=\"@psol50\" \/>\n<meta name=\"twitter:label1\" content=\"Escrito por\" \/>\n\t<meta name=\"twitter:data1\" content=\"Comunica\u00e7\u00e3o PSOL\" \/>\n\t<meta name=\"twitter:label2\" content=\"Est. tempo de leitura\" \/>\n\t<meta name=\"twitter:data2\" content=\"2 minutos\" \/>\n<script type=\"application\/ld+json\" class=\"yoast-schema-graph\">{\"@context\":\"https:\/\/schema.org\",\"@graph\":[{\"@type\":\"Article\",\"@id\":\"https:\/\/psol50.org.br\/deputados-pedem-explicacoes-a-ministros-sobre-fusao-do-cnpq-e-capes\/#article\",\"isPartOf\":{\"@id\":\"https:\/\/psol50.org.br\/deputados-pedem-explicacoes-a-ministros-sobre-fusao-do-cnpq-e-capes\/\"},\"author\":{\"name\":\"Comunica\u00e7\u00e3o PSOL\",\"@id\":\"https:\/\/psol50.org.br\/#\/schema\/person\/475dfa57d0b815993c714c2e96491fcd\"},\"headline\":\"Deputados pedem explica\u00e7\u00f5es a ministros sobre fus\u00e3o do CNPq e Capes\",\"datePublished\":\"2019-09-30T18:48:50+00:00\",\"mainEntityOfPage\":{\"@id\":\"https:\/\/psol50.org.br\/deputados-pedem-explicacoes-a-ministros-sobre-fusao-do-cnpq-e-capes\/\"},\"wordCount\":446,\"publisher\":{\"@id\":\"https:\/\/psol50.org.br\/#organization\"},\"image\":{\"@id\":\"https:\/\/psol50.org.br\/deputados-pedem-explicacoes-a-ministros-sobre-fusao-do-cnpq-e-capes\/#primaryimage\"},\"thumbnailUrl\":\"https:\/\/psol50.org.br\/inc\/uploads\/2019\/09\/cnpq.jpg\",\"keywords\":[\"CNPq\",\"Educa\u00e7\u00e3o\",\"fus\u00e3o\",\"Ivan Valente\",\"requerimento de informa\u00e7\u00e3o\",\"S\u00e2mia Bomfim\",\"Tal\u00edria Petrone\"],\"articleSection\":[\"Not\u00edcias\"],\"inLanguage\":\"pt-BR\"},{\"@type\":\"WebPage\",\"@id\":\"https:\/\/psol50.org.br\/deputados-pedem-explicacoes-a-ministros-sobre-fusao-do-cnpq-e-capes\/\",\"url\":\"https:\/\/psol50.org.br\/deputados-pedem-explicacoes-a-ministros-sobre-fusao-do-cnpq-e-capes\/\",\"name\":\"Deputados pedem explica\u00e7\u00f5es a ministros sobre fus\u00e3o do CNPq e Capes - PSOL 50\",\"isPartOf\":{\"@id\":\"https:\/\/psol50.org.br\/#website\"},\"primaryImageOfPage\":{\"@id\":\"https:\/\/psol50.org.br\/deputados-pedem-explicacoes-a-ministros-sobre-fusao-do-cnpq-e-capes\/#primaryimage\"},\"image\":{\"@id\":\"https:\/\/psol50.org.br\/deputados-pedem-explicacoes-a-ministros-sobre-fusao-do-cnpq-e-capes\/#primaryimage\"},\"thumbnailUrl\":\"https:\/\/psol50.org.br\/inc\/uploads\/2019\/09\/cnpq.jpg\",\"datePublished\":\"2019-09-30T18:48:50+00:00\",\"breadcrumb\":{\"@id\":\"https:\/\/psol50.org.br\/deputados-pedem-explicacoes-a-ministros-sobre-fusao-do-cnpq-e-capes\/#breadcrumb\"},\"inLanguage\":\"pt-BR\",\"potentialAction\":[{\"@type\":\"ReadAction\",\"target\":[\"https:\/\/psol50.org.br\/deputados-pedem-explicacoes-a-ministros-sobre-fusao-do-cnpq-e-capes\/\"]}]},{\"@type\":\"ImageObject\",\"inLanguage\":\"pt-BR\",\"@id\":\"https:\/\/psol50.org.br\/deputados-pedem-explicacoes-a-ministros-sobre-fusao-do-cnpq-e-capes\/#primaryimage\",\"url\":\"https:\/\/psol50.org.br\/inc\/uploads\/2019\/09\/cnpq.jpg\",\"contentUrl\":\"https:\/\/psol50.org.br\/inc\/uploads\/2019\/09\/cnpq.jpg\",\"width\":900,\"height\":481},{\"@type\":\"BreadcrumbList\",\"@id\":\"https:\/\/psol50.org.br\/deputados-pedem-explicacoes-a-ministros-sobre-fusao-do-cnpq-e-capes\/#breadcrumb\",\"itemListElement\":[{\"@type\":\"ListItem\",\"position\":1,\"name\":\"In\u00edcio\",\"item\":\"https:\/\/psol50.org.br\/\"},{\"@type\":\"ListItem\",\"position\":2,\"name\":\"Deputados pedem explica\u00e7\u00f5es a ministros sobre fus\u00e3o do CNPq e Capes\"}]},{\"@type\":\"WebSite\",\"@id\":\"https:\/\/psol50.org.br\/#website\",\"url\":\"https:\/\/psol50.org.br\/\",\"name\":\"PSOL 50\",\"description\":\"Site oficial do Partido Socialismo e Liberdade\",\"publisher\":{\"@id\":\"https:\/\/psol50.org.br\/#organization\"},\"alternateName\":\"PSOL50\",\"potentialAction\":[{\"@type\":\"SearchAction\",\"target\":{\"@type\":\"EntryPoint\",\"urlTemplate\":\"https:\/\/psol50.org.br\/?s={search_term_string}\"},\"query-input\":{\"@type\":\"PropertyValueSpecification\",\"valueRequired\":true,\"valueName\":\"search_term_string\"}}],\"inLanguage\":\"pt-BR\"},{\"@type\":\"Organization\",\"@id\":\"https:\/\/psol50.org.br\/#organization\",\"name\":\"PSOL 50\",\"alternateName\":\"PSOL 50\",\"url\":\"https:\/\/psol50.org.br\/\",\"logo\":{\"@type\":\"ImageObject\",\"inLanguage\":\"pt-BR\",\"@id\":\"https:\/\/psol50.org.br\/#\/schema\/logo\/image\/\",\"url\":\"https:\/\/psol50.org.br\/inc\/uploads\/2018\/07\/capa.png\",\"contentUrl\":\"https:\/\/psol50.org.br\/inc\/uploads\/2018\/07\/capa.png\",\"width\":1350,\"height\":900,\"caption\":\"PSOL 50\"},\"image\":{\"@id\":\"https:\/\/psol50.org.br\/#\/schema\/logo\/image\/\"},\"sameAs\":[\"https:\/\/www.facebook.com\/psol50\",\"https:\/\/x.com\/psol50\",\"https:\/\/www.instagram.com\/psol50\/\",\"https:\/\/www.youtube.com\/channel\/UC7SnJS5o1os7a6CaiNabzcg\"]},{\"@type\":\"Person\",\"@id\":\"https:\/\/psol50.org.br\/#\/schema\/person\/475dfa57d0b815993c714c2e96491fcd\",\"name\":\"Comunica\u00e7\u00e3o PSOL\",\"image\":{\"@type\":\"ImageObject\",\"inLanguage\":\"pt-BR\",\"@id\":\"https:\/\/psol50.org.br\/#\/schema\/person\/image\/\",\"url\":\"https:\/\/secure.gravatar.com\/avatar\/b34fc4f4e468a4e51785917065a3db57b841f5c95dba6ad8c73aaf8f66f8f9bf?s=96&d=mm&r=g\",\"contentUrl\":\"https:\/\/secure.gravatar.com\/avatar\/b34fc4f4e468a4e51785917065a3db57b841f5c95dba6ad8c73aaf8f66f8f9bf?s=96&d=mm&r=g\",\"caption\":\"Comunica\u00e7\u00e3o PSOL\"}}]}<\/script>\n<!-- \/ Yoast SEO plugin. -->","yoast_head_json":{"title":"Deputados pedem explica\u00e7\u00f5es a ministros sobre fus\u00e3o do CNPq e Capes - PSOL 50","robots":{"index":"index","follow":"follow","max-snippet":"max-snippet:-1","max-image-preview":"max-image-preview:large","max-video-preview":"max-video-preview:-1"},"canonical":"https:\/\/psol50.org.br\/deputados-pedem-explicacoes-a-ministros-sobre-fusao-do-cnpq-e-capes\/","og_locale":"pt_BR","og_type":"article","og_title":"Deputados pedem explica\u00e7\u00f5es a ministros sobre fus\u00e3o do CNPq e Capes","og_description":"Os requerimentos de informa\u00e7\u00e3o foram enviados por Ivan Valente, S\u00e2mia Bomfim e Tal\u00edria Petrone.","og_url":"https:\/\/psol50.org.br\/deputados-pedem-explicacoes-a-ministros-sobre-fusao-do-cnpq-e-capes\/","og_site_name":"PSOL 50","article_publisher":"https:\/\/www.facebook.com\/psol50","article_published_time":"2019-09-30T18:48:50+00:00","og_image":[{"width":900,"height":481,"url":"https:\/\/psol50.org.br\/inc\/uploads\/2019\/09\/cnpq.jpg","type":"image\/jpeg"}],"author":"Comunica\u00e7\u00e3o PSOL","twitter_card":"summary_large_image","twitter_title":"Deputados pedem explica\u00e7\u00f5es a ministros sobre fus\u00e3o do CNPq e Capes","twitter_description":"Os requerimentos de informa\u00e7\u00e3o foram enviados por Ivan Valente, S\u00e2mia Bomfim e Tal\u00edria Petrone.","twitter_image":"https:\/\/psol50.org.br\/inc\/uploads\/2019\/09\/cnpq.jpg","twitter_creator":"@psol50","twitter_site":"@psol50","twitter_misc":{"Escrito por":"Comunica\u00e7\u00e3o PSOL","Est. tempo de leitura":"2 minutos"},"schema":{"@context":"https:\/\/schema.org","@graph":[{"@type":"Article","@id":"https:\/\/psol50.org.br\/deputados-pedem-explicacoes-a-ministros-sobre-fusao-do-cnpq-e-capes\/#article","isPartOf":{"@id":"https:\/\/psol50.org.br\/deputados-pedem-explicacoes-a-ministros-sobre-fusao-do-cnpq-e-capes\/"},"author":{"name":"Comunica\u00e7\u00e3o PSOL","@id":"https:\/\/psol50.org.br\/#\/schema\/person\/475dfa57d0b815993c714c2e96491fcd"},"headline":"Deputados pedem explica\u00e7\u00f5es a ministros sobre fus\u00e3o do CNPq e Capes","datePublished":"2019-09-30T18:48:50+00:00","mainEntityOfPage":{"@id":"https:\/\/psol50.org.br\/deputados-pedem-explicacoes-a-ministros-sobre-fusao-do-cnpq-e-capes\/"},"wordCount":446,"publisher":{"@id":"https:\/\/psol50.org.br\/#organization"},"image":{"@id":"https:\/\/psol50.org.br\/deputados-pedem-explicacoes-a-ministros-sobre-fusao-do-cnpq-e-capes\/#primaryimage"},"thumbnailUrl":"https:\/\/psol50.org.br\/inc\/uploads\/2019\/09\/cnpq.jpg","keywords":["CNPq","Educa\u00e7\u00e3o","fus\u00e3o","Ivan Valente","requerimento de informa\u00e7\u00e3o","S\u00e2mia Bomfim","Tal\u00edria Petrone"],"articleSection":["Not\u00edcias"],"inLanguage":"pt-BR"},{"@type":"WebPage","@id":"https:\/\/psol50.org.br\/deputados-pedem-explicacoes-a-ministros-sobre-fusao-do-cnpq-e-capes\/","url":"https:\/\/psol50.org.br\/deputados-pedem-explicacoes-a-ministros-sobre-fusao-do-cnpq-e-capes\/","name":"Deputados pedem explica\u00e7\u00f5es a ministros sobre fus\u00e3o do CNPq e Capes - PSOL 50","isPartOf":{"@id":"https:\/\/psol50.org.br\/#website"},"primaryImageOfPage":{"@id":"https:\/\/psol50.org.br\/deputados-pedem-explicacoes-a-ministros-sobre-fusao-do-cnpq-e-capes\/#primaryimage"},"image":{"@id":"https:\/\/psol50.org.br\/deputados-pedem-explicacoes-a-ministros-sobre-fusao-do-cnpq-e-capes\/#primaryimage"},"thumbnailUrl":"https:\/\/psol50.org.br\/inc\/uploads\/2019\/09\/cnpq.jpg","datePublished":"2019-09-30T18:48:50+00:00","breadcrumb":{"@id":"https:\/\/psol50.org.br\/deputados-pedem-explicacoes-a-ministros-sobre-fusao-do-cnpq-e-capes\/#breadcrumb"},"inLanguage":"pt-BR","potentialAction":[{"@type":"ReadAction","target":["https:\/\/psol50.org.br\/deputados-pedem-explicacoes-a-ministros-sobre-fusao-do-cnpq-e-capes\/"]}]},{"@type":"ImageObject","inLanguage":"pt-BR","@id":"https:\/\/psol50.org.br\/deputados-pedem-explicacoes-a-ministros-sobre-fusao-do-cnpq-e-capes\/#primaryimage","url":"https:\/\/psol50.org.br\/inc\/uploads\/2019\/09\/cnpq.jpg","contentUrl":"https:\/\/psol50.org.br\/inc\/uploads\/2019\/09\/cnpq.jpg","width":900,"height":481},{"@type":"BreadcrumbList","@id":"https:\/\/psol50.org.br\/deputados-pedem-explicacoes-a-ministros-sobre-fusao-do-cnpq-e-capes\/#breadcrumb","itemListElement":[{"@type":"ListItem","position":1,"name":"In\u00edcio","item":"https:\/\/psol50.org.br\/"},{"@type":"ListItem","position":2,"name":"Deputados pedem explica\u00e7\u00f5es a ministros sobre fus\u00e3o do CNPq e Capes"}]},{"@type":"WebSite","@id":"https:\/\/psol50.org.br\/#website","url":"https:\/\/psol50.org.br\/","name":"PSOL 50","description":"Site oficial do Partido Socialismo e Liberdade","publisher":{"@id":"https:\/\/psol50.org.br\/#organization"},"alternateName":"PSOL50","potentialAction":[{"@type":"SearchAction","target":{"@type":"EntryPoint","urlTemplate":"https:\/\/psol50.org.br\/?s={search_term_string}"},"query-input":{"@type":"PropertyValueSpecification","valueRequired":true,"valueName":"search_term_string"}}],"inLanguage":"pt-BR"},{"@type":"Organization","@id":"https:\/\/psol50.org.br\/#organization","name":"PSOL 50","alternateName":"PSOL 50","url":"https:\/\/psol50.org.br\/","logo":{"@type":"ImageObject","inLanguage":"pt-BR","@id":"https:\/\/psol50.org.br\/#\/schema\/logo\/image\/","url":"https:\/\/psol50.org.br\/inc\/uploads\/2018\/07\/capa.png","contentUrl":"https:\/\/psol50.org.br\/inc\/uploads\/2018\/07\/capa.png","width":1350,"height":900,"caption":"PSOL 50"},"image":{"@id":"https:\/\/psol50.org.br\/#\/schema\/logo\/image\/"},"sameAs":["https:\/\/www.facebook.com\/psol50","https:\/\/x.com\/psol50","https:\/\/www.instagram.com\/psol50\/","https:\/\/www.youtube.com\/channel\/UC7SnJS5o1os7a6CaiNabzcg"]},{"@type":"Person","@id":"https:\/\/psol50.org.br\/#\/schema\/person\/475dfa57d0b815993c714c2e96491fcd","name":"Comunica\u00e7\u00e3o PSOL","image":{"@type":"ImageObject","inLanguage":"pt-BR","@id":"https:\/\/psol50.org.br\/#\/schema\/person\/image\/","url":"https:\/\/secure.gravatar.com\/avatar\/b34fc4f4e468a4e51785917065a3db57b841f5c95dba6ad8c73aaf8f66f8f9bf?s=96&d=mm&r=g","contentUrl":"https:\/\/secure.gravatar.com\/avatar\/b34fc4f4e468a4e51785917065a3db57b841f5c95dba6ad8c73aaf8f66f8f9bf?s=96&d=mm&r=g","caption":"Comunica\u00e7\u00e3o PSOL"}}]}},"_links":{"self":[{"href":"https:\/\/psol50.org.br\/rest\/wp\/v2\/posts\/26599","targetHints":{"allow":["GET"]}}],"collection":[{"href":"https:\/\/psol50.org.br\/rest\/wp\/v2\/posts"}],"about":[{"href":"https:\/\/psol50.org.br\/rest\/wp\/v2\/types\/post"}],"author":[{"embeddable":true,"href":"https:\/\/psol50.org.br\/rest\/wp\/v2\/users\/2"}],"replies":[{"embeddable":true,"href":"https:\/\/psol50.org.br\/rest\/wp\/v2\/comments?post=26599"}],"version-history":[{"count":0,"href":"https:\/\/psol50.org.br\/rest\/wp\/v2\/posts\/26599\/revisions"}],"wp:featuredmedia":[{"embeddable":true,"href":"https:\/\/psol50.org.br\/rest\/wp\/v2\/media\/26600"}],"wp:attachment":[{"href":"https:\/\/psol50.org.br\/rest\/wp\/v2\/media?parent=26599"}],"wp:term":[{"taxonomy":"category","embeddable":true,"href":"https:\/\/psol50.org.br\/rest\/wp\/v2\/categories?post=26599"},{"taxonomy":"post_tag","embeddable":true,"href":"https:\/\/psol50.org.br\/rest\/wp\/v2\/tags?post=26599"}],"curies":[{"name":"wp","href":"https:\/\/api.w.org\/{rel}","templated":true}]}}