{"id":26624,"date":"2019-10-02T17:52:44","date_gmt":"2019-10-02T20:52:44","guid":{"rendered":"http:\/\/psol50.org.br\/?p=26624"},"modified":"2019-10-02T17:52:44","modified_gmt":"2019-10-02T20:52:44","slug":"psol-questiona-ministerio-da-defesa-sobre-gastos-e-atuacao-das-forcas-armadas-na-amazonia","status":"publish","type":"post","link":"https:\/\/psol50.org.br\/psol-questiona-ministerio-da-defesa-sobre-gastos-e-atuacao-das-forcas-armadas-na-amazonia\/","title":{"rendered":"PSOL questiona Minist\u00e9rio da Defesa sobre gastos e atua\u00e7\u00e3o das For\u00e7as Armadas na Amaz\u00f4nia"},"content":{"rendered":"<p>O PSOL apresentou nesta quarta-feira (2) um requerimento de informa\u00e7\u00e3o ao Minist\u00e9rio da Defesa do governo de Jair Bolsonaro sobre diversas quest\u00f5es da atua\u00e7\u00e3o das For\u00e7as Armadas na regi\u00e3o da Amaz\u00f4nia. A verba destinada a essa atua\u00e7\u00e3o do Ex\u00e9rcito \u00e9 maior do que todo o dinheiro destinado \u00e0 fiscaliza\u00e7\u00e3o do Ibama para 2020.<\/p>\n<p>A pasta, comandada pelo ministro Fernando Azevedo, tem obriga\u00e7\u00e3o legal de responder os questionamentos feitos pelo PSOL. O Minist\u00e9rio da Defesa ter\u00e1 que responder por que, durante o per\u00edodo em que estiveram atuando no combate aos focos de inc\u00eandio e em a\u00e7\u00f5es contra crimes ambientais na Amaz\u00f4nia, as For\u00e7as Armadas se recusaram por tr\u00eas vezes a auxiliar os servidores do Ibama em a\u00e7\u00f5es de mesma natureza. <a href=\"http:\/\/psol50.org.br\/inc\/uploads\/2019\/10\/Req-Inf-min-da-Defesa_exe\u0301rcito-amazo\u0302nia.pdf\">Voc\u00ea pode ler o requerimento de informa\u00e7\u00f5es na \u00edntegra aqui.<\/a><\/p>\n<p class=\"p1\">O documento solicita informa\u00e7\u00f5es sobre o aumento nos \u00edndices de desmatamento ap\u00f3s a autoriza\u00e7\u00e3o de opera\u00e7\u00e3o de &#8220;garantia da lei e da ordem&#8221; na Amaz\u00f4nia, em 23 de agosto (por 30 dias iniciais, depois prorrogado at\u00e9 24 de outubro), e sobre a recusa de apoio do Ex\u00e9rcito a a\u00e7\u00f5es de fiscaliza\u00e7\u00e3o dos \u00f3rg\u00e3os ambientais na regi\u00e3o.<\/p>\n<p class=\"p1\">Outro dado que o ministro poder\u00e1 esclarecer \u00e9 o de que o uso das For\u00e7as Armadas determinado pelo decreto presidencial, em dois meses, ser\u00e1 de R$ 90 milh\u00f5es, de acordo com o vice-presidente Mour\u00e3o. Ele afirmou que o custo di\u00e1rio era de R$ 1,5 milh\u00e3o por dia. A discrep\u00e2ncia com o or\u00e7amento total previsto para a\u00e7\u00f5es de fiscaliza\u00e7\u00e3o do Ibama em 2020 \u2013 que \u00e9 de apenas R$ 76 milh\u00f5es \u2013 impressiona.<\/p>\n<p class=\"p1\">Chamam aten\u00e7\u00e3o tamb\u00e9m a informa\u00e7\u00e3o de que houve queda na apreens\u00e3o de madeira extra\u00edda ilegalmente (63,7% a menos que o mesmo per\u00edodo do ano passado) e diminui\u00e7\u00e3o do n\u00famero de autos de infra\u00e7\u00e3o emitidos (128, contra 258 no mesmo per\u00edodo do ano passado). Os n\u00fameros do desmatamento, de acordo com o pr\u00f3prio Inpe, sequer tiveram algum momento de queda no per\u00edodo com as For\u00e7as Armadas na regi\u00e3o: continuam a aumentar.<\/p>\n<p class=\"p1\">Outro contrassenso foi que o argumento usado para as For\u00e7as Armadas n\u00e3o auxiliarem o Ibama em suas a\u00e7\u00f5es foi o de que essa a\u00e7\u00e3o conjunta poderia resultar na \u201cdestrui\u00e7\u00e3o de maquin\u00e1rios de garimpeiros e madeireiros ilegais\u201d, o que, supostamente, \u201catrapalharia uma negocia\u00e7\u00e3o com o presidente Bolsonaro\u201d \u2013 negocia\u00e7\u00e3o que veio ocorrer apenas ontem, 1\u00ba de outubro quando os extrativistas ilegais foram recebidos no Pal\u00e1cio da Alvorada.<\/p>\n","protected":false},"excerpt":{"rendered":"<p>O PSOL apresentou nesta quarta-feira (2) um requerimento de informa\u00e7\u00e3o ao Minist\u00e9rio da Defesa do governo de Jair Bolsonaro sobre diversas quest\u00f5es da atua\u00e7\u00e3o das For\u00e7as Armadas na regi\u00e3o da Amaz\u00f4nia. A verba destinada a essa atua\u00e7\u00e3o do Ex\u00e9rcito \u00e9 maior do que todo o dinheiro destinado \u00e0 fiscaliza\u00e7\u00e3o do Ibama para 2020. A pasta, [&hellip;]<\/p>\n","protected":false},"author":2,"featured_media":26626,"comment_status":"closed","ping_status":"open","sticky":false,"template":"","format":"standard","meta":{"_acf_changed":false,"footnotes":""},"categories":[6],"tags":[96,421,766,1499,22,1101],"class_list":{"0":"post-26624","1":"post","2":"type-post","3":"status-publish","4":"format-standard","5":"has-post-thumbnail","7":"category-noticias","8":"tag-amazonia","9":"tag-defesa","10":"tag-exercito","11":"tag-forcas-armadas","12":"tag-psol","13":"tag-queimadas"},"acf":[],"yoast_head":"<!-- This site is optimized with the Yoast SEO plugin v26.5 - https:\/\/yoast.com\/wordpress\/plugins\/seo\/ -->\n<title>PSOL questiona Minist\u00e9rio da Defesa sobre gastos e atua\u00e7\u00e3o das For\u00e7as Armadas na Amaz\u00f4nia<\/title>\n<meta name=\"description\" content=\"For\u00e7as Armadas na Amaz\u00f4nia custar\u00e3o mais que verba de fiscaliza\u00e7\u00e3o do Ibama para 2020. Ministro \u00e9 obrigado a responder os questionamentos.\" \/>\n<meta name=\"robots\" content=\"index, follow, max-snippet:-1, max-image-preview:large, max-video-preview:-1\" \/>\n<link rel=\"canonical\" href=\"https:\/\/psol50.org.br\/psol-questiona-ministerio-da-defesa-sobre-gastos-e-atuacao-das-forcas-armadas-na-amazonia\/\" \/>\n<meta property=\"og:locale\" content=\"pt_BR\" \/>\n<meta property=\"og:type\" content=\"article\" \/>\n<meta property=\"og:title\" content=\"PSOL questiona Minist\u00e9rio da Defesa sobre gastos e atua\u00e7\u00e3o das For\u00e7as Armadas na Amaz\u00f4nia\" \/>\n<meta property=\"og:description\" content=\"For\u00e7as Armadas na Amaz\u00f4nia custar\u00e3o mais que verba de fiscaliza\u00e7\u00e3o do Ibama para 2020. Ministro \u00e9 obrigado a responder os questionamentos.\" \/>\n<meta property=\"og:url\" content=\"https:\/\/psol50.org.br\/psol-questiona-ministerio-da-defesa-sobre-gastos-e-atuacao-das-forcas-armadas-na-amazonia\/\" \/>\n<meta property=\"og:site_name\" content=\"PSOL 50\" \/>\n<meta property=\"article:publisher\" content=\"https:\/\/www.facebook.com\/psol50\" \/>\n<meta property=\"article:published_time\" content=\"2019-10-02T20:52:44+00:00\" \/>\n<meta property=\"og:image\" content=\"https:\/\/psol50.org.br\/inc\/uploads\/2019\/10\/Exercito-2.jpg\" \/>\n\t<meta property=\"og:image:width\" content=\"526\" \/>\n\t<meta property=\"og:image:height\" content=\"349\" \/>\n\t<meta property=\"og:image:type\" content=\"image\/jpeg\" \/>\n<meta name=\"author\" content=\"Comunica\u00e7\u00e3o PSOL\" \/>\n<meta name=\"twitter:card\" content=\"summary_large_image\" \/>\n<meta name=\"twitter:title\" content=\"PSOL questiona Minist\u00e9rio da Defesa sobre gastos e atua\u00e7\u00e3o das For\u00e7as Armadas na Amaz\u00f4nia\" \/>\n<meta name=\"twitter:description\" content=\"For\u00e7as Armadas na Amaz\u00f4nia custar\u00e3o mais que verba de fiscaliza\u00e7\u00e3o do Ibama para 2020. Ministro \u00e9 obrigado a responder os questionamentos.\" \/>\n<meta name=\"twitter:image\" content=\"https:\/\/psol50.org.br\/inc\/uploads\/2019\/10\/Exercito-2.jpg\" \/>\n<meta name=\"twitter:creator\" content=\"@psol50\" \/>\n<meta name=\"twitter:site\" content=\"@psol50\" \/>\n<meta name=\"twitter:label1\" content=\"Escrito por\" \/>\n\t<meta name=\"twitter:data1\" content=\"Comunica\u00e7\u00e3o PSOL\" \/>\n\t<meta name=\"twitter:label2\" content=\"Est. tempo de leitura\" \/>\n\t<meta name=\"twitter:data2\" content=\"2 minutos\" \/>\n<script type=\"application\/ld+json\" class=\"yoast-schema-graph\">{\"@context\":\"https:\/\/schema.org\",\"@graph\":[{\"@type\":\"Article\",\"@id\":\"https:\/\/psol50.org.br\/psol-questiona-ministerio-da-defesa-sobre-gastos-e-atuacao-das-forcas-armadas-na-amazonia\/#article\",\"isPartOf\":{\"@id\":\"https:\/\/psol50.org.br\/psol-questiona-ministerio-da-defesa-sobre-gastos-e-atuacao-das-forcas-armadas-na-amazonia\/\"},\"author\":{\"name\":\"Comunica\u00e7\u00e3o PSOL\",\"@id\":\"https:\/\/psol50.org.br\/#\/schema\/person\/475dfa57d0b815993c714c2e96491fcd\"},\"headline\":\"PSOL questiona Minist\u00e9rio da Defesa sobre gastos e atua\u00e7\u00e3o das For\u00e7as Armadas na Amaz\u00f4nia\",\"datePublished\":\"2019-10-02T20:52:44+00:00\",\"mainEntityOfPage\":{\"@id\":\"https:\/\/psol50.org.br\/psol-questiona-ministerio-da-defesa-sobre-gastos-e-atuacao-das-forcas-armadas-na-amazonia\/\"},\"wordCount\":455,\"publisher\":{\"@id\":\"https:\/\/psol50.org.br\/#organization\"},\"image\":{\"@id\":\"https:\/\/psol50.org.br\/psol-questiona-ministerio-da-defesa-sobre-gastos-e-atuacao-das-forcas-armadas-na-amazonia\/#primaryimage\"},\"thumbnailUrl\":\"https:\/\/psol50.org.br\/inc\/uploads\/2019\/10\/Exercito-2.jpg\",\"keywords\":[\"Amaz\u00f4nia\",\"defesa\",\"Ex\u00e9rcito\",\"For\u00e7as Armadas\",\"PSOL\",\"queimadas\"],\"articleSection\":[\"Not\u00edcias\"],\"inLanguage\":\"pt-BR\"},{\"@type\":\"WebPage\",\"@id\":\"https:\/\/psol50.org.br\/psol-questiona-ministerio-da-defesa-sobre-gastos-e-atuacao-das-forcas-armadas-na-amazonia\/\",\"url\":\"https:\/\/psol50.org.br\/psol-questiona-ministerio-da-defesa-sobre-gastos-e-atuacao-das-forcas-armadas-na-amazonia\/\",\"name\":\"PSOL questiona Minist\u00e9rio da Defesa sobre gastos e atua\u00e7\u00e3o das For\u00e7as Armadas na Amaz\u00f4nia\",\"isPartOf\":{\"@id\":\"https:\/\/psol50.org.br\/#website\"},\"primaryImageOfPage\":{\"@id\":\"https:\/\/psol50.org.br\/psol-questiona-ministerio-da-defesa-sobre-gastos-e-atuacao-das-forcas-armadas-na-amazonia\/#primaryimage\"},\"image\":{\"@id\":\"https:\/\/psol50.org.br\/psol-questiona-ministerio-da-defesa-sobre-gastos-e-atuacao-das-forcas-armadas-na-amazonia\/#primaryimage\"},\"thumbnailUrl\":\"https:\/\/psol50.org.br\/inc\/uploads\/2019\/10\/Exercito-2.jpg\",\"datePublished\":\"2019-10-02T20:52:44+00:00\",\"description\":\"For\u00e7as Armadas na Amaz\u00f4nia custar\u00e3o mais que verba de fiscaliza\u00e7\u00e3o do Ibama para 2020. Ministro \u00e9 obrigado a responder os questionamentos.\",\"breadcrumb\":{\"@id\":\"https:\/\/psol50.org.br\/psol-questiona-ministerio-da-defesa-sobre-gastos-e-atuacao-das-forcas-armadas-na-amazonia\/#breadcrumb\"},\"inLanguage\":\"pt-BR\",\"potentialAction\":[{\"@type\":\"ReadAction\",\"target\":[\"https:\/\/psol50.org.br\/psol-questiona-ministerio-da-defesa-sobre-gastos-e-atuacao-das-forcas-armadas-na-amazonia\/\"]}]},{\"@type\":\"ImageObject\",\"inLanguage\":\"pt-BR\",\"@id\":\"https:\/\/psol50.org.br\/psol-questiona-ministerio-da-defesa-sobre-gastos-e-atuacao-das-forcas-armadas-na-amazonia\/#primaryimage\",\"url\":\"https:\/\/psol50.org.br\/inc\/uploads\/2019\/10\/Exercito-2.jpg\",\"contentUrl\":\"https:\/\/psol50.org.br\/inc\/uploads\/2019\/10\/Exercito-2.jpg\",\"width\":526,\"height\":349},{\"@type\":\"BreadcrumbList\",\"@id\":\"https:\/\/psol50.org.br\/psol-questiona-ministerio-da-defesa-sobre-gastos-e-atuacao-das-forcas-armadas-na-amazonia\/#breadcrumb\",\"itemListElement\":[{\"@type\":\"ListItem\",\"position\":1,\"name\":\"In\u00edcio\",\"item\":\"https:\/\/psol50.org.br\/\"},{\"@type\":\"ListItem\",\"position\":2,\"name\":\"PSOL questiona Minist\u00e9rio da Defesa sobre gastos e atua\u00e7\u00e3o das For\u00e7as Armadas na Amaz\u00f4nia\"}]},{\"@type\":\"WebSite\",\"@id\":\"https:\/\/psol50.org.br\/#website\",\"url\":\"https:\/\/psol50.org.br\/\",\"name\":\"PSOL 50\",\"description\":\"Site oficial do Partido Socialismo e Liberdade\",\"publisher\":{\"@id\":\"https:\/\/psol50.org.br\/#organization\"},\"alternateName\":\"PSOL50\",\"potentialAction\":[{\"@type\":\"SearchAction\",\"target\":{\"@type\":\"EntryPoint\",\"urlTemplate\":\"https:\/\/psol50.org.br\/?s={search_term_string}\"},\"query-input\":{\"@type\":\"PropertyValueSpecification\",\"valueRequired\":true,\"valueName\":\"search_term_string\"}}],\"inLanguage\":\"pt-BR\"},{\"@type\":\"Organization\",\"@id\":\"https:\/\/psol50.org.br\/#organization\",\"name\":\"PSOL 50\",\"alternateName\":\"PSOL 50\",\"url\":\"https:\/\/psol50.org.br\/\",\"logo\":{\"@type\":\"ImageObject\",\"inLanguage\":\"pt-BR\",\"@id\":\"https:\/\/psol50.org.br\/#\/schema\/logo\/image\/\",\"url\":\"https:\/\/psol50.org.br\/inc\/uploads\/2018\/07\/capa.png\",\"contentUrl\":\"https:\/\/psol50.org.br\/inc\/uploads\/2018\/07\/capa.png\",\"width\":1350,\"height\":900,\"caption\":\"PSOL 50\"},\"image\":{\"@id\":\"https:\/\/psol50.org.br\/#\/schema\/logo\/image\/\"},\"sameAs\":[\"https:\/\/www.facebook.com\/psol50\",\"https:\/\/x.com\/psol50\",\"https:\/\/www.instagram.com\/psol50\/\",\"https:\/\/www.youtube.com\/channel\/UC7SnJS5o1os7a6CaiNabzcg\"]},{\"@type\":\"Person\",\"@id\":\"https:\/\/psol50.org.br\/#\/schema\/person\/475dfa57d0b815993c714c2e96491fcd\",\"name\":\"Comunica\u00e7\u00e3o PSOL\",\"image\":{\"@type\":\"ImageObject\",\"inLanguage\":\"pt-BR\",\"@id\":\"https:\/\/psol50.org.br\/#\/schema\/person\/image\/\",\"url\":\"https:\/\/secure.gravatar.com\/avatar\/b34fc4f4e468a4e51785917065a3db57b841f5c95dba6ad8c73aaf8f66f8f9bf?s=96&d=mm&r=g\",\"contentUrl\":\"https:\/\/secure.gravatar.com\/avatar\/b34fc4f4e468a4e51785917065a3db57b841f5c95dba6ad8c73aaf8f66f8f9bf?s=96&d=mm&r=g\",\"caption\":\"Comunica\u00e7\u00e3o PSOL\"}}]}<\/script>\n<!-- \/ Yoast SEO plugin. -->","yoast_head_json":{"title":"PSOL questiona Minist\u00e9rio da Defesa sobre gastos e atua\u00e7\u00e3o das For\u00e7as Armadas na Amaz\u00f4nia","description":"For\u00e7as Armadas na Amaz\u00f4nia custar\u00e3o mais que verba de fiscaliza\u00e7\u00e3o do Ibama para 2020. Ministro \u00e9 obrigado a responder os questionamentos.","robots":{"index":"index","follow":"follow","max-snippet":"max-snippet:-1","max-image-preview":"max-image-preview:large","max-video-preview":"max-video-preview:-1"},"canonical":"https:\/\/psol50.org.br\/psol-questiona-ministerio-da-defesa-sobre-gastos-e-atuacao-das-forcas-armadas-na-amazonia\/","og_locale":"pt_BR","og_type":"article","og_title":"PSOL questiona Minist\u00e9rio da Defesa sobre gastos e atua\u00e7\u00e3o das For\u00e7as Armadas na Amaz\u00f4nia","og_description":"For\u00e7as Armadas na Amaz\u00f4nia custar\u00e3o mais que verba de fiscaliza\u00e7\u00e3o do Ibama para 2020. Ministro \u00e9 obrigado a responder os questionamentos.","og_url":"https:\/\/psol50.org.br\/psol-questiona-ministerio-da-defesa-sobre-gastos-e-atuacao-das-forcas-armadas-na-amazonia\/","og_site_name":"PSOL 50","article_publisher":"https:\/\/www.facebook.com\/psol50","article_published_time":"2019-10-02T20:52:44+00:00","og_image":[{"width":526,"height":349,"url":"https:\/\/psol50.org.br\/inc\/uploads\/2019\/10\/Exercito-2.jpg","type":"image\/jpeg"}],"author":"Comunica\u00e7\u00e3o PSOL","twitter_card":"summary_large_image","twitter_title":"PSOL questiona Minist\u00e9rio da Defesa sobre gastos e atua\u00e7\u00e3o das For\u00e7as Armadas na Amaz\u00f4nia","twitter_description":"For\u00e7as Armadas na Amaz\u00f4nia custar\u00e3o mais que verba de fiscaliza\u00e7\u00e3o do Ibama para 2020. Ministro \u00e9 obrigado a responder os questionamentos.","twitter_image":"https:\/\/psol50.org.br\/inc\/uploads\/2019\/10\/Exercito-2.jpg","twitter_creator":"@psol50","twitter_site":"@psol50","twitter_misc":{"Escrito por":"Comunica\u00e7\u00e3o PSOL","Est. tempo de leitura":"2 minutos"},"schema":{"@context":"https:\/\/schema.org","@graph":[{"@type":"Article","@id":"https:\/\/psol50.org.br\/psol-questiona-ministerio-da-defesa-sobre-gastos-e-atuacao-das-forcas-armadas-na-amazonia\/#article","isPartOf":{"@id":"https:\/\/psol50.org.br\/psol-questiona-ministerio-da-defesa-sobre-gastos-e-atuacao-das-forcas-armadas-na-amazonia\/"},"author":{"name":"Comunica\u00e7\u00e3o PSOL","@id":"https:\/\/psol50.org.br\/#\/schema\/person\/475dfa57d0b815993c714c2e96491fcd"},"headline":"PSOL questiona Minist\u00e9rio da Defesa sobre gastos e atua\u00e7\u00e3o das For\u00e7as Armadas na Amaz\u00f4nia","datePublished":"2019-10-02T20:52:44+00:00","mainEntityOfPage":{"@id":"https:\/\/psol50.org.br\/psol-questiona-ministerio-da-defesa-sobre-gastos-e-atuacao-das-forcas-armadas-na-amazonia\/"},"wordCount":455,"publisher":{"@id":"https:\/\/psol50.org.br\/#organization"},"image":{"@id":"https:\/\/psol50.org.br\/psol-questiona-ministerio-da-defesa-sobre-gastos-e-atuacao-das-forcas-armadas-na-amazonia\/#primaryimage"},"thumbnailUrl":"https:\/\/psol50.org.br\/inc\/uploads\/2019\/10\/Exercito-2.jpg","keywords":["Amaz\u00f4nia","defesa","Ex\u00e9rcito","For\u00e7as Armadas","PSOL","queimadas"],"articleSection":["Not\u00edcias"],"inLanguage":"pt-BR"},{"@type":"WebPage","@id":"https:\/\/psol50.org.br\/psol-questiona-ministerio-da-defesa-sobre-gastos-e-atuacao-das-forcas-armadas-na-amazonia\/","url":"https:\/\/psol50.org.br\/psol-questiona-ministerio-da-defesa-sobre-gastos-e-atuacao-das-forcas-armadas-na-amazonia\/","name":"PSOL questiona Minist\u00e9rio da Defesa sobre gastos e atua\u00e7\u00e3o das For\u00e7as Armadas na Amaz\u00f4nia","isPartOf":{"@id":"https:\/\/psol50.org.br\/#website"},"primaryImageOfPage":{"@id":"https:\/\/psol50.org.br\/psol-questiona-ministerio-da-defesa-sobre-gastos-e-atuacao-das-forcas-armadas-na-amazonia\/#primaryimage"},"image":{"@id":"https:\/\/psol50.org.br\/psol-questiona-ministerio-da-defesa-sobre-gastos-e-atuacao-das-forcas-armadas-na-amazonia\/#primaryimage"},"thumbnailUrl":"https:\/\/psol50.org.br\/inc\/uploads\/2019\/10\/Exercito-2.jpg","datePublished":"2019-10-02T20:52:44+00:00","description":"For\u00e7as Armadas na Amaz\u00f4nia custar\u00e3o mais que verba de fiscaliza\u00e7\u00e3o do Ibama para 2020. Ministro \u00e9 obrigado a responder os questionamentos.","breadcrumb":{"@id":"https:\/\/psol50.org.br\/psol-questiona-ministerio-da-defesa-sobre-gastos-e-atuacao-das-forcas-armadas-na-amazonia\/#breadcrumb"},"inLanguage":"pt-BR","potentialAction":[{"@type":"ReadAction","target":["https:\/\/psol50.org.br\/psol-questiona-ministerio-da-defesa-sobre-gastos-e-atuacao-das-forcas-armadas-na-amazonia\/"]}]},{"@type":"ImageObject","inLanguage":"pt-BR","@id":"https:\/\/psol50.org.br\/psol-questiona-ministerio-da-defesa-sobre-gastos-e-atuacao-das-forcas-armadas-na-amazonia\/#primaryimage","url":"https:\/\/psol50.org.br\/inc\/uploads\/2019\/10\/Exercito-2.jpg","contentUrl":"https:\/\/psol50.org.br\/inc\/uploads\/2019\/10\/Exercito-2.jpg","width":526,"height":349},{"@type":"BreadcrumbList","@id":"https:\/\/psol50.org.br\/psol-questiona-ministerio-da-defesa-sobre-gastos-e-atuacao-das-forcas-armadas-na-amazonia\/#breadcrumb","itemListElement":[{"@type":"ListItem","position":1,"name":"In\u00edcio","item":"https:\/\/psol50.org.br\/"},{"@type":"ListItem","position":2,"name":"PSOL questiona Minist\u00e9rio da Defesa sobre gastos e atua\u00e7\u00e3o das For\u00e7as Armadas na Amaz\u00f4nia"}]},{"@type":"WebSite","@id":"https:\/\/psol50.org.br\/#website","url":"https:\/\/psol50.org.br\/","name":"PSOL 50","description":"Site oficial do Partido Socialismo e Liberdade","publisher":{"@id":"https:\/\/psol50.org.br\/#organization"},"alternateName":"PSOL50","potentialAction":[{"@type":"SearchAction","target":{"@type":"EntryPoint","urlTemplate":"https:\/\/psol50.org.br\/?s={search_term_string}"},"query-input":{"@type":"PropertyValueSpecification","valueRequired":true,"valueName":"search_term_string"}}],"inLanguage":"pt-BR"},{"@type":"Organization","@id":"https:\/\/psol50.org.br\/#organization","name":"PSOL 50","alternateName":"PSOL 50","url":"https:\/\/psol50.org.br\/","logo":{"@type":"ImageObject","inLanguage":"pt-BR","@id":"https:\/\/psol50.org.br\/#\/schema\/logo\/image\/","url":"https:\/\/psol50.org.br\/inc\/uploads\/2018\/07\/capa.png","contentUrl":"https:\/\/psol50.org.br\/inc\/uploads\/2018\/07\/capa.png","width":1350,"height":900,"caption":"PSOL 50"},"image":{"@id":"https:\/\/psol50.org.br\/#\/schema\/logo\/image\/"},"sameAs":["https:\/\/www.facebook.com\/psol50","https:\/\/x.com\/psol50","https:\/\/www.instagram.com\/psol50\/","https:\/\/www.youtube.com\/channel\/UC7SnJS5o1os7a6CaiNabzcg"]},{"@type":"Person","@id":"https:\/\/psol50.org.br\/#\/schema\/person\/475dfa57d0b815993c714c2e96491fcd","name":"Comunica\u00e7\u00e3o PSOL","image":{"@type":"ImageObject","inLanguage":"pt-BR","@id":"https:\/\/psol50.org.br\/#\/schema\/person\/image\/","url":"https:\/\/secure.gravatar.com\/avatar\/b34fc4f4e468a4e51785917065a3db57b841f5c95dba6ad8c73aaf8f66f8f9bf?s=96&d=mm&r=g","contentUrl":"https:\/\/secure.gravatar.com\/avatar\/b34fc4f4e468a4e51785917065a3db57b841f5c95dba6ad8c73aaf8f66f8f9bf?s=96&d=mm&r=g","caption":"Comunica\u00e7\u00e3o PSOL"}}]}},"_links":{"self":[{"href":"https:\/\/psol50.org.br\/rest\/wp\/v2\/posts\/26624","targetHints":{"allow":["GET"]}}],"collection":[{"href":"https:\/\/psol50.org.br\/rest\/wp\/v2\/posts"}],"about":[{"href":"https:\/\/psol50.org.br\/rest\/wp\/v2\/types\/post"}],"author":[{"embeddable":true,"href":"https:\/\/psol50.org.br\/rest\/wp\/v2\/users\/2"}],"replies":[{"embeddable":true,"href":"https:\/\/psol50.org.br\/rest\/wp\/v2\/comments?post=26624"}],"version-history":[{"count":0,"href":"https:\/\/psol50.org.br\/rest\/wp\/v2\/posts\/26624\/revisions"}],"wp:featuredmedia":[{"embeddable":true,"href":"https:\/\/psol50.org.br\/rest\/wp\/v2\/media\/26626"}],"wp:attachment":[{"href":"https:\/\/psol50.org.br\/rest\/wp\/v2\/media?parent=26624"}],"wp:term":[{"taxonomy":"category","embeddable":true,"href":"https:\/\/psol50.org.br\/rest\/wp\/v2\/categories?post=26624"},{"taxonomy":"post_tag","embeddable":true,"href":"https:\/\/psol50.org.br\/rest\/wp\/v2\/tags?post=26624"}],"curies":[{"name":"wp","href":"https:\/\/api.w.org\/{rel}","templated":true}]}}