{"id":2663,"date":"2014-04-03T00:00:00","date_gmt":"2014-04-03T21:11:19","guid":{"rendered":"http:\/\/psol50.org.br\/arquivo\/2014\/04\/03\/oficio-pede-que-camara-investigue-fatos-envolvendo-o-vice-presidente-da-casa-deputado-andre-vargas\/"},"modified":"2014-04-03T00:00:00","modified_gmt":"2014-04-03T21:11:19","slug":"oficio-pede-que-camara-investigue-fatos-envolvendo-o-vice-presidente-da-casa-deputado-andre-vargas","status":"publish","type":"post","link":"https:\/\/psol50.org.br\/oficio-pede-que-camara-investigue-fatos-envolvendo-o-vice-presidente-da-casa-deputado-andre-vargas\/","title":{"rendered":"Of\u00edcio pede que C\u00e2mara investigue fatos envolvendo o vice-presidente da Casa, deputado Andr\u00e9 Vargas"},"content":{"rendered":"<div style=\"font-family: arial, sans-serif; font-size: 13px; margin-bottom: 0.0001pt;\">\n\t<span style=\"font-family: arial, helvetica, sans-serif; font-size: 12px;\">O PSOL protocolou nesta quinta-feira (03\/04), na C\u00e2mara dos Deputados, of\u00edcio solicitando a abertura de investiga\u00e7\u00e3o sobre os fatos envolvendo o vice-presidente da Casa, deputado Andr\u00e9 Vargas (PT\/PR). \u201cA Corregedoria deve averiguar e se pronunciar. Os fatos n\u00e3o podem ser ignorados\u201d, afirmou o l\u00edder do partido, deputado Ivan Valente (PSOL-SP)<\/span><br \/>\n\t&nbsp;<\/div>\n<div style=\"font-family: arial, sans-serif; font-size: 13px; margin-bottom: 0.0001pt;\">\n\t<span style=\"font-size:12px;\"><span style=\"font-family:arial,helvetica,sans-serif;\">Den\u00fancias publicadas na imprensa apontam que Vargas usou avi\u00e3o emprestado do doleiro do Alberto Youssef, preso em mar\u00e7o pela Pol\u00edcia Federal por suspeita de movimentar cerca de R$ 10 bilh\u00f5es em lavagem de dinheiro. Al\u00e9m disso, o vice-presidente da C\u00e2mara teria intermediado o conv\u00eanio de R$ 31 milh\u00f5es entre o laborat\u00f3rio Labogen e o Minist\u00e9rio da Sa\u00fade.<\/span><\/span><br \/>\n\t&nbsp;<\/div>\n<div style=\"font-family: arial, sans-serif; font-size: 13px; margin-bottom: 0.0001pt;\">\n\t<span style=\"font-size:12px;\"><span style=\"font-family:arial,helvetica,sans-serif;\">Em discurso no plen\u00e1rio da C\u00e2mara, Andr\u00e9 Vargas admitiu que cometeu um &#8220;equ\u00edvoco&#8221; e foi &#8220;imprudente&#8221; ao viajar no avi\u00e3o do doleiro, que conhece h\u00e1 mais de 20 anos. Sobre a parceria no Minist\u00e9rio da Sa\u00fade, ele n\u00e3o se pronunciou.<\/span><\/span><br \/>\n\t&nbsp;<\/div>\n<div style=\"font-family: arial, sans-serif; font-size: 13px; margin-bottom: 0.0001pt;\">\n\t<span style=\"font-size:12px;\"><span style=\"font-family:arial,helvetica,sans-serif;\">O of\u00edcio do PSOL \u00e9 destinado ao presidente Henrique Eduardo Alves e pede detalhada apura\u00e7\u00e3o dos fatos. \u201cAs ila\u00e7\u00f5es sobre vantagens indevidas e intermedia\u00e7\u00e3o de interesses, que atingem Sua Excel\u00eancia e v\u00e3o al\u00e9m do \u00e2mbito pessoal, merecem resposta objetiva e institucional da C\u00e2mara dos Deputados\u201d, argumenta o PSOL.<\/span><\/span><\/div>\n","protected":false},"excerpt":{"rendered":"<p>Para o partido, \u201cvantagens indevidas e intermedia\u00e7\u00e3o de interesses merecem resposta objetiva e institucional\u201d<\/p>\n","protected":false},"author":2,"featured_media":0,"comment_status":"open","ping_status":"open","sticky":false,"template":"","format":"standard","meta":{"_acf_changed":false,"footnotes":""},"categories":[4766,6],"tags":[],"class_list":{"0":"post-2663","1":"post","2":"type-post","3":"status-publish","4":"format-standard","6":"category-arquivo","7":"category-noticias"},"acf":[],"yoast_head":"<!-- This site is optimized with the Yoast SEO plugin v26.5 - https:\/\/yoast.com\/wordpress\/plugins\/seo\/ -->\n<title>Of\u00edcio pede que C\u00e2mara investigue fatos envolvendo o vice-presidente da Casa, deputado Andr\u00e9 Vargas - PSOL 50<\/title>\n<meta name=\"robots\" content=\"index, follow, max-snippet:-1, max-image-preview:large, max-video-preview:-1\" \/>\n<link rel=\"canonical\" href=\"https:\/\/psol50.org.br\/oficio-pede-que-camara-investigue-fatos-envolvendo-o-vice-presidente-da-casa-deputado-andre-vargas\/\" \/>\n<meta property=\"og:locale\" content=\"pt_BR\" \/>\n<meta property=\"og:type\" content=\"article\" \/>\n<meta property=\"og:title\" content=\"Of\u00edcio pede que C\u00e2mara investigue fatos envolvendo o vice-presidente da Casa, deputado Andr\u00e9 Vargas - PSOL 50\" \/>\n<meta property=\"og:description\" content=\"Para o partido, \u201cvantagens indevidas e intermedia\u00e7\u00e3o de interesses merecem resposta objetiva e institucional\u201d\" \/>\n<meta property=\"og:url\" content=\"https:\/\/psol50.org.br\/oficio-pede-que-camara-investigue-fatos-envolvendo-o-vice-presidente-da-casa-deputado-andre-vargas\/\" \/>\n<meta property=\"og:site_name\" content=\"PSOL 50\" \/>\n<meta property=\"article:publisher\" content=\"https:\/\/www.facebook.com\/psol50\" \/>\n<meta property=\"article:published_time\" content=\"2014-04-03T21:11:19+00:00\" \/>\n<meta property=\"og:image\" content=\"https:\/\/psol50.org.br\/inc\/uploads\/2018\/07\/capa.png\" \/>\n\t<meta property=\"og:image:width\" content=\"1350\" \/>\n\t<meta property=\"og:image:height\" content=\"900\" \/>\n\t<meta property=\"og:image:type\" content=\"image\/png\" \/>\n<meta name=\"author\" content=\"Comunica\u00e7\u00e3o PSOL\" \/>\n<meta name=\"twitter:card\" content=\"summary_large_image\" \/>\n<meta name=\"twitter:creator\" content=\"@psol50\" \/>\n<meta name=\"twitter:site\" content=\"@psol50\" \/>\n<meta name=\"twitter:label1\" content=\"Escrito por\" \/>\n\t<meta name=\"twitter:data1\" content=\"Comunica\u00e7\u00e3o PSOL\" \/>\n\t<meta name=\"twitter:label2\" content=\"Est. tempo de leitura\" \/>\n\t<meta name=\"twitter:data2\" content=\"1 minuto\" \/>\n<script type=\"application\/ld+json\" class=\"yoast-schema-graph\">{\"@context\":\"https:\/\/schema.org\",\"@graph\":[{\"@type\":\"Article\",\"@id\":\"https:\/\/psol50.org.br\/oficio-pede-que-camara-investigue-fatos-envolvendo-o-vice-presidente-da-casa-deputado-andre-vargas\/#article\",\"isPartOf\":{\"@id\":\"https:\/\/psol50.org.br\/oficio-pede-que-camara-investigue-fatos-envolvendo-o-vice-presidente-da-casa-deputado-andre-vargas\/\"},\"author\":{\"name\":\"Comunica\u00e7\u00e3o PSOL\",\"@id\":\"https:\/\/psol50.org.br\/#\/schema\/person\/475dfa57d0b815993c714c2e96491fcd\"},\"headline\":\"Of\u00edcio pede que C\u00e2mara investigue fatos envolvendo o vice-presidente da Casa, deputado Andr\u00e9 Vargas\",\"datePublished\":\"2014-04-03T21:11:19+00:00\",\"mainEntityOfPage\":{\"@id\":\"https:\/\/psol50.org.br\/oficio-pede-que-camara-investigue-fatos-envolvendo-o-vice-presidente-da-casa-deputado-andre-vargas\/\"},\"wordCount\":242,\"commentCount\":0,\"publisher\":{\"@id\":\"https:\/\/psol50.org.br\/#organization\"},\"articleSection\":[\"Arquivo\",\"Not\u00edcias\"],\"inLanguage\":\"pt-BR\",\"potentialAction\":[{\"@type\":\"CommentAction\",\"name\":\"Comment\",\"target\":[\"https:\/\/psol50.org.br\/oficio-pede-que-camara-investigue-fatos-envolvendo-o-vice-presidente-da-casa-deputado-andre-vargas\/#respond\"]}]},{\"@type\":\"WebPage\",\"@id\":\"https:\/\/psol50.org.br\/oficio-pede-que-camara-investigue-fatos-envolvendo-o-vice-presidente-da-casa-deputado-andre-vargas\/\",\"url\":\"https:\/\/psol50.org.br\/oficio-pede-que-camara-investigue-fatos-envolvendo-o-vice-presidente-da-casa-deputado-andre-vargas\/\",\"name\":\"Of\u00edcio pede que C\u00e2mara investigue fatos envolvendo o vice-presidente da Casa, deputado Andr\u00e9 Vargas - PSOL 50\",\"isPartOf\":{\"@id\":\"https:\/\/psol50.org.br\/#website\"},\"datePublished\":\"2014-04-03T21:11:19+00:00\",\"breadcrumb\":{\"@id\":\"https:\/\/psol50.org.br\/oficio-pede-que-camara-investigue-fatos-envolvendo-o-vice-presidente-da-casa-deputado-andre-vargas\/#breadcrumb\"},\"inLanguage\":\"pt-BR\",\"potentialAction\":[{\"@type\":\"ReadAction\",\"target\":[\"https:\/\/psol50.org.br\/oficio-pede-que-camara-investigue-fatos-envolvendo-o-vice-presidente-da-casa-deputado-andre-vargas\/\"]}]},{\"@type\":\"BreadcrumbList\",\"@id\":\"https:\/\/psol50.org.br\/oficio-pede-que-camara-investigue-fatos-envolvendo-o-vice-presidente-da-casa-deputado-andre-vargas\/#breadcrumb\",\"itemListElement\":[{\"@type\":\"ListItem\",\"position\":1,\"name\":\"In\u00edcio\",\"item\":\"https:\/\/psol50.org.br\/\"},{\"@type\":\"ListItem\",\"position\":2,\"name\":\"Of\u00edcio pede que C\u00e2mara investigue fatos envolvendo o vice-presidente da Casa, deputado Andr\u00e9 Vargas\"}]},{\"@type\":\"WebSite\",\"@id\":\"https:\/\/psol50.org.br\/#website\",\"url\":\"https:\/\/psol50.org.br\/\",\"name\":\"PSOL 50\",\"description\":\"Site oficial do Partido Socialismo e Liberdade\",\"publisher\":{\"@id\":\"https:\/\/psol50.org.br\/#organization\"},\"alternateName\":\"PSOL50\",\"potentialAction\":[{\"@type\":\"SearchAction\",\"target\":{\"@type\":\"EntryPoint\",\"urlTemplate\":\"https:\/\/psol50.org.br\/?s={search_term_string}\"},\"query-input\":{\"@type\":\"PropertyValueSpecification\",\"valueRequired\":true,\"valueName\":\"search_term_string\"}}],\"inLanguage\":\"pt-BR\"},{\"@type\":\"Organization\",\"@id\":\"https:\/\/psol50.org.br\/#organization\",\"name\":\"PSOL 50\",\"alternateName\":\"PSOL 50\",\"url\":\"https:\/\/psol50.org.br\/\",\"logo\":{\"@type\":\"ImageObject\",\"inLanguage\":\"pt-BR\",\"@id\":\"https:\/\/psol50.org.br\/#\/schema\/logo\/image\/\",\"url\":\"https:\/\/psol50.org.br\/inc\/uploads\/2018\/07\/capa.png\",\"contentUrl\":\"https:\/\/psol50.org.br\/inc\/uploads\/2018\/07\/capa.png\",\"width\":1350,\"height\":900,\"caption\":\"PSOL 50\"},\"image\":{\"@id\":\"https:\/\/psol50.org.br\/#\/schema\/logo\/image\/\"},\"sameAs\":[\"https:\/\/www.facebook.com\/psol50\",\"https:\/\/x.com\/psol50\",\"https:\/\/www.instagram.com\/psol50\/\",\"https:\/\/www.youtube.com\/channel\/UC7SnJS5o1os7a6CaiNabzcg\"]},{\"@type\":\"Person\",\"@id\":\"https:\/\/psol50.org.br\/#\/schema\/person\/475dfa57d0b815993c714c2e96491fcd\",\"name\":\"Comunica\u00e7\u00e3o PSOL\",\"image\":{\"@type\":\"ImageObject\",\"inLanguage\":\"pt-BR\",\"@id\":\"https:\/\/psol50.org.br\/#\/schema\/person\/image\/\",\"url\":\"https:\/\/secure.gravatar.com\/avatar\/b34fc4f4e468a4e51785917065a3db57b841f5c95dba6ad8c73aaf8f66f8f9bf?s=96&d=mm&r=g\",\"contentUrl\":\"https:\/\/secure.gravatar.com\/avatar\/b34fc4f4e468a4e51785917065a3db57b841f5c95dba6ad8c73aaf8f66f8f9bf?s=96&d=mm&r=g\",\"caption\":\"Comunica\u00e7\u00e3o PSOL\"}}]}<\/script>\n<!-- \/ Yoast SEO plugin. -->","yoast_head_json":{"title":"Of\u00edcio pede que C\u00e2mara investigue fatos envolvendo o vice-presidente da Casa, deputado Andr\u00e9 Vargas - PSOL 50","robots":{"index":"index","follow":"follow","max-snippet":"max-snippet:-1","max-image-preview":"max-image-preview:large","max-video-preview":"max-video-preview:-1"},"canonical":"https:\/\/psol50.org.br\/oficio-pede-que-camara-investigue-fatos-envolvendo-o-vice-presidente-da-casa-deputado-andre-vargas\/","og_locale":"pt_BR","og_type":"article","og_title":"Of\u00edcio pede que C\u00e2mara investigue fatos envolvendo o vice-presidente da Casa, deputado Andr\u00e9 Vargas - PSOL 50","og_description":"Para o partido, \u201cvantagens indevidas e intermedia\u00e7\u00e3o de interesses merecem resposta objetiva e institucional\u201d","og_url":"https:\/\/psol50.org.br\/oficio-pede-que-camara-investigue-fatos-envolvendo-o-vice-presidente-da-casa-deputado-andre-vargas\/","og_site_name":"PSOL 50","article_publisher":"https:\/\/www.facebook.com\/psol50","article_published_time":"2014-04-03T21:11:19+00:00","og_image":[{"width":1350,"height":900,"url":"https:\/\/psol50.org.br\/inc\/uploads\/2018\/07\/capa.png","type":"image\/png"}],"author":"Comunica\u00e7\u00e3o PSOL","twitter_card":"summary_large_image","twitter_creator":"@psol50","twitter_site":"@psol50","twitter_misc":{"Escrito por":"Comunica\u00e7\u00e3o PSOL","Est. tempo de leitura":"1 minuto"},"schema":{"@context":"https:\/\/schema.org","@graph":[{"@type":"Article","@id":"https:\/\/psol50.org.br\/oficio-pede-que-camara-investigue-fatos-envolvendo-o-vice-presidente-da-casa-deputado-andre-vargas\/#article","isPartOf":{"@id":"https:\/\/psol50.org.br\/oficio-pede-que-camara-investigue-fatos-envolvendo-o-vice-presidente-da-casa-deputado-andre-vargas\/"},"author":{"name":"Comunica\u00e7\u00e3o PSOL","@id":"https:\/\/psol50.org.br\/#\/schema\/person\/475dfa57d0b815993c714c2e96491fcd"},"headline":"Of\u00edcio pede que C\u00e2mara investigue fatos envolvendo o vice-presidente da Casa, deputado Andr\u00e9 Vargas","datePublished":"2014-04-03T21:11:19+00:00","mainEntityOfPage":{"@id":"https:\/\/psol50.org.br\/oficio-pede-que-camara-investigue-fatos-envolvendo-o-vice-presidente-da-casa-deputado-andre-vargas\/"},"wordCount":242,"commentCount":0,"publisher":{"@id":"https:\/\/psol50.org.br\/#organization"},"articleSection":["Arquivo","Not\u00edcias"],"inLanguage":"pt-BR","potentialAction":[{"@type":"CommentAction","name":"Comment","target":["https:\/\/psol50.org.br\/oficio-pede-que-camara-investigue-fatos-envolvendo-o-vice-presidente-da-casa-deputado-andre-vargas\/#respond"]}]},{"@type":"WebPage","@id":"https:\/\/psol50.org.br\/oficio-pede-que-camara-investigue-fatos-envolvendo-o-vice-presidente-da-casa-deputado-andre-vargas\/","url":"https:\/\/psol50.org.br\/oficio-pede-que-camara-investigue-fatos-envolvendo-o-vice-presidente-da-casa-deputado-andre-vargas\/","name":"Of\u00edcio pede que C\u00e2mara investigue fatos envolvendo o vice-presidente da Casa, deputado Andr\u00e9 Vargas - PSOL 50","isPartOf":{"@id":"https:\/\/psol50.org.br\/#website"},"datePublished":"2014-04-03T21:11:19+00:00","breadcrumb":{"@id":"https:\/\/psol50.org.br\/oficio-pede-que-camara-investigue-fatos-envolvendo-o-vice-presidente-da-casa-deputado-andre-vargas\/#breadcrumb"},"inLanguage":"pt-BR","potentialAction":[{"@type":"ReadAction","target":["https:\/\/psol50.org.br\/oficio-pede-que-camara-investigue-fatos-envolvendo-o-vice-presidente-da-casa-deputado-andre-vargas\/"]}]},{"@type":"BreadcrumbList","@id":"https:\/\/psol50.org.br\/oficio-pede-que-camara-investigue-fatos-envolvendo-o-vice-presidente-da-casa-deputado-andre-vargas\/#breadcrumb","itemListElement":[{"@type":"ListItem","position":1,"name":"In\u00edcio","item":"https:\/\/psol50.org.br\/"},{"@type":"ListItem","position":2,"name":"Of\u00edcio pede que C\u00e2mara investigue fatos envolvendo o vice-presidente da Casa, deputado Andr\u00e9 Vargas"}]},{"@type":"WebSite","@id":"https:\/\/psol50.org.br\/#website","url":"https:\/\/psol50.org.br\/","name":"PSOL 50","description":"Site oficial do Partido Socialismo e Liberdade","publisher":{"@id":"https:\/\/psol50.org.br\/#organization"},"alternateName":"PSOL50","potentialAction":[{"@type":"SearchAction","target":{"@type":"EntryPoint","urlTemplate":"https:\/\/psol50.org.br\/?s={search_term_string}"},"query-input":{"@type":"PropertyValueSpecification","valueRequired":true,"valueName":"search_term_string"}}],"inLanguage":"pt-BR"},{"@type":"Organization","@id":"https:\/\/psol50.org.br\/#organization","name":"PSOL 50","alternateName":"PSOL 50","url":"https:\/\/psol50.org.br\/","logo":{"@type":"ImageObject","inLanguage":"pt-BR","@id":"https:\/\/psol50.org.br\/#\/schema\/logo\/image\/","url":"https:\/\/psol50.org.br\/inc\/uploads\/2018\/07\/capa.png","contentUrl":"https:\/\/psol50.org.br\/inc\/uploads\/2018\/07\/capa.png","width":1350,"height":900,"caption":"PSOL 50"},"image":{"@id":"https:\/\/psol50.org.br\/#\/schema\/logo\/image\/"},"sameAs":["https:\/\/www.facebook.com\/psol50","https:\/\/x.com\/psol50","https:\/\/www.instagram.com\/psol50\/","https:\/\/www.youtube.com\/channel\/UC7SnJS5o1os7a6CaiNabzcg"]},{"@type":"Person","@id":"https:\/\/psol50.org.br\/#\/schema\/person\/475dfa57d0b815993c714c2e96491fcd","name":"Comunica\u00e7\u00e3o PSOL","image":{"@type":"ImageObject","inLanguage":"pt-BR","@id":"https:\/\/psol50.org.br\/#\/schema\/person\/image\/","url":"https:\/\/secure.gravatar.com\/avatar\/b34fc4f4e468a4e51785917065a3db57b841f5c95dba6ad8c73aaf8f66f8f9bf?s=96&d=mm&r=g","contentUrl":"https:\/\/secure.gravatar.com\/avatar\/b34fc4f4e468a4e51785917065a3db57b841f5c95dba6ad8c73aaf8f66f8f9bf?s=96&d=mm&r=g","caption":"Comunica\u00e7\u00e3o PSOL"}}]}},"_links":{"self":[{"href":"https:\/\/psol50.org.br\/rest\/wp\/v2\/posts\/2663","targetHints":{"allow":["GET"]}}],"collection":[{"href":"https:\/\/psol50.org.br\/rest\/wp\/v2\/posts"}],"about":[{"href":"https:\/\/psol50.org.br\/rest\/wp\/v2\/types\/post"}],"author":[{"embeddable":true,"href":"https:\/\/psol50.org.br\/rest\/wp\/v2\/users\/2"}],"replies":[{"embeddable":true,"href":"https:\/\/psol50.org.br\/rest\/wp\/v2\/comments?post=2663"}],"version-history":[{"count":0,"href":"https:\/\/psol50.org.br\/rest\/wp\/v2\/posts\/2663\/revisions"}],"wp:attachment":[{"href":"https:\/\/psol50.org.br\/rest\/wp\/v2\/media?parent=2663"}],"wp:term":[{"taxonomy":"category","embeddable":true,"href":"https:\/\/psol50.org.br\/rest\/wp\/v2\/categories?post=2663"},{"taxonomy":"post_tag","embeddable":true,"href":"https:\/\/psol50.org.br\/rest\/wp\/v2\/tags?post=2663"}],"curies":[{"name":"wp","href":"https:\/\/api.w.org\/{rel}","templated":true}]}}